{"id":4948,"date":"2011-12-20T06:44:23","date_gmt":"2011-12-20T06:44:23","guid":{"rendered":"https:\/\/archiviocassano.lavocedelpaese.info\/index.php\/2011\/12\/20\/i-ragazzi-festeggiano-la-pace-con-i-lions\/"},"modified":"2011-12-20T06:44:23","modified_gmt":"2011-12-20T06:44:23","slug":"i-ragazzi-festeggiano-la-pace-con-i-lions","status":"publish","type":"post","link":"https:\/\/archiviocassano.lavocedelpaese.info\/index.php\/2011\/12\/20\/i-ragazzi-festeggiano-la-pace-con-i-lions\/","title":{"rendered":"I RAGAZZI FESTEGGIANO LA PACE CON I LIONS"},"content":{"rendered":"<p><img loading=\"lazy\" decoding=\"async\" class=\" size-full wp-image-4947\" style=\"margin-right: 2px; margin-left: 2px;\" alt=\"poster lions ridotto\" src=\"https:\/\/archiviocassano.lavocedelpaese.info\/wp-content\/uploads\/2011\/12\/poster_lions_ridotto.jpg\" height=\"150\" width=\"320\" srcset=\"https:\/\/archiviocassano.lavocedelpaese.info\/wp-content\/uploads\/2011\/12\/poster_lions_ridotto.jpg 320w, https:\/\/archiviocassano.lavocedelpaese.info\/wp-content\/uploads\/2011\/12\/poster_lions_ridotto-300x141.jpg 300w\" sizes=\"auto, (max-width: 320px) 100vw, 320px\" \/><\/p>\n<p><!--more--><\/p>\n<p>&nbsp;<\/p>\n<p>Ogni anno i Lions Club di tutto il mondo sponsorizzano il Concorso \u201cUn Poster per la Pace\u201d presso le scuole del territorio. Nel corso degli ultimi anni, al concorso hanno partecipato oltre 4 milioni di ragazzi di circa 100 Paesi.<\/p>\n<p>Partecipano al concorso i ragazzi dagli 11 ai 13 anni. Il concorso si propone di&nbsp; promuovere l\u2019arte.<\/p>\n<p> Gli obiettivi del Concorso sono:<\/p>\n<ul>\n<li style=\"text-align: justify;\">la promozione dell\u2019arte: ogni anno il concorso propone un tema originale relativo alla Pace. I Partecipanti utilizzano tecniche diverse per esprimere il tema che quest\u2019anno \u00e8 \u201dI bambini conoscono la Pace\u201d. I lavori creati sono espressione della creativit\u00e0 individuale ed esprimono le esperienze di vita e la cultura dei giovani artisti;<\/li>\n<li style=\"text-align: justify;\">la diffusione della Pace e della comprensione internazionale.<\/li>\n<\/ul>\n<p style=\"text-align: justify;\">Ogni anno sono selezionati 24 finalisti internazionali che rappresentano il lavoro di 350.000 giovani partecipanti di tutto il mondo.<br \/> I poster sono condivisi a livello globale tramite Internet, stampa, mostre.<br \/> I Poster vengono giudicati in base alla originalit\u00e0, merito artistico ed espressione del tema, sono sottoposti a diversi livelli di giudizio: locale, distrettuale, multidistrettuale e internazionale.<br \/> A livello internazionale, una giuria costituita da esperti di arte, pace, giovani, educazione e media sceglier\u00e0 il vincitore del primo premio e i vincitori dei 23 premi al merito.<br \/> Il vincitore del primo premio internazionale avr\u00e0 diritto a un viaggio con il Presidente del Club sponsor e due familiari alla speciale cerimonia di premiazione che si terr\u00e0 in occasione della Giornata Lions con le Nazioni Unite. Durante la cerimonia l\u2019artista vincitore ricever\u00e0 una targa e un premio in danaro.&nbsp; Gli altri &nbsp;23 vincitori di &nbsp;premi al merito riceveranno premi e il certificato di partecipazione internazionale.<br \/> <strong><\/strong><\/p>\n<p style=\"text-align: justify;\">E anche quest\u2019anno, come nei precedenti, il Lions Club di Cassano delle Murge terr\u00e0 la \u201cFesta dei Ragazzi per la Pace \u2013 Io cittadino del mondo&#8230; portatore di pace\u201d presso la Scuola Statale Secondaria di Primo Grado \u201cV. Ruffo\u201d di Cassano delle Murge, <strong>marted\u00ec 20 dicembre 2011 alle ore 17.00.<\/strong> Durante l\u2019incontro (al quale interverranno il sindaco di Cassano, dott.ssa Maria Pia Di Medio, il dirigente scolastico della scuola \u201cRuffo\u201d, prof.ssa Maria Rosaria Annoscia, l\u2019officer distrettuale del Lions, prof.ssa Maria Simone, il presidente del Lions Club di Cassano, prof.ssa Marilena Massa, la responsabile del Club per il \u201cPoster della Pace\u201d, prof.ssa Maria Carmen Campanale e l\u2019esperta d\u2019arte, prof.ssa Leonardina Colaninno) vedr\u00e0 la mostra degli elaborati realizzati dagli alunni della Scuola Statale Secondaria \u201cV. Ruffo\u201d; \u201cI bambini conoscono la pace\u201d, premiazione degli elaborati del XXIV concorso internazionale \u201cUn Poster per la Pace 2011-2012\u201d, il Concerto per la Pace a cura del coro della scuola \u201cRuffo\u201d guidato dai docenti di musica dell\u2019istituto e la premiazione degli elaborati del Progetto ABCibo dell\u2019associazione di promozione sociale \u201cPiantiamola!\u201d.<\/p>\n<p style=\"text-align: justify;\"> ll 16 marzo 2012 i Lions celebreranno il 67\u00b0 anno di partnership umanitaria con le Nazioni Unite nel corso della <a href=\"http:\/\/www.lionsclubs.org\/IT\/member-center\/planning-projects\/international-relations\/lions-day-with-the-un\/index.php?utm_source=constantcontact&amp;utm_medium=emailIT&amp;utm_content=ldun&amp;utm_campaign=%23461IPTamDec2011\">Giornata Lions con le Nazioni Unite<\/a>, che si terr\u00e0 presso la sede delle Nazioni Unite di New York. Negli scorsi anni, nel corso di tale evento si \u00e8 posta grande attenzione alla condivisione degli obiettivi e alle opportunit\u00e0 di collaborazione con le agenzie delle Nazioni Unite come l&#8217;UNICEF e l&#8217;UNESCO.<br \/> Come in passato sar\u00e0 annunciato il vincitore del concorso Un Poster per la Pace di Lions International.<\/p>\n<p>&nbsp;<\/p>\n","protected":false},"excerpt":{"rendered":"","protected":false},"author":1,"featured_media":4947,"comment_status":"open","ping_status":"closed","sticky":false,"template":"","format":"standard","meta":{"colormag_page_container_layout":"default_layout","colormag_page_sidebar_layout":"default_layout","footnotes":""},"categories":[11],"tags":[],"class_list":["post-4948","post","type-post","status-publish","format-standard","has-post-thumbnail","hentry","category-appuntamenti"],"yoast_head":"<!-- This site is optimized with the Yoast SEO plugin v27.5 - https:\/\/yoast.com\/product\/yoast-seo-wordpress\/ -->\n<title>I RAGAZZI FESTEGGIANO LA PACE CON I LIONS - Archivio CassanoWeb<\/title>\n<meta name=\"robots\" content=\"index, follow, max-snippet:-1, max-image-preview:large, max-video-preview:-1\" \/>\n<link rel=\"canonical\" href=\"https:\/\/archiviocassano.lavocedelpaese.info\/index.php\/2011\/12\/20\/i-ragazzi-festeggiano-la-pace-con-i-lions\/\" \/>\n<meta property=\"og:locale\" content=\"it_IT\" \/>\n<meta property=\"og:type\" content=\"article\" \/>\n<meta property=\"og:title\" content=\"I RAGAZZI FESTEGGIANO LA PACE CON I LIONS - Archivio CassanoWeb\" \/>\n<meta property=\"og:url\" content=\"https:\/\/archiviocassano.lavocedelpaese.info\/index.php\/2011\/12\/20\/i-ragazzi-festeggiano-la-pace-con-i-lions\/\" \/>\n<meta property=\"og:site_name\" content=\"Archivio CassanoWeb\" \/>\n<meta property=\"article:publisher\" content=\"https:\/\/www.facebook.com\/redazione.cassanoweb\" \/>\n<meta property=\"article:published_time\" content=\"2011-12-20T06:44:23+00:00\" \/>\n<meta property=\"og:image\" content=\"https:\/\/archiviocassano.lavocedelpaese.info\/wp-content\/uploads\/2011\/12\/poster_lions_ridotto.jpg\" \/>\n\t<meta property=\"og:image:width\" content=\"320\" \/>\n\t<meta property=\"og:image:height\" content=\"150\" \/>\n\t<meta property=\"og:image:type\" content=\"image\/jpeg\" \/>\n<meta name=\"author\" content=\"admin\" \/>\n<meta name=\"twitter:card\" content=\"summary_large_image\" \/>\n<meta name=\"twitter:label1\" content=\"Scritto da\" \/>\n\t<meta name=\"twitter:data1\" content=\"admin\" \/>\n\t<meta name=\"twitter:label2\" content=\"Tempo di lettura stimato\" \/>\n\t<meta name=\"twitter:data2\" content=\"3 minuti\" \/>\n<script type=\"application\/ld+json\" class=\"yoast-schema-graph\">{\"@context\":\"https:\\\/\\\/schema.org\",\"@graph\":[{\"@type\":\"Article\",\"@id\":\"https:\\\/\\\/archiviocassano.lavocedelpaese.info\\\/index.php\\\/2011\\\/12\\\/20\\\/i-ragazzi-festeggiano-la-pace-con-i-lions\\\/#article\",\"isPartOf\":{\"@id\":\"https:\\\/\\\/archiviocassano.lavocedelpaese.info\\\/index.php\\\/2011\\\/12\\\/20\\\/i-ragazzi-festeggiano-la-pace-con-i-lions\\\/\"},\"author\":{\"name\":\"admin\",\"@id\":\"https:\\\/\\\/archiviocassano.lavocedelpaese.info\\\/#\\\/schema\\\/person\\\/df195bc79a9b4c35127cf005f92e041b\"},\"headline\":\"I RAGAZZI FESTEGGIANO LA PACE CON I LIONS\",\"datePublished\":\"2011-12-20T06:44:23+00:00\",\"mainEntityOfPage\":{\"@id\":\"https:\\\/\\\/archiviocassano.lavocedelpaese.info\\\/index.php\\\/2011\\\/12\\\/20\\\/i-ragazzi-festeggiano-la-pace-con-i-lions\\\/\"},\"wordCount\":548,\"commentCount\":0,\"publisher\":{\"@id\":\"https:\\\/\\\/archiviocassano.lavocedelpaese.info\\\/#organization\"},\"image\":{\"@id\":\"https:\\\/\\\/archiviocassano.lavocedelpaese.info\\\/index.php\\\/2011\\\/12\\\/20\\\/i-ragazzi-festeggiano-la-pace-con-i-lions\\\/#primaryimage\"},\"thumbnailUrl\":\"https:\\\/\\\/archiviocassano.lavocedelpaese.info\\\/wp-content\\\/uploads\\\/2011\\\/12\\\/poster_lions_ridotto.jpg\",\"articleSection\":[\"Appuntamenti\"],\"inLanguage\":\"it-IT\",\"potentialAction\":[{\"@type\":\"CommentAction\",\"name\":\"Comment\",\"target\":[\"https:\\\/\\\/archiviocassano.lavocedelpaese.info\\\/index.php\\\/2011\\\/12\\\/20\\\/i-ragazzi-festeggiano-la-pace-con-i-lions\\\/#respond\"]}]},{\"@type\":\"WebPage\",\"@id\":\"https:\\\/\\\/archiviocassano.lavocedelpaese.info\\\/index.php\\\/2011\\\/12\\\/20\\\/i-ragazzi-festeggiano-la-pace-con-i-lions\\\/\",\"url\":\"https:\\\/\\\/archiviocassano.lavocedelpaese.info\\\/index.php\\\/2011\\\/12\\\/20\\\/i-ragazzi-festeggiano-la-pace-con-i-lions\\\/\",\"name\":\"I RAGAZZI FESTEGGIANO LA PACE CON I LIONS - Archivio CassanoWeb\",\"isPartOf\":{\"@id\":\"https:\\\/\\\/archiviocassano.lavocedelpaese.info\\\/#website\"},\"primaryImageOfPage\":{\"@id\":\"https:\\\/\\\/archiviocassano.lavocedelpaese.info\\\/index.php\\\/2011\\\/12\\\/20\\\/i-ragazzi-festeggiano-la-pace-con-i-lions\\\/#primaryimage\"},\"image\":{\"@id\":\"https:\\\/\\\/archiviocassano.lavocedelpaese.info\\\/index.php\\\/2011\\\/12\\\/20\\\/i-ragazzi-festeggiano-la-pace-con-i-lions\\\/#primaryimage\"},\"thumbnailUrl\":\"https:\\\/\\\/archiviocassano.lavocedelpaese.info\\\/wp-content\\\/uploads\\\/2011\\\/12\\\/poster_lions_ridotto.jpg\",\"datePublished\":\"2011-12-20T06:44:23+00:00\",\"breadcrumb\":{\"@id\":\"https:\\\/\\\/archiviocassano.lavocedelpaese.info\\\/index.php\\\/2011\\\/12\\\/20\\\/i-ragazzi-festeggiano-la-pace-con-i-lions\\\/#breadcrumb\"},\"inLanguage\":\"it-IT\",\"potentialAction\":[{\"@type\":\"ReadAction\",\"target\":[\"https:\\\/\\\/archiviocassano.lavocedelpaese.info\\\/index.php\\\/2011\\\/12\\\/20\\\/i-ragazzi-festeggiano-la-pace-con-i-lions\\\/\"]}]},{\"@type\":\"ImageObject\",\"inLanguage\":\"it-IT\",\"@id\":\"https:\\\/\\\/archiviocassano.lavocedelpaese.info\\\/index.php\\\/2011\\\/12\\\/20\\\/i-ragazzi-festeggiano-la-pace-con-i-lions\\\/#primaryimage\",\"url\":\"https:\\\/\\\/archiviocassano.lavocedelpaese.info\\\/wp-content\\\/uploads\\\/2011\\\/12\\\/poster_lions_ridotto.jpg\",\"contentUrl\":\"https:\\\/\\\/archiviocassano.lavocedelpaese.info\\\/wp-content\\\/uploads\\\/2011\\\/12\\\/poster_lions_ridotto.jpg\",\"width\":320,\"height\":150,\"caption\":\"poster lions ridotto\"},{\"@type\":\"BreadcrumbList\",\"@id\":\"https:\\\/\\\/archiviocassano.lavocedelpaese.info\\\/index.php\\\/2011\\\/12\\\/20\\\/i-ragazzi-festeggiano-la-pace-con-i-lions\\\/#breadcrumb\",\"itemListElement\":[{\"@type\":\"ListItem\",\"position\":1,\"name\":\"Home\",\"item\":\"https:\\\/\\\/archiviocassano.lavocedelpaese.info\\\/\"},{\"@type\":\"ListItem\",\"position\":2,\"name\":\"I RAGAZZI FESTEGGIANO LA PACE CON I LIONS\"}]},{\"@type\":\"WebSite\",\"@id\":\"https:\\\/\\\/archiviocassano.lavocedelpaese.info\\\/#website\",\"url\":\"https:\\\/\\\/archiviocassano.lavocedelpaese.info\\\/\",\"name\":\"Archivio CassanoWeb\",\"description\":\"La Voce del Paese - un network di idee\",\"publisher\":{\"@id\":\"https:\\\/\\\/archiviocassano.lavocedelpaese.info\\\/#organization\"},\"potentialAction\":[{\"@type\":\"SearchAction\",\"target\":{\"@type\":\"EntryPoint\",\"urlTemplate\":\"https:\\\/\\\/archiviocassano.lavocedelpaese.info\\\/?s={search_term_string}\"},\"query-input\":{\"@type\":\"PropertyValueSpecification\",\"valueRequired\":true,\"valueName\":\"search_term_string\"}}],\"inLanguage\":\"it-IT\"},{\"@type\":\"Organization\",\"@id\":\"https:\\\/\\\/archiviocassano.lavocedelpaese.info\\\/#organization\",\"name\":\"Archivio CassanoWeb\",\"url\":\"https:\\\/\\\/archiviocassano.lavocedelpaese.info\\\/\",\"logo\":{\"@type\":\"ImageObject\",\"inLanguage\":\"it-IT\",\"@id\":\"https:\\\/\\\/archiviocassano.lavocedelpaese.info\\\/#\\\/schema\\\/logo\\\/image\\\/\",\"url\":\"https:\\\/\\\/archiviocassano.lavocedelpaese.info\\\/wp-content\\\/uploads\\\/2024\\\/08\\\/logo-rosso-2.png\",\"contentUrl\":\"https:\\\/\\\/archiviocassano.lavocedelpaese.info\\\/wp-content\\\/uploads\\\/2024\\\/08\\\/logo-rosso-2.png\",\"width\":491,\"height\":432,\"caption\":\"Archivio CassanoWeb\"},\"image\":{\"@id\":\"https:\\\/\\\/archiviocassano.lavocedelpaese.info\\\/#\\\/schema\\\/logo\\\/image\\\/\"},\"sameAs\":[\"https:\\\/\\\/www.facebook.com\\\/redazione.cassanoweb\"]},{\"@type\":\"Person\",\"@id\":\"https:\\\/\\\/archiviocassano.lavocedelpaese.info\\\/#\\\/schema\\\/person\\\/df195bc79a9b4c35127cf005f92e041b\",\"name\":\"admin\",\"image\":{\"@type\":\"ImageObject\",\"inLanguage\":\"it-IT\",\"@id\":\"https:\\\/\\\/secure.gravatar.com\\\/avatar\\\/eabba89a432e8eaa1b0207cc55f7e5340b22712b1ed80677efcf63e02ff5b235?s=96&d=mm&r=g\",\"url\":\"https:\\\/\\\/secure.gravatar.com\\\/avatar\\\/eabba89a432e8eaa1b0207cc55f7e5340b22712b1ed80677efcf63e02ff5b235?s=96&d=mm&r=g\",\"contentUrl\":\"https:\\\/\\\/secure.gravatar.com\\\/avatar\\\/eabba89a432e8eaa1b0207cc55f7e5340b22712b1ed80677efcf63e02ff5b235?s=96&d=mm&r=g\",\"caption\":\"admin\"},\"sameAs\":[\"https:\\\/\\\/archiviocassano.lavocedelpaese.info\"],\"url\":\"https:\\\/\\\/archiviocassano.lavocedelpaese.info\\\/index.php\\\/author\\\/admin_0qgz1xdp\\\/\"}]}<\/script>\n<!-- \/ Yoast SEO plugin. -->","yoast_head_json":{"title":"I RAGAZZI FESTEGGIANO LA PACE CON I LIONS - Archivio CassanoWeb","robots":{"index":"index","follow":"follow","max-snippet":"max-snippet:-1","max-image-preview":"max-image-preview:large","max-video-preview":"max-video-preview:-1"},"canonical":"https:\/\/archiviocassano.lavocedelpaese.info\/index.php\/2011\/12\/20\/i-ragazzi-festeggiano-la-pace-con-i-lions\/","og_locale":"it_IT","og_type":"article","og_title":"I RAGAZZI FESTEGGIANO LA PACE CON I LIONS - Archivio CassanoWeb","og_url":"https:\/\/archiviocassano.lavocedelpaese.info\/index.php\/2011\/12\/20\/i-ragazzi-festeggiano-la-pace-con-i-lions\/","og_site_name":"Archivio CassanoWeb","article_publisher":"https:\/\/www.facebook.com\/redazione.cassanoweb","article_published_time":"2011-12-20T06:44:23+00:00","og_image":[{"width":320,"height":150,"url":"https:\/\/archiviocassano.lavocedelpaese.info\/wp-content\/uploads\/2011\/12\/poster_lions_ridotto.jpg","type":"image\/jpeg"}],"author":"admin","twitter_card":"summary_large_image","twitter_misc":{"Scritto da":"admin","Tempo di lettura stimato":"3 minuti"},"schema":{"@context":"https:\/\/schema.org","@graph":[{"@type":"Article","@id":"https:\/\/archiviocassano.lavocedelpaese.info\/index.php\/2011\/12\/20\/i-ragazzi-festeggiano-la-pace-con-i-lions\/#article","isPartOf":{"@id":"https:\/\/archiviocassano.lavocedelpaese.info\/index.php\/2011\/12\/20\/i-ragazzi-festeggiano-la-pace-con-i-lions\/"},"author":{"name":"admin","@id":"https:\/\/archiviocassano.lavocedelpaese.info\/#\/schema\/person\/df195bc79a9b4c35127cf005f92e041b"},"headline":"I RAGAZZI FESTEGGIANO LA PACE CON I LIONS","datePublished":"2011-12-20T06:44:23+00:00","mainEntityOfPage":{"@id":"https:\/\/archiviocassano.lavocedelpaese.info\/index.php\/2011\/12\/20\/i-ragazzi-festeggiano-la-pace-con-i-lions\/"},"wordCount":548,"commentCount":0,"publisher":{"@id":"https:\/\/archiviocassano.lavocedelpaese.info\/#organization"},"image":{"@id":"https:\/\/archiviocassano.lavocedelpaese.info\/index.php\/2011\/12\/20\/i-ragazzi-festeggiano-la-pace-con-i-lions\/#primaryimage"},"thumbnailUrl":"https:\/\/archiviocassano.lavocedelpaese.info\/wp-content\/uploads\/2011\/12\/poster_lions_ridotto.jpg","articleSection":["Appuntamenti"],"inLanguage":"it-IT","potentialAction":[{"@type":"CommentAction","name":"Comment","target":["https:\/\/archiviocassano.lavocedelpaese.info\/index.php\/2011\/12\/20\/i-ragazzi-festeggiano-la-pace-con-i-lions\/#respond"]}]},{"@type":"WebPage","@id":"https:\/\/archiviocassano.lavocedelpaese.info\/index.php\/2011\/12\/20\/i-ragazzi-festeggiano-la-pace-con-i-lions\/","url":"https:\/\/archiviocassano.lavocedelpaese.info\/index.php\/2011\/12\/20\/i-ragazzi-festeggiano-la-pace-con-i-lions\/","name":"I RAGAZZI FESTEGGIANO LA PACE CON I LIONS - Archivio CassanoWeb","isPartOf":{"@id":"https:\/\/archiviocassano.lavocedelpaese.info\/#website"},"primaryImageOfPage":{"@id":"https:\/\/archiviocassano.lavocedelpaese.info\/index.php\/2011\/12\/20\/i-ragazzi-festeggiano-la-pace-con-i-lions\/#primaryimage"},"image":{"@id":"https:\/\/archiviocassano.lavocedelpaese.info\/index.php\/2011\/12\/20\/i-ragazzi-festeggiano-la-pace-con-i-lions\/#primaryimage"},"thumbnailUrl":"https:\/\/archiviocassano.lavocedelpaese.info\/wp-content\/uploads\/2011\/12\/poster_lions_ridotto.jpg","datePublished":"2011-12-20T06:44:23+00:00","breadcrumb":{"@id":"https:\/\/archiviocassano.lavocedelpaese.info\/index.php\/2011\/12\/20\/i-ragazzi-festeggiano-la-pace-con-i-lions\/#breadcrumb"},"inLanguage":"it-IT","potentialAction":[{"@type":"ReadAction","target":["https:\/\/archiviocassano.lavocedelpaese.info\/index.php\/2011\/12\/20\/i-ragazzi-festeggiano-la-pace-con-i-lions\/"]}]},{"@type":"ImageObject","inLanguage":"it-IT","@id":"https:\/\/archiviocassano.lavocedelpaese.info\/index.php\/2011\/12\/20\/i-ragazzi-festeggiano-la-pace-con-i-lions\/#primaryimage","url":"https:\/\/archiviocassano.lavocedelpaese.info\/wp-content\/uploads\/2011\/12\/poster_lions_ridotto.jpg","contentUrl":"https:\/\/archiviocassano.lavocedelpaese.info\/wp-content\/uploads\/2011\/12\/poster_lions_ridotto.jpg","width":320,"height":150,"caption":"poster lions ridotto"},{"@type":"BreadcrumbList","@id":"https:\/\/archiviocassano.lavocedelpaese.info\/index.php\/2011\/12\/20\/i-ragazzi-festeggiano-la-pace-con-i-lions\/#breadcrumb","itemListElement":[{"@type":"ListItem","position":1,"name":"Home","item":"https:\/\/archiviocassano.lavocedelpaese.info\/"},{"@type":"ListItem","position":2,"name":"I RAGAZZI FESTEGGIANO LA PACE CON I LIONS"}]},{"@type":"WebSite","@id":"https:\/\/archiviocassano.lavocedelpaese.info\/#website","url":"https:\/\/archiviocassano.lavocedelpaese.info\/","name":"Archivio CassanoWeb","description":"La Voce del Paese - un network di idee","publisher":{"@id":"https:\/\/archiviocassano.lavocedelpaese.info\/#organization"},"potentialAction":[{"@type":"SearchAction","target":{"@type":"EntryPoint","urlTemplate":"https:\/\/archiviocassano.lavocedelpaese.info\/?s={search_term_string}"},"query-input":{"@type":"PropertyValueSpecification","valueRequired":true,"valueName":"search_term_string"}}],"inLanguage":"it-IT"},{"@type":"Organization","@id":"https:\/\/archiviocassano.lavocedelpaese.info\/#organization","name":"Archivio CassanoWeb","url":"https:\/\/archiviocassano.lavocedelpaese.info\/","logo":{"@type":"ImageObject","inLanguage":"it-IT","@id":"https:\/\/archiviocassano.lavocedelpaese.info\/#\/schema\/logo\/image\/","url":"https:\/\/archiviocassano.lavocedelpaese.info\/wp-content\/uploads\/2024\/08\/logo-rosso-2.png","contentUrl":"https:\/\/archiviocassano.lavocedelpaese.info\/wp-content\/uploads\/2024\/08\/logo-rosso-2.png","width":491,"height":432,"caption":"Archivio CassanoWeb"},"image":{"@id":"https:\/\/archiviocassano.lavocedelpaese.info\/#\/schema\/logo\/image\/"},"sameAs":["https:\/\/www.facebook.com\/redazione.cassanoweb"]},{"@type":"Person","@id":"https:\/\/archiviocassano.lavocedelpaese.info\/#\/schema\/person\/df195bc79a9b4c35127cf005f92e041b","name":"admin","image":{"@type":"ImageObject","inLanguage":"it-IT","@id":"https:\/\/secure.gravatar.com\/avatar\/eabba89a432e8eaa1b0207cc55f7e5340b22712b1ed80677efcf63e02ff5b235?s=96&d=mm&r=g","url":"https:\/\/secure.gravatar.com\/avatar\/eabba89a432e8eaa1b0207cc55f7e5340b22712b1ed80677efcf63e02ff5b235?s=96&d=mm&r=g","contentUrl":"https:\/\/secure.gravatar.com\/avatar\/eabba89a432e8eaa1b0207cc55f7e5340b22712b1ed80677efcf63e02ff5b235?s=96&d=mm&r=g","caption":"admin"},"sameAs":["https:\/\/archiviocassano.lavocedelpaese.info"],"url":"https:\/\/archiviocassano.lavocedelpaese.info\/index.php\/author\/admin_0qgz1xdp\/"}]}},"_links":{"self":[{"href":"https:\/\/archiviocassano.lavocedelpaese.info\/index.php\/wp-json\/wp\/v2\/posts\/4948","targetHints":{"allow":["GET"]}}],"collection":[{"href":"https:\/\/archiviocassano.lavocedelpaese.info\/index.php\/wp-json\/wp\/v2\/posts"}],"about":[{"href":"https:\/\/archiviocassano.lavocedelpaese.info\/index.php\/wp-json\/wp\/v2\/types\/post"}],"author":[{"embeddable":true,"href":"https:\/\/archiviocassano.lavocedelpaese.info\/index.php\/wp-json\/wp\/v2\/users\/1"}],"replies":[{"embeddable":true,"href":"https:\/\/archiviocassano.lavocedelpaese.info\/index.php\/wp-json\/wp\/v2\/comments?post=4948"}],"version-history":[{"count":0,"href":"https:\/\/archiviocassano.lavocedelpaese.info\/index.php\/wp-json\/wp\/v2\/posts\/4948\/revisions"}],"wp:featuredmedia":[{"embeddable":true,"href":"https:\/\/archiviocassano.lavocedelpaese.info\/index.php\/wp-json\/wp\/v2\/media\/4947"}],"wp:attachment":[{"href":"https:\/\/archiviocassano.lavocedelpaese.info\/index.php\/wp-json\/wp\/v2\/media?parent=4948"}],"wp:term":[{"taxonomy":"category","embeddable":true,"href":"https:\/\/archiviocassano.lavocedelpaese.info\/index.php\/wp-json\/wp\/v2\/categories?post=4948"},{"taxonomy":"post_tag","embeddable":true,"href":"https:\/\/archiviocassano.lavocedelpaese.info\/index.php\/wp-json\/wp\/v2\/tags?post=4948"}],"curies":[{"name":"wp","href":"https:\/\/api.w.org\/{rel}","templated":true}]}}