{"id":4986,"date":"2011-12-25T00:04:02","date_gmt":"2011-12-25T00:04:02","guid":{"rendered":"https:\/\/archiviocassano.lavocedelpaese.info\/index.php\/2011\/12\/25\/oggi-devo-fermarmi-a-casa-tua\/"},"modified":"2011-12-25T00:04:02","modified_gmt":"2011-12-25T00:04:02","slug":"oggi-devo-fermarmi-a-casa-tua","status":"publish","type":"post","link":"https:\/\/archiviocassano.lavocedelpaese.info\/index.php\/2011\/12\/25\/oggi-devo-fermarmi-a-casa-tua\/","title":{"rendered":"\u201cOGGI DEVO FERMARMI A CASA TUA\u201d"},"content":{"rendered":"<p><img loading=\"lazy\" decoding=\"async\" class=\" size-full wp-image-4985\" style=\"margin-right: 2px; margin-left: 2px;\" alt=\"Ges bambino\" src=\"https:\/\/archiviocassano.lavocedelpaese.info\/wp-content\/uploads\/2011\/12\/Ges_bambino.jpg\" height=\"150\" width=\"320\" \/><\/p>\n<p><!--more--><\/p>\n<p>&nbsp;<\/p>\n<p style=\"text-align: justify; text-indent: 18pt;\">Caro Ges\u00f9 Bambino,<\/p>\n<p style=\"text-align: justify;\"><span style=\"font-style: normal;\">sono passati duemila anni da quando sei venuto la prima volta tra noi. Vorremmo farti sapere come vanno le cose quaggi\u00f9. <\/span><\/p>\n<p style=\"text-align: justify; text-indent: 18pt;\"><span style=\"font-style: normal;\">Su sette miliardi di donne e di uomini che abitano il nostro pianeta, due miliardi \u201cvivono<span style=\"font-style: normal;\">\u201d in condizioni di povert\u00e0 assoluta, con circa un euro e mezzo al giorno; ogni anno muoiono di fame sei milioni di bambini mentre si buttano nell\u2019immondizia 1,3 miliardi di tonnellate di cibo; 1 miliardo e 400 milioni di persone non hanno acqua potabile \u2026<\/span><\/span><\/p>\n<p style=\"text-align: justify; text-indent: 18pt;\"><span style=\"font-style: normal;\">Anche da noi, con la crisi che ci ritroviamo, le cose non vanno benissimo. <\/span><\/p>\n<p style=\"text-align: justify; text-indent: 18pt;\"><span style=\"font-style: normal;\">Per la \u201cTua mangiatoia made in Italy\u201d<span style=\"font-style: normal;\"> hai l\u2019imbarazzo della scelta. <\/span><\/span><\/p>\n<p style=\"text-align: justify; text-indent: 18pt;\"><span style=\"font-style: normal;\">Se tra le pattumiere in cui frugano tanti vecchietti e immigrati, oppure tra le giovani famiglie che si accollano un mutuo a tempo illimitato mentre lavorano a progetto e a tempo determinato. Se sotto il tetto di lavoratori in nero, precari, sottopagati, che per quattro euro al mese (come \u00e8 successo lo scorso Settembre a Barletta) perdono anche la vita, o in quelle dove abitano<span style=\"color: #231f20; font-style: normal;\"> tanti <span style=\"font-style: normal;\">operai o pensionati che guadagnano meno di 1.000 euro al mese. Se t<span style=\"color: #231f20; font-style: normal;\">ra <span style=\"font-style: normal;\">gli alluvionati della Liguria o di Messina o nei vagoni ferroviari dei senza fissa dimora.<span style=\"color: #231f20; font-style: normal;\"><\/span><\/span><\/span><\/span><\/span><\/span><\/p>\n<p style=\"text-align: justify;\">\u201c \u2026 perch\u00e9 per loro non c\u2019era posto nell\u2019albergo\u201d (Luca 2,7)<\/p>\n<p style=\"text-align: justify;\"><span style=\"font-style: normal;\">&nbsp;&nbsp;&nbsp;&nbsp;&nbsp;&nbsp;&nbsp;&nbsp;&nbsp;&nbsp;&nbsp; I benestanti e i ricchi albergatori al Tuo nascere non ti aprirono le porte, tuttavia divenuto adulto alla Tua sequela chiamasti anche loro. Pensiamo a Levi, che denominasti Matteo, egli lasci\u00f2 i suoi denari per seguirTi. Anche altri apostoli lasciarono senza indugio le loro fiorenti attivit\u00e0 professionali per obbedire alla Tua Parola.<\/span><\/p>\n<p style=\"text-align: justify;\"><span style=\"font-style: normal;\">&nbsp;&nbsp;&nbsp;&nbsp;&nbsp;&nbsp;&nbsp;&nbsp;&nbsp;&nbsp;&nbsp; Ma vorremmo chiederti lumi in particolare su Zaccheo, un personaggio evangelico a cui la nostra diocesi ha volute dedicare quest\u2019anno pastorale.<\/span><\/p>\n<p style=\"text-align: justify;\"><span style=\"font-style: normal;\">&nbsp;&nbsp;&nbsp;&nbsp;&nbsp;&nbsp;&nbsp;&nbsp;&nbsp;&nbsp;&nbsp; Un giorno mentre passeggiavi in Gerico vedesti quest\u2019uomo, piccolo di statura, salire su un sicomoro. Cercava di vederti, ma la folla glielo impediva. E gli dicesti: \u201cZaccheo, presto, scendi subito perch\u00e9 oggi debbo fermarmi a casa tua. In fretta scese e lo accolse pieno di gioia\u201d (Luca 19,5-6)<\/span><\/p>\n<p style=\"text-align: justify;\"><span style=\"font-style: normal;\">&nbsp;&nbsp;&nbsp;&nbsp;&nbsp;&nbsp;&nbsp;&nbsp;&nbsp;&nbsp;&nbsp; Nulla di nuovo in questa storia se non fosse per il fatto che Zaccheo era capo dei pubblicani, sovrintendente degli esattori del fisco e per giunta ricco. Ma nonostante tutto sei andato da lui.<\/span><\/p>\n<p style=\"text-align: justify;\"><span style=\"font-style: normal;\">&nbsp;&nbsp;&nbsp;&nbsp;&nbsp;&nbsp;&nbsp;&nbsp;&nbsp;&nbsp;&nbsp; Allora vuol dire che c\u2019\u00e8 speranza anche per quegli Italiani che la crisi non ha scalfito affatto: per i 200.000 acquirenti annuali di auto di lusso, da 100.000 euro e pi\u00f9, o per chi incrementa le proprie rendite miliardarie evadendo ogni forma di tassazione, o per l\u2019amministratore delegato che guadagna pi\u00f9 di quattrocento volte rispetto a un semplice operaio. C\u2019\u00e8 speranza anche se deteniamo record mondiali \u201cinvidiabili\u201d<span style=\"font-style: normal;\">: su 60 milioni di abitanti possediamo ben 90 milioni di telefonini; per ogni 1000 abitanti disponiamo 768 auto; consumiamo ogni giorno a persona 237 litri d\u2019acqua (in Africa circa 10 litri) \u2026<\/span><\/span><\/p>\n<p style=\"text-align: justify;\"><span style=\"font-style: normal;\">&nbsp;&nbsp;&nbsp;&nbsp;&nbsp;&nbsp;&nbsp;&nbsp;&nbsp;&nbsp;&nbsp; Se ti sei fermato a casa di Zaccheo, c\u2019\u00e8 speranza anche per noi. <\/span><\/p>\n<p style=\"text-align: justify;\"><span style=\"font-style: normal;\">\u201cZaccheo, allora, fattosi avanti, disse: Ecco, Signore, io do la met\u00e0 dei miei beni ai poveri, e se ho frodato qualcuno restituisco quattro volte tanto. Disse allora Ges\u00f9 a lui: Oggi la salvezza \u00e8 entrata in questa casa\u201d (Luca 19,8-10)<\/span><\/p>\n<p style=\"text-align: justify;\"><span style=\"font-style: normal;\">&nbsp;<\/span><\/p>\n<p style=\"text-align: justify; text-indent: 18pt;\">Caro Ges\u00f9 Bambino c\u2019\u00e8 speranza a patto che \u2026<\/p>\n<p style=\"text-align: justify;\"><span style=\"font-style: normal;\">oggi Tu sia disposto a fermarti da noi. Oggi, perch\u00e9 domani potrebbe essere troppo tardi.<\/span><\/p>\n<p style=\"text-align: justify; text-indent: 35.4pt;\">Fermati \u2026 perch\u00e9 \u00e8 Tua la nostra vita<span style=\"font-style: normal;\">. <\/span><\/p>\n<p style=\"text-align: justify;\"><span style=\"font-style: normal;\">Fermati tutto il tempo che Ti necessita. Volti rigati dalla rabbia, cuori invecchiati dall\u2019abitudine, cervelli offuscati, hanno bisogno di Te, Principe della Pace, Dio Bambino, Consigliere Ammirabile.<\/span><\/p>\n<p style=\"text-align: justify;\">&nbsp;&nbsp;&nbsp;&nbsp;&nbsp;&nbsp;&nbsp;&nbsp;&nbsp;&nbsp;&nbsp; \u2026 perch\u00e9 \u00e8 Tua la Madre Terra<span style=\"font-style: normal;\">. <\/span><\/p>\n<p style=\"text-align: justify;\"><span style=\"font-style: normal;\">Ci hai lasciato il comando di custodirla e coltivarla, ma abbiamo abusato troppo del nostro potere. I nostri passi pi\u00f9 che calpestarla l\u2019hanno violentata, le nostre mani pi\u00f9 che custodirla, l\u2019hanno predata, ferita.<\/span><\/p>\n<p style=\"text-align: justify;\">&nbsp;&nbsp;&nbsp;&nbsp;&nbsp;&nbsp;&nbsp;&nbsp;&nbsp;&nbsp;&nbsp; \u2026 perch\u00e9 \u00e8 Tuo il futuro della nostra societ\u00e0<span style=\"font-style: normal;\"> occidentale.<span style=\"font-style: normal;\"><\/span><\/span><\/p>\n<p style=\"text-align: justify;\"><span style=\"font-style: normal;\">Ci hai detto di essere Luce per essa, ma ci siamo troppo specchiati in noi stessi, accecati dalla nostra vanit\u00e0 abbiamo smarrito la via del bene.<\/span><\/p>\n<p style=\"text-align: justify;\"><span style=\"font-style: normal;\">&nbsp;<\/span><\/p>\n<p style=\"text-align: justify; text-indent: 35.4pt;\">Caro Ges\u00f9 Bambino<\/p>\n<p style=\"text-align: justify;\">C\u2019\u00e8 speranza a patto che <span style=\"font-style: normal;\">siamo disposti a ridare il mal tolto sottratto alla nostra vita, al creato, alla societ\u00e0, se non quattro volte tanto, almeno in parte. <\/span><\/p>\n<p style=\"text-align: justify;\"><span style=\"font-style: normal;\">Se <span style=\"font-style: normal;\">siamo disposti a rinunciare al \u201ctroppo\u201d e a convertirci al giusto, al misurato, all\u2019essenziale. <\/span><\/span><\/p>\n<p style=\"text-align: justify;\"><span style=\"font-size: 12pt; font-family: 'Times New Roman','serif';\">Se riconosciamo che il libero mercato \u00e8 schiavo della legge del pi\u00f9 forte e che c\u2019\u00e8 il <span style=\"font-size: 12pt; font-family: 'Times New Roman','serif'; color: #231f20;\">rischio di soccombere nella corsa sfrenata allo sviluppo.<span style=\"font-size: 12pt; font-family: 'Times New Roman','serif';\"><\/span><\/span><\/span><\/p>\n<p style=\"text-align: justify;\"><i><span style=\"font-size: 12pt; font-family: 'Times New Roman','serif'; color: #231f20;\">\u201cSe dichiariamo <\/span><\/i><i><span style=\"font-size: 12pt; font-family: 'Times New Roman','serif'; color: #231f20;\">che un\u2019economia<\/span><\/i><i><span style=\"font-size: 12pt; font-family: 'Times New Roman','serif'; color: #231f20;\">,<\/span><\/i><i><span style=\"font-size: 12pt; font-family: 'Times New Roman','serif'; color: #231f20;\"> sganciata dai bisogni e dalle speranze delle<\/span><\/i><i><span style=\"font-size: 12pt; font-family: 'Times New Roman','serif'; color: #231f20;\"> persone, <\/span><\/i><i><span style=\"font-size: 12pt; font-family: 'Times New Roman','serif'; color: #231f20;\">produce un sistema inaffidabile che provoca falsi <\/span><\/i><i><span style=\"font-size: 12pt; font-family: 'Times New Roman','serif'; color: #231f20;\">valori e che il valore economico <\/span><\/i><i><span style=\"font-size: 12pt; font-family: 'Times New Roman','serif'; color: #231f20;\">\u00e8 inscindibile da quello sociale<\/span><\/i><i><span style=\"font-size: 12pt; font-family: 'Times New Roman','serif'; color: #231f20;\">.<\/span><\/i><\/p>\n<p style=\"text-align: justify;\"><i><span style=\"font-size: 12pt; font-family: 'Times New Roman','serif'; color: #231f20;\">Se dissentiamo contro chi ci vuol far credere che la dignit\u00e0 umana, il giusto salario, la sicurezza sul posto di lavoro, sono un lusso che non ci possiamo permettere o zavorra di cui disfarci\u201d*.<\/span><\/i><span style=\"font-size: 12pt; font-family: 'Times New Roman','serif'; color: #231f20;\"> I padri della nostra Costituzione (cfr. art. 36) dissentirebbero anch\u2019essi.<\/span><\/p>\n<p style=\"text-align: justify; text-indent: 35.4pt;\">Caro Ges\u00f9 Bambino<\/p>\n<p style=\"text-align: justify;\"><span style=\"font-size: 12pt; font-family: 'Times New Roman','serif'; color: #231f20;\">Tu sei la nostra speranza. Alle Tue \u201cPiccole\u201d ma forti mani affidiamo la nostra \u201cgrande\u201d ma debole e fragile societ\u00e0.<\/span><\/p>\n<p style=\"text-align: justify; text-indent: 35.4pt;\">Caro Ges\u00f9 Bambino<\/p>\n<p style=\"text-align: justify;\"><span style=\"font-size: 12pt; font-family: 'Times New Roman','serif';\">fermati a casa nostra e saremo salvi, facci questo regalo per Natale. <\/span><\/p>\n<p style=\"text-align: right;\" align=\"right\"><span style=\"font-style: normal;\">don Salvatore De Pascale<\/span><\/p>\n<p style=\"text-align: right;\" align=\"right\"><span style=\"font-style: normal;\">&nbsp;<\/span><\/p>\n<p><span style=\"font-size: 9pt; font-style: normal;\">* don Luigi Ciotti, da un suo articolo sulla crisi dei nostri giorni.<b><span style=\"font-size: 11pt; font-family: 'Verdana','sans-serif'; font-style: normal;\"> <\/span><\/b><\/span><\/p>\n<p>&nbsp;<\/p>\n","protected":false},"excerpt":{"rendered":"","protected":false},"author":1,"featured_media":4985,"comment_status":"open","ping_status":"closed","sticky":false,"template":"","format":"standard","meta":{"colormag_page_container_layout":"default_layout","colormag_page_sidebar_layout":"default_layout","footnotes":""},"categories":[9],"tags":[],"class_list":["post-4986","post","type-post","status-publish","format-standard","has-post-thumbnail","hentry","category-la-voce-del-paese"],"yoast_head":"<!-- This site is optimized with the Yoast SEO plugin v27.5 - https:\/\/yoast.com\/product\/yoast-seo-wordpress\/ -->\n<title>\u201cOGGI DEVO FERMARMI A CASA TUA\u201d - Archivio CassanoWeb<\/title>\n<meta name=\"robots\" content=\"index, follow, max-snippet:-1, max-image-preview:large, max-video-preview:-1\" \/>\n<link rel=\"canonical\" href=\"https:\/\/archiviocassano.lavocedelpaese.info\/index.php\/2011\/12\/25\/oggi-devo-fermarmi-a-casa-tua\/\" \/>\n<meta property=\"og:locale\" content=\"it_IT\" \/>\n<meta property=\"og:type\" content=\"article\" \/>\n<meta property=\"og:title\" content=\"\u201cOGGI DEVO FERMARMI A CASA TUA\u201d - Archivio CassanoWeb\" \/>\n<meta property=\"og:url\" content=\"https:\/\/archiviocassano.lavocedelpaese.info\/index.php\/2011\/12\/25\/oggi-devo-fermarmi-a-casa-tua\/\" \/>\n<meta property=\"og:site_name\" content=\"Archivio CassanoWeb\" \/>\n<meta property=\"article:publisher\" content=\"https:\/\/www.facebook.com\/redazione.cassanoweb\" \/>\n<meta property=\"article:published_time\" content=\"2011-12-25T00:04:02+00:00\" \/>\n<meta property=\"og:image\" content=\"https:\/\/archiviocassano.lavocedelpaese.info\/wp-content\/uploads\/2011\/12\/Ges_bambino.jpg\" \/>\n\t<meta property=\"og:image:width\" content=\"440\" \/>\n\t<meta property=\"og:image:height\" content=\"336\" \/>\n\t<meta property=\"og:image:type\" content=\"image\/jpeg\" \/>\n<meta name=\"author\" content=\"admin\" \/>\n<meta name=\"twitter:card\" content=\"summary_large_image\" \/>\n<meta name=\"twitter:label1\" content=\"Scritto da\" \/>\n\t<meta name=\"twitter:data1\" content=\"admin\" \/>\n\t<meta name=\"twitter:label2\" content=\"Tempo di lettura stimato\" \/>\n\t<meta name=\"twitter:data2\" content=\"5 minuti\" \/>\n<script type=\"application\/ld+json\" class=\"yoast-schema-graph\">{\"@context\":\"https:\\\/\\\/schema.org\",\"@graph\":[{\"@type\":\"Article\",\"@id\":\"https:\\\/\\\/archiviocassano.lavocedelpaese.info\\\/index.php\\\/2011\\\/12\\\/25\\\/oggi-devo-fermarmi-a-casa-tua\\\/#article\",\"isPartOf\":{\"@id\":\"https:\\\/\\\/archiviocassano.lavocedelpaese.info\\\/index.php\\\/2011\\\/12\\\/25\\\/oggi-devo-fermarmi-a-casa-tua\\\/\"},\"author\":{\"name\":\"admin\",\"@id\":\"https:\\\/\\\/archiviocassano.lavocedelpaese.info\\\/#\\\/schema\\\/person\\\/df195bc79a9b4c35127cf005f92e041b\"},\"headline\":\"\u201cOGGI DEVO FERMARMI A CASA TUA\u201d\",\"datePublished\":\"2011-12-25T00:04:02+00:00\",\"mainEntityOfPage\":{\"@id\":\"https:\\\/\\\/archiviocassano.lavocedelpaese.info\\\/index.php\\\/2011\\\/12\\\/25\\\/oggi-devo-fermarmi-a-casa-tua\\\/\"},\"wordCount\":939,\"commentCount\":0,\"publisher\":{\"@id\":\"https:\\\/\\\/archiviocassano.lavocedelpaese.info\\\/#organization\"},\"image\":{\"@id\":\"https:\\\/\\\/archiviocassano.lavocedelpaese.info\\\/index.php\\\/2011\\\/12\\\/25\\\/oggi-devo-fermarmi-a-casa-tua\\\/#primaryimage\"},\"thumbnailUrl\":\"https:\\\/\\\/archiviocassano.lavocedelpaese.info\\\/wp-content\\\/uploads\\\/2011\\\/12\\\/Ges_bambino.jpg\",\"articleSection\":[\"La voce del paese\"],\"inLanguage\":\"it-IT\",\"potentialAction\":[{\"@type\":\"CommentAction\",\"name\":\"Comment\",\"target\":[\"https:\\\/\\\/archiviocassano.lavocedelpaese.info\\\/index.php\\\/2011\\\/12\\\/25\\\/oggi-devo-fermarmi-a-casa-tua\\\/#respond\"]}]},{\"@type\":\"WebPage\",\"@id\":\"https:\\\/\\\/archiviocassano.lavocedelpaese.info\\\/index.php\\\/2011\\\/12\\\/25\\\/oggi-devo-fermarmi-a-casa-tua\\\/\",\"url\":\"https:\\\/\\\/archiviocassano.lavocedelpaese.info\\\/index.php\\\/2011\\\/12\\\/25\\\/oggi-devo-fermarmi-a-casa-tua\\\/\",\"name\":\"\u201cOGGI DEVO FERMARMI A CASA TUA\u201d - Archivio CassanoWeb\",\"isPartOf\":{\"@id\":\"https:\\\/\\\/archiviocassano.lavocedelpaese.info\\\/#website\"},\"primaryImageOfPage\":{\"@id\":\"https:\\\/\\\/archiviocassano.lavocedelpaese.info\\\/index.php\\\/2011\\\/12\\\/25\\\/oggi-devo-fermarmi-a-casa-tua\\\/#primaryimage\"},\"image\":{\"@id\":\"https:\\\/\\\/archiviocassano.lavocedelpaese.info\\\/index.php\\\/2011\\\/12\\\/25\\\/oggi-devo-fermarmi-a-casa-tua\\\/#primaryimage\"},\"thumbnailUrl\":\"https:\\\/\\\/archiviocassano.lavocedelpaese.info\\\/wp-content\\\/uploads\\\/2011\\\/12\\\/Ges_bambino.jpg\",\"datePublished\":\"2011-12-25T00:04:02+00:00\",\"breadcrumb\":{\"@id\":\"https:\\\/\\\/archiviocassano.lavocedelpaese.info\\\/index.php\\\/2011\\\/12\\\/25\\\/oggi-devo-fermarmi-a-casa-tua\\\/#breadcrumb\"},\"inLanguage\":\"it-IT\",\"potentialAction\":[{\"@type\":\"ReadAction\",\"target\":[\"https:\\\/\\\/archiviocassano.lavocedelpaese.info\\\/index.php\\\/2011\\\/12\\\/25\\\/oggi-devo-fermarmi-a-casa-tua\\\/\"]}]},{\"@type\":\"ImageObject\",\"inLanguage\":\"it-IT\",\"@id\":\"https:\\\/\\\/archiviocassano.lavocedelpaese.info\\\/index.php\\\/2011\\\/12\\\/25\\\/oggi-devo-fermarmi-a-casa-tua\\\/#primaryimage\",\"url\":\"https:\\\/\\\/archiviocassano.lavocedelpaese.info\\\/wp-content\\\/uploads\\\/2011\\\/12\\\/Ges_bambino.jpg\",\"contentUrl\":\"https:\\\/\\\/archiviocassano.lavocedelpaese.info\\\/wp-content\\\/uploads\\\/2011\\\/12\\\/Ges_bambino.jpg\",\"width\":440,\"height\":336,\"caption\":\"Ges bambino\"},{\"@type\":\"BreadcrumbList\",\"@id\":\"https:\\\/\\\/archiviocassano.lavocedelpaese.info\\\/index.php\\\/2011\\\/12\\\/25\\\/oggi-devo-fermarmi-a-casa-tua\\\/#breadcrumb\",\"itemListElement\":[{\"@type\":\"ListItem\",\"position\":1,\"name\":\"Home\",\"item\":\"https:\\\/\\\/archiviocassano.lavocedelpaese.info\\\/\"},{\"@type\":\"ListItem\",\"position\":2,\"name\":\"\u201cOGGI DEVO FERMARMI A CASA TUA\u201d\"}]},{\"@type\":\"WebSite\",\"@id\":\"https:\\\/\\\/archiviocassano.lavocedelpaese.info\\\/#website\",\"url\":\"https:\\\/\\\/archiviocassano.lavocedelpaese.info\\\/\",\"name\":\"Archivio CassanoWeb\",\"description\":\"La Voce del Paese - un network di idee\",\"publisher\":{\"@id\":\"https:\\\/\\\/archiviocassano.lavocedelpaese.info\\\/#organization\"},\"potentialAction\":[{\"@type\":\"SearchAction\",\"target\":{\"@type\":\"EntryPoint\",\"urlTemplate\":\"https:\\\/\\\/archiviocassano.lavocedelpaese.info\\\/?s={search_term_string}\"},\"query-input\":{\"@type\":\"PropertyValueSpecification\",\"valueRequired\":true,\"valueName\":\"search_term_string\"}}],\"inLanguage\":\"it-IT\"},{\"@type\":\"Organization\",\"@id\":\"https:\\\/\\\/archiviocassano.lavocedelpaese.info\\\/#organization\",\"name\":\"Archivio CassanoWeb\",\"url\":\"https:\\\/\\\/archiviocassano.lavocedelpaese.info\\\/\",\"logo\":{\"@type\":\"ImageObject\",\"inLanguage\":\"it-IT\",\"@id\":\"https:\\\/\\\/archiviocassano.lavocedelpaese.info\\\/#\\\/schema\\\/logo\\\/image\\\/\",\"url\":\"https:\\\/\\\/archiviocassano.lavocedelpaese.info\\\/wp-content\\\/uploads\\\/2024\\\/08\\\/logo-rosso-2.png\",\"contentUrl\":\"https:\\\/\\\/archiviocassano.lavocedelpaese.info\\\/wp-content\\\/uploads\\\/2024\\\/08\\\/logo-rosso-2.png\",\"width\":491,\"height\":432,\"caption\":\"Archivio CassanoWeb\"},\"image\":{\"@id\":\"https:\\\/\\\/archiviocassano.lavocedelpaese.info\\\/#\\\/schema\\\/logo\\\/image\\\/\"},\"sameAs\":[\"https:\\\/\\\/www.facebook.com\\\/redazione.cassanoweb\"]},{\"@type\":\"Person\",\"@id\":\"https:\\\/\\\/archiviocassano.lavocedelpaese.info\\\/#\\\/schema\\\/person\\\/df195bc79a9b4c35127cf005f92e041b\",\"name\":\"admin\",\"image\":{\"@type\":\"ImageObject\",\"inLanguage\":\"it-IT\",\"@id\":\"https:\\\/\\\/secure.gravatar.com\\\/avatar\\\/eabba89a432e8eaa1b0207cc55f7e5340b22712b1ed80677efcf63e02ff5b235?s=96&d=mm&r=g\",\"url\":\"https:\\\/\\\/secure.gravatar.com\\\/avatar\\\/eabba89a432e8eaa1b0207cc55f7e5340b22712b1ed80677efcf63e02ff5b235?s=96&d=mm&r=g\",\"contentUrl\":\"https:\\\/\\\/secure.gravatar.com\\\/avatar\\\/eabba89a432e8eaa1b0207cc55f7e5340b22712b1ed80677efcf63e02ff5b235?s=96&d=mm&r=g\",\"caption\":\"admin\"},\"sameAs\":[\"https:\\\/\\\/archiviocassano.lavocedelpaese.info\"],\"url\":\"https:\\\/\\\/archiviocassano.lavocedelpaese.info\\\/index.php\\\/author\\\/admin_0qgz1xdp\\\/\"}]}<\/script>\n<!-- \/ Yoast SEO plugin. -->","yoast_head_json":{"title":"\u201cOGGI DEVO FERMARMI A CASA TUA\u201d - Archivio CassanoWeb","robots":{"index":"index","follow":"follow","max-snippet":"max-snippet:-1","max-image-preview":"max-image-preview:large","max-video-preview":"max-video-preview:-1"},"canonical":"https:\/\/archiviocassano.lavocedelpaese.info\/index.php\/2011\/12\/25\/oggi-devo-fermarmi-a-casa-tua\/","og_locale":"it_IT","og_type":"article","og_title":"\u201cOGGI DEVO FERMARMI A CASA TUA\u201d - Archivio CassanoWeb","og_url":"https:\/\/archiviocassano.lavocedelpaese.info\/index.php\/2011\/12\/25\/oggi-devo-fermarmi-a-casa-tua\/","og_site_name":"Archivio CassanoWeb","article_publisher":"https:\/\/www.facebook.com\/redazione.cassanoweb","article_published_time":"2011-12-25T00:04:02+00:00","og_image":[{"width":440,"height":336,"url":"https:\/\/archiviocassano.lavocedelpaese.info\/wp-content\/uploads\/2011\/12\/Ges_bambino.jpg","type":"image\/jpeg"}],"author":"admin","twitter_card":"summary_large_image","twitter_misc":{"Scritto da":"admin","Tempo di lettura stimato":"5 minuti"},"schema":{"@context":"https:\/\/schema.org","@graph":[{"@type":"Article","@id":"https:\/\/archiviocassano.lavocedelpaese.info\/index.php\/2011\/12\/25\/oggi-devo-fermarmi-a-casa-tua\/#article","isPartOf":{"@id":"https:\/\/archiviocassano.lavocedelpaese.info\/index.php\/2011\/12\/25\/oggi-devo-fermarmi-a-casa-tua\/"},"author":{"name":"admin","@id":"https:\/\/archiviocassano.lavocedelpaese.info\/#\/schema\/person\/df195bc79a9b4c35127cf005f92e041b"},"headline":"\u201cOGGI DEVO FERMARMI A CASA TUA\u201d","datePublished":"2011-12-25T00:04:02+00:00","mainEntityOfPage":{"@id":"https:\/\/archiviocassano.lavocedelpaese.info\/index.php\/2011\/12\/25\/oggi-devo-fermarmi-a-casa-tua\/"},"wordCount":939,"commentCount":0,"publisher":{"@id":"https:\/\/archiviocassano.lavocedelpaese.info\/#organization"},"image":{"@id":"https:\/\/archiviocassano.lavocedelpaese.info\/index.php\/2011\/12\/25\/oggi-devo-fermarmi-a-casa-tua\/#primaryimage"},"thumbnailUrl":"https:\/\/archiviocassano.lavocedelpaese.info\/wp-content\/uploads\/2011\/12\/Ges_bambino.jpg","articleSection":["La voce del paese"],"inLanguage":"it-IT","potentialAction":[{"@type":"CommentAction","name":"Comment","target":["https:\/\/archiviocassano.lavocedelpaese.info\/index.php\/2011\/12\/25\/oggi-devo-fermarmi-a-casa-tua\/#respond"]}]},{"@type":"WebPage","@id":"https:\/\/archiviocassano.lavocedelpaese.info\/index.php\/2011\/12\/25\/oggi-devo-fermarmi-a-casa-tua\/","url":"https:\/\/archiviocassano.lavocedelpaese.info\/index.php\/2011\/12\/25\/oggi-devo-fermarmi-a-casa-tua\/","name":"\u201cOGGI DEVO FERMARMI A CASA TUA\u201d - Archivio CassanoWeb","isPartOf":{"@id":"https:\/\/archiviocassano.lavocedelpaese.info\/#website"},"primaryImageOfPage":{"@id":"https:\/\/archiviocassano.lavocedelpaese.info\/index.php\/2011\/12\/25\/oggi-devo-fermarmi-a-casa-tua\/#primaryimage"},"image":{"@id":"https:\/\/archiviocassano.lavocedelpaese.info\/index.php\/2011\/12\/25\/oggi-devo-fermarmi-a-casa-tua\/#primaryimage"},"thumbnailUrl":"https:\/\/archiviocassano.lavocedelpaese.info\/wp-content\/uploads\/2011\/12\/Ges_bambino.jpg","datePublished":"2011-12-25T00:04:02+00:00","breadcrumb":{"@id":"https:\/\/archiviocassano.lavocedelpaese.info\/index.php\/2011\/12\/25\/oggi-devo-fermarmi-a-casa-tua\/#breadcrumb"},"inLanguage":"it-IT","potentialAction":[{"@type":"ReadAction","target":["https:\/\/archiviocassano.lavocedelpaese.info\/index.php\/2011\/12\/25\/oggi-devo-fermarmi-a-casa-tua\/"]}]},{"@type":"ImageObject","inLanguage":"it-IT","@id":"https:\/\/archiviocassano.lavocedelpaese.info\/index.php\/2011\/12\/25\/oggi-devo-fermarmi-a-casa-tua\/#primaryimage","url":"https:\/\/archiviocassano.lavocedelpaese.info\/wp-content\/uploads\/2011\/12\/Ges_bambino.jpg","contentUrl":"https:\/\/archiviocassano.lavocedelpaese.info\/wp-content\/uploads\/2011\/12\/Ges_bambino.jpg","width":440,"height":336,"caption":"Ges bambino"},{"@type":"BreadcrumbList","@id":"https:\/\/archiviocassano.lavocedelpaese.info\/index.php\/2011\/12\/25\/oggi-devo-fermarmi-a-casa-tua\/#breadcrumb","itemListElement":[{"@type":"ListItem","position":1,"name":"Home","item":"https:\/\/archiviocassano.lavocedelpaese.info\/"},{"@type":"ListItem","position":2,"name":"\u201cOGGI DEVO FERMARMI A CASA TUA\u201d"}]},{"@type":"WebSite","@id":"https:\/\/archiviocassano.lavocedelpaese.info\/#website","url":"https:\/\/archiviocassano.lavocedelpaese.info\/","name":"Archivio CassanoWeb","description":"La Voce del Paese - un network di idee","publisher":{"@id":"https:\/\/archiviocassano.lavocedelpaese.info\/#organization"},"potentialAction":[{"@type":"SearchAction","target":{"@type":"EntryPoint","urlTemplate":"https:\/\/archiviocassano.lavocedelpaese.info\/?s={search_term_string}"},"query-input":{"@type":"PropertyValueSpecification","valueRequired":true,"valueName":"search_term_string"}}],"inLanguage":"it-IT"},{"@type":"Organization","@id":"https:\/\/archiviocassano.lavocedelpaese.info\/#organization","name":"Archivio CassanoWeb","url":"https:\/\/archiviocassano.lavocedelpaese.info\/","logo":{"@type":"ImageObject","inLanguage":"it-IT","@id":"https:\/\/archiviocassano.lavocedelpaese.info\/#\/schema\/logo\/image\/","url":"https:\/\/archiviocassano.lavocedelpaese.info\/wp-content\/uploads\/2024\/08\/logo-rosso-2.png","contentUrl":"https:\/\/archiviocassano.lavocedelpaese.info\/wp-content\/uploads\/2024\/08\/logo-rosso-2.png","width":491,"height":432,"caption":"Archivio CassanoWeb"},"image":{"@id":"https:\/\/archiviocassano.lavocedelpaese.info\/#\/schema\/logo\/image\/"},"sameAs":["https:\/\/www.facebook.com\/redazione.cassanoweb"]},{"@type":"Person","@id":"https:\/\/archiviocassano.lavocedelpaese.info\/#\/schema\/person\/df195bc79a9b4c35127cf005f92e041b","name":"admin","image":{"@type":"ImageObject","inLanguage":"it-IT","@id":"https:\/\/secure.gravatar.com\/avatar\/eabba89a432e8eaa1b0207cc55f7e5340b22712b1ed80677efcf63e02ff5b235?s=96&d=mm&r=g","url":"https:\/\/secure.gravatar.com\/avatar\/eabba89a432e8eaa1b0207cc55f7e5340b22712b1ed80677efcf63e02ff5b235?s=96&d=mm&r=g","contentUrl":"https:\/\/secure.gravatar.com\/avatar\/eabba89a432e8eaa1b0207cc55f7e5340b22712b1ed80677efcf63e02ff5b235?s=96&d=mm&r=g","caption":"admin"},"sameAs":["https:\/\/archiviocassano.lavocedelpaese.info"],"url":"https:\/\/archiviocassano.lavocedelpaese.info\/index.php\/author\/admin_0qgz1xdp\/"}]}},"_links":{"self":[{"href":"https:\/\/archiviocassano.lavocedelpaese.info\/index.php\/wp-json\/wp\/v2\/posts\/4986","targetHints":{"allow":["GET"]}}],"collection":[{"href":"https:\/\/archiviocassano.lavocedelpaese.info\/index.php\/wp-json\/wp\/v2\/posts"}],"about":[{"href":"https:\/\/archiviocassano.lavocedelpaese.info\/index.php\/wp-json\/wp\/v2\/types\/post"}],"author":[{"embeddable":true,"href":"https:\/\/archiviocassano.lavocedelpaese.info\/index.php\/wp-json\/wp\/v2\/users\/1"}],"replies":[{"embeddable":true,"href":"https:\/\/archiviocassano.lavocedelpaese.info\/index.php\/wp-json\/wp\/v2\/comments?post=4986"}],"version-history":[{"count":0,"href":"https:\/\/archiviocassano.lavocedelpaese.info\/index.php\/wp-json\/wp\/v2\/posts\/4986\/revisions"}],"wp:featuredmedia":[{"embeddable":true,"href":"https:\/\/archiviocassano.lavocedelpaese.info\/index.php\/wp-json\/wp\/v2\/media\/4985"}],"wp:attachment":[{"href":"https:\/\/archiviocassano.lavocedelpaese.info\/index.php\/wp-json\/wp\/v2\/media?parent=4986"}],"wp:term":[{"taxonomy":"category","embeddable":true,"href":"https:\/\/archiviocassano.lavocedelpaese.info\/index.php\/wp-json\/wp\/v2\/categories?post=4986"},{"taxonomy":"post_tag","embeddable":true,"href":"https:\/\/archiviocassano.lavocedelpaese.info\/index.php\/wp-json\/wp\/v2\/tags?post=4986"}],"curies":[{"name":"wp","href":"https:\/\/api.w.org\/{rel}","templated":true}]}}