{"id":5026,"date":"2012-01-06T12:02:38","date_gmt":"2012-01-06T12:02:38","guid":{"rendered":"https:\/\/archiviocassano.lavocedelpaese.info\/index.php\/2012\/01\/06\/befana-in-piazza\/"},"modified":"2012-01-06T12:02:38","modified_gmt":"2012-01-06T12:02:38","slug":"befana-in-piazza","status":"publish","type":"post","link":"https:\/\/archiviocassano.lavocedelpaese.info\/index.php\/2012\/01\/06\/befana-in-piazza\/","title":{"rendered":"LA BEFANA, QUEST\u2019ANNO, E\u2019 ARRIVATA VOLANDO"},"content":{"rendered":"<p><img loading=\"lazy\" decoding=\"async\" style=\"margin-right: 2px; margin-left: 2px;\" alt=\"befana che vola\" src=\"images\/stories\/befana_che_vola.jpg\" height=\"150\" width=\"320\" \/><\/p>\n<p><!--more--><\/p>\n<p>&nbsp;<\/p>\n<p style=\"text-align: justify;\"><span style=\"font-size: 10pt; line-height: 115%; font-family: 'Verdana','sans-serif'; color: #333333; background: none repeat scroll 0% 0% white;\">Nel tardo pomeriggio di ieri la Piazza cassanese s\u2019\u00e8 trasformata in un grande camino che ha visto l\u2019arrivo della famigerata Befana. Il caldo del fuoco e il freddo del tempo invernale hanno contribuito a creare l\u2019atmosfera giusta per tutti i bambini in cerca di magia.<\/span><\/p>\n<p style=\"margin-bottom: 0.0001pt; text-align: justify; line-height: 10.5pt; background: none repeat scroll 0% 0% white; vertical-align: top;\"><span style=\"font-size: 10pt; font-family: 'Verdana','sans-serif'; color: #333333;\">&nbsp;<\/span><\/p>\n<p style=\"margin-bottom: 0.0001pt; text-align: justify; line-height: 10.5pt; background: none repeat scroll 0% 0% white; vertical-align: top;\"><span style=\"font-size: 10pt; font-family: 'Verdana','sans-serif'; color: #333333;\">Una manifestazione per i pi\u00f9 piccoli con l\u2019obiettivo di sensibilizzarli verso i temi della legalit\u00e0.<\/p>\n<p> <\/span><\/p>\n<p style=\"margin-bottom: 0.0001pt; text-align: justify; line-height: 10.5pt; background: none repeat scroll 0% 0% white; vertical-align: top;\"><span style=\"font-size: 10pt; font-family: 'Verdana','sans-serif'; color: #333333;\">La manifestazione ha infatti l\u2019appellativo di \u201cAv-vento di legalit\u00e0\u201d, ed \u00e8 promossa da \u201c<b>Libera<\/b> &#8211; Associazioni, nomi e numeri contro le mafie\u201d &#8211; organizzazione dedita a sollecitare e coordinare la societ\u00e0 civile contro tutte le mafie e favorire la creazione e lo sviluppo di una comunit\u00e0 alternativa alle mafie stesse, con il patrocinio dell\u2019Amministrazione comunale di Cassano delle Murge, mostratasi sensibile a tale problematica.<\/span><\/p>\n<p style=\"margin-bottom: 0.0001pt; text-align: justify; line-height: 10.5pt; background: none repeat scroll 0% 0% white; vertical-align: top;\"><span style=\"font-size: 10pt; font-family: 'Verdana','sans-serif'; color: #333333;\"><br \/> Nella piazza era previsto l\u2019arrivo della befana dal cielo, con l\u2019aiuto del Corpo Nazionale dei Vigili del Fuoco, da sempre sensibile nei confronti delle tematiche dei pi\u00f9 piccoli. E cos\u00ec \u00e8 stato.<\/span><\/p>\n<p style=\"margin-bottom: 0.0001pt; text-align: justify; line-height: 10.5pt; background: none repeat scroll 0% 0% white; vertical-align: top;\"><span style=\"font-size: 10pt; font-family: 'Verdana','sans-serif'; color: #333333;\"><br \/> Difatti il personale dei <b>Vigili del Fuoco <\/b>della Direzione Regionale Puglia e del Comando Provinciale di Bari, interverr\u00e0 per la realizzazione di alcune manovre che permetteranno la discesa dal cielo della figura tipica, oggetto dell\u2019intrattenimento dei bambini.<\/span><\/p>\n<p style=\"margin-bottom: 0.0001pt; text-align: justify; line-height: 10.5pt; background: none repeat scroll 0% 0% white; vertical-align: top;\"><span style=\"font-size: 10pt; font-family: 'Verdana','sans-serif'; color: #333333;\">&nbsp;<\/span><\/p>\n<p style=\"margin-bottom: 0.0001pt; text-align: justify; line-height: 10.5pt; background: none repeat scroll 0% 0% white; vertical-align: top;\"><span style=\"font-size: 10pt; font-family: 'Verdana','sans-serif'; color: #333333;\">La befana, per\u00f2 \u00e8 comparsa per ben due volte. <\/span><\/p>\n<p style=\"margin-bottom: 0.0001pt; text-align: justify; line-height: 10.5pt; background: none repeat scroll 0% 0% white; vertical-align: top;\"><span style=\"font-size: 10pt; font-family: 'Verdana','sans-serif'; color: #333333;\">&nbsp;<\/span><\/p>\n<p style=\"margin-bottom: 0.0001pt; text-align: justify; line-height: 10.5pt; background: none repeat scroll 0% 0% white; vertical-align: top;\"><span style=\"font-size: 10pt; font-family: 'Verdana','sans-serif'; color: #333333;\">Impersonata da un pompiere, \u00e8 magicamente comparsa su una teleferica che collegava la chiesa Santa Maria Assunta alla Torre dell\u2019orologio e successivamente \u00e8 scesa da un\u2019altra teleferica realizzata da personale <b>SAF<\/b> (Speleo Alpino Fluviale) mentre una &#8220;collega&#8221; scendeva da una autoscala lanciando coriandoli e allegria.<br \/><\/span><\/p>\n<p style=\"margin-bottom: 0.0001pt; text-align: justify; line-height: 10.5pt; background: none repeat scroll 0% 0% white; vertical-align: top;\"><span style=\"font-size: 10pt; font-family: 'Verdana','sans-serif'; color: #333333;\">&nbsp;<\/span><\/p>\n<p style=\"margin-bottom: 0.0001pt; text-align: justify; line-height: 10.5pt; background: none repeat scroll 0% 0% white; vertical-align: top;\"><span style=\"font-size: 10pt; font-family: 'Verdana','sans-serif'; color: #333333;\">Nella piazza, inoltre, erano presenti altre Associazioni ed intrattenimenti nell\u2019ambito del programma patrocinato dal Comune di Cassano delle Murge.&nbsp;<\/span><\/p>\n<p style=\"margin-bottom: 0.0001pt; text-align: justify; line-height: 10.5pt; background: none repeat scroll 0% 0% white; vertical-align: top;\"><span style=\"font-size: 10pt; font-family: 'Verdana','sans-serif'; color: #333333;\"><br \/> <\/span><\/p>\n<p style=\"margin-bottom: 0.0001pt; text-align: justify; line-height: 10.5pt; background: none repeat scroll 0% 0% white; vertical-align: top;\"><span style=\"font-size: 10pt; font-family: 'Verdana','sans-serif'; color: #333333;\"><em><strong>Nelle foto scattate da Giuseppe Ferrante, le scene pi\u00f9 belle della serata.<\/strong><\/em><br \/> <\/span><\/p>\n<p><object type=\"application\/x-shockwave-flash\" width=\"660\" height=\"660\" flashvars=\"host=picasaweb.google.com&amp;hl=it&amp;feat=flashalbum&amp;RGB=0x000000&amp;feed=https:\/\/picasaweb.google.com\/data\/feed\/api\/user\/redazionecassanoweb\/albumid\/5694243111817134097?alt=rss&amp;kind=photo&amp;hl=it\" pluginspage=\"http:\/\/www.macromedia.com\/go\/getflashplayer\" data=\"https:\/\/picasaweb.google.com\/s\/c\/bin\/slideshow.swf\"><param name=\"movie\" value=\"https:\/\/picasaweb.google.com\/s\/c\/bin\/slideshow.swf\" \/><\/object><\/p>\n","protected":false},"excerpt":{"rendered":"","protected":false},"author":1,"featured_media":0,"comment_status":"open","ping_status":"closed","sticky":false,"template":"","format":"standard","meta":{"colormag_page_container_layout":"default_layout","colormag_page_sidebar_layout":"default_layout","footnotes":""},"categories":[7],"tags":[],"class_list":["post-5026","post","type-post","status-publish","format-standard","hentry","category-attualita"],"yoast_head":"<!-- This site is optimized with the Yoast SEO plugin v27.5 - https:\/\/yoast.com\/product\/yoast-seo-wordpress\/ -->\n<title>LA BEFANA, QUEST\u2019ANNO, E\u2019 ARRIVATA VOLANDO - Archivio CassanoWeb<\/title>\n<meta name=\"robots\" content=\"index, follow, max-snippet:-1, max-image-preview:large, max-video-preview:-1\" \/>\n<link rel=\"canonical\" href=\"https:\/\/archiviocassano.lavocedelpaese.info\/index.php\/2012\/01\/06\/befana-in-piazza\/\" \/>\n<meta property=\"og:locale\" content=\"it_IT\" \/>\n<meta property=\"og:type\" content=\"article\" \/>\n<meta property=\"og:title\" content=\"LA BEFANA, QUEST\u2019ANNO, E\u2019 ARRIVATA VOLANDO - Archivio CassanoWeb\" \/>\n<meta property=\"og:url\" content=\"https:\/\/archiviocassano.lavocedelpaese.info\/index.php\/2012\/01\/06\/befana-in-piazza\/\" \/>\n<meta property=\"og:site_name\" content=\"Archivio CassanoWeb\" \/>\n<meta property=\"article:publisher\" content=\"https:\/\/www.facebook.com\/redazione.cassanoweb\" \/>\n<meta property=\"article:published_time\" content=\"2012-01-06T12:02:38+00:00\" \/>\n<meta name=\"author\" content=\"admin\" \/>\n<meta name=\"twitter:card\" content=\"summary_large_image\" \/>\n<meta name=\"twitter:label1\" content=\"Scritto da\" \/>\n\t<meta name=\"twitter:data1\" content=\"admin\" \/>\n\t<meta name=\"twitter:label2\" content=\"Tempo di lettura stimato\" \/>\n\t<meta name=\"twitter:data2\" content=\"1 minuto\" \/>\n<script type=\"application\/ld+json\" class=\"yoast-schema-graph\">{\"@context\":\"https:\\\/\\\/schema.org\",\"@graph\":[{\"@type\":\"Article\",\"@id\":\"https:\\\/\\\/archiviocassano.lavocedelpaese.info\\\/index.php\\\/2012\\\/01\\\/06\\\/befana-in-piazza\\\/#article\",\"isPartOf\":{\"@id\":\"https:\\\/\\\/archiviocassano.lavocedelpaese.info\\\/index.php\\\/2012\\\/01\\\/06\\\/befana-in-piazza\\\/\"},\"author\":{\"name\":\"admin\",\"@id\":\"https:\\\/\\\/archiviocassano.lavocedelpaese.info\\\/#\\\/schema\\\/person\\\/df195bc79a9b4c35127cf005f92e041b\"},\"headline\":\"LA BEFANA, QUEST\u2019ANNO, E\u2019 ARRIVATA VOLANDO\",\"datePublished\":\"2012-01-06T12:02:38+00:00\",\"mainEntityOfPage\":{\"@id\":\"https:\\\/\\\/archiviocassano.lavocedelpaese.info\\\/index.php\\\/2012\\\/01\\\/06\\\/befana-in-piazza\\\/\"},\"wordCount\":297,\"commentCount\":0,\"publisher\":{\"@id\":\"https:\\\/\\\/archiviocassano.lavocedelpaese.info\\\/#organization\"},\"articleSection\":[\"Attualit\u00e0\"],\"inLanguage\":\"it-IT\",\"potentialAction\":[{\"@type\":\"CommentAction\",\"name\":\"Comment\",\"target\":[\"https:\\\/\\\/archiviocassano.lavocedelpaese.info\\\/index.php\\\/2012\\\/01\\\/06\\\/befana-in-piazza\\\/#respond\"]}]},{\"@type\":\"WebPage\",\"@id\":\"https:\\\/\\\/archiviocassano.lavocedelpaese.info\\\/index.php\\\/2012\\\/01\\\/06\\\/befana-in-piazza\\\/\",\"url\":\"https:\\\/\\\/archiviocassano.lavocedelpaese.info\\\/index.php\\\/2012\\\/01\\\/06\\\/befana-in-piazza\\\/\",\"name\":\"LA BEFANA, QUEST\u2019ANNO, E\u2019 ARRIVATA VOLANDO - Archivio CassanoWeb\",\"isPartOf\":{\"@id\":\"https:\\\/\\\/archiviocassano.lavocedelpaese.info\\\/#website\"},\"datePublished\":\"2012-01-06T12:02:38+00:00\",\"breadcrumb\":{\"@id\":\"https:\\\/\\\/archiviocassano.lavocedelpaese.info\\\/index.php\\\/2012\\\/01\\\/06\\\/befana-in-piazza\\\/#breadcrumb\"},\"inLanguage\":\"it-IT\",\"potentialAction\":[{\"@type\":\"ReadAction\",\"target\":[\"https:\\\/\\\/archiviocassano.lavocedelpaese.info\\\/index.php\\\/2012\\\/01\\\/06\\\/befana-in-piazza\\\/\"]}]},{\"@type\":\"BreadcrumbList\",\"@id\":\"https:\\\/\\\/archiviocassano.lavocedelpaese.info\\\/index.php\\\/2012\\\/01\\\/06\\\/befana-in-piazza\\\/#breadcrumb\",\"itemListElement\":[{\"@type\":\"ListItem\",\"position\":1,\"name\":\"Home\",\"item\":\"https:\\\/\\\/archiviocassano.lavocedelpaese.info\\\/\"},{\"@type\":\"ListItem\",\"position\":2,\"name\":\"LA BEFANA, QUEST\u2019ANNO, E\u2019 ARRIVATA VOLANDO\"}]},{\"@type\":\"WebSite\",\"@id\":\"https:\\\/\\\/archiviocassano.lavocedelpaese.info\\\/#website\",\"url\":\"https:\\\/\\\/archiviocassano.lavocedelpaese.info\\\/\",\"name\":\"Archivio CassanoWeb\",\"description\":\"La Voce del Paese - un network di idee\",\"publisher\":{\"@id\":\"https:\\\/\\\/archiviocassano.lavocedelpaese.info\\\/#organization\"},\"potentialAction\":[{\"@type\":\"SearchAction\",\"target\":{\"@type\":\"EntryPoint\",\"urlTemplate\":\"https:\\\/\\\/archiviocassano.lavocedelpaese.info\\\/?s={search_term_string}\"},\"query-input\":{\"@type\":\"PropertyValueSpecification\",\"valueRequired\":true,\"valueName\":\"search_term_string\"}}],\"inLanguage\":\"it-IT\"},{\"@type\":\"Organization\",\"@id\":\"https:\\\/\\\/archiviocassano.lavocedelpaese.info\\\/#organization\",\"name\":\"Archivio CassanoWeb\",\"url\":\"https:\\\/\\\/archiviocassano.lavocedelpaese.info\\\/\",\"logo\":{\"@type\":\"ImageObject\",\"inLanguage\":\"it-IT\",\"@id\":\"https:\\\/\\\/archiviocassano.lavocedelpaese.info\\\/#\\\/schema\\\/logo\\\/image\\\/\",\"url\":\"https:\\\/\\\/archiviocassano.lavocedelpaese.info\\\/wp-content\\\/uploads\\\/2024\\\/08\\\/logo-rosso-2.png\",\"contentUrl\":\"https:\\\/\\\/archiviocassano.lavocedelpaese.info\\\/wp-content\\\/uploads\\\/2024\\\/08\\\/logo-rosso-2.png\",\"width\":491,\"height\":432,\"caption\":\"Archivio CassanoWeb\"},\"image\":{\"@id\":\"https:\\\/\\\/archiviocassano.lavocedelpaese.info\\\/#\\\/schema\\\/logo\\\/image\\\/\"},\"sameAs\":[\"https:\\\/\\\/www.facebook.com\\\/redazione.cassanoweb\"]},{\"@type\":\"Person\",\"@id\":\"https:\\\/\\\/archiviocassano.lavocedelpaese.info\\\/#\\\/schema\\\/person\\\/df195bc79a9b4c35127cf005f92e041b\",\"name\":\"admin\",\"image\":{\"@type\":\"ImageObject\",\"inLanguage\":\"it-IT\",\"@id\":\"https:\\\/\\\/secure.gravatar.com\\\/avatar\\\/eabba89a432e8eaa1b0207cc55f7e5340b22712b1ed80677efcf63e02ff5b235?s=96&d=mm&r=g\",\"url\":\"https:\\\/\\\/secure.gravatar.com\\\/avatar\\\/eabba89a432e8eaa1b0207cc55f7e5340b22712b1ed80677efcf63e02ff5b235?s=96&d=mm&r=g\",\"contentUrl\":\"https:\\\/\\\/secure.gravatar.com\\\/avatar\\\/eabba89a432e8eaa1b0207cc55f7e5340b22712b1ed80677efcf63e02ff5b235?s=96&d=mm&r=g\",\"caption\":\"admin\"},\"sameAs\":[\"https:\\\/\\\/archiviocassano.lavocedelpaese.info\"],\"url\":\"https:\\\/\\\/archiviocassano.lavocedelpaese.info\\\/index.php\\\/author\\\/admin_0qgz1xdp\\\/\"}]}<\/script>\n<!-- \/ Yoast SEO plugin. -->","yoast_head_json":{"title":"LA BEFANA, QUEST\u2019ANNO, E\u2019 ARRIVATA VOLANDO - Archivio CassanoWeb","robots":{"index":"index","follow":"follow","max-snippet":"max-snippet:-1","max-image-preview":"max-image-preview:large","max-video-preview":"max-video-preview:-1"},"canonical":"https:\/\/archiviocassano.lavocedelpaese.info\/index.php\/2012\/01\/06\/befana-in-piazza\/","og_locale":"it_IT","og_type":"article","og_title":"LA BEFANA, QUEST\u2019ANNO, E\u2019 ARRIVATA VOLANDO - Archivio CassanoWeb","og_url":"https:\/\/archiviocassano.lavocedelpaese.info\/index.php\/2012\/01\/06\/befana-in-piazza\/","og_site_name":"Archivio CassanoWeb","article_publisher":"https:\/\/www.facebook.com\/redazione.cassanoweb","article_published_time":"2012-01-06T12:02:38+00:00","author":"admin","twitter_card":"summary_large_image","twitter_misc":{"Scritto da":"admin","Tempo di lettura stimato":"1 minuto"},"schema":{"@context":"https:\/\/schema.org","@graph":[{"@type":"Article","@id":"https:\/\/archiviocassano.lavocedelpaese.info\/index.php\/2012\/01\/06\/befana-in-piazza\/#article","isPartOf":{"@id":"https:\/\/archiviocassano.lavocedelpaese.info\/index.php\/2012\/01\/06\/befana-in-piazza\/"},"author":{"name":"admin","@id":"https:\/\/archiviocassano.lavocedelpaese.info\/#\/schema\/person\/df195bc79a9b4c35127cf005f92e041b"},"headline":"LA BEFANA, QUEST\u2019ANNO, E\u2019 ARRIVATA VOLANDO","datePublished":"2012-01-06T12:02:38+00:00","mainEntityOfPage":{"@id":"https:\/\/archiviocassano.lavocedelpaese.info\/index.php\/2012\/01\/06\/befana-in-piazza\/"},"wordCount":297,"commentCount":0,"publisher":{"@id":"https:\/\/archiviocassano.lavocedelpaese.info\/#organization"},"articleSection":["Attualit\u00e0"],"inLanguage":"it-IT","potentialAction":[{"@type":"CommentAction","name":"Comment","target":["https:\/\/archiviocassano.lavocedelpaese.info\/index.php\/2012\/01\/06\/befana-in-piazza\/#respond"]}]},{"@type":"WebPage","@id":"https:\/\/archiviocassano.lavocedelpaese.info\/index.php\/2012\/01\/06\/befana-in-piazza\/","url":"https:\/\/archiviocassano.lavocedelpaese.info\/index.php\/2012\/01\/06\/befana-in-piazza\/","name":"LA BEFANA, QUEST\u2019ANNO, E\u2019 ARRIVATA VOLANDO - Archivio CassanoWeb","isPartOf":{"@id":"https:\/\/archiviocassano.lavocedelpaese.info\/#website"},"datePublished":"2012-01-06T12:02:38+00:00","breadcrumb":{"@id":"https:\/\/archiviocassano.lavocedelpaese.info\/index.php\/2012\/01\/06\/befana-in-piazza\/#breadcrumb"},"inLanguage":"it-IT","potentialAction":[{"@type":"ReadAction","target":["https:\/\/archiviocassano.lavocedelpaese.info\/index.php\/2012\/01\/06\/befana-in-piazza\/"]}]},{"@type":"BreadcrumbList","@id":"https:\/\/archiviocassano.lavocedelpaese.info\/index.php\/2012\/01\/06\/befana-in-piazza\/#breadcrumb","itemListElement":[{"@type":"ListItem","position":1,"name":"Home","item":"https:\/\/archiviocassano.lavocedelpaese.info\/"},{"@type":"ListItem","position":2,"name":"LA BEFANA, QUEST\u2019ANNO, E\u2019 ARRIVATA VOLANDO"}]},{"@type":"WebSite","@id":"https:\/\/archiviocassano.lavocedelpaese.info\/#website","url":"https:\/\/archiviocassano.lavocedelpaese.info\/","name":"Archivio CassanoWeb","description":"La Voce del Paese - un network di idee","publisher":{"@id":"https:\/\/archiviocassano.lavocedelpaese.info\/#organization"},"potentialAction":[{"@type":"SearchAction","target":{"@type":"EntryPoint","urlTemplate":"https:\/\/archiviocassano.lavocedelpaese.info\/?s={search_term_string}"},"query-input":{"@type":"PropertyValueSpecification","valueRequired":true,"valueName":"search_term_string"}}],"inLanguage":"it-IT"},{"@type":"Organization","@id":"https:\/\/archiviocassano.lavocedelpaese.info\/#organization","name":"Archivio CassanoWeb","url":"https:\/\/archiviocassano.lavocedelpaese.info\/","logo":{"@type":"ImageObject","inLanguage":"it-IT","@id":"https:\/\/archiviocassano.lavocedelpaese.info\/#\/schema\/logo\/image\/","url":"https:\/\/archiviocassano.lavocedelpaese.info\/wp-content\/uploads\/2024\/08\/logo-rosso-2.png","contentUrl":"https:\/\/archiviocassano.lavocedelpaese.info\/wp-content\/uploads\/2024\/08\/logo-rosso-2.png","width":491,"height":432,"caption":"Archivio CassanoWeb"},"image":{"@id":"https:\/\/archiviocassano.lavocedelpaese.info\/#\/schema\/logo\/image\/"},"sameAs":["https:\/\/www.facebook.com\/redazione.cassanoweb"]},{"@type":"Person","@id":"https:\/\/archiviocassano.lavocedelpaese.info\/#\/schema\/person\/df195bc79a9b4c35127cf005f92e041b","name":"admin","image":{"@type":"ImageObject","inLanguage":"it-IT","@id":"https:\/\/secure.gravatar.com\/avatar\/eabba89a432e8eaa1b0207cc55f7e5340b22712b1ed80677efcf63e02ff5b235?s=96&d=mm&r=g","url":"https:\/\/secure.gravatar.com\/avatar\/eabba89a432e8eaa1b0207cc55f7e5340b22712b1ed80677efcf63e02ff5b235?s=96&d=mm&r=g","contentUrl":"https:\/\/secure.gravatar.com\/avatar\/eabba89a432e8eaa1b0207cc55f7e5340b22712b1ed80677efcf63e02ff5b235?s=96&d=mm&r=g","caption":"admin"},"sameAs":["https:\/\/archiviocassano.lavocedelpaese.info"],"url":"https:\/\/archiviocassano.lavocedelpaese.info\/index.php\/author\/admin_0qgz1xdp\/"}]}},"_links":{"self":[{"href":"https:\/\/archiviocassano.lavocedelpaese.info\/index.php\/wp-json\/wp\/v2\/posts\/5026","targetHints":{"allow":["GET"]}}],"collection":[{"href":"https:\/\/archiviocassano.lavocedelpaese.info\/index.php\/wp-json\/wp\/v2\/posts"}],"about":[{"href":"https:\/\/archiviocassano.lavocedelpaese.info\/index.php\/wp-json\/wp\/v2\/types\/post"}],"author":[{"embeddable":true,"href":"https:\/\/archiviocassano.lavocedelpaese.info\/index.php\/wp-json\/wp\/v2\/users\/1"}],"replies":[{"embeddable":true,"href":"https:\/\/archiviocassano.lavocedelpaese.info\/index.php\/wp-json\/wp\/v2\/comments?post=5026"}],"version-history":[{"count":0,"href":"https:\/\/archiviocassano.lavocedelpaese.info\/index.php\/wp-json\/wp\/v2\/posts\/5026\/revisions"}],"wp:attachment":[{"href":"https:\/\/archiviocassano.lavocedelpaese.info\/index.php\/wp-json\/wp\/v2\/media?parent=5026"}],"wp:term":[{"taxonomy":"category","embeddable":true,"href":"https:\/\/archiviocassano.lavocedelpaese.info\/index.php\/wp-json\/wp\/v2\/categories?post=5026"},{"taxonomy":"post_tag","embeddable":true,"href":"https:\/\/archiviocassano.lavocedelpaese.info\/index.php\/wp-json\/wp\/v2\/tags?post=5026"}],"curies":[{"name":"wp","href":"https:\/\/api.w.org\/{rel}","templated":true}]}}