{"id":5092,"date":"2012-01-17T08:08:55","date_gmt":"2012-01-17T08:08:55","guid":{"rendered":"https:\/\/archiviocassano.lavocedelpaese.info\/index.php\/2012\/01\/17\/giordano-qconosco-bene-chi-e-laterza-e-chi-e-croceq\/"},"modified":"2012-01-17T08:08:55","modified_gmt":"2012-01-17T08:08:55","slug":"giordano-qconosco-bene-chi-e-laterza-e-chi-e-croceq","status":"publish","type":"post","link":"https:\/\/archiviocassano.lavocedelpaese.info\/index.php\/2012\/01\/17\/giordano-qconosco-bene-chi-e-laterza-e-chi-e-croceq\/","title":{"rendered":"Giordano: &#8220;So bene chi \u00e8 Laterza e chi \u00e8 Croce&#8221;"},"content":{"rendered":"<p><img loading=\"lazy\" decoding=\"async\" class=\" size-full wp-image-5091\" style=\"margin-right: 2px; margin-left: 2px;\" alt=\"giordano e laterza\" src=\"https:\/\/archiviocassano.lavocedelpaese.info\/wp-content\/uploads\/2012\/01\/giordano_e_laterza.jpg\" width=\"320\" height=\"150\" srcset=\"https:\/\/archiviocassano.lavocedelpaese.info\/wp-content\/uploads\/2012\/01\/giordano_e_laterza.jpg 320w, https:\/\/archiviocassano.lavocedelpaese.info\/wp-content\/uploads\/2012\/01\/giordano_e_laterza-300x141.jpg 300w\" sizes=\"auto, (max-width: 320px) 100vw, 320px\" \/><\/p>\n<p><!--more--><\/p>\n<p>&nbsp;<\/p>\n<p><em>Dal prof. Antonio Giordano, riceviamo e pubblichiamo.<\/em><\/p>\n<p style=\"text-align: justify;\">In seguito al commento a firma del sig. Vito Surico, pubblicato su \u201clobiettivonline\u201d del 10 gennaio u.s., il mio editore, Giuseppe Laterza, mi ha trasmesso, tramite e-mail, la sua risposta inviata al sig. Surico, che vi invio, con preghiera di pubblicarla unitamente alla mia nota aggiuntiva, che vuol servire solo a fare ulteriore chiarezza ai fini di una corretta informazione.<\/p>\n<p>Testo mail della Edizioni Giuseppe Laterza S.r.l.<\/p>\n<p style=\"text-align: justify;\">Ill.mo prof. Giordano, qui di seguito trova il testo della mail inviata al sig. Surico.<br \/>Cordiali saluti,<br \/>Edizioni Giuseppe Laterza srl<br \/>&nbsp;<br \/>&nbsp;<br \/>Gent. Sig. Surico,<br \/>&nbsp;<br \/>leggo su &#8220;l&#8217;Obiettivo&#8221; il suo articolo sulla <a target=\"_blank\" href=\"cultura\/22002-presentato-il-nuovo-libro-di-antonio-giordano-qil-delitto-galiettiq.html\" rel=\"noopener\">presentazione del libro del prof. Antonio Giordano avvenuta a Cassano il 9 gennaio u.s.<\/a><br \/>Per dovere di cronaca, devo precisarle che il prof. Giordano, nel suo intervento conclusivo, nel ringraziarmi quale editore, Giuseppe Laterza, mi ha attribuito il titolo di &#8220;erede di una tradizione che vide il connubio dei nomi Croce-Laterza, o Laterza-Croce (Bari), quale grande momento storico di crescita culturale nazionale&#8221;.<br \/>Le vicende aziendali, i capitoli che ne determinano le sorti e le migrazioni in sedi diverse dalle originali, sono cosa diversa da una eredit\u00e0 familiare non in vendita ma frutto di assi ereditari relativi a persone fisiche.<br \/>Ecco perch\u00e9 oggi gli eredi di quei 5 fratelli (tra cui mio nonno) che fondarono la Laterza nel 1885, e l&#8217;ultimo subentrato, il pi\u00f9 giovane Giovanni, poi nel 1901 accettato per avviare il settore editoria, sono a pieno titolo i loro nipoti (Giuseppe, classe 1950) o pronipoti (Giuseppe, detto Pepe, classe 1957; Alessandro, classe 1958), specie se a vario titolo ancora impegnati nel mondo dell&#8217;editoria.<br \/>Quindi, lo storico Antonio Giordano, riferendosi con gratitudine verso di me come persona fisica, conoscendomi come convinto liberale crociano, sapendomi nel sodalizio familiare della &#8220;Gius. Laterza &amp; Figli&#8221; ancora nel 1964 come S.n.c., e poi come azionista della S.p.A. da lei citata fino al 1989, e definitivamente uscitone da questa proprio in dissidenza con le note disaffezioni espresse e attuate da Vito Laterza sul connubio Laterza-Croce, dice &#8211; quindi &#8211; il nostro Autore, cose giuste e inconfutabili, da vero storico di cui Cassano pu\u00f2 andare ben fiera.<br \/>Storia diversa \u00e8 quella delle societ\u00e0 di capitali, delle sigle editoriali &#8220;Laterza&#8221; in mano a maggioranze relative che ne determinano le sorti con capitali del Nord Italia (per esempio, la famiglia Mauri, ecc.) nel caso della S.p.A. Laterza attuale, che non pu\u00f2 annullare il mio diritto di essere erede del patrimonio di principi morali, di tradizioni verso l&#8217;operosit\u00e0 nella diffusione della cultura e l&#8217;impegno meridionalistico nel contesto di una visione europeistica, che fu di mio nonno e dei suoi fratelli, nonch\u00e9 di Benedetto Croce, eredit\u00e0 che \u00e8 frutto personale e non di mero opportunismo commerciale e di marketing.<br \/>Rispettiamo, quindi, il momento culturale che il prof. Antonio Giordano ha voluto creare con il suo intervento e il suo giudizio di storico, piuttosto che cadere nelle ragnatele delle &#8220;doverose puntualizzazioni&#8221; che suonano pretestuose, interessate e probabilmente lesive, frutto purtroppo di incompleta conoscenza dei fatti e degli uomini di cui si vuol parlare.<\/p>\n<p style=\"text-align: justify;\">Cordialmente,<br \/>Giuseppe Laterza (1950)<\/p>\n<p style=\"text-align: justify;\"><strong>Nota aggiuntiva del Prof. Antonio Giordano<\/strong><\/p>\n<p style=\"text-align: justify;\">Mi vedo costretto, mio malgrado, a rispondere al giovane Surico, solo per dovere di&nbsp; una corretta informazione, nei confronti dei miei concittadini, che la sera del 9 gennaio u.s. mi onorarono della loro presenza e di quelli che sono venuti a conoscenza dell\u2019evento tramite la stampa locale ed i giornali online.<br \/>Ritengo opportuno, prioritariamente, porre in risalto l\u2019atteggiamento da \u201cprofessorino\u201d, si fa per dire, del giovanotto, che \u00e8 salito in cattedra per impartire una lezione a chi ha fatto quel mestiere per un bel po\u2019 di anni.<br \/>Per dire, poi, cosa?<br \/>Poco, molto poco, sul mio intervento, in totale appena sei righi, o poco pi\u00f9, mentre ne ha impiegati cinque e mezzo per aprire una polemica del tutto fuori luogo, arbitraria, sterile, insomma senza alcun senso, che nulla ha avuto a che fare con il mio intervento e con&nbsp; il valore stesso della bella serata.<br \/>Insomma, anzich\u00e9 soffermarsi sul significato del libro e su tutti i vari interventi ( in proposito \u00e8 da annotare che non ha speso una parola sull\u2019intervento dell\u2019editore Giuseppe Laterza e appena tre righi su quello dell\u2019Autore della postfazione Dott. Capozzolo), si \u00e8 lasciato ispirare dal \u201cdovere di cronaca\u201d, per scrivere quanto segue: <br \/>&lt;&lt; (\u2026). Giordano ha anche sottolineato il \u201cprivilegio\u201d di essere stato pubblicato dalla casa editrice che ha pubblicato anche Croce, ma qui l\u2019omonimia ha forse un po\u2019 confuso le idee. Per dovere di cronaca, ci corre l\u2019obbligo di evidenziare, umilmente, che la \u201cEdizioni Giuseppe Laterza\u201d (editrice del suo volume) \u00e8 nata nel 2011, e non pu\u00f2 ovviamente essere quella che ha pubblicato Benedetto Croce. La storica\u201dGiuseppe Laterza e Figli\u201d, oggi con sede legale a Roma e amministrativa a Bari, nata nel lontano 1911, \u00e8 quella che vide la collaborazione tra Giovanni Laterza e lo storico Benedetto Croce, ed \u00e8 indubbiamente altra casa editrice &gt;&gt;.<br \/>Premesso che solo uno sprovveduto, e non certo uno come me,&nbsp; che ha alle spalle diverse pubblicazioni, poteva affermare fesserie del genere, ovvero fare confusione tra due case editrici diverse, sicuramente al giovanotto sar\u00e0 sfuggito che, nei panni di storico, posi in evidenza che al grande Maestro Benedetto Croce si deve il merito di aver propugnato, nel campo storiografico, il \u201cmetodo\u201d o \u201cmethodos\u201d basato sulla ricerca e sulla documentazione, che da lui prese nome di \u201cmetodo crociano\u201d.<br \/>Quindi, accennai soltanto al lungo rapporto che leg\u00f2 il grande storico e filosofo dell\u2019Idealismo al nome \u201cLaterza\u201d e, quindi, alla Casa Editrice che, all\u2019epoca del rapporto con Croce, ovviamente, era la \u201cEditore Giuseppe Laterza &amp; Figli\u201d.<br \/>Piuttosto, mi stupisce non poco il fatto che il giovanotto abbia dimenticato che di Benedetto Croce, della sua rivista letteraria \u201c La Critica\u201d e della prestigiosa Casa editrice \u201cGiuseppe Laterza &amp; Figli\u201d, dalla quale fu pubblicata, scrissi sul periodico L\u2019Obiettivo n. 81 dell\u2019ottobre\/novembre 2009, Parte Seconda, ovvero una delle nove puntate da me dedicate alle Riviste letterarie del Novecento.<br \/>In quel contesto, spiegai che la rivista \u201cLa Critica\u201d, della quale conservo gelosamente alcuni fascicoli, fu l\u2019organo dell\u2019Idealismo e conobbe la luce agli albori del Novecento, ovvero nel 1903, insieme ad altre due grandi riviste letterarie ( dissi anche questo durante il mio intervento) e precisamente \u201cIl Leonardo\u201d di Giovanni Papini e \u201cIl Regno\u201d di Enrico Corradini, organo del Pragmatismo l\u2019uno e del nazionalismo l\u2019altro.<br \/>La rivista \u201cLa Critica\u201d, pubblicata, dunque, nel 1903, come ho gi\u00e0 detto, dal prestigioso \u201cEditore Giuseppe Laterza &amp; Figli\u201d,&nbsp; rimase in vita fino al 1944, mentre dal 1945 al 1951 furono pubblicati&nbsp; i \u201cQuaderni della Critica\u201d.<br \/>Ecco, dunque, la ragione per la quale accostai il prestigioso nome \u201cLaterza\u201d a quello di Benedetto Croce.<br \/>Infine, ringraziai lo stimatissimo amico editore, Giuseppe Laterza, per l\u2019onore che mi aveva concesso pubblicando il mio libro.<br \/>Tutto qui.<br \/>Qualcuno, intravvedendo una inspiegabile divagazione e forzatura nelle parole del Surico, oltre che un atteggiamento irriguardoso nei miei confronti, quando dice che \u201c l\u2019omonimia ha forse confuso un po\u2019 le idee\u201d, mi ha chiesto: \u201cma questo giovanotto, da te, che vuole ?\u201d.<br \/>In verit\u00e0, credo di saperlo, ma ho scelto di non rispondere.<\/p>\n<p style=\"text-align: right;\">Prof. Antonio Giordano<br \/>Cassano delle Murge, 12\/01\/2012<\/p>\n<p>&nbsp;<\/p>\n","protected":false},"excerpt":{"rendered":"","protected":false},"author":1,"featured_media":5091,"comment_status":"open","ping_status":"closed","sticky":false,"template":"","format":"standard","meta":{"colormag_page_container_layout":"default_layout","colormag_page_sidebar_layout":"default_layout","footnotes":""},"categories":[9],"tags":[],"class_list":["post-5092","post","type-post","status-publish","format-standard","has-post-thumbnail","hentry","category-la-voce-del-paese"],"yoast_head":"<!-- This site is optimized with the Yoast SEO plugin v27.5 - https:\/\/yoast.com\/product\/yoast-seo-wordpress\/ -->\n<title>Giordano: &quot;So bene chi \u00e8 Laterza e chi \u00e8 Croce&quot; - Archivio CassanoWeb<\/title>\n<meta name=\"robots\" content=\"index, follow, max-snippet:-1, max-image-preview:large, max-video-preview:-1\" \/>\n<link rel=\"canonical\" href=\"https:\/\/archiviocassano.lavocedelpaese.info\/index.php\/2012\/01\/17\/giordano-qconosco-bene-chi-e-laterza-e-chi-e-croceq\/\" \/>\n<meta property=\"og:locale\" content=\"it_IT\" \/>\n<meta property=\"og:type\" content=\"article\" \/>\n<meta property=\"og:title\" content=\"Giordano: &quot;So bene chi \u00e8 Laterza e chi \u00e8 Croce&quot; - Archivio CassanoWeb\" \/>\n<meta property=\"og:url\" content=\"https:\/\/archiviocassano.lavocedelpaese.info\/index.php\/2012\/01\/17\/giordano-qconosco-bene-chi-e-laterza-e-chi-e-croceq\/\" \/>\n<meta property=\"og:site_name\" content=\"Archivio CassanoWeb\" \/>\n<meta property=\"article:publisher\" content=\"https:\/\/www.facebook.com\/redazione.cassanoweb\" \/>\n<meta property=\"article:published_time\" content=\"2012-01-17T08:08:55+00:00\" \/>\n<meta property=\"og:image\" content=\"https:\/\/archiviocassano.lavocedelpaese.info\/wp-content\/uploads\/2012\/01\/giordano_e_laterza.jpg\" \/>\n\t<meta property=\"og:image:width\" content=\"320\" \/>\n\t<meta property=\"og:image:height\" content=\"150\" \/>\n\t<meta property=\"og:image:type\" content=\"image\/jpeg\" \/>\n<meta name=\"author\" content=\"admin\" \/>\n<meta name=\"twitter:card\" content=\"summary_large_image\" \/>\n<meta name=\"twitter:label1\" content=\"Scritto da\" \/>\n\t<meta name=\"twitter:data1\" content=\"admin\" \/>\n\t<meta name=\"twitter:label2\" content=\"Tempo di lettura stimato\" \/>\n\t<meta name=\"twitter:data2\" content=\"6 minuti\" \/>\n<script type=\"application\/ld+json\" class=\"yoast-schema-graph\">{\"@context\":\"https:\\\/\\\/schema.org\",\"@graph\":[{\"@type\":\"Article\",\"@id\":\"https:\\\/\\\/archiviocassano.lavocedelpaese.info\\\/index.php\\\/2012\\\/01\\\/17\\\/giordano-qconosco-bene-chi-e-laterza-e-chi-e-croceq\\\/#article\",\"isPartOf\":{\"@id\":\"https:\\\/\\\/archiviocassano.lavocedelpaese.info\\\/index.php\\\/2012\\\/01\\\/17\\\/giordano-qconosco-bene-chi-e-laterza-e-chi-e-croceq\\\/\"},\"author\":{\"name\":\"admin\",\"@id\":\"https:\\\/\\\/archiviocassano.lavocedelpaese.info\\\/#\\\/schema\\\/person\\\/df195bc79a9b4c35127cf005f92e041b\"},\"headline\":\"Giordano: &#8220;So bene chi \u00e8 Laterza e chi \u00e8 Croce&#8221;\",\"datePublished\":\"2012-01-17T08:08:55+00:00\",\"mainEntityOfPage\":{\"@id\":\"https:\\\/\\\/archiviocassano.lavocedelpaese.info\\\/index.php\\\/2012\\\/01\\\/17\\\/giordano-qconosco-bene-chi-e-laterza-e-chi-e-croceq\\\/\"},\"wordCount\":1207,\"commentCount\":0,\"publisher\":{\"@id\":\"https:\\\/\\\/archiviocassano.lavocedelpaese.info\\\/#organization\"},\"image\":{\"@id\":\"https:\\\/\\\/archiviocassano.lavocedelpaese.info\\\/index.php\\\/2012\\\/01\\\/17\\\/giordano-qconosco-bene-chi-e-laterza-e-chi-e-croceq\\\/#primaryimage\"},\"thumbnailUrl\":\"https:\\\/\\\/archiviocassano.lavocedelpaese.info\\\/wp-content\\\/uploads\\\/2012\\\/01\\\/giordano_e_laterza.jpg\",\"articleSection\":[\"La voce del paese\"],\"inLanguage\":\"it-IT\",\"potentialAction\":[{\"@type\":\"CommentAction\",\"name\":\"Comment\",\"target\":[\"https:\\\/\\\/archiviocassano.lavocedelpaese.info\\\/index.php\\\/2012\\\/01\\\/17\\\/giordano-qconosco-bene-chi-e-laterza-e-chi-e-croceq\\\/#respond\"]}]},{\"@type\":\"WebPage\",\"@id\":\"https:\\\/\\\/archiviocassano.lavocedelpaese.info\\\/index.php\\\/2012\\\/01\\\/17\\\/giordano-qconosco-bene-chi-e-laterza-e-chi-e-croceq\\\/\",\"url\":\"https:\\\/\\\/archiviocassano.lavocedelpaese.info\\\/index.php\\\/2012\\\/01\\\/17\\\/giordano-qconosco-bene-chi-e-laterza-e-chi-e-croceq\\\/\",\"name\":\"Giordano: \\\"So bene chi \u00e8 Laterza e chi \u00e8 Croce\\\" - Archivio CassanoWeb\",\"isPartOf\":{\"@id\":\"https:\\\/\\\/archiviocassano.lavocedelpaese.info\\\/#website\"},\"primaryImageOfPage\":{\"@id\":\"https:\\\/\\\/archiviocassano.lavocedelpaese.info\\\/index.php\\\/2012\\\/01\\\/17\\\/giordano-qconosco-bene-chi-e-laterza-e-chi-e-croceq\\\/#primaryimage\"},\"image\":{\"@id\":\"https:\\\/\\\/archiviocassano.lavocedelpaese.info\\\/index.php\\\/2012\\\/01\\\/17\\\/giordano-qconosco-bene-chi-e-laterza-e-chi-e-croceq\\\/#primaryimage\"},\"thumbnailUrl\":\"https:\\\/\\\/archiviocassano.lavocedelpaese.info\\\/wp-content\\\/uploads\\\/2012\\\/01\\\/giordano_e_laterza.jpg\",\"datePublished\":\"2012-01-17T08:08:55+00:00\",\"breadcrumb\":{\"@id\":\"https:\\\/\\\/archiviocassano.lavocedelpaese.info\\\/index.php\\\/2012\\\/01\\\/17\\\/giordano-qconosco-bene-chi-e-laterza-e-chi-e-croceq\\\/#breadcrumb\"},\"inLanguage\":\"it-IT\",\"potentialAction\":[{\"@type\":\"ReadAction\",\"target\":[\"https:\\\/\\\/archiviocassano.lavocedelpaese.info\\\/index.php\\\/2012\\\/01\\\/17\\\/giordano-qconosco-bene-chi-e-laterza-e-chi-e-croceq\\\/\"]}]},{\"@type\":\"ImageObject\",\"inLanguage\":\"it-IT\",\"@id\":\"https:\\\/\\\/archiviocassano.lavocedelpaese.info\\\/index.php\\\/2012\\\/01\\\/17\\\/giordano-qconosco-bene-chi-e-laterza-e-chi-e-croceq\\\/#primaryimage\",\"url\":\"https:\\\/\\\/archiviocassano.lavocedelpaese.info\\\/wp-content\\\/uploads\\\/2012\\\/01\\\/giordano_e_laterza.jpg\",\"contentUrl\":\"https:\\\/\\\/archiviocassano.lavocedelpaese.info\\\/wp-content\\\/uploads\\\/2012\\\/01\\\/giordano_e_laterza.jpg\",\"width\":320,\"height\":150,\"caption\":\"giordano e laterza\"},{\"@type\":\"BreadcrumbList\",\"@id\":\"https:\\\/\\\/archiviocassano.lavocedelpaese.info\\\/index.php\\\/2012\\\/01\\\/17\\\/giordano-qconosco-bene-chi-e-laterza-e-chi-e-croceq\\\/#breadcrumb\",\"itemListElement\":[{\"@type\":\"ListItem\",\"position\":1,\"name\":\"Home\",\"item\":\"https:\\\/\\\/archiviocassano.lavocedelpaese.info\\\/\"},{\"@type\":\"ListItem\",\"position\":2,\"name\":\"Giordano: &#8220;So bene chi \u00e8 Laterza e chi \u00e8 Croce&#8221;\"}]},{\"@type\":\"WebSite\",\"@id\":\"https:\\\/\\\/archiviocassano.lavocedelpaese.info\\\/#website\",\"url\":\"https:\\\/\\\/archiviocassano.lavocedelpaese.info\\\/\",\"name\":\"Archivio CassanoWeb\",\"description\":\"La Voce del Paese - un network di idee\",\"publisher\":{\"@id\":\"https:\\\/\\\/archiviocassano.lavocedelpaese.info\\\/#organization\"},\"potentialAction\":[{\"@type\":\"SearchAction\",\"target\":{\"@type\":\"EntryPoint\",\"urlTemplate\":\"https:\\\/\\\/archiviocassano.lavocedelpaese.info\\\/?s={search_term_string}\"},\"query-input\":{\"@type\":\"PropertyValueSpecification\",\"valueRequired\":true,\"valueName\":\"search_term_string\"}}],\"inLanguage\":\"it-IT\"},{\"@type\":\"Organization\",\"@id\":\"https:\\\/\\\/archiviocassano.lavocedelpaese.info\\\/#organization\",\"name\":\"Archivio CassanoWeb\",\"url\":\"https:\\\/\\\/archiviocassano.lavocedelpaese.info\\\/\",\"logo\":{\"@type\":\"ImageObject\",\"inLanguage\":\"it-IT\",\"@id\":\"https:\\\/\\\/archiviocassano.lavocedelpaese.info\\\/#\\\/schema\\\/logo\\\/image\\\/\",\"url\":\"https:\\\/\\\/archiviocassano.lavocedelpaese.info\\\/wp-content\\\/uploads\\\/2024\\\/08\\\/logo-rosso-2.png\",\"contentUrl\":\"https:\\\/\\\/archiviocassano.lavocedelpaese.info\\\/wp-content\\\/uploads\\\/2024\\\/08\\\/logo-rosso-2.png\",\"width\":491,\"height\":432,\"caption\":\"Archivio CassanoWeb\"},\"image\":{\"@id\":\"https:\\\/\\\/archiviocassano.lavocedelpaese.info\\\/#\\\/schema\\\/logo\\\/image\\\/\"},\"sameAs\":[\"https:\\\/\\\/www.facebook.com\\\/redazione.cassanoweb\"]},{\"@type\":\"Person\",\"@id\":\"https:\\\/\\\/archiviocassano.lavocedelpaese.info\\\/#\\\/schema\\\/person\\\/df195bc79a9b4c35127cf005f92e041b\",\"name\":\"admin\",\"image\":{\"@type\":\"ImageObject\",\"inLanguage\":\"it-IT\",\"@id\":\"https:\\\/\\\/secure.gravatar.com\\\/avatar\\\/eabba89a432e8eaa1b0207cc55f7e5340b22712b1ed80677efcf63e02ff5b235?s=96&d=mm&r=g\",\"url\":\"https:\\\/\\\/secure.gravatar.com\\\/avatar\\\/eabba89a432e8eaa1b0207cc55f7e5340b22712b1ed80677efcf63e02ff5b235?s=96&d=mm&r=g\",\"contentUrl\":\"https:\\\/\\\/secure.gravatar.com\\\/avatar\\\/eabba89a432e8eaa1b0207cc55f7e5340b22712b1ed80677efcf63e02ff5b235?s=96&d=mm&r=g\",\"caption\":\"admin\"},\"sameAs\":[\"https:\\\/\\\/archiviocassano.lavocedelpaese.info\"],\"url\":\"https:\\\/\\\/archiviocassano.lavocedelpaese.info\\\/index.php\\\/author\\\/admin_0qgz1xdp\\\/\"}]}<\/script>\n<!-- \/ Yoast SEO plugin. -->","yoast_head_json":{"title":"Giordano: \"So bene chi \u00e8 Laterza e chi \u00e8 Croce\" - Archivio CassanoWeb","robots":{"index":"index","follow":"follow","max-snippet":"max-snippet:-1","max-image-preview":"max-image-preview:large","max-video-preview":"max-video-preview:-1"},"canonical":"https:\/\/archiviocassano.lavocedelpaese.info\/index.php\/2012\/01\/17\/giordano-qconosco-bene-chi-e-laterza-e-chi-e-croceq\/","og_locale":"it_IT","og_type":"article","og_title":"Giordano: \"So bene chi \u00e8 Laterza e chi \u00e8 Croce\" - Archivio CassanoWeb","og_url":"https:\/\/archiviocassano.lavocedelpaese.info\/index.php\/2012\/01\/17\/giordano-qconosco-bene-chi-e-laterza-e-chi-e-croceq\/","og_site_name":"Archivio CassanoWeb","article_publisher":"https:\/\/www.facebook.com\/redazione.cassanoweb","article_published_time":"2012-01-17T08:08:55+00:00","og_image":[{"width":320,"height":150,"url":"https:\/\/archiviocassano.lavocedelpaese.info\/wp-content\/uploads\/2012\/01\/giordano_e_laterza.jpg","type":"image\/jpeg"}],"author":"admin","twitter_card":"summary_large_image","twitter_misc":{"Scritto da":"admin","Tempo di lettura stimato":"6 minuti"},"schema":{"@context":"https:\/\/schema.org","@graph":[{"@type":"Article","@id":"https:\/\/archiviocassano.lavocedelpaese.info\/index.php\/2012\/01\/17\/giordano-qconosco-bene-chi-e-laterza-e-chi-e-croceq\/#article","isPartOf":{"@id":"https:\/\/archiviocassano.lavocedelpaese.info\/index.php\/2012\/01\/17\/giordano-qconosco-bene-chi-e-laterza-e-chi-e-croceq\/"},"author":{"name":"admin","@id":"https:\/\/archiviocassano.lavocedelpaese.info\/#\/schema\/person\/df195bc79a9b4c35127cf005f92e041b"},"headline":"Giordano: &#8220;So bene chi \u00e8 Laterza e chi \u00e8 Croce&#8221;","datePublished":"2012-01-17T08:08:55+00:00","mainEntityOfPage":{"@id":"https:\/\/archiviocassano.lavocedelpaese.info\/index.php\/2012\/01\/17\/giordano-qconosco-bene-chi-e-laterza-e-chi-e-croceq\/"},"wordCount":1207,"commentCount":0,"publisher":{"@id":"https:\/\/archiviocassano.lavocedelpaese.info\/#organization"},"image":{"@id":"https:\/\/archiviocassano.lavocedelpaese.info\/index.php\/2012\/01\/17\/giordano-qconosco-bene-chi-e-laterza-e-chi-e-croceq\/#primaryimage"},"thumbnailUrl":"https:\/\/archiviocassano.lavocedelpaese.info\/wp-content\/uploads\/2012\/01\/giordano_e_laterza.jpg","articleSection":["La voce del paese"],"inLanguage":"it-IT","potentialAction":[{"@type":"CommentAction","name":"Comment","target":["https:\/\/archiviocassano.lavocedelpaese.info\/index.php\/2012\/01\/17\/giordano-qconosco-bene-chi-e-laterza-e-chi-e-croceq\/#respond"]}]},{"@type":"WebPage","@id":"https:\/\/archiviocassano.lavocedelpaese.info\/index.php\/2012\/01\/17\/giordano-qconosco-bene-chi-e-laterza-e-chi-e-croceq\/","url":"https:\/\/archiviocassano.lavocedelpaese.info\/index.php\/2012\/01\/17\/giordano-qconosco-bene-chi-e-laterza-e-chi-e-croceq\/","name":"Giordano: \"So bene chi \u00e8 Laterza e chi \u00e8 Croce\" - Archivio CassanoWeb","isPartOf":{"@id":"https:\/\/archiviocassano.lavocedelpaese.info\/#website"},"primaryImageOfPage":{"@id":"https:\/\/archiviocassano.lavocedelpaese.info\/index.php\/2012\/01\/17\/giordano-qconosco-bene-chi-e-laterza-e-chi-e-croceq\/#primaryimage"},"image":{"@id":"https:\/\/archiviocassano.lavocedelpaese.info\/index.php\/2012\/01\/17\/giordano-qconosco-bene-chi-e-laterza-e-chi-e-croceq\/#primaryimage"},"thumbnailUrl":"https:\/\/archiviocassano.lavocedelpaese.info\/wp-content\/uploads\/2012\/01\/giordano_e_laterza.jpg","datePublished":"2012-01-17T08:08:55+00:00","breadcrumb":{"@id":"https:\/\/archiviocassano.lavocedelpaese.info\/index.php\/2012\/01\/17\/giordano-qconosco-bene-chi-e-laterza-e-chi-e-croceq\/#breadcrumb"},"inLanguage":"it-IT","potentialAction":[{"@type":"ReadAction","target":["https:\/\/archiviocassano.lavocedelpaese.info\/index.php\/2012\/01\/17\/giordano-qconosco-bene-chi-e-laterza-e-chi-e-croceq\/"]}]},{"@type":"ImageObject","inLanguage":"it-IT","@id":"https:\/\/archiviocassano.lavocedelpaese.info\/index.php\/2012\/01\/17\/giordano-qconosco-bene-chi-e-laterza-e-chi-e-croceq\/#primaryimage","url":"https:\/\/archiviocassano.lavocedelpaese.info\/wp-content\/uploads\/2012\/01\/giordano_e_laterza.jpg","contentUrl":"https:\/\/archiviocassano.lavocedelpaese.info\/wp-content\/uploads\/2012\/01\/giordano_e_laterza.jpg","width":320,"height":150,"caption":"giordano e laterza"},{"@type":"BreadcrumbList","@id":"https:\/\/archiviocassano.lavocedelpaese.info\/index.php\/2012\/01\/17\/giordano-qconosco-bene-chi-e-laterza-e-chi-e-croceq\/#breadcrumb","itemListElement":[{"@type":"ListItem","position":1,"name":"Home","item":"https:\/\/archiviocassano.lavocedelpaese.info\/"},{"@type":"ListItem","position":2,"name":"Giordano: &#8220;So bene chi \u00e8 Laterza e chi \u00e8 Croce&#8221;"}]},{"@type":"WebSite","@id":"https:\/\/archiviocassano.lavocedelpaese.info\/#website","url":"https:\/\/archiviocassano.lavocedelpaese.info\/","name":"Archivio CassanoWeb","description":"La Voce del Paese - un network di idee","publisher":{"@id":"https:\/\/archiviocassano.lavocedelpaese.info\/#organization"},"potentialAction":[{"@type":"SearchAction","target":{"@type":"EntryPoint","urlTemplate":"https:\/\/archiviocassano.lavocedelpaese.info\/?s={search_term_string}"},"query-input":{"@type":"PropertyValueSpecification","valueRequired":true,"valueName":"search_term_string"}}],"inLanguage":"it-IT"},{"@type":"Organization","@id":"https:\/\/archiviocassano.lavocedelpaese.info\/#organization","name":"Archivio CassanoWeb","url":"https:\/\/archiviocassano.lavocedelpaese.info\/","logo":{"@type":"ImageObject","inLanguage":"it-IT","@id":"https:\/\/archiviocassano.lavocedelpaese.info\/#\/schema\/logo\/image\/","url":"https:\/\/archiviocassano.lavocedelpaese.info\/wp-content\/uploads\/2024\/08\/logo-rosso-2.png","contentUrl":"https:\/\/archiviocassano.lavocedelpaese.info\/wp-content\/uploads\/2024\/08\/logo-rosso-2.png","width":491,"height":432,"caption":"Archivio CassanoWeb"},"image":{"@id":"https:\/\/archiviocassano.lavocedelpaese.info\/#\/schema\/logo\/image\/"},"sameAs":["https:\/\/www.facebook.com\/redazione.cassanoweb"]},{"@type":"Person","@id":"https:\/\/archiviocassano.lavocedelpaese.info\/#\/schema\/person\/df195bc79a9b4c35127cf005f92e041b","name":"admin","image":{"@type":"ImageObject","inLanguage":"it-IT","@id":"https:\/\/secure.gravatar.com\/avatar\/eabba89a432e8eaa1b0207cc55f7e5340b22712b1ed80677efcf63e02ff5b235?s=96&d=mm&r=g","url":"https:\/\/secure.gravatar.com\/avatar\/eabba89a432e8eaa1b0207cc55f7e5340b22712b1ed80677efcf63e02ff5b235?s=96&d=mm&r=g","contentUrl":"https:\/\/secure.gravatar.com\/avatar\/eabba89a432e8eaa1b0207cc55f7e5340b22712b1ed80677efcf63e02ff5b235?s=96&d=mm&r=g","caption":"admin"},"sameAs":["https:\/\/archiviocassano.lavocedelpaese.info"],"url":"https:\/\/archiviocassano.lavocedelpaese.info\/index.php\/author\/admin_0qgz1xdp\/"}]}},"_links":{"self":[{"href":"https:\/\/archiviocassano.lavocedelpaese.info\/index.php\/wp-json\/wp\/v2\/posts\/5092","targetHints":{"allow":["GET"]}}],"collection":[{"href":"https:\/\/archiviocassano.lavocedelpaese.info\/index.php\/wp-json\/wp\/v2\/posts"}],"about":[{"href":"https:\/\/archiviocassano.lavocedelpaese.info\/index.php\/wp-json\/wp\/v2\/types\/post"}],"author":[{"embeddable":true,"href":"https:\/\/archiviocassano.lavocedelpaese.info\/index.php\/wp-json\/wp\/v2\/users\/1"}],"replies":[{"embeddable":true,"href":"https:\/\/archiviocassano.lavocedelpaese.info\/index.php\/wp-json\/wp\/v2\/comments?post=5092"}],"version-history":[{"count":0,"href":"https:\/\/archiviocassano.lavocedelpaese.info\/index.php\/wp-json\/wp\/v2\/posts\/5092\/revisions"}],"wp:featuredmedia":[{"embeddable":true,"href":"https:\/\/archiviocassano.lavocedelpaese.info\/index.php\/wp-json\/wp\/v2\/media\/5091"}],"wp:attachment":[{"href":"https:\/\/archiviocassano.lavocedelpaese.info\/index.php\/wp-json\/wp\/v2\/media?parent=5092"}],"wp:term":[{"taxonomy":"category","embeddable":true,"href":"https:\/\/archiviocassano.lavocedelpaese.info\/index.php\/wp-json\/wp\/v2\/categories?post=5092"},{"taxonomy":"post_tag","embeddable":true,"href":"https:\/\/archiviocassano.lavocedelpaese.info\/index.php\/wp-json\/wp\/v2\/tags?post=5092"}],"curies":[{"name":"wp","href":"https:\/\/api.w.org\/{rel}","templated":true}]}}