{"id":5192,"date":"2012-02-03T07:18:19","date_gmt":"2012-02-03T07:18:19","guid":{"rendered":"https:\/\/archiviocassano.lavocedelpaese.info\/index.php\/2012\/02\/03\/unire-shoa-e-foibe-non-ci-sto\/"},"modified":"2012-02-03T07:18:19","modified_gmt":"2012-02-03T07:18:19","slug":"unire-shoa-e-foibe-non-ci-sto","status":"publish","type":"post","link":"https:\/\/archiviocassano.lavocedelpaese.info\/index.php\/2012\/02\/03\/unire-shoa-e-foibe-non-ci-sto\/","title":{"rendered":"Unire Memoria della Shoa e Foibe? Non ci sto!"},"content":{"rendered":"<p><img loading=\"lazy\" decoding=\"async\" class=\" size-full wp-image-5191\" style=\"margin-right: 2px; margin-left: 2px;\" alt=\"vitolionetti\" src=\"https:\/\/archiviocassano.lavocedelpaese.info\/wp-content\/uploads\/2012\/02\/vitolionetti.jpg\" width=\"320\" height=\"150\" srcset=\"https:\/\/archiviocassano.lavocedelpaese.info\/wp-content\/uploads\/2012\/02\/vitolionetti.jpg 320w, https:\/\/archiviocassano.lavocedelpaese.info\/wp-content\/uploads\/2012\/02\/vitolionetti-300x141.jpg 300w\" sizes=\"auto, (max-width: 320px) 100vw, 320px\" \/><\/p>\n<p><!--more--><\/p>\n<p style=\"text-align: justify;\">Come insegnante non condivido la scelta dell\u2019Amministrazione comunale di celebrare il giorno 11 febbraio&nbsp; il ricordo di due avvenimenti storici diversi.<br \/>E\u2019 una decisione profondamente sbagliata ed inaccettabile perch\u00e9 contribuisce a creare confusione, disinformazione storica negli alunni e contraddice le motivazioni per cui il legislatore ha voluto istituire le ricorrenze storiche in date diverse e con diverse motivazioni:<br \/>Il Giorno della Memoria \u00e8 una ricorrenza istituita dal Parlamento italiano con legge n. 211 del 20 luglio 2000 aderendo ad una proposta internazionale di dichiarare il 27 gennaio come giornata in commemorazione delle vittime del nazismo e del fascismo, dell&#8217;Olocausto di un intero popolo con milioni di vittime dell\u2019odio razziale.<\/p>\n<p style=\"text-align: justify;\">Il testo dell&#8217;articolo 1 della legge definisce cos\u00ec le finalit\u00e0 del Giorno della Memoria: <br \/><em>\u00abLa Repubblica italiana riconosce il giorno 27 gennaio, data dell&#8217;abbattimento dei cancelli di Auschwitz, &#8220;Giorno della Memoria&#8221;, al fine di ricordare la Shoah (sterminio del popolo ebraico), le leggi razziali, la persecuzione italiana dei cittadini ebrei, gli italiani che hanno sub\u00ecto la deportazione, la prigionia, la morte, nonch\u00e9 coloro che, anche in campi e schieramenti diversi, si sono opposti al progetto di sterminio, ed a rischio della propria vita hanno salvato altre vite e protetto i perseguitati. \u00bb<\/em><\/p>\n<p style=\"text-align: justify;\">In questi strani tempi appare sempre pi\u00f9 necessario \u201cricordare\u201d correttamente,&nbsp; perch\u00e9 uno&nbsp; spettro inquietante&nbsp; si appalesa sempre di pi\u00f9: quello del \u201cnegazionismo\u201d. Si negano le deportazioni;&nbsp; si negano i campi di sterminio, dove all\u2019uomo si \u00e8 demolita ogni dignit\u00e0;&nbsp; si nega la vigliaccheria dell\u2019uccisione di bambini strappati alle loro madri a loro volta massacrate.&nbsp; Ritornano, sempre pi\u00f9 spesso termini, frasi e giustificazioni intollerabili quali: &#8211; la Shoa \u00e8 una invenzione dei Sionisti -.<br \/>Questo tentativo di negare che questo orrore \u00e8 avvenuto serpeggia nei movimenti neonazisti e neofascisti europei, che ancora una volta si alleano con i Paesi musulmani pi\u00f9 radicali (vedi Iraq) in una federazione davvero allarmante e pericolosa. Questa pratica va combattuta con determinazione, con leggi specifiche contro il negazionismo e che perseguano penalmente chi queste frasi scrive o pronuncia.<br \/>Esiste gi\u00e0 una direttiva europea che va in questo senso e che il nostro Paese non ha ancora adottato e tramutato in legge. <br \/>Ma soprattutto questo scellerato tentativo di negare si combatte con la formazione dei giovani, che non pu\u00f2 prescindere da una precisa lettura, analisi e riflessione degli avvenimenti storici nel loro contesto senza infingimenti e confusioni. Questa manifestazione va proprio nel senso opposto e rischia di alimentare la corrente ideologica del negazionismo.<\/p>\n<p style=\"text-align: justify;\">D\u2019altra parte&nbsp; confondere gli avvenimenti non fa onore neanche ai morti delle Foibe.<\/p>\n<p style=\"text-align: justify;\">Morti che per molto tempo sono stati dimenticati e che hanno la stessa dignit\u00e0 e gli stessi diritti ad essere commemorati e che un\u2019altra legge dello Stato (legge 30 marzo 2004 n. 92) ha provveduto a rivalutare&nbsp; istituendo il giorno del ricordo:<br \/><em>&#8220;La Repubblica riconosce il 10 febbraio quale &#8220;Giorno del ricordo&#8221; al fine di conservare e rinnovare la memoria della tragedia degli italiani e di tutte le vittime delle foibe, dell&#8217;esodo dalle loro terre degli istriani, fiumani e dalmati nel secondo dopoguerra e della pi\u00f9 complessa vicenda del confine orientale. Nella giornata [&#8230;] sono previste iniziative per diffondere la conoscenza dei tragici eventi presso i giovani delle scuole di ogni ordine e grado\u2026<\/em>&#8220;<\/p>\n<p style=\"text-align: justify;\"><strong>Perch\u00e9 dunque rimescolare le carte? Per rimediare al fatto che nessuna iniziativa \u00e8 stata promossa il 27 gennaio? Che avrebbe reso discriminante il corteo dell\u201911 febbraio evidentemente gi\u00e0 programmato.<\/strong><br \/>Oppure una precisa scelta politica ed ideologica?&nbsp; O le due cose insieme?<\/p>\n<p style=\"text-align: justify;\">La scuola non pu\u00f2 essere coinvolta in scelte pedagogicamente e didatticamente sbagliate, (a tale proposito \u00e8 bene chiarire che non \u00e8 affatto vero che l\u2019iniziativa \u00e8 stata \u201cconcordata con la scuola elementare\u201d come \u00e8 stato detto; alla scuola primaria \u00e8 giunto un invito, che non vuol dire concordare, a cui ogni insegnante sar\u00e0 libero di aderire o meno).<\/p>\n<p style=\"text-align: justify;\">Una comunit\u00e0 ha il dovere verso le nuove generazioni di essere \u201ceducante\u201d .<\/p>\n<p style=\"text-align: justify;\">La scuola fa bene il proprio dovere. Se altre Istituzioni vogliono contribuire lo facciano in modo efficace. In questo caso se gli obiettivi educativi sono quelli di evidenziare: l\u2019orrore dell\u2019odio razziale; l\u2019assurdit\u00e0 delle guerre come sistema per risolvere le controversie internazionali; la negativit\u00e0 degli ideologismi di qualsiasi colore. Se questo \u00e8 l\u2019obiettivo allora, con spirito costruttivo faccio una proposta: l\u2019 Amministrazione comunale inviti i protagonisti ancora in vita di queste tristi vicende a rendere testimonianza ai nostri giovani (si potrebbe chiamare qualche &#8220;erede morale&#8221; della scomparsa signora Elisa Springer sopravvissuta ad Auschwitz, autrice del libro \u201cIl silenzio dei vivi\u201d,&nbsp; in passato gi\u00e0 ospite della nostra comunit\u00e0, insieme ad un deportato o sfollato delle terre istriane scampato alle persecuzione dei \u201ctitini\u201d). <br \/>Il racconto di chi ha vissuto sulla propria carne il dramma della persecuzione o della deportazione ha un grande impatto emotivo e rimane impresso nel cuore prima ancora che nella memoria.<\/p>\n<p style=\"text-align: justify;\">Lo si faccia senza clamore, bande e cortei con autentico spirito di servizio.<\/p>\n<p>&nbsp;<\/p>\n","protected":false},"excerpt":{"rendered":"","protected":false},"author":1,"featured_media":5191,"comment_status":"open","ping_status":"closed","sticky":false,"template":"","format":"standard","meta":{"colormag_page_container_layout":"default_layout","colormag_page_sidebar_layout":"default_layout","footnotes":""},"categories":[9],"tags":[],"class_list":["post-5192","post","type-post","status-publish","format-standard","has-post-thumbnail","hentry","category-la-voce-del-paese"],"yoast_head":"<!-- This site is optimized with the Yoast SEO plugin v27.5 - https:\/\/yoast.com\/product\/yoast-seo-wordpress\/ -->\n<title>Unire Memoria della Shoa e Foibe? Non ci sto! - Archivio CassanoWeb<\/title>\n<meta name=\"robots\" content=\"index, follow, max-snippet:-1, max-image-preview:large, max-video-preview:-1\" \/>\n<link rel=\"canonical\" href=\"https:\/\/archiviocassano.lavocedelpaese.info\/index.php\/2012\/02\/03\/unire-shoa-e-foibe-non-ci-sto\/\" \/>\n<meta property=\"og:locale\" content=\"it_IT\" \/>\n<meta property=\"og:type\" content=\"article\" \/>\n<meta property=\"og:title\" content=\"Unire Memoria della Shoa e Foibe? Non ci sto! - Archivio CassanoWeb\" \/>\n<meta property=\"og:url\" content=\"https:\/\/archiviocassano.lavocedelpaese.info\/index.php\/2012\/02\/03\/unire-shoa-e-foibe-non-ci-sto\/\" \/>\n<meta property=\"og:site_name\" content=\"Archivio CassanoWeb\" \/>\n<meta property=\"article:publisher\" content=\"https:\/\/www.facebook.com\/redazione.cassanoweb\" \/>\n<meta property=\"article:published_time\" content=\"2012-02-03T07:18:19+00:00\" \/>\n<meta property=\"og:image\" content=\"https:\/\/archiviocassano.lavocedelpaese.info\/wp-content\/uploads\/2012\/02\/vitolionetti.jpg\" \/>\n\t<meta property=\"og:image:width\" content=\"320\" \/>\n\t<meta property=\"og:image:height\" content=\"150\" \/>\n\t<meta property=\"og:image:type\" content=\"image\/jpeg\" \/>\n<meta name=\"author\" content=\"admin\" \/>\n<meta name=\"twitter:card\" content=\"summary_large_image\" \/>\n<meta name=\"twitter:label1\" content=\"Scritto da\" \/>\n\t<meta name=\"twitter:data1\" content=\"admin\" \/>\n\t<meta name=\"twitter:label2\" content=\"Tempo di lettura stimato\" \/>\n\t<meta name=\"twitter:data2\" content=\"4 minuti\" \/>\n<script type=\"application\/ld+json\" class=\"yoast-schema-graph\">{\"@context\":\"https:\\\/\\\/schema.org\",\"@graph\":[{\"@type\":\"Article\",\"@id\":\"https:\\\/\\\/archiviocassano.lavocedelpaese.info\\\/index.php\\\/2012\\\/02\\\/03\\\/unire-shoa-e-foibe-non-ci-sto\\\/#article\",\"isPartOf\":{\"@id\":\"https:\\\/\\\/archiviocassano.lavocedelpaese.info\\\/index.php\\\/2012\\\/02\\\/03\\\/unire-shoa-e-foibe-non-ci-sto\\\/\"},\"author\":{\"name\":\"admin\",\"@id\":\"https:\\\/\\\/archiviocassano.lavocedelpaese.info\\\/#\\\/schema\\\/person\\\/df195bc79a9b4c35127cf005f92e041b\"},\"headline\":\"Unire Memoria della Shoa e Foibe? Non ci sto!\",\"datePublished\":\"2012-02-03T07:18:19+00:00\",\"mainEntityOfPage\":{\"@id\":\"https:\\\/\\\/archiviocassano.lavocedelpaese.info\\\/index.php\\\/2012\\\/02\\\/03\\\/unire-shoa-e-foibe-non-ci-sto\\\/\"},\"wordCount\":821,\"commentCount\":0,\"publisher\":{\"@id\":\"https:\\\/\\\/archiviocassano.lavocedelpaese.info\\\/#organization\"},\"image\":{\"@id\":\"https:\\\/\\\/archiviocassano.lavocedelpaese.info\\\/index.php\\\/2012\\\/02\\\/03\\\/unire-shoa-e-foibe-non-ci-sto\\\/#primaryimage\"},\"thumbnailUrl\":\"https:\\\/\\\/archiviocassano.lavocedelpaese.info\\\/wp-content\\\/uploads\\\/2012\\\/02\\\/vitolionetti.jpg\",\"articleSection\":[\"La voce del paese\"],\"inLanguage\":\"it-IT\",\"potentialAction\":[{\"@type\":\"CommentAction\",\"name\":\"Comment\",\"target\":[\"https:\\\/\\\/archiviocassano.lavocedelpaese.info\\\/index.php\\\/2012\\\/02\\\/03\\\/unire-shoa-e-foibe-non-ci-sto\\\/#respond\"]}]},{\"@type\":\"WebPage\",\"@id\":\"https:\\\/\\\/archiviocassano.lavocedelpaese.info\\\/index.php\\\/2012\\\/02\\\/03\\\/unire-shoa-e-foibe-non-ci-sto\\\/\",\"url\":\"https:\\\/\\\/archiviocassano.lavocedelpaese.info\\\/index.php\\\/2012\\\/02\\\/03\\\/unire-shoa-e-foibe-non-ci-sto\\\/\",\"name\":\"Unire Memoria della Shoa e Foibe? Non ci sto! - Archivio CassanoWeb\",\"isPartOf\":{\"@id\":\"https:\\\/\\\/archiviocassano.lavocedelpaese.info\\\/#website\"},\"primaryImageOfPage\":{\"@id\":\"https:\\\/\\\/archiviocassano.lavocedelpaese.info\\\/index.php\\\/2012\\\/02\\\/03\\\/unire-shoa-e-foibe-non-ci-sto\\\/#primaryimage\"},\"image\":{\"@id\":\"https:\\\/\\\/archiviocassano.lavocedelpaese.info\\\/index.php\\\/2012\\\/02\\\/03\\\/unire-shoa-e-foibe-non-ci-sto\\\/#primaryimage\"},\"thumbnailUrl\":\"https:\\\/\\\/archiviocassano.lavocedelpaese.info\\\/wp-content\\\/uploads\\\/2012\\\/02\\\/vitolionetti.jpg\",\"datePublished\":\"2012-02-03T07:18:19+00:00\",\"breadcrumb\":{\"@id\":\"https:\\\/\\\/archiviocassano.lavocedelpaese.info\\\/index.php\\\/2012\\\/02\\\/03\\\/unire-shoa-e-foibe-non-ci-sto\\\/#breadcrumb\"},\"inLanguage\":\"it-IT\",\"potentialAction\":[{\"@type\":\"ReadAction\",\"target\":[\"https:\\\/\\\/archiviocassano.lavocedelpaese.info\\\/index.php\\\/2012\\\/02\\\/03\\\/unire-shoa-e-foibe-non-ci-sto\\\/\"]}]},{\"@type\":\"ImageObject\",\"inLanguage\":\"it-IT\",\"@id\":\"https:\\\/\\\/archiviocassano.lavocedelpaese.info\\\/index.php\\\/2012\\\/02\\\/03\\\/unire-shoa-e-foibe-non-ci-sto\\\/#primaryimage\",\"url\":\"https:\\\/\\\/archiviocassano.lavocedelpaese.info\\\/wp-content\\\/uploads\\\/2012\\\/02\\\/vitolionetti.jpg\",\"contentUrl\":\"https:\\\/\\\/archiviocassano.lavocedelpaese.info\\\/wp-content\\\/uploads\\\/2012\\\/02\\\/vitolionetti.jpg\",\"width\":320,\"height\":150,\"caption\":\"vitolionetti\"},{\"@type\":\"BreadcrumbList\",\"@id\":\"https:\\\/\\\/archiviocassano.lavocedelpaese.info\\\/index.php\\\/2012\\\/02\\\/03\\\/unire-shoa-e-foibe-non-ci-sto\\\/#breadcrumb\",\"itemListElement\":[{\"@type\":\"ListItem\",\"position\":1,\"name\":\"Home\",\"item\":\"https:\\\/\\\/archiviocassano.lavocedelpaese.info\\\/\"},{\"@type\":\"ListItem\",\"position\":2,\"name\":\"Unire Memoria della Shoa e Foibe? Non ci sto!\"}]},{\"@type\":\"WebSite\",\"@id\":\"https:\\\/\\\/archiviocassano.lavocedelpaese.info\\\/#website\",\"url\":\"https:\\\/\\\/archiviocassano.lavocedelpaese.info\\\/\",\"name\":\"Archivio CassanoWeb\",\"description\":\"La Voce del Paese - un network di idee\",\"publisher\":{\"@id\":\"https:\\\/\\\/archiviocassano.lavocedelpaese.info\\\/#organization\"},\"potentialAction\":[{\"@type\":\"SearchAction\",\"target\":{\"@type\":\"EntryPoint\",\"urlTemplate\":\"https:\\\/\\\/archiviocassano.lavocedelpaese.info\\\/?s={search_term_string}\"},\"query-input\":{\"@type\":\"PropertyValueSpecification\",\"valueRequired\":true,\"valueName\":\"search_term_string\"}}],\"inLanguage\":\"it-IT\"},{\"@type\":\"Organization\",\"@id\":\"https:\\\/\\\/archiviocassano.lavocedelpaese.info\\\/#organization\",\"name\":\"Archivio CassanoWeb\",\"url\":\"https:\\\/\\\/archiviocassano.lavocedelpaese.info\\\/\",\"logo\":{\"@type\":\"ImageObject\",\"inLanguage\":\"it-IT\",\"@id\":\"https:\\\/\\\/archiviocassano.lavocedelpaese.info\\\/#\\\/schema\\\/logo\\\/image\\\/\",\"url\":\"https:\\\/\\\/archiviocassano.lavocedelpaese.info\\\/wp-content\\\/uploads\\\/2024\\\/08\\\/logo-rosso-2.png\",\"contentUrl\":\"https:\\\/\\\/archiviocassano.lavocedelpaese.info\\\/wp-content\\\/uploads\\\/2024\\\/08\\\/logo-rosso-2.png\",\"width\":491,\"height\":432,\"caption\":\"Archivio CassanoWeb\"},\"image\":{\"@id\":\"https:\\\/\\\/archiviocassano.lavocedelpaese.info\\\/#\\\/schema\\\/logo\\\/image\\\/\"},\"sameAs\":[\"https:\\\/\\\/www.facebook.com\\\/redazione.cassanoweb\"]},{\"@type\":\"Person\",\"@id\":\"https:\\\/\\\/archiviocassano.lavocedelpaese.info\\\/#\\\/schema\\\/person\\\/df195bc79a9b4c35127cf005f92e041b\",\"name\":\"admin\",\"image\":{\"@type\":\"ImageObject\",\"inLanguage\":\"it-IT\",\"@id\":\"https:\\\/\\\/secure.gravatar.com\\\/avatar\\\/eabba89a432e8eaa1b0207cc55f7e5340b22712b1ed80677efcf63e02ff5b235?s=96&d=mm&r=g\",\"url\":\"https:\\\/\\\/secure.gravatar.com\\\/avatar\\\/eabba89a432e8eaa1b0207cc55f7e5340b22712b1ed80677efcf63e02ff5b235?s=96&d=mm&r=g\",\"contentUrl\":\"https:\\\/\\\/secure.gravatar.com\\\/avatar\\\/eabba89a432e8eaa1b0207cc55f7e5340b22712b1ed80677efcf63e02ff5b235?s=96&d=mm&r=g\",\"caption\":\"admin\"},\"sameAs\":[\"https:\\\/\\\/archiviocassano.lavocedelpaese.info\"],\"url\":\"https:\\\/\\\/archiviocassano.lavocedelpaese.info\\\/index.php\\\/author\\\/admin_0qgz1xdp\\\/\"}]}<\/script>\n<!-- \/ Yoast SEO plugin. -->","yoast_head_json":{"title":"Unire Memoria della Shoa e Foibe? Non ci sto! - Archivio CassanoWeb","robots":{"index":"index","follow":"follow","max-snippet":"max-snippet:-1","max-image-preview":"max-image-preview:large","max-video-preview":"max-video-preview:-1"},"canonical":"https:\/\/archiviocassano.lavocedelpaese.info\/index.php\/2012\/02\/03\/unire-shoa-e-foibe-non-ci-sto\/","og_locale":"it_IT","og_type":"article","og_title":"Unire Memoria della Shoa e Foibe? Non ci sto! - Archivio CassanoWeb","og_url":"https:\/\/archiviocassano.lavocedelpaese.info\/index.php\/2012\/02\/03\/unire-shoa-e-foibe-non-ci-sto\/","og_site_name":"Archivio CassanoWeb","article_publisher":"https:\/\/www.facebook.com\/redazione.cassanoweb","article_published_time":"2012-02-03T07:18:19+00:00","og_image":[{"width":320,"height":150,"url":"https:\/\/archiviocassano.lavocedelpaese.info\/wp-content\/uploads\/2012\/02\/vitolionetti.jpg","type":"image\/jpeg"}],"author":"admin","twitter_card":"summary_large_image","twitter_misc":{"Scritto da":"admin","Tempo di lettura stimato":"4 minuti"},"schema":{"@context":"https:\/\/schema.org","@graph":[{"@type":"Article","@id":"https:\/\/archiviocassano.lavocedelpaese.info\/index.php\/2012\/02\/03\/unire-shoa-e-foibe-non-ci-sto\/#article","isPartOf":{"@id":"https:\/\/archiviocassano.lavocedelpaese.info\/index.php\/2012\/02\/03\/unire-shoa-e-foibe-non-ci-sto\/"},"author":{"name":"admin","@id":"https:\/\/archiviocassano.lavocedelpaese.info\/#\/schema\/person\/df195bc79a9b4c35127cf005f92e041b"},"headline":"Unire Memoria della Shoa e Foibe? Non ci sto!","datePublished":"2012-02-03T07:18:19+00:00","mainEntityOfPage":{"@id":"https:\/\/archiviocassano.lavocedelpaese.info\/index.php\/2012\/02\/03\/unire-shoa-e-foibe-non-ci-sto\/"},"wordCount":821,"commentCount":0,"publisher":{"@id":"https:\/\/archiviocassano.lavocedelpaese.info\/#organization"},"image":{"@id":"https:\/\/archiviocassano.lavocedelpaese.info\/index.php\/2012\/02\/03\/unire-shoa-e-foibe-non-ci-sto\/#primaryimage"},"thumbnailUrl":"https:\/\/archiviocassano.lavocedelpaese.info\/wp-content\/uploads\/2012\/02\/vitolionetti.jpg","articleSection":["La voce del paese"],"inLanguage":"it-IT","potentialAction":[{"@type":"CommentAction","name":"Comment","target":["https:\/\/archiviocassano.lavocedelpaese.info\/index.php\/2012\/02\/03\/unire-shoa-e-foibe-non-ci-sto\/#respond"]}]},{"@type":"WebPage","@id":"https:\/\/archiviocassano.lavocedelpaese.info\/index.php\/2012\/02\/03\/unire-shoa-e-foibe-non-ci-sto\/","url":"https:\/\/archiviocassano.lavocedelpaese.info\/index.php\/2012\/02\/03\/unire-shoa-e-foibe-non-ci-sto\/","name":"Unire Memoria della Shoa e Foibe? Non ci sto! - Archivio CassanoWeb","isPartOf":{"@id":"https:\/\/archiviocassano.lavocedelpaese.info\/#website"},"primaryImageOfPage":{"@id":"https:\/\/archiviocassano.lavocedelpaese.info\/index.php\/2012\/02\/03\/unire-shoa-e-foibe-non-ci-sto\/#primaryimage"},"image":{"@id":"https:\/\/archiviocassano.lavocedelpaese.info\/index.php\/2012\/02\/03\/unire-shoa-e-foibe-non-ci-sto\/#primaryimage"},"thumbnailUrl":"https:\/\/archiviocassano.lavocedelpaese.info\/wp-content\/uploads\/2012\/02\/vitolionetti.jpg","datePublished":"2012-02-03T07:18:19+00:00","breadcrumb":{"@id":"https:\/\/archiviocassano.lavocedelpaese.info\/index.php\/2012\/02\/03\/unire-shoa-e-foibe-non-ci-sto\/#breadcrumb"},"inLanguage":"it-IT","potentialAction":[{"@type":"ReadAction","target":["https:\/\/archiviocassano.lavocedelpaese.info\/index.php\/2012\/02\/03\/unire-shoa-e-foibe-non-ci-sto\/"]}]},{"@type":"ImageObject","inLanguage":"it-IT","@id":"https:\/\/archiviocassano.lavocedelpaese.info\/index.php\/2012\/02\/03\/unire-shoa-e-foibe-non-ci-sto\/#primaryimage","url":"https:\/\/archiviocassano.lavocedelpaese.info\/wp-content\/uploads\/2012\/02\/vitolionetti.jpg","contentUrl":"https:\/\/archiviocassano.lavocedelpaese.info\/wp-content\/uploads\/2012\/02\/vitolionetti.jpg","width":320,"height":150,"caption":"vitolionetti"},{"@type":"BreadcrumbList","@id":"https:\/\/archiviocassano.lavocedelpaese.info\/index.php\/2012\/02\/03\/unire-shoa-e-foibe-non-ci-sto\/#breadcrumb","itemListElement":[{"@type":"ListItem","position":1,"name":"Home","item":"https:\/\/archiviocassano.lavocedelpaese.info\/"},{"@type":"ListItem","position":2,"name":"Unire Memoria della Shoa e Foibe? Non ci sto!"}]},{"@type":"WebSite","@id":"https:\/\/archiviocassano.lavocedelpaese.info\/#website","url":"https:\/\/archiviocassano.lavocedelpaese.info\/","name":"Archivio CassanoWeb","description":"La Voce del Paese - un network di idee","publisher":{"@id":"https:\/\/archiviocassano.lavocedelpaese.info\/#organization"},"potentialAction":[{"@type":"SearchAction","target":{"@type":"EntryPoint","urlTemplate":"https:\/\/archiviocassano.lavocedelpaese.info\/?s={search_term_string}"},"query-input":{"@type":"PropertyValueSpecification","valueRequired":true,"valueName":"search_term_string"}}],"inLanguage":"it-IT"},{"@type":"Organization","@id":"https:\/\/archiviocassano.lavocedelpaese.info\/#organization","name":"Archivio CassanoWeb","url":"https:\/\/archiviocassano.lavocedelpaese.info\/","logo":{"@type":"ImageObject","inLanguage":"it-IT","@id":"https:\/\/archiviocassano.lavocedelpaese.info\/#\/schema\/logo\/image\/","url":"https:\/\/archiviocassano.lavocedelpaese.info\/wp-content\/uploads\/2024\/08\/logo-rosso-2.png","contentUrl":"https:\/\/archiviocassano.lavocedelpaese.info\/wp-content\/uploads\/2024\/08\/logo-rosso-2.png","width":491,"height":432,"caption":"Archivio CassanoWeb"},"image":{"@id":"https:\/\/archiviocassano.lavocedelpaese.info\/#\/schema\/logo\/image\/"},"sameAs":["https:\/\/www.facebook.com\/redazione.cassanoweb"]},{"@type":"Person","@id":"https:\/\/archiviocassano.lavocedelpaese.info\/#\/schema\/person\/df195bc79a9b4c35127cf005f92e041b","name":"admin","image":{"@type":"ImageObject","inLanguage":"it-IT","@id":"https:\/\/secure.gravatar.com\/avatar\/eabba89a432e8eaa1b0207cc55f7e5340b22712b1ed80677efcf63e02ff5b235?s=96&d=mm&r=g","url":"https:\/\/secure.gravatar.com\/avatar\/eabba89a432e8eaa1b0207cc55f7e5340b22712b1ed80677efcf63e02ff5b235?s=96&d=mm&r=g","contentUrl":"https:\/\/secure.gravatar.com\/avatar\/eabba89a432e8eaa1b0207cc55f7e5340b22712b1ed80677efcf63e02ff5b235?s=96&d=mm&r=g","caption":"admin"},"sameAs":["https:\/\/archiviocassano.lavocedelpaese.info"],"url":"https:\/\/archiviocassano.lavocedelpaese.info\/index.php\/author\/admin_0qgz1xdp\/"}]}},"_links":{"self":[{"href":"https:\/\/archiviocassano.lavocedelpaese.info\/index.php\/wp-json\/wp\/v2\/posts\/5192","targetHints":{"allow":["GET"]}}],"collection":[{"href":"https:\/\/archiviocassano.lavocedelpaese.info\/index.php\/wp-json\/wp\/v2\/posts"}],"about":[{"href":"https:\/\/archiviocassano.lavocedelpaese.info\/index.php\/wp-json\/wp\/v2\/types\/post"}],"author":[{"embeddable":true,"href":"https:\/\/archiviocassano.lavocedelpaese.info\/index.php\/wp-json\/wp\/v2\/users\/1"}],"replies":[{"embeddable":true,"href":"https:\/\/archiviocassano.lavocedelpaese.info\/index.php\/wp-json\/wp\/v2\/comments?post=5192"}],"version-history":[{"count":0,"href":"https:\/\/archiviocassano.lavocedelpaese.info\/index.php\/wp-json\/wp\/v2\/posts\/5192\/revisions"}],"wp:featuredmedia":[{"embeddable":true,"href":"https:\/\/archiviocassano.lavocedelpaese.info\/index.php\/wp-json\/wp\/v2\/media\/5191"}],"wp:attachment":[{"href":"https:\/\/archiviocassano.lavocedelpaese.info\/index.php\/wp-json\/wp\/v2\/media?parent=5192"}],"wp:term":[{"taxonomy":"category","embeddable":true,"href":"https:\/\/archiviocassano.lavocedelpaese.info\/index.php\/wp-json\/wp\/v2\/categories?post=5192"},{"taxonomy":"post_tag","embeddable":true,"href":"https:\/\/archiviocassano.lavocedelpaese.info\/index.php\/wp-json\/wp\/v2\/tags?post=5192"}],"curies":[{"name":"wp","href":"https:\/\/api.w.org\/{rel}","templated":true}]}}