{"id":540,"date":"2009-11-06T17:48:31","date_gmt":"2009-11-06T17:48:31","guid":{"rendered":"https:\/\/archiviocassano.lavocedelpaese.info\/index.php\/2009\/11\/06\/dalla-cgil-un-invito-per-la-manifestazione-di-roma\/"},"modified":"2009-11-06T17:48:31","modified_gmt":"2009-11-06T17:48:31","slug":"dalla-cgil-un-invito-per-la-manifestazione-di-roma","status":"publish","type":"post","link":"https:\/\/archiviocassano.lavocedelpaese.info\/index.php\/2009\/11\/06\/dalla-cgil-un-invito-per-la-manifestazione-di-roma\/","title":{"rendered":"DALLA CGIL UN INVITO PER ROMA"},"content":{"rendered":"<p><img loading=\"lazy\" decoding=\"async\" class=\" size-full wp-image-539\" height=\"156\" width=\"320\" src=\"https:\/\/archiviocassano.lavocedelpaese.info\/wp-content\/uploads\/2009\/11\/logo_cgil.jpg\" alt=\"logo_cgil\" srcset=\"https:\/\/archiviocassano.lavocedelpaese.info\/wp-content\/uploads\/2009\/11\/logo_cgil.jpg 410w, https:\/\/archiviocassano.lavocedelpaese.info\/wp-content\/uploads\/2009\/11\/logo_cgil-300x146.jpg 300w\" sizes=\"auto, (max-width: 320px) 100vw, 320px\" \/> <\/p>\n<p><!--more--><\/p>\n<p style=\"text-align: justify;\">La Camera del Lavoro di Cassano Murge informa che il <strong>14 novembre 2009 <\/strong><st1:personname productid=\"la CGIL\"><strong>la CGIL<\/strong><\/st1:personname> organizzer\u00e0 a Roma una grande manifestazione nazionale. \u201cLo scopo \u2013 spiega in un comunicato il coordinatore cittadino, Giuseppe Angilecchia &#8211; \u00e8 portare in piazza la condizione del lavoro, organizzando per quella data un evento che non potr\u00e0 essere taciuto, cercando cos\u00ec di evitare l&#8217;oscuramento delle persone e delle vertenze, mentre la politica \u00e8 impelagata in giganteschi problemi istituzionali. Di fronte ad una crisi che assume dimensioni preoccupanti e che coinvolge drammaticamente tutto il territorio nazionale, una crisi che nessuno ha pi\u00f9 il coraggio di sottovalutare, negare o nascondere, <st1:personname productid=\"la CGIL\">la CGIL<\/st1:personname> ribadisce la necessit\u00e0 di dare voce e visibilit\u00e0 al lavoro con la manifestazione nazionale di sabato 14 novembre 2009.<\/p>\n<div style=\"text-align: justify;\"><\/div>\n<p style=\"text-align: justify;\">Queste le rivendicazioni concrete alla base della manifestazione:<\/p>\n<div style=\"text-align: justify;\">\n<ol start=\"1\">\n<li>il raddoppio del periodo di cassa integrazione, portandola da <st1:metricconverter productid=\"52 a\">52 a<\/st1:metricconverter> 104 settimane; <\/li>\n<li>l&#8217;aumento dell&#8217;indennit\u00e0 di CIG; <\/li>\n<li>l&#8217;avvio di una vera riforma degli ammortizzatori sociali; <\/li>\n<li>l&#8217;aumento e l&#8217;estensione dell&#8217;indennit\u00e0 di disoccupazione per tutte le figure interessate od escluse dal beneficio; <\/li>\n<li>sostegno alle richieste avanzate unitariamente dal Sindacato pensionati in materia di adeguamento delle pensioni, non autosufficienza, welfare; <\/li>\n<li>rilancio delle politiche di sanit\u00e0 e scuola pubblica; <\/li>\n<li>apertura di un tavolo di confronto per il superamento del precariato ed assunzione dei precari della Pubblica Amministrazione a partire da quelli della scuola; <\/li>\n<li>riduzione delle tasse su lavoro e pensioni, rilancio di una seria lotta all&#8217;evasione fiscale che rischia di essere ulteriormente compromessa dai provvedimenti assunti dal Governo in materia di \u201cscudo fiscale e rientro dei capitali dall&#8217;estero\u201d; <\/li>\n<li>predisposizioni di un piano di investimenti, immediatamente spendibili, finalizzato al recupero del patrimonio pubblico, edilizia scolastica, casa, riassetto idrogeologico, risparmio energetico ed energie alternative; <\/li>\n<li>allentamento del patto di stabilit\u00e0 che consenta ai Comuni di rendere immediatamente cantierabili interventi di edilizia pubblica o per il sostegno al welfare\u201d.<\/li>\n<\/ol>\n<\/div>\n<p style=\"text-align: justify;\"><strong>Per poter partecipare alla manifestazione \u00e8 possibile usufruire del pullman messo a disposizione dalla Camera del Lavoro di Cassano. Per informazioni ed adesioni rivolgersi in via dei Mille 7\/9, tel 080 775935.<\/strong><\/p>\n","protected":false},"excerpt":{"rendered":"","protected":false},"author":1,"featured_media":539,"comment_status":"open","ping_status":"closed","sticky":false,"template":"","format":"standard","meta":{"colormag_page_container_layout":"default_layout","colormag_page_sidebar_layout":"default_layout","footnotes":""},"categories":[7],"tags":[],"class_list":["post-540","post","type-post","status-publish","format-standard","has-post-thumbnail","hentry","category-attualita"],"yoast_head":"<!-- This site is optimized with the Yoast SEO plugin v27.5 - https:\/\/yoast.com\/product\/yoast-seo-wordpress\/ -->\n<title>DALLA CGIL UN INVITO PER ROMA - Archivio CassanoWeb<\/title>\n<meta name=\"robots\" content=\"index, follow, max-snippet:-1, max-image-preview:large, max-video-preview:-1\" \/>\n<link rel=\"canonical\" href=\"https:\/\/archiviocassano.lavocedelpaese.info\/index.php\/2009\/11\/06\/dalla-cgil-un-invito-per-la-manifestazione-di-roma\/\" \/>\n<meta property=\"og:locale\" content=\"it_IT\" \/>\n<meta property=\"og:type\" content=\"article\" \/>\n<meta property=\"og:title\" content=\"DALLA CGIL UN INVITO PER ROMA - Archivio CassanoWeb\" \/>\n<meta property=\"og:url\" content=\"https:\/\/archiviocassano.lavocedelpaese.info\/index.php\/2009\/11\/06\/dalla-cgil-un-invito-per-la-manifestazione-di-roma\/\" \/>\n<meta property=\"og:site_name\" content=\"Archivio CassanoWeb\" \/>\n<meta property=\"article:publisher\" content=\"https:\/\/www.facebook.com\/redazione.cassanoweb\" \/>\n<meta property=\"article:published_time\" content=\"2009-11-06T17:48:31+00:00\" \/>\n<meta property=\"og:image\" content=\"https:\/\/archiviocassano.lavocedelpaese.info\/wp-content\/uploads\/2009\/11\/logo_cgil.jpg\" \/>\n\t<meta property=\"og:image:width\" content=\"410\" \/>\n\t<meta property=\"og:image:height\" content=\"200\" \/>\n\t<meta property=\"og:image:type\" content=\"image\/jpeg\" \/>\n<meta name=\"author\" content=\"admin\" \/>\n<meta name=\"twitter:card\" content=\"summary_large_image\" \/>\n<meta name=\"twitter:label1\" content=\"Scritto da\" \/>\n\t<meta name=\"twitter:data1\" content=\"admin\" \/>\n\t<meta name=\"twitter:label2\" content=\"Tempo di lettura stimato\" \/>\n\t<meta name=\"twitter:data2\" content=\"2 minuti\" \/>\n<script type=\"application\/ld+json\" class=\"yoast-schema-graph\">{\"@context\":\"https:\\\/\\\/schema.org\",\"@graph\":[{\"@type\":\"Article\",\"@id\":\"https:\\\/\\\/archiviocassano.lavocedelpaese.info\\\/index.php\\\/2009\\\/11\\\/06\\\/dalla-cgil-un-invito-per-la-manifestazione-di-roma\\\/#article\",\"isPartOf\":{\"@id\":\"https:\\\/\\\/archiviocassano.lavocedelpaese.info\\\/index.php\\\/2009\\\/11\\\/06\\\/dalla-cgil-un-invito-per-la-manifestazione-di-roma\\\/\"},\"author\":{\"name\":\"admin\",\"@id\":\"https:\\\/\\\/archiviocassano.lavocedelpaese.info\\\/#\\\/schema\\\/person\\\/df195bc79a9b4c35127cf005f92e041b\"},\"headline\":\"DALLA CGIL UN INVITO PER ROMA\",\"datePublished\":\"2009-11-06T17:48:31+00:00\",\"mainEntityOfPage\":{\"@id\":\"https:\\\/\\\/archiviocassano.lavocedelpaese.info\\\/index.php\\\/2009\\\/11\\\/06\\\/dalla-cgil-un-invito-per-la-manifestazione-di-roma\\\/\"},\"wordCount\":337,\"commentCount\":0,\"publisher\":{\"@id\":\"https:\\\/\\\/archiviocassano.lavocedelpaese.info\\\/#organization\"},\"image\":{\"@id\":\"https:\\\/\\\/archiviocassano.lavocedelpaese.info\\\/index.php\\\/2009\\\/11\\\/06\\\/dalla-cgil-un-invito-per-la-manifestazione-di-roma\\\/#primaryimage\"},\"thumbnailUrl\":\"https:\\\/\\\/archiviocassano.lavocedelpaese.info\\\/wp-content\\\/uploads\\\/2009\\\/11\\\/logo_cgil.jpg\",\"articleSection\":[\"Attualit\u00e0\"],\"inLanguage\":\"it-IT\",\"potentialAction\":[{\"@type\":\"CommentAction\",\"name\":\"Comment\",\"target\":[\"https:\\\/\\\/archiviocassano.lavocedelpaese.info\\\/index.php\\\/2009\\\/11\\\/06\\\/dalla-cgil-un-invito-per-la-manifestazione-di-roma\\\/#respond\"]}]},{\"@type\":\"WebPage\",\"@id\":\"https:\\\/\\\/archiviocassano.lavocedelpaese.info\\\/index.php\\\/2009\\\/11\\\/06\\\/dalla-cgil-un-invito-per-la-manifestazione-di-roma\\\/\",\"url\":\"https:\\\/\\\/archiviocassano.lavocedelpaese.info\\\/index.php\\\/2009\\\/11\\\/06\\\/dalla-cgil-un-invito-per-la-manifestazione-di-roma\\\/\",\"name\":\"DALLA CGIL UN INVITO PER ROMA - Archivio CassanoWeb\",\"isPartOf\":{\"@id\":\"https:\\\/\\\/archiviocassano.lavocedelpaese.info\\\/#website\"},\"primaryImageOfPage\":{\"@id\":\"https:\\\/\\\/archiviocassano.lavocedelpaese.info\\\/index.php\\\/2009\\\/11\\\/06\\\/dalla-cgil-un-invito-per-la-manifestazione-di-roma\\\/#primaryimage\"},\"image\":{\"@id\":\"https:\\\/\\\/archiviocassano.lavocedelpaese.info\\\/index.php\\\/2009\\\/11\\\/06\\\/dalla-cgil-un-invito-per-la-manifestazione-di-roma\\\/#primaryimage\"},\"thumbnailUrl\":\"https:\\\/\\\/archiviocassano.lavocedelpaese.info\\\/wp-content\\\/uploads\\\/2009\\\/11\\\/logo_cgil.jpg\",\"datePublished\":\"2009-11-06T17:48:31+00:00\",\"breadcrumb\":{\"@id\":\"https:\\\/\\\/archiviocassano.lavocedelpaese.info\\\/index.php\\\/2009\\\/11\\\/06\\\/dalla-cgil-un-invito-per-la-manifestazione-di-roma\\\/#breadcrumb\"},\"inLanguage\":\"it-IT\",\"potentialAction\":[{\"@type\":\"ReadAction\",\"target\":[\"https:\\\/\\\/archiviocassano.lavocedelpaese.info\\\/index.php\\\/2009\\\/11\\\/06\\\/dalla-cgil-un-invito-per-la-manifestazione-di-roma\\\/\"]}]},{\"@type\":\"ImageObject\",\"inLanguage\":\"it-IT\",\"@id\":\"https:\\\/\\\/archiviocassano.lavocedelpaese.info\\\/index.php\\\/2009\\\/11\\\/06\\\/dalla-cgil-un-invito-per-la-manifestazione-di-roma\\\/#primaryimage\",\"url\":\"https:\\\/\\\/archiviocassano.lavocedelpaese.info\\\/wp-content\\\/uploads\\\/2009\\\/11\\\/logo_cgil.jpg\",\"contentUrl\":\"https:\\\/\\\/archiviocassano.lavocedelpaese.info\\\/wp-content\\\/uploads\\\/2009\\\/11\\\/logo_cgil.jpg\",\"width\":410,\"height\":200,\"caption\":\"logo_cgil\"},{\"@type\":\"BreadcrumbList\",\"@id\":\"https:\\\/\\\/archiviocassano.lavocedelpaese.info\\\/index.php\\\/2009\\\/11\\\/06\\\/dalla-cgil-un-invito-per-la-manifestazione-di-roma\\\/#breadcrumb\",\"itemListElement\":[{\"@type\":\"ListItem\",\"position\":1,\"name\":\"Home\",\"item\":\"https:\\\/\\\/archiviocassano.lavocedelpaese.info\\\/\"},{\"@type\":\"ListItem\",\"position\":2,\"name\":\"DALLA CGIL UN INVITO PER ROMA\"}]},{\"@type\":\"WebSite\",\"@id\":\"https:\\\/\\\/archiviocassano.lavocedelpaese.info\\\/#website\",\"url\":\"https:\\\/\\\/archiviocassano.lavocedelpaese.info\\\/\",\"name\":\"Archivio CassanoWeb\",\"description\":\"La Voce del Paese - un network di idee\",\"publisher\":{\"@id\":\"https:\\\/\\\/archiviocassano.lavocedelpaese.info\\\/#organization\"},\"potentialAction\":[{\"@type\":\"SearchAction\",\"target\":{\"@type\":\"EntryPoint\",\"urlTemplate\":\"https:\\\/\\\/archiviocassano.lavocedelpaese.info\\\/?s={search_term_string}\"},\"query-input\":{\"@type\":\"PropertyValueSpecification\",\"valueRequired\":true,\"valueName\":\"search_term_string\"}}],\"inLanguage\":\"it-IT\"},{\"@type\":\"Organization\",\"@id\":\"https:\\\/\\\/archiviocassano.lavocedelpaese.info\\\/#organization\",\"name\":\"Archivio CassanoWeb\",\"url\":\"https:\\\/\\\/archiviocassano.lavocedelpaese.info\\\/\",\"logo\":{\"@type\":\"ImageObject\",\"inLanguage\":\"it-IT\",\"@id\":\"https:\\\/\\\/archiviocassano.lavocedelpaese.info\\\/#\\\/schema\\\/logo\\\/image\\\/\",\"url\":\"https:\\\/\\\/archiviocassano.lavocedelpaese.info\\\/wp-content\\\/uploads\\\/2024\\\/08\\\/logo-rosso-2.png\",\"contentUrl\":\"https:\\\/\\\/archiviocassano.lavocedelpaese.info\\\/wp-content\\\/uploads\\\/2024\\\/08\\\/logo-rosso-2.png\",\"width\":491,\"height\":432,\"caption\":\"Archivio CassanoWeb\"},\"image\":{\"@id\":\"https:\\\/\\\/archiviocassano.lavocedelpaese.info\\\/#\\\/schema\\\/logo\\\/image\\\/\"},\"sameAs\":[\"https:\\\/\\\/www.facebook.com\\\/redazione.cassanoweb\"]},{\"@type\":\"Person\",\"@id\":\"https:\\\/\\\/archiviocassano.lavocedelpaese.info\\\/#\\\/schema\\\/person\\\/df195bc79a9b4c35127cf005f92e041b\",\"name\":\"admin\",\"image\":{\"@type\":\"ImageObject\",\"inLanguage\":\"it-IT\",\"@id\":\"https:\\\/\\\/secure.gravatar.com\\\/avatar\\\/eabba89a432e8eaa1b0207cc55f7e5340b22712b1ed80677efcf63e02ff5b235?s=96&d=mm&r=g\",\"url\":\"https:\\\/\\\/secure.gravatar.com\\\/avatar\\\/eabba89a432e8eaa1b0207cc55f7e5340b22712b1ed80677efcf63e02ff5b235?s=96&d=mm&r=g\",\"contentUrl\":\"https:\\\/\\\/secure.gravatar.com\\\/avatar\\\/eabba89a432e8eaa1b0207cc55f7e5340b22712b1ed80677efcf63e02ff5b235?s=96&d=mm&r=g\",\"caption\":\"admin\"},\"sameAs\":[\"https:\\\/\\\/archiviocassano.lavocedelpaese.info\"],\"url\":\"https:\\\/\\\/archiviocassano.lavocedelpaese.info\\\/index.php\\\/author\\\/admin_0qgz1xdp\\\/\"}]}<\/script>\n<!-- \/ Yoast SEO plugin. -->","yoast_head_json":{"title":"DALLA CGIL UN INVITO PER ROMA - Archivio CassanoWeb","robots":{"index":"index","follow":"follow","max-snippet":"max-snippet:-1","max-image-preview":"max-image-preview:large","max-video-preview":"max-video-preview:-1"},"canonical":"https:\/\/archiviocassano.lavocedelpaese.info\/index.php\/2009\/11\/06\/dalla-cgil-un-invito-per-la-manifestazione-di-roma\/","og_locale":"it_IT","og_type":"article","og_title":"DALLA CGIL UN INVITO PER ROMA - Archivio CassanoWeb","og_url":"https:\/\/archiviocassano.lavocedelpaese.info\/index.php\/2009\/11\/06\/dalla-cgil-un-invito-per-la-manifestazione-di-roma\/","og_site_name":"Archivio CassanoWeb","article_publisher":"https:\/\/www.facebook.com\/redazione.cassanoweb","article_published_time":"2009-11-06T17:48:31+00:00","og_image":[{"width":410,"height":200,"url":"https:\/\/archiviocassano.lavocedelpaese.info\/wp-content\/uploads\/2009\/11\/logo_cgil.jpg","type":"image\/jpeg"}],"author":"admin","twitter_card":"summary_large_image","twitter_misc":{"Scritto da":"admin","Tempo di lettura stimato":"2 minuti"},"schema":{"@context":"https:\/\/schema.org","@graph":[{"@type":"Article","@id":"https:\/\/archiviocassano.lavocedelpaese.info\/index.php\/2009\/11\/06\/dalla-cgil-un-invito-per-la-manifestazione-di-roma\/#article","isPartOf":{"@id":"https:\/\/archiviocassano.lavocedelpaese.info\/index.php\/2009\/11\/06\/dalla-cgil-un-invito-per-la-manifestazione-di-roma\/"},"author":{"name":"admin","@id":"https:\/\/archiviocassano.lavocedelpaese.info\/#\/schema\/person\/df195bc79a9b4c35127cf005f92e041b"},"headline":"DALLA CGIL UN INVITO PER ROMA","datePublished":"2009-11-06T17:48:31+00:00","mainEntityOfPage":{"@id":"https:\/\/archiviocassano.lavocedelpaese.info\/index.php\/2009\/11\/06\/dalla-cgil-un-invito-per-la-manifestazione-di-roma\/"},"wordCount":337,"commentCount":0,"publisher":{"@id":"https:\/\/archiviocassano.lavocedelpaese.info\/#organization"},"image":{"@id":"https:\/\/archiviocassano.lavocedelpaese.info\/index.php\/2009\/11\/06\/dalla-cgil-un-invito-per-la-manifestazione-di-roma\/#primaryimage"},"thumbnailUrl":"https:\/\/archiviocassano.lavocedelpaese.info\/wp-content\/uploads\/2009\/11\/logo_cgil.jpg","articleSection":["Attualit\u00e0"],"inLanguage":"it-IT","potentialAction":[{"@type":"CommentAction","name":"Comment","target":["https:\/\/archiviocassano.lavocedelpaese.info\/index.php\/2009\/11\/06\/dalla-cgil-un-invito-per-la-manifestazione-di-roma\/#respond"]}]},{"@type":"WebPage","@id":"https:\/\/archiviocassano.lavocedelpaese.info\/index.php\/2009\/11\/06\/dalla-cgil-un-invito-per-la-manifestazione-di-roma\/","url":"https:\/\/archiviocassano.lavocedelpaese.info\/index.php\/2009\/11\/06\/dalla-cgil-un-invito-per-la-manifestazione-di-roma\/","name":"DALLA CGIL UN INVITO PER ROMA - Archivio CassanoWeb","isPartOf":{"@id":"https:\/\/archiviocassano.lavocedelpaese.info\/#website"},"primaryImageOfPage":{"@id":"https:\/\/archiviocassano.lavocedelpaese.info\/index.php\/2009\/11\/06\/dalla-cgil-un-invito-per-la-manifestazione-di-roma\/#primaryimage"},"image":{"@id":"https:\/\/archiviocassano.lavocedelpaese.info\/index.php\/2009\/11\/06\/dalla-cgil-un-invito-per-la-manifestazione-di-roma\/#primaryimage"},"thumbnailUrl":"https:\/\/archiviocassano.lavocedelpaese.info\/wp-content\/uploads\/2009\/11\/logo_cgil.jpg","datePublished":"2009-11-06T17:48:31+00:00","breadcrumb":{"@id":"https:\/\/archiviocassano.lavocedelpaese.info\/index.php\/2009\/11\/06\/dalla-cgil-un-invito-per-la-manifestazione-di-roma\/#breadcrumb"},"inLanguage":"it-IT","potentialAction":[{"@type":"ReadAction","target":["https:\/\/archiviocassano.lavocedelpaese.info\/index.php\/2009\/11\/06\/dalla-cgil-un-invito-per-la-manifestazione-di-roma\/"]}]},{"@type":"ImageObject","inLanguage":"it-IT","@id":"https:\/\/archiviocassano.lavocedelpaese.info\/index.php\/2009\/11\/06\/dalla-cgil-un-invito-per-la-manifestazione-di-roma\/#primaryimage","url":"https:\/\/archiviocassano.lavocedelpaese.info\/wp-content\/uploads\/2009\/11\/logo_cgil.jpg","contentUrl":"https:\/\/archiviocassano.lavocedelpaese.info\/wp-content\/uploads\/2009\/11\/logo_cgil.jpg","width":410,"height":200,"caption":"logo_cgil"},{"@type":"BreadcrumbList","@id":"https:\/\/archiviocassano.lavocedelpaese.info\/index.php\/2009\/11\/06\/dalla-cgil-un-invito-per-la-manifestazione-di-roma\/#breadcrumb","itemListElement":[{"@type":"ListItem","position":1,"name":"Home","item":"https:\/\/archiviocassano.lavocedelpaese.info\/"},{"@type":"ListItem","position":2,"name":"DALLA CGIL UN INVITO PER ROMA"}]},{"@type":"WebSite","@id":"https:\/\/archiviocassano.lavocedelpaese.info\/#website","url":"https:\/\/archiviocassano.lavocedelpaese.info\/","name":"Archivio CassanoWeb","description":"La Voce del Paese - un network di idee","publisher":{"@id":"https:\/\/archiviocassano.lavocedelpaese.info\/#organization"},"potentialAction":[{"@type":"SearchAction","target":{"@type":"EntryPoint","urlTemplate":"https:\/\/archiviocassano.lavocedelpaese.info\/?s={search_term_string}"},"query-input":{"@type":"PropertyValueSpecification","valueRequired":true,"valueName":"search_term_string"}}],"inLanguage":"it-IT"},{"@type":"Organization","@id":"https:\/\/archiviocassano.lavocedelpaese.info\/#organization","name":"Archivio CassanoWeb","url":"https:\/\/archiviocassano.lavocedelpaese.info\/","logo":{"@type":"ImageObject","inLanguage":"it-IT","@id":"https:\/\/archiviocassano.lavocedelpaese.info\/#\/schema\/logo\/image\/","url":"https:\/\/archiviocassano.lavocedelpaese.info\/wp-content\/uploads\/2024\/08\/logo-rosso-2.png","contentUrl":"https:\/\/archiviocassano.lavocedelpaese.info\/wp-content\/uploads\/2024\/08\/logo-rosso-2.png","width":491,"height":432,"caption":"Archivio CassanoWeb"},"image":{"@id":"https:\/\/archiviocassano.lavocedelpaese.info\/#\/schema\/logo\/image\/"},"sameAs":["https:\/\/www.facebook.com\/redazione.cassanoweb"]},{"@type":"Person","@id":"https:\/\/archiviocassano.lavocedelpaese.info\/#\/schema\/person\/df195bc79a9b4c35127cf005f92e041b","name":"admin","image":{"@type":"ImageObject","inLanguage":"it-IT","@id":"https:\/\/secure.gravatar.com\/avatar\/eabba89a432e8eaa1b0207cc55f7e5340b22712b1ed80677efcf63e02ff5b235?s=96&d=mm&r=g","url":"https:\/\/secure.gravatar.com\/avatar\/eabba89a432e8eaa1b0207cc55f7e5340b22712b1ed80677efcf63e02ff5b235?s=96&d=mm&r=g","contentUrl":"https:\/\/secure.gravatar.com\/avatar\/eabba89a432e8eaa1b0207cc55f7e5340b22712b1ed80677efcf63e02ff5b235?s=96&d=mm&r=g","caption":"admin"},"sameAs":["https:\/\/archiviocassano.lavocedelpaese.info"],"url":"https:\/\/archiviocassano.lavocedelpaese.info\/index.php\/author\/admin_0qgz1xdp\/"}]}},"_links":{"self":[{"href":"https:\/\/archiviocassano.lavocedelpaese.info\/index.php\/wp-json\/wp\/v2\/posts\/540","targetHints":{"allow":["GET"]}}],"collection":[{"href":"https:\/\/archiviocassano.lavocedelpaese.info\/index.php\/wp-json\/wp\/v2\/posts"}],"about":[{"href":"https:\/\/archiviocassano.lavocedelpaese.info\/index.php\/wp-json\/wp\/v2\/types\/post"}],"author":[{"embeddable":true,"href":"https:\/\/archiviocassano.lavocedelpaese.info\/index.php\/wp-json\/wp\/v2\/users\/1"}],"replies":[{"embeddable":true,"href":"https:\/\/archiviocassano.lavocedelpaese.info\/index.php\/wp-json\/wp\/v2\/comments?post=540"}],"version-history":[{"count":0,"href":"https:\/\/archiviocassano.lavocedelpaese.info\/index.php\/wp-json\/wp\/v2\/posts\/540\/revisions"}],"wp:featuredmedia":[{"embeddable":true,"href":"https:\/\/archiviocassano.lavocedelpaese.info\/index.php\/wp-json\/wp\/v2\/media\/539"}],"wp:attachment":[{"href":"https:\/\/archiviocassano.lavocedelpaese.info\/index.php\/wp-json\/wp\/v2\/media?parent=540"}],"wp:term":[{"taxonomy":"category","embeddable":true,"href":"https:\/\/archiviocassano.lavocedelpaese.info\/index.php\/wp-json\/wp\/v2\/categories?post=540"},{"taxonomy":"post_tag","embeddable":true,"href":"https:\/\/archiviocassano.lavocedelpaese.info\/index.php\/wp-json\/wp\/v2\/tags?post=540"}],"curies":[{"name":"wp","href":"https:\/\/api.w.org\/{rel}","templated":true}]}}