{"id":5416,"date":"2012-03-13T08:00:40","date_gmt":"2012-03-13T08:00:40","guid":{"rendered":"https:\/\/archiviocassano.lavocedelpaese.info\/index.php\/2012\/03\/13\/briano-lidv-sbaglia-sui-rifiuti-seguite-le-norme-passo-dopo-passo\/"},"modified":"2012-03-13T08:00:40","modified_gmt":"2012-03-13T08:00:40","slug":"briano-lidv-sbaglia-sui-rifiuti-seguite-le-norme-passo-dopo-passo","status":"publish","type":"post","link":"https:\/\/archiviocassano.lavocedelpaese.info\/index.php\/2012\/03\/13\/briano-lidv-sbaglia-sui-rifiuti-seguite-le-norme-passo-dopo-passo\/","title":{"rendered":"Briano: \u201cl&#8217;IdV sbaglia: seguite le norme passo dopo passo\u201d"},"content":{"rendered":"<p><img loading=\"lazy\" decoding=\"async\" style=\"margin-right: 2px; margin-left: 2px;\" alt=\"conferenza sui rifiuti\" src=\"images\/stories\/conferenza_sui_rifiuti.jpg\" width=\"320\" height=\"150\" \/><\/p>\n<p><!--more--><\/p>\n<p style=\"text-align: justify;\"><em>Il consigliere delegato del sindaco per i rifiuti, Carmelo Briano, interviene sulle dichiarazioni dell&#8217;Italia dei Valori <\/em>(<a target=\"_blank\" href=\"politica\/22211-qtanto-tuono-che-piovveq-lidv-sullappalto-rifiuti.html\" rel=\"noopener\">leggi l&#8217;articolo<\/a>).<em><br \/><\/em><\/p>\n<p style=\"text-align: justify;\">Le critiche, se costruttive, vanno sempre accolte condivise.<\/p>\n<p style=\"text-align: justify;\">Se mosse, invece, per strumentalizzazione e per trarre in inganno l&#8217;elettorato, vanno rispedite senza indugio al mittente. Comprendo lo stato d&#8217;animo di chi essendo stato per dieci anni al centro della politica locale, ora si sente relegato ad un ruolo minoritario. In politica l&#8217;importante \u00e8 operare nell&#8217;interesse della collettivit\u00e0 pur non ricoprendo incarichi di rilievo.<\/p>\n<p style=\"text-align: justify;\">Con riferimento al nuovo progetto per la raccolta integrata dei rifiuti urbani e assimilati, approvato nella seduta del Consiglio comunale del 27 dicembre 2011, mi chiedo quale sia stato il contributo dell&#8217;Idv.<\/p>\n<p style=\"text-align: justify;\">Questa Amministrazione ha sempre dimostrato di non avere riserve o preclusioni di sorta nei confronti della minoranza.<\/p>\n<p style=\"text-align: justify;\">Qualsiasi proposta fosse pervenuta da parte dell&#8217;Idv, volta a migliorare il progetto, sicuramente sarebbe stata tenuta nella dovuta considerazione e utilizzata allo scopo. Invece durante i lavori consiliari, abbiamo dovuto registrare, personalmente ne avrei fatto a meno, l&#8217;ennesimo attacco strumentale del rappresentate dell&#8217;Idv. Francamente mi sarei aspettato qualche emendamento da discutere ed eventualmente condividere.<\/p>\n<p style=\"text-align: justify;\">In relazione all&#8217;intervento a mezzo stampa dell&#8217;Italia dei Valori lo scorso 9 marzo non posso fare a meno di fare le mie considerazioni. Il bando di gara \u00e8 stato pubblicato il 9 marzo 2012, a distanza di 21 giorni dalla scadenza naturale del vecchio contratto, fissata al 17 febbraio 2012. Mi chiedo quale siano state le iniziative, le segnalazioni e il merito che si attribuisce l&#8217;Idv, la cui partecipazione non \u00e8 stata registrata nemmeno durante la presentazione del progetto da parte della Esper. Posso assicurare che i documenti che si intendono vivisezionare, sono stati gi\u00e0 analizzati pi\u00f9 volte dagli uffici comunale competenti nella piena legalit\u00e0. Se qualche errore \u00e8 stato commesso, in assoluta buona fede, sar\u00e0 oggetto di rettifica. Nella valutazione della \u201cvistosa\u201d differenza tra i costi previsti dal vecchio servizio e quelli contemplati dal nuovo, per il primo non si \u00e8 tenuto conto degli aggiornamenti contrattuali per legge e mai applicati dalla vecchia Amministrazione. A questi vanno aggiunti i costi di biostabilizzazione intervenuti nell&#8217;aprile 2010, a seguito di ordinanza del commissario di governo per l&#8217;emergenza rifiuti, oltre ai costi di trasporto alla discarica finale.<\/p>\n<p style=\"text-align: justify;\">Ne consegue che il costo dell&#8217;appalto ancora in essere si attesta oggi a 1.589.541,17 euro, anzich\u00e9 1.200.000 euro, come erroneamente indicato.<\/p>\n<p style=\"text-align: justify;\">L&#8217;aumento per il nuovo servizio rispetto al precedente, nonostante preveda l&#8217;impiego di ulteriori risorse, sia in termini di mezzi, sia di personale, dovrebbe attestarsi all&#8217;11% massimo.<\/p>\n<p style=\"text-align: justify;\">I risultati conseguiti dal vecchio servizio sono da ritenersi fallimentari, in considerazione anche degli obiettivi minimi di raccolta differenziata raggiunti. L&#8217;esponente di spicco dell&#8217;Idv locale non potr\u00e0 non ricordare i \u201cmea culpa\u201d fatti nel suo intervento durante i lavori della conferenza sul tema dell&#8217;ambiente, tenutasi nel 2011 nel cinema Vittoria e che vide la partecipazione, tra l&#8217;altro, dell&#8217;assessore regionale all&#8217;Ambiente Lorenzo Nicastro. Nella circostanza ammise le sue responsabilit\u00e0 nell&#8217;essersi arreso di fronte alle lamentele dei cittadini ritrosi ad effettuare la raccolta dell&#8217;organico, in modo differenziato, concludendo con l&#8217;affermazione \u201cse avessi insistito sicuramente i risultati non sarebbero stati questi\u201d. Sapr\u00e0 inoltre che il nuovo servizio con il sistema del \u201cporta a porta\u201d, non \u00e8 un capriccio dell&#8217;Amministrazione Di Medio, bens\u00ec \u00e8 un obbligo di legge per il raggiungimento degli obiettivi di raccolta differenziata fissati dalle normative.<\/p>\n<p style=\"text-align: justify;\">Non centrare tali target comporta un aumento dell&#8217;ecotassa, dei costi di biostabilizzazione, di trasporto e smaltimento, con le conseguenti ricadute sull&#8217;utenza.<\/p>\n<p style=\"text-align: justify;\">E&#8217; assurdo affermare che questa Amministrazione non abbia saputo contemperare le qualit\u00e0 e la convenienza del servizio e di non aver tenuto conto del periodo di crisi che si attraversa. E&#8217; pura retorica sostenere di non aver dato seguito alle contestazioni mosse al gestore del servizio e di non aver applicato le previste sanzioni. Quanto accaduto \u00e8 proprio l&#8217;opposto! C&#8217;\u00e8 da dire, invece, che le sanzioni previste per il mancato raggiungimento degli obiettivi di raccolta differenziata, come indicato dall&#8217;articolo 43 del capitolato d&#8217;appalto, puntualmente applicate, non sono state riscosse poich\u00e9 le clausole contrattuali di riferimento sono state dichiarate \u201cvessatorie\u201d dal Consiglio di Stato a seguito del ricorso proposto dal gestore del servizio.<\/p>\n<p style=\"text-align: justify;\">Per quanto attiene invece la partita riferita ai servizi non resi o resi in parziale difformit\u00e0, la stessa \u00e8 in via di definizione.<\/p>\n<p style=\"text-align: justify;\">Non bisogna comunque sottacere che il servizio attualmente in proroga sino all&#8217;individuazione del prossimo gestore, \u00e8 frutto della gestione amministrativa precedente alla quale vanno ricondotte le eventuali responsabilit\u00e0 in ordine alle carenze progettuali emerse, poich\u00e9 il progetto non \u00e8 risultato calato sulle reali necessit\u00e0 del paese.<\/p>\n<p style=\"text-align: justify;\">Nel nuovo bando volutamente non \u00e8 stata inserita la previsione di esclusione di ditte resesi responsabili di eventuali disservizi, al fine di evitare la produzione di ricorsi che avrebbero avuto, come conseguenza, l&#8217;allungamento dei tempi di avvio del nuovo servizio. Senza poi considerare che la legge non permette di escludere a priori le ditte.<\/p>\n<p style=\"text-align: justify;\">Nell&#8217;accorciare i tempi per la presentazione delle offerte da 52 a 40 giorni, dalla pubblicazione del bando, si ritiene di non aver violato norme di sorta, poich\u00e9 tale facolt\u00e0 \u00e8 prevista dal dlgs 12 aprile 2006 n. 163 art. 2-8-9. Mi sembra poi, inopportuna la polemica sulla scelta dei quotidiani nazionali sui quali pubblicare il bando di gara, giacch\u00e9 lo stesso si trova sulla Gazzetta ufficiale della Comunit\u00e0 europea (\u201cGuce\u201d) e sulla Gazzetta Ufficiale della Repubblica.<\/p>\n<p style=\"text-align: justify;\">L&#8217;avvio del servizio \u00e8 comunque previsto nei tempi indicati dalle norme contenute nel citato dlgs. Mi chiedo come si possa falsamente affermare che sono stati persi tre anni per bandire la gara, se solo il 26 gennaio 2012 l&#8217;assemblea Ato Ba 4 ha confermato con prescrizioni la delega operata con la deliberazione 1\/2010, sino alla gestione unitaria del servizio. L&#8217;essere stato l&#8217;unico Comune ad aver pubblicato il bando di gara dovr\u00e0 pur significare qualcosa!<\/p>\n<p style=\"text-align: justify;\">Forse qualcuno a questo proposito dovrebbe ricordare che il contratto, la cui naturale scadenza era prevista per il 29 settembre 2002, dopo una serie di proroghe discutibili ha visto il suo avvio dopo circa due anni.<\/p>\n<p style=\"text-align: justify;\">Per il nuovo contratto il ricorso alla procedura aperta con il criterio dell&#8217;offerta economicamente vantaggiosa, si \u00e8 reso necessario al fine di individuare tra gli operatori economici concorrenti, il miglior servizio di igiene urbana e servizi complementari, compatibile con la progettazione messa in campo dal Comune, con valutazione del servizio riferita sia all&#8217;elemento economico che a quello tecnico.<\/p>\n<p style=\"text-align: justify;\">Per tale motivo nel disciplinare di gara per la valutazione dell&#8217;offerta tecnica \u00e8 stato previsto un punteggio massimo di 70 punti con una soglia di sbarramento di 48; mentre per l&#8217;offerta economica 30 punti. L&#8217;individuazione di tali criteri \u00e8 inoltre finalizzata alla tutela dei lavoratori ed al rispetto delle garanzie contrattuali, oltre al raggiungimento degli obiettivi. Basti pensare a quelle ditte che essendosi assicurate le gare praticando prezzi concorrenziali hanno poi reso servizi scadenti, per non parlare poi dello sfruttamento dei lavoratori.<\/p>\n<p style=\"text-align: justify;\">Gli ulteriori requisiti oltre a quelli previsti dal secondo capitolo del dlgs 163\/2006, di un&#8217;area da adibire a deposito mezzi, oltre alla piattaforma da allestire quale centro comunale di raccolta (in attesa dell&#8217;entrata in funzione del centro di via Mellitto) sono stati richiesti esclusivamente nell&#8217;interesse del servizio e non hanno altre finalit\u00e0, come la ventilata localizzazione territoriale dal momento che \u00e8 costume dell&#8217;Amministrazione Di Medio intrattenere esclusivamente rapporti istituzionali riferiti ai servizi e giammai ad altro genere.<\/p>\n<p style=\"text-align: justify;\">Per ultimo non si potr\u00e0 non ricordare che a seguito della transazione intercorsa con la Tradeco-Murgia Servizi Ecologici, gli amministratori dell&#8217;epoca oltre a non corrispondere la seconda tranche del debito ammontante a 88 mila euro, dimenticarono addirittura di inserire tale importo in bilancio.<\/p>\n<p style=\"text-align: justify;\">Sono felice che l&#8217;opposizione si ricordi di voler vigilare sull&#8217;operato dell&#8217;Amministrazione: quest&#8217;aspetto non potr\u00e0 che costituire stimolo per operare sempre al meglio, nell&#8217;esclusivo interesse della collettivit\u00e0.<\/p>\n<p><br style=\"font-size: 14pt; font-family: 'Book Antiqua','serif';\" \/>&nbsp;<\/p>\n","protected":false},"excerpt":{"rendered":"","protected":false},"author":1,"featured_media":0,"comment_status":"open","ping_status":"closed","sticky":false,"template":"","format":"standard","meta":{"colormag_page_container_layout":"default_layout","colormag_page_sidebar_layout":"default_layout","footnotes":""},"categories":[4],"tags":[],"class_list":["post-5416","post","type-post","status-publish","format-standard","hentry","category-politica"],"yoast_head":"<!-- This site is optimized with the Yoast SEO plugin v27.5 - https:\/\/yoast.com\/product\/yoast-seo-wordpress\/ -->\n<title>Briano: \u201cl&#039;IdV sbaglia: seguite le norme passo dopo passo\u201d - Archivio CassanoWeb<\/title>\n<meta name=\"robots\" content=\"index, follow, max-snippet:-1, max-image-preview:large, max-video-preview:-1\" \/>\n<link rel=\"canonical\" href=\"https:\/\/archiviocassano.lavocedelpaese.info\/index.php\/2012\/03\/13\/briano-lidv-sbaglia-sui-rifiuti-seguite-le-norme-passo-dopo-passo\/\" \/>\n<meta property=\"og:locale\" content=\"it_IT\" \/>\n<meta property=\"og:type\" content=\"article\" \/>\n<meta property=\"og:title\" content=\"Briano: \u201cl&#039;IdV sbaglia: seguite le norme passo dopo passo\u201d - Archivio CassanoWeb\" \/>\n<meta property=\"og:url\" content=\"https:\/\/archiviocassano.lavocedelpaese.info\/index.php\/2012\/03\/13\/briano-lidv-sbaglia-sui-rifiuti-seguite-le-norme-passo-dopo-passo\/\" \/>\n<meta property=\"og:site_name\" content=\"Archivio CassanoWeb\" \/>\n<meta property=\"article:publisher\" content=\"https:\/\/www.facebook.com\/redazione.cassanoweb\" \/>\n<meta property=\"article:published_time\" content=\"2012-03-13T08:00:40+00:00\" \/>\n<meta name=\"author\" content=\"admin\" \/>\n<meta name=\"twitter:card\" content=\"summary_large_image\" \/>\n<meta name=\"twitter:label1\" content=\"Scritto da\" \/>\n\t<meta name=\"twitter:data1\" content=\"admin\" \/>\n\t<meta name=\"twitter:label2\" content=\"Tempo di lettura stimato\" \/>\n\t<meta name=\"twitter:data2\" content=\"6 minuti\" \/>\n<script type=\"application\/ld+json\" class=\"yoast-schema-graph\">{\"@context\":\"https:\\\/\\\/schema.org\",\"@graph\":[{\"@type\":\"Article\",\"@id\":\"https:\\\/\\\/archiviocassano.lavocedelpaese.info\\\/index.php\\\/2012\\\/03\\\/13\\\/briano-lidv-sbaglia-sui-rifiuti-seguite-le-norme-passo-dopo-passo\\\/#article\",\"isPartOf\":{\"@id\":\"https:\\\/\\\/archiviocassano.lavocedelpaese.info\\\/index.php\\\/2012\\\/03\\\/13\\\/briano-lidv-sbaglia-sui-rifiuti-seguite-le-norme-passo-dopo-passo\\\/\"},\"author\":{\"name\":\"admin\",\"@id\":\"https:\\\/\\\/archiviocassano.lavocedelpaese.info\\\/#\\\/schema\\\/person\\\/df195bc79a9b4c35127cf005f92e041b\"},\"headline\":\"Briano: \u201cl&#8217;IdV sbaglia: seguite le norme passo dopo passo\u201d\",\"datePublished\":\"2012-03-13T08:00:40+00:00\",\"mainEntityOfPage\":{\"@id\":\"https:\\\/\\\/archiviocassano.lavocedelpaese.info\\\/index.php\\\/2012\\\/03\\\/13\\\/briano-lidv-sbaglia-sui-rifiuti-seguite-le-norme-passo-dopo-passo\\\/\"},\"wordCount\":1299,\"commentCount\":0,\"publisher\":{\"@id\":\"https:\\\/\\\/archiviocassano.lavocedelpaese.info\\\/#organization\"},\"articleSection\":[\"Politica\"],\"inLanguage\":\"it-IT\",\"potentialAction\":[{\"@type\":\"CommentAction\",\"name\":\"Comment\",\"target\":[\"https:\\\/\\\/archiviocassano.lavocedelpaese.info\\\/index.php\\\/2012\\\/03\\\/13\\\/briano-lidv-sbaglia-sui-rifiuti-seguite-le-norme-passo-dopo-passo\\\/#respond\"]}]},{\"@type\":\"WebPage\",\"@id\":\"https:\\\/\\\/archiviocassano.lavocedelpaese.info\\\/index.php\\\/2012\\\/03\\\/13\\\/briano-lidv-sbaglia-sui-rifiuti-seguite-le-norme-passo-dopo-passo\\\/\",\"url\":\"https:\\\/\\\/archiviocassano.lavocedelpaese.info\\\/index.php\\\/2012\\\/03\\\/13\\\/briano-lidv-sbaglia-sui-rifiuti-seguite-le-norme-passo-dopo-passo\\\/\",\"name\":\"Briano: \u201cl'IdV sbaglia: seguite le norme passo dopo passo\u201d - Archivio CassanoWeb\",\"isPartOf\":{\"@id\":\"https:\\\/\\\/archiviocassano.lavocedelpaese.info\\\/#website\"},\"datePublished\":\"2012-03-13T08:00:40+00:00\",\"breadcrumb\":{\"@id\":\"https:\\\/\\\/archiviocassano.lavocedelpaese.info\\\/index.php\\\/2012\\\/03\\\/13\\\/briano-lidv-sbaglia-sui-rifiuti-seguite-le-norme-passo-dopo-passo\\\/#breadcrumb\"},\"inLanguage\":\"it-IT\",\"potentialAction\":[{\"@type\":\"ReadAction\",\"target\":[\"https:\\\/\\\/archiviocassano.lavocedelpaese.info\\\/index.php\\\/2012\\\/03\\\/13\\\/briano-lidv-sbaglia-sui-rifiuti-seguite-le-norme-passo-dopo-passo\\\/\"]}]},{\"@type\":\"BreadcrumbList\",\"@id\":\"https:\\\/\\\/archiviocassano.lavocedelpaese.info\\\/index.php\\\/2012\\\/03\\\/13\\\/briano-lidv-sbaglia-sui-rifiuti-seguite-le-norme-passo-dopo-passo\\\/#breadcrumb\",\"itemListElement\":[{\"@type\":\"ListItem\",\"position\":1,\"name\":\"Home\",\"item\":\"https:\\\/\\\/archiviocassano.lavocedelpaese.info\\\/\"},{\"@type\":\"ListItem\",\"position\":2,\"name\":\"Briano: \u201cl&#8217;IdV sbaglia: seguite le norme passo dopo passo\u201d\"}]},{\"@type\":\"WebSite\",\"@id\":\"https:\\\/\\\/archiviocassano.lavocedelpaese.info\\\/#website\",\"url\":\"https:\\\/\\\/archiviocassano.lavocedelpaese.info\\\/\",\"name\":\"Archivio CassanoWeb\",\"description\":\"La Voce del Paese - un network di idee\",\"publisher\":{\"@id\":\"https:\\\/\\\/archiviocassano.lavocedelpaese.info\\\/#organization\"},\"potentialAction\":[{\"@type\":\"SearchAction\",\"target\":{\"@type\":\"EntryPoint\",\"urlTemplate\":\"https:\\\/\\\/archiviocassano.lavocedelpaese.info\\\/?s={search_term_string}\"},\"query-input\":{\"@type\":\"PropertyValueSpecification\",\"valueRequired\":true,\"valueName\":\"search_term_string\"}}],\"inLanguage\":\"it-IT\"},{\"@type\":\"Organization\",\"@id\":\"https:\\\/\\\/archiviocassano.lavocedelpaese.info\\\/#organization\",\"name\":\"Archivio CassanoWeb\",\"url\":\"https:\\\/\\\/archiviocassano.lavocedelpaese.info\\\/\",\"logo\":{\"@type\":\"ImageObject\",\"inLanguage\":\"it-IT\",\"@id\":\"https:\\\/\\\/archiviocassano.lavocedelpaese.info\\\/#\\\/schema\\\/logo\\\/image\\\/\",\"url\":\"https:\\\/\\\/archiviocassano.lavocedelpaese.info\\\/wp-content\\\/uploads\\\/2024\\\/08\\\/logo-rosso-2.png\",\"contentUrl\":\"https:\\\/\\\/archiviocassano.lavocedelpaese.info\\\/wp-content\\\/uploads\\\/2024\\\/08\\\/logo-rosso-2.png\",\"width\":491,\"height\":432,\"caption\":\"Archivio CassanoWeb\"},\"image\":{\"@id\":\"https:\\\/\\\/archiviocassano.lavocedelpaese.info\\\/#\\\/schema\\\/logo\\\/image\\\/\"},\"sameAs\":[\"https:\\\/\\\/www.facebook.com\\\/redazione.cassanoweb\"]},{\"@type\":\"Person\",\"@id\":\"https:\\\/\\\/archiviocassano.lavocedelpaese.info\\\/#\\\/schema\\\/person\\\/df195bc79a9b4c35127cf005f92e041b\",\"name\":\"admin\",\"image\":{\"@type\":\"ImageObject\",\"inLanguage\":\"it-IT\",\"@id\":\"https:\\\/\\\/secure.gravatar.com\\\/avatar\\\/eabba89a432e8eaa1b0207cc55f7e5340b22712b1ed80677efcf63e02ff5b235?s=96&d=mm&r=g\",\"url\":\"https:\\\/\\\/secure.gravatar.com\\\/avatar\\\/eabba89a432e8eaa1b0207cc55f7e5340b22712b1ed80677efcf63e02ff5b235?s=96&d=mm&r=g\",\"contentUrl\":\"https:\\\/\\\/secure.gravatar.com\\\/avatar\\\/eabba89a432e8eaa1b0207cc55f7e5340b22712b1ed80677efcf63e02ff5b235?s=96&d=mm&r=g\",\"caption\":\"admin\"},\"sameAs\":[\"https:\\\/\\\/archiviocassano.lavocedelpaese.info\"],\"url\":\"https:\\\/\\\/archiviocassano.lavocedelpaese.info\\\/index.php\\\/author\\\/admin_0qgz1xdp\\\/\"}]}<\/script>\n<!-- \/ Yoast SEO plugin. -->","yoast_head_json":{"title":"Briano: \u201cl'IdV sbaglia: seguite le norme passo dopo passo\u201d - Archivio CassanoWeb","robots":{"index":"index","follow":"follow","max-snippet":"max-snippet:-1","max-image-preview":"max-image-preview:large","max-video-preview":"max-video-preview:-1"},"canonical":"https:\/\/archiviocassano.lavocedelpaese.info\/index.php\/2012\/03\/13\/briano-lidv-sbaglia-sui-rifiuti-seguite-le-norme-passo-dopo-passo\/","og_locale":"it_IT","og_type":"article","og_title":"Briano: \u201cl'IdV sbaglia: seguite le norme passo dopo passo\u201d - Archivio CassanoWeb","og_url":"https:\/\/archiviocassano.lavocedelpaese.info\/index.php\/2012\/03\/13\/briano-lidv-sbaglia-sui-rifiuti-seguite-le-norme-passo-dopo-passo\/","og_site_name":"Archivio CassanoWeb","article_publisher":"https:\/\/www.facebook.com\/redazione.cassanoweb","article_published_time":"2012-03-13T08:00:40+00:00","author":"admin","twitter_card":"summary_large_image","twitter_misc":{"Scritto da":"admin","Tempo di lettura stimato":"6 minuti"},"schema":{"@context":"https:\/\/schema.org","@graph":[{"@type":"Article","@id":"https:\/\/archiviocassano.lavocedelpaese.info\/index.php\/2012\/03\/13\/briano-lidv-sbaglia-sui-rifiuti-seguite-le-norme-passo-dopo-passo\/#article","isPartOf":{"@id":"https:\/\/archiviocassano.lavocedelpaese.info\/index.php\/2012\/03\/13\/briano-lidv-sbaglia-sui-rifiuti-seguite-le-norme-passo-dopo-passo\/"},"author":{"name":"admin","@id":"https:\/\/archiviocassano.lavocedelpaese.info\/#\/schema\/person\/df195bc79a9b4c35127cf005f92e041b"},"headline":"Briano: \u201cl&#8217;IdV sbaglia: seguite le norme passo dopo passo\u201d","datePublished":"2012-03-13T08:00:40+00:00","mainEntityOfPage":{"@id":"https:\/\/archiviocassano.lavocedelpaese.info\/index.php\/2012\/03\/13\/briano-lidv-sbaglia-sui-rifiuti-seguite-le-norme-passo-dopo-passo\/"},"wordCount":1299,"commentCount":0,"publisher":{"@id":"https:\/\/archiviocassano.lavocedelpaese.info\/#organization"},"articleSection":["Politica"],"inLanguage":"it-IT","potentialAction":[{"@type":"CommentAction","name":"Comment","target":["https:\/\/archiviocassano.lavocedelpaese.info\/index.php\/2012\/03\/13\/briano-lidv-sbaglia-sui-rifiuti-seguite-le-norme-passo-dopo-passo\/#respond"]}]},{"@type":"WebPage","@id":"https:\/\/archiviocassano.lavocedelpaese.info\/index.php\/2012\/03\/13\/briano-lidv-sbaglia-sui-rifiuti-seguite-le-norme-passo-dopo-passo\/","url":"https:\/\/archiviocassano.lavocedelpaese.info\/index.php\/2012\/03\/13\/briano-lidv-sbaglia-sui-rifiuti-seguite-le-norme-passo-dopo-passo\/","name":"Briano: \u201cl'IdV sbaglia: seguite le norme passo dopo passo\u201d - Archivio CassanoWeb","isPartOf":{"@id":"https:\/\/archiviocassano.lavocedelpaese.info\/#website"},"datePublished":"2012-03-13T08:00:40+00:00","breadcrumb":{"@id":"https:\/\/archiviocassano.lavocedelpaese.info\/index.php\/2012\/03\/13\/briano-lidv-sbaglia-sui-rifiuti-seguite-le-norme-passo-dopo-passo\/#breadcrumb"},"inLanguage":"it-IT","potentialAction":[{"@type":"ReadAction","target":["https:\/\/archiviocassano.lavocedelpaese.info\/index.php\/2012\/03\/13\/briano-lidv-sbaglia-sui-rifiuti-seguite-le-norme-passo-dopo-passo\/"]}]},{"@type":"BreadcrumbList","@id":"https:\/\/archiviocassano.lavocedelpaese.info\/index.php\/2012\/03\/13\/briano-lidv-sbaglia-sui-rifiuti-seguite-le-norme-passo-dopo-passo\/#breadcrumb","itemListElement":[{"@type":"ListItem","position":1,"name":"Home","item":"https:\/\/archiviocassano.lavocedelpaese.info\/"},{"@type":"ListItem","position":2,"name":"Briano: \u201cl&#8217;IdV sbaglia: seguite le norme passo dopo passo\u201d"}]},{"@type":"WebSite","@id":"https:\/\/archiviocassano.lavocedelpaese.info\/#website","url":"https:\/\/archiviocassano.lavocedelpaese.info\/","name":"Archivio CassanoWeb","description":"La Voce del Paese - un network di idee","publisher":{"@id":"https:\/\/archiviocassano.lavocedelpaese.info\/#organization"},"potentialAction":[{"@type":"SearchAction","target":{"@type":"EntryPoint","urlTemplate":"https:\/\/archiviocassano.lavocedelpaese.info\/?s={search_term_string}"},"query-input":{"@type":"PropertyValueSpecification","valueRequired":true,"valueName":"search_term_string"}}],"inLanguage":"it-IT"},{"@type":"Organization","@id":"https:\/\/archiviocassano.lavocedelpaese.info\/#organization","name":"Archivio CassanoWeb","url":"https:\/\/archiviocassano.lavocedelpaese.info\/","logo":{"@type":"ImageObject","inLanguage":"it-IT","@id":"https:\/\/archiviocassano.lavocedelpaese.info\/#\/schema\/logo\/image\/","url":"https:\/\/archiviocassano.lavocedelpaese.info\/wp-content\/uploads\/2024\/08\/logo-rosso-2.png","contentUrl":"https:\/\/archiviocassano.lavocedelpaese.info\/wp-content\/uploads\/2024\/08\/logo-rosso-2.png","width":491,"height":432,"caption":"Archivio CassanoWeb"},"image":{"@id":"https:\/\/archiviocassano.lavocedelpaese.info\/#\/schema\/logo\/image\/"},"sameAs":["https:\/\/www.facebook.com\/redazione.cassanoweb"]},{"@type":"Person","@id":"https:\/\/archiviocassano.lavocedelpaese.info\/#\/schema\/person\/df195bc79a9b4c35127cf005f92e041b","name":"admin","image":{"@type":"ImageObject","inLanguage":"it-IT","@id":"https:\/\/secure.gravatar.com\/avatar\/eabba89a432e8eaa1b0207cc55f7e5340b22712b1ed80677efcf63e02ff5b235?s=96&d=mm&r=g","url":"https:\/\/secure.gravatar.com\/avatar\/eabba89a432e8eaa1b0207cc55f7e5340b22712b1ed80677efcf63e02ff5b235?s=96&d=mm&r=g","contentUrl":"https:\/\/secure.gravatar.com\/avatar\/eabba89a432e8eaa1b0207cc55f7e5340b22712b1ed80677efcf63e02ff5b235?s=96&d=mm&r=g","caption":"admin"},"sameAs":["https:\/\/archiviocassano.lavocedelpaese.info"],"url":"https:\/\/archiviocassano.lavocedelpaese.info\/index.php\/author\/admin_0qgz1xdp\/"}]}},"_links":{"self":[{"href":"https:\/\/archiviocassano.lavocedelpaese.info\/index.php\/wp-json\/wp\/v2\/posts\/5416","targetHints":{"allow":["GET"]}}],"collection":[{"href":"https:\/\/archiviocassano.lavocedelpaese.info\/index.php\/wp-json\/wp\/v2\/posts"}],"about":[{"href":"https:\/\/archiviocassano.lavocedelpaese.info\/index.php\/wp-json\/wp\/v2\/types\/post"}],"author":[{"embeddable":true,"href":"https:\/\/archiviocassano.lavocedelpaese.info\/index.php\/wp-json\/wp\/v2\/users\/1"}],"replies":[{"embeddable":true,"href":"https:\/\/archiviocassano.lavocedelpaese.info\/index.php\/wp-json\/wp\/v2\/comments?post=5416"}],"version-history":[{"count":0,"href":"https:\/\/archiviocassano.lavocedelpaese.info\/index.php\/wp-json\/wp\/v2\/posts\/5416\/revisions"}],"wp:attachment":[{"href":"https:\/\/archiviocassano.lavocedelpaese.info\/index.php\/wp-json\/wp\/v2\/media?parent=5416"}],"wp:term":[{"taxonomy":"category","embeddable":true,"href":"https:\/\/archiviocassano.lavocedelpaese.info\/index.php\/wp-json\/wp\/v2\/categories?post=5416"},{"taxonomy":"post_tag","embeddable":true,"href":"https:\/\/archiviocassano.lavocedelpaese.info\/index.php\/wp-json\/wp\/v2\/tags?post=5416"}],"curies":[{"name":"wp","href":"https:\/\/api.w.org\/{rel}","templated":true}]}}