{"id":5484,"date":"2012-03-26T14:22:36","date_gmt":"2012-03-26T14:22:36","guid":{"rendered":"https:\/\/archiviocassano.lavocedelpaese.info\/index.php\/2012\/03\/26\/rifiuti-sel-insiste-quella-gara-ha-lati-oscuri\/"},"modified":"2012-03-26T14:22:36","modified_gmt":"2012-03-26T14:22:36","slug":"rifiuti-sel-insiste-quella-gara-ha-lati-oscuri","status":"publish","type":"post","link":"https:\/\/archiviocassano.lavocedelpaese.info\/index.php\/2012\/03\/26\/rifiuti-sel-insiste-quella-gara-ha-lati-oscuri\/","title":{"rendered":"Rifiuti, SEL insiste: quella gara ha lati oscuri"},"content":{"rendered":"<p><img loading=\"lazy\" decoding=\"async\" class=\" size-full wp-image-5425\" style=\"margin-right: 2px; margin-left: 2px;\" alt=\"logo SEL\" src=\"https:\/\/archiviocassano.lavocedelpaese.info\/wp-content\/uploads\/2012\/03\/logo_SEL.jpg\" height=\"150\" width=\"320\" \/><\/p>\n<p><!--more--><\/p>\n<p><em>Prosegue il dibattito a distanza fra la Maggioranza politica che governa il Comune di Cassano, PdL e parte della Minoranza sulla vicenda rifiuti e nuova gara d&#8217;appalto.&nbsp;<\/em><\/p>\n<p><em> <a target=\"_blank\" href=\"politica\/22226-appalto-rifiuti-10-domande-da-sel.html\" rel=\"noopener\">Dopo aver posto 10 domande<\/a> ed <a target=\"_blank\" href=\"politica\/22238-rifiuti-briano-risponde-alle-domande-di-sel.html\" rel=\"noopener\">aver ricevuto 10 risposte<\/a>, il Circolo cassanese di Sinistra Ecologia Libert\u00e0 propone nuovi interrogativi all&#8217;Amministrazione Di Medio ed al consigliere delegato alla questione rifiuti, Carmelo Briano.<\/em><\/p>\n<p><em>Ecco di seguito il Comunicato di Sel.<\/em><\/p>\n<p>&nbsp;<\/p>\n<p style=\"margin-bottom: 0.0001pt; text-align: justify; line-height: normal;\">Nel leggere le risposte della Maggioranza Di Medio (riportate qui di seguito tra le virgolette), pubblicate su Cassanoweb il 21 Marzo 2012, a nome del Consigliere Briano, si resta dubbiosi e non si pu\u00f2 fare a meno di rilevare alcune perplessit\u00e0.<\/p>\n<p style=\"margin-bottom: 0.0001pt; text-align: justify; line-height: normal;\">Da quanto evinto, infatti, \u201c<i>l\u2019unico obiettivo del nuovo appalto \u00e8 quello di assicurare il miglior servizio possibile<\/i>\u201d alla citt\u00e0 di Cassano, cosa su cui siamo pienamente d\u2019accordo, e per la quale abbiamo profuso impegno, sia sferzando l\u2019attuale governo cittadino sia dando il nostro contributo nelle sedi comunali a tal fine deputate, ove peraltro, \u00e8 appena il caso di sottolinearlo, alcuni consiglieri di maggioranza, spesso, hanno disertato gli incontri delle Commissioni competenti.<\/p>\n<p style=\"margin-bottom: 0.0001pt; text-align: justify; line-height: normal;\"><b>Ma il punto \u00e8 un altro. Il nuovo servizio sar\u00e0 sostenibile per le tasche dei cittadini cassanesi?<\/b> Infatti, confrontando il vecchio capitolato del 2004 ed il nuovo, scopriamo che il costo del servizio, rispettivamente, nel primo caso, \u00e8 di circa \u20ac 1.300.000,00\/anno e ricomprende tutti i servizi, ossia lo spazzamento, le misure di igiene urbana (disinfestazione, deblattizzazione, derattizzazione, diserbo, pulizia delle caditoie, ovvero tutti, tutti, tutti) ed il trasporto, senza limite di distanza, e non vi sono servizi complementari o opzionali da pagare a parte; mentre, nel nuovo capitolato, si parla di circa \u20ac 1.800.000,00\/anno, solo per il servizio di raccolta, e per gli altri servizi, invece, verranno tutti pagati a parte, e, potrebbero, ammontare ad altri svariati centinaia di mila euro.<\/p>\n<p style=\"margin-bottom: 0.0001pt; text-align: justify; line-height: normal;\">Non solo, ma, quest\u2019ultimo importo all\u2019anno, rester\u00e0 tale, solo nell\u2019ipotesi \u2018a regime\u2019, ovvero con una raccolta differenziata del 60 % (mentre, oggi, siamo fermi solo al 6 %); e quindi, evidentemente, il costo sar\u00e0 sicuramente pi\u00f9 alto di 1.800.000,00 euro annui!<\/p>\n<p style=\"margin-bottom: 0.0001pt; text-align: justify; line-height: normal;\">A tutto ci\u00f2, poi, debbono aggiungersi il costo di trattamento e smaltimento dell\u2019indifferenziato, il costo di conferimento dell\u2019umido, l\u2019ecotassa. Un salasso!<\/p>\n<p style=\"margin-bottom: 0.0001pt; text-align: justify; line-height: normal;\">Ah, dimenticavamo, e il trasporto delle altre frazioni merceologiche (plastica, vetro, carta, ecc.), chi lo pagher\u00e0?<\/p>\n<p style=\"margin-bottom: 0.0001pt; text-align: justify; line-height: normal;\">E ancora, perch\u00e9 nel vigente capitolato, riguardo l\u2019amianto presente sulla propriet\u00e0 pubblica, non vi \u00e8 un limite di quantit\u00e0 per la raccolta, e, invece, nel nuovo servizio si pone il limite di raccolta alle 4 tonnellate\/anno, dovendo, evidentemente, per la parte sovrabbondante, pagare a parte?<\/p>\n<p style=\"margin-bottom: 0.0001pt; text-align: justify; line-height: normal;\">Perch\u00e9, inoltre, nel vigente capitolato \u00e8 previsto il trasporto a qualsiasi distanza, mentre nel nuovo si pone il limite di 60 chilometri, pur essendo nota la localizzazione impiantistica e dell\u2019indifferenziato e dell\u2019umido? Naturalmente, il resto si pagher\u00e0 a parte!<\/p>\n<p style=\"margin-bottom: 0.0001pt; text-align: justify; line-height: normal;\"><b>Insomma, tutto questo, da noi, significa aver proposto alla citt\u00e0 un servizio che coster\u00e0 pi\u00f9 del doppio rispetto a quello attuale!<\/b><\/p>\n<p style=\"margin-bottom: 0.0001pt; text-align: justify; line-height: normal;\">In merito, poi, alla proroga concedibile al settimo anno, data di scadenza del nuovo contratto, non <i>\u201c\u00e8 una previsione di garanzia\u201d<\/i>, come affermato da Briano, ma semplicemente, le proroghe non soltanto non sono ammesse dalla legge, ma oltretutto non si capisce perch\u00e9, dopo sette lunghi anni, si debba gi\u00e0 pensare ad una ulteriore proroga!<\/p>\n<p style=\"margin-bottom: 0.0001pt; text-align: justify; line-height: normal;\">Non solo si sono persi tre anni per approntare il nuovo capitolato, ma, a qualcuno, forse, servirebbero altri tre anni per leggerlo. Comprendiamo\u2026\u2026<\/p>\n<p style=\"margin-bottom: 0.0001pt; line-height: normal; text-align: right;\"><em><strong>&nbsp;Il circolo territoriale di SEL \u201cPer una Cassano migliore\u201d<\/strong><\/em><\/p>\n","protected":false},"excerpt":{"rendered":"","protected":false},"author":1,"featured_media":5425,"comment_status":"open","ping_status":"closed","sticky":false,"template":"","format":"standard","meta":{"colormag_page_container_layout":"default_layout","colormag_page_sidebar_layout":"default_layout","footnotes":""},"categories":[4],"tags":[],"class_list":["post-5484","post","type-post","status-publish","format-standard","has-post-thumbnail","hentry","category-politica"],"yoast_head":"<!-- This site is optimized with the Yoast SEO plugin v27.5 - https:\/\/yoast.com\/product\/yoast-seo-wordpress\/ -->\n<title>Rifiuti, SEL insiste: quella gara ha lati oscuri - Archivio CassanoWeb<\/title>\n<meta name=\"robots\" content=\"index, follow, max-snippet:-1, max-image-preview:large, max-video-preview:-1\" \/>\n<link rel=\"canonical\" href=\"https:\/\/archiviocassano.lavocedelpaese.info\/index.php\/2012\/03\/26\/rifiuti-sel-insiste-quella-gara-ha-lati-oscuri\/\" \/>\n<meta property=\"og:locale\" content=\"it_IT\" \/>\n<meta property=\"og:type\" content=\"article\" \/>\n<meta property=\"og:title\" content=\"Rifiuti, SEL insiste: quella gara ha lati oscuri - Archivio CassanoWeb\" \/>\n<meta property=\"og:url\" content=\"https:\/\/archiviocassano.lavocedelpaese.info\/index.php\/2012\/03\/26\/rifiuti-sel-insiste-quella-gara-ha-lati-oscuri\/\" \/>\n<meta property=\"og:site_name\" content=\"Archivio CassanoWeb\" \/>\n<meta property=\"article:publisher\" content=\"https:\/\/www.facebook.com\/redazione.cassanoweb\" \/>\n<meta property=\"article:published_time\" content=\"2012-03-26T14:22:36+00:00\" \/>\n<meta property=\"og:image\" content=\"https:\/\/archiviocassano.lavocedelpaese.info\/wp-content\/uploads\/2012\/03\/logo_SEL.jpg\" \/>\n\t<meta property=\"og:image:width\" content=\"410\" \/>\n\t<meta property=\"og:image:height\" content=\"200\" \/>\n\t<meta property=\"og:image:type\" content=\"image\/jpeg\" \/>\n<meta name=\"author\" content=\"admin\" \/>\n<meta name=\"twitter:card\" content=\"summary_large_image\" \/>\n<meta name=\"twitter:label1\" content=\"Scritto da\" \/>\n\t<meta name=\"twitter:data1\" content=\"admin\" \/>\n\t<meta name=\"twitter:label2\" content=\"Tempo di lettura stimato\" \/>\n\t<meta name=\"twitter:data2\" content=\"3 minuti\" \/>\n<script type=\"application\/ld+json\" class=\"yoast-schema-graph\">{\"@context\":\"https:\\\/\\\/schema.org\",\"@graph\":[{\"@type\":\"Article\",\"@id\":\"https:\\\/\\\/archiviocassano.lavocedelpaese.info\\\/index.php\\\/2012\\\/03\\\/26\\\/rifiuti-sel-insiste-quella-gara-ha-lati-oscuri\\\/#article\",\"isPartOf\":{\"@id\":\"https:\\\/\\\/archiviocassano.lavocedelpaese.info\\\/index.php\\\/2012\\\/03\\\/26\\\/rifiuti-sel-insiste-quella-gara-ha-lati-oscuri\\\/\"},\"author\":{\"name\":\"admin\",\"@id\":\"https:\\\/\\\/archiviocassano.lavocedelpaese.info\\\/#\\\/schema\\\/person\\\/df195bc79a9b4c35127cf005f92e041b\"},\"headline\":\"Rifiuti, SEL insiste: quella gara ha lati oscuri\",\"datePublished\":\"2012-03-26T14:22:36+00:00\",\"mainEntityOfPage\":{\"@id\":\"https:\\\/\\\/archiviocassano.lavocedelpaese.info\\\/index.php\\\/2012\\\/03\\\/26\\\/rifiuti-sel-insiste-quella-gara-ha-lati-oscuri\\\/\"},\"wordCount\":574,\"commentCount\":0,\"publisher\":{\"@id\":\"https:\\\/\\\/archiviocassano.lavocedelpaese.info\\\/#organization\"},\"image\":{\"@id\":\"https:\\\/\\\/archiviocassano.lavocedelpaese.info\\\/index.php\\\/2012\\\/03\\\/26\\\/rifiuti-sel-insiste-quella-gara-ha-lati-oscuri\\\/#primaryimage\"},\"thumbnailUrl\":\"https:\\\/\\\/archiviocassano.lavocedelpaese.info\\\/wp-content\\\/uploads\\\/2012\\\/03\\\/logo_SEL.jpg\",\"articleSection\":[\"Politica\"],\"inLanguage\":\"it-IT\",\"potentialAction\":[{\"@type\":\"CommentAction\",\"name\":\"Comment\",\"target\":[\"https:\\\/\\\/archiviocassano.lavocedelpaese.info\\\/index.php\\\/2012\\\/03\\\/26\\\/rifiuti-sel-insiste-quella-gara-ha-lati-oscuri\\\/#respond\"]}]},{\"@type\":\"WebPage\",\"@id\":\"https:\\\/\\\/archiviocassano.lavocedelpaese.info\\\/index.php\\\/2012\\\/03\\\/26\\\/rifiuti-sel-insiste-quella-gara-ha-lati-oscuri\\\/\",\"url\":\"https:\\\/\\\/archiviocassano.lavocedelpaese.info\\\/index.php\\\/2012\\\/03\\\/26\\\/rifiuti-sel-insiste-quella-gara-ha-lati-oscuri\\\/\",\"name\":\"Rifiuti, SEL insiste: quella gara ha lati oscuri - Archivio CassanoWeb\",\"isPartOf\":{\"@id\":\"https:\\\/\\\/archiviocassano.lavocedelpaese.info\\\/#website\"},\"primaryImageOfPage\":{\"@id\":\"https:\\\/\\\/archiviocassano.lavocedelpaese.info\\\/index.php\\\/2012\\\/03\\\/26\\\/rifiuti-sel-insiste-quella-gara-ha-lati-oscuri\\\/#primaryimage\"},\"image\":{\"@id\":\"https:\\\/\\\/archiviocassano.lavocedelpaese.info\\\/index.php\\\/2012\\\/03\\\/26\\\/rifiuti-sel-insiste-quella-gara-ha-lati-oscuri\\\/#primaryimage\"},\"thumbnailUrl\":\"https:\\\/\\\/archiviocassano.lavocedelpaese.info\\\/wp-content\\\/uploads\\\/2012\\\/03\\\/logo_SEL.jpg\",\"datePublished\":\"2012-03-26T14:22:36+00:00\",\"breadcrumb\":{\"@id\":\"https:\\\/\\\/archiviocassano.lavocedelpaese.info\\\/index.php\\\/2012\\\/03\\\/26\\\/rifiuti-sel-insiste-quella-gara-ha-lati-oscuri\\\/#breadcrumb\"},\"inLanguage\":\"it-IT\",\"potentialAction\":[{\"@type\":\"ReadAction\",\"target\":[\"https:\\\/\\\/archiviocassano.lavocedelpaese.info\\\/index.php\\\/2012\\\/03\\\/26\\\/rifiuti-sel-insiste-quella-gara-ha-lati-oscuri\\\/\"]}]},{\"@type\":\"ImageObject\",\"inLanguage\":\"it-IT\",\"@id\":\"https:\\\/\\\/archiviocassano.lavocedelpaese.info\\\/index.php\\\/2012\\\/03\\\/26\\\/rifiuti-sel-insiste-quella-gara-ha-lati-oscuri\\\/#primaryimage\",\"url\":\"https:\\\/\\\/archiviocassano.lavocedelpaese.info\\\/wp-content\\\/uploads\\\/2012\\\/03\\\/logo_SEL.jpg\",\"contentUrl\":\"https:\\\/\\\/archiviocassano.lavocedelpaese.info\\\/wp-content\\\/uploads\\\/2012\\\/03\\\/logo_SEL.jpg\",\"width\":410,\"height\":200,\"caption\":\"logo SEL\"},{\"@type\":\"BreadcrumbList\",\"@id\":\"https:\\\/\\\/archiviocassano.lavocedelpaese.info\\\/index.php\\\/2012\\\/03\\\/26\\\/rifiuti-sel-insiste-quella-gara-ha-lati-oscuri\\\/#breadcrumb\",\"itemListElement\":[{\"@type\":\"ListItem\",\"position\":1,\"name\":\"Home\",\"item\":\"https:\\\/\\\/archiviocassano.lavocedelpaese.info\\\/\"},{\"@type\":\"ListItem\",\"position\":2,\"name\":\"Rifiuti, SEL insiste: quella gara ha lati oscuri\"}]},{\"@type\":\"WebSite\",\"@id\":\"https:\\\/\\\/archiviocassano.lavocedelpaese.info\\\/#website\",\"url\":\"https:\\\/\\\/archiviocassano.lavocedelpaese.info\\\/\",\"name\":\"Archivio CassanoWeb\",\"description\":\"La Voce del Paese - un network di idee\",\"publisher\":{\"@id\":\"https:\\\/\\\/archiviocassano.lavocedelpaese.info\\\/#organization\"},\"potentialAction\":[{\"@type\":\"SearchAction\",\"target\":{\"@type\":\"EntryPoint\",\"urlTemplate\":\"https:\\\/\\\/archiviocassano.lavocedelpaese.info\\\/?s={search_term_string}\"},\"query-input\":{\"@type\":\"PropertyValueSpecification\",\"valueRequired\":true,\"valueName\":\"search_term_string\"}}],\"inLanguage\":\"it-IT\"},{\"@type\":\"Organization\",\"@id\":\"https:\\\/\\\/archiviocassano.lavocedelpaese.info\\\/#organization\",\"name\":\"Archivio CassanoWeb\",\"url\":\"https:\\\/\\\/archiviocassano.lavocedelpaese.info\\\/\",\"logo\":{\"@type\":\"ImageObject\",\"inLanguage\":\"it-IT\",\"@id\":\"https:\\\/\\\/archiviocassano.lavocedelpaese.info\\\/#\\\/schema\\\/logo\\\/image\\\/\",\"url\":\"https:\\\/\\\/archiviocassano.lavocedelpaese.info\\\/wp-content\\\/uploads\\\/2024\\\/08\\\/logo-rosso-2.png\",\"contentUrl\":\"https:\\\/\\\/archiviocassano.lavocedelpaese.info\\\/wp-content\\\/uploads\\\/2024\\\/08\\\/logo-rosso-2.png\",\"width\":491,\"height\":432,\"caption\":\"Archivio CassanoWeb\"},\"image\":{\"@id\":\"https:\\\/\\\/archiviocassano.lavocedelpaese.info\\\/#\\\/schema\\\/logo\\\/image\\\/\"},\"sameAs\":[\"https:\\\/\\\/www.facebook.com\\\/redazione.cassanoweb\"]},{\"@type\":\"Person\",\"@id\":\"https:\\\/\\\/archiviocassano.lavocedelpaese.info\\\/#\\\/schema\\\/person\\\/df195bc79a9b4c35127cf005f92e041b\",\"name\":\"admin\",\"image\":{\"@type\":\"ImageObject\",\"inLanguage\":\"it-IT\",\"@id\":\"https:\\\/\\\/secure.gravatar.com\\\/avatar\\\/eabba89a432e8eaa1b0207cc55f7e5340b22712b1ed80677efcf63e02ff5b235?s=96&d=mm&r=g\",\"url\":\"https:\\\/\\\/secure.gravatar.com\\\/avatar\\\/eabba89a432e8eaa1b0207cc55f7e5340b22712b1ed80677efcf63e02ff5b235?s=96&d=mm&r=g\",\"contentUrl\":\"https:\\\/\\\/secure.gravatar.com\\\/avatar\\\/eabba89a432e8eaa1b0207cc55f7e5340b22712b1ed80677efcf63e02ff5b235?s=96&d=mm&r=g\",\"caption\":\"admin\"},\"sameAs\":[\"https:\\\/\\\/archiviocassano.lavocedelpaese.info\"],\"url\":\"https:\\\/\\\/archiviocassano.lavocedelpaese.info\\\/index.php\\\/author\\\/admin_0qgz1xdp\\\/\"}]}<\/script>\n<!-- \/ Yoast SEO plugin. -->","yoast_head_json":{"title":"Rifiuti, SEL insiste: quella gara ha lati oscuri - Archivio CassanoWeb","robots":{"index":"index","follow":"follow","max-snippet":"max-snippet:-1","max-image-preview":"max-image-preview:large","max-video-preview":"max-video-preview:-1"},"canonical":"https:\/\/archiviocassano.lavocedelpaese.info\/index.php\/2012\/03\/26\/rifiuti-sel-insiste-quella-gara-ha-lati-oscuri\/","og_locale":"it_IT","og_type":"article","og_title":"Rifiuti, SEL insiste: quella gara ha lati oscuri - Archivio CassanoWeb","og_url":"https:\/\/archiviocassano.lavocedelpaese.info\/index.php\/2012\/03\/26\/rifiuti-sel-insiste-quella-gara-ha-lati-oscuri\/","og_site_name":"Archivio CassanoWeb","article_publisher":"https:\/\/www.facebook.com\/redazione.cassanoweb","article_published_time":"2012-03-26T14:22:36+00:00","og_image":[{"width":410,"height":200,"url":"https:\/\/archiviocassano.lavocedelpaese.info\/wp-content\/uploads\/2012\/03\/logo_SEL.jpg","type":"image\/jpeg"}],"author":"admin","twitter_card":"summary_large_image","twitter_misc":{"Scritto da":"admin","Tempo di lettura stimato":"3 minuti"},"schema":{"@context":"https:\/\/schema.org","@graph":[{"@type":"Article","@id":"https:\/\/archiviocassano.lavocedelpaese.info\/index.php\/2012\/03\/26\/rifiuti-sel-insiste-quella-gara-ha-lati-oscuri\/#article","isPartOf":{"@id":"https:\/\/archiviocassano.lavocedelpaese.info\/index.php\/2012\/03\/26\/rifiuti-sel-insiste-quella-gara-ha-lati-oscuri\/"},"author":{"name":"admin","@id":"https:\/\/archiviocassano.lavocedelpaese.info\/#\/schema\/person\/df195bc79a9b4c35127cf005f92e041b"},"headline":"Rifiuti, SEL insiste: quella gara ha lati oscuri","datePublished":"2012-03-26T14:22:36+00:00","mainEntityOfPage":{"@id":"https:\/\/archiviocassano.lavocedelpaese.info\/index.php\/2012\/03\/26\/rifiuti-sel-insiste-quella-gara-ha-lati-oscuri\/"},"wordCount":574,"commentCount":0,"publisher":{"@id":"https:\/\/archiviocassano.lavocedelpaese.info\/#organization"},"image":{"@id":"https:\/\/archiviocassano.lavocedelpaese.info\/index.php\/2012\/03\/26\/rifiuti-sel-insiste-quella-gara-ha-lati-oscuri\/#primaryimage"},"thumbnailUrl":"https:\/\/archiviocassano.lavocedelpaese.info\/wp-content\/uploads\/2012\/03\/logo_SEL.jpg","articleSection":["Politica"],"inLanguage":"it-IT","potentialAction":[{"@type":"CommentAction","name":"Comment","target":["https:\/\/archiviocassano.lavocedelpaese.info\/index.php\/2012\/03\/26\/rifiuti-sel-insiste-quella-gara-ha-lati-oscuri\/#respond"]}]},{"@type":"WebPage","@id":"https:\/\/archiviocassano.lavocedelpaese.info\/index.php\/2012\/03\/26\/rifiuti-sel-insiste-quella-gara-ha-lati-oscuri\/","url":"https:\/\/archiviocassano.lavocedelpaese.info\/index.php\/2012\/03\/26\/rifiuti-sel-insiste-quella-gara-ha-lati-oscuri\/","name":"Rifiuti, SEL insiste: quella gara ha lati oscuri - Archivio CassanoWeb","isPartOf":{"@id":"https:\/\/archiviocassano.lavocedelpaese.info\/#website"},"primaryImageOfPage":{"@id":"https:\/\/archiviocassano.lavocedelpaese.info\/index.php\/2012\/03\/26\/rifiuti-sel-insiste-quella-gara-ha-lati-oscuri\/#primaryimage"},"image":{"@id":"https:\/\/archiviocassano.lavocedelpaese.info\/index.php\/2012\/03\/26\/rifiuti-sel-insiste-quella-gara-ha-lati-oscuri\/#primaryimage"},"thumbnailUrl":"https:\/\/archiviocassano.lavocedelpaese.info\/wp-content\/uploads\/2012\/03\/logo_SEL.jpg","datePublished":"2012-03-26T14:22:36+00:00","breadcrumb":{"@id":"https:\/\/archiviocassano.lavocedelpaese.info\/index.php\/2012\/03\/26\/rifiuti-sel-insiste-quella-gara-ha-lati-oscuri\/#breadcrumb"},"inLanguage":"it-IT","potentialAction":[{"@type":"ReadAction","target":["https:\/\/archiviocassano.lavocedelpaese.info\/index.php\/2012\/03\/26\/rifiuti-sel-insiste-quella-gara-ha-lati-oscuri\/"]}]},{"@type":"ImageObject","inLanguage":"it-IT","@id":"https:\/\/archiviocassano.lavocedelpaese.info\/index.php\/2012\/03\/26\/rifiuti-sel-insiste-quella-gara-ha-lati-oscuri\/#primaryimage","url":"https:\/\/archiviocassano.lavocedelpaese.info\/wp-content\/uploads\/2012\/03\/logo_SEL.jpg","contentUrl":"https:\/\/archiviocassano.lavocedelpaese.info\/wp-content\/uploads\/2012\/03\/logo_SEL.jpg","width":410,"height":200,"caption":"logo SEL"},{"@type":"BreadcrumbList","@id":"https:\/\/archiviocassano.lavocedelpaese.info\/index.php\/2012\/03\/26\/rifiuti-sel-insiste-quella-gara-ha-lati-oscuri\/#breadcrumb","itemListElement":[{"@type":"ListItem","position":1,"name":"Home","item":"https:\/\/archiviocassano.lavocedelpaese.info\/"},{"@type":"ListItem","position":2,"name":"Rifiuti, SEL insiste: quella gara ha lati oscuri"}]},{"@type":"WebSite","@id":"https:\/\/archiviocassano.lavocedelpaese.info\/#website","url":"https:\/\/archiviocassano.lavocedelpaese.info\/","name":"Archivio CassanoWeb","description":"La Voce del Paese - un network di idee","publisher":{"@id":"https:\/\/archiviocassano.lavocedelpaese.info\/#organization"},"potentialAction":[{"@type":"SearchAction","target":{"@type":"EntryPoint","urlTemplate":"https:\/\/archiviocassano.lavocedelpaese.info\/?s={search_term_string}"},"query-input":{"@type":"PropertyValueSpecification","valueRequired":true,"valueName":"search_term_string"}}],"inLanguage":"it-IT"},{"@type":"Organization","@id":"https:\/\/archiviocassano.lavocedelpaese.info\/#organization","name":"Archivio CassanoWeb","url":"https:\/\/archiviocassano.lavocedelpaese.info\/","logo":{"@type":"ImageObject","inLanguage":"it-IT","@id":"https:\/\/archiviocassano.lavocedelpaese.info\/#\/schema\/logo\/image\/","url":"https:\/\/archiviocassano.lavocedelpaese.info\/wp-content\/uploads\/2024\/08\/logo-rosso-2.png","contentUrl":"https:\/\/archiviocassano.lavocedelpaese.info\/wp-content\/uploads\/2024\/08\/logo-rosso-2.png","width":491,"height":432,"caption":"Archivio CassanoWeb"},"image":{"@id":"https:\/\/archiviocassano.lavocedelpaese.info\/#\/schema\/logo\/image\/"},"sameAs":["https:\/\/www.facebook.com\/redazione.cassanoweb"]},{"@type":"Person","@id":"https:\/\/archiviocassano.lavocedelpaese.info\/#\/schema\/person\/df195bc79a9b4c35127cf005f92e041b","name":"admin","image":{"@type":"ImageObject","inLanguage":"it-IT","@id":"https:\/\/secure.gravatar.com\/avatar\/eabba89a432e8eaa1b0207cc55f7e5340b22712b1ed80677efcf63e02ff5b235?s=96&d=mm&r=g","url":"https:\/\/secure.gravatar.com\/avatar\/eabba89a432e8eaa1b0207cc55f7e5340b22712b1ed80677efcf63e02ff5b235?s=96&d=mm&r=g","contentUrl":"https:\/\/secure.gravatar.com\/avatar\/eabba89a432e8eaa1b0207cc55f7e5340b22712b1ed80677efcf63e02ff5b235?s=96&d=mm&r=g","caption":"admin"},"sameAs":["https:\/\/archiviocassano.lavocedelpaese.info"],"url":"https:\/\/archiviocassano.lavocedelpaese.info\/index.php\/author\/admin_0qgz1xdp\/"}]}},"_links":{"self":[{"href":"https:\/\/archiviocassano.lavocedelpaese.info\/index.php\/wp-json\/wp\/v2\/posts\/5484","targetHints":{"allow":["GET"]}}],"collection":[{"href":"https:\/\/archiviocassano.lavocedelpaese.info\/index.php\/wp-json\/wp\/v2\/posts"}],"about":[{"href":"https:\/\/archiviocassano.lavocedelpaese.info\/index.php\/wp-json\/wp\/v2\/types\/post"}],"author":[{"embeddable":true,"href":"https:\/\/archiviocassano.lavocedelpaese.info\/index.php\/wp-json\/wp\/v2\/users\/1"}],"replies":[{"embeddable":true,"href":"https:\/\/archiviocassano.lavocedelpaese.info\/index.php\/wp-json\/wp\/v2\/comments?post=5484"}],"version-history":[{"count":0,"href":"https:\/\/archiviocassano.lavocedelpaese.info\/index.php\/wp-json\/wp\/v2\/posts\/5484\/revisions"}],"wp:featuredmedia":[{"embeddable":true,"href":"https:\/\/archiviocassano.lavocedelpaese.info\/index.php\/wp-json\/wp\/v2\/media\/5425"}],"wp:attachment":[{"href":"https:\/\/archiviocassano.lavocedelpaese.info\/index.php\/wp-json\/wp\/v2\/media?parent=5484"}],"wp:term":[{"taxonomy":"category","embeddable":true,"href":"https:\/\/archiviocassano.lavocedelpaese.info\/index.php\/wp-json\/wp\/v2\/categories?post=5484"},{"taxonomy":"post_tag","embeddable":true,"href":"https:\/\/archiviocassano.lavocedelpaese.info\/index.php\/wp-json\/wp\/v2\/tags?post=5484"}],"curies":[{"name":"wp","href":"https:\/\/api.w.org\/{rel}","templated":true}]}}