{"id":5545,"date":"2012-04-07T20:59:25","date_gmt":"2012-04-07T20:59:25","guid":{"rendered":"https:\/\/archiviocassano.lavocedelpaese.info\/index.php\/2012\/04\/07\/pro-loco-qnessuna-aggressione-verbale-solo-menzogneq\/"},"modified":"2012-04-07T20:59:25","modified_gmt":"2012-04-07T20:59:25","slug":"pro-loco-qnessuna-aggressione-verbale-solo-menzogneq","status":"publish","type":"post","link":"https:\/\/archiviocassano.lavocedelpaese.info\/index.php\/2012\/04\/07\/pro-loco-qnessuna-aggressione-verbale-solo-menzogneq\/","title":{"rendered":"Pro Loco: &#8220;Nessuna aggressione verbale&#8221;. Ma Stano conferma tutto"},"content":{"rendered":"<p><img loading=\"lazy\" decoding=\"async\" class=\" size-full wp-image-4729\" style=\"margin-right: 2px; margin-left: 2px;\" alt=\"logo pro loco\" src=\"https:\/\/archiviocassano.lavocedelpaese.info\/wp-content\/uploads\/2011\/11\/logo_pro_loco.jpg\" height=\"150\" width=\"320\" \/><\/p>\n<p>\n<!--more--><br \/>\n<em>Dalla Pro Loco &#8220;La Murgianella&#8221;, riceviamo e pubblichiamo.<\/em><\/p>\n<p>&nbsp;<\/p>\n<p style=\"text-align: justify;\">In merito a recenti affermazioni da parte del sig. Vito Stano sul suo blog a proposito di una presunta \u201caggressione verbale\u201d da parte del sottoscritto nei confronti del personale del Comune di Cassano che ha in custodia la Biblioteca e i locali di via Miani, si smentisce completamente la versione dei fatti fornita dallo stesso e avvalorata dagli stessi lavoratori a cui mai il sottoscritto si \u00e8 rivolto con minacce, aggressioni e volgarit\u00e0 n\u00e9 nei giorni scorsi n\u00e9 mai.<\/p>\n<p style=\"text-align: justify;\">Le affermazioni di questo signore sono del tutto forzate e tendenti a gettare discredito sulla mia persona e sull\u2019intera associazione che rappresento.<\/p>\n<p style=\"text-align: justify;\">Pi\u00f9 volte, nelle giornate di ieri e anche di oggi, \u00e8 stato chiarito al sig. Stano che c\u2019\u00e8 stato uno vivace scambio di battute tra il sottoscritto e il personale comunale in questione, in merito a quanto avvenuto lo scorso venerd\u00ec presso la sede della Pro Loco in via Miani e l\u2019identica versione dei fatti potr\u00e0 essere confermata dai diretti interessati che, tra l\u2019altro, hanno spiegato l\u2019accaduto allo stesso \u201cblogger\u201d che tuttavia rimane delle sue idee e continua ad affermare, a questo punto, vere e proprie falsit\u00e0.<\/p>\n<p style=\"text-align: justify;\">Come gi\u00e0 fatto di persona, chiedo scusa al personale del Comune nel caso in cui avessi in qualche modo, e involontariamente, offeso la loro sensibilit\u00e0 ma si \u00e8 trattato, lo ripeto, tutt\u2019al pi\u00f9 di una discussione animata e brevissima, ben lontana da una \u201caggressione verbale\u201d di cui si farnetica e che non ha alcuna prova n\u00e9 testimonianza di essere avvenuta.<\/p>\n<p style=\"text-align: justify;\">Chiarita la questione, da oggi in poi tutti coloro (giornalisti, blogger, commentatori, ecc.) che continueranno ad affermare e scrivere che il sottoscritto ha compiuto una aggressione verbale, o altre falsit\u00e0 del genere, nei confronti di queste o di altre persone senza averne prove n\u00e9 testimonianze, saranno querelati per diffamazione e falso e dovranno rispondere dinanzi alla giustizia delle proprie affermazioni o di quelle pubblicate, riportate, e\/o linkate, e\/o commentate.<\/p>\n<p style=\"text-align: right;\"><strong>IL PRESIDENTE<\/strong><br \/><strong>Giuseppe Antonio Ferrante<\/strong><\/p>\n<p style=\"text-align: right;\"><strong><br \/><\/strong><\/p>\n<p style=\"text-align: justify;\"><em>Il blogger cassanese, invece, conferma la sua versione dei fatti. Ecco la sua nota:<\/em><\/p>\n<p style=\"text-align: justify;\">&nbsp;<\/p>\n<p>In merito alla questione che ha riscaldato gli animi in questi giorni pasquali, devo prendere positivamente atto del fatto che il presidente della Pro Loco \u201cLa Murgianella\u201d Giuseppe Ferrante ha chiesto scusa privatamente e pubblicamente del suo comportamento, dallo stesso qualificato come \u201ccome discussione animata\u201d e \u201cvivace scambio di battute\u201d, assunto nei confronti di due lavoratrici che prestano opera presso la biblioteca civica.<\/p>\n<p>Tanto evidenzia, qualora ce ne fosse stato ancora bisogno, che ho semplicemente esercitato il mio legittimo \u201cdiritto di cronaca\u201d, senza mai attribuire al Ferrante \u201cminacce\u201d o \u201cvolgarit\u00e0\u201d, tanto da rendere del tutto fuori luogo la minaccia di querela per diffamazione rivoltami. Confidando di aver definitivamente sgomberato il campo da ogni equivoco di sorta, saluto cordialmente.<\/p>\n<p>&nbsp;<\/p>\n<p style=\"font-size: 12pt; line-height: 115%; font-family: 'Arial','sans-serif'; text-align: right;\">&nbsp;<\/p>\n<p>In fede<\/p>\n<p>Vito Stano<\/p>\n<p>&nbsp;<\/p>\n<p>&nbsp;<\/p>\n<p>I lettori che volessero rendersi conto personalmente se il blogger Stano ha esercitato il diritto di cronaca o dato dei presunti fatti accaduti una sua personalissima lettura, possono<a target=\"_blank\" href=\"http:\/\/murgiambiente.blogspot.it\/\" rel=\"noopener\"> leggere qui<\/a> gli articoli incriminati.<\/p>\n<p><br style=\"font-size: 12pt; line-height: 115%; font-family: 'Arial','sans-serif';\" \/><span style=\"font-size: 12pt; line-height: 115%; font-family: 'Arial','sans-serif';\"><\/span><\/p>\n<p><br style=\"font-size: 12pt; line-height: 150%; font-family: 'Verdana','sans-serif';\" \/><span style=\"font-size: 12pt; font-family: 'Verdana','sans-serif';\"><\/span><\/p>\n<p>&nbsp;<\/p>\n","protected":false},"excerpt":{"rendered":"","protected":false},"author":1,"featured_media":4729,"comment_status":"open","ping_status":"closed","sticky":false,"template":"","format":"standard","meta":{"colormag_page_container_layout":"default_layout","colormag_page_sidebar_layout":"default_layout","footnotes":""},"categories":[7],"tags":[],"class_list":["post-5545","post","type-post","status-publish","format-standard","has-post-thumbnail","hentry","category-attualita"],"yoast_head":"<!-- This site is optimized with the Yoast SEO plugin v27.5 - https:\/\/yoast.com\/product\/yoast-seo-wordpress\/ -->\n<title>Pro Loco: &quot;Nessuna aggressione verbale&quot;. Ma Stano conferma tutto - Archivio CassanoWeb<\/title>\n<meta name=\"robots\" content=\"index, follow, max-snippet:-1, max-image-preview:large, max-video-preview:-1\" \/>\n<link rel=\"canonical\" href=\"https:\/\/archiviocassano.lavocedelpaese.info\/index.php\/2012\/04\/07\/pro-loco-qnessuna-aggressione-verbale-solo-menzogneq\/\" \/>\n<meta property=\"og:locale\" content=\"it_IT\" \/>\n<meta property=\"og:type\" content=\"article\" \/>\n<meta property=\"og:title\" content=\"Pro Loco: &quot;Nessuna aggressione verbale&quot;. Ma Stano conferma tutto - Archivio CassanoWeb\" \/>\n<meta property=\"og:url\" content=\"https:\/\/archiviocassano.lavocedelpaese.info\/index.php\/2012\/04\/07\/pro-loco-qnessuna-aggressione-verbale-solo-menzogneq\/\" \/>\n<meta property=\"og:site_name\" content=\"Archivio CassanoWeb\" \/>\n<meta property=\"article:publisher\" content=\"https:\/\/www.facebook.com\/redazione.cassanoweb\" \/>\n<meta property=\"article:published_time\" content=\"2012-04-07T20:59:25+00:00\" \/>\n<meta property=\"og:image\" content=\"https:\/\/archiviocassano.lavocedelpaese.info\/wp-content\/uploads\/2011\/11\/logo_pro_loco.jpg\" \/>\n\t<meta property=\"og:image:width\" content=\"410\" \/>\n\t<meta property=\"og:image:height\" content=\"200\" \/>\n\t<meta property=\"og:image:type\" content=\"image\/jpeg\" \/>\n<meta name=\"author\" content=\"admin\" \/>\n<meta name=\"twitter:card\" content=\"summary_large_image\" \/>\n<meta name=\"twitter:label1\" content=\"Scritto da\" \/>\n\t<meta name=\"twitter:data1\" content=\"admin\" \/>\n\t<meta name=\"twitter:label2\" content=\"Tempo di lettura stimato\" \/>\n\t<meta name=\"twitter:data2\" content=\"3 minuti\" \/>\n<script type=\"application\/ld+json\" class=\"yoast-schema-graph\">{\"@context\":\"https:\\\/\\\/schema.org\",\"@graph\":[{\"@type\":\"Article\",\"@id\":\"https:\\\/\\\/archiviocassano.lavocedelpaese.info\\\/index.php\\\/2012\\\/04\\\/07\\\/pro-loco-qnessuna-aggressione-verbale-solo-menzogneq\\\/#article\",\"isPartOf\":{\"@id\":\"https:\\\/\\\/archiviocassano.lavocedelpaese.info\\\/index.php\\\/2012\\\/04\\\/07\\\/pro-loco-qnessuna-aggressione-verbale-solo-menzogneq\\\/\"},\"author\":{\"name\":\"admin\",\"@id\":\"https:\\\/\\\/archiviocassano.lavocedelpaese.info\\\/#\\\/schema\\\/person\\\/df195bc79a9b4c35127cf005f92e041b\"},\"headline\":\"Pro Loco: &#8220;Nessuna aggressione verbale&#8221;. Ma Stano conferma tutto\",\"datePublished\":\"2012-04-07T20:59:25+00:00\",\"mainEntityOfPage\":{\"@id\":\"https:\\\/\\\/archiviocassano.lavocedelpaese.info\\\/index.php\\\/2012\\\/04\\\/07\\\/pro-loco-qnessuna-aggressione-verbale-solo-menzogneq\\\/\"},\"wordCount\":519,\"commentCount\":0,\"publisher\":{\"@id\":\"https:\\\/\\\/archiviocassano.lavocedelpaese.info\\\/#organization\"},\"image\":{\"@id\":\"https:\\\/\\\/archiviocassano.lavocedelpaese.info\\\/index.php\\\/2012\\\/04\\\/07\\\/pro-loco-qnessuna-aggressione-verbale-solo-menzogneq\\\/#primaryimage\"},\"thumbnailUrl\":\"https:\\\/\\\/archiviocassano.lavocedelpaese.info\\\/wp-content\\\/uploads\\\/2011\\\/11\\\/logo_pro_loco.jpg\",\"articleSection\":[\"Attualit\u00e0\"],\"inLanguage\":\"it-IT\",\"potentialAction\":[{\"@type\":\"CommentAction\",\"name\":\"Comment\",\"target\":[\"https:\\\/\\\/archiviocassano.lavocedelpaese.info\\\/index.php\\\/2012\\\/04\\\/07\\\/pro-loco-qnessuna-aggressione-verbale-solo-menzogneq\\\/#respond\"]}]},{\"@type\":\"WebPage\",\"@id\":\"https:\\\/\\\/archiviocassano.lavocedelpaese.info\\\/index.php\\\/2012\\\/04\\\/07\\\/pro-loco-qnessuna-aggressione-verbale-solo-menzogneq\\\/\",\"url\":\"https:\\\/\\\/archiviocassano.lavocedelpaese.info\\\/index.php\\\/2012\\\/04\\\/07\\\/pro-loco-qnessuna-aggressione-verbale-solo-menzogneq\\\/\",\"name\":\"Pro Loco: \\\"Nessuna aggressione verbale\\\". Ma Stano conferma tutto - Archivio CassanoWeb\",\"isPartOf\":{\"@id\":\"https:\\\/\\\/archiviocassano.lavocedelpaese.info\\\/#website\"},\"primaryImageOfPage\":{\"@id\":\"https:\\\/\\\/archiviocassano.lavocedelpaese.info\\\/index.php\\\/2012\\\/04\\\/07\\\/pro-loco-qnessuna-aggressione-verbale-solo-menzogneq\\\/#primaryimage\"},\"image\":{\"@id\":\"https:\\\/\\\/archiviocassano.lavocedelpaese.info\\\/index.php\\\/2012\\\/04\\\/07\\\/pro-loco-qnessuna-aggressione-verbale-solo-menzogneq\\\/#primaryimage\"},\"thumbnailUrl\":\"https:\\\/\\\/archiviocassano.lavocedelpaese.info\\\/wp-content\\\/uploads\\\/2011\\\/11\\\/logo_pro_loco.jpg\",\"datePublished\":\"2012-04-07T20:59:25+00:00\",\"breadcrumb\":{\"@id\":\"https:\\\/\\\/archiviocassano.lavocedelpaese.info\\\/index.php\\\/2012\\\/04\\\/07\\\/pro-loco-qnessuna-aggressione-verbale-solo-menzogneq\\\/#breadcrumb\"},\"inLanguage\":\"it-IT\",\"potentialAction\":[{\"@type\":\"ReadAction\",\"target\":[\"https:\\\/\\\/archiviocassano.lavocedelpaese.info\\\/index.php\\\/2012\\\/04\\\/07\\\/pro-loco-qnessuna-aggressione-verbale-solo-menzogneq\\\/\"]}]},{\"@type\":\"ImageObject\",\"inLanguage\":\"it-IT\",\"@id\":\"https:\\\/\\\/archiviocassano.lavocedelpaese.info\\\/index.php\\\/2012\\\/04\\\/07\\\/pro-loco-qnessuna-aggressione-verbale-solo-menzogneq\\\/#primaryimage\",\"url\":\"https:\\\/\\\/archiviocassano.lavocedelpaese.info\\\/wp-content\\\/uploads\\\/2011\\\/11\\\/logo_pro_loco.jpg\",\"contentUrl\":\"https:\\\/\\\/archiviocassano.lavocedelpaese.info\\\/wp-content\\\/uploads\\\/2011\\\/11\\\/logo_pro_loco.jpg\",\"width\":410,\"height\":200,\"caption\":\"logo pro loco\"},{\"@type\":\"BreadcrumbList\",\"@id\":\"https:\\\/\\\/archiviocassano.lavocedelpaese.info\\\/index.php\\\/2012\\\/04\\\/07\\\/pro-loco-qnessuna-aggressione-verbale-solo-menzogneq\\\/#breadcrumb\",\"itemListElement\":[{\"@type\":\"ListItem\",\"position\":1,\"name\":\"Home\",\"item\":\"https:\\\/\\\/archiviocassano.lavocedelpaese.info\\\/\"},{\"@type\":\"ListItem\",\"position\":2,\"name\":\"Pro Loco: &#8220;Nessuna aggressione verbale&#8221;. Ma Stano conferma tutto\"}]},{\"@type\":\"WebSite\",\"@id\":\"https:\\\/\\\/archiviocassano.lavocedelpaese.info\\\/#website\",\"url\":\"https:\\\/\\\/archiviocassano.lavocedelpaese.info\\\/\",\"name\":\"Archivio CassanoWeb\",\"description\":\"La Voce del Paese - un network di idee\",\"publisher\":{\"@id\":\"https:\\\/\\\/archiviocassano.lavocedelpaese.info\\\/#organization\"},\"potentialAction\":[{\"@type\":\"SearchAction\",\"target\":{\"@type\":\"EntryPoint\",\"urlTemplate\":\"https:\\\/\\\/archiviocassano.lavocedelpaese.info\\\/?s={search_term_string}\"},\"query-input\":{\"@type\":\"PropertyValueSpecification\",\"valueRequired\":true,\"valueName\":\"search_term_string\"}}],\"inLanguage\":\"it-IT\"},{\"@type\":\"Organization\",\"@id\":\"https:\\\/\\\/archiviocassano.lavocedelpaese.info\\\/#organization\",\"name\":\"Archivio CassanoWeb\",\"url\":\"https:\\\/\\\/archiviocassano.lavocedelpaese.info\\\/\",\"logo\":{\"@type\":\"ImageObject\",\"inLanguage\":\"it-IT\",\"@id\":\"https:\\\/\\\/archiviocassano.lavocedelpaese.info\\\/#\\\/schema\\\/logo\\\/image\\\/\",\"url\":\"https:\\\/\\\/archiviocassano.lavocedelpaese.info\\\/wp-content\\\/uploads\\\/2024\\\/08\\\/logo-rosso-2.png\",\"contentUrl\":\"https:\\\/\\\/archiviocassano.lavocedelpaese.info\\\/wp-content\\\/uploads\\\/2024\\\/08\\\/logo-rosso-2.png\",\"width\":491,\"height\":432,\"caption\":\"Archivio CassanoWeb\"},\"image\":{\"@id\":\"https:\\\/\\\/archiviocassano.lavocedelpaese.info\\\/#\\\/schema\\\/logo\\\/image\\\/\"},\"sameAs\":[\"https:\\\/\\\/www.facebook.com\\\/redazione.cassanoweb\"]},{\"@type\":\"Person\",\"@id\":\"https:\\\/\\\/archiviocassano.lavocedelpaese.info\\\/#\\\/schema\\\/person\\\/df195bc79a9b4c35127cf005f92e041b\",\"name\":\"admin\",\"image\":{\"@type\":\"ImageObject\",\"inLanguage\":\"it-IT\",\"@id\":\"https:\\\/\\\/secure.gravatar.com\\\/avatar\\\/eabba89a432e8eaa1b0207cc55f7e5340b22712b1ed80677efcf63e02ff5b235?s=96&d=mm&r=g\",\"url\":\"https:\\\/\\\/secure.gravatar.com\\\/avatar\\\/eabba89a432e8eaa1b0207cc55f7e5340b22712b1ed80677efcf63e02ff5b235?s=96&d=mm&r=g\",\"contentUrl\":\"https:\\\/\\\/secure.gravatar.com\\\/avatar\\\/eabba89a432e8eaa1b0207cc55f7e5340b22712b1ed80677efcf63e02ff5b235?s=96&d=mm&r=g\",\"caption\":\"admin\"},\"sameAs\":[\"https:\\\/\\\/archiviocassano.lavocedelpaese.info\"],\"url\":\"https:\\\/\\\/archiviocassano.lavocedelpaese.info\\\/index.php\\\/author\\\/admin_0qgz1xdp\\\/\"}]}<\/script>\n<!-- \/ Yoast SEO plugin. -->","yoast_head_json":{"title":"Pro Loco: \"Nessuna aggressione verbale\". Ma Stano conferma tutto - Archivio CassanoWeb","robots":{"index":"index","follow":"follow","max-snippet":"max-snippet:-1","max-image-preview":"max-image-preview:large","max-video-preview":"max-video-preview:-1"},"canonical":"https:\/\/archiviocassano.lavocedelpaese.info\/index.php\/2012\/04\/07\/pro-loco-qnessuna-aggressione-verbale-solo-menzogneq\/","og_locale":"it_IT","og_type":"article","og_title":"Pro Loco: \"Nessuna aggressione verbale\". Ma Stano conferma tutto - Archivio CassanoWeb","og_url":"https:\/\/archiviocassano.lavocedelpaese.info\/index.php\/2012\/04\/07\/pro-loco-qnessuna-aggressione-verbale-solo-menzogneq\/","og_site_name":"Archivio CassanoWeb","article_publisher":"https:\/\/www.facebook.com\/redazione.cassanoweb","article_published_time":"2012-04-07T20:59:25+00:00","og_image":[{"width":410,"height":200,"url":"https:\/\/archiviocassano.lavocedelpaese.info\/wp-content\/uploads\/2011\/11\/logo_pro_loco.jpg","type":"image\/jpeg"}],"author":"admin","twitter_card":"summary_large_image","twitter_misc":{"Scritto da":"admin","Tempo di lettura stimato":"3 minuti"},"schema":{"@context":"https:\/\/schema.org","@graph":[{"@type":"Article","@id":"https:\/\/archiviocassano.lavocedelpaese.info\/index.php\/2012\/04\/07\/pro-loco-qnessuna-aggressione-verbale-solo-menzogneq\/#article","isPartOf":{"@id":"https:\/\/archiviocassano.lavocedelpaese.info\/index.php\/2012\/04\/07\/pro-loco-qnessuna-aggressione-verbale-solo-menzogneq\/"},"author":{"name":"admin","@id":"https:\/\/archiviocassano.lavocedelpaese.info\/#\/schema\/person\/df195bc79a9b4c35127cf005f92e041b"},"headline":"Pro Loco: &#8220;Nessuna aggressione verbale&#8221;. Ma Stano conferma tutto","datePublished":"2012-04-07T20:59:25+00:00","mainEntityOfPage":{"@id":"https:\/\/archiviocassano.lavocedelpaese.info\/index.php\/2012\/04\/07\/pro-loco-qnessuna-aggressione-verbale-solo-menzogneq\/"},"wordCount":519,"commentCount":0,"publisher":{"@id":"https:\/\/archiviocassano.lavocedelpaese.info\/#organization"},"image":{"@id":"https:\/\/archiviocassano.lavocedelpaese.info\/index.php\/2012\/04\/07\/pro-loco-qnessuna-aggressione-verbale-solo-menzogneq\/#primaryimage"},"thumbnailUrl":"https:\/\/archiviocassano.lavocedelpaese.info\/wp-content\/uploads\/2011\/11\/logo_pro_loco.jpg","articleSection":["Attualit\u00e0"],"inLanguage":"it-IT","potentialAction":[{"@type":"CommentAction","name":"Comment","target":["https:\/\/archiviocassano.lavocedelpaese.info\/index.php\/2012\/04\/07\/pro-loco-qnessuna-aggressione-verbale-solo-menzogneq\/#respond"]}]},{"@type":"WebPage","@id":"https:\/\/archiviocassano.lavocedelpaese.info\/index.php\/2012\/04\/07\/pro-loco-qnessuna-aggressione-verbale-solo-menzogneq\/","url":"https:\/\/archiviocassano.lavocedelpaese.info\/index.php\/2012\/04\/07\/pro-loco-qnessuna-aggressione-verbale-solo-menzogneq\/","name":"Pro Loco: \"Nessuna aggressione verbale\". Ma Stano conferma tutto - Archivio CassanoWeb","isPartOf":{"@id":"https:\/\/archiviocassano.lavocedelpaese.info\/#website"},"primaryImageOfPage":{"@id":"https:\/\/archiviocassano.lavocedelpaese.info\/index.php\/2012\/04\/07\/pro-loco-qnessuna-aggressione-verbale-solo-menzogneq\/#primaryimage"},"image":{"@id":"https:\/\/archiviocassano.lavocedelpaese.info\/index.php\/2012\/04\/07\/pro-loco-qnessuna-aggressione-verbale-solo-menzogneq\/#primaryimage"},"thumbnailUrl":"https:\/\/archiviocassano.lavocedelpaese.info\/wp-content\/uploads\/2011\/11\/logo_pro_loco.jpg","datePublished":"2012-04-07T20:59:25+00:00","breadcrumb":{"@id":"https:\/\/archiviocassano.lavocedelpaese.info\/index.php\/2012\/04\/07\/pro-loco-qnessuna-aggressione-verbale-solo-menzogneq\/#breadcrumb"},"inLanguage":"it-IT","potentialAction":[{"@type":"ReadAction","target":["https:\/\/archiviocassano.lavocedelpaese.info\/index.php\/2012\/04\/07\/pro-loco-qnessuna-aggressione-verbale-solo-menzogneq\/"]}]},{"@type":"ImageObject","inLanguage":"it-IT","@id":"https:\/\/archiviocassano.lavocedelpaese.info\/index.php\/2012\/04\/07\/pro-loco-qnessuna-aggressione-verbale-solo-menzogneq\/#primaryimage","url":"https:\/\/archiviocassano.lavocedelpaese.info\/wp-content\/uploads\/2011\/11\/logo_pro_loco.jpg","contentUrl":"https:\/\/archiviocassano.lavocedelpaese.info\/wp-content\/uploads\/2011\/11\/logo_pro_loco.jpg","width":410,"height":200,"caption":"logo pro loco"},{"@type":"BreadcrumbList","@id":"https:\/\/archiviocassano.lavocedelpaese.info\/index.php\/2012\/04\/07\/pro-loco-qnessuna-aggressione-verbale-solo-menzogneq\/#breadcrumb","itemListElement":[{"@type":"ListItem","position":1,"name":"Home","item":"https:\/\/archiviocassano.lavocedelpaese.info\/"},{"@type":"ListItem","position":2,"name":"Pro Loco: &#8220;Nessuna aggressione verbale&#8221;. Ma Stano conferma tutto"}]},{"@type":"WebSite","@id":"https:\/\/archiviocassano.lavocedelpaese.info\/#website","url":"https:\/\/archiviocassano.lavocedelpaese.info\/","name":"Archivio CassanoWeb","description":"La Voce del Paese - un network di idee","publisher":{"@id":"https:\/\/archiviocassano.lavocedelpaese.info\/#organization"},"potentialAction":[{"@type":"SearchAction","target":{"@type":"EntryPoint","urlTemplate":"https:\/\/archiviocassano.lavocedelpaese.info\/?s={search_term_string}"},"query-input":{"@type":"PropertyValueSpecification","valueRequired":true,"valueName":"search_term_string"}}],"inLanguage":"it-IT"},{"@type":"Organization","@id":"https:\/\/archiviocassano.lavocedelpaese.info\/#organization","name":"Archivio CassanoWeb","url":"https:\/\/archiviocassano.lavocedelpaese.info\/","logo":{"@type":"ImageObject","inLanguage":"it-IT","@id":"https:\/\/archiviocassano.lavocedelpaese.info\/#\/schema\/logo\/image\/","url":"https:\/\/archiviocassano.lavocedelpaese.info\/wp-content\/uploads\/2024\/08\/logo-rosso-2.png","contentUrl":"https:\/\/archiviocassano.lavocedelpaese.info\/wp-content\/uploads\/2024\/08\/logo-rosso-2.png","width":491,"height":432,"caption":"Archivio CassanoWeb"},"image":{"@id":"https:\/\/archiviocassano.lavocedelpaese.info\/#\/schema\/logo\/image\/"},"sameAs":["https:\/\/www.facebook.com\/redazione.cassanoweb"]},{"@type":"Person","@id":"https:\/\/archiviocassano.lavocedelpaese.info\/#\/schema\/person\/df195bc79a9b4c35127cf005f92e041b","name":"admin","image":{"@type":"ImageObject","inLanguage":"it-IT","@id":"https:\/\/secure.gravatar.com\/avatar\/eabba89a432e8eaa1b0207cc55f7e5340b22712b1ed80677efcf63e02ff5b235?s=96&d=mm&r=g","url":"https:\/\/secure.gravatar.com\/avatar\/eabba89a432e8eaa1b0207cc55f7e5340b22712b1ed80677efcf63e02ff5b235?s=96&d=mm&r=g","contentUrl":"https:\/\/secure.gravatar.com\/avatar\/eabba89a432e8eaa1b0207cc55f7e5340b22712b1ed80677efcf63e02ff5b235?s=96&d=mm&r=g","caption":"admin"},"sameAs":["https:\/\/archiviocassano.lavocedelpaese.info"],"url":"https:\/\/archiviocassano.lavocedelpaese.info\/index.php\/author\/admin_0qgz1xdp\/"}]}},"_links":{"self":[{"href":"https:\/\/archiviocassano.lavocedelpaese.info\/index.php\/wp-json\/wp\/v2\/posts\/5545","targetHints":{"allow":["GET"]}}],"collection":[{"href":"https:\/\/archiviocassano.lavocedelpaese.info\/index.php\/wp-json\/wp\/v2\/posts"}],"about":[{"href":"https:\/\/archiviocassano.lavocedelpaese.info\/index.php\/wp-json\/wp\/v2\/types\/post"}],"author":[{"embeddable":true,"href":"https:\/\/archiviocassano.lavocedelpaese.info\/index.php\/wp-json\/wp\/v2\/users\/1"}],"replies":[{"embeddable":true,"href":"https:\/\/archiviocassano.lavocedelpaese.info\/index.php\/wp-json\/wp\/v2\/comments?post=5545"}],"version-history":[{"count":0,"href":"https:\/\/archiviocassano.lavocedelpaese.info\/index.php\/wp-json\/wp\/v2\/posts\/5545\/revisions"}],"wp:featuredmedia":[{"embeddable":true,"href":"https:\/\/archiviocassano.lavocedelpaese.info\/index.php\/wp-json\/wp\/v2\/media\/4729"}],"wp:attachment":[{"href":"https:\/\/archiviocassano.lavocedelpaese.info\/index.php\/wp-json\/wp\/v2\/media?parent=5545"}],"wp:term":[{"taxonomy":"category","embeddable":true,"href":"https:\/\/archiviocassano.lavocedelpaese.info\/index.php\/wp-json\/wp\/v2\/categories?post=5545"},{"taxonomy":"post_tag","embeddable":true,"href":"https:\/\/archiviocassano.lavocedelpaese.info\/index.php\/wp-json\/wp\/v2\/tags?post=5545"}],"curies":[{"name":"wp","href":"https:\/\/api.w.org\/{rel}","templated":true}]}}