{"id":5654,"date":"2012-04-26T16:27:12","date_gmt":"2012-04-26T16:27:12","guid":{"rendered":"https:\/\/archiviocassano.lavocedelpaese.info\/index.php\/2012\/04\/26\/per-questa-foto-qvivicassanoq-chiede-le-dimissioni-del-capogruppo-pdl-pasquale-di-canosa\/"},"modified":"2012-04-26T16:27:12","modified_gmt":"2012-04-26T16:27:12","slug":"per-questa-foto-qvivicassanoq-chiede-le-dimissioni-del-capogruppo-pdl-pasquale-di-canosa","status":"publish","type":"post","link":"https:\/\/archiviocassano.lavocedelpaese.info\/index.php\/2012\/04\/26\/per-questa-foto-qvivicassanoq-chiede-le-dimissioni-del-capogruppo-pdl-pasquale-di-canosa\/","title":{"rendered":"Per questa foto, &#8220;ViviCassano&#8221; chiede le dimissioni di Di Canosa"},"content":{"rendered":"<p><img loading=\"lazy\" decoding=\"async\" class=\" size-full wp-image-5653\" style=\"margin-right: 2px; margin-left: 2px;\" alt=\"Di Canosa con Mussolini\" src=\"https:\/\/archiviocassano.lavocedelpaese.info\/wp-content\/uploads\/2012\/04\/Di_Canosa_con_Mussolini.jpg\" height=\"150\" width=\"320\" \/><\/p>\n<p><!--more--><\/p>\n<p style=\"text-align: justify;\">&#8220;<em>Chiediamo le dimissioni del consigliere e capogruppo PdL, Di Canosa o se ci\u00f2 non dovesse accadere, chiediamo l&#8217;intervento del Sindaco<\/em>&#8220;.<\/p>\n<p style=\"text-align: justify;\">La richiesta \u00e8 stata fatta poco fa, nel corso del Consiglio Comunale, da parte del capogruppo <strong>Rico Arganese di &#8220;ViviCassano-PD&#8221;<\/strong> che ha fatto notare che sul profilo Facebook di Di Canosa \u00e8 presente da diverso tempo questa foto che ritrae lo stesso assieme al Duce.<\/p>\n<p style=\"text-align: justify;\">&#8220;<em>Chiaro che si tratta di uno scherzoso fotomontaggio&#8221;<\/em> &#8211; ha detto Arganese &#8211; <em>&#8220;ma non possiamo non sottolineare la gravissima responsabilit\u00e0 del consigliere che avrebbe dovuto immediatamente rimuovere l&#8217;inquietante fotoritocco, anzich\u00e8 scherzarci sopra&#8221;.<\/em><\/p>\n<p style=\"text-align: justify;\">Il capogruppo PD ha fatto presente che potrebbe configurarsi, per qunto accaduto, anche il reato di apologia di reato ovvero l&#8217;inneggiare, in qualche modo, al fascismo.<\/p>\n<p style=\"text-align: justify;\">Il sindaco, cui era rivolta l&#8217;interrogazione, ha detto di non conoscere la circostanza non essendo utente Facebook e che verificher\u00e0 il da farsi.<\/p>\n<p style=\"text-align: justify;\">Di seguito, il testo della Interpellanza del PD.<\/p>\n<p style=\"text-align: justify;\">&nbsp;<\/p>\n<div style=\"text-align: justify;\"><\/div>\n<div style=\"text-align: justify;\"><\/div>\n<div style=\"text-align: justify;\"><\/div>\n<div style=\"text-align: justify;\">A nome del gruppo consiliare PD \u2013 Vivi Cassano<\/div>\n<div style=\"text-align: justify;\">&nbsp;<\/div>\n<div style=\"text-align: center;\"><strong>Premesso che<\/strong><\/div>\n<div style=\"text-align: center;\">&nbsp;<\/div>\n<ul>\n<li style=\"text-align: justify;\">da qualche tempo, su Facebook, sul profilo pubblico del consigliere, nonch\u00e9 capogruppo della maggioranza in questo consesso, Pasquale Di Canosa appare una foto, frutto di palese fotoritocco, che vogliamo portare all\u2019attenzione di questo consiglio.<\/li>\n<li style=\"text-align: justify;\">La foto in questione riproduce l\u2019imbronciato leader del ventennio fascista che tiene la mano poggiata sulla spalla di un suo gerarca che, grazie al fotomontaggio, ha assunto le sembianze di un sorridente Pasquale Di Canosa. L\u2019immagine \u00e8 accompagnata da una precisazione: \u201c<em>Questo ritocco l\u2019ha fatto P.C., napoletano. Se non siete contenti, scrivete sulla sua bakeca<\/em>\u201d.<\/li>\n<\/ul>\n<div style=\"text-align: justify;\">Sia ben chiaro, lo scherzo dell\u2019amico\/parente\/conoscente ci pu\u00f2 stare, ma la responsabilit\u00e0 in questo caso del pubblico amministratore \u00e8 invece \u201c<strong>gravissima<\/strong>\u201d: il suo essere sorridente accanto ad un personaggio storico che si \u00e8 macchiato di grandi nefandezze ed il cui operato \u00e8 stato messo al bando dalla nostra costituzione, la dice lunga sul suo senso delle istituzioni e sul loro rispetto.<\/div>\n<div style=\"text-align: justify;\">A maggior ragione della carica istituzionale che ricopre, il consigliere Di Canosa, per senso di responsabilit\u00e0 e per rispetto della costituzione, avrebbe <strong><em>dovuto rimuovere immediatamente quell\u2019immagine<\/em> e non l\u2019ha fatto<\/strong>; non solo: a chi gli chiede di rimuovere la foto, il nostro consigliere replica \u201c<em>Non la levo la foto, e che cappero: un po\u2019 di ironia non guasta mai. E poi, vi avevo detto di incazzarvi con mio cugino<\/em>\u201d. E aggiunge: \u201c<em>A dimenticavo: credere, obbedire e combattere. E adesso incazzatevi pure<\/em>\u201d.<\/div>\n<div style=\"text-align: justify;\">Il suo restare con quel volto sorridente accanto al personaggio in questione, \u00e8 segno evidente della sua condivisione di quell\u2019immagine; e la presenza della stessa immagine su facebook, piattaforma informatica pubblica frequentata certamente \u201cda un gruppo di persone non inferiore a cinque\u201d, potrebbe anche configurare, a nostro avviso, reato di apologia. E ancor pi\u00f9 potrebbero configurarlo le sue deliranti affermazioni, con le quali non solo mostra di condividere, ma addirittura rincara la dose ripetendo uno degli slogan di regime ed invitando la gente ad incazzarsi\u2026<\/div>\n<div style=\"text-align: justify;\">Al consigliere-capogruppo Di Canosa vogliamo ricordare che l&#8217;apologia del fascismo \u00e8 un reato previsto dalla legge 20 giugno 1952, n. 645 (contenente &#8220;Norme di attuazione della XII disposizione transitoria e finale (comma primo) della Costituzione&#8221;), e viene commesso, fra l\u2019altro anche da chiunque \u00abpubblicamente esalti esponenti, principi, fatti o metodi del fascismo\u00bb, e l\u2019essere sorridente accanto ad un personaggio di tale fatta su facebook significa condivisione ed esaltazione.<\/div>\n<div style=\"text-align: justify;\">Ricordando ancora al consigliere-capogruppo Di Canosa che la legge prevede sanzioni detentive per i colpevoli del reato di apologia, pi\u00f9 severe se il fatto riguarda idee o metodi razzisti o se \u00e8 commesso con il mezzo della stampa (e facebook, sebbene non sia mezzo della stampa, comunque ne riproduce gli effetti di diffusione e divulgazione), e che tale pena detentiva \u00e8 accompagnata dalla pena accessoria dell&#8217;interdizione dai pubblici uffici, noi consiglieri del gruppo PD-Vivicassano chiediamo al consigliere Di Canosa, proprio per la sua istituzionale carica di consigliere e di capogruppo di una parte politica, la rimozione dell\u2019immagine in questione dal profilo facebook e le immediate dimissioni da questo consesso per la sua gravissima irresponsabilit\u00e0.<\/div>\n<div style=\"text-align: justify;\">Dubitando della sensibilit\u00e0 del consigliere, viste le sue deliranti affermazioni, e facendo leva sulla sensibilit\u00e0 del sindaco e dei colleghi consiglieri.<\/div>\n<div style=\"text-align: justify;\">&nbsp;<\/div>\n<div style=\"text-align: center;\"><strong>Tanto premesso e considerato<\/strong><\/div>\n<div style=\"text-align: justify;\">&nbsp;<\/div>\n<div style=\"text-align: justify;\">i sottoscritti consiglieri comunali<\/div>\n<div style=\"text-align: justify;\">&nbsp;<\/div>\n<div style=\"text-align: center;\"><strong>interrogano il Sindaco<\/strong><\/div>\n<div style=\"text-align: justify;\">&nbsp;<\/div>\n<div style=\"text-align: justify;\">per sapere, per quanto di competenza, quali atti amministrativi e politici intende porre in essere&nbsp;evidenziando che in assenza di interventi adeguati provvederemo a segnalare l\u2019episodio alle autorit\u00e0 competenti, giacch\u00e9 la storia di Cassano, l\u2019appena celebrata ricorrenza del 25 aprile non meritano l\u2019affronto perpetrato dal consigliere-capogruppo della vostra maggioranza e, come dice il sindaco nel suo messaggio per il 25 aprile, \u201cDobbiamo opporci a tutti i rigurgiti di violenza, sia morale che fisica, che mina la nostra Italia. Dobbiamo costruire l\u2019essere Cittadini del Mondo. Dobbiamo essere degni dei martiri della Resistenza\u201d.&#8221;.<\/div>\n<p>&nbsp;<\/p>\n","protected":false},"excerpt":{"rendered":"","protected":false},"author":1,"featured_media":5653,"comment_status":"open","ping_status":"closed","sticky":false,"template":"","format":"standard","meta":{"colormag_page_container_layout":"default_layout","colormag_page_sidebar_layout":"default_layout","footnotes":""},"categories":[4],"tags":[],"class_list":["post-5654","post","type-post","status-publish","format-standard","has-post-thumbnail","hentry","category-politica"],"yoast_head":"<!-- This site is optimized with the Yoast SEO plugin v27.5 - https:\/\/yoast.com\/product\/yoast-seo-wordpress\/ -->\n<title>Per questa foto, &quot;ViviCassano&quot; chiede le dimissioni di Di Canosa - Archivio CassanoWeb<\/title>\n<meta name=\"robots\" content=\"index, follow, max-snippet:-1, max-image-preview:large, max-video-preview:-1\" \/>\n<link rel=\"canonical\" href=\"https:\/\/archiviocassano.lavocedelpaese.info\/index.php\/2012\/04\/26\/per-questa-foto-qvivicassanoq-chiede-le-dimissioni-del-capogruppo-pdl-pasquale-di-canosa\/\" \/>\n<meta property=\"og:locale\" content=\"it_IT\" \/>\n<meta property=\"og:type\" content=\"article\" \/>\n<meta property=\"og:title\" content=\"Per questa foto, &quot;ViviCassano&quot; chiede le dimissioni di Di Canosa - Archivio CassanoWeb\" \/>\n<meta property=\"og:url\" content=\"https:\/\/archiviocassano.lavocedelpaese.info\/index.php\/2012\/04\/26\/per-questa-foto-qvivicassanoq-chiede-le-dimissioni-del-capogruppo-pdl-pasquale-di-canosa\/\" \/>\n<meta property=\"og:site_name\" content=\"Archivio CassanoWeb\" \/>\n<meta property=\"article:publisher\" content=\"https:\/\/www.facebook.com\/redazione.cassanoweb\" \/>\n<meta property=\"article:published_time\" content=\"2012-04-26T16:27:12+00:00\" \/>\n<meta property=\"og:image\" content=\"https:\/\/archiviocassano.lavocedelpaese.info\/wp-content\/uploads\/2012\/04\/Di_Canosa_con_Mussolini.jpg\" \/>\n\t<meta property=\"og:image:width\" content=\"450\" \/>\n\t<meta property=\"og:image:height\" content=\"391\" \/>\n\t<meta property=\"og:image:type\" content=\"image\/jpeg\" \/>\n<meta name=\"author\" content=\"admin\" \/>\n<meta name=\"twitter:card\" content=\"summary_large_image\" \/>\n<meta name=\"twitter:label1\" content=\"Scritto da\" \/>\n\t<meta name=\"twitter:data1\" content=\"admin\" \/>\n\t<meta name=\"twitter:label2\" content=\"Tempo di lettura stimato\" \/>\n\t<meta name=\"twitter:data2\" content=\"4 minuti\" \/>\n<script type=\"application\/ld+json\" class=\"yoast-schema-graph\">{\"@context\":\"https:\\\/\\\/schema.org\",\"@graph\":[{\"@type\":\"Article\",\"@id\":\"https:\\\/\\\/archiviocassano.lavocedelpaese.info\\\/index.php\\\/2012\\\/04\\\/26\\\/per-questa-foto-qvivicassanoq-chiede-le-dimissioni-del-capogruppo-pdl-pasquale-di-canosa\\\/#article\",\"isPartOf\":{\"@id\":\"https:\\\/\\\/archiviocassano.lavocedelpaese.info\\\/index.php\\\/2012\\\/04\\\/26\\\/per-questa-foto-qvivicassanoq-chiede-le-dimissioni-del-capogruppo-pdl-pasquale-di-canosa\\\/\"},\"author\":{\"name\":\"admin\",\"@id\":\"https:\\\/\\\/archiviocassano.lavocedelpaese.info\\\/#\\\/schema\\\/person\\\/df195bc79a9b4c35127cf005f92e041b\"},\"headline\":\"Per questa foto, &#8220;ViviCassano&#8221; chiede le dimissioni di Di Canosa\",\"datePublished\":\"2012-04-26T16:27:12+00:00\",\"mainEntityOfPage\":{\"@id\":\"https:\\\/\\\/archiviocassano.lavocedelpaese.info\\\/index.php\\\/2012\\\/04\\\/26\\\/per-questa-foto-qvivicassanoq-chiede-le-dimissioni-del-capogruppo-pdl-pasquale-di-canosa\\\/\"},\"wordCount\":814,\"commentCount\":0,\"publisher\":{\"@id\":\"https:\\\/\\\/archiviocassano.lavocedelpaese.info\\\/#organization\"},\"image\":{\"@id\":\"https:\\\/\\\/archiviocassano.lavocedelpaese.info\\\/index.php\\\/2012\\\/04\\\/26\\\/per-questa-foto-qvivicassanoq-chiede-le-dimissioni-del-capogruppo-pdl-pasquale-di-canosa\\\/#primaryimage\"},\"thumbnailUrl\":\"https:\\\/\\\/archiviocassano.lavocedelpaese.info\\\/wp-content\\\/uploads\\\/2012\\\/04\\\/Di_Canosa_con_Mussolini.jpg\",\"articleSection\":[\"Politica\"],\"inLanguage\":\"it-IT\",\"potentialAction\":[{\"@type\":\"CommentAction\",\"name\":\"Comment\",\"target\":[\"https:\\\/\\\/archiviocassano.lavocedelpaese.info\\\/index.php\\\/2012\\\/04\\\/26\\\/per-questa-foto-qvivicassanoq-chiede-le-dimissioni-del-capogruppo-pdl-pasquale-di-canosa\\\/#respond\"]}]},{\"@type\":\"WebPage\",\"@id\":\"https:\\\/\\\/archiviocassano.lavocedelpaese.info\\\/index.php\\\/2012\\\/04\\\/26\\\/per-questa-foto-qvivicassanoq-chiede-le-dimissioni-del-capogruppo-pdl-pasquale-di-canosa\\\/\",\"url\":\"https:\\\/\\\/archiviocassano.lavocedelpaese.info\\\/index.php\\\/2012\\\/04\\\/26\\\/per-questa-foto-qvivicassanoq-chiede-le-dimissioni-del-capogruppo-pdl-pasquale-di-canosa\\\/\",\"name\":\"Per questa foto, \\\"ViviCassano\\\" chiede le dimissioni di Di Canosa - Archivio CassanoWeb\",\"isPartOf\":{\"@id\":\"https:\\\/\\\/archiviocassano.lavocedelpaese.info\\\/#website\"},\"primaryImageOfPage\":{\"@id\":\"https:\\\/\\\/archiviocassano.lavocedelpaese.info\\\/index.php\\\/2012\\\/04\\\/26\\\/per-questa-foto-qvivicassanoq-chiede-le-dimissioni-del-capogruppo-pdl-pasquale-di-canosa\\\/#primaryimage\"},\"image\":{\"@id\":\"https:\\\/\\\/archiviocassano.lavocedelpaese.info\\\/index.php\\\/2012\\\/04\\\/26\\\/per-questa-foto-qvivicassanoq-chiede-le-dimissioni-del-capogruppo-pdl-pasquale-di-canosa\\\/#primaryimage\"},\"thumbnailUrl\":\"https:\\\/\\\/archiviocassano.lavocedelpaese.info\\\/wp-content\\\/uploads\\\/2012\\\/04\\\/Di_Canosa_con_Mussolini.jpg\",\"datePublished\":\"2012-04-26T16:27:12+00:00\",\"breadcrumb\":{\"@id\":\"https:\\\/\\\/archiviocassano.lavocedelpaese.info\\\/index.php\\\/2012\\\/04\\\/26\\\/per-questa-foto-qvivicassanoq-chiede-le-dimissioni-del-capogruppo-pdl-pasquale-di-canosa\\\/#breadcrumb\"},\"inLanguage\":\"it-IT\",\"potentialAction\":[{\"@type\":\"ReadAction\",\"target\":[\"https:\\\/\\\/archiviocassano.lavocedelpaese.info\\\/index.php\\\/2012\\\/04\\\/26\\\/per-questa-foto-qvivicassanoq-chiede-le-dimissioni-del-capogruppo-pdl-pasquale-di-canosa\\\/\"]}]},{\"@type\":\"ImageObject\",\"inLanguage\":\"it-IT\",\"@id\":\"https:\\\/\\\/archiviocassano.lavocedelpaese.info\\\/index.php\\\/2012\\\/04\\\/26\\\/per-questa-foto-qvivicassanoq-chiede-le-dimissioni-del-capogruppo-pdl-pasquale-di-canosa\\\/#primaryimage\",\"url\":\"https:\\\/\\\/archiviocassano.lavocedelpaese.info\\\/wp-content\\\/uploads\\\/2012\\\/04\\\/Di_Canosa_con_Mussolini.jpg\",\"contentUrl\":\"https:\\\/\\\/archiviocassano.lavocedelpaese.info\\\/wp-content\\\/uploads\\\/2012\\\/04\\\/Di_Canosa_con_Mussolini.jpg\",\"width\":450,\"height\":391,\"caption\":\"Di Canosa con Mussolini\"},{\"@type\":\"BreadcrumbList\",\"@id\":\"https:\\\/\\\/archiviocassano.lavocedelpaese.info\\\/index.php\\\/2012\\\/04\\\/26\\\/per-questa-foto-qvivicassanoq-chiede-le-dimissioni-del-capogruppo-pdl-pasquale-di-canosa\\\/#breadcrumb\",\"itemListElement\":[{\"@type\":\"ListItem\",\"position\":1,\"name\":\"Home\",\"item\":\"https:\\\/\\\/archiviocassano.lavocedelpaese.info\\\/\"},{\"@type\":\"ListItem\",\"position\":2,\"name\":\"Per questa foto, &#8220;ViviCassano&#8221; chiede le dimissioni di Di Canosa\"}]},{\"@type\":\"WebSite\",\"@id\":\"https:\\\/\\\/archiviocassano.lavocedelpaese.info\\\/#website\",\"url\":\"https:\\\/\\\/archiviocassano.lavocedelpaese.info\\\/\",\"name\":\"Archivio CassanoWeb\",\"description\":\"La Voce del Paese - un network di idee\",\"publisher\":{\"@id\":\"https:\\\/\\\/archiviocassano.lavocedelpaese.info\\\/#organization\"},\"potentialAction\":[{\"@type\":\"SearchAction\",\"target\":{\"@type\":\"EntryPoint\",\"urlTemplate\":\"https:\\\/\\\/archiviocassano.lavocedelpaese.info\\\/?s={search_term_string}\"},\"query-input\":{\"@type\":\"PropertyValueSpecification\",\"valueRequired\":true,\"valueName\":\"search_term_string\"}}],\"inLanguage\":\"it-IT\"},{\"@type\":\"Organization\",\"@id\":\"https:\\\/\\\/archiviocassano.lavocedelpaese.info\\\/#organization\",\"name\":\"Archivio CassanoWeb\",\"url\":\"https:\\\/\\\/archiviocassano.lavocedelpaese.info\\\/\",\"logo\":{\"@type\":\"ImageObject\",\"inLanguage\":\"it-IT\",\"@id\":\"https:\\\/\\\/archiviocassano.lavocedelpaese.info\\\/#\\\/schema\\\/logo\\\/image\\\/\",\"url\":\"https:\\\/\\\/archiviocassano.lavocedelpaese.info\\\/wp-content\\\/uploads\\\/2024\\\/08\\\/logo-rosso-2.png\",\"contentUrl\":\"https:\\\/\\\/archiviocassano.lavocedelpaese.info\\\/wp-content\\\/uploads\\\/2024\\\/08\\\/logo-rosso-2.png\",\"width\":491,\"height\":432,\"caption\":\"Archivio CassanoWeb\"},\"image\":{\"@id\":\"https:\\\/\\\/archiviocassano.lavocedelpaese.info\\\/#\\\/schema\\\/logo\\\/image\\\/\"},\"sameAs\":[\"https:\\\/\\\/www.facebook.com\\\/redazione.cassanoweb\"]},{\"@type\":\"Person\",\"@id\":\"https:\\\/\\\/archiviocassano.lavocedelpaese.info\\\/#\\\/schema\\\/person\\\/df195bc79a9b4c35127cf005f92e041b\",\"name\":\"admin\",\"image\":{\"@type\":\"ImageObject\",\"inLanguage\":\"it-IT\",\"@id\":\"https:\\\/\\\/secure.gravatar.com\\\/avatar\\\/eabba89a432e8eaa1b0207cc55f7e5340b22712b1ed80677efcf63e02ff5b235?s=96&d=mm&r=g\",\"url\":\"https:\\\/\\\/secure.gravatar.com\\\/avatar\\\/eabba89a432e8eaa1b0207cc55f7e5340b22712b1ed80677efcf63e02ff5b235?s=96&d=mm&r=g\",\"contentUrl\":\"https:\\\/\\\/secure.gravatar.com\\\/avatar\\\/eabba89a432e8eaa1b0207cc55f7e5340b22712b1ed80677efcf63e02ff5b235?s=96&d=mm&r=g\",\"caption\":\"admin\"},\"sameAs\":[\"https:\\\/\\\/archiviocassano.lavocedelpaese.info\"],\"url\":\"https:\\\/\\\/archiviocassano.lavocedelpaese.info\\\/index.php\\\/author\\\/admin_0qgz1xdp\\\/\"}]}<\/script>\n<!-- \/ Yoast SEO plugin. -->","yoast_head_json":{"title":"Per questa foto, \"ViviCassano\" chiede le dimissioni di Di Canosa - Archivio CassanoWeb","robots":{"index":"index","follow":"follow","max-snippet":"max-snippet:-1","max-image-preview":"max-image-preview:large","max-video-preview":"max-video-preview:-1"},"canonical":"https:\/\/archiviocassano.lavocedelpaese.info\/index.php\/2012\/04\/26\/per-questa-foto-qvivicassanoq-chiede-le-dimissioni-del-capogruppo-pdl-pasquale-di-canosa\/","og_locale":"it_IT","og_type":"article","og_title":"Per questa foto, \"ViviCassano\" chiede le dimissioni di Di Canosa - Archivio CassanoWeb","og_url":"https:\/\/archiviocassano.lavocedelpaese.info\/index.php\/2012\/04\/26\/per-questa-foto-qvivicassanoq-chiede-le-dimissioni-del-capogruppo-pdl-pasquale-di-canosa\/","og_site_name":"Archivio CassanoWeb","article_publisher":"https:\/\/www.facebook.com\/redazione.cassanoweb","article_published_time":"2012-04-26T16:27:12+00:00","og_image":[{"width":450,"height":391,"url":"https:\/\/archiviocassano.lavocedelpaese.info\/wp-content\/uploads\/2012\/04\/Di_Canosa_con_Mussolini.jpg","type":"image\/jpeg"}],"author":"admin","twitter_card":"summary_large_image","twitter_misc":{"Scritto da":"admin","Tempo di lettura stimato":"4 minuti"},"schema":{"@context":"https:\/\/schema.org","@graph":[{"@type":"Article","@id":"https:\/\/archiviocassano.lavocedelpaese.info\/index.php\/2012\/04\/26\/per-questa-foto-qvivicassanoq-chiede-le-dimissioni-del-capogruppo-pdl-pasquale-di-canosa\/#article","isPartOf":{"@id":"https:\/\/archiviocassano.lavocedelpaese.info\/index.php\/2012\/04\/26\/per-questa-foto-qvivicassanoq-chiede-le-dimissioni-del-capogruppo-pdl-pasquale-di-canosa\/"},"author":{"name":"admin","@id":"https:\/\/archiviocassano.lavocedelpaese.info\/#\/schema\/person\/df195bc79a9b4c35127cf005f92e041b"},"headline":"Per questa foto, &#8220;ViviCassano&#8221; chiede le dimissioni di Di Canosa","datePublished":"2012-04-26T16:27:12+00:00","mainEntityOfPage":{"@id":"https:\/\/archiviocassano.lavocedelpaese.info\/index.php\/2012\/04\/26\/per-questa-foto-qvivicassanoq-chiede-le-dimissioni-del-capogruppo-pdl-pasquale-di-canosa\/"},"wordCount":814,"commentCount":0,"publisher":{"@id":"https:\/\/archiviocassano.lavocedelpaese.info\/#organization"},"image":{"@id":"https:\/\/archiviocassano.lavocedelpaese.info\/index.php\/2012\/04\/26\/per-questa-foto-qvivicassanoq-chiede-le-dimissioni-del-capogruppo-pdl-pasquale-di-canosa\/#primaryimage"},"thumbnailUrl":"https:\/\/archiviocassano.lavocedelpaese.info\/wp-content\/uploads\/2012\/04\/Di_Canosa_con_Mussolini.jpg","articleSection":["Politica"],"inLanguage":"it-IT","potentialAction":[{"@type":"CommentAction","name":"Comment","target":["https:\/\/archiviocassano.lavocedelpaese.info\/index.php\/2012\/04\/26\/per-questa-foto-qvivicassanoq-chiede-le-dimissioni-del-capogruppo-pdl-pasquale-di-canosa\/#respond"]}]},{"@type":"WebPage","@id":"https:\/\/archiviocassano.lavocedelpaese.info\/index.php\/2012\/04\/26\/per-questa-foto-qvivicassanoq-chiede-le-dimissioni-del-capogruppo-pdl-pasquale-di-canosa\/","url":"https:\/\/archiviocassano.lavocedelpaese.info\/index.php\/2012\/04\/26\/per-questa-foto-qvivicassanoq-chiede-le-dimissioni-del-capogruppo-pdl-pasquale-di-canosa\/","name":"Per questa foto, \"ViviCassano\" chiede le dimissioni di Di Canosa - Archivio CassanoWeb","isPartOf":{"@id":"https:\/\/archiviocassano.lavocedelpaese.info\/#website"},"primaryImageOfPage":{"@id":"https:\/\/archiviocassano.lavocedelpaese.info\/index.php\/2012\/04\/26\/per-questa-foto-qvivicassanoq-chiede-le-dimissioni-del-capogruppo-pdl-pasquale-di-canosa\/#primaryimage"},"image":{"@id":"https:\/\/archiviocassano.lavocedelpaese.info\/index.php\/2012\/04\/26\/per-questa-foto-qvivicassanoq-chiede-le-dimissioni-del-capogruppo-pdl-pasquale-di-canosa\/#primaryimage"},"thumbnailUrl":"https:\/\/archiviocassano.lavocedelpaese.info\/wp-content\/uploads\/2012\/04\/Di_Canosa_con_Mussolini.jpg","datePublished":"2012-04-26T16:27:12+00:00","breadcrumb":{"@id":"https:\/\/archiviocassano.lavocedelpaese.info\/index.php\/2012\/04\/26\/per-questa-foto-qvivicassanoq-chiede-le-dimissioni-del-capogruppo-pdl-pasquale-di-canosa\/#breadcrumb"},"inLanguage":"it-IT","potentialAction":[{"@type":"ReadAction","target":["https:\/\/archiviocassano.lavocedelpaese.info\/index.php\/2012\/04\/26\/per-questa-foto-qvivicassanoq-chiede-le-dimissioni-del-capogruppo-pdl-pasquale-di-canosa\/"]}]},{"@type":"ImageObject","inLanguage":"it-IT","@id":"https:\/\/archiviocassano.lavocedelpaese.info\/index.php\/2012\/04\/26\/per-questa-foto-qvivicassanoq-chiede-le-dimissioni-del-capogruppo-pdl-pasquale-di-canosa\/#primaryimage","url":"https:\/\/archiviocassano.lavocedelpaese.info\/wp-content\/uploads\/2012\/04\/Di_Canosa_con_Mussolini.jpg","contentUrl":"https:\/\/archiviocassano.lavocedelpaese.info\/wp-content\/uploads\/2012\/04\/Di_Canosa_con_Mussolini.jpg","width":450,"height":391,"caption":"Di Canosa con Mussolini"},{"@type":"BreadcrumbList","@id":"https:\/\/archiviocassano.lavocedelpaese.info\/index.php\/2012\/04\/26\/per-questa-foto-qvivicassanoq-chiede-le-dimissioni-del-capogruppo-pdl-pasquale-di-canosa\/#breadcrumb","itemListElement":[{"@type":"ListItem","position":1,"name":"Home","item":"https:\/\/archiviocassano.lavocedelpaese.info\/"},{"@type":"ListItem","position":2,"name":"Per questa foto, &#8220;ViviCassano&#8221; chiede le dimissioni di Di Canosa"}]},{"@type":"WebSite","@id":"https:\/\/archiviocassano.lavocedelpaese.info\/#website","url":"https:\/\/archiviocassano.lavocedelpaese.info\/","name":"Archivio CassanoWeb","description":"La Voce del Paese - un network di idee","publisher":{"@id":"https:\/\/archiviocassano.lavocedelpaese.info\/#organization"},"potentialAction":[{"@type":"SearchAction","target":{"@type":"EntryPoint","urlTemplate":"https:\/\/archiviocassano.lavocedelpaese.info\/?s={search_term_string}"},"query-input":{"@type":"PropertyValueSpecification","valueRequired":true,"valueName":"search_term_string"}}],"inLanguage":"it-IT"},{"@type":"Organization","@id":"https:\/\/archiviocassano.lavocedelpaese.info\/#organization","name":"Archivio CassanoWeb","url":"https:\/\/archiviocassano.lavocedelpaese.info\/","logo":{"@type":"ImageObject","inLanguage":"it-IT","@id":"https:\/\/archiviocassano.lavocedelpaese.info\/#\/schema\/logo\/image\/","url":"https:\/\/archiviocassano.lavocedelpaese.info\/wp-content\/uploads\/2024\/08\/logo-rosso-2.png","contentUrl":"https:\/\/archiviocassano.lavocedelpaese.info\/wp-content\/uploads\/2024\/08\/logo-rosso-2.png","width":491,"height":432,"caption":"Archivio CassanoWeb"},"image":{"@id":"https:\/\/archiviocassano.lavocedelpaese.info\/#\/schema\/logo\/image\/"},"sameAs":["https:\/\/www.facebook.com\/redazione.cassanoweb"]},{"@type":"Person","@id":"https:\/\/archiviocassano.lavocedelpaese.info\/#\/schema\/person\/df195bc79a9b4c35127cf005f92e041b","name":"admin","image":{"@type":"ImageObject","inLanguage":"it-IT","@id":"https:\/\/secure.gravatar.com\/avatar\/eabba89a432e8eaa1b0207cc55f7e5340b22712b1ed80677efcf63e02ff5b235?s=96&d=mm&r=g","url":"https:\/\/secure.gravatar.com\/avatar\/eabba89a432e8eaa1b0207cc55f7e5340b22712b1ed80677efcf63e02ff5b235?s=96&d=mm&r=g","contentUrl":"https:\/\/secure.gravatar.com\/avatar\/eabba89a432e8eaa1b0207cc55f7e5340b22712b1ed80677efcf63e02ff5b235?s=96&d=mm&r=g","caption":"admin"},"sameAs":["https:\/\/archiviocassano.lavocedelpaese.info"],"url":"https:\/\/archiviocassano.lavocedelpaese.info\/index.php\/author\/admin_0qgz1xdp\/"}]}},"_links":{"self":[{"href":"https:\/\/archiviocassano.lavocedelpaese.info\/index.php\/wp-json\/wp\/v2\/posts\/5654","targetHints":{"allow":["GET"]}}],"collection":[{"href":"https:\/\/archiviocassano.lavocedelpaese.info\/index.php\/wp-json\/wp\/v2\/posts"}],"about":[{"href":"https:\/\/archiviocassano.lavocedelpaese.info\/index.php\/wp-json\/wp\/v2\/types\/post"}],"author":[{"embeddable":true,"href":"https:\/\/archiviocassano.lavocedelpaese.info\/index.php\/wp-json\/wp\/v2\/users\/1"}],"replies":[{"embeddable":true,"href":"https:\/\/archiviocassano.lavocedelpaese.info\/index.php\/wp-json\/wp\/v2\/comments?post=5654"}],"version-history":[{"count":0,"href":"https:\/\/archiviocassano.lavocedelpaese.info\/index.php\/wp-json\/wp\/v2\/posts\/5654\/revisions"}],"wp:featuredmedia":[{"embeddable":true,"href":"https:\/\/archiviocassano.lavocedelpaese.info\/index.php\/wp-json\/wp\/v2\/media\/5653"}],"wp:attachment":[{"href":"https:\/\/archiviocassano.lavocedelpaese.info\/index.php\/wp-json\/wp\/v2\/media?parent=5654"}],"wp:term":[{"taxonomy":"category","embeddable":true,"href":"https:\/\/archiviocassano.lavocedelpaese.info\/index.php\/wp-json\/wp\/v2\/categories?post=5654"},{"taxonomy":"post_tag","embeddable":true,"href":"https:\/\/archiviocassano.lavocedelpaese.info\/index.php\/wp-json\/wp\/v2\/tags?post=5654"}],"curies":[{"name":"wp","href":"https:\/\/api.w.org\/{rel}","templated":true}]}}