{"id":5814,"date":"2012-05-25T07:18:17","date_gmt":"2012-05-25T07:18:17","guid":{"rendered":"https:\/\/archiviocassano.lavocedelpaese.info\/index.php\/2012\/05\/25\/il-volo-del-gabbiano-jonathan-nel-qcampo-di-martq\/"},"modified":"2012-05-25T07:18:17","modified_gmt":"2012-05-25T07:18:17","slug":"il-volo-del-gabbiano-jonathan-nel-qcampo-di-martq","status":"publish","type":"post","link":"https:\/\/archiviocassano.lavocedelpaese.info\/index.php\/2012\/05\/25\/il-volo-del-gabbiano-jonathan-nel-qcampo-di-martq\/","title":{"rendered":"Il volo del gabbiano Jonathan nel &#8220;Campo di mART&#8221;"},"content":{"rendered":"<p><img loading=\"lazy\" decoding=\"async\" class=\" size-full wp-image-5813\" style=\"margin-right: 2px; margin-left: 2px;\" alt=\"campo di mart\" src=\"https:\/\/archiviocassano.lavocedelpaese.info\/wp-content\/uploads\/2012\/05\/campo_di_mart.jpg\" height=\"150\" width=\"320\" srcset=\"https:\/\/archiviocassano.lavocedelpaese.info\/wp-content\/uploads\/2012\/05\/campo_di_mart.jpg 320w, https:\/\/archiviocassano.lavocedelpaese.info\/wp-content\/uploads\/2012\/05\/campo_di_mart-300x141.jpg 300w\" sizes=\"auto, (max-width: 320px) 100vw, 320px\" \/><\/p>\n<p><!--more--><\/p>\n<p>&nbsp;<\/p>\n<p style=\"text-align: justify;\">Il leggendario romanzo breve di Richard Bach \u201c<i>Il gabbiano Jonathan Livingston<\/i>\u201d \u00e8 la base del nuovo spettacolo dell\u2019associazione cassanese \u201cCampo di mART\u201d, in un riadattamento teatrale per la regia di Mariangela Paciolla.<\/p>\n<p style=\"text-align: justify;\">Interpretato dai ragazzi del Laboratorio di teatro ed espressivit\u00e0 corporea, che l\u2019associazione conduce presso la propria sede, lo spettacolo si terr\u00e0 <b>domenica 27 maggio alle ore 19.00 presso l\u2019Istituto delle Suore del Sacro Cuore<\/b> (via per Mercadante al km.2) a Cassano.<\/p>\n<p style=\"text-align: justify;\">La vicenda \u00e8 quella di Jonathan, un gabbiano diverso dagli altri: il suo desiderio non \u00e8 mangiare, ma imparare a volare in modo perfetto. Per questo \u00e8 rimproverato dai suoi genitori ed escluso dagli altri componenti del suo stormo, lo Stormo Buonappetito, in quanto nessuno capisce la sua passione per il volo, dal momento che volare \u00e8 considerato soltanto come una comodit\u00e0 per procurarsi il cibo. Nonostante la buona volont\u00e0 di Jonathan per cercare di essere un gabbiano come tutti gli altri e di non dedicarsi pi\u00f9 alla sua passione, il suo desiderio di trovare il volo perfetto \u00e8 pi\u00f9 forte di lui e in poco tempo riesce a compiere acrobazie incredibili, mai compiute da nessun altro volatile. Ma lo Stormo non lo accetta.<\/p>\n<p style=\"text-align: justify;\">Abbandonato e solo, Jonathan trascorre diversi anni ad esercitarsi nel volo finch\u00e9 un giorno, dopo essere morto (o meglio: dopo essere passato ad un livello successivo dopo la morte), lo raggiungono due gabbiani dalle piume candide, che si librano nell\u2019aria con lui. Questi lo convincono a seguirli nel &#8220;Paradiso dei Gabbiani&#8221;, un luogo dove potr\u00e0 volare con pi\u00f9 facilit\u00e0, e tutto quello che aveva appreso sarebbe stata una piccolissima parte del cammino verso la perfezione. Jonathan accetta, diventando anche lui bianco e splendente come i suoi nuovi compagni. Per diversi anni rimane nel Paradiso dei Gabbiani sotto la guida di Sullivan, suo maestro ed amico.<\/p>\n<p style=\"text-align: justify;\">\u00c8 lo stesso Sullivan, insieme ad altri gabbiani, a spiegargli che quello non \u00e8 il vero Paradiso, ma solo un livello transitorio, dopo il quale si passa pi\u00f9 in alto ancora, fino a raggiungere la perfezione e che tutti, prima o poi, saliranno di piano in piano. Quando finalmente raggiunge i livelli del suo maestro, si accorge che &#8211; nonostante tutto ci\u00f2 che ha imparato &#8211; il suo corpo gli \u00e8 ancora d&#8217;intralcio. Cos\u00ec chiede al gabbiano pi\u00f9 anziano, Ciang, di insegnargli a volare alla velocit\u00e0 del pensiero, a superare il &#8220;qui ed ora&#8221;, cosa che soltanto Ciang sa fare.<\/p>\n<p style=\"text-align: justify;\">Dopo molti tentativi, Jonathan riesce nel suo impegno, ma poche settimane dopo Ciang muore e viene portato in un Paradiso superiore. Egli lascia il posto di maestro a Jonathan: non basta allenarsi al volo perfetto, il vero scopo \u00e8 arrivare a capire il segreto della bont\u00e0 e dell&#8217;amore, ovvero la cosa pi\u00f9 difficile da mettere in pratica. Rimasto senza guida, Jonathan tormentato dal desiderio di insegnare al resto dei gabbiani dello Stormo Buonappetito tutto ci\u00f2 che ha appreso, confessa a Sullivan i suoi pensieri, ma questo lo convince ad aiutarlo nella sua attivit\u00e0 di addestramento dei nuovi arrivati.<\/p>\n<p style=\"text-align: justify;\">Qualche tempo dopo, torna il desiderio di andare ad insegnare allo stormo Buonappetito: cos\u00ec saluta Sullivan e parte per ritornare al suo luogo di origine, dove trova un giovane: Fletcher Lynd, che diventa suo allievo. Le loro lezioni di volo non passarono inosservate e piano piano altri gabbiani reietti si unirono a Jonathan e Fletcher : in pochi mesi gli allievi aumentarono fino a diventare un gruppo ben nutrito,cosa che spinse Jonathan a decidere di tornare dallo stormo, per mostrare a tutti gli altri gabbiani cosa avrebbero potuto fare se solo avessero avuto il coraggio di osare e di seguire la loro natura di uccelli. Piano piano i gabbiani pi\u00f9 coraggiosi iniziarono a farsi avanti, curiosi di conoscere la causa di Jonathan e si unirono al gruppo per seguire le sue lezioni di volo.<\/p>\n<p style=\"text-align: justify;\">Un giorno, durante una lezione, Fletcher Lynd and\u00f2 a sbattere contro una roccia con tanta violenza che ne rimase tramortito. Per Fletcher Lynd, che ormai aveva imparato molto sul volo, quella fu la soglia di passaggio alla dimensione superiore, quella del pensiero, dove incontr\u00f2 Jonathan che gli spieg\u00f2 dove si trovava e cos&#8217;era quel luogo, ma soprattutto gli pose una scelta: se voleva rimanere dov&#8217;era ed imparare nuove tecniche di volo o se voleva tornare, per il momento, a prestare la propria opera presso lo stormo. Fletcher Lynd scelse di tornare allo stormo e cos\u00ec fu. Da questo episodio Jonthan cap\u00ec che il suo compagno ormai era maturo per prendere il suo posto e che la propria missione si era infine compiuta. Cos\u00ec si avvicin\u00f2 all&#8217;amico e lo rincuor\u00f2 circa le sue capacit\u00e0, per poi salutarlo e scomparire improvvisamente.<\/p>\n","protected":false},"excerpt":{"rendered":"","protected":false},"author":1,"featured_media":5813,"comment_status":"open","ping_status":"closed","sticky":false,"template":"","format":"standard","meta":{"colormag_page_container_layout":"default_layout","colormag_page_sidebar_layout":"default_layout","footnotes":""},"categories":[11],"tags":[],"class_list":["post-5814","post","type-post","status-publish","format-standard","has-post-thumbnail","hentry","category-appuntamenti"],"yoast_head":"<!-- This site is optimized with the Yoast SEO plugin v27.5 - https:\/\/yoast.com\/product\/yoast-seo-wordpress\/ -->\n<title>Il volo del gabbiano Jonathan nel &quot;Campo di mART&quot; - Archivio CassanoWeb<\/title>\n<meta name=\"robots\" content=\"index, follow, max-snippet:-1, max-image-preview:large, max-video-preview:-1\" \/>\n<link rel=\"canonical\" href=\"https:\/\/archiviocassano.lavocedelpaese.info\/index.php\/2012\/05\/25\/il-volo-del-gabbiano-jonathan-nel-qcampo-di-martq\/\" \/>\n<meta property=\"og:locale\" content=\"it_IT\" \/>\n<meta property=\"og:type\" content=\"article\" \/>\n<meta property=\"og:title\" content=\"Il volo del gabbiano Jonathan nel &quot;Campo di mART&quot; - Archivio CassanoWeb\" \/>\n<meta property=\"og:url\" content=\"https:\/\/archiviocassano.lavocedelpaese.info\/index.php\/2012\/05\/25\/il-volo-del-gabbiano-jonathan-nel-qcampo-di-martq\/\" \/>\n<meta property=\"og:site_name\" content=\"Archivio CassanoWeb\" \/>\n<meta property=\"article:publisher\" content=\"https:\/\/www.facebook.com\/redazione.cassanoweb\" \/>\n<meta property=\"article:published_time\" content=\"2012-05-25T07:18:17+00:00\" \/>\n<meta property=\"og:image\" content=\"https:\/\/archiviocassano.lavocedelpaese.info\/wp-content\/uploads\/2012\/05\/campo_di_mart.jpg\" \/>\n\t<meta property=\"og:image:width\" content=\"320\" \/>\n\t<meta property=\"og:image:height\" content=\"150\" \/>\n\t<meta property=\"og:image:type\" content=\"image\/jpeg\" \/>\n<meta name=\"author\" content=\"admin\" \/>\n<meta name=\"twitter:card\" content=\"summary_large_image\" \/>\n<meta name=\"twitter:label1\" content=\"Scritto da\" \/>\n\t<meta name=\"twitter:data1\" content=\"admin\" \/>\n\t<meta name=\"twitter:label2\" content=\"Tempo di lettura stimato\" \/>\n\t<meta name=\"twitter:data2\" content=\"4 minuti\" \/>\n<script type=\"application\/ld+json\" class=\"yoast-schema-graph\">{\"@context\":\"https:\\\/\\\/schema.org\",\"@graph\":[{\"@type\":\"Article\",\"@id\":\"https:\\\/\\\/archiviocassano.lavocedelpaese.info\\\/index.php\\\/2012\\\/05\\\/25\\\/il-volo-del-gabbiano-jonathan-nel-qcampo-di-martq\\\/#article\",\"isPartOf\":{\"@id\":\"https:\\\/\\\/archiviocassano.lavocedelpaese.info\\\/index.php\\\/2012\\\/05\\\/25\\\/il-volo-del-gabbiano-jonathan-nel-qcampo-di-martq\\\/\"},\"author\":{\"name\":\"admin\",\"@id\":\"https:\\\/\\\/archiviocassano.lavocedelpaese.info\\\/#\\\/schema\\\/person\\\/df195bc79a9b4c35127cf005f92e041b\"},\"headline\":\"Il volo del gabbiano Jonathan nel &#8220;Campo di mART&#8221;\",\"datePublished\":\"2012-05-25T07:18:17+00:00\",\"mainEntityOfPage\":{\"@id\":\"https:\\\/\\\/archiviocassano.lavocedelpaese.info\\\/index.php\\\/2012\\\/05\\\/25\\\/il-volo-del-gabbiano-jonathan-nel-qcampo-di-martq\\\/\"},\"wordCount\":780,\"commentCount\":0,\"publisher\":{\"@id\":\"https:\\\/\\\/archiviocassano.lavocedelpaese.info\\\/#organization\"},\"image\":{\"@id\":\"https:\\\/\\\/archiviocassano.lavocedelpaese.info\\\/index.php\\\/2012\\\/05\\\/25\\\/il-volo-del-gabbiano-jonathan-nel-qcampo-di-martq\\\/#primaryimage\"},\"thumbnailUrl\":\"https:\\\/\\\/archiviocassano.lavocedelpaese.info\\\/wp-content\\\/uploads\\\/2012\\\/05\\\/campo_di_mart.jpg\",\"articleSection\":[\"Appuntamenti\"],\"inLanguage\":\"it-IT\",\"potentialAction\":[{\"@type\":\"CommentAction\",\"name\":\"Comment\",\"target\":[\"https:\\\/\\\/archiviocassano.lavocedelpaese.info\\\/index.php\\\/2012\\\/05\\\/25\\\/il-volo-del-gabbiano-jonathan-nel-qcampo-di-martq\\\/#respond\"]}]},{\"@type\":\"WebPage\",\"@id\":\"https:\\\/\\\/archiviocassano.lavocedelpaese.info\\\/index.php\\\/2012\\\/05\\\/25\\\/il-volo-del-gabbiano-jonathan-nel-qcampo-di-martq\\\/\",\"url\":\"https:\\\/\\\/archiviocassano.lavocedelpaese.info\\\/index.php\\\/2012\\\/05\\\/25\\\/il-volo-del-gabbiano-jonathan-nel-qcampo-di-martq\\\/\",\"name\":\"Il volo del gabbiano Jonathan nel \\\"Campo di mART\\\" - Archivio CassanoWeb\",\"isPartOf\":{\"@id\":\"https:\\\/\\\/archiviocassano.lavocedelpaese.info\\\/#website\"},\"primaryImageOfPage\":{\"@id\":\"https:\\\/\\\/archiviocassano.lavocedelpaese.info\\\/index.php\\\/2012\\\/05\\\/25\\\/il-volo-del-gabbiano-jonathan-nel-qcampo-di-martq\\\/#primaryimage\"},\"image\":{\"@id\":\"https:\\\/\\\/archiviocassano.lavocedelpaese.info\\\/index.php\\\/2012\\\/05\\\/25\\\/il-volo-del-gabbiano-jonathan-nel-qcampo-di-martq\\\/#primaryimage\"},\"thumbnailUrl\":\"https:\\\/\\\/archiviocassano.lavocedelpaese.info\\\/wp-content\\\/uploads\\\/2012\\\/05\\\/campo_di_mart.jpg\",\"datePublished\":\"2012-05-25T07:18:17+00:00\",\"breadcrumb\":{\"@id\":\"https:\\\/\\\/archiviocassano.lavocedelpaese.info\\\/index.php\\\/2012\\\/05\\\/25\\\/il-volo-del-gabbiano-jonathan-nel-qcampo-di-martq\\\/#breadcrumb\"},\"inLanguage\":\"it-IT\",\"potentialAction\":[{\"@type\":\"ReadAction\",\"target\":[\"https:\\\/\\\/archiviocassano.lavocedelpaese.info\\\/index.php\\\/2012\\\/05\\\/25\\\/il-volo-del-gabbiano-jonathan-nel-qcampo-di-martq\\\/\"]}]},{\"@type\":\"ImageObject\",\"inLanguage\":\"it-IT\",\"@id\":\"https:\\\/\\\/archiviocassano.lavocedelpaese.info\\\/index.php\\\/2012\\\/05\\\/25\\\/il-volo-del-gabbiano-jonathan-nel-qcampo-di-martq\\\/#primaryimage\",\"url\":\"https:\\\/\\\/archiviocassano.lavocedelpaese.info\\\/wp-content\\\/uploads\\\/2012\\\/05\\\/campo_di_mart.jpg\",\"contentUrl\":\"https:\\\/\\\/archiviocassano.lavocedelpaese.info\\\/wp-content\\\/uploads\\\/2012\\\/05\\\/campo_di_mart.jpg\",\"width\":320,\"height\":150,\"caption\":\"campo di mart\"},{\"@type\":\"BreadcrumbList\",\"@id\":\"https:\\\/\\\/archiviocassano.lavocedelpaese.info\\\/index.php\\\/2012\\\/05\\\/25\\\/il-volo-del-gabbiano-jonathan-nel-qcampo-di-martq\\\/#breadcrumb\",\"itemListElement\":[{\"@type\":\"ListItem\",\"position\":1,\"name\":\"Home\",\"item\":\"https:\\\/\\\/archiviocassano.lavocedelpaese.info\\\/\"},{\"@type\":\"ListItem\",\"position\":2,\"name\":\"Il volo del gabbiano Jonathan nel &#8220;Campo di mART&#8221;\"}]},{\"@type\":\"WebSite\",\"@id\":\"https:\\\/\\\/archiviocassano.lavocedelpaese.info\\\/#website\",\"url\":\"https:\\\/\\\/archiviocassano.lavocedelpaese.info\\\/\",\"name\":\"Archivio CassanoWeb\",\"description\":\"La Voce del Paese - un network di idee\",\"publisher\":{\"@id\":\"https:\\\/\\\/archiviocassano.lavocedelpaese.info\\\/#organization\"},\"potentialAction\":[{\"@type\":\"SearchAction\",\"target\":{\"@type\":\"EntryPoint\",\"urlTemplate\":\"https:\\\/\\\/archiviocassano.lavocedelpaese.info\\\/?s={search_term_string}\"},\"query-input\":{\"@type\":\"PropertyValueSpecification\",\"valueRequired\":true,\"valueName\":\"search_term_string\"}}],\"inLanguage\":\"it-IT\"},{\"@type\":\"Organization\",\"@id\":\"https:\\\/\\\/archiviocassano.lavocedelpaese.info\\\/#organization\",\"name\":\"Archivio CassanoWeb\",\"url\":\"https:\\\/\\\/archiviocassano.lavocedelpaese.info\\\/\",\"logo\":{\"@type\":\"ImageObject\",\"inLanguage\":\"it-IT\",\"@id\":\"https:\\\/\\\/archiviocassano.lavocedelpaese.info\\\/#\\\/schema\\\/logo\\\/image\\\/\",\"url\":\"https:\\\/\\\/archiviocassano.lavocedelpaese.info\\\/wp-content\\\/uploads\\\/2024\\\/08\\\/logo-rosso-2.png\",\"contentUrl\":\"https:\\\/\\\/archiviocassano.lavocedelpaese.info\\\/wp-content\\\/uploads\\\/2024\\\/08\\\/logo-rosso-2.png\",\"width\":491,\"height\":432,\"caption\":\"Archivio CassanoWeb\"},\"image\":{\"@id\":\"https:\\\/\\\/archiviocassano.lavocedelpaese.info\\\/#\\\/schema\\\/logo\\\/image\\\/\"},\"sameAs\":[\"https:\\\/\\\/www.facebook.com\\\/redazione.cassanoweb\"]},{\"@type\":\"Person\",\"@id\":\"https:\\\/\\\/archiviocassano.lavocedelpaese.info\\\/#\\\/schema\\\/person\\\/df195bc79a9b4c35127cf005f92e041b\",\"name\":\"admin\",\"image\":{\"@type\":\"ImageObject\",\"inLanguage\":\"it-IT\",\"@id\":\"https:\\\/\\\/secure.gravatar.com\\\/avatar\\\/eabba89a432e8eaa1b0207cc55f7e5340b22712b1ed80677efcf63e02ff5b235?s=96&d=mm&r=g\",\"url\":\"https:\\\/\\\/secure.gravatar.com\\\/avatar\\\/eabba89a432e8eaa1b0207cc55f7e5340b22712b1ed80677efcf63e02ff5b235?s=96&d=mm&r=g\",\"contentUrl\":\"https:\\\/\\\/secure.gravatar.com\\\/avatar\\\/eabba89a432e8eaa1b0207cc55f7e5340b22712b1ed80677efcf63e02ff5b235?s=96&d=mm&r=g\",\"caption\":\"admin\"},\"sameAs\":[\"https:\\\/\\\/archiviocassano.lavocedelpaese.info\"],\"url\":\"https:\\\/\\\/archiviocassano.lavocedelpaese.info\\\/index.php\\\/author\\\/admin_0qgz1xdp\\\/\"}]}<\/script>\n<!-- \/ Yoast SEO plugin. -->","yoast_head_json":{"title":"Il volo del gabbiano Jonathan nel \"Campo di mART\" - Archivio CassanoWeb","robots":{"index":"index","follow":"follow","max-snippet":"max-snippet:-1","max-image-preview":"max-image-preview:large","max-video-preview":"max-video-preview:-1"},"canonical":"https:\/\/archiviocassano.lavocedelpaese.info\/index.php\/2012\/05\/25\/il-volo-del-gabbiano-jonathan-nel-qcampo-di-martq\/","og_locale":"it_IT","og_type":"article","og_title":"Il volo del gabbiano Jonathan nel \"Campo di mART\" - Archivio CassanoWeb","og_url":"https:\/\/archiviocassano.lavocedelpaese.info\/index.php\/2012\/05\/25\/il-volo-del-gabbiano-jonathan-nel-qcampo-di-martq\/","og_site_name":"Archivio CassanoWeb","article_publisher":"https:\/\/www.facebook.com\/redazione.cassanoweb","article_published_time":"2012-05-25T07:18:17+00:00","og_image":[{"width":320,"height":150,"url":"https:\/\/archiviocassano.lavocedelpaese.info\/wp-content\/uploads\/2012\/05\/campo_di_mart.jpg","type":"image\/jpeg"}],"author":"admin","twitter_card":"summary_large_image","twitter_misc":{"Scritto da":"admin","Tempo di lettura stimato":"4 minuti"},"schema":{"@context":"https:\/\/schema.org","@graph":[{"@type":"Article","@id":"https:\/\/archiviocassano.lavocedelpaese.info\/index.php\/2012\/05\/25\/il-volo-del-gabbiano-jonathan-nel-qcampo-di-martq\/#article","isPartOf":{"@id":"https:\/\/archiviocassano.lavocedelpaese.info\/index.php\/2012\/05\/25\/il-volo-del-gabbiano-jonathan-nel-qcampo-di-martq\/"},"author":{"name":"admin","@id":"https:\/\/archiviocassano.lavocedelpaese.info\/#\/schema\/person\/df195bc79a9b4c35127cf005f92e041b"},"headline":"Il volo del gabbiano Jonathan nel &#8220;Campo di mART&#8221;","datePublished":"2012-05-25T07:18:17+00:00","mainEntityOfPage":{"@id":"https:\/\/archiviocassano.lavocedelpaese.info\/index.php\/2012\/05\/25\/il-volo-del-gabbiano-jonathan-nel-qcampo-di-martq\/"},"wordCount":780,"commentCount":0,"publisher":{"@id":"https:\/\/archiviocassano.lavocedelpaese.info\/#organization"},"image":{"@id":"https:\/\/archiviocassano.lavocedelpaese.info\/index.php\/2012\/05\/25\/il-volo-del-gabbiano-jonathan-nel-qcampo-di-martq\/#primaryimage"},"thumbnailUrl":"https:\/\/archiviocassano.lavocedelpaese.info\/wp-content\/uploads\/2012\/05\/campo_di_mart.jpg","articleSection":["Appuntamenti"],"inLanguage":"it-IT","potentialAction":[{"@type":"CommentAction","name":"Comment","target":["https:\/\/archiviocassano.lavocedelpaese.info\/index.php\/2012\/05\/25\/il-volo-del-gabbiano-jonathan-nel-qcampo-di-martq\/#respond"]}]},{"@type":"WebPage","@id":"https:\/\/archiviocassano.lavocedelpaese.info\/index.php\/2012\/05\/25\/il-volo-del-gabbiano-jonathan-nel-qcampo-di-martq\/","url":"https:\/\/archiviocassano.lavocedelpaese.info\/index.php\/2012\/05\/25\/il-volo-del-gabbiano-jonathan-nel-qcampo-di-martq\/","name":"Il volo del gabbiano Jonathan nel \"Campo di mART\" - Archivio CassanoWeb","isPartOf":{"@id":"https:\/\/archiviocassano.lavocedelpaese.info\/#website"},"primaryImageOfPage":{"@id":"https:\/\/archiviocassano.lavocedelpaese.info\/index.php\/2012\/05\/25\/il-volo-del-gabbiano-jonathan-nel-qcampo-di-martq\/#primaryimage"},"image":{"@id":"https:\/\/archiviocassano.lavocedelpaese.info\/index.php\/2012\/05\/25\/il-volo-del-gabbiano-jonathan-nel-qcampo-di-martq\/#primaryimage"},"thumbnailUrl":"https:\/\/archiviocassano.lavocedelpaese.info\/wp-content\/uploads\/2012\/05\/campo_di_mart.jpg","datePublished":"2012-05-25T07:18:17+00:00","breadcrumb":{"@id":"https:\/\/archiviocassano.lavocedelpaese.info\/index.php\/2012\/05\/25\/il-volo-del-gabbiano-jonathan-nel-qcampo-di-martq\/#breadcrumb"},"inLanguage":"it-IT","potentialAction":[{"@type":"ReadAction","target":["https:\/\/archiviocassano.lavocedelpaese.info\/index.php\/2012\/05\/25\/il-volo-del-gabbiano-jonathan-nel-qcampo-di-martq\/"]}]},{"@type":"ImageObject","inLanguage":"it-IT","@id":"https:\/\/archiviocassano.lavocedelpaese.info\/index.php\/2012\/05\/25\/il-volo-del-gabbiano-jonathan-nel-qcampo-di-martq\/#primaryimage","url":"https:\/\/archiviocassano.lavocedelpaese.info\/wp-content\/uploads\/2012\/05\/campo_di_mart.jpg","contentUrl":"https:\/\/archiviocassano.lavocedelpaese.info\/wp-content\/uploads\/2012\/05\/campo_di_mart.jpg","width":320,"height":150,"caption":"campo di mart"},{"@type":"BreadcrumbList","@id":"https:\/\/archiviocassano.lavocedelpaese.info\/index.php\/2012\/05\/25\/il-volo-del-gabbiano-jonathan-nel-qcampo-di-martq\/#breadcrumb","itemListElement":[{"@type":"ListItem","position":1,"name":"Home","item":"https:\/\/archiviocassano.lavocedelpaese.info\/"},{"@type":"ListItem","position":2,"name":"Il volo del gabbiano Jonathan nel &#8220;Campo di mART&#8221;"}]},{"@type":"WebSite","@id":"https:\/\/archiviocassano.lavocedelpaese.info\/#website","url":"https:\/\/archiviocassano.lavocedelpaese.info\/","name":"Archivio CassanoWeb","description":"La Voce del Paese - un network di idee","publisher":{"@id":"https:\/\/archiviocassano.lavocedelpaese.info\/#organization"},"potentialAction":[{"@type":"SearchAction","target":{"@type":"EntryPoint","urlTemplate":"https:\/\/archiviocassano.lavocedelpaese.info\/?s={search_term_string}"},"query-input":{"@type":"PropertyValueSpecification","valueRequired":true,"valueName":"search_term_string"}}],"inLanguage":"it-IT"},{"@type":"Organization","@id":"https:\/\/archiviocassano.lavocedelpaese.info\/#organization","name":"Archivio CassanoWeb","url":"https:\/\/archiviocassano.lavocedelpaese.info\/","logo":{"@type":"ImageObject","inLanguage":"it-IT","@id":"https:\/\/archiviocassano.lavocedelpaese.info\/#\/schema\/logo\/image\/","url":"https:\/\/archiviocassano.lavocedelpaese.info\/wp-content\/uploads\/2024\/08\/logo-rosso-2.png","contentUrl":"https:\/\/archiviocassano.lavocedelpaese.info\/wp-content\/uploads\/2024\/08\/logo-rosso-2.png","width":491,"height":432,"caption":"Archivio CassanoWeb"},"image":{"@id":"https:\/\/archiviocassano.lavocedelpaese.info\/#\/schema\/logo\/image\/"},"sameAs":["https:\/\/www.facebook.com\/redazione.cassanoweb"]},{"@type":"Person","@id":"https:\/\/archiviocassano.lavocedelpaese.info\/#\/schema\/person\/df195bc79a9b4c35127cf005f92e041b","name":"admin","image":{"@type":"ImageObject","inLanguage":"it-IT","@id":"https:\/\/secure.gravatar.com\/avatar\/eabba89a432e8eaa1b0207cc55f7e5340b22712b1ed80677efcf63e02ff5b235?s=96&d=mm&r=g","url":"https:\/\/secure.gravatar.com\/avatar\/eabba89a432e8eaa1b0207cc55f7e5340b22712b1ed80677efcf63e02ff5b235?s=96&d=mm&r=g","contentUrl":"https:\/\/secure.gravatar.com\/avatar\/eabba89a432e8eaa1b0207cc55f7e5340b22712b1ed80677efcf63e02ff5b235?s=96&d=mm&r=g","caption":"admin"},"sameAs":["https:\/\/archiviocassano.lavocedelpaese.info"],"url":"https:\/\/archiviocassano.lavocedelpaese.info\/index.php\/author\/admin_0qgz1xdp\/"}]}},"_links":{"self":[{"href":"https:\/\/archiviocassano.lavocedelpaese.info\/index.php\/wp-json\/wp\/v2\/posts\/5814","targetHints":{"allow":["GET"]}}],"collection":[{"href":"https:\/\/archiviocassano.lavocedelpaese.info\/index.php\/wp-json\/wp\/v2\/posts"}],"about":[{"href":"https:\/\/archiviocassano.lavocedelpaese.info\/index.php\/wp-json\/wp\/v2\/types\/post"}],"author":[{"embeddable":true,"href":"https:\/\/archiviocassano.lavocedelpaese.info\/index.php\/wp-json\/wp\/v2\/users\/1"}],"replies":[{"embeddable":true,"href":"https:\/\/archiviocassano.lavocedelpaese.info\/index.php\/wp-json\/wp\/v2\/comments?post=5814"}],"version-history":[{"count":0,"href":"https:\/\/archiviocassano.lavocedelpaese.info\/index.php\/wp-json\/wp\/v2\/posts\/5814\/revisions"}],"wp:featuredmedia":[{"embeddable":true,"href":"https:\/\/archiviocassano.lavocedelpaese.info\/index.php\/wp-json\/wp\/v2\/media\/5813"}],"wp:attachment":[{"href":"https:\/\/archiviocassano.lavocedelpaese.info\/index.php\/wp-json\/wp\/v2\/media?parent=5814"}],"wp:term":[{"taxonomy":"category","embeddable":true,"href":"https:\/\/archiviocassano.lavocedelpaese.info\/index.php\/wp-json\/wp\/v2\/categories?post=5814"},{"taxonomy":"post_tag","embeddable":true,"href":"https:\/\/archiviocassano.lavocedelpaese.info\/index.php\/wp-json\/wp\/v2\/tags?post=5814"}],"curies":[{"name":"wp","href":"https:\/\/api.w.org\/{rel}","templated":true}]}}