{"id":5969,"date":"2012-06-23T06:02:25","date_gmt":"2012-06-23T06:02:25","guid":{"rendered":"https:\/\/archiviocassano.lavocedelpaese.info\/index.php\/2012\/06\/23\/tagli-e-tasse-il-comune-spiega-il-perche-ai-cittadini\/"},"modified":"2012-06-23T06:02:25","modified_gmt":"2012-06-23T06:02:25","slug":"tagli-e-tasse-il-comune-spiega-il-perche-ai-cittadini","status":"publish","type":"post","link":"https:\/\/archiviocassano.lavocedelpaese.info\/index.php\/2012\/06\/23\/tagli-e-tasse-il-comune-spiega-il-perche-ai-cittadini\/","title":{"rendered":"Tagli e tasse: il Comune spiega il perch\u00e8 ai cittadini"},"content":{"rendered":"<p><img loading=\"lazy\" decoding=\"async\" style=\"margin-right: 2px; margin-left: 2px;\" alt=\"sindaco e antelmi 22 06 2012\" src=\"images\/stories\/archiviofoto\/sindaco_e_antelmi_22_06_2012.jpg\" height=\"150\" width=\"320\" \/><\/p>\n<p><!--more--><\/p>\n<p style=\"text-align: justify;\">Forse il segno pi\u00f9 evidente dei tagli che il Comune sta subendo dal Governo centrale: una <strong>vecchia lavagna luminosa<\/strong> <em>(nella foto, a sinistra) <\/em>per presentare con alcune \u201cslide\u201d i numeri del Bilancio di Previsione 2012. Al posto del computer, delle presentazioni multimediali, degli effetti grafici e visivi, cio\u00e8, ieri sera c\u2019era una vecchia lavagna luminosa, di quelle su cui si scriveva coi&nbsp; \u201clucidi\u201d, coi pennarelli\u2026.un salto indietro di un decennio, quando, appunto, i pc e i software dedicati erano ancora per pochi.<\/p>\n<p style=\"text-align: justify;\">Per il resto, non ci sono state grandi novit\u00e0 nella presentazione ai cittadini del documento contabile che marted\u00ec arriver\u00e0 in Consiglio Comunale: il sindaco Maria Pia Di Medio, l\u2019assessore al Bilancio Franco Antelmi, la Giunta Comunale quasi al completo e il capogruppo Pasquale Di Canosa hanno spiegato, ad una sala non proprio gremita, i tagli del governo centrale per quest\u2019anno ovvero poco pi\u00f9 di 1 milione di euro.<\/p>\n<p style=\"text-align: justify;\">Dove recuperare questi soldi per garantire lo stesso livello di servizi ai cassanesi?<\/p>\n<p style=\"text-align: justify;\">\u201c<em>Abbiamo fatto una scelta<\/em> \u2013 hanno detto gli amministratori \u2013 <em>convinti che la civilt\u00e0 di una popolazione si misura sulla capacit\u00e0 di andare incontro alle fasce pi\u00f9 deboli\u201d.<\/em> E dunque tagli su diverse spese e aumento della tassazione per \u201cchi ha di pi\u00f9\u201d.<\/p>\n<p style=\"text-align: justify;\">Allora, dove saranno recuperati i soldi che mancano?<\/p>\n<p style=\"text-align: justify;\">Innanzitutto sar\u00e0 <strong>aumentata l\u2019addizionale comunale Irpef<\/strong> che passa dallo 0.50 allo 0.80 e che varr\u00e0 sui redditi dai 15mila euro in su. Saranno dunque <span style=\"text-decoration: underline;\">esentati i redditi al di sotto dei 15mila euro che fin\u2019ora pagavano<\/span>. L\u2019operazione, si stima, dovrebbe portare nelle casse del Comune circa 190mila euro.<\/p>\n<p style=\"text-align: justify;\">Altro aumento riguarda l\u2019addizionale <strong>IMU sulla seconda casa che passa dall\u2019attuale 7,6% al 9.35%<\/strong> e si tratta dell\u2019aumento pi\u00f9 considerevole visto che dovrebbe far introitare ben 800mila euro al Comune; <span style=\"text-decoration: underline;\">leggera diminuzione, invece, per l\u2019IMU prima casa che passa dal 4% al 3,8%.<\/span><\/p>\n<p style=\"text-align: justify;\">Per quel che riguarda la <strong>Tarsu<\/strong>, la tassa sui rifiuti, \u00e8 previsto \u2013 rispetto alle cifre attuali \u2013 un <strong>aumento del 15%<\/strong> in quest\u2019anno ma <span style=\"text-decoration: underline;\">un ribasso del 5% per il prossimo anno,<\/span> quando il nuovo progetto rifiuti sar\u00e0 a regime. Anche qui una esenzione: <span style=\"text-decoration: underline;\">viene alzata la soglia di coloro che hanno la tariffa ridotta che passa dai redditi fino a 7.500 euro ai redditi fino a 10.000 euro.<\/span> Un provvedimento, dunque, che interessa soprattutto i pensionati.<\/p>\n<p style=\"text-align: justify;\">Tra i tagli previsti dall\u2019amministrazione Di Medio c\u2019\u00e8 il 10% dell\u2019indennit\u00e0 di Sindaco e Assessori, minori trasferimenti per 10mila euro annui alla societ\u00e0 che gestisce il Polisportivo, dato che aumentano per la stessa gli introiti dell\u2019utenza e altre, pochissimo limature.<\/p>\n<p style=\"text-align: justify;\">Tra le iniziative in favore delle fasce pi\u00f9 deboli, il sindaco ha ricordato quelle realizzate assieme al Rotary, quelle per i farmaci, i buoni pasto, i vaucher per il lavoro.<\/p>\n<p style=\"text-align: justify;\">Antelmi, infine, ha spiegato che la situazione dei Comuni italiani \u00e8 di essere diventati esattori per lo Stato: cosa mai avvenuta in passato visto che si impone agli enti locali di riscuotere una tassa che poi in gran parte va a finire nelle casse di Roma.<\/p>\n<p style=\"text-align: justify;\">Al termine della presentazione, non sono mancate domande e interrogativi da parte dei cittadini presenti, con le ovvie proteste da parte di chi paga e continuer\u00e0 a pagare.<\/p>\n","protected":false},"excerpt":{"rendered":"","protected":false},"author":1,"featured_media":0,"comment_status":"open","ping_status":"closed","sticky":false,"template":"","format":"standard","meta":{"colormag_page_container_layout":"default_layout","colormag_page_sidebar_layout":"default_layout","footnotes":""},"categories":[4],"tags":[],"class_list":["post-5969","post","type-post","status-publish","format-standard","hentry","category-politica"],"yoast_head":"<!-- This site is optimized with the Yoast SEO plugin v27.5 - https:\/\/yoast.com\/product\/yoast-seo-wordpress\/ -->\n<title>Tagli e tasse: il Comune spiega il perch\u00e8 ai cittadini - Archivio CassanoWeb<\/title>\n<meta name=\"robots\" content=\"index, follow, max-snippet:-1, max-image-preview:large, max-video-preview:-1\" \/>\n<link rel=\"canonical\" href=\"https:\/\/archiviocassano.lavocedelpaese.info\/index.php\/2012\/06\/23\/tagli-e-tasse-il-comune-spiega-il-perche-ai-cittadini\/\" \/>\n<meta property=\"og:locale\" content=\"it_IT\" \/>\n<meta property=\"og:type\" content=\"article\" \/>\n<meta property=\"og:title\" content=\"Tagli e tasse: il Comune spiega il perch\u00e8 ai cittadini - Archivio CassanoWeb\" \/>\n<meta property=\"og:url\" content=\"https:\/\/archiviocassano.lavocedelpaese.info\/index.php\/2012\/06\/23\/tagli-e-tasse-il-comune-spiega-il-perche-ai-cittadini\/\" \/>\n<meta property=\"og:site_name\" content=\"Archivio CassanoWeb\" \/>\n<meta property=\"article:publisher\" content=\"https:\/\/www.facebook.com\/redazione.cassanoweb\" \/>\n<meta property=\"article:published_time\" content=\"2012-06-23T06:02:25+00:00\" \/>\n<meta name=\"author\" content=\"admin\" \/>\n<meta name=\"twitter:card\" content=\"summary_large_image\" \/>\n<meta name=\"twitter:label1\" content=\"Scritto da\" \/>\n\t<meta name=\"twitter:data1\" content=\"admin\" \/>\n\t<meta name=\"twitter:label2\" content=\"Tempo di lettura stimato\" \/>\n\t<meta name=\"twitter:data2\" content=\"3 minuti\" \/>\n<script type=\"application\/ld+json\" class=\"yoast-schema-graph\">{\"@context\":\"https:\\\/\\\/schema.org\",\"@graph\":[{\"@type\":\"Article\",\"@id\":\"https:\\\/\\\/archiviocassano.lavocedelpaese.info\\\/index.php\\\/2012\\\/06\\\/23\\\/tagli-e-tasse-il-comune-spiega-il-perche-ai-cittadini\\\/#article\",\"isPartOf\":{\"@id\":\"https:\\\/\\\/archiviocassano.lavocedelpaese.info\\\/index.php\\\/2012\\\/06\\\/23\\\/tagli-e-tasse-il-comune-spiega-il-perche-ai-cittadini\\\/\"},\"author\":{\"name\":\"admin\",\"@id\":\"https:\\\/\\\/archiviocassano.lavocedelpaese.info\\\/#\\\/schema\\\/person\\\/df195bc79a9b4c35127cf005f92e041b\"},\"headline\":\"Tagli e tasse: il Comune spiega il perch\u00e8 ai cittadini\",\"datePublished\":\"2012-06-23T06:02:25+00:00\",\"mainEntityOfPage\":{\"@id\":\"https:\\\/\\\/archiviocassano.lavocedelpaese.info\\\/index.php\\\/2012\\\/06\\\/23\\\/tagli-e-tasse-il-comune-spiega-il-perche-ai-cittadini\\\/\"},\"wordCount\":534,\"commentCount\":0,\"publisher\":{\"@id\":\"https:\\\/\\\/archiviocassano.lavocedelpaese.info\\\/#organization\"},\"articleSection\":[\"Politica\"],\"inLanguage\":\"it-IT\",\"potentialAction\":[{\"@type\":\"CommentAction\",\"name\":\"Comment\",\"target\":[\"https:\\\/\\\/archiviocassano.lavocedelpaese.info\\\/index.php\\\/2012\\\/06\\\/23\\\/tagli-e-tasse-il-comune-spiega-il-perche-ai-cittadini\\\/#respond\"]}]},{\"@type\":\"WebPage\",\"@id\":\"https:\\\/\\\/archiviocassano.lavocedelpaese.info\\\/index.php\\\/2012\\\/06\\\/23\\\/tagli-e-tasse-il-comune-spiega-il-perche-ai-cittadini\\\/\",\"url\":\"https:\\\/\\\/archiviocassano.lavocedelpaese.info\\\/index.php\\\/2012\\\/06\\\/23\\\/tagli-e-tasse-il-comune-spiega-il-perche-ai-cittadini\\\/\",\"name\":\"Tagli e tasse: il Comune spiega il perch\u00e8 ai cittadini - Archivio CassanoWeb\",\"isPartOf\":{\"@id\":\"https:\\\/\\\/archiviocassano.lavocedelpaese.info\\\/#website\"},\"datePublished\":\"2012-06-23T06:02:25+00:00\",\"breadcrumb\":{\"@id\":\"https:\\\/\\\/archiviocassano.lavocedelpaese.info\\\/index.php\\\/2012\\\/06\\\/23\\\/tagli-e-tasse-il-comune-spiega-il-perche-ai-cittadini\\\/#breadcrumb\"},\"inLanguage\":\"it-IT\",\"potentialAction\":[{\"@type\":\"ReadAction\",\"target\":[\"https:\\\/\\\/archiviocassano.lavocedelpaese.info\\\/index.php\\\/2012\\\/06\\\/23\\\/tagli-e-tasse-il-comune-spiega-il-perche-ai-cittadini\\\/\"]}]},{\"@type\":\"BreadcrumbList\",\"@id\":\"https:\\\/\\\/archiviocassano.lavocedelpaese.info\\\/index.php\\\/2012\\\/06\\\/23\\\/tagli-e-tasse-il-comune-spiega-il-perche-ai-cittadini\\\/#breadcrumb\",\"itemListElement\":[{\"@type\":\"ListItem\",\"position\":1,\"name\":\"Home\",\"item\":\"https:\\\/\\\/archiviocassano.lavocedelpaese.info\\\/\"},{\"@type\":\"ListItem\",\"position\":2,\"name\":\"Tagli e tasse: il Comune spiega il perch\u00e8 ai cittadini\"}]},{\"@type\":\"WebSite\",\"@id\":\"https:\\\/\\\/archiviocassano.lavocedelpaese.info\\\/#website\",\"url\":\"https:\\\/\\\/archiviocassano.lavocedelpaese.info\\\/\",\"name\":\"Archivio CassanoWeb\",\"description\":\"La Voce del Paese - un network di idee\",\"publisher\":{\"@id\":\"https:\\\/\\\/archiviocassano.lavocedelpaese.info\\\/#organization\"},\"potentialAction\":[{\"@type\":\"SearchAction\",\"target\":{\"@type\":\"EntryPoint\",\"urlTemplate\":\"https:\\\/\\\/archiviocassano.lavocedelpaese.info\\\/?s={search_term_string}\"},\"query-input\":{\"@type\":\"PropertyValueSpecification\",\"valueRequired\":true,\"valueName\":\"search_term_string\"}}],\"inLanguage\":\"it-IT\"},{\"@type\":\"Organization\",\"@id\":\"https:\\\/\\\/archiviocassano.lavocedelpaese.info\\\/#organization\",\"name\":\"Archivio CassanoWeb\",\"url\":\"https:\\\/\\\/archiviocassano.lavocedelpaese.info\\\/\",\"logo\":{\"@type\":\"ImageObject\",\"inLanguage\":\"it-IT\",\"@id\":\"https:\\\/\\\/archiviocassano.lavocedelpaese.info\\\/#\\\/schema\\\/logo\\\/image\\\/\",\"url\":\"https:\\\/\\\/archiviocassano.lavocedelpaese.info\\\/wp-content\\\/uploads\\\/2024\\\/08\\\/logo-rosso-2.png\",\"contentUrl\":\"https:\\\/\\\/archiviocassano.lavocedelpaese.info\\\/wp-content\\\/uploads\\\/2024\\\/08\\\/logo-rosso-2.png\",\"width\":491,\"height\":432,\"caption\":\"Archivio CassanoWeb\"},\"image\":{\"@id\":\"https:\\\/\\\/archiviocassano.lavocedelpaese.info\\\/#\\\/schema\\\/logo\\\/image\\\/\"},\"sameAs\":[\"https:\\\/\\\/www.facebook.com\\\/redazione.cassanoweb\"]},{\"@type\":\"Person\",\"@id\":\"https:\\\/\\\/archiviocassano.lavocedelpaese.info\\\/#\\\/schema\\\/person\\\/df195bc79a9b4c35127cf005f92e041b\",\"name\":\"admin\",\"image\":{\"@type\":\"ImageObject\",\"inLanguage\":\"it-IT\",\"@id\":\"https:\\\/\\\/secure.gravatar.com\\\/avatar\\\/eabba89a432e8eaa1b0207cc55f7e5340b22712b1ed80677efcf63e02ff5b235?s=96&d=mm&r=g\",\"url\":\"https:\\\/\\\/secure.gravatar.com\\\/avatar\\\/eabba89a432e8eaa1b0207cc55f7e5340b22712b1ed80677efcf63e02ff5b235?s=96&d=mm&r=g\",\"contentUrl\":\"https:\\\/\\\/secure.gravatar.com\\\/avatar\\\/eabba89a432e8eaa1b0207cc55f7e5340b22712b1ed80677efcf63e02ff5b235?s=96&d=mm&r=g\",\"caption\":\"admin\"},\"sameAs\":[\"https:\\\/\\\/archiviocassano.lavocedelpaese.info\"],\"url\":\"https:\\\/\\\/archiviocassano.lavocedelpaese.info\\\/index.php\\\/author\\\/admin_0qgz1xdp\\\/\"}]}<\/script>\n<!-- \/ Yoast SEO plugin. -->","yoast_head_json":{"title":"Tagli e tasse: il Comune spiega il perch\u00e8 ai cittadini - Archivio CassanoWeb","robots":{"index":"index","follow":"follow","max-snippet":"max-snippet:-1","max-image-preview":"max-image-preview:large","max-video-preview":"max-video-preview:-1"},"canonical":"https:\/\/archiviocassano.lavocedelpaese.info\/index.php\/2012\/06\/23\/tagli-e-tasse-il-comune-spiega-il-perche-ai-cittadini\/","og_locale":"it_IT","og_type":"article","og_title":"Tagli e tasse: il Comune spiega il perch\u00e8 ai cittadini - Archivio CassanoWeb","og_url":"https:\/\/archiviocassano.lavocedelpaese.info\/index.php\/2012\/06\/23\/tagli-e-tasse-il-comune-spiega-il-perche-ai-cittadini\/","og_site_name":"Archivio CassanoWeb","article_publisher":"https:\/\/www.facebook.com\/redazione.cassanoweb","article_published_time":"2012-06-23T06:02:25+00:00","author":"admin","twitter_card":"summary_large_image","twitter_misc":{"Scritto da":"admin","Tempo di lettura stimato":"3 minuti"},"schema":{"@context":"https:\/\/schema.org","@graph":[{"@type":"Article","@id":"https:\/\/archiviocassano.lavocedelpaese.info\/index.php\/2012\/06\/23\/tagli-e-tasse-il-comune-spiega-il-perche-ai-cittadini\/#article","isPartOf":{"@id":"https:\/\/archiviocassano.lavocedelpaese.info\/index.php\/2012\/06\/23\/tagli-e-tasse-il-comune-spiega-il-perche-ai-cittadini\/"},"author":{"name":"admin","@id":"https:\/\/archiviocassano.lavocedelpaese.info\/#\/schema\/person\/df195bc79a9b4c35127cf005f92e041b"},"headline":"Tagli e tasse: il Comune spiega il perch\u00e8 ai cittadini","datePublished":"2012-06-23T06:02:25+00:00","mainEntityOfPage":{"@id":"https:\/\/archiviocassano.lavocedelpaese.info\/index.php\/2012\/06\/23\/tagli-e-tasse-il-comune-spiega-il-perche-ai-cittadini\/"},"wordCount":534,"commentCount":0,"publisher":{"@id":"https:\/\/archiviocassano.lavocedelpaese.info\/#organization"},"articleSection":["Politica"],"inLanguage":"it-IT","potentialAction":[{"@type":"CommentAction","name":"Comment","target":["https:\/\/archiviocassano.lavocedelpaese.info\/index.php\/2012\/06\/23\/tagli-e-tasse-il-comune-spiega-il-perche-ai-cittadini\/#respond"]}]},{"@type":"WebPage","@id":"https:\/\/archiviocassano.lavocedelpaese.info\/index.php\/2012\/06\/23\/tagli-e-tasse-il-comune-spiega-il-perche-ai-cittadini\/","url":"https:\/\/archiviocassano.lavocedelpaese.info\/index.php\/2012\/06\/23\/tagli-e-tasse-il-comune-spiega-il-perche-ai-cittadini\/","name":"Tagli e tasse: il Comune spiega il perch\u00e8 ai cittadini - Archivio CassanoWeb","isPartOf":{"@id":"https:\/\/archiviocassano.lavocedelpaese.info\/#website"},"datePublished":"2012-06-23T06:02:25+00:00","breadcrumb":{"@id":"https:\/\/archiviocassano.lavocedelpaese.info\/index.php\/2012\/06\/23\/tagli-e-tasse-il-comune-spiega-il-perche-ai-cittadini\/#breadcrumb"},"inLanguage":"it-IT","potentialAction":[{"@type":"ReadAction","target":["https:\/\/archiviocassano.lavocedelpaese.info\/index.php\/2012\/06\/23\/tagli-e-tasse-il-comune-spiega-il-perche-ai-cittadini\/"]}]},{"@type":"BreadcrumbList","@id":"https:\/\/archiviocassano.lavocedelpaese.info\/index.php\/2012\/06\/23\/tagli-e-tasse-il-comune-spiega-il-perche-ai-cittadini\/#breadcrumb","itemListElement":[{"@type":"ListItem","position":1,"name":"Home","item":"https:\/\/archiviocassano.lavocedelpaese.info\/"},{"@type":"ListItem","position":2,"name":"Tagli e tasse: il Comune spiega il perch\u00e8 ai cittadini"}]},{"@type":"WebSite","@id":"https:\/\/archiviocassano.lavocedelpaese.info\/#website","url":"https:\/\/archiviocassano.lavocedelpaese.info\/","name":"Archivio CassanoWeb","description":"La Voce del Paese - un network di idee","publisher":{"@id":"https:\/\/archiviocassano.lavocedelpaese.info\/#organization"},"potentialAction":[{"@type":"SearchAction","target":{"@type":"EntryPoint","urlTemplate":"https:\/\/archiviocassano.lavocedelpaese.info\/?s={search_term_string}"},"query-input":{"@type":"PropertyValueSpecification","valueRequired":true,"valueName":"search_term_string"}}],"inLanguage":"it-IT"},{"@type":"Organization","@id":"https:\/\/archiviocassano.lavocedelpaese.info\/#organization","name":"Archivio CassanoWeb","url":"https:\/\/archiviocassano.lavocedelpaese.info\/","logo":{"@type":"ImageObject","inLanguage":"it-IT","@id":"https:\/\/archiviocassano.lavocedelpaese.info\/#\/schema\/logo\/image\/","url":"https:\/\/archiviocassano.lavocedelpaese.info\/wp-content\/uploads\/2024\/08\/logo-rosso-2.png","contentUrl":"https:\/\/archiviocassano.lavocedelpaese.info\/wp-content\/uploads\/2024\/08\/logo-rosso-2.png","width":491,"height":432,"caption":"Archivio CassanoWeb"},"image":{"@id":"https:\/\/archiviocassano.lavocedelpaese.info\/#\/schema\/logo\/image\/"},"sameAs":["https:\/\/www.facebook.com\/redazione.cassanoweb"]},{"@type":"Person","@id":"https:\/\/archiviocassano.lavocedelpaese.info\/#\/schema\/person\/df195bc79a9b4c35127cf005f92e041b","name":"admin","image":{"@type":"ImageObject","inLanguage":"it-IT","@id":"https:\/\/secure.gravatar.com\/avatar\/eabba89a432e8eaa1b0207cc55f7e5340b22712b1ed80677efcf63e02ff5b235?s=96&d=mm&r=g","url":"https:\/\/secure.gravatar.com\/avatar\/eabba89a432e8eaa1b0207cc55f7e5340b22712b1ed80677efcf63e02ff5b235?s=96&d=mm&r=g","contentUrl":"https:\/\/secure.gravatar.com\/avatar\/eabba89a432e8eaa1b0207cc55f7e5340b22712b1ed80677efcf63e02ff5b235?s=96&d=mm&r=g","caption":"admin"},"sameAs":["https:\/\/archiviocassano.lavocedelpaese.info"],"url":"https:\/\/archiviocassano.lavocedelpaese.info\/index.php\/author\/admin_0qgz1xdp\/"}]}},"_links":{"self":[{"href":"https:\/\/archiviocassano.lavocedelpaese.info\/index.php\/wp-json\/wp\/v2\/posts\/5969","targetHints":{"allow":["GET"]}}],"collection":[{"href":"https:\/\/archiviocassano.lavocedelpaese.info\/index.php\/wp-json\/wp\/v2\/posts"}],"about":[{"href":"https:\/\/archiviocassano.lavocedelpaese.info\/index.php\/wp-json\/wp\/v2\/types\/post"}],"author":[{"embeddable":true,"href":"https:\/\/archiviocassano.lavocedelpaese.info\/index.php\/wp-json\/wp\/v2\/users\/1"}],"replies":[{"embeddable":true,"href":"https:\/\/archiviocassano.lavocedelpaese.info\/index.php\/wp-json\/wp\/v2\/comments?post=5969"}],"version-history":[{"count":0,"href":"https:\/\/archiviocassano.lavocedelpaese.info\/index.php\/wp-json\/wp\/v2\/posts\/5969\/revisions"}],"wp:attachment":[{"href":"https:\/\/archiviocassano.lavocedelpaese.info\/index.php\/wp-json\/wp\/v2\/media?parent=5969"}],"wp:term":[{"taxonomy":"category","embeddable":true,"href":"https:\/\/archiviocassano.lavocedelpaese.info\/index.php\/wp-json\/wp\/v2\/categories?post=5969"},{"taxonomy":"post_tag","embeddable":true,"href":"https:\/\/archiviocassano.lavocedelpaese.info\/index.php\/wp-json\/wp\/v2\/tags?post=5969"}],"curies":[{"name":"wp","href":"https:\/\/api.w.org\/{rel}","templated":true}]}}