{"id":5993,"date":"2012-06-26T17:24:18","date_gmt":"2012-06-26T17:24:18","guid":{"rendered":"https:\/\/archiviocassano.lavocedelpaese.info\/index.php\/2012\/06\/26\/vendola-barbanente-e-veronico-presentano-up\/"},"modified":"2012-06-26T17:24:18","modified_gmt":"2012-06-26T17:24:18","slug":"vendola-barbanente-e-veronico-presentano-up","status":"publish","type":"post","link":"https:\/\/archiviocassano.lavocedelpaese.info\/index.php\/2012\/06\/26\/vendola-barbanente-e-veronico-presentano-up\/","title":{"rendered":"Vendola, Barbanente e Veronico presentano \u201cUP\u201d"},"content":{"rendered":"<p><img loading=\"lazy\" decoding=\"async\" style=\"margin-right: 2px; margin-left: 2px;\" alt=\"presentazione UP\" src=\"images\/stories\/presentazione_UP.jpg\" height=\"150\" width=\"320\" \/><\/p>\n<p><!--more--><\/p>\n<p style=\"text-align: justify;\">Il Presidente della Giunta Regionale, <strong>Nichi Vendola<\/strong>, l\u2019assessore all\u2019Assetto del territorio, con delega alle aree protette, <strong>Angela Barbanente<\/strong> e il Presidente del Parco dell\u2019Alta Murgia, <strong>Cesare Veronico<\/strong> hanno&nbsp; presentato questa mattina, a Bari, la prima edizione di \u201cUp, la festa del Parco nazionale dell\u2019Alta Murgia\u201d, che si terr\u00e0 ad Altamura dal 29 giugno al 1 luglio.<\/p>\n<p style=\"text-align: justify;\">\u201cOccorre tenere in equilibrio conoscenza, tutela e valorizzazione \u2013ha detto l\u2019assessore Barbanente \u2013 e qui siamo sulla buona strada. Il Parco dell\u2019Alta Murgia \u00e8 molto avanti nell\u2019approvazione del suo piano che far\u00e0 venir meno l\u2019applicazione delle norme di salvaguardia, che sono in vigore proprio in mancanza del piano del parco. Il piano terr\u00e0 in equilibrio la conoscenza, la tutela e la valorizzazione con un\u2019importante innovazione: quella di coniugarsi con il piano paesaggistico regionale, di prossima approvazione. Perch\u00e9 cos\u00ec si fa la semplificazione burocratica: snellendo le procedure e mettendole insieme perch\u00e9 il parco non deve essere vissuto solo come un adempimento burocratico. Cos\u00ec avvieremo un progetto pilota che integrer\u00e0 il Piano del parco e il piano regionale del paesaggio. Questo comporter\u00e0 vantaggi per gli agricoltori , che non fruiranno solo di indennizzi per la presenza del parco, ma che sfrutteranno le occasioni messe a disposizione per fornire servizi e quindi ricavare anche nuovo reddito\u201d.<\/p>\n<p style=\"text-align: justify;\">\u201cVoglio darvi una notizia straordinaria: ieri sono arrivati in Puglia, all\u2019interno del Parco Nazionale del Gargano, i volontari della Protezione Civile dell\u2019Emilia Romagna. Uomini e donne che mantengono l\u2019impegno assunto con noi relativo all\u2019attivit\u00e0 formativa e allo scambio di esperienze con i nostri volontari. Normalmente fanno notizia le fughe dalla responsabilit\u00e0 nazionale, gli episodi di egoismo, le pulsioni alla centrifugazione della coscienza collettiva; mi piacerebbe che facesse notizia una notizia cos\u00ec straordinaria: le associazioni del volontariato che sono impegnate nell\u2019opera di soccorso delle popolazioni del loro territorio colpite dal terremoto, non hanno disdettato l\u2019appuntamento con noi\u201d.<\/p>\n<p style=\"text-align: justify;\">Ha esordito annunciando questa notizia il Presidente Nichi Vendola alla conferenza stampa di presentazione dell\u2019edizione di \u201cUP\u201d. \u201cIl Parco \u2013 ha proseguito Vendola \u2013 \u00e8 stato troppo a lungo percepito come nemico della citt\u00e0, come un intruso che inibisce le prospettive di crescita dei contesti urbani, oppure \u00e8 stato percepito come l\u2019attitudine a museificare gli ecosistemi e a impedire ai territori che ospitano una biodiversit\u00e0 tanto suggestiva e peculiare, di poterne trarre un vantaggio in termini economici\u201d.<\/p>\n<p style=\"text-align: justify;\">\u201cNoi \u2013 ha continuato il Presidente della Regione Puglia \u2013 nelle esperienze che stiamo vivendo nei nostri Parchi, siamo finalmente superando la fase degli stereotipi, dei luoghi comuni e dei pregiudizi. Il Parco \u00e8 una straordinaria occasione per ripensare il modello di sviluppo. Il Parco non rappresenta un limite allo sviluppo, ma \u00e8 un contenuto alternativo per lo sviluppo\u201d.<\/p>\n<p style=\"text-align: justify;\">Secondo Vendola i comuni oggi cominciano a percepire \u201cquale occasione sia il Parco non solo per pensare il Parco, ma anche per pensare le citt\u00e0, il loro volto, per riflettere sul tema cruciale del limite della crescita edilizia e di quanto sia strategico ripensare in termini di riqualificazione, di recupero e di riuso del patrimonio abitativo di edilizia residenziale\u201d.<\/p>\n<p style=\"text-align: justify;\">\u201cIl Parco \u2013 ha spiegato Vendola \u2013 \u00e8 uno specchio che rimanda l\u2019immagine della qualit\u00e0 urbana su cui le Pubbliche Amministrazioni e i cittadini devono compiere una riflessione: ci aiuta a ripensare le citt\u00e0 ed esse si possono relazionare al Parco immaginando che non esiste una citt\u00e0 decente se non esiste un territorio rurale decente. Nell\u2019armonia tra territorio urbano e territorio rurale c\u2019\u00e8 tutta la storia del paesaggio italiano\u201d. Secondo Vendola \u201cferire o squilibrare in maniera irresponsabile questo rapporto significa perdere sia in termini di memoria, di bellezza e di cultura, sia in termini economici. Penso che il calendario di iniziative che presentiamo oggi, una straordinaria commistione di percorsi naturalistici, eventi culturali ed eno-gastronomici, sono un modo per abitare il Parco dell\u2019Alta Murgia, poterlo raccontare e farlo conoscere. Il Parco dell\u2019Alta Murgia per molti \u00e8 ancora un\u2019evocazione folklorica, si tratta invece di un luogo complesso, un deposito di storia e di scienze naturali che i giovani, anzitutto, devono conoscere\u201d.<\/p>\n<p style=\"text-align: justify;\">\u201cUP \u2013 ha concluso Vendola \u2013 \u00e8 un\u2019opera di conoscenza del Parco, propedeutica alla tutela, che non significa fare del Parco un museo, ma significa che ci sono luoghi e cose intangibili, che hanno un valore in s\u00e9 e non possono essere ridotte al rango di valori di scambio, perch\u00e9 vivono come valori d\u2019uso. Tuttavia, i valori di scambio possono ovviamente vivere nell\u2019indotto economico del Parco che \u00e8 fatto di promozione dei nostri prodotti, di costruzione degli eventi e di flussi turistici. Il Parco dell\u2019Alta Murgia, insieme al Parco nazionale del Gargano, si presentano oggi come splendidi gioielli del nostro territorio\u201d.<\/p>\n<p style=\"text-align: justify;\">\u00abQuesto \u00e8 uno dei momenti in cui si articola il nostro progetto di crescita e spendibilit\u00e0 dell\u2019Alta Murgia \u2013 ha esordito cos\u00ec il presidente <strong>Cesare Veronico<\/strong> \u2013 e noi intendiamo collaborare per raggiungere degli obiettivi concreti. Primo tra tutti, il lancio ufficiale del marchio del Parco con un protocollo che verr\u00e0 presentato proprio nella giornata conclusiva di Up. Intendiamo inoltre puntare sul \u2018turismo natura\u2019 attraverso lo strumento dei Sistemi Ambientali e Culturali (SAC)&nbsp; per valorizzare il territorio, sostenere l\u2019economia dei parchi con la creazione di pacchetti turistici che possano aiutare gli operatori del settore a diventare competitivi, a mirare alla destagionalizzazione e a un\u2019identit\u00e0 comune. Proprio quest\u2019ultima deve essere l\u2019obiettivo primario dei nostri sforzi congiunti per arrivare ad una conduzione condivisa di un Parco che, unico in Italia, \u00e8 gestito per il 50% dagli operatori agricoli\u00bb.<\/p>\n<p style=\"text-align: justify;\">In quest\u2019ottica Veronico ha annunciato alcuni dei programmi futuri: un festival dell\u2019agricoltura e della ruralit\u00e0 il prossimo anno per dare voce e spazio alle 304 aziende agricole convenzionate con il Parco e porle al centro di un\u2019iniziativa di respiro nazionale che veda il supporto e la fattiva collaborazione della Regione Puglia.<\/p>\n<p style=\"text-align: justify;\">Con l\u2019assessore all\u2019Assetto Territoriale Angela Barbanente \u00e8 in corso un lavoro congiunto per un progetto pilota da 600mila euro sul sistema integrato culturale per dare una visione diversa della ruralit\u00e0 e della conduzione agricola del territorio. \u00abVogliamo incoraggiare a vivere il Parco \u2013 dice la Barbanente -, lavoriamo sul trittico conoscenza, tutela e valorizzazione sempre in equilibrio e studiamo sempre nuove norme per rendere semplici le norme di tutela integrando le linee del piano paesaggistico territoriale regionale con quelle del Parco in un progetto unico a livello nazionale. E\u2019 questa la strada della condivisione e sinergia in cui si inseriscono tutte le attivit\u00e0 di crescita e conoscenza del luogo per innovare il modo di pensare il Parco\u00bb.<\/p>\n<p style=\"text-align: justify;\"><strong><a target=\"_blank\" href=\"http:\/\/up.parcoaltamurgia.gov.it\/\" rel=\"noopener\">Il programma e tutte le info sull&#8217;evento<\/a><\/strong><\/p>\n","protected":false},"excerpt":{"rendered":"","protected":false},"author":1,"featured_media":0,"comment_status":"open","ping_status":"closed","sticky":false,"template":"","format":"standard","meta":{"colormag_page_container_layout":"default_layout","colormag_page_sidebar_layout":"default_layout","footnotes":""},"categories":[7],"tags":[],"class_list":["post-5993","post","type-post","status-publish","format-standard","hentry","category-attualita"],"yoast_head":"<!-- This site is optimized with the Yoast SEO plugin v27.5 - https:\/\/yoast.com\/product\/yoast-seo-wordpress\/ -->\n<title>Vendola, Barbanente e Veronico presentano \u201cUP\u201d - Archivio CassanoWeb<\/title>\n<meta name=\"robots\" content=\"index, follow, max-snippet:-1, max-image-preview:large, max-video-preview:-1\" \/>\n<link rel=\"canonical\" href=\"https:\/\/archiviocassano.lavocedelpaese.info\/index.php\/2012\/06\/26\/vendola-barbanente-e-veronico-presentano-up\/\" \/>\n<meta property=\"og:locale\" content=\"it_IT\" \/>\n<meta property=\"og:type\" content=\"article\" \/>\n<meta property=\"og:title\" content=\"Vendola, Barbanente e Veronico presentano \u201cUP\u201d - Archivio CassanoWeb\" \/>\n<meta property=\"og:url\" content=\"https:\/\/archiviocassano.lavocedelpaese.info\/index.php\/2012\/06\/26\/vendola-barbanente-e-veronico-presentano-up\/\" \/>\n<meta property=\"og:site_name\" content=\"Archivio CassanoWeb\" \/>\n<meta property=\"article:publisher\" content=\"https:\/\/www.facebook.com\/redazione.cassanoweb\" \/>\n<meta property=\"article:published_time\" content=\"2012-06-26T17:24:18+00:00\" \/>\n<meta name=\"author\" content=\"admin\" \/>\n<meta name=\"twitter:card\" content=\"summary_large_image\" \/>\n<meta name=\"twitter:label1\" content=\"Scritto da\" \/>\n\t<meta name=\"twitter:data1\" content=\"admin\" \/>\n\t<meta name=\"twitter:label2\" content=\"Tempo di lettura stimato\" \/>\n\t<meta name=\"twitter:data2\" content=\"5 minuti\" \/>\n<script type=\"application\/ld+json\" class=\"yoast-schema-graph\">{\"@context\":\"https:\\\/\\\/schema.org\",\"@graph\":[{\"@type\":\"Article\",\"@id\":\"https:\\\/\\\/archiviocassano.lavocedelpaese.info\\\/index.php\\\/2012\\\/06\\\/26\\\/vendola-barbanente-e-veronico-presentano-up\\\/#article\",\"isPartOf\":{\"@id\":\"https:\\\/\\\/archiviocassano.lavocedelpaese.info\\\/index.php\\\/2012\\\/06\\\/26\\\/vendola-barbanente-e-veronico-presentano-up\\\/\"},\"author\":{\"name\":\"admin\",\"@id\":\"https:\\\/\\\/archiviocassano.lavocedelpaese.info\\\/#\\\/schema\\\/person\\\/df195bc79a9b4c35127cf005f92e041b\"},\"headline\":\"Vendola, Barbanente e Veronico presentano \u201cUP\u201d\",\"datePublished\":\"2012-06-26T17:24:18+00:00\",\"mainEntityOfPage\":{\"@id\":\"https:\\\/\\\/archiviocassano.lavocedelpaese.info\\\/index.php\\\/2012\\\/06\\\/26\\\/vendola-barbanente-e-veronico-presentano-up\\\/\"},\"wordCount\":1087,\"commentCount\":0,\"publisher\":{\"@id\":\"https:\\\/\\\/archiviocassano.lavocedelpaese.info\\\/#organization\"},\"articleSection\":[\"Attualit\u00e0\"],\"inLanguage\":\"it-IT\",\"potentialAction\":[{\"@type\":\"CommentAction\",\"name\":\"Comment\",\"target\":[\"https:\\\/\\\/archiviocassano.lavocedelpaese.info\\\/index.php\\\/2012\\\/06\\\/26\\\/vendola-barbanente-e-veronico-presentano-up\\\/#respond\"]}]},{\"@type\":\"WebPage\",\"@id\":\"https:\\\/\\\/archiviocassano.lavocedelpaese.info\\\/index.php\\\/2012\\\/06\\\/26\\\/vendola-barbanente-e-veronico-presentano-up\\\/\",\"url\":\"https:\\\/\\\/archiviocassano.lavocedelpaese.info\\\/index.php\\\/2012\\\/06\\\/26\\\/vendola-barbanente-e-veronico-presentano-up\\\/\",\"name\":\"Vendola, Barbanente e Veronico presentano \u201cUP\u201d - Archivio CassanoWeb\",\"isPartOf\":{\"@id\":\"https:\\\/\\\/archiviocassano.lavocedelpaese.info\\\/#website\"},\"datePublished\":\"2012-06-26T17:24:18+00:00\",\"breadcrumb\":{\"@id\":\"https:\\\/\\\/archiviocassano.lavocedelpaese.info\\\/index.php\\\/2012\\\/06\\\/26\\\/vendola-barbanente-e-veronico-presentano-up\\\/#breadcrumb\"},\"inLanguage\":\"it-IT\",\"potentialAction\":[{\"@type\":\"ReadAction\",\"target\":[\"https:\\\/\\\/archiviocassano.lavocedelpaese.info\\\/index.php\\\/2012\\\/06\\\/26\\\/vendola-barbanente-e-veronico-presentano-up\\\/\"]}]},{\"@type\":\"BreadcrumbList\",\"@id\":\"https:\\\/\\\/archiviocassano.lavocedelpaese.info\\\/index.php\\\/2012\\\/06\\\/26\\\/vendola-barbanente-e-veronico-presentano-up\\\/#breadcrumb\",\"itemListElement\":[{\"@type\":\"ListItem\",\"position\":1,\"name\":\"Home\",\"item\":\"https:\\\/\\\/archiviocassano.lavocedelpaese.info\\\/\"},{\"@type\":\"ListItem\",\"position\":2,\"name\":\"Vendola, Barbanente e Veronico presentano \u201cUP\u201d\"}]},{\"@type\":\"WebSite\",\"@id\":\"https:\\\/\\\/archiviocassano.lavocedelpaese.info\\\/#website\",\"url\":\"https:\\\/\\\/archiviocassano.lavocedelpaese.info\\\/\",\"name\":\"Archivio CassanoWeb\",\"description\":\"La Voce del Paese - un network di idee\",\"publisher\":{\"@id\":\"https:\\\/\\\/archiviocassano.lavocedelpaese.info\\\/#organization\"},\"potentialAction\":[{\"@type\":\"SearchAction\",\"target\":{\"@type\":\"EntryPoint\",\"urlTemplate\":\"https:\\\/\\\/archiviocassano.lavocedelpaese.info\\\/?s={search_term_string}\"},\"query-input\":{\"@type\":\"PropertyValueSpecification\",\"valueRequired\":true,\"valueName\":\"search_term_string\"}}],\"inLanguage\":\"it-IT\"},{\"@type\":\"Organization\",\"@id\":\"https:\\\/\\\/archiviocassano.lavocedelpaese.info\\\/#organization\",\"name\":\"Archivio CassanoWeb\",\"url\":\"https:\\\/\\\/archiviocassano.lavocedelpaese.info\\\/\",\"logo\":{\"@type\":\"ImageObject\",\"inLanguage\":\"it-IT\",\"@id\":\"https:\\\/\\\/archiviocassano.lavocedelpaese.info\\\/#\\\/schema\\\/logo\\\/image\\\/\",\"url\":\"https:\\\/\\\/archiviocassano.lavocedelpaese.info\\\/wp-content\\\/uploads\\\/2024\\\/08\\\/logo-rosso-2.png\",\"contentUrl\":\"https:\\\/\\\/archiviocassano.lavocedelpaese.info\\\/wp-content\\\/uploads\\\/2024\\\/08\\\/logo-rosso-2.png\",\"width\":491,\"height\":432,\"caption\":\"Archivio CassanoWeb\"},\"image\":{\"@id\":\"https:\\\/\\\/archiviocassano.lavocedelpaese.info\\\/#\\\/schema\\\/logo\\\/image\\\/\"},\"sameAs\":[\"https:\\\/\\\/www.facebook.com\\\/redazione.cassanoweb\"]},{\"@type\":\"Person\",\"@id\":\"https:\\\/\\\/archiviocassano.lavocedelpaese.info\\\/#\\\/schema\\\/person\\\/df195bc79a9b4c35127cf005f92e041b\",\"name\":\"admin\",\"image\":{\"@type\":\"ImageObject\",\"inLanguage\":\"it-IT\",\"@id\":\"https:\\\/\\\/secure.gravatar.com\\\/avatar\\\/eabba89a432e8eaa1b0207cc55f7e5340b22712b1ed80677efcf63e02ff5b235?s=96&d=mm&r=g\",\"url\":\"https:\\\/\\\/secure.gravatar.com\\\/avatar\\\/eabba89a432e8eaa1b0207cc55f7e5340b22712b1ed80677efcf63e02ff5b235?s=96&d=mm&r=g\",\"contentUrl\":\"https:\\\/\\\/secure.gravatar.com\\\/avatar\\\/eabba89a432e8eaa1b0207cc55f7e5340b22712b1ed80677efcf63e02ff5b235?s=96&d=mm&r=g\",\"caption\":\"admin\"},\"sameAs\":[\"https:\\\/\\\/archiviocassano.lavocedelpaese.info\"],\"url\":\"https:\\\/\\\/archiviocassano.lavocedelpaese.info\\\/index.php\\\/author\\\/admin_0qgz1xdp\\\/\"}]}<\/script>\n<!-- \/ Yoast SEO plugin. -->","yoast_head_json":{"title":"Vendola, Barbanente e Veronico presentano \u201cUP\u201d - Archivio CassanoWeb","robots":{"index":"index","follow":"follow","max-snippet":"max-snippet:-1","max-image-preview":"max-image-preview:large","max-video-preview":"max-video-preview:-1"},"canonical":"https:\/\/archiviocassano.lavocedelpaese.info\/index.php\/2012\/06\/26\/vendola-barbanente-e-veronico-presentano-up\/","og_locale":"it_IT","og_type":"article","og_title":"Vendola, Barbanente e Veronico presentano \u201cUP\u201d - Archivio CassanoWeb","og_url":"https:\/\/archiviocassano.lavocedelpaese.info\/index.php\/2012\/06\/26\/vendola-barbanente-e-veronico-presentano-up\/","og_site_name":"Archivio CassanoWeb","article_publisher":"https:\/\/www.facebook.com\/redazione.cassanoweb","article_published_time":"2012-06-26T17:24:18+00:00","author":"admin","twitter_card":"summary_large_image","twitter_misc":{"Scritto da":"admin","Tempo di lettura stimato":"5 minuti"},"schema":{"@context":"https:\/\/schema.org","@graph":[{"@type":"Article","@id":"https:\/\/archiviocassano.lavocedelpaese.info\/index.php\/2012\/06\/26\/vendola-barbanente-e-veronico-presentano-up\/#article","isPartOf":{"@id":"https:\/\/archiviocassano.lavocedelpaese.info\/index.php\/2012\/06\/26\/vendola-barbanente-e-veronico-presentano-up\/"},"author":{"name":"admin","@id":"https:\/\/archiviocassano.lavocedelpaese.info\/#\/schema\/person\/df195bc79a9b4c35127cf005f92e041b"},"headline":"Vendola, Barbanente e Veronico presentano \u201cUP\u201d","datePublished":"2012-06-26T17:24:18+00:00","mainEntityOfPage":{"@id":"https:\/\/archiviocassano.lavocedelpaese.info\/index.php\/2012\/06\/26\/vendola-barbanente-e-veronico-presentano-up\/"},"wordCount":1087,"commentCount":0,"publisher":{"@id":"https:\/\/archiviocassano.lavocedelpaese.info\/#organization"},"articleSection":["Attualit\u00e0"],"inLanguage":"it-IT","potentialAction":[{"@type":"CommentAction","name":"Comment","target":["https:\/\/archiviocassano.lavocedelpaese.info\/index.php\/2012\/06\/26\/vendola-barbanente-e-veronico-presentano-up\/#respond"]}]},{"@type":"WebPage","@id":"https:\/\/archiviocassano.lavocedelpaese.info\/index.php\/2012\/06\/26\/vendola-barbanente-e-veronico-presentano-up\/","url":"https:\/\/archiviocassano.lavocedelpaese.info\/index.php\/2012\/06\/26\/vendola-barbanente-e-veronico-presentano-up\/","name":"Vendola, Barbanente e Veronico presentano \u201cUP\u201d - Archivio CassanoWeb","isPartOf":{"@id":"https:\/\/archiviocassano.lavocedelpaese.info\/#website"},"datePublished":"2012-06-26T17:24:18+00:00","breadcrumb":{"@id":"https:\/\/archiviocassano.lavocedelpaese.info\/index.php\/2012\/06\/26\/vendola-barbanente-e-veronico-presentano-up\/#breadcrumb"},"inLanguage":"it-IT","potentialAction":[{"@type":"ReadAction","target":["https:\/\/archiviocassano.lavocedelpaese.info\/index.php\/2012\/06\/26\/vendola-barbanente-e-veronico-presentano-up\/"]}]},{"@type":"BreadcrumbList","@id":"https:\/\/archiviocassano.lavocedelpaese.info\/index.php\/2012\/06\/26\/vendola-barbanente-e-veronico-presentano-up\/#breadcrumb","itemListElement":[{"@type":"ListItem","position":1,"name":"Home","item":"https:\/\/archiviocassano.lavocedelpaese.info\/"},{"@type":"ListItem","position":2,"name":"Vendola, Barbanente e Veronico presentano \u201cUP\u201d"}]},{"@type":"WebSite","@id":"https:\/\/archiviocassano.lavocedelpaese.info\/#website","url":"https:\/\/archiviocassano.lavocedelpaese.info\/","name":"Archivio CassanoWeb","description":"La Voce del Paese - un network di idee","publisher":{"@id":"https:\/\/archiviocassano.lavocedelpaese.info\/#organization"},"potentialAction":[{"@type":"SearchAction","target":{"@type":"EntryPoint","urlTemplate":"https:\/\/archiviocassano.lavocedelpaese.info\/?s={search_term_string}"},"query-input":{"@type":"PropertyValueSpecification","valueRequired":true,"valueName":"search_term_string"}}],"inLanguage":"it-IT"},{"@type":"Organization","@id":"https:\/\/archiviocassano.lavocedelpaese.info\/#organization","name":"Archivio CassanoWeb","url":"https:\/\/archiviocassano.lavocedelpaese.info\/","logo":{"@type":"ImageObject","inLanguage":"it-IT","@id":"https:\/\/archiviocassano.lavocedelpaese.info\/#\/schema\/logo\/image\/","url":"https:\/\/archiviocassano.lavocedelpaese.info\/wp-content\/uploads\/2024\/08\/logo-rosso-2.png","contentUrl":"https:\/\/archiviocassano.lavocedelpaese.info\/wp-content\/uploads\/2024\/08\/logo-rosso-2.png","width":491,"height":432,"caption":"Archivio CassanoWeb"},"image":{"@id":"https:\/\/archiviocassano.lavocedelpaese.info\/#\/schema\/logo\/image\/"},"sameAs":["https:\/\/www.facebook.com\/redazione.cassanoweb"]},{"@type":"Person","@id":"https:\/\/archiviocassano.lavocedelpaese.info\/#\/schema\/person\/df195bc79a9b4c35127cf005f92e041b","name":"admin","image":{"@type":"ImageObject","inLanguage":"it-IT","@id":"https:\/\/secure.gravatar.com\/avatar\/eabba89a432e8eaa1b0207cc55f7e5340b22712b1ed80677efcf63e02ff5b235?s=96&d=mm&r=g","url":"https:\/\/secure.gravatar.com\/avatar\/eabba89a432e8eaa1b0207cc55f7e5340b22712b1ed80677efcf63e02ff5b235?s=96&d=mm&r=g","contentUrl":"https:\/\/secure.gravatar.com\/avatar\/eabba89a432e8eaa1b0207cc55f7e5340b22712b1ed80677efcf63e02ff5b235?s=96&d=mm&r=g","caption":"admin"},"sameAs":["https:\/\/archiviocassano.lavocedelpaese.info"],"url":"https:\/\/archiviocassano.lavocedelpaese.info\/index.php\/author\/admin_0qgz1xdp\/"}]}},"_links":{"self":[{"href":"https:\/\/archiviocassano.lavocedelpaese.info\/index.php\/wp-json\/wp\/v2\/posts\/5993","targetHints":{"allow":["GET"]}}],"collection":[{"href":"https:\/\/archiviocassano.lavocedelpaese.info\/index.php\/wp-json\/wp\/v2\/posts"}],"about":[{"href":"https:\/\/archiviocassano.lavocedelpaese.info\/index.php\/wp-json\/wp\/v2\/types\/post"}],"author":[{"embeddable":true,"href":"https:\/\/archiviocassano.lavocedelpaese.info\/index.php\/wp-json\/wp\/v2\/users\/1"}],"replies":[{"embeddable":true,"href":"https:\/\/archiviocassano.lavocedelpaese.info\/index.php\/wp-json\/wp\/v2\/comments?post=5993"}],"version-history":[{"count":0,"href":"https:\/\/archiviocassano.lavocedelpaese.info\/index.php\/wp-json\/wp\/v2\/posts\/5993\/revisions"}],"wp:attachment":[{"href":"https:\/\/archiviocassano.lavocedelpaese.info\/index.php\/wp-json\/wp\/v2\/media?parent=5993"}],"wp:term":[{"taxonomy":"category","embeddable":true,"href":"https:\/\/archiviocassano.lavocedelpaese.info\/index.php\/wp-json\/wp\/v2\/categories?post=5993"},{"taxonomy":"post_tag","embeddable":true,"href":"https:\/\/archiviocassano.lavocedelpaese.info\/index.php\/wp-json\/wp\/v2\/tags?post=5993"}],"curies":[{"name":"wp","href":"https:\/\/api.w.org\/{rel}","templated":true}]}}