{"id":5994,"date":"2012-06-26T18:08:18","date_gmt":"2012-06-26T18:08:18","guid":{"rendered":"https:\/\/archiviocassano.lavocedelpaese.info\/index.php\/2012\/06\/26\/imu-stangata-sulla-seconda-casa-la-maggioranza-pdl-approva-il-provvedimento-insorgono-le-minoranze\/"},"modified":"2012-06-26T18:08:18","modified_gmt":"2012-06-26T18:08:18","slug":"imu-stangata-sulla-seconda-casa-la-maggioranza-pdl-approva-il-provvedimento-insorgono-le-minoranze","status":"publish","type":"post","link":"https:\/\/archiviocassano.lavocedelpaese.info\/index.php\/2012\/06\/26\/imu-stangata-sulla-seconda-casa-la-maggioranza-pdl-approva-il-provvedimento-insorgono-le-minoranze\/","title":{"rendered":"IMU, stangata sulla seconda casa. Il PdL dice &#8220;si&#8221;"},"content":{"rendered":"<p><img loading=\"lazy\" decoding=\"async\" class=\" size-full wp-image-5657\" style=\"margin-right: 2px; margin-left: 2px;\" alt=\"sindaco di medio 2012\" src=\"https:\/\/archiviocassano.lavocedelpaese.info\/wp-content\/uploads\/2012\/04\/sindaco_di_medio_2012.jpg\" height=\"150\" width=\"320\" srcset=\"https:\/\/archiviocassano.lavocedelpaese.info\/wp-content\/uploads\/2012\/04\/sindaco_di_medio_2012.jpg 640w, https:\/\/archiviocassano.lavocedelpaese.info\/wp-content\/uploads\/2012\/04\/sindaco_di_medio_2012-300x141.jpg 300w\" sizes=\"auto, (max-width: 320px) 100vw, 320px\" \/><\/p>\n<p><!--more--><\/p>\n<p>&nbsp;<\/p>\n<p style=\"text-align: justify;\">Il Consiglio Comunale, ripreso dopo la pausa pomeridiana, si \u00e8 occupato del quinto punto all\u2019ordine del giorno, <strong>\u201cRegolamento TARSU. Modifica<\/strong>\u201d. L\u2019Assessore al Bilancio ha chiesto di elevare a 10mila euro la fascia di riduzione della tassa sui rifiuti: attualmente la soglia \u00e8 di 7.500 euro.<\/p>\n<p style=\"text-align: justify;\">In Commissione, il PD aveva chiesto di legare la soglie all\u2019Isee ma \u201c<em>ci\u00f2 sarebbe un suicidio per le casse comunali<\/em>\u201d ha spiegato <strong>Antelmi<\/strong> perch\u00e9 il gettito sarebbe di gran lunga inferiore al necessario.<\/p>\n<p style=\"text-align: justify;\">\u201c<em>Non siamo contro l\u2019agevolazione<\/em> \u2013 ha spiegato il capogruppo Pd, <strong>Arganese<\/strong> \u2013 <em>ma contro il criterio con il quale tale agevolazione viene concepita: occorre uno strumento chiaro e oggettivo come l\u2019Isee di cui tanti Comuni in tutta Italia si servono\u201d.<\/em><\/p>\n<p style=\"text-align: justify;\">Simile la posizione di Nuova Ideadomani, con <strong>Santorsola<\/strong> che si \u00e8 detto contrario al provvedimento.<\/p>\n<p style=\"text-align: justify;\"><strong><span style=\"text-decoration: underline;\">Il punto \u00e8 stato approvato a maggioranza con il voto contrario di NID e PD-ViviCassano.<\/span><\/strong><\/p>\n<p style=\"text-align: justify;\">Si \u00e8 dunque passati alla discussione del punto numero sei ovvero il <strong>\u201cRegolamento Imposta Municipale Propria. Adozione \u2013 Approvazione\u201d<\/strong>. Si tratta di un nuovo Regolamento, cos\u00ec come nuova \u00e8 l\u2019IMU voluta dal governo Monti.<\/p>\n<p style=\"text-align: justify;\">Santorsola ha detto che il Regolamento \u00e8 lacunoso, non ritagliato sulla realt\u00e0 cassanese e in alcuni tratti anche \u201cdiscrezionale\u201d, agitando fantasmi del passato \u201cquando una societ\u00e0 privata, in maniera discrezionale, decideva chi, come e quanto dei cittadini cassanesi doveva pagare\u201d; il capogruppo di NID ha poi evidenziato alcuni gravi \u201cstranezze\u201d del Regolamento, al limite del vessatorio: ad esempio, chi ha sulla propria abitazione un\u2019area edificabile deve dichiarare di rinunciare alla edificabilit\u00e0 se non vuole pagare su quell\u2019area l\u2019IMU. Una stranezza \u2013 ha spiegato l\u2019ex assessore \u2013 che costringer\u00e0 tanti cittadini cassanesi a rinunciare al sogno di ampliare la propria abitazione quando e se le risorse glielo permetteranno, con grave ricaduta anche sulla economia locale. Ma questa ipotesi \u00e8 stata rigettata da Antelmi secondo il quale \u00e8 ci\u00f2 che prescrive la legge quanto riportato in Regolamento.<\/p>\n<p style=\"text-align: justify;\">Il vicesindaco Ruggiero, Arganese e poi di nuovo Antelmi hanno evidenziato la necessit\u00e0 di rivedere il Regolamento quando anche a livello nazionale ci sar\u00e0 pi\u00f9 chiarezza sulla materia.<\/p>\n<p style=\"text-align: justify;\">Nel suo intervento, Giuseppe Gentile ha invece posto l\u2019accento sulla necessit\u00e0 di approfondire il \u201cvalore venale\u201d delle abitazioni sui cui \u201cci sarebbe da scrivere un libro\u201d e che invece nel Regolamento proposto a malapena viene sfiorato e in generale l\u2019atto non sembra adatto alla nostra realt\u00e0. Concludendo, l\u2019ex sindaco ha detto che questo Regolamento \u201cespone il cittadino al massimo della confusione e al massimo della discrezionalit\u00e0 da parte della pubblica amministrazione\u201d.<\/p>\n<p style=\"text-align: justify;\">Che la materia sia ancora poco chiara, lo dimostrano i numerosi interventi che diversi consiglieri hanno fatto in aula, con esempi, rimandi di legge e richiami alla giurisprudenza che cozzavano l\u2019uno con l\u2019altro dando ragione e torto a tutti e a ciascuno.<\/p>\n<p style=\"text-align: justify;\">L\u2019argomento, dopo quasi due ore di dibattito, \u00e8 stato approvato con i voti della maggioranza PdL e quelli contrari delle opposizioni.<\/p>\n<p style=\"text-align: justify;\">L\u2019Assemblea consiliare \u00e8 dunque passata a discutere del settimo punto: \u201cApprovazione delle aliquote e della detrazione IMU per l\u2019anno 2012\u201d. L\u2019Assessore Antelmi ha spiegato che la Giunta e la maggioranza targata Di Medio sono stati \u201ccostretti, a causa dei tagli del governo, ad aumentare l\u2019IMU sulla seconda casa che passa dall\u2019attuale 7,60% al 9,35% e si tratta dell\u2019aumento pi\u00f9 considerevole visto che dovrebbe far introitare quasi 800mila euro al Comune; leggera diminuzione, invece, per l\u2019IMU prima casa che passa dal 4% al 3,8%\u201d.<\/p>\n<p style=\"text-align: justify;\">Un conto salato per i cittadini, ha detto Antelmi ma la difficolt\u00e0 dei Comuni, in tutta Italia, sono enormi perch\u00e9 le stime del Governo sono sballate e dunque dall\u2019IMU arriveranno meno soldi di quelli previsti, con tutte le conseguenze del caso.<\/p>\n<p style=\"text-align: justify;\">Arganese ha detto che \u00e8 iniquo tassare la prima casa e le soluzioni per tassare al minimo previsto dalla legge sono state presentate in Commissione e anche alla stampa (leggi l\u2019articolo) dalle minoranze ma Antelmi ha bollato come \u201cavventurose\u201d tali idee: \u201cil Consiglio Comunale abbia il coraggio di offrire un aiuto alle famiglie in difficolt\u00e0, abbia il coraggio di attuare la nostra proposta\u201d ha concluso il capogruppo del Pd presentando un emendamento che ricalcava la proposta.<\/p>\n<p style=\"text-align: justify;\">Da parte sua, Santorsola ha detto di aver fortemente avversato in Commissione il provvedimento con il quale la maggioranza mette le mani nelle tasche dei cittadini \u201ceppure se vi fosse stata la vera e seria volont\u00e0 di ascoltare proposte alternative, si sarebbe potuto evitare\u201d ha spiegato il capogruppo di NID.<\/p>\n<p style=\"text-align: justify;\">\u201cE\u2019 fuorviante \u2013 ha detto Santorsola \u2013 dire che lo Stato taglia 1 milione di euro perch\u00e9 con la parte dell\u2019Imu che resta nelle casse del Comune, quel milione si riduce a poco pi\u00f9 di 400mila euro. La verit\u00e0 \u00e8 che ci vuole la volont\u00e0 politica per evitare di mettere le mani nella tasche dei cittadini\u201d.<\/p>\n<p style=\"text-align: justify;\">Prima Gentile e poi Santorsola hanno poi spiegato che \u201cla mazzata\u201d sulla seconda casa metter\u00e0 in moto un perverso meccanismo per cui si avr\u00e0 il risultato che molti piccoli proprietari di seconde case (certo non di imperi immobiliari) svenderanno gli immobili e se ne approfitter\u00e0 chi in questi anni ha accumulato soldi ed ora ha il momento buono per spenderli e acquistare a man bassa terreni e case. \u201cPosso capire che per sua forma mentis \u2013 ha detto Gentile \u2013 una tale decisione possa venire da Nichi Vendola che ha una sua idea sulla ricchezza e sulla propriet\u00e0, ma non posso accettare che una simile proposta venga da voi del PdL\u201d.<\/p>\n<p style=\"text-align: justify;\">Dopo una lunga discussione, il Pd ha poi ritirato l\u2019emendamento che a parere dei tecnici e della maggioranza consiliare nonch\u00e9 del consigliere Giuseppe Gentile era impresentabile a norma del Regolamento che disciplina il Consiglio Comunale.<\/p>\n<p style=\"text-align: justify;\">Rammarico da parte del capogruppo Arganese: \u201cnon \u00e8 possibile che una delibera cos\u00ec importante per la vita della comunit\u00e0 sia presentata cos\u00ec tardi e negli ultimi giorni, tanto che \u00e8 stato poi impossibile modificarla. C\u2019\u00e8 una chiusura totale da parte di questa maggioranza, una voglia di tassare i cittadini su cui poi saranno gli stessi a decidere\u2026.\u201d.<\/p>\n<p style=\"text-align: justify;\">In chiusura, l\u2019assessore Antelmi si \u00e8 impegnato a rivedere, a settembre, con dati certi sul gettito, tutta la vicenda per eventuali modulazioni.<\/p>\n<p style=\"text-align: justify;\">Il provvedimento <strong>\u00e8 stato approvato ancora una volta a maggioranza<\/strong> e con il voto contrario delle minoranze.<\/p>\n<p><br style=\"font-family: 'Arial','sans-serif';\" \/>&nbsp;<\/p>\n","protected":false},"excerpt":{"rendered":"","protected":false},"author":1,"featured_media":5657,"comment_status":"open","ping_status":"closed","sticky":false,"template":"","format":"standard","meta":{"colormag_page_container_layout":"default_layout","colormag_page_sidebar_layout":"default_layout","footnotes":""},"categories":[4],"tags":[],"class_list":["post-5994","post","type-post","status-publish","format-standard","has-post-thumbnail","hentry","category-politica"],"yoast_head":"<!-- This site is optimized with the Yoast SEO plugin v27.5 - https:\/\/yoast.com\/product\/yoast-seo-wordpress\/ -->\n<title>IMU, stangata sulla seconda casa. Il PdL dice &quot;si&quot; - Archivio CassanoWeb<\/title>\n<meta name=\"robots\" content=\"index, follow, max-snippet:-1, max-image-preview:large, max-video-preview:-1\" \/>\n<link rel=\"canonical\" href=\"https:\/\/archiviocassano.lavocedelpaese.info\/index.php\/2012\/06\/26\/imu-stangata-sulla-seconda-casa-la-maggioranza-pdl-approva-il-provvedimento-insorgono-le-minoranze\/\" \/>\n<meta property=\"og:locale\" content=\"it_IT\" \/>\n<meta property=\"og:type\" content=\"article\" \/>\n<meta property=\"og:title\" content=\"IMU, stangata sulla seconda casa. Il PdL dice &quot;si&quot; - Archivio CassanoWeb\" \/>\n<meta property=\"og:url\" content=\"https:\/\/archiviocassano.lavocedelpaese.info\/index.php\/2012\/06\/26\/imu-stangata-sulla-seconda-casa-la-maggioranza-pdl-approva-il-provvedimento-insorgono-le-minoranze\/\" \/>\n<meta property=\"og:site_name\" content=\"Archivio CassanoWeb\" \/>\n<meta property=\"article:publisher\" content=\"https:\/\/www.facebook.com\/redazione.cassanoweb\" \/>\n<meta property=\"article:published_time\" content=\"2012-06-26T18:08:18+00:00\" \/>\n<meta property=\"og:image\" content=\"https:\/\/archiviocassano.lavocedelpaese.info\/wp-content\/uploads\/2012\/04\/sindaco_di_medio_2012.jpg\" \/>\n\t<meta property=\"og:image:width\" content=\"640\" \/>\n\t<meta property=\"og:image:height\" content=\"300\" \/>\n\t<meta property=\"og:image:type\" content=\"image\/jpeg\" \/>\n<meta name=\"author\" content=\"admin\" \/>\n<meta name=\"twitter:card\" content=\"summary_large_image\" \/>\n<meta name=\"twitter:label1\" content=\"Scritto da\" \/>\n\t<meta name=\"twitter:data1\" content=\"admin\" \/>\n\t<meta name=\"twitter:label2\" content=\"Tempo di lettura stimato\" \/>\n\t<meta name=\"twitter:data2\" content=\"5 minuti\" \/>\n<script type=\"application\/ld+json\" class=\"yoast-schema-graph\">{\"@context\":\"https:\\\/\\\/schema.org\",\"@graph\":[{\"@type\":\"Article\",\"@id\":\"https:\\\/\\\/archiviocassano.lavocedelpaese.info\\\/index.php\\\/2012\\\/06\\\/26\\\/imu-stangata-sulla-seconda-casa-la-maggioranza-pdl-approva-il-provvedimento-insorgono-le-minoranze\\\/#article\",\"isPartOf\":{\"@id\":\"https:\\\/\\\/archiviocassano.lavocedelpaese.info\\\/index.php\\\/2012\\\/06\\\/26\\\/imu-stangata-sulla-seconda-casa-la-maggioranza-pdl-approva-il-provvedimento-insorgono-le-minoranze\\\/\"},\"author\":{\"name\":\"admin\",\"@id\":\"https:\\\/\\\/archiviocassano.lavocedelpaese.info\\\/#\\\/schema\\\/person\\\/df195bc79a9b4c35127cf005f92e041b\"},\"headline\":\"IMU, stangata sulla seconda casa. Il PdL dice &#8220;si&#8221;\",\"datePublished\":\"2012-06-26T18:08:18+00:00\",\"mainEntityOfPage\":{\"@id\":\"https:\\\/\\\/archiviocassano.lavocedelpaese.info\\\/index.php\\\/2012\\\/06\\\/26\\\/imu-stangata-sulla-seconda-casa-la-maggioranza-pdl-approva-il-provvedimento-insorgono-le-minoranze\\\/\"},\"wordCount\":1033,\"commentCount\":0,\"publisher\":{\"@id\":\"https:\\\/\\\/archiviocassano.lavocedelpaese.info\\\/#organization\"},\"image\":{\"@id\":\"https:\\\/\\\/archiviocassano.lavocedelpaese.info\\\/index.php\\\/2012\\\/06\\\/26\\\/imu-stangata-sulla-seconda-casa-la-maggioranza-pdl-approva-il-provvedimento-insorgono-le-minoranze\\\/#primaryimage\"},\"thumbnailUrl\":\"https:\\\/\\\/archiviocassano.lavocedelpaese.info\\\/wp-content\\\/uploads\\\/2012\\\/04\\\/sindaco_di_medio_2012.jpg\",\"articleSection\":[\"Politica\"],\"inLanguage\":\"it-IT\",\"potentialAction\":[{\"@type\":\"CommentAction\",\"name\":\"Comment\",\"target\":[\"https:\\\/\\\/archiviocassano.lavocedelpaese.info\\\/index.php\\\/2012\\\/06\\\/26\\\/imu-stangata-sulla-seconda-casa-la-maggioranza-pdl-approva-il-provvedimento-insorgono-le-minoranze\\\/#respond\"]}]},{\"@type\":\"WebPage\",\"@id\":\"https:\\\/\\\/archiviocassano.lavocedelpaese.info\\\/index.php\\\/2012\\\/06\\\/26\\\/imu-stangata-sulla-seconda-casa-la-maggioranza-pdl-approva-il-provvedimento-insorgono-le-minoranze\\\/\",\"url\":\"https:\\\/\\\/archiviocassano.lavocedelpaese.info\\\/index.php\\\/2012\\\/06\\\/26\\\/imu-stangata-sulla-seconda-casa-la-maggioranza-pdl-approva-il-provvedimento-insorgono-le-minoranze\\\/\",\"name\":\"IMU, stangata sulla seconda casa. Il PdL dice \\\"si\\\" - Archivio CassanoWeb\",\"isPartOf\":{\"@id\":\"https:\\\/\\\/archiviocassano.lavocedelpaese.info\\\/#website\"},\"primaryImageOfPage\":{\"@id\":\"https:\\\/\\\/archiviocassano.lavocedelpaese.info\\\/index.php\\\/2012\\\/06\\\/26\\\/imu-stangata-sulla-seconda-casa-la-maggioranza-pdl-approva-il-provvedimento-insorgono-le-minoranze\\\/#primaryimage\"},\"image\":{\"@id\":\"https:\\\/\\\/archiviocassano.lavocedelpaese.info\\\/index.php\\\/2012\\\/06\\\/26\\\/imu-stangata-sulla-seconda-casa-la-maggioranza-pdl-approva-il-provvedimento-insorgono-le-minoranze\\\/#primaryimage\"},\"thumbnailUrl\":\"https:\\\/\\\/archiviocassano.lavocedelpaese.info\\\/wp-content\\\/uploads\\\/2012\\\/04\\\/sindaco_di_medio_2012.jpg\",\"datePublished\":\"2012-06-26T18:08:18+00:00\",\"breadcrumb\":{\"@id\":\"https:\\\/\\\/archiviocassano.lavocedelpaese.info\\\/index.php\\\/2012\\\/06\\\/26\\\/imu-stangata-sulla-seconda-casa-la-maggioranza-pdl-approva-il-provvedimento-insorgono-le-minoranze\\\/#breadcrumb\"},\"inLanguage\":\"it-IT\",\"potentialAction\":[{\"@type\":\"ReadAction\",\"target\":[\"https:\\\/\\\/archiviocassano.lavocedelpaese.info\\\/index.php\\\/2012\\\/06\\\/26\\\/imu-stangata-sulla-seconda-casa-la-maggioranza-pdl-approva-il-provvedimento-insorgono-le-minoranze\\\/\"]}]},{\"@type\":\"ImageObject\",\"inLanguage\":\"it-IT\",\"@id\":\"https:\\\/\\\/archiviocassano.lavocedelpaese.info\\\/index.php\\\/2012\\\/06\\\/26\\\/imu-stangata-sulla-seconda-casa-la-maggioranza-pdl-approva-il-provvedimento-insorgono-le-minoranze\\\/#primaryimage\",\"url\":\"https:\\\/\\\/archiviocassano.lavocedelpaese.info\\\/wp-content\\\/uploads\\\/2012\\\/04\\\/sindaco_di_medio_2012.jpg\",\"contentUrl\":\"https:\\\/\\\/archiviocassano.lavocedelpaese.info\\\/wp-content\\\/uploads\\\/2012\\\/04\\\/sindaco_di_medio_2012.jpg\",\"width\":640,\"height\":300,\"caption\":\"sindaco di medio 2012\"},{\"@type\":\"BreadcrumbList\",\"@id\":\"https:\\\/\\\/archiviocassano.lavocedelpaese.info\\\/index.php\\\/2012\\\/06\\\/26\\\/imu-stangata-sulla-seconda-casa-la-maggioranza-pdl-approva-il-provvedimento-insorgono-le-minoranze\\\/#breadcrumb\",\"itemListElement\":[{\"@type\":\"ListItem\",\"position\":1,\"name\":\"Home\",\"item\":\"https:\\\/\\\/archiviocassano.lavocedelpaese.info\\\/\"},{\"@type\":\"ListItem\",\"position\":2,\"name\":\"IMU, stangata sulla seconda casa. Il PdL dice &#8220;si&#8221;\"}]},{\"@type\":\"WebSite\",\"@id\":\"https:\\\/\\\/archiviocassano.lavocedelpaese.info\\\/#website\",\"url\":\"https:\\\/\\\/archiviocassano.lavocedelpaese.info\\\/\",\"name\":\"Archivio CassanoWeb\",\"description\":\"La Voce del Paese - un network di idee\",\"publisher\":{\"@id\":\"https:\\\/\\\/archiviocassano.lavocedelpaese.info\\\/#organization\"},\"potentialAction\":[{\"@type\":\"SearchAction\",\"target\":{\"@type\":\"EntryPoint\",\"urlTemplate\":\"https:\\\/\\\/archiviocassano.lavocedelpaese.info\\\/?s={search_term_string}\"},\"query-input\":{\"@type\":\"PropertyValueSpecification\",\"valueRequired\":true,\"valueName\":\"search_term_string\"}}],\"inLanguage\":\"it-IT\"},{\"@type\":\"Organization\",\"@id\":\"https:\\\/\\\/archiviocassano.lavocedelpaese.info\\\/#organization\",\"name\":\"Archivio CassanoWeb\",\"url\":\"https:\\\/\\\/archiviocassano.lavocedelpaese.info\\\/\",\"logo\":{\"@type\":\"ImageObject\",\"inLanguage\":\"it-IT\",\"@id\":\"https:\\\/\\\/archiviocassano.lavocedelpaese.info\\\/#\\\/schema\\\/logo\\\/image\\\/\",\"url\":\"https:\\\/\\\/archiviocassano.lavocedelpaese.info\\\/wp-content\\\/uploads\\\/2024\\\/08\\\/logo-rosso-2.png\",\"contentUrl\":\"https:\\\/\\\/archiviocassano.lavocedelpaese.info\\\/wp-content\\\/uploads\\\/2024\\\/08\\\/logo-rosso-2.png\",\"width\":491,\"height\":432,\"caption\":\"Archivio CassanoWeb\"},\"image\":{\"@id\":\"https:\\\/\\\/archiviocassano.lavocedelpaese.info\\\/#\\\/schema\\\/logo\\\/image\\\/\"},\"sameAs\":[\"https:\\\/\\\/www.facebook.com\\\/redazione.cassanoweb\"]},{\"@type\":\"Person\",\"@id\":\"https:\\\/\\\/archiviocassano.lavocedelpaese.info\\\/#\\\/schema\\\/person\\\/df195bc79a9b4c35127cf005f92e041b\",\"name\":\"admin\",\"image\":{\"@type\":\"ImageObject\",\"inLanguage\":\"it-IT\",\"@id\":\"https:\\\/\\\/secure.gravatar.com\\\/avatar\\\/eabba89a432e8eaa1b0207cc55f7e5340b22712b1ed80677efcf63e02ff5b235?s=96&d=mm&r=g\",\"url\":\"https:\\\/\\\/secure.gravatar.com\\\/avatar\\\/eabba89a432e8eaa1b0207cc55f7e5340b22712b1ed80677efcf63e02ff5b235?s=96&d=mm&r=g\",\"contentUrl\":\"https:\\\/\\\/secure.gravatar.com\\\/avatar\\\/eabba89a432e8eaa1b0207cc55f7e5340b22712b1ed80677efcf63e02ff5b235?s=96&d=mm&r=g\",\"caption\":\"admin\"},\"sameAs\":[\"https:\\\/\\\/archiviocassano.lavocedelpaese.info\"],\"url\":\"https:\\\/\\\/archiviocassano.lavocedelpaese.info\\\/index.php\\\/author\\\/admin_0qgz1xdp\\\/\"}]}<\/script>\n<!-- \/ Yoast SEO plugin. -->","yoast_head_json":{"title":"IMU, stangata sulla seconda casa. Il PdL dice \"si\" - Archivio CassanoWeb","robots":{"index":"index","follow":"follow","max-snippet":"max-snippet:-1","max-image-preview":"max-image-preview:large","max-video-preview":"max-video-preview:-1"},"canonical":"https:\/\/archiviocassano.lavocedelpaese.info\/index.php\/2012\/06\/26\/imu-stangata-sulla-seconda-casa-la-maggioranza-pdl-approva-il-provvedimento-insorgono-le-minoranze\/","og_locale":"it_IT","og_type":"article","og_title":"IMU, stangata sulla seconda casa. Il PdL dice \"si\" - Archivio CassanoWeb","og_url":"https:\/\/archiviocassano.lavocedelpaese.info\/index.php\/2012\/06\/26\/imu-stangata-sulla-seconda-casa-la-maggioranza-pdl-approva-il-provvedimento-insorgono-le-minoranze\/","og_site_name":"Archivio CassanoWeb","article_publisher":"https:\/\/www.facebook.com\/redazione.cassanoweb","article_published_time":"2012-06-26T18:08:18+00:00","og_image":[{"width":640,"height":300,"url":"https:\/\/archiviocassano.lavocedelpaese.info\/wp-content\/uploads\/2012\/04\/sindaco_di_medio_2012.jpg","type":"image\/jpeg"}],"author":"admin","twitter_card":"summary_large_image","twitter_misc":{"Scritto da":"admin","Tempo di lettura stimato":"5 minuti"},"schema":{"@context":"https:\/\/schema.org","@graph":[{"@type":"Article","@id":"https:\/\/archiviocassano.lavocedelpaese.info\/index.php\/2012\/06\/26\/imu-stangata-sulla-seconda-casa-la-maggioranza-pdl-approva-il-provvedimento-insorgono-le-minoranze\/#article","isPartOf":{"@id":"https:\/\/archiviocassano.lavocedelpaese.info\/index.php\/2012\/06\/26\/imu-stangata-sulla-seconda-casa-la-maggioranza-pdl-approva-il-provvedimento-insorgono-le-minoranze\/"},"author":{"name":"admin","@id":"https:\/\/archiviocassano.lavocedelpaese.info\/#\/schema\/person\/df195bc79a9b4c35127cf005f92e041b"},"headline":"IMU, stangata sulla seconda casa. Il PdL dice &#8220;si&#8221;","datePublished":"2012-06-26T18:08:18+00:00","mainEntityOfPage":{"@id":"https:\/\/archiviocassano.lavocedelpaese.info\/index.php\/2012\/06\/26\/imu-stangata-sulla-seconda-casa-la-maggioranza-pdl-approva-il-provvedimento-insorgono-le-minoranze\/"},"wordCount":1033,"commentCount":0,"publisher":{"@id":"https:\/\/archiviocassano.lavocedelpaese.info\/#organization"},"image":{"@id":"https:\/\/archiviocassano.lavocedelpaese.info\/index.php\/2012\/06\/26\/imu-stangata-sulla-seconda-casa-la-maggioranza-pdl-approva-il-provvedimento-insorgono-le-minoranze\/#primaryimage"},"thumbnailUrl":"https:\/\/archiviocassano.lavocedelpaese.info\/wp-content\/uploads\/2012\/04\/sindaco_di_medio_2012.jpg","articleSection":["Politica"],"inLanguage":"it-IT","potentialAction":[{"@type":"CommentAction","name":"Comment","target":["https:\/\/archiviocassano.lavocedelpaese.info\/index.php\/2012\/06\/26\/imu-stangata-sulla-seconda-casa-la-maggioranza-pdl-approva-il-provvedimento-insorgono-le-minoranze\/#respond"]}]},{"@type":"WebPage","@id":"https:\/\/archiviocassano.lavocedelpaese.info\/index.php\/2012\/06\/26\/imu-stangata-sulla-seconda-casa-la-maggioranza-pdl-approva-il-provvedimento-insorgono-le-minoranze\/","url":"https:\/\/archiviocassano.lavocedelpaese.info\/index.php\/2012\/06\/26\/imu-stangata-sulla-seconda-casa-la-maggioranza-pdl-approva-il-provvedimento-insorgono-le-minoranze\/","name":"IMU, stangata sulla seconda casa. Il PdL dice \"si\" - Archivio CassanoWeb","isPartOf":{"@id":"https:\/\/archiviocassano.lavocedelpaese.info\/#website"},"primaryImageOfPage":{"@id":"https:\/\/archiviocassano.lavocedelpaese.info\/index.php\/2012\/06\/26\/imu-stangata-sulla-seconda-casa-la-maggioranza-pdl-approva-il-provvedimento-insorgono-le-minoranze\/#primaryimage"},"image":{"@id":"https:\/\/archiviocassano.lavocedelpaese.info\/index.php\/2012\/06\/26\/imu-stangata-sulla-seconda-casa-la-maggioranza-pdl-approva-il-provvedimento-insorgono-le-minoranze\/#primaryimage"},"thumbnailUrl":"https:\/\/archiviocassano.lavocedelpaese.info\/wp-content\/uploads\/2012\/04\/sindaco_di_medio_2012.jpg","datePublished":"2012-06-26T18:08:18+00:00","breadcrumb":{"@id":"https:\/\/archiviocassano.lavocedelpaese.info\/index.php\/2012\/06\/26\/imu-stangata-sulla-seconda-casa-la-maggioranza-pdl-approva-il-provvedimento-insorgono-le-minoranze\/#breadcrumb"},"inLanguage":"it-IT","potentialAction":[{"@type":"ReadAction","target":["https:\/\/archiviocassano.lavocedelpaese.info\/index.php\/2012\/06\/26\/imu-stangata-sulla-seconda-casa-la-maggioranza-pdl-approva-il-provvedimento-insorgono-le-minoranze\/"]}]},{"@type":"ImageObject","inLanguage":"it-IT","@id":"https:\/\/archiviocassano.lavocedelpaese.info\/index.php\/2012\/06\/26\/imu-stangata-sulla-seconda-casa-la-maggioranza-pdl-approva-il-provvedimento-insorgono-le-minoranze\/#primaryimage","url":"https:\/\/archiviocassano.lavocedelpaese.info\/wp-content\/uploads\/2012\/04\/sindaco_di_medio_2012.jpg","contentUrl":"https:\/\/archiviocassano.lavocedelpaese.info\/wp-content\/uploads\/2012\/04\/sindaco_di_medio_2012.jpg","width":640,"height":300,"caption":"sindaco di medio 2012"},{"@type":"BreadcrumbList","@id":"https:\/\/archiviocassano.lavocedelpaese.info\/index.php\/2012\/06\/26\/imu-stangata-sulla-seconda-casa-la-maggioranza-pdl-approva-il-provvedimento-insorgono-le-minoranze\/#breadcrumb","itemListElement":[{"@type":"ListItem","position":1,"name":"Home","item":"https:\/\/archiviocassano.lavocedelpaese.info\/"},{"@type":"ListItem","position":2,"name":"IMU, stangata sulla seconda casa. Il PdL dice &#8220;si&#8221;"}]},{"@type":"WebSite","@id":"https:\/\/archiviocassano.lavocedelpaese.info\/#website","url":"https:\/\/archiviocassano.lavocedelpaese.info\/","name":"Archivio CassanoWeb","description":"La Voce del Paese - un network di idee","publisher":{"@id":"https:\/\/archiviocassano.lavocedelpaese.info\/#organization"},"potentialAction":[{"@type":"SearchAction","target":{"@type":"EntryPoint","urlTemplate":"https:\/\/archiviocassano.lavocedelpaese.info\/?s={search_term_string}"},"query-input":{"@type":"PropertyValueSpecification","valueRequired":true,"valueName":"search_term_string"}}],"inLanguage":"it-IT"},{"@type":"Organization","@id":"https:\/\/archiviocassano.lavocedelpaese.info\/#organization","name":"Archivio CassanoWeb","url":"https:\/\/archiviocassano.lavocedelpaese.info\/","logo":{"@type":"ImageObject","inLanguage":"it-IT","@id":"https:\/\/archiviocassano.lavocedelpaese.info\/#\/schema\/logo\/image\/","url":"https:\/\/archiviocassano.lavocedelpaese.info\/wp-content\/uploads\/2024\/08\/logo-rosso-2.png","contentUrl":"https:\/\/archiviocassano.lavocedelpaese.info\/wp-content\/uploads\/2024\/08\/logo-rosso-2.png","width":491,"height":432,"caption":"Archivio CassanoWeb"},"image":{"@id":"https:\/\/archiviocassano.lavocedelpaese.info\/#\/schema\/logo\/image\/"},"sameAs":["https:\/\/www.facebook.com\/redazione.cassanoweb"]},{"@type":"Person","@id":"https:\/\/archiviocassano.lavocedelpaese.info\/#\/schema\/person\/df195bc79a9b4c35127cf005f92e041b","name":"admin","image":{"@type":"ImageObject","inLanguage":"it-IT","@id":"https:\/\/secure.gravatar.com\/avatar\/eabba89a432e8eaa1b0207cc55f7e5340b22712b1ed80677efcf63e02ff5b235?s=96&d=mm&r=g","url":"https:\/\/secure.gravatar.com\/avatar\/eabba89a432e8eaa1b0207cc55f7e5340b22712b1ed80677efcf63e02ff5b235?s=96&d=mm&r=g","contentUrl":"https:\/\/secure.gravatar.com\/avatar\/eabba89a432e8eaa1b0207cc55f7e5340b22712b1ed80677efcf63e02ff5b235?s=96&d=mm&r=g","caption":"admin"},"sameAs":["https:\/\/archiviocassano.lavocedelpaese.info"],"url":"https:\/\/archiviocassano.lavocedelpaese.info\/index.php\/author\/admin_0qgz1xdp\/"}]}},"_links":{"self":[{"href":"https:\/\/archiviocassano.lavocedelpaese.info\/index.php\/wp-json\/wp\/v2\/posts\/5994","targetHints":{"allow":["GET"]}}],"collection":[{"href":"https:\/\/archiviocassano.lavocedelpaese.info\/index.php\/wp-json\/wp\/v2\/posts"}],"about":[{"href":"https:\/\/archiviocassano.lavocedelpaese.info\/index.php\/wp-json\/wp\/v2\/types\/post"}],"author":[{"embeddable":true,"href":"https:\/\/archiviocassano.lavocedelpaese.info\/index.php\/wp-json\/wp\/v2\/users\/1"}],"replies":[{"embeddable":true,"href":"https:\/\/archiviocassano.lavocedelpaese.info\/index.php\/wp-json\/wp\/v2\/comments?post=5994"}],"version-history":[{"count":0,"href":"https:\/\/archiviocassano.lavocedelpaese.info\/index.php\/wp-json\/wp\/v2\/posts\/5994\/revisions"}],"wp:featuredmedia":[{"embeddable":true,"href":"https:\/\/archiviocassano.lavocedelpaese.info\/index.php\/wp-json\/wp\/v2\/media\/5657"}],"wp:attachment":[{"href":"https:\/\/archiviocassano.lavocedelpaese.info\/index.php\/wp-json\/wp\/v2\/media?parent=5994"}],"wp:term":[{"taxonomy":"category","embeddable":true,"href":"https:\/\/archiviocassano.lavocedelpaese.info\/index.php\/wp-json\/wp\/v2\/categories?post=5994"},{"taxonomy":"post_tag","embeddable":true,"href":"https:\/\/archiviocassano.lavocedelpaese.info\/index.php\/wp-json\/wp\/v2\/tags?post=5994"}],"curies":[{"name":"wp","href":"https:\/\/api.w.org\/{rel}","templated":true}]}}