{"id":5996,"date":"2012-06-27T09:27:36","date_gmt":"2012-06-27T09:27:36","guid":{"rendered":"https:\/\/archiviocassano.lavocedelpaese.info\/index.php\/2012\/06\/27\/antelmi-sul-bilancio-qaumentano-i-cittadini-esentati-dalle-tasseq\/"},"modified":"2012-06-27T09:27:36","modified_gmt":"2012-06-27T09:27:36","slug":"antelmi-sul-bilancio-qaumentano-i-cittadini-esentati-dalle-tasseq","status":"publish","type":"post","link":"https:\/\/archiviocassano.lavocedelpaese.info\/index.php\/2012\/06\/27\/antelmi-sul-bilancio-qaumentano-i-cittadini-esentati-dalle-tasseq\/","title":{"rendered":"Antelmi sul Bilancio: &#8220;aumentano i cittadini esentati dalle tasse&#8221;"},"content":{"rendered":"<p><img loading=\"lazy\" decoding=\"async\" style=\"margin-right: 2px; margin-left: 2px;\" alt=\"sindaco e Antelmi\" src=\"images\/stories\/archiviofoto\/sindaco_e_Antelmi.jpg\" height=\"150\" width=\"320\" \/><\/p>\n<p><!--more--><\/p>\n<p>&nbsp;<\/p>\n<p style=\"text-align: justify;\">\u00abParlare di \u201cstangata sulla seconda casa\u201d, di \u201cmani nelle tasche dei cittadini\u201d, di \u201cvoglia di tassare i cittadini\u201d \u00e8 un\u2019operazione demagogica e fuorviante verso i cittadini da parte di chi ovviamente ha il compito di fare opposizione politica alla maggioranza Di Medio\u00bb.<br \/>E\u2019 il commento dell\u2019assessore alle Finanze Franco Antelmi &#8211; affidato ad una nota dell&#8217;Ufficio Stampa del Comune &#8211;&nbsp; all\u2019indomani dell\u2019approvazione del Bilancio di previsione in Consiglio comunale.<br \/>\u00abLa fretta nel dare giudizi sulla nostra manovra \u2013 prosegue Antelmi \u2013 mette in secondo piano, da parte di molti, l\u2019operazione che abbiamo compiuto per mantenere il pareggio di bilancio mettendo i cittadini meno abbienti al riparo anche da leggeri incrementi di imposte. Sia chiaro una volta per tutte: in Consiglio comunale abbiamo aumentato il numero dei cittadini che avranno la possibilit\u00e0 di vedersi ridotta al 50% la tassa sui rifiuti in base al proprio reddito. Se prima questa soglia era di 7.500 euro, adesso \u00e8 passata a 10.000 euro. Questo provvedimento \u00e8 stato approvato con il solo voto della maggioranza\u00bb.<br \/>\u00abNon \u00e8 finita qui\u00bb, spiega ancora l\u2019assessore: \u00abla nostra maggioranza ha esentato dal pagamento dell\u2019addizionale comunale Irpef ben 2.200 cassanesi tra pensionati e lavoratori dipendenti che si vedranno restituire dai 40 ai 75 euro. E\u2019o non \u00e8 un provvedimento a favore dei pi\u00f9 deboli?\u00bb.<br \/>Capitolo Imu. La giunta di Medio, al fine di reperire risorse per colmare il taglio di 1 milione 300 mila euro da parte dello Stato (relativo ai trasferimenti agli enti locali) ha operato un aumento dell\u2019aliquota IMU sulle abitazioni non residenziali rispetto alla vecchia Ici. In questo caso l\u2019aliquota sulla seconda casa \u00e8 9,35 per mille.<br \/>\u00abAbbiamo chiesto un sacrificio ha chi ha di pi\u00f9 \u2013 precisa Antelmi \u2013 giacch\u00e9 sulla carta chi pu\u00f2 permettersi una seconda abitazione di certo ha una situazione reddituale migliore rispetto a chi detiene un solo immobile. Abbiamo evidentemente colpito i patrimoni pi\u00f9 grossi, tant\u2019\u00e8 che anche il consigliere Giuseppe Gentile ha riconosciuto che una maggioranza Pdl ha varato un provvedimento che si avvicina alla forma mentis Vendoliana (sic)\u00bb.<br \/>\u00abIn sintesi \u2013 dichiara ancora l\u2019assessore al Bilancio \u2013 abbiamo presentato una manovra che ci assicurer\u00e0 la continuit\u00e0 dei servizi del Comune, a fronte di tagli pesantissimi da parte del Governo. Abbiamo agito come tutti i Comuni italiani tant\u2019\u00e8 che chi si appresta ad approvare i bilanci sta agendo pesantemente sulla leva fiscale, in maniera molto pi\u00f9 decisa di noi. Basta leggere i giornali o guardare le tv per comprendere lo stato e la gravit\u00e0 della situazione. Evidentemente qualcuno non lo ha ancora compreso, limitandosi a fare proposte che in aula si sono rivelate solo demagogiche e prive di fondamento\u00bb.<br \/>\u00abNon avevamo altra scelta, se non ritoccare alcune aliquote l\u00ec dove era possibile, e chiesto uno sforzo a quei redditi che oggi possono contribuire alle casse comunali senza grandi fatiche. E vi dir\u00f2 di pi\u00f9: la sobriet\u00e0 dei conti, unita alla parsimonia ed alle riduzioni di spesa operate da noi nei precedenti esercizi finanziari, hanno consentito di fare una manovra meno pesante rispetto ad altre realt\u00e0\u00bb.<br \/>\u00abI sacrifici vanno fatti da tutti ma in proporzione alla capacit\u00e0 contributiva. Abbiamo fatto sacrifici noi assessori, riducendoci l\u2019indennit\u00e0 del 10%; il Sindaco ha rinunciato all\u2019ufficio staff per il secondo anno consecutivo dopo avere rinunciato anche in passato ad una parte della sua indennit\u00e0; le spese per la politica si sono ridotte in soli 3 anni di oltre 50.000 euro; hanno fatto sacrifici alcune voci di spesa del Comune, ma siamo soddisfatti di aver potuto garantire per il futuro alla nostra collettivit\u00e0 servizi essenziali come la mensa scolastica e le azioni a favore dei pi\u00f9 deboli\u00bb.<\/p>\n<p>&nbsp;<\/p>\n","protected":false},"excerpt":{"rendered":"","protected":false},"author":1,"featured_media":0,"comment_status":"open","ping_status":"closed","sticky":false,"template":"","format":"standard","meta":{"colormag_page_container_layout":"default_layout","colormag_page_sidebar_layout":"default_layout","footnotes":""},"categories":[4],"tags":[],"class_list":["post-5996","post","type-post","status-publish","format-standard","hentry","category-politica"],"yoast_head":"<!-- This site is optimized with the Yoast SEO plugin v27.5 - https:\/\/yoast.com\/product\/yoast-seo-wordpress\/ -->\n<title>Antelmi sul Bilancio: &quot;aumentano i cittadini esentati dalle tasse&quot; - Archivio CassanoWeb<\/title>\n<meta name=\"robots\" content=\"index, follow, max-snippet:-1, max-image-preview:large, max-video-preview:-1\" \/>\n<link rel=\"canonical\" href=\"https:\/\/archiviocassano.lavocedelpaese.info\/index.php\/2012\/06\/27\/antelmi-sul-bilancio-qaumentano-i-cittadini-esentati-dalle-tasseq\/\" \/>\n<meta property=\"og:locale\" content=\"it_IT\" \/>\n<meta property=\"og:type\" content=\"article\" \/>\n<meta property=\"og:title\" content=\"Antelmi sul Bilancio: &quot;aumentano i cittadini esentati dalle tasse&quot; - Archivio CassanoWeb\" \/>\n<meta property=\"og:url\" content=\"https:\/\/archiviocassano.lavocedelpaese.info\/index.php\/2012\/06\/27\/antelmi-sul-bilancio-qaumentano-i-cittadini-esentati-dalle-tasseq\/\" \/>\n<meta property=\"og:site_name\" content=\"Archivio CassanoWeb\" \/>\n<meta property=\"article:publisher\" content=\"https:\/\/www.facebook.com\/redazione.cassanoweb\" \/>\n<meta property=\"article:published_time\" content=\"2012-06-27T09:27:36+00:00\" \/>\n<meta name=\"author\" content=\"admin\" \/>\n<meta name=\"twitter:card\" content=\"summary_large_image\" \/>\n<meta name=\"twitter:label1\" content=\"Scritto da\" \/>\n\t<meta name=\"twitter:data1\" content=\"admin\" \/>\n\t<meta name=\"twitter:label2\" content=\"Tempo di lettura stimato\" \/>\n\t<meta name=\"twitter:data2\" content=\"3 minuti\" \/>\n<script type=\"application\/ld+json\" class=\"yoast-schema-graph\">{\"@context\":\"https:\\\/\\\/schema.org\",\"@graph\":[{\"@type\":\"Article\",\"@id\":\"https:\\\/\\\/archiviocassano.lavocedelpaese.info\\\/index.php\\\/2012\\\/06\\\/27\\\/antelmi-sul-bilancio-qaumentano-i-cittadini-esentati-dalle-tasseq\\\/#article\",\"isPartOf\":{\"@id\":\"https:\\\/\\\/archiviocassano.lavocedelpaese.info\\\/index.php\\\/2012\\\/06\\\/27\\\/antelmi-sul-bilancio-qaumentano-i-cittadini-esentati-dalle-tasseq\\\/\"},\"author\":{\"name\":\"admin\",\"@id\":\"https:\\\/\\\/archiviocassano.lavocedelpaese.info\\\/#\\\/schema\\\/person\\\/df195bc79a9b4c35127cf005f92e041b\"},\"headline\":\"Antelmi sul Bilancio: &#8220;aumentano i cittadini esentati dalle tasse&#8221;\",\"datePublished\":\"2012-06-27T09:27:36+00:00\",\"mainEntityOfPage\":{\"@id\":\"https:\\\/\\\/archiviocassano.lavocedelpaese.info\\\/index.php\\\/2012\\\/06\\\/27\\\/antelmi-sul-bilancio-qaumentano-i-cittadini-esentati-dalle-tasseq\\\/\"},\"wordCount\":602,\"commentCount\":0,\"publisher\":{\"@id\":\"https:\\\/\\\/archiviocassano.lavocedelpaese.info\\\/#organization\"},\"articleSection\":[\"Politica\"],\"inLanguage\":\"it-IT\",\"potentialAction\":[{\"@type\":\"CommentAction\",\"name\":\"Comment\",\"target\":[\"https:\\\/\\\/archiviocassano.lavocedelpaese.info\\\/index.php\\\/2012\\\/06\\\/27\\\/antelmi-sul-bilancio-qaumentano-i-cittadini-esentati-dalle-tasseq\\\/#respond\"]}]},{\"@type\":\"WebPage\",\"@id\":\"https:\\\/\\\/archiviocassano.lavocedelpaese.info\\\/index.php\\\/2012\\\/06\\\/27\\\/antelmi-sul-bilancio-qaumentano-i-cittadini-esentati-dalle-tasseq\\\/\",\"url\":\"https:\\\/\\\/archiviocassano.lavocedelpaese.info\\\/index.php\\\/2012\\\/06\\\/27\\\/antelmi-sul-bilancio-qaumentano-i-cittadini-esentati-dalle-tasseq\\\/\",\"name\":\"Antelmi sul Bilancio: \\\"aumentano i cittadini esentati dalle tasse\\\" - Archivio CassanoWeb\",\"isPartOf\":{\"@id\":\"https:\\\/\\\/archiviocassano.lavocedelpaese.info\\\/#website\"},\"datePublished\":\"2012-06-27T09:27:36+00:00\",\"breadcrumb\":{\"@id\":\"https:\\\/\\\/archiviocassano.lavocedelpaese.info\\\/index.php\\\/2012\\\/06\\\/27\\\/antelmi-sul-bilancio-qaumentano-i-cittadini-esentati-dalle-tasseq\\\/#breadcrumb\"},\"inLanguage\":\"it-IT\",\"potentialAction\":[{\"@type\":\"ReadAction\",\"target\":[\"https:\\\/\\\/archiviocassano.lavocedelpaese.info\\\/index.php\\\/2012\\\/06\\\/27\\\/antelmi-sul-bilancio-qaumentano-i-cittadini-esentati-dalle-tasseq\\\/\"]}]},{\"@type\":\"BreadcrumbList\",\"@id\":\"https:\\\/\\\/archiviocassano.lavocedelpaese.info\\\/index.php\\\/2012\\\/06\\\/27\\\/antelmi-sul-bilancio-qaumentano-i-cittadini-esentati-dalle-tasseq\\\/#breadcrumb\",\"itemListElement\":[{\"@type\":\"ListItem\",\"position\":1,\"name\":\"Home\",\"item\":\"https:\\\/\\\/archiviocassano.lavocedelpaese.info\\\/\"},{\"@type\":\"ListItem\",\"position\":2,\"name\":\"Antelmi sul Bilancio: &#8220;aumentano i cittadini esentati dalle tasse&#8221;\"}]},{\"@type\":\"WebSite\",\"@id\":\"https:\\\/\\\/archiviocassano.lavocedelpaese.info\\\/#website\",\"url\":\"https:\\\/\\\/archiviocassano.lavocedelpaese.info\\\/\",\"name\":\"Archivio CassanoWeb\",\"description\":\"La Voce del Paese - un network di idee\",\"publisher\":{\"@id\":\"https:\\\/\\\/archiviocassano.lavocedelpaese.info\\\/#organization\"},\"potentialAction\":[{\"@type\":\"SearchAction\",\"target\":{\"@type\":\"EntryPoint\",\"urlTemplate\":\"https:\\\/\\\/archiviocassano.lavocedelpaese.info\\\/?s={search_term_string}\"},\"query-input\":{\"@type\":\"PropertyValueSpecification\",\"valueRequired\":true,\"valueName\":\"search_term_string\"}}],\"inLanguage\":\"it-IT\"},{\"@type\":\"Organization\",\"@id\":\"https:\\\/\\\/archiviocassano.lavocedelpaese.info\\\/#organization\",\"name\":\"Archivio CassanoWeb\",\"url\":\"https:\\\/\\\/archiviocassano.lavocedelpaese.info\\\/\",\"logo\":{\"@type\":\"ImageObject\",\"inLanguage\":\"it-IT\",\"@id\":\"https:\\\/\\\/archiviocassano.lavocedelpaese.info\\\/#\\\/schema\\\/logo\\\/image\\\/\",\"url\":\"https:\\\/\\\/archiviocassano.lavocedelpaese.info\\\/wp-content\\\/uploads\\\/2024\\\/08\\\/logo-rosso-2.png\",\"contentUrl\":\"https:\\\/\\\/archiviocassano.lavocedelpaese.info\\\/wp-content\\\/uploads\\\/2024\\\/08\\\/logo-rosso-2.png\",\"width\":491,\"height\":432,\"caption\":\"Archivio CassanoWeb\"},\"image\":{\"@id\":\"https:\\\/\\\/archiviocassano.lavocedelpaese.info\\\/#\\\/schema\\\/logo\\\/image\\\/\"},\"sameAs\":[\"https:\\\/\\\/www.facebook.com\\\/redazione.cassanoweb\"]},{\"@type\":\"Person\",\"@id\":\"https:\\\/\\\/archiviocassano.lavocedelpaese.info\\\/#\\\/schema\\\/person\\\/df195bc79a9b4c35127cf005f92e041b\",\"name\":\"admin\",\"image\":{\"@type\":\"ImageObject\",\"inLanguage\":\"it-IT\",\"@id\":\"https:\\\/\\\/secure.gravatar.com\\\/avatar\\\/eabba89a432e8eaa1b0207cc55f7e5340b22712b1ed80677efcf63e02ff5b235?s=96&d=mm&r=g\",\"url\":\"https:\\\/\\\/secure.gravatar.com\\\/avatar\\\/eabba89a432e8eaa1b0207cc55f7e5340b22712b1ed80677efcf63e02ff5b235?s=96&d=mm&r=g\",\"contentUrl\":\"https:\\\/\\\/secure.gravatar.com\\\/avatar\\\/eabba89a432e8eaa1b0207cc55f7e5340b22712b1ed80677efcf63e02ff5b235?s=96&d=mm&r=g\",\"caption\":\"admin\"},\"sameAs\":[\"https:\\\/\\\/archiviocassano.lavocedelpaese.info\"],\"url\":\"https:\\\/\\\/archiviocassano.lavocedelpaese.info\\\/index.php\\\/author\\\/admin_0qgz1xdp\\\/\"}]}<\/script>\n<!-- \/ Yoast SEO plugin. -->","yoast_head_json":{"title":"Antelmi sul Bilancio: \"aumentano i cittadini esentati dalle tasse\" - Archivio CassanoWeb","robots":{"index":"index","follow":"follow","max-snippet":"max-snippet:-1","max-image-preview":"max-image-preview:large","max-video-preview":"max-video-preview:-1"},"canonical":"https:\/\/archiviocassano.lavocedelpaese.info\/index.php\/2012\/06\/27\/antelmi-sul-bilancio-qaumentano-i-cittadini-esentati-dalle-tasseq\/","og_locale":"it_IT","og_type":"article","og_title":"Antelmi sul Bilancio: \"aumentano i cittadini esentati dalle tasse\" - Archivio CassanoWeb","og_url":"https:\/\/archiviocassano.lavocedelpaese.info\/index.php\/2012\/06\/27\/antelmi-sul-bilancio-qaumentano-i-cittadini-esentati-dalle-tasseq\/","og_site_name":"Archivio CassanoWeb","article_publisher":"https:\/\/www.facebook.com\/redazione.cassanoweb","article_published_time":"2012-06-27T09:27:36+00:00","author":"admin","twitter_card":"summary_large_image","twitter_misc":{"Scritto da":"admin","Tempo di lettura stimato":"3 minuti"},"schema":{"@context":"https:\/\/schema.org","@graph":[{"@type":"Article","@id":"https:\/\/archiviocassano.lavocedelpaese.info\/index.php\/2012\/06\/27\/antelmi-sul-bilancio-qaumentano-i-cittadini-esentati-dalle-tasseq\/#article","isPartOf":{"@id":"https:\/\/archiviocassano.lavocedelpaese.info\/index.php\/2012\/06\/27\/antelmi-sul-bilancio-qaumentano-i-cittadini-esentati-dalle-tasseq\/"},"author":{"name":"admin","@id":"https:\/\/archiviocassano.lavocedelpaese.info\/#\/schema\/person\/df195bc79a9b4c35127cf005f92e041b"},"headline":"Antelmi sul Bilancio: &#8220;aumentano i cittadini esentati dalle tasse&#8221;","datePublished":"2012-06-27T09:27:36+00:00","mainEntityOfPage":{"@id":"https:\/\/archiviocassano.lavocedelpaese.info\/index.php\/2012\/06\/27\/antelmi-sul-bilancio-qaumentano-i-cittadini-esentati-dalle-tasseq\/"},"wordCount":602,"commentCount":0,"publisher":{"@id":"https:\/\/archiviocassano.lavocedelpaese.info\/#organization"},"articleSection":["Politica"],"inLanguage":"it-IT","potentialAction":[{"@type":"CommentAction","name":"Comment","target":["https:\/\/archiviocassano.lavocedelpaese.info\/index.php\/2012\/06\/27\/antelmi-sul-bilancio-qaumentano-i-cittadini-esentati-dalle-tasseq\/#respond"]}]},{"@type":"WebPage","@id":"https:\/\/archiviocassano.lavocedelpaese.info\/index.php\/2012\/06\/27\/antelmi-sul-bilancio-qaumentano-i-cittadini-esentati-dalle-tasseq\/","url":"https:\/\/archiviocassano.lavocedelpaese.info\/index.php\/2012\/06\/27\/antelmi-sul-bilancio-qaumentano-i-cittadini-esentati-dalle-tasseq\/","name":"Antelmi sul Bilancio: \"aumentano i cittadini esentati dalle tasse\" - Archivio CassanoWeb","isPartOf":{"@id":"https:\/\/archiviocassano.lavocedelpaese.info\/#website"},"datePublished":"2012-06-27T09:27:36+00:00","breadcrumb":{"@id":"https:\/\/archiviocassano.lavocedelpaese.info\/index.php\/2012\/06\/27\/antelmi-sul-bilancio-qaumentano-i-cittadini-esentati-dalle-tasseq\/#breadcrumb"},"inLanguage":"it-IT","potentialAction":[{"@type":"ReadAction","target":["https:\/\/archiviocassano.lavocedelpaese.info\/index.php\/2012\/06\/27\/antelmi-sul-bilancio-qaumentano-i-cittadini-esentati-dalle-tasseq\/"]}]},{"@type":"BreadcrumbList","@id":"https:\/\/archiviocassano.lavocedelpaese.info\/index.php\/2012\/06\/27\/antelmi-sul-bilancio-qaumentano-i-cittadini-esentati-dalle-tasseq\/#breadcrumb","itemListElement":[{"@type":"ListItem","position":1,"name":"Home","item":"https:\/\/archiviocassano.lavocedelpaese.info\/"},{"@type":"ListItem","position":2,"name":"Antelmi sul Bilancio: &#8220;aumentano i cittadini esentati dalle tasse&#8221;"}]},{"@type":"WebSite","@id":"https:\/\/archiviocassano.lavocedelpaese.info\/#website","url":"https:\/\/archiviocassano.lavocedelpaese.info\/","name":"Archivio CassanoWeb","description":"La Voce del Paese - un network di idee","publisher":{"@id":"https:\/\/archiviocassano.lavocedelpaese.info\/#organization"},"potentialAction":[{"@type":"SearchAction","target":{"@type":"EntryPoint","urlTemplate":"https:\/\/archiviocassano.lavocedelpaese.info\/?s={search_term_string}"},"query-input":{"@type":"PropertyValueSpecification","valueRequired":true,"valueName":"search_term_string"}}],"inLanguage":"it-IT"},{"@type":"Organization","@id":"https:\/\/archiviocassano.lavocedelpaese.info\/#organization","name":"Archivio CassanoWeb","url":"https:\/\/archiviocassano.lavocedelpaese.info\/","logo":{"@type":"ImageObject","inLanguage":"it-IT","@id":"https:\/\/archiviocassano.lavocedelpaese.info\/#\/schema\/logo\/image\/","url":"https:\/\/archiviocassano.lavocedelpaese.info\/wp-content\/uploads\/2024\/08\/logo-rosso-2.png","contentUrl":"https:\/\/archiviocassano.lavocedelpaese.info\/wp-content\/uploads\/2024\/08\/logo-rosso-2.png","width":491,"height":432,"caption":"Archivio CassanoWeb"},"image":{"@id":"https:\/\/archiviocassano.lavocedelpaese.info\/#\/schema\/logo\/image\/"},"sameAs":["https:\/\/www.facebook.com\/redazione.cassanoweb"]},{"@type":"Person","@id":"https:\/\/archiviocassano.lavocedelpaese.info\/#\/schema\/person\/df195bc79a9b4c35127cf005f92e041b","name":"admin","image":{"@type":"ImageObject","inLanguage":"it-IT","@id":"https:\/\/secure.gravatar.com\/avatar\/eabba89a432e8eaa1b0207cc55f7e5340b22712b1ed80677efcf63e02ff5b235?s=96&d=mm&r=g","url":"https:\/\/secure.gravatar.com\/avatar\/eabba89a432e8eaa1b0207cc55f7e5340b22712b1ed80677efcf63e02ff5b235?s=96&d=mm&r=g","contentUrl":"https:\/\/secure.gravatar.com\/avatar\/eabba89a432e8eaa1b0207cc55f7e5340b22712b1ed80677efcf63e02ff5b235?s=96&d=mm&r=g","caption":"admin"},"sameAs":["https:\/\/archiviocassano.lavocedelpaese.info"],"url":"https:\/\/archiviocassano.lavocedelpaese.info\/index.php\/author\/admin_0qgz1xdp\/"}]}},"_links":{"self":[{"href":"https:\/\/archiviocassano.lavocedelpaese.info\/index.php\/wp-json\/wp\/v2\/posts\/5996","targetHints":{"allow":["GET"]}}],"collection":[{"href":"https:\/\/archiviocassano.lavocedelpaese.info\/index.php\/wp-json\/wp\/v2\/posts"}],"about":[{"href":"https:\/\/archiviocassano.lavocedelpaese.info\/index.php\/wp-json\/wp\/v2\/types\/post"}],"author":[{"embeddable":true,"href":"https:\/\/archiviocassano.lavocedelpaese.info\/index.php\/wp-json\/wp\/v2\/users\/1"}],"replies":[{"embeddable":true,"href":"https:\/\/archiviocassano.lavocedelpaese.info\/index.php\/wp-json\/wp\/v2\/comments?post=5996"}],"version-history":[{"count":0,"href":"https:\/\/archiviocassano.lavocedelpaese.info\/index.php\/wp-json\/wp\/v2\/posts\/5996\/revisions"}],"wp:attachment":[{"href":"https:\/\/archiviocassano.lavocedelpaese.info\/index.php\/wp-json\/wp\/v2\/media?parent=5996"}],"wp:term":[{"taxonomy":"category","embeddable":true,"href":"https:\/\/archiviocassano.lavocedelpaese.info\/index.php\/wp-json\/wp\/v2\/categories?post=5996"},{"taxonomy":"post_tag","embeddable":true,"href":"https:\/\/archiviocassano.lavocedelpaese.info\/index.php\/wp-json\/wp\/v2\/tags?post=5996"}],"curies":[{"name":"wp","href":"https:\/\/api.w.org\/{rel}","templated":true}]}}