{"id":6032,"date":"2012-07-04T05:18:21","date_gmt":"2012-07-04T05:18:21","guid":{"rendered":"https:\/\/archiviocassano.lavocedelpaese.info\/index.php\/2012\/07\/04\/antelmi-santorsola-si-contraddice-da-solo\/"},"modified":"2012-07-04T05:18:21","modified_gmt":"2012-07-04T05:18:21","slug":"antelmi-santorsola-si-contraddice-da-solo","status":"publish","type":"post","link":"https:\/\/archiviocassano.lavocedelpaese.info\/index.php\/2012\/07\/04\/antelmi-santorsola-si-contraddice-da-solo\/","title":{"rendered":"Antelmi: \u201cSantorsola si contraddice da solo\u201d"},"content":{"rendered":"<p><img loading=\"lazy\" decoding=\"async\" style=\"margin-right: 2px; margin-left: 2px;\" alt=\"sindaco e antelmi 22 06 2012\" src=\"images\/stories\/archiviofoto\/sindaco_e_antelmi_22_06_2012.jpg\" height=\"150\" width=\"320\" \/><\/p>\n<p><!--more--><\/p>\n<p style=\"text-align: justify;\">&#8220;<em>Il capogruppo Santorsola \u00e8 abilissimo a ribaltare le cose, ma alla fine ribalta pure se stesso. La sua ultima conferenza stampa \u00e8 il segno di come, pur di attaccare politicamente la maggioranza e le sue scelte, il capogruppo si contraddice sulle posizioni che lui stesso ha preso nell\u2019ultimo periodo relativamente al bilancio&#8221;:<\/em> \u00e8 la repolica dell&#8217;Assessore al Bilancio del Comune di Cassano, <strong>Franco Antelmi<\/strong> alle affermazioni di Teodoro Santorsola, capogruppo di &#8220;Nuova Ideadomani&#8221; fatte nel corso della conferenza stampa di luned\u00ec (<a target=\"_blank\" href=\"politica\/22600-qlimu-si-puo-abbassare-ecco-comeq-santorsola-spiega-la-sua-idea.html\" rel=\"noopener\">leggi l&#8217;articolo<\/a>).<\/p>\n<p style=\"text-align: justify;\">Il tema \u00e8 sempre quello: le tasse comunali che l&#8217;amministrazione Di Medio ha aumentato per far fronte ai tagli del Governo centrale. Una situazione che secondo Santorsola poteva essere affrontata diversamente da come ha fatto Antelmi che ha &#8220;vessato&#8221; i cassanesi. Ma l&#8217;Assessore non ci sta. &#8220;<em>In tre contesti diversi (commissione, Consiglio comunale e conferenza stampa<\/em> &#8211; spiega Antelmi in una nota &#8211; <em>da lui sono arrivate tre proposte diverse: in commissione, posizioni confuse; in aula, altre idee peraltro bocciate dai suoi colleghi di gruppo; davanti alla stampa, solo cronistoria di dati e anche confusi. Non vi \u00e8 dubbio: ha bisogno solo di visibilit\u00e0 perch\u00e9 la sua campagna elettorale \u00e8 iniziata ufficialmente.<\/em><\/p>\n<p style=\"text-align: justify;\"><em>Il capogruppo Nid ci accusa di essere bugiardi in merito all\u2019entit\u00e0 del taglio dei trasferimenti dallo Stato, che secondo lui ammonterebbero a soli 470 mila euro. Invitiamo tutti, non con le parole di Antelmi, ma consultando il sito del Ministero delle Finanze alla voce \u201cSpettanze enti locali\u201d, a desumere l\u2019entit\u00e0 del taglio per il Comune di Cassano che, dal 2010 al 2012, ammonta a 1 milione 300 mila euro circa, come pi\u00f9 volte evidenziato. Da questo taglio, inoltre, bisogna scalare le entrare per Imu sull\u2019abitazione principale che secondo le prime stime ammontano per il nostro Comune a poco pi\u00f9 di 500 mila euro. Quindi l\u2019Imu serve necessariamente a compensare una parte di questo taglio! Sarebbe pi\u00f9 saggio e onesto politicamente aspettare il reale gettito dell\u2019imposta prima di alzare polveroni, giacch\u00e9 nemmeno lo Stato ad oggi \u00e8 in grado di valutare in maniera complessiva e puntuale il reale gettito dell\u2019Imu sui territori. Cavalcare il disagio dei cittadini in un momento come questo \u00e8 fin troppo facile (e redditizio elettoralmente) ma non \u00e8 cos\u00ec che si amministra un Comune che ha la necessit\u00e0 di mantenere salde le casse per permettere ai cittadini di usufruire di tutti i servizi&#8221;.<\/em><\/p>\n<p style=\"text-align: justify;\">Antelmi cos\u00ec prosegue<em>: &#8220;Pare poi altrettanto avventuristico ipotizzare l\u2019impegno di entrate straordinarie e\/o di avanzo di amministrazione per coprire la spesa corrente. Non \u00e8 un\u2019operazione corretta e il capogruppo di Nid lo sa. Visto che ci si accusa di essere sprovveduti, precisiamo che utilizzare l\u2019avanzo di amministrazione e le entrate una tantum per ridurre l\u2019aliquota Imu, sarebbe stata un\u2019azione da sprovveduti perch\u00e9 assolutamente contro le norme contabili. Tra le tante cose dette dal capogruppo Nid dobbiamo per la verit\u00e0 dei fatti essergli anche riconoscenti, quando lui stesso dice che il Comune non deve indebitarsi in questo preciso periodo storico. Ma \u00e8 la stessa cosa che abbiamo sostenuto noi in Consiglio comunale e che facciamo da quando amministriamo Cassano. E\u2019 cos\u00ec vero che per gli investimenti abbiamo utilizzato 500 mila euro circa di avanzo di amministrazione evitando mutui! Un\u2019altra parte dell\u2019avanzo circa 270 mila euro lo abbiamo vincolato per gli SWAP. Ci doveva pensare lui negli anni precedenti, ma era meglio spendere che mettere da parte&#8221;.<\/em><\/p>\n<p style=\"text-align: justify;\">La nota dell&#8217;assessore al Bilancio si chiude con un riferimento alla indennit\u00e0 degli amministratori: &#8220;<em>ricordando che le abbiamo ridotte del 10%, anche i nuovi assessori percepiranno l\u2019indennit\u00e0 decurtata dell\u2019ultimo taglio varato dalla giunta Di Medio per cercare di dare una mano al bilancio comunale&#8221;.<\/em><\/p>\n","protected":false},"excerpt":{"rendered":"","protected":false},"author":1,"featured_media":0,"comment_status":"open","ping_status":"closed","sticky":false,"template":"","format":"standard","meta":{"colormag_page_container_layout":"default_layout","colormag_page_sidebar_layout":"default_layout","footnotes":""},"categories":[4],"tags":[],"class_list":["post-6032","post","type-post","status-publish","format-standard","hentry","category-politica"],"yoast_head":"<!-- This site is optimized with the Yoast SEO plugin v27.5 - https:\/\/yoast.com\/product\/yoast-seo-wordpress\/ -->\n<title>Antelmi: \u201cSantorsola si contraddice da solo\u201d - Archivio CassanoWeb<\/title>\n<meta name=\"robots\" content=\"index, follow, max-snippet:-1, max-image-preview:large, max-video-preview:-1\" \/>\n<link rel=\"canonical\" href=\"https:\/\/archiviocassano.lavocedelpaese.info\/index.php\/2012\/07\/04\/antelmi-santorsola-si-contraddice-da-solo\/\" \/>\n<meta property=\"og:locale\" content=\"it_IT\" \/>\n<meta property=\"og:type\" content=\"article\" \/>\n<meta property=\"og:title\" content=\"Antelmi: \u201cSantorsola si contraddice da solo\u201d - Archivio CassanoWeb\" \/>\n<meta property=\"og:url\" content=\"https:\/\/archiviocassano.lavocedelpaese.info\/index.php\/2012\/07\/04\/antelmi-santorsola-si-contraddice-da-solo\/\" \/>\n<meta property=\"og:site_name\" content=\"Archivio CassanoWeb\" \/>\n<meta property=\"article:publisher\" content=\"https:\/\/www.facebook.com\/redazione.cassanoweb\" \/>\n<meta property=\"article:published_time\" content=\"2012-07-04T05:18:21+00:00\" \/>\n<meta name=\"author\" content=\"admin\" \/>\n<meta name=\"twitter:card\" content=\"summary_large_image\" \/>\n<meta name=\"twitter:label1\" content=\"Scritto da\" \/>\n\t<meta name=\"twitter:data1\" content=\"admin\" \/>\n\t<meta name=\"twitter:label2\" content=\"Tempo di lettura stimato\" \/>\n\t<meta name=\"twitter:data2\" content=\"3 minuti\" \/>\n<script type=\"application\/ld+json\" class=\"yoast-schema-graph\">{\"@context\":\"https:\\\/\\\/schema.org\",\"@graph\":[{\"@type\":\"Article\",\"@id\":\"https:\\\/\\\/archiviocassano.lavocedelpaese.info\\\/index.php\\\/2012\\\/07\\\/04\\\/antelmi-santorsola-si-contraddice-da-solo\\\/#article\",\"isPartOf\":{\"@id\":\"https:\\\/\\\/archiviocassano.lavocedelpaese.info\\\/index.php\\\/2012\\\/07\\\/04\\\/antelmi-santorsola-si-contraddice-da-solo\\\/\"},\"author\":{\"name\":\"admin\",\"@id\":\"https:\\\/\\\/archiviocassano.lavocedelpaese.info\\\/#\\\/schema\\\/person\\\/df195bc79a9b4c35127cf005f92e041b\"},\"headline\":\"Antelmi: \u201cSantorsola si contraddice da solo\u201d\",\"datePublished\":\"2012-07-04T05:18:21+00:00\",\"mainEntityOfPage\":{\"@id\":\"https:\\\/\\\/archiviocassano.lavocedelpaese.info\\\/index.php\\\/2012\\\/07\\\/04\\\/antelmi-santorsola-si-contraddice-da-solo\\\/\"},\"wordCount\":608,\"commentCount\":0,\"publisher\":{\"@id\":\"https:\\\/\\\/archiviocassano.lavocedelpaese.info\\\/#organization\"},\"articleSection\":[\"Politica\"],\"inLanguage\":\"it-IT\",\"potentialAction\":[{\"@type\":\"CommentAction\",\"name\":\"Comment\",\"target\":[\"https:\\\/\\\/archiviocassano.lavocedelpaese.info\\\/index.php\\\/2012\\\/07\\\/04\\\/antelmi-santorsola-si-contraddice-da-solo\\\/#respond\"]}]},{\"@type\":\"WebPage\",\"@id\":\"https:\\\/\\\/archiviocassano.lavocedelpaese.info\\\/index.php\\\/2012\\\/07\\\/04\\\/antelmi-santorsola-si-contraddice-da-solo\\\/\",\"url\":\"https:\\\/\\\/archiviocassano.lavocedelpaese.info\\\/index.php\\\/2012\\\/07\\\/04\\\/antelmi-santorsola-si-contraddice-da-solo\\\/\",\"name\":\"Antelmi: \u201cSantorsola si contraddice da solo\u201d - Archivio CassanoWeb\",\"isPartOf\":{\"@id\":\"https:\\\/\\\/archiviocassano.lavocedelpaese.info\\\/#website\"},\"datePublished\":\"2012-07-04T05:18:21+00:00\",\"breadcrumb\":{\"@id\":\"https:\\\/\\\/archiviocassano.lavocedelpaese.info\\\/index.php\\\/2012\\\/07\\\/04\\\/antelmi-santorsola-si-contraddice-da-solo\\\/#breadcrumb\"},\"inLanguage\":\"it-IT\",\"potentialAction\":[{\"@type\":\"ReadAction\",\"target\":[\"https:\\\/\\\/archiviocassano.lavocedelpaese.info\\\/index.php\\\/2012\\\/07\\\/04\\\/antelmi-santorsola-si-contraddice-da-solo\\\/\"]}]},{\"@type\":\"BreadcrumbList\",\"@id\":\"https:\\\/\\\/archiviocassano.lavocedelpaese.info\\\/index.php\\\/2012\\\/07\\\/04\\\/antelmi-santorsola-si-contraddice-da-solo\\\/#breadcrumb\",\"itemListElement\":[{\"@type\":\"ListItem\",\"position\":1,\"name\":\"Home\",\"item\":\"https:\\\/\\\/archiviocassano.lavocedelpaese.info\\\/\"},{\"@type\":\"ListItem\",\"position\":2,\"name\":\"Antelmi: \u201cSantorsola si contraddice da solo\u201d\"}]},{\"@type\":\"WebSite\",\"@id\":\"https:\\\/\\\/archiviocassano.lavocedelpaese.info\\\/#website\",\"url\":\"https:\\\/\\\/archiviocassano.lavocedelpaese.info\\\/\",\"name\":\"Archivio CassanoWeb\",\"description\":\"La Voce del Paese - un network di idee\",\"publisher\":{\"@id\":\"https:\\\/\\\/archiviocassano.lavocedelpaese.info\\\/#organization\"},\"potentialAction\":[{\"@type\":\"SearchAction\",\"target\":{\"@type\":\"EntryPoint\",\"urlTemplate\":\"https:\\\/\\\/archiviocassano.lavocedelpaese.info\\\/?s={search_term_string}\"},\"query-input\":{\"@type\":\"PropertyValueSpecification\",\"valueRequired\":true,\"valueName\":\"search_term_string\"}}],\"inLanguage\":\"it-IT\"},{\"@type\":\"Organization\",\"@id\":\"https:\\\/\\\/archiviocassano.lavocedelpaese.info\\\/#organization\",\"name\":\"Archivio CassanoWeb\",\"url\":\"https:\\\/\\\/archiviocassano.lavocedelpaese.info\\\/\",\"logo\":{\"@type\":\"ImageObject\",\"inLanguage\":\"it-IT\",\"@id\":\"https:\\\/\\\/archiviocassano.lavocedelpaese.info\\\/#\\\/schema\\\/logo\\\/image\\\/\",\"url\":\"https:\\\/\\\/archiviocassano.lavocedelpaese.info\\\/wp-content\\\/uploads\\\/2024\\\/08\\\/logo-rosso-2.png\",\"contentUrl\":\"https:\\\/\\\/archiviocassano.lavocedelpaese.info\\\/wp-content\\\/uploads\\\/2024\\\/08\\\/logo-rosso-2.png\",\"width\":491,\"height\":432,\"caption\":\"Archivio CassanoWeb\"},\"image\":{\"@id\":\"https:\\\/\\\/archiviocassano.lavocedelpaese.info\\\/#\\\/schema\\\/logo\\\/image\\\/\"},\"sameAs\":[\"https:\\\/\\\/www.facebook.com\\\/redazione.cassanoweb\"]},{\"@type\":\"Person\",\"@id\":\"https:\\\/\\\/archiviocassano.lavocedelpaese.info\\\/#\\\/schema\\\/person\\\/df195bc79a9b4c35127cf005f92e041b\",\"name\":\"admin\",\"image\":{\"@type\":\"ImageObject\",\"inLanguage\":\"it-IT\",\"@id\":\"https:\\\/\\\/secure.gravatar.com\\\/avatar\\\/eabba89a432e8eaa1b0207cc55f7e5340b22712b1ed80677efcf63e02ff5b235?s=96&d=mm&r=g\",\"url\":\"https:\\\/\\\/secure.gravatar.com\\\/avatar\\\/eabba89a432e8eaa1b0207cc55f7e5340b22712b1ed80677efcf63e02ff5b235?s=96&d=mm&r=g\",\"contentUrl\":\"https:\\\/\\\/secure.gravatar.com\\\/avatar\\\/eabba89a432e8eaa1b0207cc55f7e5340b22712b1ed80677efcf63e02ff5b235?s=96&d=mm&r=g\",\"caption\":\"admin\"},\"sameAs\":[\"https:\\\/\\\/archiviocassano.lavocedelpaese.info\"],\"url\":\"https:\\\/\\\/archiviocassano.lavocedelpaese.info\\\/index.php\\\/author\\\/admin_0qgz1xdp\\\/\"}]}<\/script>\n<!-- \/ Yoast SEO plugin. -->","yoast_head_json":{"title":"Antelmi: \u201cSantorsola si contraddice da solo\u201d - Archivio CassanoWeb","robots":{"index":"index","follow":"follow","max-snippet":"max-snippet:-1","max-image-preview":"max-image-preview:large","max-video-preview":"max-video-preview:-1"},"canonical":"https:\/\/archiviocassano.lavocedelpaese.info\/index.php\/2012\/07\/04\/antelmi-santorsola-si-contraddice-da-solo\/","og_locale":"it_IT","og_type":"article","og_title":"Antelmi: \u201cSantorsola si contraddice da solo\u201d - Archivio CassanoWeb","og_url":"https:\/\/archiviocassano.lavocedelpaese.info\/index.php\/2012\/07\/04\/antelmi-santorsola-si-contraddice-da-solo\/","og_site_name":"Archivio CassanoWeb","article_publisher":"https:\/\/www.facebook.com\/redazione.cassanoweb","article_published_time":"2012-07-04T05:18:21+00:00","author":"admin","twitter_card":"summary_large_image","twitter_misc":{"Scritto da":"admin","Tempo di lettura stimato":"3 minuti"},"schema":{"@context":"https:\/\/schema.org","@graph":[{"@type":"Article","@id":"https:\/\/archiviocassano.lavocedelpaese.info\/index.php\/2012\/07\/04\/antelmi-santorsola-si-contraddice-da-solo\/#article","isPartOf":{"@id":"https:\/\/archiviocassano.lavocedelpaese.info\/index.php\/2012\/07\/04\/antelmi-santorsola-si-contraddice-da-solo\/"},"author":{"name":"admin","@id":"https:\/\/archiviocassano.lavocedelpaese.info\/#\/schema\/person\/df195bc79a9b4c35127cf005f92e041b"},"headline":"Antelmi: \u201cSantorsola si contraddice da solo\u201d","datePublished":"2012-07-04T05:18:21+00:00","mainEntityOfPage":{"@id":"https:\/\/archiviocassano.lavocedelpaese.info\/index.php\/2012\/07\/04\/antelmi-santorsola-si-contraddice-da-solo\/"},"wordCount":608,"commentCount":0,"publisher":{"@id":"https:\/\/archiviocassano.lavocedelpaese.info\/#organization"},"articleSection":["Politica"],"inLanguage":"it-IT","potentialAction":[{"@type":"CommentAction","name":"Comment","target":["https:\/\/archiviocassano.lavocedelpaese.info\/index.php\/2012\/07\/04\/antelmi-santorsola-si-contraddice-da-solo\/#respond"]}]},{"@type":"WebPage","@id":"https:\/\/archiviocassano.lavocedelpaese.info\/index.php\/2012\/07\/04\/antelmi-santorsola-si-contraddice-da-solo\/","url":"https:\/\/archiviocassano.lavocedelpaese.info\/index.php\/2012\/07\/04\/antelmi-santorsola-si-contraddice-da-solo\/","name":"Antelmi: \u201cSantorsola si contraddice da solo\u201d - Archivio CassanoWeb","isPartOf":{"@id":"https:\/\/archiviocassano.lavocedelpaese.info\/#website"},"datePublished":"2012-07-04T05:18:21+00:00","breadcrumb":{"@id":"https:\/\/archiviocassano.lavocedelpaese.info\/index.php\/2012\/07\/04\/antelmi-santorsola-si-contraddice-da-solo\/#breadcrumb"},"inLanguage":"it-IT","potentialAction":[{"@type":"ReadAction","target":["https:\/\/archiviocassano.lavocedelpaese.info\/index.php\/2012\/07\/04\/antelmi-santorsola-si-contraddice-da-solo\/"]}]},{"@type":"BreadcrumbList","@id":"https:\/\/archiviocassano.lavocedelpaese.info\/index.php\/2012\/07\/04\/antelmi-santorsola-si-contraddice-da-solo\/#breadcrumb","itemListElement":[{"@type":"ListItem","position":1,"name":"Home","item":"https:\/\/archiviocassano.lavocedelpaese.info\/"},{"@type":"ListItem","position":2,"name":"Antelmi: \u201cSantorsola si contraddice da solo\u201d"}]},{"@type":"WebSite","@id":"https:\/\/archiviocassano.lavocedelpaese.info\/#website","url":"https:\/\/archiviocassano.lavocedelpaese.info\/","name":"Archivio CassanoWeb","description":"La Voce del Paese - un network di idee","publisher":{"@id":"https:\/\/archiviocassano.lavocedelpaese.info\/#organization"},"potentialAction":[{"@type":"SearchAction","target":{"@type":"EntryPoint","urlTemplate":"https:\/\/archiviocassano.lavocedelpaese.info\/?s={search_term_string}"},"query-input":{"@type":"PropertyValueSpecification","valueRequired":true,"valueName":"search_term_string"}}],"inLanguage":"it-IT"},{"@type":"Organization","@id":"https:\/\/archiviocassano.lavocedelpaese.info\/#organization","name":"Archivio CassanoWeb","url":"https:\/\/archiviocassano.lavocedelpaese.info\/","logo":{"@type":"ImageObject","inLanguage":"it-IT","@id":"https:\/\/archiviocassano.lavocedelpaese.info\/#\/schema\/logo\/image\/","url":"https:\/\/archiviocassano.lavocedelpaese.info\/wp-content\/uploads\/2024\/08\/logo-rosso-2.png","contentUrl":"https:\/\/archiviocassano.lavocedelpaese.info\/wp-content\/uploads\/2024\/08\/logo-rosso-2.png","width":491,"height":432,"caption":"Archivio CassanoWeb"},"image":{"@id":"https:\/\/archiviocassano.lavocedelpaese.info\/#\/schema\/logo\/image\/"},"sameAs":["https:\/\/www.facebook.com\/redazione.cassanoweb"]},{"@type":"Person","@id":"https:\/\/archiviocassano.lavocedelpaese.info\/#\/schema\/person\/df195bc79a9b4c35127cf005f92e041b","name":"admin","image":{"@type":"ImageObject","inLanguage":"it-IT","@id":"https:\/\/secure.gravatar.com\/avatar\/eabba89a432e8eaa1b0207cc55f7e5340b22712b1ed80677efcf63e02ff5b235?s=96&d=mm&r=g","url":"https:\/\/secure.gravatar.com\/avatar\/eabba89a432e8eaa1b0207cc55f7e5340b22712b1ed80677efcf63e02ff5b235?s=96&d=mm&r=g","contentUrl":"https:\/\/secure.gravatar.com\/avatar\/eabba89a432e8eaa1b0207cc55f7e5340b22712b1ed80677efcf63e02ff5b235?s=96&d=mm&r=g","caption":"admin"},"sameAs":["https:\/\/archiviocassano.lavocedelpaese.info"],"url":"https:\/\/archiviocassano.lavocedelpaese.info\/index.php\/author\/admin_0qgz1xdp\/"}]}},"_links":{"self":[{"href":"https:\/\/archiviocassano.lavocedelpaese.info\/index.php\/wp-json\/wp\/v2\/posts\/6032","targetHints":{"allow":["GET"]}}],"collection":[{"href":"https:\/\/archiviocassano.lavocedelpaese.info\/index.php\/wp-json\/wp\/v2\/posts"}],"about":[{"href":"https:\/\/archiviocassano.lavocedelpaese.info\/index.php\/wp-json\/wp\/v2\/types\/post"}],"author":[{"embeddable":true,"href":"https:\/\/archiviocassano.lavocedelpaese.info\/index.php\/wp-json\/wp\/v2\/users\/1"}],"replies":[{"embeddable":true,"href":"https:\/\/archiviocassano.lavocedelpaese.info\/index.php\/wp-json\/wp\/v2\/comments?post=6032"}],"version-history":[{"count":0,"href":"https:\/\/archiviocassano.lavocedelpaese.info\/index.php\/wp-json\/wp\/v2\/posts\/6032\/revisions"}],"wp:attachment":[{"href":"https:\/\/archiviocassano.lavocedelpaese.info\/index.php\/wp-json\/wp\/v2\/media?parent=6032"}],"wp:term":[{"taxonomy":"category","embeddable":true,"href":"https:\/\/archiviocassano.lavocedelpaese.info\/index.php\/wp-json\/wp\/v2\/categories?post=6032"},{"taxonomy":"post_tag","embeddable":true,"href":"https:\/\/archiviocassano.lavocedelpaese.info\/index.php\/wp-json\/wp\/v2\/tags?post=6032"}],"curies":[{"name":"wp","href":"https:\/\/api.w.org\/{rel}","templated":true}]}}