{"id":6189,"date":"2012-08-03T09:04:20","date_gmt":"2012-08-03T09:04:20","guid":{"rendered":"https:\/\/archiviocassano.lavocedelpaese.info\/index.php\/2012\/08\/03\/terzo-giorno-della-festa-patronale-il-programma\/"},"modified":"2012-08-03T09:04:20","modified_gmt":"2012-08-03T09:04:20","slug":"terzo-giorno-della-festa-patronale-il-programma","status":"publish","type":"post","link":"https:\/\/archiviocassano.lavocedelpaese.info\/index.php\/2012\/08\/03\/terzo-giorno-della-festa-patronale-il-programma\/","title":{"rendered":"Consegnate a Maria le chiavi del paese. Terzo giorno di Festa"},"content":{"rendered":"<p><img loading=\"lazy\" decoding=\"async\" style=\"margin-right: 2px; margin-left: 2px;\" alt=\"madonna degli angeli 2012\" src=\"images\/stories\/madonna_degli_angeli_2012.jpg\" height=\"150\" width=\"320\" \/><\/p>\n<p style=\"text-align: justify;\">\n<!--more--><br \/>\n<i>\u201cQuesta festa \u00e8 la vera, unica carta d\u2019identit\u00e0 del nostro paese e della nostra comunit\u00e0 che non parla solo di soldi ed economia ma che venera Maria e il suo Signore\u201d.<\/i> E\u2019 un emozionatissimo <strong>Saverio Viapiano<\/strong>, Presidente delegato del Comitato Festa Patronale a prendere per primo la parola sul Carro Trionfale che ieri sera ha portato in paese l\u2019immagine della Madonna degli Angeli, protettrice della comunit\u00e0 cassanese a cui sono dedicati questi giorni di festa.<\/p>\n<p style=\"text-align: justify;\">Assieme al sindaco <strong>Maria Pia Di Medio<\/strong>, all\u2019Arciprete don Nunzio Marinelli e al parroco di Cavezzo, don Giancarlo Dallari ospite questi giorni del nostro paese, anche per raccogliere fondi da destinare alle vittime del terremoto dell\u2019Emilia, Viapiano ha dato il via all\u2019antico rito simbolico della consegna delle chiavi del comune, un rito acclamato da migliaia di persone assiepate lungo piazza Garibaldi e le strade vicine.<\/p>\n<p style=\"text-align: justify;\">Interrotto da diversi applausi, soprattutto quando ha ricordato l\u2019impegno generoso per le popolazioni colpite dal terremoto, il Presidente ha poi passato la parola al sindaco che ha invitato tutti alla concordia, alla collaborazione anche e soprattutto in momenti difficili e duri come il presente, ricordando i momenti belli e brutti della nostra comunit\u00e0 che il prossimo 14 agosto festeggia il toponimo delle Murge\u201d che la identifica come comunit\u00e0, da 150 anni. La Di Medio ha poi portato i saluti delle comunit\u00e0 dei cassanesi di Germania e Canada, stretti attorno ai fratelli del nostro paese.<\/p>\n<p style=\"text-align: justify;\">Anche i due sacerdoti hanno invitato alla pace, alla concordia e alla generosit\u00e0 nei confronti di chi soffre, di chi \u00e8 pi\u00f9 debole, in questo e in altri momenti: \u201c<em>questo gesto<\/em> \u2013 ha detto don Nunzio \u2013 <em>non far\u00e0 la nostra festa pi\u00f9 povera ma la render\u00e0, anzi, pi\u00f9 ricca di generosit\u00e0 e Maria sar\u00e0 felice di questo poich\u00e9 ella soffre quando i suoi figli si chiudono nell\u2019egoismo; non c\u2019\u00e8 vera festa se essa non \u00e8 condivisa e ricordiamo \u2013 <\/em>ha infine aggiunto il parroco della Chiesa matrice<em> \u2013 che il mondo ha bisogno di gesti di speranza poich\u00e9 la vera crisi on \u00e8 economica ma di amore e fraternit\u00e0 da cui poi discende tutto il resto\u201d.<\/em><\/p>\n<p style=\"text-align: justify;\">Consegnate le chiavi, sul carro trionfale &#8211; finalmente ristrutturato anche se <span style=\"text-decoration: underline;\">sono apparse molto discutibili quelle luci a &#8220;led&#8221; montate sul castelletto rinnovato, al posto delle classiche piccole lampadine<\/span> &#8211; sono poi salite le bambine con gli abiti della prima Comunione, simboleggianti gli angioletti della Madonna, un avvenimento che mancava da una decina di anni, da quando il Carro cominci\u00f2 ad avere problemi di staticit\u00e0, ed \u00e8 poi ripartito in processione con centinaia di fedeli al seguito, preceduta da quasi tutti i componenti del Consiglio Comunale di Cassano e dai rappresentanti della Provincia di Bari \u2013 l\u2019assessore al Bilancio, Giampetruzzi &#8211; , dei Comuni di Santeramo in Colle, Grumo Appula, Sannicandro di Bari e Binetto nonch\u00e9 rappresentanti delle diverse forze dell\u2019ordine e della Protezione Civile.<\/p>\n<p style=\"text-align: justify;\">Grande tripudio di folla lungo il percorso che si \u00e8 concluso in piazza Moro intorno alle 23.45. I festeggiamenti oggi continuano secondo questo programma:<\/p>\n<p style=\"text-align: justify;\">&nbsp;<\/p>\n<p style=\"text-align: justify;\"><span style=\"font-size: 11pt; font-family: 'Calibri','sans-serif';\">S. Messe alle ore 8,00 \u2013 10,00<span style=\"font-family: 'Calibri','sans-serif';\"> presso la chiesa Matrice S. Maria Assunta<\/span><\/span><\/p>\n<p style=\"text-align: justify;\"><span style=\"font-size: 11pt; font-family: 'Calibri','sans-serif';\">ore 11,30 \u2013 Solenne Celebrazione Eucaristica, presieduta da don Nunzio Marinelli, con la partecipazione delle Autorit\u00e0 civili, militari e religiose. Anima il coro parrocchiale<\/span><\/p>\n<p style=\"text-align: justify;\"><span style=\"font-size: 11pt; font-family: 'Calibri','sans-serif';\">ore 19,00 \u2013 S. Messa <\/span><\/p>\n<p style=\"text-align: justify;\"><span style=\"font-size: 11pt; font-family: 'Calibri','sans-serif';\">ore 20,00 \u2013 Processione a spalla della Statua di Maria Santissima degli Angeli dal Sagrato nel rione S. Gaetano \u2013 piazza Dante \u2013 vicoli di Cassano vecchia \u2013 piazza Garibaldi con la prima edizione del Concorso &#8220;balcone pi\u00f9 fiorito e addobbato&#8221; curata dall&#8217;Associazione Centro Storico di Cassano delle Murge onlus.<br \/><\/span><\/p>\n<p style=\"text-align: justify;\"><span style=\"font-size: 11pt; font-family: 'Calibri','sans-serif';\">Itinerario della processione: via Miani &#8211; via Magg. Turitto &#8211; via San Pietro &#8211; pioazza Adua &#8211; Via S. Stefano &#8211; via san Rocco &#8211; via C. Chimienti &#8211; via dei Martiri &#8211; via Mazzini &#8211; via Mastrocanta &#8211; piazza Rossani &#8211; via Perotti &#8211; via Gentile -via Immacolata &#8211; via Tarsitano &#8211; via Diaz &#8211; via Nitti &#8211; via s. Francesco &#8211; via Laudati &#8211; via Isonzo &#8211; via Sannicandro &#8211; piazza Dante &#8211; via Battisti &#8211; via Roma &#8211; via Cassamo vecchia &#8211; via san Giuseppe &#8211; via magg. Turitto &#8211; via Vittorio Emanuele III &#8211; viale della repubblica &#8211; via Madonna delle Grazie parrocchia Santa Maria delle Grazie. <\/p>\n<p> <\/span><\/p>\n<p style=\"text-align: justify;\"><span style=\"font-size: 11pt; font-family: 'Calibri','sans-serif';\">ore 22,00 \u2013 Giardini di piazza Garibaldi: il Simulacro della Madonna viene issato sul carro trionfale per essere trasportato presso la Parrocchia della Madonna delle Grazie ove permane fino alla sera di marted\u00ec 4 agosto<\/span><\/p>\n<p style=\"text-align: justify;\"><span style=\"font-size: 11pt; font-family: 'Calibri','sans-serif';\">ore 00,00 \u2013 Il Quadro dell\u2019Immagine della Madonna viene portato a spalla dalla piazza Aldo Moro alla Chiesa di S. Giuseppe ove verr\u00e0 custodito sino alla festa della \u201cMadonn d\u2019 bbasc\u201d di maggio 2013.<\/span><\/p>\n<p><span style=\"font-size: 11pt; font-family: 'Calibri','sans-serif';\"><strong>Fuoriprogramma dell&#8217;ultim&#8217;ora: a mezzanotte e mezza (circa) si sar\u00e0 un&nbsp; fuoco d&#8217;artificio, inizialmente non previsto dal programma. CassanoWeb lo ha appreso direttamente dal presidente Viapiano che ha confermato. <\/strong><\/p>\n<p> <\/span><\/p>\n<p>&nbsp;<\/p>\n<p style=\"text-align: center;\"><span style=\"font-family: 'Arial','sans-serif'; font-size: 10pt;\"><img loading=\"lazy\" decoding=\"async\" style=\"margin-right: 2px; margin-left: 2px;\" alt=\"sindaco su Carro\" src=\"images\/stories\/sindaco_su_Carro.jpg\" height=\"403\" width=\"600\" \/><\/span><\/p>\n<p style=\"text-align: center;\"><span style=\"font-family: 'Arial','sans-serif'; font-size: 10pt;\"><br \/><\/span><\/p>\n<p style=\"text-align: center;\"><span style=\"font-family: 'Arial','sans-serif'; font-size: 10pt;\"><img loading=\"lazy\" decoding=\"async\" style=\"margin-right: 2px; margin-left: 2px;\" alt=\"don Nunzio e don Giancarlo\" src=\"images\/stories\/don_Nunzio_e_don_Giancarlo.jpg\" height=\"403\" width=\"600\" \/><\/span><\/p>\n<p style=\"text-align: center;\"><span style=\"font-family: 'Arial','sans-serif'; font-size: 10pt;\"><br \/><\/span><\/p>\n<p style=\"text-align: center;\"><span style=\"font-family: 'Arial','sans-serif'; font-size: 10pt;\"><img loading=\"lazy\" decoding=\"async\" class=\" size-full wp-image-6188\" style=\"margin-right: 2px; margin-left: 2px;\" alt=\"madonna degli angeli in piazza\" src=\"https:\/\/archiviocassano.lavocedelpaese.info\/wp-content\/uploads\/2012\/08\/madonna_degli_angeli_in_piazza.jpg\" height=\"403\" width=\"600\" srcset=\"https:\/\/archiviocassano.lavocedelpaese.info\/wp-content\/uploads\/2012\/08\/madonna_degli_angeli_in_piazza.jpg 600w, https:\/\/archiviocassano.lavocedelpaese.info\/wp-content\/uploads\/2012\/08\/madonna_degli_angeli_in_piazza-300x202.jpg 300w\" sizes=\"auto, (max-width: 600px) 100vw, 600px\" \/><\/span><\/p>\n","protected":false},"excerpt":{"rendered":"","protected":false},"author":1,"featured_media":0,"comment_status":"open","ping_status":"closed","sticky":false,"template":"","format":"standard","meta":{"colormag_page_container_layout":"default_layout","colormag_page_sidebar_layout":"default_layout","footnotes":""},"categories":[7],"tags":[],"class_list":["post-6189","post","type-post","status-publish","format-standard","hentry","category-attualita"],"yoast_head":"<!-- This site is optimized with the Yoast SEO plugin v27.5 - https:\/\/yoast.com\/product\/yoast-seo-wordpress\/ -->\n<title>Consegnate a Maria le chiavi del paese. Terzo giorno di Festa - Archivio CassanoWeb<\/title>\n<meta name=\"robots\" content=\"index, follow, max-snippet:-1, max-image-preview:large, max-video-preview:-1\" \/>\n<link rel=\"canonical\" href=\"https:\/\/archiviocassano.lavocedelpaese.info\/index.php\/2012\/08\/03\/terzo-giorno-della-festa-patronale-il-programma\/\" \/>\n<meta property=\"og:locale\" content=\"it_IT\" \/>\n<meta property=\"og:type\" content=\"article\" \/>\n<meta property=\"og:title\" content=\"Consegnate a Maria le chiavi del paese. Terzo giorno di Festa - Archivio CassanoWeb\" \/>\n<meta property=\"og:url\" content=\"https:\/\/archiviocassano.lavocedelpaese.info\/index.php\/2012\/08\/03\/terzo-giorno-della-festa-patronale-il-programma\/\" \/>\n<meta property=\"og:site_name\" content=\"Archivio CassanoWeb\" \/>\n<meta property=\"article:publisher\" content=\"https:\/\/www.facebook.com\/redazione.cassanoweb\" \/>\n<meta property=\"article:published_time\" content=\"2012-08-03T09:04:20+00:00\" \/>\n<meta property=\"og:image\" content=\"https:\/\/archiviocassano.lavocedelpaese.info\/wp-content\/uploads\/2012\/08\/madonna_degli_angeli_in_piazza.jpg\" \/>\n<meta name=\"author\" content=\"admin\" \/>\n<meta name=\"twitter:card\" content=\"summary_large_image\" \/>\n<meta name=\"twitter:label1\" content=\"Scritto da\" \/>\n\t<meta name=\"twitter:data1\" content=\"admin\" \/>\n\t<meta name=\"twitter:label2\" content=\"Tempo di lettura stimato\" \/>\n\t<meta name=\"twitter:data2\" content=\"4 minuti\" \/>\n<script type=\"application\/ld+json\" class=\"yoast-schema-graph\">{\"@context\":\"https:\\\/\\\/schema.org\",\"@graph\":[{\"@type\":\"Article\",\"@id\":\"https:\\\/\\\/archiviocassano.lavocedelpaese.info\\\/index.php\\\/2012\\\/08\\\/03\\\/terzo-giorno-della-festa-patronale-il-programma\\\/#article\",\"isPartOf\":{\"@id\":\"https:\\\/\\\/archiviocassano.lavocedelpaese.info\\\/index.php\\\/2012\\\/08\\\/03\\\/terzo-giorno-della-festa-patronale-il-programma\\\/\"},\"author\":{\"name\":\"admin\",\"@id\":\"https:\\\/\\\/archiviocassano.lavocedelpaese.info\\\/#\\\/schema\\\/person\\\/df195bc79a9b4c35127cf005f92e041b\"},\"headline\":\"Consegnate a Maria le chiavi del paese. Terzo giorno di Festa\",\"datePublished\":\"2012-08-03T09:04:20+00:00\",\"mainEntityOfPage\":{\"@id\":\"https:\\\/\\\/archiviocassano.lavocedelpaese.info\\\/index.php\\\/2012\\\/08\\\/03\\\/terzo-giorno-della-festa-patronale-il-programma\\\/\"},\"wordCount\":796,\"commentCount\":0,\"publisher\":{\"@id\":\"https:\\\/\\\/archiviocassano.lavocedelpaese.info\\\/#organization\"},\"image\":{\"@id\":\"https:\\\/\\\/archiviocassano.lavocedelpaese.info\\\/index.php\\\/2012\\\/08\\\/03\\\/terzo-giorno-della-festa-patronale-il-programma\\\/#primaryimage\"},\"thumbnailUrl\":\"https:\\\/\\\/archiviocassano.lavocedelpaese.info\\\/wp-content\\\/uploads\\\/2012\\\/08\\\/madonna_degli_angeli_in_piazza.jpg\",\"articleSection\":[\"Attualit\u00e0\"],\"inLanguage\":\"it-IT\",\"potentialAction\":[{\"@type\":\"CommentAction\",\"name\":\"Comment\",\"target\":[\"https:\\\/\\\/archiviocassano.lavocedelpaese.info\\\/index.php\\\/2012\\\/08\\\/03\\\/terzo-giorno-della-festa-patronale-il-programma\\\/#respond\"]}]},{\"@type\":\"WebPage\",\"@id\":\"https:\\\/\\\/archiviocassano.lavocedelpaese.info\\\/index.php\\\/2012\\\/08\\\/03\\\/terzo-giorno-della-festa-patronale-il-programma\\\/\",\"url\":\"https:\\\/\\\/archiviocassano.lavocedelpaese.info\\\/index.php\\\/2012\\\/08\\\/03\\\/terzo-giorno-della-festa-patronale-il-programma\\\/\",\"name\":\"Consegnate a Maria le chiavi del paese. Terzo giorno di Festa - Archivio CassanoWeb\",\"isPartOf\":{\"@id\":\"https:\\\/\\\/archiviocassano.lavocedelpaese.info\\\/#website\"},\"primaryImageOfPage\":{\"@id\":\"https:\\\/\\\/archiviocassano.lavocedelpaese.info\\\/index.php\\\/2012\\\/08\\\/03\\\/terzo-giorno-della-festa-patronale-il-programma\\\/#primaryimage\"},\"image\":{\"@id\":\"https:\\\/\\\/archiviocassano.lavocedelpaese.info\\\/index.php\\\/2012\\\/08\\\/03\\\/terzo-giorno-della-festa-patronale-il-programma\\\/#primaryimage\"},\"thumbnailUrl\":\"https:\\\/\\\/archiviocassano.lavocedelpaese.info\\\/wp-content\\\/uploads\\\/2012\\\/08\\\/madonna_degli_angeli_in_piazza.jpg\",\"datePublished\":\"2012-08-03T09:04:20+00:00\",\"breadcrumb\":{\"@id\":\"https:\\\/\\\/archiviocassano.lavocedelpaese.info\\\/index.php\\\/2012\\\/08\\\/03\\\/terzo-giorno-della-festa-patronale-il-programma\\\/#breadcrumb\"},\"inLanguage\":\"it-IT\",\"potentialAction\":[{\"@type\":\"ReadAction\",\"target\":[\"https:\\\/\\\/archiviocassano.lavocedelpaese.info\\\/index.php\\\/2012\\\/08\\\/03\\\/terzo-giorno-della-festa-patronale-il-programma\\\/\"]}]},{\"@type\":\"ImageObject\",\"inLanguage\":\"it-IT\",\"@id\":\"https:\\\/\\\/archiviocassano.lavocedelpaese.info\\\/index.php\\\/2012\\\/08\\\/03\\\/terzo-giorno-della-festa-patronale-il-programma\\\/#primaryimage\",\"url\":\"https:\\\/\\\/archiviocassano.lavocedelpaese.info\\\/wp-content\\\/uploads\\\/2012\\\/08\\\/madonna_degli_angeli_in_piazza.jpg\",\"contentUrl\":\"https:\\\/\\\/archiviocassano.lavocedelpaese.info\\\/wp-content\\\/uploads\\\/2012\\\/08\\\/madonna_degli_angeli_in_piazza.jpg\",\"width\":600,\"height\":403,\"caption\":\"madonna degli angeli in piazza\"},{\"@type\":\"BreadcrumbList\",\"@id\":\"https:\\\/\\\/archiviocassano.lavocedelpaese.info\\\/index.php\\\/2012\\\/08\\\/03\\\/terzo-giorno-della-festa-patronale-il-programma\\\/#breadcrumb\",\"itemListElement\":[{\"@type\":\"ListItem\",\"position\":1,\"name\":\"Home\",\"item\":\"https:\\\/\\\/archiviocassano.lavocedelpaese.info\\\/\"},{\"@type\":\"ListItem\",\"position\":2,\"name\":\"Consegnate a Maria le chiavi del paese. Terzo giorno di Festa\"}]},{\"@type\":\"WebSite\",\"@id\":\"https:\\\/\\\/archiviocassano.lavocedelpaese.info\\\/#website\",\"url\":\"https:\\\/\\\/archiviocassano.lavocedelpaese.info\\\/\",\"name\":\"Archivio CassanoWeb\",\"description\":\"La Voce del Paese - un network di idee\",\"publisher\":{\"@id\":\"https:\\\/\\\/archiviocassano.lavocedelpaese.info\\\/#organization\"},\"potentialAction\":[{\"@type\":\"SearchAction\",\"target\":{\"@type\":\"EntryPoint\",\"urlTemplate\":\"https:\\\/\\\/archiviocassano.lavocedelpaese.info\\\/?s={search_term_string}\"},\"query-input\":{\"@type\":\"PropertyValueSpecification\",\"valueRequired\":true,\"valueName\":\"search_term_string\"}}],\"inLanguage\":\"it-IT\"},{\"@type\":\"Organization\",\"@id\":\"https:\\\/\\\/archiviocassano.lavocedelpaese.info\\\/#organization\",\"name\":\"Archivio CassanoWeb\",\"url\":\"https:\\\/\\\/archiviocassano.lavocedelpaese.info\\\/\",\"logo\":{\"@type\":\"ImageObject\",\"inLanguage\":\"it-IT\",\"@id\":\"https:\\\/\\\/archiviocassano.lavocedelpaese.info\\\/#\\\/schema\\\/logo\\\/image\\\/\",\"url\":\"https:\\\/\\\/archiviocassano.lavocedelpaese.info\\\/wp-content\\\/uploads\\\/2024\\\/08\\\/logo-rosso-2.png\",\"contentUrl\":\"https:\\\/\\\/archiviocassano.lavocedelpaese.info\\\/wp-content\\\/uploads\\\/2024\\\/08\\\/logo-rosso-2.png\",\"width\":491,\"height\":432,\"caption\":\"Archivio CassanoWeb\"},\"image\":{\"@id\":\"https:\\\/\\\/archiviocassano.lavocedelpaese.info\\\/#\\\/schema\\\/logo\\\/image\\\/\"},\"sameAs\":[\"https:\\\/\\\/www.facebook.com\\\/redazione.cassanoweb\"]},{\"@type\":\"Person\",\"@id\":\"https:\\\/\\\/archiviocassano.lavocedelpaese.info\\\/#\\\/schema\\\/person\\\/df195bc79a9b4c35127cf005f92e041b\",\"name\":\"admin\",\"image\":{\"@type\":\"ImageObject\",\"inLanguage\":\"it-IT\",\"@id\":\"https:\\\/\\\/secure.gravatar.com\\\/avatar\\\/eabba89a432e8eaa1b0207cc55f7e5340b22712b1ed80677efcf63e02ff5b235?s=96&d=mm&r=g\",\"url\":\"https:\\\/\\\/secure.gravatar.com\\\/avatar\\\/eabba89a432e8eaa1b0207cc55f7e5340b22712b1ed80677efcf63e02ff5b235?s=96&d=mm&r=g\",\"contentUrl\":\"https:\\\/\\\/secure.gravatar.com\\\/avatar\\\/eabba89a432e8eaa1b0207cc55f7e5340b22712b1ed80677efcf63e02ff5b235?s=96&d=mm&r=g\",\"caption\":\"admin\"},\"sameAs\":[\"https:\\\/\\\/archiviocassano.lavocedelpaese.info\"],\"url\":\"https:\\\/\\\/archiviocassano.lavocedelpaese.info\\\/index.php\\\/author\\\/admin_0qgz1xdp\\\/\"}]}<\/script>\n<!-- \/ Yoast SEO plugin. -->","yoast_head_json":{"title":"Consegnate a Maria le chiavi del paese. Terzo giorno di Festa - Archivio CassanoWeb","robots":{"index":"index","follow":"follow","max-snippet":"max-snippet:-1","max-image-preview":"max-image-preview:large","max-video-preview":"max-video-preview:-1"},"canonical":"https:\/\/archiviocassano.lavocedelpaese.info\/index.php\/2012\/08\/03\/terzo-giorno-della-festa-patronale-il-programma\/","og_locale":"it_IT","og_type":"article","og_title":"Consegnate a Maria le chiavi del paese. Terzo giorno di Festa - Archivio CassanoWeb","og_url":"https:\/\/archiviocassano.lavocedelpaese.info\/index.php\/2012\/08\/03\/terzo-giorno-della-festa-patronale-il-programma\/","og_site_name":"Archivio CassanoWeb","article_publisher":"https:\/\/www.facebook.com\/redazione.cassanoweb","article_published_time":"2012-08-03T09:04:20+00:00","og_image":[{"url":"https:\/\/archiviocassano.lavocedelpaese.info\/wp-content\/uploads\/2012\/08\/madonna_degli_angeli_in_piazza.jpg","type":"","width":"","height":""}],"author":"admin","twitter_card":"summary_large_image","twitter_misc":{"Scritto da":"admin","Tempo di lettura stimato":"4 minuti"},"schema":{"@context":"https:\/\/schema.org","@graph":[{"@type":"Article","@id":"https:\/\/archiviocassano.lavocedelpaese.info\/index.php\/2012\/08\/03\/terzo-giorno-della-festa-patronale-il-programma\/#article","isPartOf":{"@id":"https:\/\/archiviocassano.lavocedelpaese.info\/index.php\/2012\/08\/03\/terzo-giorno-della-festa-patronale-il-programma\/"},"author":{"name":"admin","@id":"https:\/\/archiviocassano.lavocedelpaese.info\/#\/schema\/person\/df195bc79a9b4c35127cf005f92e041b"},"headline":"Consegnate a Maria le chiavi del paese. Terzo giorno di Festa","datePublished":"2012-08-03T09:04:20+00:00","mainEntityOfPage":{"@id":"https:\/\/archiviocassano.lavocedelpaese.info\/index.php\/2012\/08\/03\/terzo-giorno-della-festa-patronale-il-programma\/"},"wordCount":796,"commentCount":0,"publisher":{"@id":"https:\/\/archiviocassano.lavocedelpaese.info\/#organization"},"image":{"@id":"https:\/\/archiviocassano.lavocedelpaese.info\/index.php\/2012\/08\/03\/terzo-giorno-della-festa-patronale-il-programma\/#primaryimage"},"thumbnailUrl":"https:\/\/archiviocassano.lavocedelpaese.info\/wp-content\/uploads\/2012\/08\/madonna_degli_angeli_in_piazza.jpg","articleSection":["Attualit\u00e0"],"inLanguage":"it-IT","potentialAction":[{"@type":"CommentAction","name":"Comment","target":["https:\/\/archiviocassano.lavocedelpaese.info\/index.php\/2012\/08\/03\/terzo-giorno-della-festa-patronale-il-programma\/#respond"]}]},{"@type":"WebPage","@id":"https:\/\/archiviocassano.lavocedelpaese.info\/index.php\/2012\/08\/03\/terzo-giorno-della-festa-patronale-il-programma\/","url":"https:\/\/archiviocassano.lavocedelpaese.info\/index.php\/2012\/08\/03\/terzo-giorno-della-festa-patronale-il-programma\/","name":"Consegnate a Maria le chiavi del paese. Terzo giorno di Festa - Archivio CassanoWeb","isPartOf":{"@id":"https:\/\/archiviocassano.lavocedelpaese.info\/#website"},"primaryImageOfPage":{"@id":"https:\/\/archiviocassano.lavocedelpaese.info\/index.php\/2012\/08\/03\/terzo-giorno-della-festa-patronale-il-programma\/#primaryimage"},"image":{"@id":"https:\/\/archiviocassano.lavocedelpaese.info\/index.php\/2012\/08\/03\/terzo-giorno-della-festa-patronale-il-programma\/#primaryimage"},"thumbnailUrl":"https:\/\/archiviocassano.lavocedelpaese.info\/wp-content\/uploads\/2012\/08\/madonna_degli_angeli_in_piazza.jpg","datePublished":"2012-08-03T09:04:20+00:00","breadcrumb":{"@id":"https:\/\/archiviocassano.lavocedelpaese.info\/index.php\/2012\/08\/03\/terzo-giorno-della-festa-patronale-il-programma\/#breadcrumb"},"inLanguage":"it-IT","potentialAction":[{"@type":"ReadAction","target":["https:\/\/archiviocassano.lavocedelpaese.info\/index.php\/2012\/08\/03\/terzo-giorno-della-festa-patronale-il-programma\/"]}]},{"@type":"ImageObject","inLanguage":"it-IT","@id":"https:\/\/archiviocassano.lavocedelpaese.info\/index.php\/2012\/08\/03\/terzo-giorno-della-festa-patronale-il-programma\/#primaryimage","url":"https:\/\/archiviocassano.lavocedelpaese.info\/wp-content\/uploads\/2012\/08\/madonna_degli_angeli_in_piazza.jpg","contentUrl":"https:\/\/archiviocassano.lavocedelpaese.info\/wp-content\/uploads\/2012\/08\/madonna_degli_angeli_in_piazza.jpg","width":600,"height":403,"caption":"madonna degli angeli in piazza"},{"@type":"BreadcrumbList","@id":"https:\/\/archiviocassano.lavocedelpaese.info\/index.php\/2012\/08\/03\/terzo-giorno-della-festa-patronale-il-programma\/#breadcrumb","itemListElement":[{"@type":"ListItem","position":1,"name":"Home","item":"https:\/\/archiviocassano.lavocedelpaese.info\/"},{"@type":"ListItem","position":2,"name":"Consegnate a Maria le chiavi del paese. Terzo giorno di Festa"}]},{"@type":"WebSite","@id":"https:\/\/archiviocassano.lavocedelpaese.info\/#website","url":"https:\/\/archiviocassano.lavocedelpaese.info\/","name":"Archivio CassanoWeb","description":"La Voce del Paese - un network di idee","publisher":{"@id":"https:\/\/archiviocassano.lavocedelpaese.info\/#organization"},"potentialAction":[{"@type":"SearchAction","target":{"@type":"EntryPoint","urlTemplate":"https:\/\/archiviocassano.lavocedelpaese.info\/?s={search_term_string}"},"query-input":{"@type":"PropertyValueSpecification","valueRequired":true,"valueName":"search_term_string"}}],"inLanguage":"it-IT"},{"@type":"Organization","@id":"https:\/\/archiviocassano.lavocedelpaese.info\/#organization","name":"Archivio CassanoWeb","url":"https:\/\/archiviocassano.lavocedelpaese.info\/","logo":{"@type":"ImageObject","inLanguage":"it-IT","@id":"https:\/\/archiviocassano.lavocedelpaese.info\/#\/schema\/logo\/image\/","url":"https:\/\/archiviocassano.lavocedelpaese.info\/wp-content\/uploads\/2024\/08\/logo-rosso-2.png","contentUrl":"https:\/\/archiviocassano.lavocedelpaese.info\/wp-content\/uploads\/2024\/08\/logo-rosso-2.png","width":491,"height":432,"caption":"Archivio CassanoWeb"},"image":{"@id":"https:\/\/archiviocassano.lavocedelpaese.info\/#\/schema\/logo\/image\/"},"sameAs":["https:\/\/www.facebook.com\/redazione.cassanoweb"]},{"@type":"Person","@id":"https:\/\/archiviocassano.lavocedelpaese.info\/#\/schema\/person\/df195bc79a9b4c35127cf005f92e041b","name":"admin","image":{"@type":"ImageObject","inLanguage":"it-IT","@id":"https:\/\/secure.gravatar.com\/avatar\/eabba89a432e8eaa1b0207cc55f7e5340b22712b1ed80677efcf63e02ff5b235?s=96&d=mm&r=g","url":"https:\/\/secure.gravatar.com\/avatar\/eabba89a432e8eaa1b0207cc55f7e5340b22712b1ed80677efcf63e02ff5b235?s=96&d=mm&r=g","contentUrl":"https:\/\/secure.gravatar.com\/avatar\/eabba89a432e8eaa1b0207cc55f7e5340b22712b1ed80677efcf63e02ff5b235?s=96&d=mm&r=g","caption":"admin"},"sameAs":["https:\/\/archiviocassano.lavocedelpaese.info"],"url":"https:\/\/archiviocassano.lavocedelpaese.info\/index.php\/author\/admin_0qgz1xdp\/"}]}},"_links":{"self":[{"href":"https:\/\/archiviocassano.lavocedelpaese.info\/index.php\/wp-json\/wp\/v2\/posts\/6189","targetHints":{"allow":["GET"]}}],"collection":[{"href":"https:\/\/archiviocassano.lavocedelpaese.info\/index.php\/wp-json\/wp\/v2\/posts"}],"about":[{"href":"https:\/\/archiviocassano.lavocedelpaese.info\/index.php\/wp-json\/wp\/v2\/types\/post"}],"author":[{"embeddable":true,"href":"https:\/\/archiviocassano.lavocedelpaese.info\/index.php\/wp-json\/wp\/v2\/users\/1"}],"replies":[{"embeddable":true,"href":"https:\/\/archiviocassano.lavocedelpaese.info\/index.php\/wp-json\/wp\/v2\/comments?post=6189"}],"version-history":[{"count":0,"href":"https:\/\/archiviocassano.lavocedelpaese.info\/index.php\/wp-json\/wp\/v2\/posts\/6189\/revisions"}],"wp:attachment":[{"href":"https:\/\/archiviocassano.lavocedelpaese.info\/index.php\/wp-json\/wp\/v2\/media?parent=6189"}],"wp:term":[{"taxonomy":"category","embeddable":true,"href":"https:\/\/archiviocassano.lavocedelpaese.info\/index.php\/wp-json\/wp\/v2\/categories?post=6189"},{"taxonomy":"post_tag","embeddable":true,"href":"https:\/\/archiviocassano.lavocedelpaese.info\/index.php\/wp-json\/wp\/v2\/tags?post=6189"}],"curies":[{"name":"wp","href":"https:\/\/api.w.org\/{rel}","templated":true}]}}