{"id":6244,"date":"2012-08-14T15:59:02","date_gmt":"2012-08-14T15:59:02","guid":{"rendered":"https:\/\/archiviocassano.lavocedelpaese.info\/index.php\/2012\/08\/14\/per-ferragosto-impegno-straordinario-dei-carabinieri-sul-territorio\/"},"modified":"2012-08-14T15:59:02","modified_gmt":"2012-08-14T15:59:02","slug":"per-ferragosto-impegno-straordinario-dei-carabinieri-sul-territorio","status":"publish","type":"post","link":"https:\/\/archiviocassano.lavocedelpaese.info\/index.php\/2012\/08\/14\/per-ferragosto-impegno-straordinario-dei-carabinieri-sul-territorio\/","title":{"rendered":"Per Ferragosto impegno straordinario dei Carabinieri"},"content":{"rendered":"<p><img loading=\"lazy\" decoding=\"async\" class=\" size-full wp-image-5344\" style=\"margin-right: 2px; margin-left: 2px;\" alt=\"carabinieri a posto di blocco\" src=\"https:\/\/archiviocassano.lavocedelpaese.info\/wp-content\/uploads\/2012\/02\/carabinieri_a_posto_di_blocco.jpg\" height=\"150\" width=\"320\" \/><\/p>\n<p><!--more--><\/p>\n<p style=\"text-align: justify;\">Il Comando Provinciale Carabinieri di Bari in corrispondenza della festivit\u00e0 di &#8220;ferragosto&#8221; ha disposto un servizio straordinario di controllo del territorio nel capoluogo e nelle provincie di Bari e BAT. Imponente sar\u00e0 il dispiegamento di forza con circa <strong>400 militari<\/strong> impiegati a bordo di <strong>200 mezzi<\/strong> in oltre 250 servizi. Numerosi saranno gli obiettivi sensibili che i militari sottoporranno a vigilanza e controllo anche con il supporto di 1 mezzo navale e 1 elicottero.<\/p>\n<p style=\"text-align: justify;\">L&#8217;approssimarsi della ricorrenza di met\u00e0 estate, quando le maggiori localit\u00e0 turistiche saranno prese d&#8217;assalto da turisti e vacanzieri rende necessaria l&#8217;attuazione di mirati ed incisivi dispositivi finalizzati a monitorare il territorio in funzione delle singole realt\u00e0 contingenti. Massicci saranno i controlli specialmente nelle localit\u00e0 di mare, nei pressi delle stazioni ferroviarie, sulle principali arterie stradali ed autostradali, in prossimit\u00e0 dell\u2019area portuale ed aeroportuale, per permettere ai cittadini di godersi in pace le giornate centrali dell\u2019estate. In particolare lungo la fascia costiera, dove \u00e8 previsto un pi\u00f9 alto volume di traffico, verranno istituiti numerosi posti di controllo alla circolazione stradale impiegando dispositivi elettronici, quali l\u2019etilometro e l\u2019autovelox utili all\u2019accertamento di condotte di guida sotto l\u2019effetto di alcool o in violazione dei prescritti limiti di velocit\u00e0. Le principali arterie stradali saranno monitorate gi\u00e0 dalle prime ore del mattino, allorquando si prevedono le partenze per le localit\u00e0 balneari e nelle ore serali, quando sono previsti i rientri.<\/p>\n<p style=\"text-align: justify;\">L&#8217;attivit\u00e0 sar\u00e0 condotta soprattutto attraverso unit\u00e0 Radiomobili e Motociclisti, con il concorso aereo del Nucleo Elicotteri, che privilegeranno gli assi di collegamento pi\u00f9 critici e gli snodi \u201csensibili\u201d sotto il profilo della sicurezza. Le &#8220;armi&#8221; a disposizione dei militari saranno principalmente gli etilometri, il sistema di rilevazione \u201cfalco\u201d ed il sistema di videoripresa \u201cprovida\u201d. Questi nuovi ausili tecnologici permettono di individuare in tempo reale le targhe delle autovetture denunciate come rubate e documentare, anche in movimento, il controllo delle velocit\u00e0 elevate e delle condotte di guida pericolose.<\/p>\n<p style=\"text-align: justify;\">Lungo la costa, invece, verr\u00e0 impiegata la motovedetta \u201cPezzuto\u201d che vigiler\u00e0 sulla regolarit\u00e0 del traffico marittimo dei diportisti, prestando particolare attenzione alle condotte di guida pericolose delle imbarcazioni e degli scooter marini.<\/p>\n<p style=\"text-align: justify;\">Sono stati predisposti diversi servizi a piedi, anche in borghese, per garantire una adeguata cornice di sicurezza lungo le vie cittadine, le sedi istituzionali, i musei, le chiese, i locali pubblici e i centri commerciali al fine di prevenire furti in abitazione, rapine, borseggi a passanti, danneggiamenti di bancomat o casse continue, furti nei cantieri e\/o mezzi d\u2019opera nonch\u00e9 di\/su autovetture.<\/p>\n<p style=\"text-align: justify;\">La \u201ctask force\u201d dei Carabinieri con \u201cferragosto sicuro\u201d prevede inoltre perquisizioni orientate a contrastare la diffusione della detenzione e spaccio di sostanze stupefacenti, soprattutto nei locali notturni costieri quali discoteche, night e pub con l&#8217;impiego di unit\u00e0 cinofile specializzate.<\/p>\n<p style=\"text-align: justify;\">Particolare attenzione infine sar\u00e0 rivolta anche alla vigilanza delle zone boschive e della Murgia al fine di prevenire il verificarsi di incendi di natura dolosa e\/o accidentale, tra cui la <strong>\u201cForesta di Mercadante<\/strong>\u201d e l\u2019area di \u201cCastel del Monte\u201d.<\/p>\n<p>&nbsp;<\/p>\n","protected":false},"excerpt":{"rendered":"","protected":false},"author":1,"featured_media":5344,"comment_status":"open","ping_status":"closed","sticky":false,"template":"","format":"standard","meta":{"colormag_page_container_layout":"default_layout","colormag_page_sidebar_layout":"default_layout","footnotes":""},"categories":[8],"tags":[],"class_list":["post-6244","post","type-post","status-publish","format-standard","has-post-thumbnail","hentry","category-cronaca"],"yoast_head":"<!-- This site is optimized with the Yoast SEO plugin v27.5 - https:\/\/yoast.com\/product\/yoast-seo-wordpress\/ -->\n<title>Per Ferragosto impegno straordinario dei Carabinieri - Archivio CassanoWeb<\/title>\n<meta name=\"robots\" content=\"index, follow, max-snippet:-1, max-image-preview:large, max-video-preview:-1\" \/>\n<link rel=\"canonical\" href=\"https:\/\/archiviocassano.lavocedelpaese.info\/index.php\/2012\/08\/14\/per-ferragosto-impegno-straordinario-dei-carabinieri-sul-territorio\/\" \/>\n<meta property=\"og:locale\" content=\"it_IT\" \/>\n<meta property=\"og:type\" content=\"article\" \/>\n<meta property=\"og:title\" content=\"Per Ferragosto impegno straordinario dei Carabinieri - Archivio CassanoWeb\" \/>\n<meta property=\"og:url\" content=\"https:\/\/archiviocassano.lavocedelpaese.info\/index.php\/2012\/08\/14\/per-ferragosto-impegno-straordinario-dei-carabinieri-sul-territorio\/\" \/>\n<meta property=\"og:site_name\" content=\"Archivio CassanoWeb\" \/>\n<meta property=\"article:publisher\" content=\"https:\/\/www.facebook.com\/redazione.cassanoweb\" \/>\n<meta property=\"article:published_time\" content=\"2012-08-14T15:59:02+00:00\" \/>\n<meta property=\"og:image\" content=\"https:\/\/archiviocassano.lavocedelpaese.info\/wp-content\/uploads\/2012\/02\/carabinieri_a_posto_di_blocco.jpg\" \/>\n\t<meta property=\"og:image:width\" content=\"680\" \/>\n\t<meta property=\"og:image:height\" content=\"480\" \/>\n\t<meta property=\"og:image:type\" content=\"image\/jpeg\" \/>\n<meta name=\"author\" content=\"admin\" \/>\n<meta name=\"twitter:card\" content=\"summary_large_image\" \/>\n<meta name=\"twitter:label1\" content=\"Scritto da\" \/>\n\t<meta name=\"twitter:data1\" content=\"admin\" \/>\n\t<meta name=\"twitter:label2\" content=\"Tempo di lettura stimato\" \/>\n\t<meta name=\"twitter:data2\" content=\"2 minuti\" \/>\n<script type=\"application\/ld+json\" class=\"yoast-schema-graph\">{\"@context\":\"https:\\\/\\\/schema.org\",\"@graph\":[{\"@type\":\"Article\",\"@id\":\"https:\\\/\\\/archiviocassano.lavocedelpaese.info\\\/index.php\\\/2012\\\/08\\\/14\\\/per-ferragosto-impegno-straordinario-dei-carabinieri-sul-territorio\\\/#article\",\"isPartOf\":{\"@id\":\"https:\\\/\\\/archiviocassano.lavocedelpaese.info\\\/index.php\\\/2012\\\/08\\\/14\\\/per-ferragosto-impegno-straordinario-dei-carabinieri-sul-territorio\\\/\"},\"author\":{\"name\":\"admin\",\"@id\":\"https:\\\/\\\/archiviocassano.lavocedelpaese.info\\\/#\\\/schema\\\/person\\\/df195bc79a9b4c35127cf005f92e041b\"},\"headline\":\"Per Ferragosto impegno straordinario dei Carabinieri\",\"datePublished\":\"2012-08-14T15:59:02+00:00\",\"mainEntityOfPage\":{\"@id\":\"https:\\\/\\\/archiviocassano.lavocedelpaese.info\\\/index.php\\\/2012\\\/08\\\/14\\\/per-ferragosto-impegno-straordinario-dei-carabinieri-sul-territorio\\\/\"},\"wordCount\":503,\"commentCount\":0,\"publisher\":{\"@id\":\"https:\\\/\\\/archiviocassano.lavocedelpaese.info\\\/#organization\"},\"image\":{\"@id\":\"https:\\\/\\\/archiviocassano.lavocedelpaese.info\\\/index.php\\\/2012\\\/08\\\/14\\\/per-ferragosto-impegno-straordinario-dei-carabinieri-sul-territorio\\\/#primaryimage\"},\"thumbnailUrl\":\"https:\\\/\\\/archiviocassano.lavocedelpaese.info\\\/wp-content\\\/uploads\\\/2012\\\/02\\\/carabinieri_a_posto_di_blocco.jpg\",\"articleSection\":[\"Cronaca\"],\"inLanguage\":\"it-IT\",\"potentialAction\":[{\"@type\":\"CommentAction\",\"name\":\"Comment\",\"target\":[\"https:\\\/\\\/archiviocassano.lavocedelpaese.info\\\/index.php\\\/2012\\\/08\\\/14\\\/per-ferragosto-impegno-straordinario-dei-carabinieri-sul-territorio\\\/#respond\"]}]},{\"@type\":\"WebPage\",\"@id\":\"https:\\\/\\\/archiviocassano.lavocedelpaese.info\\\/index.php\\\/2012\\\/08\\\/14\\\/per-ferragosto-impegno-straordinario-dei-carabinieri-sul-territorio\\\/\",\"url\":\"https:\\\/\\\/archiviocassano.lavocedelpaese.info\\\/index.php\\\/2012\\\/08\\\/14\\\/per-ferragosto-impegno-straordinario-dei-carabinieri-sul-territorio\\\/\",\"name\":\"Per Ferragosto impegno straordinario dei Carabinieri - Archivio CassanoWeb\",\"isPartOf\":{\"@id\":\"https:\\\/\\\/archiviocassano.lavocedelpaese.info\\\/#website\"},\"primaryImageOfPage\":{\"@id\":\"https:\\\/\\\/archiviocassano.lavocedelpaese.info\\\/index.php\\\/2012\\\/08\\\/14\\\/per-ferragosto-impegno-straordinario-dei-carabinieri-sul-territorio\\\/#primaryimage\"},\"image\":{\"@id\":\"https:\\\/\\\/archiviocassano.lavocedelpaese.info\\\/index.php\\\/2012\\\/08\\\/14\\\/per-ferragosto-impegno-straordinario-dei-carabinieri-sul-territorio\\\/#primaryimage\"},\"thumbnailUrl\":\"https:\\\/\\\/archiviocassano.lavocedelpaese.info\\\/wp-content\\\/uploads\\\/2012\\\/02\\\/carabinieri_a_posto_di_blocco.jpg\",\"datePublished\":\"2012-08-14T15:59:02+00:00\",\"breadcrumb\":{\"@id\":\"https:\\\/\\\/archiviocassano.lavocedelpaese.info\\\/index.php\\\/2012\\\/08\\\/14\\\/per-ferragosto-impegno-straordinario-dei-carabinieri-sul-territorio\\\/#breadcrumb\"},\"inLanguage\":\"it-IT\",\"potentialAction\":[{\"@type\":\"ReadAction\",\"target\":[\"https:\\\/\\\/archiviocassano.lavocedelpaese.info\\\/index.php\\\/2012\\\/08\\\/14\\\/per-ferragosto-impegno-straordinario-dei-carabinieri-sul-territorio\\\/\"]}]},{\"@type\":\"ImageObject\",\"inLanguage\":\"it-IT\",\"@id\":\"https:\\\/\\\/archiviocassano.lavocedelpaese.info\\\/index.php\\\/2012\\\/08\\\/14\\\/per-ferragosto-impegno-straordinario-dei-carabinieri-sul-territorio\\\/#primaryimage\",\"url\":\"https:\\\/\\\/archiviocassano.lavocedelpaese.info\\\/wp-content\\\/uploads\\\/2012\\\/02\\\/carabinieri_a_posto_di_blocco.jpg\",\"contentUrl\":\"https:\\\/\\\/archiviocassano.lavocedelpaese.info\\\/wp-content\\\/uploads\\\/2012\\\/02\\\/carabinieri_a_posto_di_blocco.jpg\",\"width\":680,\"height\":480,\"caption\":\"carabinieri a posto di blocco\"},{\"@type\":\"BreadcrumbList\",\"@id\":\"https:\\\/\\\/archiviocassano.lavocedelpaese.info\\\/index.php\\\/2012\\\/08\\\/14\\\/per-ferragosto-impegno-straordinario-dei-carabinieri-sul-territorio\\\/#breadcrumb\",\"itemListElement\":[{\"@type\":\"ListItem\",\"position\":1,\"name\":\"Home\",\"item\":\"https:\\\/\\\/archiviocassano.lavocedelpaese.info\\\/\"},{\"@type\":\"ListItem\",\"position\":2,\"name\":\"Per Ferragosto impegno straordinario dei Carabinieri\"}]},{\"@type\":\"WebSite\",\"@id\":\"https:\\\/\\\/archiviocassano.lavocedelpaese.info\\\/#website\",\"url\":\"https:\\\/\\\/archiviocassano.lavocedelpaese.info\\\/\",\"name\":\"Archivio CassanoWeb\",\"description\":\"La Voce del Paese - un network di idee\",\"publisher\":{\"@id\":\"https:\\\/\\\/archiviocassano.lavocedelpaese.info\\\/#organization\"},\"potentialAction\":[{\"@type\":\"SearchAction\",\"target\":{\"@type\":\"EntryPoint\",\"urlTemplate\":\"https:\\\/\\\/archiviocassano.lavocedelpaese.info\\\/?s={search_term_string}\"},\"query-input\":{\"@type\":\"PropertyValueSpecification\",\"valueRequired\":true,\"valueName\":\"search_term_string\"}}],\"inLanguage\":\"it-IT\"},{\"@type\":\"Organization\",\"@id\":\"https:\\\/\\\/archiviocassano.lavocedelpaese.info\\\/#organization\",\"name\":\"Archivio CassanoWeb\",\"url\":\"https:\\\/\\\/archiviocassano.lavocedelpaese.info\\\/\",\"logo\":{\"@type\":\"ImageObject\",\"inLanguage\":\"it-IT\",\"@id\":\"https:\\\/\\\/archiviocassano.lavocedelpaese.info\\\/#\\\/schema\\\/logo\\\/image\\\/\",\"url\":\"https:\\\/\\\/archiviocassano.lavocedelpaese.info\\\/wp-content\\\/uploads\\\/2024\\\/08\\\/logo-rosso-2.png\",\"contentUrl\":\"https:\\\/\\\/archiviocassano.lavocedelpaese.info\\\/wp-content\\\/uploads\\\/2024\\\/08\\\/logo-rosso-2.png\",\"width\":491,\"height\":432,\"caption\":\"Archivio CassanoWeb\"},\"image\":{\"@id\":\"https:\\\/\\\/archiviocassano.lavocedelpaese.info\\\/#\\\/schema\\\/logo\\\/image\\\/\"},\"sameAs\":[\"https:\\\/\\\/www.facebook.com\\\/redazione.cassanoweb\"]},{\"@type\":\"Person\",\"@id\":\"https:\\\/\\\/archiviocassano.lavocedelpaese.info\\\/#\\\/schema\\\/person\\\/df195bc79a9b4c35127cf005f92e041b\",\"name\":\"admin\",\"image\":{\"@type\":\"ImageObject\",\"inLanguage\":\"it-IT\",\"@id\":\"https:\\\/\\\/secure.gravatar.com\\\/avatar\\\/eabba89a432e8eaa1b0207cc55f7e5340b22712b1ed80677efcf63e02ff5b235?s=96&d=mm&r=g\",\"url\":\"https:\\\/\\\/secure.gravatar.com\\\/avatar\\\/eabba89a432e8eaa1b0207cc55f7e5340b22712b1ed80677efcf63e02ff5b235?s=96&d=mm&r=g\",\"contentUrl\":\"https:\\\/\\\/secure.gravatar.com\\\/avatar\\\/eabba89a432e8eaa1b0207cc55f7e5340b22712b1ed80677efcf63e02ff5b235?s=96&d=mm&r=g\",\"caption\":\"admin\"},\"sameAs\":[\"https:\\\/\\\/archiviocassano.lavocedelpaese.info\"],\"url\":\"https:\\\/\\\/archiviocassano.lavocedelpaese.info\\\/index.php\\\/author\\\/admin_0qgz1xdp\\\/\"}]}<\/script>\n<!-- \/ Yoast SEO plugin. -->","yoast_head_json":{"title":"Per Ferragosto impegno straordinario dei Carabinieri - Archivio CassanoWeb","robots":{"index":"index","follow":"follow","max-snippet":"max-snippet:-1","max-image-preview":"max-image-preview:large","max-video-preview":"max-video-preview:-1"},"canonical":"https:\/\/archiviocassano.lavocedelpaese.info\/index.php\/2012\/08\/14\/per-ferragosto-impegno-straordinario-dei-carabinieri-sul-territorio\/","og_locale":"it_IT","og_type":"article","og_title":"Per Ferragosto impegno straordinario dei Carabinieri - Archivio CassanoWeb","og_url":"https:\/\/archiviocassano.lavocedelpaese.info\/index.php\/2012\/08\/14\/per-ferragosto-impegno-straordinario-dei-carabinieri-sul-territorio\/","og_site_name":"Archivio CassanoWeb","article_publisher":"https:\/\/www.facebook.com\/redazione.cassanoweb","article_published_time":"2012-08-14T15:59:02+00:00","og_image":[{"width":680,"height":480,"url":"https:\/\/archiviocassano.lavocedelpaese.info\/wp-content\/uploads\/2012\/02\/carabinieri_a_posto_di_blocco.jpg","type":"image\/jpeg"}],"author":"admin","twitter_card":"summary_large_image","twitter_misc":{"Scritto da":"admin","Tempo di lettura stimato":"2 minuti"},"schema":{"@context":"https:\/\/schema.org","@graph":[{"@type":"Article","@id":"https:\/\/archiviocassano.lavocedelpaese.info\/index.php\/2012\/08\/14\/per-ferragosto-impegno-straordinario-dei-carabinieri-sul-territorio\/#article","isPartOf":{"@id":"https:\/\/archiviocassano.lavocedelpaese.info\/index.php\/2012\/08\/14\/per-ferragosto-impegno-straordinario-dei-carabinieri-sul-territorio\/"},"author":{"name":"admin","@id":"https:\/\/archiviocassano.lavocedelpaese.info\/#\/schema\/person\/df195bc79a9b4c35127cf005f92e041b"},"headline":"Per Ferragosto impegno straordinario dei Carabinieri","datePublished":"2012-08-14T15:59:02+00:00","mainEntityOfPage":{"@id":"https:\/\/archiviocassano.lavocedelpaese.info\/index.php\/2012\/08\/14\/per-ferragosto-impegno-straordinario-dei-carabinieri-sul-territorio\/"},"wordCount":503,"commentCount":0,"publisher":{"@id":"https:\/\/archiviocassano.lavocedelpaese.info\/#organization"},"image":{"@id":"https:\/\/archiviocassano.lavocedelpaese.info\/index.php\/2012\/08\/14\/per-ferragosto-impegno-straordinario-dei-carabinieri-sul-territorio\/#primaryimage"},"thumbnailUrl":"https:\/\/archiviocassano.lavocedelpaese.info\/wp-content\/uploads\/2012\/02\/carabinieri_a_posto_di_blocco.jpg","articleSection":["Cronaca"],"inLanguage":"it-IT","potentialAction":[{"@type":"CommentAction","name":"Comment","target":["https:\/\/archiviocassano.lavocedelpaese.info\/index.php\/2012\/08\/14\/per-ferragosto-impegno-straordinario-dei-carabinieri-sul-territorio\/#respond"]}]},{"@type":"WebPage","@id":"https:\/\/archiviocassano.lavocedelpaese.info\/index.php\/2012\/08\/14\/per-ferragosto-impegno-straordinario-dei-carabinieri-sul-territorio\/","url":"https:\/\/archiviocassano.lavocedelpaese.info\/index.php\/2012\/08\/14\/per-ferragosto-impegno-straordinario-dei-carabinieri-sul-territorio\/","name":"Per Ferragosto impegno straordinario dei Carabinieri - Archivio CassanoWeb","isPartOf":{"@id":"https:\/\/archiviocassano.lavocedelpaese.info\/#website"},"primaryImageOfPage":{"@id":"https:\/\/archiviocassano.lavocedelpaese.info\/index.php\/2012\/08\/14\/per-ferragosto-impegno-straordinario-dei-carabinieri-sul-territorio\/#primaryimage"},"image":{"@id":"https:\/\/archiviocassano.lavocedelpaese.info\/index.php\/2012\/08\/14\/per-ferragosto-impegno-straordinario-dei-carabinieri-sul-territorio\/#primaryimage"},"thumbnailUrl":"https:\/\/archiviocassano.lavocedelpaese.info\/wp-content\/uploads\/2012\/02\/carabinieri_a_posto_di_blocco.jpg","datePublished":"2012-08-14T15:59:02+00:00","breadcrumb":{"@id":"https:\/\/archiviocassano.lavocedelpaese.info\/index.php\/2012\/08\/14\/per-ferragosto-impegno-straordinario-dei-carabinieri-sul-territorio\/#breadcrumb"},"inLanguage":"it-IT","potentialAction":[{"@type":"ReadAction","target":["https:\/\/archiviocassano.lavocedelpaese.info\/index.php\/2012\/08\/14\/per-ferragosto-impegno-straordinario-dei-carabinieri-sul-territorio\/"]}]},{"@type":"ImageObject","inLanguage":"it-IT","@id":"https:\/\/archiviocassano.lavocedelpaese.info\/index.php\/2012\/08\/14\/per-ferragosto-impegno-straordinario-dei-carabinieri-sul-territorio\/#primaryimage","url":"https:\/\/archiviocassano.lavocedelpaese.info\/wp-content\/uploads\/2012\/02\/carabinieri_a_posto_di_blocco.jpg","contentUrl":"https:\/\/archiviocassano.lavocedelpaese.info\/wp-content\/uploads\/2012\/02\/carabinieri_a_posto_di_blocco.jpg","width":680,"height":480,"caption":"carabinieri a posto di blocco"},{"@type":"BreadcrumbList","@id":"https:\/\/archiviocassano.lavocedelpaese.info\/index.php\/2012\/08\/14\/per-ferragosto-impegno-straordinario-dei-carabinieri-sul-territorio\/#breadcrumb","itemListElement":[{"@type":"ListItem","position":1,"name":"Home","item":"https:\/\/archiviocassano.lavocedelpaese.info\/"},{"@type":"ListItem","position":2,"name":"Per Ferragosto impegno straordinario dei Carabinieri"}]},{"@type":"WebSite","@id":"https:\/\/archiviocassano.lavocedelpaese.info\/#website","url":"https:\/\/archiviocassano.lavocedelpaese.info\/","name":"Archivio CassanoWeb","description":"La Voce del Paese - un network di idee","publisher":{"@id":"https:\/\/archiviocassano.lavocedelpaese.info\/#organization"},"potentialAction":[{"@type":"SearchAction","target":{"@type":"EntryPoint","urlTemplate":"https:\/\/archiviocassano.lavocedelpaese.info\/?s={search_term_string}"},"query-input":{"@type":"PropertyValueSpecification","valueRequired":true,"valueName":"search_term_string"}}],"inLanguage":"it-IT"},{"@type":"Organization","@id":"https:\/\/archiviocassano.lavocedelpaese.info\/#organization","name":"Archivio CassanoWeb","url":"https:\/\/archiviocassano.lavocedelpaese.info\/","logo":{"@type":"ImageObject","inLanguage":"it-IT","@id":"https:\/\/archiviocassano.lavocedelpaese.info\/#\/schema\/logo\/image\/","url":"https:\/\/archiviocassano.lavocedelpaese.info\/wp-content\/uploads\/2024\/08\/logo-rosso-2.png","contentUrl":"https:\/\/archiviocassano.lavocedelpaese.info\/wp-content\/uploads\/2024\/08\/logo-rosso-2.png","width":491,"height":432,"caption":"Archivio CassanoWeb"},"image":{"@id":"https:\/\/archiviocassano.lavocedelpaese.info\/#\/schema\/logo\/image\/"},"sameAs":["https:\/\/www.facebook.com\/redazione.cassanoweb"]},{"@type":"Person","@id":"https:\/\/archiviocassano.lavocedelpaese.info\/#\/schema\/person\/df195bc79a9b4c35127cf005f92e041b","name":"admin","image":{"@type":"ImageObject","inLanguage":"it-IT","@id":"https:\/\/secure.gravatar.com\/avatar\/eabba89a432e8eaa1b0207cc55f7e5340b22712b1ed80677efcf63e02ff5b235?s=96&d=mm&r=g","url":"https:\/\/secure.gravatar.com\/avatar\/eabba89a432e8eaa1b0207cc55f7e5340b22712b1ed80677efcf63e02ff5b235?s=96&d=mm&r=g","contentUrl":"https:\/\/secure.gravatar.com\/avatar\/eabba89a432e8eaa1b0207cc55f7e5340b22712b1ed80677efcf63e02ff5b235?s=96&d=mm&r=g","caption":"admin"},"sameAs":["https:\/\/archiviocassano.lavocedelpaese.info"],"url":"https:\/\/archiviocassano.lavocedelpaese.info\/index.php\/author\/admin_0qgz1xdp\/"}]}},"_links":{"self":[{"href":"https:\/\/archiviocassano.lavocedelpaese.info\/index.php\/wp-json\/wp\/v2\/posts\/6244","targetHints":{"allow":["GET"]}}],"collection":[{"href":"https:\/\/archiviocassano.lavocedelpaese.info\/index.php\/wp-json\/wp\/v2\/posts"}],"about":[{"href":"https:\/\/archiviocassano.lavocedelpaese.info\/index.php\/wp-json\/wp\/v2\/types\/post"}],"author":[{"embeddable":true,"href":"https:\/\/archiviocassano.lavocedelpaese.info\/index.php\/wp-json\/wp\/v2\/users\/1"}],"replies":[{"embeddable":true,"href":"https:\/\/archiviocassano.lavocedelpaese.info\/index.php\/wp-json\/wp\/v2\/comments?post=6244"}],"version-history":[{"count":0,"href":"https:\/\/archiviocassano.lavocedelpaese.info\/index.php\/wp-json\/wp\/v2\/posts\/6244\/revisions"}],"wp:featuredmedia":[{"embeddable":true,"href":"https:\/\/archiviocassano.lavocedelpaese.info\/index.php\/wp-json\/wp\/v2\/media\/5344"}],"wp:attachment":[{"href":"https:\/\/archiviocassano.lavocedelpaese.info\/index.php\/wp-json\/wp\/v2\/media?parent=6244"}],"wp:term":[{"taxonomy":"category","embeddable":true,"href":"https:\/\/archiviocassano.lavocedelpaese.info\/index.php\/wp-json\/wp\/v2\/categories?post=6244"},{"taxonomy":"post_tag","embeddable":true,"href":"https:\/\/archiviocassano.lavocedelpaese.info\/index.php\/wp-json\/wp\/v2\/tags?post=6244"}],"curies":[{"name":"wp","href":"https:\/\/api.w.org\/{rel}","templated":true}]}}