{"id":6256,"date":"2012-08-18T07:21:27","date_gmt":"2012-08-18T07:21:27","guid":{"rendered":"https:\/\/archiviocassano.lavocedelpaese.info\/index.php\/2012\/08\/18\/giordano-qcassianumq-e-allorigine-del-nome-del-nostro-paese\/"},"modified":"2012-08-18T07:21:27","modified_gmt":"2012-08-18T07:21:27","slug":"giordano-qcassianumq-e-allorigine-del-nome-del-nostro-paese","status":"publish","type":"post","link":"https:\/\/archiviocassano.lavocedelpaese.info\/index.php\/2012\/08\/18\/giordano-qcassianumq-e-allorigine-del-nome-del-nostro-paese\/","title":{"rendered":"Giordano: &#8220;Cassianum&#8221; all&#8217;origine del nostro paese"},"content":{"rendered":"<p><img loading=\"lazy\" decoding=\"async\" class=\" size-full wp-image-5091\" style=\"margin-right: 2px; margin-left: 2px;\" alt=\"giordano e laterza\" src=\"https:\/\/archiviocassano.lavocedelpaese.info\/wp-content\/uploads\/2012\/01\/giordano_e_laterza.jpg\" height=\"150\" width=\"320\" srcset=\"https:\/\/archiviocassano.lavocedelpaese.info\/wp-content\/uploads\/2012\/01\/giordano_e_laterza.jpg 320w, https:\/\/archiviocassano.lavocedelpaese.info\/wp-content\/uploads\/2012\/01\/giordano_e_laterza-300x141.jpg 300w\" sizes=\"auto, (max-width: 320px) 100vw, 320px\" \/><\/p>\n<p><!--more--><\/p>\n<p style=\"text-align: justify;\">I<em>n merito ad alcuni commenti <a target=\"_blank\" href=\"cultura\/22733-buon-compleanno-cassano-qdelle-murgeq.html\" rel=\"noopener\">sull&#8217;articolo dedicato<\/a> dal nostro giornale ai 150 anni del toponimo &#8220;delle Murge&#8221; scritto dal prof. Antonio Giordano, egli stesso intende precisare e puntualizzare alcuni aspetti della questione chiedendo la pubblicazione delle seguenti note:<\/em><\/p>\n<p><strong><br \/><\/strong><\/p>\n<p><strong>Per &#8220;cassanesedoc&#8221;<\/strong><\/p>\n<p style=\"text-align: justify;\">Nel ringraziarla per i complimenti, mi permetta di annotare quanto segue.<br \/>Premetto che nel mio libro <em>&#8220;Cassano delle Murge-Paese mariano&#8221;<\/em> non ho assolutamente ostentato certezza circa la derivazione del toponimo &#8220;Cassano&#8221; da &#8220;Cassianum&#8221;, giacch\u00e9 trattasi solo di maggiore attendibilit\u00e0, sulla base delle ricerche da me condotte con scrupolosit\u00e0 e dovizia.<\/p>\n<p style=\"text-align: justify;\">Per uno storico, la ricerca del &#8220;vero storico&#8221; si basa non gi\u00e0 sulla mera tradizione orale, tanto per intenderci, sul &#8220;dicitur&#8221;, sul sentito dire, ma sulle fonti di vario genere, ovvero su quelle documentali, archeologiche, toponomastiche, onomastiche (l&#8217;onomastica \u00e9 la scienza che si occupa dell&#8217;origine dei nomi), antroponimiche e sugli studi linguistici, strutturali e semantici. Molto importanti, a volte, risultano anche le testimonianze dirette dei cos\u00ec detti &#8220;testimoni del tempo&#8221;, ovvero le testimonianze di coloro che si sono trovati a vivere personalmente l&#8217;evento. Il &#8220;Maestro Alessandrelli&#8221;, come lo chiama Lei, nel suo pregevolissimo libro <em>&#8220;Cassano delle Murge nel Risorgimento&#8221;<\/em>, si limit\u00f2 solo ad una brevissima e vaga annotazione circa l&#8217;origine del toponomo &#8220;Cassano&#8221; da &#8220;Casa Iani&#8221;. In sostanza egli si rifece ad uno scritto di P. Domenico da Noci. il quale, a sua volta, si rifaceva a quanto sostenuto da Padre Lama.<\/p>\n<p>Ecco cosa aveva affermato, in maniera alquanto confusa, P. Domenico da Noci, nel suo &#8220;<em><strong>Cenno istorico del comune di Cassano<\/strong>&#8220;<\/em>:&nbsp; &lt;&lt; (&#8230;) s<em>i opina dagli eruditi, che sta un paese fondato dai discendenti di Iafet, i quali vennero ad abitare queste contrade, e le diedero il nome di Iapigia. Questa opinione viene confermata dall&#8217;antica ed oscura origine del paese, e dal suo nome, poich\u00e9 Cassano \u00e9 una parola composta di CasaIani, cio\u00e9 da un famoso tempio, che anticamente esisteva in quel luogo dedicato al Nume Giano, sicch\u00e9 da Casa Iani venne il nome Cassano &gt;&gt;<\/em>, aggiungendo subito dopo: &lt;&lt; <em>Questo sentimento non \u00e9 nostro, ma di Cristoforo da Forl\u00ec scrittore delo secolo XVII, il quale dice:&#8221;Era nella citt\u00e0 d&#8217;Italia il Tempio di Giano in quella parte del suo territorio, nel quale fu poi edificato il Castello detto Cassano, cio\u00e9 Casa Iani&#8221; &gt;&gt;.<\/em><\/p>\n<p>Orbene, gli &#8220;eruditi&#8221; sarebbero, appunto, Padre lama e Cristoforo da Forl\u00ec.<\/p>\n<p>Di grande imortanza, ai fini della nostra tesi, risulta quanto lo stesso P. Domenico ha affermato alla fine del suo argomentarea, laddove ha precisato:&lt;&lt; <em>per\u00f2 vi \u00e9 chi dice che l&#8217;opinione del Padre Lama \u00e9 come azzardata e senza fondamento (&#8230;)&gt;&gt;.<\/em><\/p>\n<p>Un&#8217;ultima annotazione.<\/p>\n<p>Quello che, oggi, qualcuno ha fatto passare come &#8220;Borgo di Giano&#8221;, in tempi molto antichi ( dobbiamo risalire intorno al Mille) era chiamato &#8220;Borgo di S.Caterina&#8221;. Come vede, si \u00e9 del tutto travisata e falsata una parte di storia del nostro paese, oltre che la sua identit\u00e0 spirituale, sostituendo al sacro il profano.<\/p>\n<p>Non so se Lei possiede una copia del mio libro, ma nel caso in cui ne fosse sprovvisto\/a, sarei lieto di donargliene una, cos\u00ec potr\u00e0 approfondire ulteriormente la mia ricerca.<\/p>\n<p style=\"text-align: justify;\"><strong>Per &#8220;KK&#8221;<\/strong><\/p>\n<p style=\"text-align: justify;\">Ha proprio ragione Lei nell&#8217;affermare che &#8220;in questi 150 anni molti hanno contribuito anche a degradare questa cittadina&#8221;. Devo dire che il degrado parte proprio dalle condizioni in cui, oggi, versa il nostro centro storico, e che ha raggiunto il suo culmine con la totale cancellazione di tanta parte,&nbsp; forse la pi\u00f9 importante, del nostro inestimabile patrimonio storico, artistico-architettonico e culturale. Un degrado colpevole, che ha intaccato fortemente i nostri sentimenti ed affetti, le nostre radici ed identit\u00e0.<br \/>Mi riferisco, in particolar modo, all&#8217;abbattimento dell&#8217;intera &#8220;Isola delle monache&#8221;, della &#8220;Torre aragonese&#8221;, dell&#8217;ex ospedale &#8220;Conte di Torino&#8221;.<br \/>E&#8217; proprio questo degrado e la distruzione di quell&#8217;ideale che \u00e9 stato irrimediabilmente cancellato che mi addolora fortemente come figlio di questa nostra meravigliosa terra e come storico, che si vede costretto a scrivere di tutto ci\u00f2 che non esiste pi\u00f9.<\/p>\n<p style=\"text-align: right;\">&nbsp;<\/p>\n<p style=\"text-align: right;\">cordiali saluti<\/p>\n","protected":false},"excerpt":{"rendered":"","protected":false},"author":1,"featured_media":5091,"comment_status":"open","ping_status":"closed","sticky":false,"template":"","format":"standard","meta":{"colormag_page_container_layout":"default_layout","colormag_page_sidebar_layout":"default_layout","footnotes":""},"categories":[6],"tags":[],"class_list":["post-6256","post","type-post","status-publish","format-standard","has-post-thumbnail","hentry","category-cultura"],"yoast_head":"<!-- This site is optimized with the Yoast SEO plugin v27.5 - https:\/\/yoast.com\/product\/yoast-seo-wordpress\/ -->\n<title>Giordano: &quot;Cassianum&quot; all&#039;origine del nostro paese - Archivio CassanoWeb<\/title>\n<meta name=\"robots\" content=\"index, follow, max-snippet:-1, max-image-preview:large, max-video-preview:-1\" \/>\n<link rel=\"canonical\" href=\"https:\/\/archiviocassano.lavocedelpaese.info\/index.php\/2012\/08\/18\/giordano-qcassianumq-e-allorigine-del-nome-del-nostro-paese\/\" \/>\n<meta property=\"og:locale\" content=\"it_IT\" \/>\n<meta property=\"og:type\" content=\"article\" \/>\n<meta property=\"og:title\" content=\"Giordano: &quot;Cassianum&quot; all&#039;origine del nostro paese - Archivio CassanoWeb\" \/>\n<meta property=\"og:url\" content=\"https:\/\/archiviocassano.lavocedelpaese.info\/index.php\/2012\/08\/18\/giordano-qcassianumq-e-allorigine-del-nome-del-nostro-paese\/\" \/>\n<meta property=\"og:site_name\" content=\"Archivio CassanoWeb\" \/>\n<meta property=\"article:publisher\" content=\"https:\/\/www.facebook.com\/redazione.cassanoweb\" \/>\n<meta property=\"article:published_time\" content=\"2012-08-18T07:21:27+00:00\" \/>\n<meta property=\"og:image\" content=\"https:\/\/archiviocassano.lavocedelpaese.info\/wp-content\/uploads\/2012\/01\/giordano_e_laterza.jpg\" \/>\n\t<meta property=\"og:image:width\" content=\"320\" \/>\n\t<meta property=\"og:image:height\" content=\"150\" \/>\n\t<meta property=\"og:image:type\" content=\"image\/jpeg\" \/>\n<meta name=\"author\" content=\"admin\" \/>\n<meta name=\"twitter:card\" content=\"summary_large_image\" \/>\n<meta name=\"twitter:label1\" content=\"Scritto da\" \/>\n\t<meta name=\"twitter:data1\" content=\"admin\" \/>\n\t<meta name=\"twitter:label2\" content=\"Tempo di lettura stimato\" \/>\n\t<meta name=\"twitter:data2\" content=\"3 minuti\" \/>\n<script type=\"application\/ld+json\" class=\"yoast-schema-graph\">{\"@context\":\"https:\\\/\\\/schema.org\",\"@graph\":[{\"@type\":\"Article\",\"@id\":\"https:\\\/\\\/archiviocassano.lavocedelpaese.info\\\/index.php\\\/2012\\\/08\\\/18\\\/giordano-qcassianumq-e-allorigine-del-nome-del-nostro-paese\\\/#article\",\"isPartOf\":{\"@id\":\"https:\\\/\\\/archiviocassano.lavocedelpaese.info\\\/index.php\\\/2012\\\/08\\\/18\\\/giordano-qcassianumq-e-allorigine-del-nome-del-nostro-paese\\\/\"},\"author\":{\"name\":\"admin\",\"@id\":\"https:\\\/\\\/archiviocassano.lavocedelpaese.info\\\/#\\\/schema\\\/person\\\/df195bc79a9b4c35127cf005f92e041b\"},\"headline\":\"Giordano: &#8220;Cassianum&#8221; all&#8217;origine del nostro paese\",\"datePublished\":\"2012-08-18T07:21:27+00:00\",\"mainEntityOfPage\":{\"@id\":\"https:\\\/\\\/archiviocassano.lavocedelpaese.info\\\/index.php\\\/2012\\\/08\\\/18\\\/giordano-qcassianumq-e-allorigine-del-nome-del-nostro-paese\\\/\"},\"wordCount\":675,\"commentCount\":0,\"publisher\":{\"@id\":\"https:\\\/\\\/archiviocassano.lavocedelpaese.info\\\/#organization\"},\"image\":{\"@id\":\"https:\\\/\\\/archiviocassano.lavocedelpaese.info\\\/index.php\\\/2012\\\/08\\\/18\\\/giordano-qcassianumq-e-allorigine-del-nome-del-nostro-paese\\\/#primaryimage\"},\"thumbnailUrl\":\"https:\\\/\\\/archiviocassano.lavocedelpaese.info\\\/wp-content\\\/uploads\\\/2012\\\/01\\\/giordano_e_laterza.jpg\",\"articleSection\":[\"Cultura\"],\"inLanguage\":\"it-IT\",\"potentialAction\":[{\"@type\":\"CommentAction\",\"name\":\"Comment\",\"target\":[\"https:\\\/\\\/archiviocassano.lavocedelpaese.info\\\/index.php\\\/2012\\\/08\\\/18\\\/giordano-qcassianumq-e-allorigine-del-nome-del-nostro-paese\\\/#respond\"]}]},{\"@type\":\"WebPage\",\"@id\":\"https:\\\/\\\/archiviocassano.lavocedelpaese.info\\\/index.php\\\/2012\\\/08\\\/18\\\/giordano-qcassianumq-e-allorigine-del-nome-del-nostro-paese\\\/\",\"url\":\"https:\\\/\\\/archiviocassano.lavocedelpaese.info\\\/index.php\\\/2012\\\/08\\\/18\\\/giordano-qcassianumq-e-allorigine-del-nome-del-nostro-paese\\\/\",\"name\":\"Giordano: \\\"Cassianum\\\" all'origine del nostro paese - Archivio CassanoWeb\",\"isPartOf\":{\"@id\":\"https:\\\/\\\/archiviocassano.lavocedelpaese.info\\\/#website\"},\"primaryImageOfPage\":{\"@id\":\"https:\\\/\\\/archiviocassano.lavocedelpaese.info\\\/index.php\\\/2012\\\/08\\\/18\\\/giordano-qcassianumq-e-allorigine-del-nome-del-nostro-paese\\\/#primaryimage\"},\"image\":{\"@id\":\"https:\\\/\\\/archiviocassano.lavocedelpaese.info\\\/index.php\\\/2012\\\/08\\\/18\\\/giordano-qcassianumq-e-allorigine-del-nome-del-nostro-paese\\\/#primaryimage\"},\"thumbnailUrl\":\"https:\\\/\\\/archiviocassano.lavocedelpaese.info\\\/wp-content\\\/uploads\\\/2012\\\/01\\\/giordano_e_laterza.jpg\",\"datePublished\":\"2012-08-18T07:21:27+00:00\",\"breadcrumb\":{\"@id\":\"https:\\\/\\\/archiviocassano.lavocedelpaese.info\\\/index.php\\\/2012\\\/08\\\/18\\\/giordano-qcassianumq-e-allorigine-del-nome-del-nostro-paese\\\/#breadcrumb\"},\"inLanguage\":\"it-IT\",\"potentialAction\":[{\"@type\":\"ReadAction\",\"target\":[\"https:\\\/\\\/archiviocassano.lavocedelpaese.info\\\/index.php\\\/2012\\\/08\\\/18\\\/giordano-qcassianumq-e-allorigine-del-nome-del-nostro-paese\\\/\"]}]},{\"@type\":\"ImageObject\",\"inLanguage\":\"it-IT\",\"@id\":\"https:\\\/\\\/archiviocassano.lavocedelpaese.info\\\/index.php\\\/2012\\\/08\\\/18\\\/giordano-qcassianumq-e-allorigine-del-nome-del-nostro-paese\\\/#primaryimage\",\"url\":\"https:\\\/\\\/archiviocassano.lavocedelpaese.info\\\/wp-content\\\/uploads\\\/2012\\\/01\\\/giordano_e_laterza.jpg\",\"contentUrl\":\"https:\\\/\\\/archiviocassano.lavocedelpaese.info\\\/wp-content\\\/uploads\\\/2012\\\/01\\\/giordano_e_laterza.jpg\",\"width\":320,\"height\":150,\"caption\":\"giordano e laterza\"},{\"@type\":\"BreadcrumbList\",\"@id\":\"https:\\\/\\\/archiviocassano.lavocedelpaese.info\\\/index.php\\\/2012\\\/08\\\/18\\\/giordano-qcassianumq-e-allorigine-del-nome-del-nostro-paese\\\/#breadcrumb\",\"itemListElement\":[{\"@type\":\"ListItem\",\"position\":1,\"name\":\"Home\",\"item\":\"https:\\\/\\\/archiviocassano.lavocedelpaese.info\\\/\"},{\"@type\":\"ListItem\",\"position\":2,\"name\":\"Giordano: &#8220;Cassianum&#8221; all&#8217;origine del nostro paese\"}]},{\"@type\":\"WebSite\",\"@id\":\"https:\\\/\\\/archiviocassano.lavocedelpaese.info\\\/#website\",\"url\":\"https:\\\/\\\/archiviocassano.lavocedelpaese.info\\\/\",\"name\":\"Archivio CassanoWeb\",\"description\":\"La Voce del Paese - un network di idee\",\"publisher\":{\"@id\":\"https:\\\/\\\/archiviocassano.lavocedelpaese.info\\\/#organization\"},\"potentialAction\":[{\"@type\":\"SearchAction\",\"target\":{\"@type\":\"EntryPoint\",\"urlTemplate\":\"https:\\\/\\\/archiviocassano.lavocedelpaese.info\\\/?s={search_term_string}\"},\"query-input\":{\"@type\":\"PropertyValueSpecification\",\"valueRequired\":true,\"valueName\":\"search_term_string\"}}],\"inLanguage\":\"it-IT\"},{\"@type\":\"Organization\",\"@id\":\"https:\\\/\\\/archiviocassano.lavocedelpaese.info\\\/#organization\",\"name\":\"Archivio CassanoWeb\",\"url\":\"https:\\\/\\\/archiviocassano.lavocedelpaese.info\\\/\",\"logo\":{\"@type\":\"ImageObject\",\"inLanguage\":\"it-IT\",\"@id\":\"https:\\\/\\\/archiviocassano.lavocedelpaese.info\\\/#\\\/schema\\\/logo\\\/image\\\/\",\"url\":\"https:\\\/\\\/archiviocassano.lavocedelpaese.info\\\/wp-content\\\/uploads\\\/2024\\\/08\\\/logo-rosso-2.png\",\"contentUrl\":\"https:\\\/\\\/archiviocassano.lavocedelpaese.info\\\/wp-content\\\/uploads\\\/2024\\\/08\\\/logo-rosso-2.png\",\"width\":491,\"height\":432,\"caption\":\"Archivio CassanoWeb\"},\"image\":{\"@id\":\"https:\\\/\\\/archiviocassano.lavocedelpaese.info\\\/#\\\/schema\\\/logo\\\/image\\\/\"},\"sameAs\":[\"https:\\\/\\\/www.facebook.com\\\/redazione.cassanoweb\"]},{\"@type\":\"Person\",\"@id\":\"https:\\\/\\\/archiviocassano.lavocedelpaese.info\\\/#\\\/schema\\\/person\\\/df195bc79a9b4c35127cf005f92e041b\",\"name\":\"admin\",\"image\":{\"@type\":\"ImageObject\",\"inLanguage\":\"it-IT\",\"@id\":\"https:\\\/\\\/secure.gravatar.com\\\/avatar\\\/eabba89a432e8eaa1b0207cc55f7e5340b22712b1ed80677efcf63e02ff5b235?s=96&d=mm&r=g\",\"url\":\"https:\\\/\\\/secure.gravatar.com\\\/avatar\\\/eabba89a432e8eaa1b0207cc55f7e5340b22712b1ed80677efcf63e02ff5b235?s=96&d=mm&r=g\",\"contentUrl\":\"https:\\\/\\\/secure.gravatar.com\\\/avatar\\\/eabba89a432e8eaa1b0207cc55f7e5340b22712b1ed80677efcf63e02ff5b235?s=96&d=mm&r=g\",\"caption\":\"admin\"},\"sameAs\":[\"https:\\\/\\\/archiviocassano.lavocedelpaese.info\"],\"url\":\"https:\\\/\\\/archiviocassano.lavocedelpaese.info\\\/index.php\\\/author\\\/admin_0qgz1xdp\\\/\"}]}<\/script>\n<!-- \/ Yoast SEO plugin. -->","yoast_head_json":{"title":"Giordano: \"Cassianum\" all'origine del nostro paese - Archivio CassanoWeb","robots":{"index":"index","follow":"follow","max-snippet":"max-snippet:-1","max-image-preview":"max-image-preview:large","max-video-preview":"max-video-preview:-1"},"canonical":"https:\/\/archiviocassano.lavocedelpaese.info\/index.php\/2012\/08\/18\/giordano-qcassianumq-e-allorigine-del-nome-del-nostro-paese\/","og_locale":"it_IT","og_type":"article","og_title":"Giordano: \"Cassianum\" all'origine del nostro paese - Archivio CassanoWeb","og_url":"https:\/\/archiviocassano.lavocedelpaese.info\/index.php\/2012\/08\/18\/giordano-qcassianumq-e-allorigine-del-nome-del-nostro-paese\/","og_site_name":"Archivio CassanoWeb","article_publisher":"https:\/\/www.facebook.com\/redazione.cassanoweb","article_published_time":"2012-08-18T07:21:27+00:00","og_image":[{"width":320,"height":150,"url":"https:\/\/archiviocassano.lavocedelpaese.info\/wp-content\/uploads\/2012\/01\/giordano_e_laterza.jpg","type":"image\/jpeg"}],"author":"admin","twitter_card":"summary_large_image","twitter_misc":{"Scritto da":"admin","Tempo di lettura stimato":"3 minuti"},"schema":{"@context":"https:\/\/schema.org","@graph":[{"@type":"Article","@id":"https:\/\/archiviocassano.lavocedelpaese.info\/index.php\/2012\/08\/18\/giordano-qcassianumq-e-allorigine-del-nome-del-nostro-paese\/#article","isPartOf":{"@id":"https:\/\/archiviocassano.lavocedelpaese.info\/index.php\/2012\/08\/18\/giordano-qcassianumq-e-allorigine-del-nome-del-nostro-paese\/"},"author":{"name":"admin","@id":"https:\/\/archiviocassano.lavocedelpaese.info\/#\/schema\/person\/df195bc79a9b4c35127cf005f92e041b"},"headline":"Giordano: &#8220;Cassianum&#8221; all&#8217;origine del nostro paese","datePublished":"2012-08-18T07:21:27+00:00","mainEntityOfPage":{"@id":"https:\/\/archiviocassano.lavocedelpaese.info\/index.php\/2012\/08\/18\/giordano-qcassianumq-e-allorigine-del-nome-del-nostro-paese\/"},"wordCount":675,"commentCount":0,"publisher":{"@id":"https:\/\/archiviocassano.lavocedelpaese.info\/#organization"},"image":{"@id":"https:\/\/archiviocassano.lavocedelpaese.info\/index.php\/2012\/08\/18\/giordano-qcassianumq-e-allorigine-del-nome-del-nostro-paese\/#primaryimage"},"thumbnailUrl":"https:\/\/archiviocassano.lavocedelpaese.info\/wp-content\/uploads\/2012\/01\/giordano_e_laterza.jpg","articleSection":["Cultura"],"inLanguage":"it-IT","potentialAction":[{"@type":"CommentAction","name":"Comment","target":["https:\/\/archiviocassano.lavocedelpaese.info\/index.php\/2012\/08\/18\/giordano-qcassianumq-e-allorigine-del-nome-del-nostro-paese\/#respond"]}]},{"@type":"WebPage","@id":"https:\/\/archiviocassano.lavocedelpaese.info\/index.php\/2012\/08\/18\/giordano-qcassianumq-e-allorigine-del-nome-del-nostro-paese\/","url":"https:\/\/archiviocassano.lavocedelpaese.info\/index.php\/2012\/08\/18\/giordano-qcassianumq-e-allorigine-del-nome-del-nostro-paese\/","name":"Giordano: \"Cassianum\" all'origine del nostro paese - Archivio CassanoWeb","isPartOf":{"@id":"https:\/\/archiviocassano.lavocedelpaese.info\/#website"},"primaryImageOfPage":{"@id":"https:\/\/archiviocassano.lavocedelpaese.info\/index.php\/2012\/08\/18\/giordano-qcassianumq-e-allorigine-del-nome-del-nostro-paese\/#primaryimage"},"image":{"@id":"https:\/\/archiviocassano.lavocedelpaese.info\/index.php\/2012\/08\/18\/giordano-qcassianumq-e-allorigine-del-nome-del-nostro-paese\/#primaryimage"},"thumbnailUrl":"https:\/\/archiviocassano.lavocedelpaese.info\/wp-content\/uploads\/2012\/01\/giordano_e_laterza.jpg","datePublished":"2012-08-18T07:21:27+00:00","breadcrumb":{"@id":"https:\/\/archiviocassano.lavocedelpaese.info\/index.php\/2012\/08\/18\/giordano-qcassianumq-e-allorigine-del-nome-del-nostro-paese\/#breadcrumb"},"inLanguage":"it-IT","potentialAction":[{"@type":"ReadAction","target":["https:\/\/archiviocassano.lavocedelpaese.info\/index.php\/2012\/08\/18\/giordano-qcassianumq-e-allorigine-del-nome-del-nostro-paese\/"]}]},{"@type":"ImageObject","inLanguage":"it-IT","@id":"https:\/\/archiviocassano.lavocedelpaese.info\/index.php\/2012\/08\/18\/giordano-qcassianumq-e-allorigine-del-nome-del-nostro-paese\/#primaryimage","url":"https:\/\/archiviocassano.lavocedelpaese.info\/wp-content\/uploads\/2012\/01\/giordano_e_laterza.jpg","contentUrl":"https:\/\/archiviocassano.lavocedelpaese.info\/wp-content\/uploads\/2012\/01\/giordano_e_laterza.jpg","width":320,"height":150,"caption":"giordano e laterza"},{"@type":"BreadcrumbList","@id":"https:\/\/archiviocassano.lavocedelpaese.info\/index.php\/2012\/08\/18\/giordano-qcassianumq-e-allorigine-del-nome-del-nostro-paese\/#breadcrumb","itemListElement":[{"@type":"ListItem","position":1,"name":"Home","item":"https:\/\/archiviocassano.lavocedelpaese.info\/"},{"@type":"ListItem","position":2,"name":"Giordano: &#8220;Cassianum&#8221; all&#8217;origine del nostro paese"}]},{"@type":"WebSite","@id":"https:\/\/archiviocassano.lavocedelpaese.info\/#website","url":"https:\/\/archiviocassano.lavocedelpaese.info\/","name":"Archivio CassanoWeb","description":"La Voce del Paese - un network di idee","publisher":{"@id":"https:\/\/archiviocassano.lavocedelpaese.info\/#organization"},"potentialAction":[{"@type":"SearchAction","target":{"@type":"EntryPoint","urlTemplate":"https:\/\/archiviocassano.lavocedelpaese.info\/?s={search_term_string}"},"query-input":{"@type":"PropertyValueSpecification","valueRequired":true,"valueName":"search_term_string"}}],"inLanguage":"it-IT"},{"@type":"Organization","@id":"https:\/\/archiviocassano.lavocedelpaese.info\/#organization","name":"Archivio CassanoWeb","url":"https:\/\/archiviocassano.lavocedelpaese.info\/","logo":{"@type":"ImageObject","inLanguage":"it-IT","@id":"https:\/\/archiviocassano.lavocedelpaese.info\/#\/schema\/logo\/image\/","url":"https:\/\/archiviocassano.lavocedelpaese.info\/wp-content\/uploads\/2024\/08\/logo-rosso-2.png","contentUrl":"https:\/\/archiviocassano.lavocedelpaese.info\/wp-content\/uploads\/2024\/08\/logo-rosso-2.png","width":491,"height":432,"caption":"Archivio CassanoWeb"},"image":{"@id":"https:\/\/archiviocassano.lavocedelpaese.info\/#\/schema\/logo\/image\/"},"sameAs":["https:\/\/www.facebook.com\/redazione.cassanoweb"]},{"@type":"Person","@id":"https:\/\/archiviocassano.lavocedelpaese.info\/#\/schema\/person\/df195bc79a9b4c35127cf005f92e041b","name":"admin","image":{"@type":"ImageObject","inLanguage":"it-IT","@id":"https:\/\/secure.gravatar.com\/avatar\/eabba89a432e8eaa1b0207cc55f7e5340b22712b1ed80677efcf63e02ff5b235?s=96&d=mm&r=g","url":"https:\/\/secure.gravatar.com\/avatar\/eabba89a432e8eaa1b0207cc55f7e5340b22712b1ed80677efcf63e02ff5b235?s=96&d=mm&r=g","contentUrl":"https:\/\/secure.gravatar.com\/avatar\/eabba89a432e8eaa1b0207cc55f7e5340b22712b1ed80677efcf63e02ff5b235?s=96&d=mm&r=g","caption":"admin"},"sameAs":["https:\/\/archiviocassano.lavocedelpaese.info"],"url":"https:\/\/archiviocassano.lavocedelpaese.info\/index.php\/author\/admin_0qgz1xdp\/"}]}},"_links":{"self":[{"href":"https:\/\/archiviocassano.lavocedelpaese.info\/index.php\/wp-json\/wp\/v2\/posts\/6256","targetHints":{"allow":["GET"]}}],"collection":[{"href":"https:\/\/archiviocassano.lavocedelpaese.info\/index.php\/wp-json\/wp\/v2\/posts"}],"about":[{"href":"https:\/\/archiviocassano.lavocedelpaese.info\/index.php\/wp-json\/wp\/v2\/types\/post"}],"author":[{"embeddable":true,"href":"https:\/\/archiviocassano.lavocedelpaese.info\/index.php\/wp-json\/wp\/v2\/users\/1"}],"replies":[{"embeddable":true,"href":"https:\/\/archiviocassano.lavocedelpaese.info\/index.php\/wp-json\/wp\/v2\/comments?post=6256"}],"version-history":[{"count":0,"href":"https:\/\/archiviocassano.lavocedelpaese.info\/index.php\/wp-json\/wp\/v2\/posts\/6256\/revisions"}],"wp:featuredmedia":[{"embeddable":true,"href":"https:\/\/archiviocassano.lavocedelpaese.info\/index.php\/wp-json\/wp\/v2\/media\/5091"}],"wp:attachment":[{"href":"https:\/\/archiviocassano.lavocedelpaese.info\/index.php\/wp-json\/wp\/v2\/media?parent=6256"}],"wp:term":[{"taxonomy":"category","embeddable":true,"href":"https:\/\/archiviocassano.lavocedelpaese.info\/index.php\/wp-json\/wp\/v2\/categories?post=6256"},{"taxonomy":"post_tag","embeddable":true,"href":"https:\/\/archiviocassano.lavocedelpaese.info\/index.php\/wp-json\/wp\/v2\/tags?post=6256"}],"curies":[{"name":"wp","href":"https:\/\/api.w.org\/{rel}","templated":true}]}}