{"id":6356,"date":"2012-09-04T16:31:22","date_gmt":"2012-09-04T16:31:22","guid":{"rendered":"https:\/\/archiviocassano.lavocedelpaese.info\/index.php\/2012\/09\/04\/fratoianni-qabbiamo-dato-ai-givani-pugliesi-una-possibilitaa-loro-sfruttarlaq\/"},"modified":"2012-09-04T16:31:22","modified_gmt":"2012-09-04T16:31:22","slug":"fratoianni-qabbiamo-dato-ai-givani-pugliesi-una-possibilitaa-loro-sfruttarlaq","status":"publish","type":"post","link":"https:\/\/archiviocassano.lavocedelpaese.info\/index.php\/2012\/09\/04\/fratoianni-qabbiamo-dato-ai-givani-pugliesi-una-possibilitaa-loro-sfruttarlaq\/","title":{"rendered":"Fratoianni: &#8220;Una possibilit\u00e0 ai giovani pugliesi, a loro sfruttarla&#8221;"},"content":{"rendered":"<p><img loading=\"lazy\" decoding=\"async\" class=\" size-full wp-image-6355\" style=\"margin-right: 2px; margin-left: 2px;\" alt=\"Fratoianni a Cassano\" src=\"https:\/\/archiviocassano.lavocedelpaese.info\/wp-content\/uploads\/2012\/09\/Fratoianni_a_Cassano.jpg\" height=\"150\" width=\"320\" srcset=\"https:\/\/archiviocassano.lavocedelpaese.info\/wp-content\/uploads\/2012\/09\/Fratoianni_a_Cassano.jpg 640w, https:\/\/archiviocassano.lavocedelpaese.info\/wp-content\/uploads\/2012\/09\/Fratoianni_a_Cassano-300x141.jpg 300w\" sizes=\"auto, (max-width: 320px) 100vw, 320px\" \/><\/p>\n<p><!--more--><\/p>\n<p>&nbsp;<\/p>\n<p style=\"text-align: justify;\"><i>\u201cAbbiamo provato a fare quel che la politica dovrebbe fare: analizzare un problema e provarne a dare la soluzione, possibilmente in maniera organica\u201d.<\/i><\/p>\n<p style=\"text-align: justify;\">E\u2019 il senso ultimo dell\u2019intervento di ieri sera, in piazza Moro, dell\u2019Assessore alla Politiche Giovanili della Regione Puglia, Nicola Fratoianni nell\u2019ambito dell\u2019iniziativa \u201cLe Interviste di rilievo 2012\u201d, organizzate dal Presidente del Consiglio Comunale di Cassano, Ignazio Zullo. Sul palco, ad intervistare colui che si pu\u00f2 considerare il \u201cbraccio destro\u201d del governatore Vendola, c\u2019erano gli assessori Angela Contursi e Pierpaola Sapienza e i consiglieri Giulia Masiello (PdL) e Simeone Paparella (Pd).<\/p>\n<p style=\"text-align: justify;\">Diversi i temi toccati dalle domande degli amministratori cassanesi e dal pubblico a cui Fratoianni ha sempre risposto con lucidit\u00e0, ammettendo anche i limiti di alcuni interventi \u201c<i>visti dopo \u00e8 facile capire dove correggerli\u201d,<\/i> ha detto; ma ha fortemente rivendicato le <i>performance <\/i>che la Puglia, da qualche anno, sta ottenendo a livello nazionale: Regione con il miglior andamento occupazionale, settori come il turismo e la cultura che creano occupazione, altissima capacit\u00e0 di spesa di fondi europei. E progetti che vengono riconosciuti e premiati in tutta Europa come \u201cbuone pratiche\u201d.<\/p>\n<p style=\"text-align: justify;\">I giovani pugliesi, insomma, possono sfruttare una possibilit\u00e0, ha detto l\u2019assessore Fratoianni: quello delle tante iniziative organiche messe in campo dall\u2019ente regionale che ha anticipato come anche per quel che resta del 2012 e per il 2013 ci sar\u00e0 la riproposizione di alcuni Bandi (quello di \u201cPrincipi Attivi\u201d scade il prossimo 19 ottobre) nonch\u00e9 nuove proposte come il \u201cMicrocredito\u201d (che sar\u00e0 presentato alla imminente Fiera del Levante) dedicato alle societ\u00e0 \u201cnon bancabili\u201d ovvero che non potrebbero ricevere prestiti dal circuito tradizionale del credito o come il \u201cSostegno alla Gestione\u201d dedicato ai Laboratori Urbani nati qualche anno fa, di cui \u00e8 presente anche a Cassano.<\/p>\n<p style=\"text-align: justify;\">Poche scuse, insomma, per i \u201cbamboccioni\u201d pugliesi e al Presidente Zullo che in apertura della serata chiedeva a Fratoianni il motivo per cui molti giovani non riescono a realizzare il proprio progetto di vita, l\u2019assessore regionale ha detto che il nostro Paese guarda ai giovani come al futuro, non tenendo presente che essi sono gi\u00e0 \u201cpresente\u201d e chiedono risposte.<\/p>\n<p style=\"text-align: justify;\">Anche per quel che riguarda la \u201ccittadinanza sociale\u201d a cui Fratoianni ha la delega regionale, sollecitato dalle domande e in particolare su come permettere maggiori possibilit\u00e0 di lavoro a donne e disabili, l\u2019assessore ha risposto che una misura a cui la Regione ha pensato \u00e8 stata quella della diffusione degli asili nido, anche aziendali nonch\u00e9 a creare opportunit\u00e0 per coloro che la legge protegge come \u201ccategorie\u201d con potenziamento di strumenti quali, ad esempio, il telelavoro. Fratoianni ha anche annunciato che sar\u00e0 rifinanziato il progetto \u201cDiritti a scuola\u201d che ha permesso a tanti istituti scolastici di progettare interventi mirati a ragazzi in difficolt\u00e0 nonch\u00e9 a tanti insegnati, espulsi dalla Riforma Gelmini e dai tagli del Governo all\u2019Istruzione, di continuare a lavorare, ad insegnare e far vivere la scuola.<\/p>\n<p style=\"text-align: justify;\">Progettare il futuro, dunque, \u00e8 quel che la Regione Puglia ha fatto con interventi che hanno sfruttato risorse proprie nonch\u00e9 derivanti da fondi europei, affinch\u00e8 sia data a tutti i giovani almeno una possibilit\u00e0: a loro coglierla.<\/p>\n<p style=\"text-align: justify;\">&nbsp;<\/p>\n<p style=\"text-align: justify;\">Prossimo incontro con \u201cLe Interviste\u201d, gioved\u00ec 6 settembre alle ore 19.30 in piazza Moro con l\u2019Assessore Regionale all\u2019Agricoltura, Dario Stef\u00e0no.<\/p>\n<p>&nbsp;<\/p>\n","protected":false},"excerpt":{"rendered":"","protected":false},"author":1,"featured_media":6355,"comment_status":"open","ping_status":"closed","sticky":false,"template":"","format":"standard","meta":{"colormag_page_container_layout":"default_layout","colormag_page_sidebar_layout":"default_layout","footnotes":""},"categories":[4],"tags":[],"class_list":["post-6356","post","type-post","status-publish","format-standard","has-post-thumbnail","hentry","category-politica"],"yoast_head":"<!-- This site is optimized with the Yoast SEO plugin v27.5 - https:\/\/yoast.com\/product\/yoast-seo-wordpress\/ -->\n<title>Fratoianni: &quot;Una possibilit\u00e0 ai giovani pugliesi, a loro sfruttarla&quot; - Archivio CassanoWeb<\/title>\n<meta name=\"robots\" content=\"index, follow, max-snippet:-1, max-image-preview:large, max-video-preview:-1\" \/>\n<link rel=\"canonical\" href=\"https:\/\/archiviocassano.lavocedelpaese.info\/index.php\/2012\/09\/04\/fratoianni-qabbiamo-dato-ai-givani-pugliesi-una-possibilitaa-loro-sfruttarlaq\/\" \/>\n<meta property=\"og:locale\" content=\"it_IT\" \/>\n<meta property=\"og:type\" content=\"article\" \/>\n<meta property=\"og:title\" content=\"Fratoianni: &quot;Una possibilit\u00e0 ai giovani pugliesi, a loro sfruttarla&quot; - Archivio CassanoWeb\" \/>\n<meta property=\"og:url\" content=\"https:\/\/archiviocassano.lavocedelpaese.info\/index.php\/2012\/09\/04\/fratoianni-qabbiamo-dato-ai-givani-pugliesi-una-possibilitaa-loro-sfruttarlaq\/\" \/>\n<meta property=\"og:site_name\" content=\"Archivio CassanoWeb\" \/>\n<meta property=\"article:publisher\" content=\"https:\/\/www.facebook.com\/redazione.cassanoweb\" \/>\n<meta property=\"article:published_time\" content=\"2012-09-04T16:31:22+00:00\" \/>\n<meta property=\"og:image\" content=\"https:\/\/archiviocassano.lavocedelpaese.info\/wp-content\/uploads\/2012\/09\/Fratoianni_a_Cassano.jpg\" \/>\n\t<meta property=\"og:image:width\" content=\"640\" \/>\n\t<meta property=\"og:image:height\" content=\"300\" \/>\n\t<meta property=\"og:image:type\" content=\"image\/jpeg\" \/>\n<meta name=\"author\" content=\"admin\" \/>\n<meta name=\"twitter:card\" content=\"summary_large_image\" \/>\n<meta name=\"twitter:label1\" content=\"Scritto da\" \/>\n\t<meta name=\"twitter:data1\" content=\"admin\" \/>\n\t<meta name=\"twitter:label2\" content=\"Tempo di lettura stimato\" \/>\n\t<meta name=\"twitter:data2\" content=\"3 minuti\" \/>\n<script type=\"application\/ld+json\" class=\"yoast-schema-graph\">{\"@context\":\"https:\\\/\\\/schema.org\",\"@graph\":[{\"@type\":\"Article\",\"@id\":\"https:\\\/\\\/archiviocassano.lavocedelpaese.info\\\/index.php\\\/2012\\\/09\\\/04\\\/fratoianni-qabbiamo-dato-ai-givani-pugliesi-una-possibilitaa-loro-sfruttarlaq\\\/#article\",\"isPartOf\":{\"@id\":\"https:\\\/\\\/archiviocassano.lavocedelpaese.info\\\/index.php\\\/2012\\\/09\\\/04\\\/fratoianni-qabbiamo-dato-ai-givani-pugliesi-una-possibilitaa-loro-sfruttarlaq\\\/\"},\"author\":{\"name\":\"admin\",\"@id\":\"https:\\\/\\\/archiviocassano.lavocedelpaese.info\\\/#\\\/schema\\\/person\\\/df195bc79a9b4c35127cf005f92e041b\"},\"headline\":\"Fratoianni: &#8220;Una possibilit\u00e0 ai giovani pugliesi, a loro sfruttarla&#8221;\",\"datePublished\":\"2012-09-04T16:31:22+00:00\",\"mainEntityOfPage\":{\"@id\":\"https:\\\/\\\/archiviocassano.lavocedelpaese.info\\\/index.php\\\/2012\\\/09\\\/04\\\/fratoianni-qabbiamo-dato-ai-givani-pugliesi-una-possibilitaa-loro-sfruttarlaq\\\/\"},\"wordCount\":544,\"commentCount\":0,\"publisher\":{\"@id\":\"https:\\\/\\\/archiviocassano.lavocedelpaese.info\\\/#organization\"},\"image\":{\"@id\":\"https:\\\/\\\/archiviocassano.lavocedelpaese.info\\\/index.php\\\/2012\\\/09\\\/04\\\/fratoianni-qabbiamo-dato-ai-givani-pugliesi-una-possibilitaa-loro-sfruttarlaq\\\/#primaryimage\"},\"thumbnailUrl\":\"https:\\\/\\\/archiviocassano.lavocedelpaese.info\\\/wp-content\\\/uploads\\\/2012\\\/09\\\/Fratoianni_a_Cassano.jpg\",\"articleSection\":[\"Politica\"],\"inLanguage\":\"it-IT\",\"potentialAction\":[{\"@type\":\"CommentAction\",\"name\":\"Comment\",\"target\":[\"https:\\\/\\\/archiviocassano.lavocedelpaese.info\\\/index.php\\\/2012\\\/09\\\/04\\\/fratoianni-qabbiamo-dato-ai-givani-pugliesi-una-possibilitaa-loro-sfruttarlaq\\\/#respond\"]}]},{\"@type\":\"WebPage\",\"@id\":\"https:\\\/\\\/archiviocassano.lavocedelpaese.info\\\/index.php\\\/2012\\\/09\\\/04\\\/fratoianni-qabbiamo-dato-ai-givani-pugliesi-una-possibilitaa-loro-sfruttarlaq\\\/\",\"url\":\"https:\\\/\\\/archiviocassano.lavocedelpaese.info\\\/index.php\\\/2012\\\/09\\\/04\\\/fratoianni-qabbiamo-dato-ai-givani-pugliesi-una-possibilitaa-loro-sfruttarlaq\\\/\",\"name\":\"Fratoianni: \\\"Una possibilit\u00e0 ai giovani pugliesi, a loro sfruttarla\\\" - Archivio CassanoWeb\",\"isPartOf\":{\"@id\":\"https:\\\/\\\/archiviocassano.lavocedelpaese.info\\\/#website\"},\"primaryImageOfPage\":{\"@id\":\"https:\\\/\\\/archiviocassano.lavocedelpaese.info\\\/index.php\\\/2012\\\/09\\\/04\\\/fratoianni-qabbiamo-dato-ai-givani-pugliesi-una-possibilitaa-loro-sfruttarlaq\\\/#primaryimage\"},\"image\":{\"@id\":\"https:\\\/\\\/archiviocassano.lavocedelpaese.info\\\/index.php\\\/2012\\\/09\\\/04\\\/fratoianni-qabbiamo-dato-ai-givani-pugliesi-una-possibilitaa-loro-sfruttarlaq\\\/#primaryimage\"},\"thumbnailUrl\":\"https:\\\/\\\/archiviocassano.lavocedelpaese.info\\\/wp-content\\\/uploads\\\/2012\\\/09\\\/Fratoianni_a_Cassano.jpg\",\"datePublished\":\"2012-09-04T16:31:22+00:00\",\"breadcrumb\":{\"@id\":\"https:\\\/\\\/archiviocassano.lavocedelpaese.info\\\/index.php\\\/2012\\\/09\\\/04\\\/fratoianni-qabbiamo-dato-ai-givani-pugliesi-una-possibilitaa-loro-sfruttarlaq\\\/#breadcrumb\"},\"inLanguage\":\"it-IT\",\"potentialAction\":[{\"@type\":\"ReadAction\",\"target\":[\"https:\\\/\\\/archiviocassano.lavocedelpaese.info\\\/index.php\\\/2012\\\/09\\\/04\\\/fratoianni-qabbiamo-dato-ai-givani-pugliesi-una-possibilitaa-loro-sfruttarlaq\\\/\"]}]},{\"@type\":\"ImageObject\",\"inLanguage\":\"it-IT\",\"@id\":\"https:\\\/\\\/archiviocassano.lavocedelpaese.info\\\/index.php\\\/2012\\\/09\\\/04\\\/fratoianni-qabbiamo-dato-ai-givani-pugliesi-una-possibilitaa-loro-sfruttarlaq\\\/#primaryimage\",\"url\":\"https:\\\/\\\/archiviocassano.lavocedelpaese.info\\\/wp-content\\\/uploads\\\/2012\\\/09\\\/Fratoianni_a_Cassano.jpg\",\"contentUrl\":\"https:\\\/\\\/archiviocassano.lavocedelpaese.info\\\/wp-content\\\/uploads\\\/2012\\\/09\\\/Fratoianni_a_Cassano.jpg\",\"width\":640,\"height\":300,\"caption\":\"Fratoianni a Cassano\"},{\"@type\":\"BreadcrumbList\",\"@id\":\"https:\\\/\\\/archiviocassano.lavocedelpaese.info\\\/index.php\\\/2012\\\/09\\\/04\\\/fratoianni-qabbiamo-dato-ai-givani-pugliesi-una-possibilitaa-loro-sfruttarlaq\\\/#breadcrumb\",\"itemListElement\":[{\"@type\":\"ListItem\",\"position\":1,\"name\":\"Home\",\"item\":\"https:\\\/\\\/archiviocassano.lavocedelpaese.info\\\/\"},{\"@type\":\"ListItem\",\"position\":2,\"name\":\"Fratoianni: &#8220;Una possibilit\u00e0 ai giovani pugliesi, a loro sfruttarla&#8221;\"}]},{\"@type\":\"WebSite\",\"@id\":\"https:\\\/\\\/archiviocassano.lavocedelpaese.info\\\/#website\",\"url\":\"https:\\\/\\\/archiviocassano.lavocedelpaese.info\\\/\",\"name\":\"Archivio CassanoWeb\",\"description\":\"La Voce del Paese - un network di idee\",\"publisher\":{\"@id\":\"https:\\\/\\\/archiviocassano.lavocedelpaese.info\\\/#organization\"},\"potentialAction\":[{\"@type\":\"SearchAction\",\"target\":{\"@type\":\"EntryPoint\",\"urlTemplate\":\"https:\\\/\\\/archiviocassano.lavocedelpaese.info\\\/?s={search_term_string}\"},\"query-input\":{\"@type\":\"PropertyValueSpecification\",\"valueRequired\":true,\"valueName\":\"search_term_string\"}}],\"inLanguage\":\"it-IT\"},{\"@type\":\"Organization\",\"@id\":\"https:\\\/\\\/archiviocassano.lavocedelpaese.info\\\/#organization\",\"name\":\"Archivio CassanoWeb\",\"url\":\"https:\\\/\\\/archiviocassano.lavocedelpaese.info\\\/\",\"logo\":{\"@type\":\"ImageObject\",\"inLanguage\":\"it-IT\",\"@id\":\"https:\\\/\\\/archiviocassano.lavocedelpaese.info\\\/#\\\/schema\\\/logo\\\/image\\\/\",\"url\":\"https:\\\/\\\/archiviocassano.lavocedelpaese.info\\\/wp-content\\\/uploads\\\/2024\\\/08\\\/logo-rosso-2.png\",\"contentUrl\":\"https:\\\/\\\/archiviocassano.lavocedelpaese.info\\\/wp-content\\\/uploads\\\/2024\\\/08\\\/logo-rosso-2.png\",\"width\":491,\"height\":432,\"caption\":\"Archivio CassanoWeb\"},\"image\":{\"@id\":\"https:\\\/\\\/archiviocassano.lavocedelpaese.info\\\/#\\\/schema\\\/logo\\\/image\\\/\"},\"sameAs\":[\"https:\\\/\\\/www.facebook.com\\\/redazione.cassanoweb\"]},{\"@type\":\"Person\",\"@id\":\"https:\\\/\\\/archiviocassano.lavocedelpaese.info\\\/#\\\/schema\\\/person\\\/df195bc79a9b4c35127cf005f92e041b\",\"name\":\"admin\",\"image\":{\"@type\":\"ImageObject\",\"inLanguage\":\"it-IT\",\"@id\":\"https:\\\/\\\/secure.gravatar.com\\\/avatar\\\/eabba89a432e8eaa1b0207cc55f7e5340b22712b1ed80677efcf63e02ff5b235?s=96&d=mm&r=g\",\"url\":\"https:\\\/\\\/secure.gravatar.com\\\/avatar\\\/eabba89a432e8eaa1b0207cc55f7e5340b22712b1ed80677efcf63e02ff5b235?s=96&d=mm&r=g\",\"contentUrl\":\"https:\\\/\\\/secure.gravatar.com\\\/avatar\\\/eabba89a432e8eaa1b0207cc55f7e5340b22712b1ed80677efcf63e02ff5b235?s=96&d=mm&r=g\",\"caption\":\"admin\"},\"sameAs\":[\"https:\\\/\\\/archiviocassano.lavocedelpaese.info\"],\"url\":\"https:\\\/\\\/archiviocassano.lavocedelpaese.info\\\/index.php\\\/author\\\/admin_0qgz1xdp\\\/\"}]}<\/script>\n<!-- \/ Yoast SEO plugin. -->","yoast_head_json":{"title":"Fratoianni: \"Una possibilit\u00e0 ai giovani pugliesi, a loro sfruttarla\" - Archivio CassanoWeb","robots":{"index":"index","follow":"follow","max-snippet":"max-snippet:-1","max-image-preview":"max-image-preview:large","max-video-preview":"max-video-preview:-1"},"canonical":"https:\/\/archiviocassano.lavocedelpaese.info\/index.php\/2012\/09\/04\/fratoianni-qabbiamo-dato-ai-givani-pugliesi-una-possibilitaa-loro-sfruttarlaq\/","og_locale":"it_IT","og_type":"article","og_title":"Fratoianni: \"Una possibilit\u00e0 ai giovani pugliesi, a loro sfruttarla\" - Archivio CassanoWeb","og_url":"https:\/\/archiviocassano.lavocedelpaese.info\/index.php\/2012\/09\/04\/fratoianni-qabbiamo-dato-ai-givani-pugliesi-una-possibilitaa-loro-sfruttarlaq\/","og_site_name":"Archivio CassanoWeb","article_publisher":"https:\/\/www.facebook.com\/redazione.cassanoweb","article_published_time":"2012-09-04T16:31:22+00:00","og_image":[{"width":640,"height":300,"url":"https:\/\/archiviocassano.lavocedelpaese.info\/wp-content\/uploads\/2012\/09\/Fratoianni_a_Cassano.jpg","type":"image\/jpeg"}],"author":"admin","twitter_card":"summary_large_image","twitter_misc":{"Scritto da":"admin","Tempo di lettura stimato":"3 minuti"},"schema":{"@context":"https:\/\/schema.org","@graph":[{"@type":"Article","@id":"https:\/\/archiviocassano.lavocedelpaese.info\/index.php\/2012\/09\/04\/fratoianni-qabbiamo-dato-ai-givani-pugliesi-una-possibilitaa-loro-sfruttarlaq\/#article","isPartOf":{"@id":"https:\/\/archiviocassano.lavocedelpaese.info\/index.php\/2012\/09\/04\/fratoianni-qabbiamo-dato-ai-givani-pugliesi-una-possibilitaa-loro-sfruttarlaq\/"},"author":{"name":"admin","@id":"https:\/\/archiviocassano.lavocedelpaese.info\/#\/schema\/person\/df195bc79a9b4c35127cf005f92e041b"},"headline":"Fratoianni: &#8220;Una possibilit\u00e0 ai giovani pugliesi, a loro sfruttarla&#8221;","datePublished":"2012-09-04T16:31:22+00:00","mainEntityOfPage":{"@id":"https:\/\/archiviocassano.lavocedelpaese.info\/index.php\/2012\/09\/04\/fratoianni-qabbiamo-dato-ai-givani-pugliesi-una-possibilitaa-loro-sfruttarlaq\/"},"wordCount":544,"commentCount":0,"publisher":{"@id":"https:\/\/archiviocassano.lavocedelpaese.info\/#organization"},"image":{"@id":"https:\/\/archiviocassano.lavocedelpaese.info\/index.php\/2012\/09\/04\/fratoianni-qabbiamo-dato-ai-givani-pugliesi-una-possibilitaa-loro-sfruttarlaq\/#primaryimage"},"thumbnailUrl":"https:\/\/archiviocassano.lavocedelpaese.info\/wp-content\/uploads\/2012\/09\/Fratoianni_a_Cassano.jpg","articleSection":["Politica"],"inLanguage":"it-IT","potentialAction":[{"@type":"CommentAction","name":"Comment","target":["https:\/\/archiviocassano.lavocedelpaese.info\/index.php\/2012\/09\/04\/fratoianni-qabbiamo-dato-ai-givani-pugliesi-una-possibilitaa-loro-sfruttarlaq\/#respond"]}]},{"@type":"WebPage","@id":"https:\/\/archiviocassano.lavocedelpaese.info\/index.php\/2012\/09\/04\/fratoianni-qabbiamo-dato-ai-givani-pugliesi-una-possibilitaa-loro-sfruttarlaq\/","url":"https:\/\/archiviocassano.lavocedelpaese.info\/index.php\/2012\/09\/04\/fratoianni-qabbiamo-dato-ai-givani-pugliesi-una-possibilitaa-loro-sfruttarlaq\/","name":"Fratoianni: \"Una possibilit\u00e0 ai giovani pugliesi, a loro sfruttarla\" - Archivio CassanoWeb","isPartOf":{"@id":"https:\/\/archiviocassano.lavocedelpaese.info\/#website"},"primaryImageOfPage":{"@id":"https:\/\/archiviocassano.lavocedelpaese.info\/index.php\/2012\/09\/04\/fratoianni-qabbiamo-dato-ai-givani-pugliesi-una-possibilitaa-loro-sfruttarlaq\/#primaryimage"},"image":{"@id":"https:\/\/archiviocassano.lavocedelpaese.info\/index.php\/2012\/09\/04\/fratoianni-qabbiamo-dato-ai-givani-pugliesi-una-possibilitaa-loro-sfruttarlaq\/#primaryimage"},"thumbnailUrl":"https:\/\/archiviocassano.lavocedelpaese.info\/wp-content\/uploads\/2012\/09\/Fratoianni_a_Cassano.jpg","datePublished":"2012-09-04T16:31:22+00:00","breadcrumb":{"@id":"https:\/\/archiviocassano.lavocedelpaese.info\/index.php\/2012\/09\/04\/fratoianni-qabbiamo-dato-ai-givani-pugliesi-una-possibilitaa-loro-sfruttarlaq\/#breadcrumb"},"inLanguage":"it-IT","potentialAction":[{"@type":"ReadAction","target":["https:\/\/archiviocassano.lavocedelpaese.info\/index.php\/2012\/09\/04\/fratoianni-qabbiamo-dato-ai-givani-pugliesi-una-possibilitaa-loro-sfruttarlaq\/"]}]},{"@type":"ImageObject","inLanguage":"it-IT","@id":"https:\/\/archiviocassano.lavocedelpaese.info\/index.php\/2012\/09\/04\/fratoianni-qabbiamo-dato-ai-givani-pugliesi-una-possibilitaa-loro-sfruttarlaq\/#primaryimage","url":"https:\/\/archiviocassano.lavocedelpaese.info\/wp-content\/uploads\/2012\/09\/Fratoianni_a_Cassano.jpg","contentUrl":"https:\/\/archiviocassano.lavocedelpaese.info\/wp-content\/uploads\/2012\/09\/Fratoianni_a_Cassano.jpg","width":640,"height":300,"caption":"Fratoianni a Cassano"},{"@type":"BreadcrumbList","@id":"https:\/\/archiviocassano.lavocedelpaese.info\/index.php\/2012\/09\/04\/fratoianni-qabbiamo-dato-ai-givani-pugliesi-una-possibilitaa-loro-sfruttarlaq\/#breadcrumb","itemListElement":[{"@type":"ListItem","position":1,"name":"Home","item":"https:\/\/archiviocassano.lavocedelpaese.info\/"},{"@type":"ListItem","position":2,"name":"Fratoianni: &#8220;Una possibilit\u00e0 ai giovani pugliesi, a loro sfruttarla&#8221;"}]},{"@type":"WebSite","@id":"https:\/\/archiviocassano.lavocedelpaese.info\/#website","url":"https:\/\/archiviocassano.lavocedelpaese.info\/","name":"Archivio CassanoWeb","description":"La Voce del Paese - un network di idee","publisher":{"@id":"https:\/\/archiviocassano.lavocedelpaese.info\/#organization"},"potentialAction":[{"@type":"SearchAction","target":{"@type":"EntryPoint","urlTemplate":"https:\/\/archiviocassano.lavocedelpaese.info\/?s={search_term_string}"},"query-input":{"@type":"PropertyValueSpecification","valueRequired":true,"valueName":"search_term_string"}}],"inLanguage":"it-IT"},{"@type":"Organization","@id":"https:\/\/archiviocassano.lavocedelpaese.info\/#organization","name":"Archivio CassanoWeb","url":"https:\/\/archiviocassano.lavocedelpaese.info\/","logo":{"@type":"ImageObject","inLanguage":"it-IT","@id":"https:\/\/archiviocassano.lavocedelpaese.info\/#\/schema\/logo\/image\/","url":"https:\/\/archiviocassano.lavocedelpaese.info\/wp-content\/uploads\/2024\/08\/logo-rosso-2.png","contentUrl":"https:\/\/archiviocassano.lavocedelpaese.info\/wp-content\/uploads\/2024\/08\/logo-rosso-2.png","width":491,"height":432,"caption":"Archivio CassanoWeb"},"image":{"@id":"https:\/\/archiviocassano.lavocedelpaese.info\/#\/schema\/logo\/image\/"},"sameAs":["https:\/\/www.facebook.com\/redazione.cassanoweb"]},{"@type":"Person","@id":"https:\/\/archiviocassano.lavocedelpaese.info\/#\/schema\/person\/df195bc79a9b4c35127cf005f92e041b","name":"admin","image":{"@type":"ImageObject","inLanguage":"it-IT","@id":"https:\/\/secure.gravatar.com\/avatar\/eabba89a432e8eaa1b0207cc55f7e5340b22712b1ed80677efcf63e02ff5b235?s=96&d=mm&r=g","url":"https:\/\/secure.gravatar.com\/avatar\/eabba89a432e8eaa1b0207cc55f7e5340b22712b1ed80677efcf63e02ff5b235?s=96&d=mm&r=g","contentUrl":"https:\/\/secure.gravatar.com\/avatar\/eabba89a432e8eaa1b0207cc55f7e5340b22712b1ed80677efcf63e02ff5b235?s=96&d=mm&r=g","caption":"admin"},"sameAs":["https:\/\/archiviocassano.lavocedelpaese.info"],"url":"https:\/\/archiviocassano.lavocedelpaese.info\/index.php\/author\/admin_0qgz1xdp\/"}]}},"_links":{"self":[{"href":"https:\/\/archiviocassano.lavocedelpaese.info\/index.php\/wp-json\/wp\/v2\/posts\/6356","targetHints":{"allow":["GET"]}}],"collection":[{"href":"https:\/\/archiviocassano.lavocedelpaese.info\/index.php\/wp-json\/wp\/v2\/posts"}],"about":[{"href":"https:\/\/archiviocassano.lavocedelpaese.info\/index.php\/wp-json\/wp\/v2\/types\/post"}],"author":[{"embeddable":true,"href":"https:\/\/archiviocassano.lavocedelpaese.info\/index.php\/wp-json\/wp\/v2\/users\/1"}],"replies":[{"embeddable":true,"href":"https:\/\/archiviocassano.lavocedelpaese.info\/index.php\/wp-json\/wp\/v2\/comments?post=6356"}],"version-history":[{"count":0,"href":"https:\/\/archiviocassano.lavocedelpaese.info\/index.php\/wp-json\/wp\/v2\/posts\/6356\/revisions"}],"wp:featuredmedia":[{"embeddable":true,"href":"https:\/\/archiviocassano.lavocedelpaese.info\/index.php\/wp-json\/wp\/v2\/media\/6355"}],"wp:attachment":[{"href":"https:\/\/archiviocassano.lavocedelpaese.info\/index.php\/wp-json\/wp\/v2\/media?parent=6356"}],"wp:term":[{"taxonomy":"category","embeddable":true,"href":"https:\/\/archiviocassano.lavocedelpaese.info\/index.php\/wp-json\/wp\/v2\/categories?post=6356"},{"taxonomy":"post_tag","embeddable":true,"href":"https:\/\/archiviocassano.lavocedelpaese.info\/index.php\/wp-json\/wp\/v2\/tags?post=6356"}],"curies":[{"name":"wp","href":"https:\/\/api.w.org\/{rel}","templated":true}]}}