{"id":6403,"date":"2012-09-14T12:46:31","date_gmt":"2012-09-14T12:46:31","guid":{"rendered":"https:\/\/archiviocassano.lavocedelpaese.info\/index.php\/2012\/09\/14\/due-cassanesi-su-fronti-opposti-dinanzi-al-qpetruzzelliq-di-bari\/"},"modified":"2012-09-14T12:46:31","modified_gmt":"2012-09-14T12:46:31","slug":"due-cassanesi-su-fronti-opposti-dinanzi-al-qpetruzzelliq-di-bari","status":"publish","type":"post","link":"https:\/\/archiviocassano.lavocedelpaese.info\/index.php\/2012\/09\/14\/due-cassanesi-su-fronti-opposti-dinanzi-al-qpetruzzelliq-di-bari\/","title":{"rendered":"Il &#8220;Don Giovanni&#8221; al Petruzzelli e i Maestri cassanesi"},"content":{"rendered":"<p><img loading=\"lazy\" decoding=\"async\" class=\" size-full wp-image-6400\" style=\"margin-right: 2px; margin-left: 2px;\" alt=\"teatro-petruzzelli-11\" src=\"https:\/\/archiviocassano.lavocedelpaese.info\/wp-content\/uploads\/2012\/09\/teatro-petruzzelli-11.jpg\" height=\"150\" width=\"320\" \/><\/p>\n<p><!--more--><\/p>\n<p style=\"text-align: justify;\">La passione per la musica \u00e8 la stessa, cos\u00ec come la stima reciproca; identica la bravura, il talento che li ha portati in giro per l\u2019Italia e per il mondo con orchestre prestigiose. Uguale la provenienza, il paese dove sono nati e vivono: Cassano.<\/p>\n<p style=\"text-align: justify;\">Ma stasera <strong>Francesco Manfredi<\/strong> e <strong>Giuseppe La Malfa<\/strong> si troveranno \u2013 forse loro malgrado &#8211; in luoghi diversi rispetto al Teatro Petruzzelli dove va in scena \u201cDon Giovanni\u201d.<\/p>\n<p style=\"text-align: justify;\">Manfredi, primo clarinetto dell\u2019Orchestra Sinfonica del Petruzzelli di Bari, con molta probabilit\u00e0 sar\u00e0 con tutti gli altri orchestrali a scioperare dinanzi al politeama per cercare di salvaguardare il proprio posto di lavoro rispetto alle scelte discutibili (\u201cscellerate\u201d secondo la Cgil) del commissario della Fondazione, Carlo Fuortes.<\/p>\n<p style=\"text-align: justify;\">La Malfa, direttore d\u2019orchestra e pianista, sar\u00e0 sul palcoscenico, dinanzi al suo <a target=\"_blank\" href=\"http:\/\/it.wikipedia.org\/wiki\/Fortepiano\" rel=\"noopener\">fortepiano<\/a> e assieme ad altri due maestri, Roberto Abbado alla Direzione e Andrea Severi al pianoforte, sostituir\u00e0 l\u2019Orchestra del Petruzzelli per dar modo di far andare in scena la replica dell\u2019opera che proprio a causa dello sciopero della Cgil, salt\u00f2 l\u2019altro giorno e ritard\u00f2 di un\u2019ora nella prima replica.<\/p>\n<p style=\"text-align: justify;\">Due musicisti cassanesi, dunque, si trovano per uno strano scherzo del fato, in campi diversi e al di l\u00e0 delle sacrosante opinioni e rivendicazioni, sembra davvero una storia scritta da uno sceneggiatore con la fantasia traballante. A loro &#8211; ma non conosciamo che intenzioni abbiano &#8211; sono da associare altri due Maestri cassanesi ovvero <strong>Giuseppe Smaldino<\/strong> e <strong>Christian Ugenti<\/strong> che collaborano con l&#8217;Ente lirico barese.<\/p>\n<p style=\"text-align: justify;\">L&#8217;augurio \u00e8 che si arrivi ad una ricucitura della vertenza in atto, affinch\u00e8 trionfi il giusto diritto al lavoro e chiss\u00e0, magari un giorno, poter ascoltare entrambi questi talentuosi figli di Cassano, esibirsi assieme nella nostra comunit\u00e0.<\/p>\n<p style=\"text-align: justify;\">&nbsp;<\/p>\n<p style=\"text-align: center;\"><img loading=\"lazy\" decoding=\"async\" class=\" size-full wp-image-6401\" style=\"margin-right: 2px; margin-left: 2px;\" alt=\"181690 10150108604171361 2482546 n\" src=\"https:\/\/archiviocassano.lavocedelpaese.info\/wp-content\/uploads\/2012\/09\/181690_10150108604171361_2482546_n.jpg\" height=\"480\" width=\"720\" srcset=\"https:\/\/archiviocassano.lavocedelpaese.info\/wp-content\/uploads\/2012\/09\/181690_10150108604171361_2482546_n.jpg 720w, https:\/\/archiviocassano.lavocedelpaese.info\/wp-content\/uploads\/2012\/09\/181690_10150108604171361_2482546_n-300x200.jpg 300w\" sizes=\"auto, (max-width: 720px) 100vw, 720px\" \/><\/p>\n<p style=\"text-align: center;\"><strong><em>il Maestro Francesco Manfredi al clarinetto<\/em><\/strong><\/p>\n<p style=\"text-align: center;\"><strong><em><br \/><\/em><\/strong><\/p>\n<p style=\"text-align: center;\"><strong><em><img loading=\"lazy\" decoding=\"async\" class=\" size-full wp-image-6402\" style=\"margin-right: 2px; margin-left: 2px;\" alt=\"015. Giuseppe La Malfa\" src=\"https:\/\/archiviocassano.lavocedelpaese.info\/wp-content\/uploads\/2012\/09\/015._Giuseppe_La_Malfa.JPG\" height=\"532\" width=\"800\" srcset=\"https:\/\/archiviocassano.lavocedelpaese.info\/wp-content\/uploads\/2012\/09\/015._Giuseppe_La_Malfa.JPG 1600w, https:\/\/archiviocassano.lavocedelpaese.info\/wp-content\/uploads\/2012\/09\/015._Giuseppe_La_Malfa-300x200.jpg 300w, https:\/\/archiviocassano.lavocedelpaese.info\/wp-content\/uploads\/2012\/09\/015._Giuseppe_La_Malfa-1024x681.jpg 1024w, https:\/\/archiviocassano.lavocedelpaese.info\/wp-content\/uploads\/2012\/09\/015._Giuseppe_La_Malfa-768x511.jpg 768w, https:\/\/archiviocassano.lavocedelpaese.info\/wp-content\/uploads\/2012\/09\/015._Giuseppe_La_Malfa-1536x1021.jpg 1536w\" sizes=\"auto, (max-width: 800px) 100vw, 800px\" \/><\/em><\/strong><\/p>\n<p style=\"text-align: center;\"><strong><em>il Maestro Giuseppe La Malfa<br \/><\/em><\/strong><\/p>\n<p style=\"text-align: center;\">&nbsp;<\/p>\n<p style=\"text-align: center;\">&nbsp;<\/p>\n<p>&nbsp;<\/p>\n","protected":false},"excerpt":{"rendered":"","protected":false},"author":1,"featured_media":6400,"comment_status":"open","ping_status":"closed","sticky":false,"template":"","format":"standard","meta":{"colormag_page_container_layout":"default_layout","colormag_page_sidebar_layout":"default_layout","footnotes":""},"categories":[6],"tags":[],"class_list":["post-6403","post","type-post","status-publish","format-standard","has-post-thumbnail","hentry","category-cultura"],"yoast_head":"<!-- This site is optimized with the Yoast SEO plugin v27.5 - https:\/\/yoast.com\/product\/yoast-seo-wordpress\/ -->\n<title>Il &quot;Don Giovanni&quot; al Petruzzelli e i Maestri cassanesi - Archivio CassanoWeb<\/title>\n<meta name=\"robots\" content=\"index, follow, max-snippet:-1, max-image-preview:large, max-video-preview:-1\" \/>\n<link rel=\"canonical\" href=\"https:\/\/archiviocassano.lavocedelpaese.info\/index.php\/2012\/09\/14\/due-cassanesi-su-fronti-opposti-dinanzi-al-qpetruzzelliq-di-bari\/\" \/>\n<meta property=\"og:locale\" content=\"it_IT\" \/>\n<meta property=\"og:type\" content=\"article\" \/>\n<meta property=\"og:title\" content=\"Il &quot;Don Giovanni&quot; al Petruzzelli e i Maestri cassanesi - Archivio CassanoWeb\" \/>\n<meta property=\"og:url\" content=\"https:\/\/archiviocassano.lavocedelpaese.info\/index.php\/2012\/09\/14\/due-cassanesi-su-fronti-opposti-dinanzi-al-qpetruzzelliq-di-bari\/\" \/>\n<meta property=\"og:site_name\" content=\"Archivio CassanoWeb\" \/>\n<meta property=\"article:publisher\" content=\"https:\/\/www.facebook.com\/redazione.cassanoweb\" \/>\n<meta property=\"article:published_time\" content=\"2012-09-14T12:46:31+00:00\" \/>\n<meta property=\"og:image\" content=\"https:\/\/archiviocassano.lavocedelpaese.info\/wp-content\/uploads\/2012\/09\/teatro-petruzzelli-11.jpg\" \/>\n\t<meta property=\"og:image:width\" content=\"800\" \/>\n\t<meta property=\"og:image:height\" content=\"567\" \/>\n\t<meta property=\"og:image:type\" content=\"image\/jpeg\" \/>\n<meta name=\"author\" content=\"admin\" \/>\n<meta name=\"twitter:card\" content=\"summary_large_image\" \/>\n<meta name=\"twitter:label1\" content=\"Scritto da\" \/>\n\t<meta name=\"twitter:data1\" content=\"admin\" \/>\n\t<meta name=\"twitter:label2\" content=\"Tempo di lettura stimato\" \/>\n\t<meta name=\"twitter:data2\" content=\"2 minuti\" \/>\n<script type=\"application\/ld+json\" class=\"yoast-schema-graph\">{\"@context\":\"https:\\\/\\\/schema.org\",\"@graph\":[{\"@type\":\"Article\",\"@id\":\"https:\\\/\\\/archiviocassano.lavocedelpaese.info\\\/index.php\\\/2012\\\/09\\\/14\\\/due-cassanesi-su-fronti-opposti-dinanzi-al-qpetruzzelliq-di-bari\\\/#article\",\"isPartOf\":{\"@id\":\"https:\\\/\\\/archiviocassano.lavocedelpaese.info\\\/index.php\\\/2012\\\/09\\\/14\\\/due-cassanesi-su-fronti-opposti-dinanzi-al-qpetruzzelliq-di-bari\\\/\"},\"author\":{\"name\":\"admin\",\"@id\":\"https:\\\/\\\/archiviocassano.lavocedelpaese.info\\\/#\\\/schema\\\/person\\\/df195bc79a9b4c35127cf005f92e041b\"},\"headline\":\"Il &#8220;Don Giovanni&#8221; al Petruzzelli e i Maestri cassanesi\",\"datePublished\":\"2012-09-14T12:46:31+00:00\",\"mainEntityOfPage\":{\"@id\":\"https:\\\/\\\/archiviocassano.lavocedelpaese.info\\\/index.php\\\/2012\\\/09\\\/14\\\/due-cassanesi-su-fronti-opposti-dinanzi-al-qpetruzzelliq-di-bari\\\/\"},\"wordCount\":311,\"commentCount\":0,\"publisher\":{\"@id\":\"https:\\\/\\\/archiviocassano.lavocedelpaese.info\\\/#organization\"},\"image\":{\"@id\":\"https:\\\/\\\/archiviocassano.lavocedelpaese.info\\\/index.php\\\/2012\\\/09\\\/14\\\/due-cassanesi-su-fronti-opposti-dinanzi-al-qpetruzzelliq-di-bari\\\/#primaryimage\"},\"thumbnailUrl\":\"https:\\\/\\\/archiviocassano.lavocedelpaese.info\\\/wp-content\\\/uploads\\\/2012\\\/09\\\/teatro-petruzzelli-11.jpg\",\"articleSection\":[\"Cultura\"],\"inLanguage\":\"it-IT\",\"potentialAction\":[{\"@type\":\"CommentAction\",\"name\":\"Comment\",\"target\":[\"https:\\\/\\\/archiviocassano.lavocedelpaese.info\\\/index.php\\\/2012\\\/09\\\/14\\\/due-cassanesi-su-fronti-opposti-dinanzi-al-qpetruzzelliq-di-bari\\\/#respond\"]}]},{\"@type\":\"WebPage\",\"@id\":\"https:\\\/\\\/archiviocassano.lavocedelpaese.info\\\/index.php\\\/2012\\\/09\\\/14\\\/due-cassanesi-su-fronti-opposti-dinanzi-al-qpetruzzelliq-di-bari\\\/\",\"url\":\"https:\\\/\\\/archiviocassano.lavocedelpaese.info\\\/index.php\\\/2012\\\/09\\\/14\\\/due-cassanesi-su-fronti-opposti-dinanzi-al-qpetruzzelliq-di-bari\\\/\",\"name\":\"Il \\\"Don Giovanni\\\" al Petruzzelli e i Maestri cassanesi - Archivio CassanoWeb\",\"isPartOf\":{\"@id\":\"https:\\\/\\\/archiviocassano.lavocedelpaese.info\\\/#website\"},\"primaryImageOfPage\":{\"@id\":\"https:\\\/\\\/archiviocassano.lavocedelpaese.info\\\/index.php\\\/2012\\\/09\\\/14\\\/due-cassanesi-su-fronti-opposti-dinanzi-al-qpetruzzelliq-di-bari\\\/#primaryimage\"},\"image\":{\"@id\":\"https:\\\/\\\/archiviocassano.lavocedelpaese.info\\\/index.php\\\/2012\\\/09\\\/14\\\/due-cassanesi-su-fronti-opposti-dinanzi-al-qpetruzzelliq-di-bari\\\/#primaryimage\"},\"thumbnailUrl\":\"https:\\\/\\\/archiviocassano.lavocedelpaese.info\\\/wp-content\\\/uploads\\\/2012\\\/09\\\/teatro-petruzzelli-11.jpg\",\"datePublished\":\"2012-09-14T12:46:31+00:00\",\"breadcrumb\":{\"@id\":\"https:\\\/\\\/archiviocassano.lavocedelpaese.info\\\/index.php\\\/2012\\\/09\\\/14\\\/due-cassanesi-su-fronti-opposti-dinanzi-al-qpetruzzelliq-di-bari\\\/#breadcrumb\"},\"inLanguage\":\"it-IT\",\"potentialAction\":[{\"@type\":\"ReadAction\",\"target\":[\"https:\\\/\\\/archiviocassano.lavocedelpaese.info\\\/index.php\\\/2012\\\/09\\\/14\\\/due-cassanesi-su-fronti-opposti-dinanzi-al-qpetruzzelliq-di-bari\\\/\"]}]},{\"@type\":\"ImageObject\",\"inLanguage\":\"it-IT\",\"@id\":\"https:\\\/\\\/archiviocassano.lavocedelpaese.info\\\/index.php\\\/2012\\\/09\\\/14\\\/due-cassanesi-su-fronti-opposti-dinanzi-al-qpetruzzelliq-di-bari\\\/#primaryimage\",\"url\":\"https:\\\/\\\/archiviocassano.lavocedelpaese.info\\\/wp-content\\\/uploads\\\/2012\\\/09\\\/teatro-petruzzelli-11.jpg\",\"contentUrl\":\"https:\\\/\\\/archiviocassano.lavocedelpaese.info\\\/wp-content\\\/uploads\\\/2012\\\/09\\\/teatro-petruzzelli-11.jpg\",\"width\":800,\"height\":567,\"caption\":\"teatro-petruzzelli-11\"},{\"@type\":\"BreadcrumbList\",\"@id\":\"https:\\\/\\\/archiviocassano.lavocedelpaese.info\\\/index.php\\\/2012\\\/09\\\/14\\\/due-cassanesi-su-fronti-opposti-dinanzi-al-qpetruzzelliq-di-bari\\\/#breadcrumb\",\"itemListElement\":[{\"@type\":\"ListItem\",\"position\":1,\"name\":\"Home\",\"item\":\"https:\\\/\\\/archiviocassano.lavocedelpaese.info\\\/\"},{\"@type\":\"ListItem\",\"position\":2,\"name\":\"Il &#8220;Don Giovanni&#8221; al Petruzzelli e i Maestri cassanesi\"}]},{\"@type\":\"WebSite\",\"@id\":\"https:\\\/\\\/archiviocassano.lavocedelpaese.info\\\/#website\",\"url\":\"https:\\\/\\\/archiviocassano.lavocedelpaese.info\\\/\",\"name\":\"Archivio CassanoWeb\",\"description\":\"La Voce del Paese - un network di idee\",\"publisher\":{\"@id\":\"https:\\\/\\\/archiviocassano.lavocedelpaese.info\\\/#organization\"},\"potentialAction\":[{\"@type\":\"SearchAction\",\"target\":{\"@type\":\"EntryPoint\",\"urlTemplate\":\"https:\\\/\\\/archiviocassano.lavocedelpaese.info\\\/?s={search_term_string}\"},\"query-input\":{\"@type\":\"PropertyValueSpecification\",\"valueRequired\":true,\"valueName\":\"search_term_string\"}}],\"inLanguage\":\"it-IT\"},{\"@type\":\"Organization\",\"@id\":\"https:\\\/\\\/archiviocassano.lavocedelpaese.info\\\/#organization\",\"name\":\"Archivio CassanoWeb\",\"url\":\"https:\\\/\\\/archiviocassano.lavocedelpaese.info\\\/\",\"logo\":{\"@type\":\"ImageObject\",\"inLanguage\":\"it-IT\",\"@id\":\"https:\\\/\\\/archiviocassano.lavocedelpaese.info\\\/#\\\/schema\\\/logo\\\/image\\\/\",\"url\":\"https:\\\/\\\/archiviocassano.lavocedelpaese.info\\\/wp-content\\\/uploads\\\/2024\\\/08\\\/logo-rosso-2.png\",\"contentUrl\":\"https:\\\/\\\/archiviocassano.lavocedelpaese.info\\\/wp-content\\\/uploads\\\/2024\\\/08\\\/logo-rosso-2.png\",\"width\":491,\"height\":432,\"caption\":\"Archivio CassanoWeb\"},\"image\":{\"@id\":\"https:\\\/\\\/archiviocassano.lavocedelpaese.info\\\/#\\\/schema\\\/logo\\\/image\\\/\"},\"sameAs\":[\"https:\\\/\\\/www.facebook.com\\\/redazione.cassanoweb\"]},{\"@type\":\"Person\",\"@id\":\"https:\\\/\\\/archiviocassano.lavocedelpaese.info\\\/#\\\/schema\\\/person\\\/df195bc79a9b4c35127cf005f92e041b\",\"name\":\"admin\",\"image\":{\"@type\":\"ImageObject\",\"inLanguage\":\"it-IT\",\"@id\":\"https:\\\/\\\/secure.gravatar.com\\\/avatar\\\/eabba89a432e8eaa1b0207cc55f7e5340b22712b1ed80677efcf63e02ff5b235?s=96&d=mm&r=g\",\"url\":\"https:\\\/\\\/secure.gravatar.com\\\/avatar\\\/eabba89a432e8eaa1b0207cc55f7e5340b22712b1ed80677efcf63e02ff5b235?s=96&d=mm&r=g\",\"contentUrl\":\"https:\\\/\\\/secure.gravatar.com\\\/avatar\\\/eabba89a432e8eaa1b0207cc55f7e5340b22712b1ed80677efcf63e02ff5b235?s=96&d=mm&r=g\",\"caption\":\"admin\"},\"sameAs\":[\"https:\\\/\\\/archiviocassano.lavocedelpaese.info\"],\"url\":\"https:\\\/\\\/archiviocassano.lavocedelpaese.info\\\/index.php\\\/author\\\/admin_0qgz1xdp\\\/\"}]}<\/script>\n<!-- \/ Yoast SEO plugin. -->","yoast_head_json":{"title":"Il \"Don Giovanni\" al Petruzzelli e i Maestri cassanesi - Archivio CassanoWeb","robots":{"index":"index","follow":"follow","max-snippet":"max-snippet:-1","max-image-preview":"max-image-preview:large","max-video-preview":"max-video-preview:-1"},"canonical":"https:\/\/archiviocassano.lavocedelpaese.info\/index.php\/2012\/09\/14\/due-cassanesi-su-fronti-opposti-dinanzi-al-qpetruzzelliq-di-bari\/","og_locale":"it_IT","og_type":"article","og_title":"Il \"Don Giovanni\" al Petruzzelli e i Maestri cassanesi - Archivio CassanoWeb","og_url":"https:\/\/archiviocassano.lavocedelpaese.info\/index.php\/2012\/09\/14\/due-cassanesi-su-fronti-opposti-dinanzi-al-qpetruzzelliq-di-bari\/","og_site_name":"Archivio CassanoWeb","article_publisher":"https:\/\/www.facebook.com\/redazione.cassanoweb","article_published_time":"2012-09-14T12:46:31+00:00","og_image":[{"width":800,"height":567,"url":"https:\/\/archiviocassano.lavocedelpaese.info\/wp-content\/uploads\/2012\/09\/teatro-petruzzelli-11.jpg","type":"image\/jpeg"}],"author":"admin","twitter_card":"summary_large_image","twitter_misc":{"Scritto da":"admin","Tempo di lettura stimato":"2 minuti"},"schema":{"@context":"https:\/\/schema.org","@graph":[{"@type":"Article","@id":"https:\/\/archiviocassano.lavocedelpaese.info\/index.php\/2012\/09\/14\/due-cassanesi-su-fronti-opposti-dinanzi-al-qpetruzzelliq-di-bari\/#article","isPartOf":{"@id":"https:\/\/archiviocassano.lavocedelpaese.info\/index.php\/2012\/09\/14\/due-cassanesi-su-fronti-opposti-dinanzi-al-qpetruzzelliq-di-bari\/"},"author":{"name":"admin","@id":"https:\/\/archiviocassano.lavocedelpaese.info\/#\/schema\/person\/df195bc79a9b4c35127cf005f92e041b"},"headline":"Il &#8220;Don Giovanni&#8221; al Petruzzelli e i Maestri cassanesi","datePublished":"2012-09-14T12:46:31+00:00","mainEntityOfPage":{"@id":"https:\/\/archiviocassano.lavocedelpaese.info\/index.php\/2012\/09\/14\/due-cassanesi-su-fronti-opposti-dinanzi-al-qpetruzzelliq-di-bari\/"},"wordCount":311,"commentCount":0,"publisher":{"@id":"https:\/\/archiviocassano.lavocedelpaese.info\/#organization"},"image":{"@id":"https:\/\/archiviocassano.lavocedelpaese.info\/index.php\/2012\/09\/14\/due-cassanesi-su-fronti-opposti-dinanzi-al-qpetruzzelliq-di-bari\/#primaryimage"},"thumbnailUrl":"https:\/\/archiviocassano.lavocedelpaese.info\/wp-content\/uploads\/2012\/09\/teatro-petruzzelli-11.jpg","articleSection":["Cultura"],"inLanguage":"it-IT","potentialAction":[{"@type":"CommentAction","name":"Comment","target":["https:\/\/archiviocassano.lavocedelpaese.info\/index.php\/2012\/09\/14\/due-cassanesi-su-fronti-opposti-dinanzi-al-qpetruzzelliq-di-bari\/#respond"]}]},{"@type":"WebPage","@id":"https:\/\/archiviocassano.lavocedelpaese.info\/index.php\/2012\/09\/14\/due-cassanesi-su-fronti-opposti-dinanzi-al-qpetruzzelliq-di-bari\/","url":"https:\/\/archiviocassano.lavocedelpaese.info\/index.php\/2012\/09\/14\/due-cassanesi-su-fronti-opposti-dinanzi-al-qpetruzzelliq-di-bari\/","name":"Il \"Don Giovanni\" al Petruzzelli e i Maestri cassanesi - Archivio CassanoWeb","isPartOf":{"@id":"https:\/\/archiviocassano.lavocedelpaese.info\/#website"},"primaryImageOfPage":{"@id":"https:\/\/archiviocassano.lavocedelpaese.info\/index.php\/2012\/09\/14\/due-cassanesi-su-fronti-opposti-dinanzi-al-qpetruzzelliq-di-bari\/#primaryimage"},"image":{"@id":"https:\/\/archiviocassano.lavocedelpaese.info\/index.php\/2012\/09\/14\/due-cassanesi-su-fronti-opposti-dinanzi-al-qpetruzzelliq-di-bari\/#primaryimage"},"thumbnailUrl":"https:\/\/archiviocassano.lavocedelpaese.info\/wp-content\/uploads\/2012\/09\/teatro-petruzzelli-11.jpg","datePublished":"2012-09-14T12:46:31+00:00","breadcrumb":{"@id":"https:\/\/archiviocassano.lavocedelpaese.info\/index.php\/2012\/09\/14\/due-cassanesi-su-fronti-opposti-dinanzi-al-qpetruzzelliq-di-bari\/#breadcrumb"},"inLanguage":"it-IT","potentialAction":[{"@type":"ReadAction","target":["https:\/\/archiviocassano.lavocedelpaese.info\/index.php\/2012\/09\/14\/due-cassanesi-su-fronti-opposti-dinanzi-al-qpetruzzelliq-di-bari\/"]}]},{"@type":"ImageObject","inLanguage":"it-IT","@id":"https:\/\/archiviocassano.lavocedelpaese.info\/index.php\/2012\/09\/14\/due-cassanesi-su-fronti-opposti-dinanzi-al-qpetruzzelliq-di-bari\/#primaryimage","url":"https:\/\/archiviocassano.lavocedelpaese.info\/wp-content\/uploads\/2012\/09\/teatro-petruzzelli-11.jpg","contentUrl":"https:\/\/archiviocassano.lavocedelpaese.info\/wp-content\/uploads\/2012\/09\/teatro-petruzzelli-11.jpg","width":800,"height":567,"caption":"teatro-petruzzelli-11"},{"@type":"BreadcrumbList","@id":"https:\/\/archiviocassano.lavocedelpaese.info\/index.php\/2012\/09\/14\/due-cassanesi-su-fronti-opposti-dinanzi-al-qpetruzzelliq-di-bari\/#breadcrumb","itemListElement":[{"@type":"ListItem","position":1,"name":"Home","item":"https:\/\/archiviocassano.lavocedelpaese.info\/"},{"@type":"ListItem","position":2,"name":"Il &#8220;Don Giovanni&#8221; al Petruzzelli e i Maestri cassanesi"}]},{"@type":"WebSite","@id":"https:\/\/archiviocassano.lavocedelpaese.info\/#website","url":"https:\/\/archiviocassano.lavocedelpaese.info\/","name":"Archivio CassanoWeb","description":"La Voce del Paese - un network di idee","publisher":{"@id":"https:\/\/archiviocassano.lavocedelpaese.info\/#organization"},"potentialAction":[{"@type":"SearchAction","target":{"@type":"EntryPoint","urlTemplate":"https:\/\/archiviocassano.lavocedelpaese.info\/?s={search_term_string}"},"query-input":{"@type":"PropertyValueSpecification","valueRequired":true,"valueName":"search_term_string"}}],"inLanguage":"it-IT"},{"@type":"Organization","@id":"https:\/\/archiviocassano.lavocedelpaese.info\/#organization","name":"Archivio CassanoWeb","url":"https:\/\/archiviocassano.lavocedelpaese.info\/","logo":{"@type":"ImageObject","inLanguage":"it-IT","@id":"https:\/\/archiviocassano.lavocedelpaese.info\/#\/schema\/logo\/image\/","url":"https:\/\/archiviocassano.lavocedelpaese.info\/wp-content\/uploads\/2024\/08\/logo-rosso-2.png","contentUrl":"https:\/\/archiviocassano.lavocedelpaese.info\/wp-content\/uploads\/2024\/08\/logo-rosso-2.png","width":491,"height":432,"caption":"Archivio CassanoWeb"},"image":{"@id":"https:\/\/archiviocassano.lavocedelpaese.info\/#\/schema\/logo\/image\/"},"sameAs":["https:\/\/www.facebook.com\/redazione.cassanoweb"]},{"@type":"Person","@id":"https:\/\/archiviocassano.lavocedelpaese.info\/#\/schema\/person\/df195bc79a9b4c35127cf005f92e041b","name":"admin","image":{"@type":"ImageObject","inLanguage":"it-IT","@id":"https:\/\/secure.gravatar.com\/avatar\/eabba89a432e8eaa1b0207cc55f7e5340b22712b1ed80677efcf63e02ff5b235?s=96&d=mm&r=g","url":"https:\/\/secure.gravatar.com\/avatar\/eabba89a432e8eaa1b0207cc55f7e5340b22712b1ed80677efcf63e02ff5b235?s=96&d=mm&r=g","contentUrl":"https:\/\/secure.gravatar.com\/avatar\/eabba89a432e8eaa1b0207cc55f7e5340b22712b1ed80677efcf63e02ff5b235?s=96&d=mm&r=g","caption":"admin"},"sameAs":["https:\/\/archiviocassano.lavocedelpaese.info"],"url":"https:\/\/archiviocassano.lavocedelpaese.info\/index.php\/author\/admin_0qgz1xdp\/"}]}},"_links":{"self":[{"href":"https:\/\/archiviocassano.lavocedelpaese.info\/index.php\/wp-json\/wp\/v2\/posts\/6403","targetHints":{"allow":["GET"]}}],"collection":[{"href":"https:\/\/archiviocassano.lavocedelpaese.info\/index.php\/wp-json\/wp\/v2\/posts"}],"about":[{"href":"https:\/\/archiviocassano.lavocedelpaese.info\/index.php\/wp-json\/wp\/v2\/types\/post"}],"author":[{"embeddable":true,"href":"https:\/\/archiviocassano.lavocedelpaese.info\/index.php\/wp-json\/wp\/v2\/users\/1"}],"replies":[{"embeddable":true,"href":"https:\/\/archiviocassano.lavocedelpaese.info\/index.php\/wp-json\/wp\/v2\/comments?post=6403"}],"version-history":[{"count":0,"href":"https:\/\/archiviocassano.lavocedelpaese.info\/index.php\/wp-json\/wp\/v2\/posts\/6403\/revisions"}],"wp:featuredmedia":[{"embeddable":true,"href":"https:\/\/archiviocassano.lavocedelpaese.info\/index.php\/wp-json\/wp\/v2\/media\/6400"}],"wp:attachment":[{"href":"https:\/\/archiviocassano.lavocedelpaese.info\/index.php\/wp-json\/wp\/v2\/media?parent=6403"}],"wp:term":[{"taxonomy":"category","embeddable":true,"href":"https:\/\/archiviocassano.lavocedelpaese.info\/index.php\/wp-json\/wp\/v2\/categories?post=6403"},{"taxonomy":"post_tag","embeddable":true,"href":"https:\/\/archiviocassano.lavocedelpaese.info\/index.php\/wp-json\/wp\/v2\/tags?post=6403"}],"curies":[{"name":"wp","href":"https:\/\/api.w.org\/{rel}","templated":true}]}}