{"id":6441,"date":"2012-09-21T11:03:39","date_gmt":"2012-09-21T11:03:39","guid":{"rendered":"https:\/\/archiviocassano.lavocedelpaese.info\/index.php\/2012\/09\/21\/celiachia-il-consigliere-regionale-zullo-presenta-una-proposta-di-legge\/"},"modified":"2012-09-21T11:03:39","modified_gmt":"2012-09-21T11:03:39","slug":"celiachia-il-consigliere-regionale-zullo-presenta-una-proposta-di-legge","status":"publish","type":"post","link":"https:\/\/archiviocassano.lavocedelpaese.info\/index.php\/2012\/09\/21\/celiachia-il-consigliere-regionale-zullo-presenta-una-proposta-di-legge\/","title":{"rendered":"Celiachia, Zullo presenta una proposta di legge"},"content":{"rendered":"<p><img loading=\"lazy\" decoding=\"async\" class=\" size-full wp-image-1474\" style=\"margin-right: 2px; margin-left: 2px;\" alt=\"zullo\" src=\"https:\/\/archiviocassano.lavocedelpaese.info\/wp-content\/uploads\/2010\/05\/zullo.jpg\" height=\"150\" width=\"320\" srcset=\"https:\/\/archiviocassano.lavocedelpaese.info\/wp-content\/uploads\/2010\/05\/zullo.jpg 640w, https:\/\/archiviocassano.lavocedelpaese.info\/wp-content\/uploads\/2010\/05\/zullo-300x141.jpg 300w\" sizes=\"auto, (max-width: 320px) 100vw, 320px\" \/><\/p>\n<p><!--more--><\/p>\n<p>&nbsp;<\/p>\n<div style=\"text-align: justify;\">Il consigliere regionale del Pdl Ignazio Zullo ha presentato una proposta di legge relativa alla protezione dei soggetti affetti da Celiachia.<\/div>\n<div style=\"text-align: justify;\"><\/div>\n<div style=\"text-align: justify;\">Con questo provvedimento si intende rendere operative alcune delle indicazioni del legislatore nazionale, in particolare, disporre che il prelievo dei prodotti senza glutine per fasce di et\u00e0, gi\u00e0 rientranti nei livelli essenziali di assistenza, avvenga con modalit\u00e0 pi\u00f9 agevoli per l&#8217;assistito, sottoforma di buoni acquisto frazionabili e spendibili anche separatamente, in esercizi commerciali, oltre alle farmacie.<\/div>\n<div style=\"text-align: justify;\"><\/div>\n<div style=\"text-align: justify;\">\u201cLa norma statale (legge 4 luglio 2005, n. 123), relativa alla protezione dei soggetti affetti da celiachia \u2013 si legge nella relazione del testo &#8211; fissa degli obiettivi da raggiungere ed affida allo Stato e alle Regioni una serie di interventi idonei a prevenire, a monitorare le patologie associate alla malattia celiaca, definire i test diagnostici e di controllo dei pazienti, assicurare l&#8217;erogazione dei prodotti dietoterapeutici senza glutine. Sulla base dei dati confermati ufficialmente dall\u2019Associazione Italiana Celiachia Puglia (AIC) si rileva una incidenza in Puglia di oltre ottomila persone, e i dati sui soggetti affetti dalla patologia, purtroppo, sono in continuo aumento, infatti si diagnosticano circa 2000 pazienti all&#8217;anno.<\/div>\n<div style=\"text-align: justify;\"><\/div>\n<div style=\"text-align: justify;\">Da qui la necessit\u00e0 di legiferare in materia, attraverso la quale la Giunta regionale, dovrebbe definire con il coinvolgimento dell&#8217;AIC Puglia, le prestazioni sanitarie, incluse nei LEA, appropriate per il monitoraggio della malattia, delle sue complicanze e per la prevenzione degli ulteriori aggravamenti erogabili in esenzione; i modelli di buoni acquisto con il relativo importo risultante dal frazionamento in pi\u00f9 parti dell&#8217;importo stabilito nella tabella regionale; le modalit\u00e0 operative relative alla consegna dei buoni acquisto; gli adempimenti cui sono tenuti gli esercizi commerciali che abbiano dichiarato la propria disponibilit\u00e0 ad erogare con onere a carico del servizio sanitario prodotti senza glutine.<\/div>\n<div><\/div>\n<div>La proposta di legge prevede anche l\u2019istituzione di corsi specifici destinati agli opertori della ristorazione collettiva avvalendosi della collaborazione dell\u2019AIC.<\/div>\n<p>&nbsp;<\/p>\n<p style=\"text-align: justify;\">L\u2019importanza della legge ne deriva dal fatto che la malattia celiaca \u2013 conclude Zullo nella relazione &#8211; &nbsp;rappresenta una malattia di ampia rilevanza sociale che, trascurata o non diagnosticata, porta nel tempo ad un peggioramento delle condizioni di salute e di vita dei pazienti con conseguente notevole aggravio della spesa sanitaria\u201d.<\/p>\n<p>&nbsp;<\/p>\n<p>&nbsp;<\/p>\n<p><strong><span style=\"font-size: 12pt; line-height: 115%; font-family: 'Times New Roman','serif';\">Proposta di Legge Regionale : CELIACHIA<\/span><\/strong><\/p>\n<p style=\"margin: 0cm 108pt 10pt; text-align: center;\" align=\"center\"><span style=\"font-size: 12pt; line-height: 115%; font-family: 'Times New Roman','serif'; color: black;\">RELAZIONE<\/span><\/p>\n<p style=\"margin: 0cm 108pt 10pt; text-align: center;\" align=\"center\"><span style=\"font-size: 12pt; line-height: 115%; font-family: 'Times New Roman','serif'; color: black;\">&nbsp;<\/span><\/p>\n<p style=\"margin: 0cm 108pt 10pt; text-align: justify;\"><span style=\"font-size: 12pt; line-height: 115%; font-family: 'Times New Roman','serif'; color: black;\">La celiachia (MC) \u00e8 una intolleranza permanente al glutine, sostanza proteica presente nel frumento, orzo, farro, segale, avena e kamut e di conseguenza in moltissimi alimenti quali il pane, la pasta, i biscotti, la pizza ed ogni altro prodotto contenente questi cereali.<\/span><\/p>\n<p style=\"margin: 0cm 108pt 10pt; text-align: justify;\"><span style=\"font-size: 12pt; line-height: 115%; font-family: 'Times New Roman','serif'; color: black;\">L&#8217;introduzione di alimenti contenenti glutine determina, infatti, nelle persone predisposte geneticamente una risposta immunitaria abnorme a livello dell\u2019intestino tenue, con conseguente infiammazione e scomparsa dei villi intestinali con malassorbimento dei nutrienti che pu\u00f2 portare a carenze nei diversi distretti dell&#8217;organismo, determinando, quindi, altre patologie anche severe come il linfoma intestinale.<\/span><\/p>\n<p style=\"margin: 0cm 108pt 10pt; text-align: justify;\"><span style=\"font-size: 12pt; line-height: 115%; font-family: 'Times New Roman','serif'; color: black;\">La malattia celiaca rappresenta, pertanto, una malattia di ampia rilevanza sociale che, trascurata o non diagnosticata, porta nel tempo ad un peggioramento delle condizioni di salute e di vita dei pazienti con conseguente notevole aggravio della spesa sanitaria.<\/span><\/p>\n<p style=\"margin: 0cm 108pt 10pt; text-align: justify;\"><span style=\"font-size: 12pt; line-height: 115%; font-family: 'Times New Roman','serif'; color: black;\">In Puglia i dati ufficiali, confermati da AIC Puglia (Associazione Italiana Celiachia Puglia) indicano una incidenza di oltre ottomila persone e i dati sui soggetti affetti dalla patologia, purtroppo, sono in continuo aumento, infatti si diagnosticano circa 2000 pazienti all&#8217;anno .<\/span><\/p>\n<p style=\"margin: 0cm 108pt 10pt; text-align: justify;\"><span style=\"font-size: 12pt; line-height: 115%; font-family: 'Times New Roman','serif'; color: black;\">La norma statale (legge 4 luglio 2005, n. 123), relativa alla protezione dei soggetti affetti da celiachia, fissa degli obiettivi da raggiungere ed affida allo Stato e alle Regioni una serie di interventi idonei a prevenire, a monitorare le patologie associate alla malattia celiaca, definire i test diagnostici e di controllo dei pazienti, assicurare l&#8217;erogazione dei prodotti dietoterapeutici senza glutine.<\/span><\/p>\n<p style=\"margin: 0cm 108pt 10pt; text-align: justify;\"><span style=\"font-size: 12pt; line-height: 115%; font-family: 'Times New Roman','serif'; color: black;\">Con questa proposta di legge si intende rendere operative alcune delle indicazioni del legislatore nazionale, in particolare disponendo che il prelievo dei prodotti senza glutine per fasce di et\u00e0, gi\u00e0 rientranti nei livelli essenziali di assistenza, avvenga con modalit\u00e0 pi\u00f9 agevoli per l&#8217;assistito, sottoforma di buoni acquisto frazionabili e spendibili anche separatamente, in esercizi commerciali, oltre alle farmacie.<\/span><\/p>\n<p style=\"margin: 0cm 108pt 10pt; text-align: justify;\"><span style=\"font-size: 12pt; line-height: 115%; font-family: 'Times New Roman','serif'; color: black;\">Illustrazione articoli<\/span><\/p>\n<p style=\"margin: 0cm 108pt 10pt; text-align: justify;\"><span style=\"font-size: 12pt; line-height: 115%; font-family: 'Times New Roman','serif'; color: black;\">L&#8217;art. 1 prevede che venga garantito ai soggetti residenti in Puglia, affetti da celiachia, compresa la variante clinica della dermatite erpetiforme, un contributo mensile frazionato in buoni acquisto, o altro documento di credito, spendibili anche separatamente, nonch\u00e9 l&#8217;esenzione dalla partecipazione alla spesa sanitaria.<\/span><\/p>\n<p style=\"margin: 0cm 108pt 10pt; text-align: justify;\"><span style=\"font-size: 12pt; line-height: 115%; font-family: 'Times New Roman','serif'; color: black;\">L&#8217;art. 2 stabilisce l&#8217;erogazione del contributo, demandando alla Giunta regionale l&#8217;aggiornamento degli importi mensili , anche sulla base dell&#8217;inflazione rilevata dall&#8217;Istituto Nazionale di Statistica (ISTAT), compatibilmente con i fondi destinati alla spesa sanitaria.<\/span><\/p>\n<p style=\"margin: 0cm 108pt 10pt; text-align: justify;\"><span style=\"font-size: 12pt; line-height: 115%; font-family: 'Times New Roman','serif'; color: black;\">L&#8217;art. 3 disciplina le modalit\u00e0 di erogazione dei buoni acquisto da parte delle Aziende ASL, a cui sono demandati gli adempimenti di informazione degli assistiti, di verifica e controllo degli esercizi commerciali autorizzati alla dispensazione, con onere dei prodotti a carico del servizio sanitario.<\/span><\/p>\n<p style=\"margin: 0cm 108pt 10pt; text-align: justify;\"><span style=\"font-size: 12pt; line-height: 115%; font-family: 'Times New Roman','serif'; color: black;\">L&#8217;art. 4 detta disposizioni per la ristorazione collettiva e la formazione per gli operatori del settore.<\/span><\/p>\n<p style=\"margin: 0cm 108pt 10pt; text-align: justify;\"><span style=\"font-size: 12pt; line-height: 115%; font-family: 'Times New Roman','serif'; color: black;\">L\u2019art. 5 detta la istituzionalizzazione degli ambulatori integrati di celiachia operanti nei Centri di Riferimento delle province pugliesi.<\/span><\/p>\n<p style=\"margin: 0cm 108pt 10pt; text-align: justify;\"><span style=\"font-size: 12pt; line-height: 115%; font-family: 'Times New Roman','serif'; color: black;\">L&#8217;art. 6 detta disposizioni circa la formazione e l&#8217;aggiornamento professionale rivolta alla classe medica, sulla conoscenza della malattia celiaca, al fine di facilitare l&#8217;individuazione dei celiaci, siano essi sintomatici o appartenenti a categorie a rischio.<\/span><\/p>\n<p style=\"margin: 0cm 108pt 10pt; text-align: justify;\"><span style=\"font-size: 12pt; line-height: 115%; font-family: 'Times New Roman','serif'; color: black;\">L&#8217;art. 7 fissa gli oneri finanziari derivanti dall&#8217;applicazione della presente legge.<\/span><\/p>\n<p style=\"margin: 0cm 108pt 10pt; text-align: justify;\">&nbsp;<\/p>\n<p style=\"margin: 0cm 108pt 10pt; text-align: center;\" align=\"center\"><span style=\"font-size: 12pt; line-height: 115%; font-family: 'Times New Roman','serif'; color: black;\">&nbsp;<\/span><\/p>\n<p style=\"margin: 0cm 108pt 10pt; text-align: center;\" align=\"center\"><span style=\"font-size: 12pt; line-height: 115%; font-family: 'Times New Roman','serif'; color: black;\">Art. 1<\/span><\/p>\n<p style=\"margin: 0cm 108pt 10pt; text-align: center;\" align=\"center\"><span style=\"font-size: 12pt; line-height: 115%; font-family: 'Times New Roman','serif'; color: black;\">Finalit\u00e0<\/span><\/p>\n<p style=\"margin: 0cm 108pt 10pt; text-align: justify;\"><span style=\"font-size: 12pt; line-height: 115%; font-family: 'Times New Roman','serif'; color: black;\">&nbsp;<\/span><\/p>\n<p style=\"margin: 0cm 108pt 10pt; text-align: justify;\"><span style=\"font-size: 12pt; line-height: 115%; font-family: 'Times New Roman','serif'; color: black;\">1. La Regione Puglia, nell&#8217;ambito delle competenze legislative in materia di assistenza sanitaria, con la presente legge disciplina l&#8217;erogazione di prodotti senza glutine gi\u00e0 prevista nei livelli essenziali di assistenza (LEA) garantiti dalla normativa nazionale vigente, assicurando ai soggetti affetti da malattia celiaca, compresa la variante clinica della dermatite erpetiforme, un contributo (D.M.8-06- 2001) frazionato in buoni acquisto o altri documenti di credito spendibili anche separatamente nonch\u00e9 l&#8217;erogazione in esenzione dalla partecipazione alla spesa sanitaria delle prestazioni sanitarie, incluse nei LEA, appropriate per il monitoraggio della malattia, delle sue complicanze e per la prevenzione degli ulteriori aggravamenti.<\/span><\/p>\n<p style=\"margin: 0cm 108pt 10pt; text-align: justify;\"><span style=\"font-size: 12pt; line-height: 115%; font-family: 'Times New Roman','serif'; color: black;\">2. Secondo quanto stabilito dall&#8217;articolo 5 comma 2, Decreto Ministeriale, &#8211; Ministero della Sanit\u00e0 -18 maggio 2001 nr. 279 &#8220;Regolamento di istituzione della rete nazionale delle malattie rare e di esenzione dalla partecipazione al costo&#8221; delle relative prestazioni sanitarie,l&#8217;esenzione dalla partecipazione alla spesa sanitaria \u00e8 estesa, ai fini diagnostici, anche ai familiari dell&#8217;assistito .<\/span><\/p>\n<p style=\"margin: 0cm 108pt 10pt; text-align: justify;\"><span style=\"font-size: 12pt; line-height: 115%; font-family: 'Times New Roman','serif'; color: black;\">Tale esenzione \u00e8 assicurata unicamente presso i presidi accreditati ai sensi dell&#8217;art. 2 del predetto D.M.<\/span><\/p>\n<p style=\"margin: 0cm 108pt 10pt; text-align: justify;\"><span style=\"font-size: 12pt; line-height: 115%; font-family: 'Times New Roman','serif'; color: black;\">3. Le disposizioni della presente legge si applicano a tutti i soggetti di cui al comma 1 residenti nel territorio della Regione Puglia.<\/span><\/p>\n<p style=\"margin: 0cm 108pt 10pt; text-align: justify;\"><span style=\"font-size: 12pt; line-height: 115%; font-family: 'Times New Roman','serif'; color: black;\">&nbsp;<\/span><\/p>\n<p style=\"margin: 0cm 108pt 10pt; text-align: justify;\"><span style=\"font-size: 12pt; line-height: 115%; font-family: 'Times New Roman','serif'; color: black;\">&nbsp;<\/span><\/p>\n<p style=\"margin: 0cm 108pt 10pt; text-align: justify;\"><span style=\"font-size: 12pt; line-height: 115%; font-family: 'Times New Roman','serif'; color: black;\">&nbsp;<\/span><\/p>\n<p style=\"margin: 0cm 108pt 10pt; text-align: justify;\"><span style=\"font-size: 12pt; line-height: 115%; font-family: 'Times New Roman','serif'; color: black;\">&nbsp;<\/span><\/p>\n<p style=\"margin: 0cm 108pt 10pt; text-align: justify;\"><span style=\"font-size: 12pt; line-height: 115%; font-family: 'Times New Roman','serif'; color: black;\">&nbsp;<\/span><\/p>\n<p style=\"margin: 0cm 108pt 10pt; text-align: center;\" align=\"center\"><span style=\"font-size: 12pt; line-height: 115%; font-family: 'Times New Roman','serif'; color: black;\">Art. 2<\/span><\/p>\n<p style=\"margin: 0cm 108pt 10pt; text-align: center;\" align=\"center\"><span style=\"font-size: 12pt; line-height: 115%; font-family: 'Times New Roman','serif'; color: black;\">Modalit\u00e0 ed erogazione del contributo<\/span><\/p>\n<p style=\"margin: 0cm 108pt 10pt; text-align: justify;\"><span style=\"font-size: 12pt; line-height: 115%; font-family: 'Times New Roman','serif'; color: black;\">&nbsp;<\/span><\/p>\n<p style=\"margin: 0cm 108pt 10pt; text-align: justify;\"><span style=\"font-size: 12pt; line-height: 115%; font-family: 'Times New Roman','serif'; color: black;\">1. Il diritto da parte dei soggetti di cui all&#8217;articolo 1, ad usufruire gratuitamente di prodotti senza glutine ai sensi all&#8217;articolo 4 della legge 4 luglio 2005 n. 123, &#8220;Norme per la protezione dei soggetti malati di celiachia&#8221; \u00e8 garantito attraverso l&#8217;erogazione di un contributo mensile frazionato in quattro buoni acquisto di uguale importo o altri documenti di credito spendibili anche separatamente.Tali buoni dovranno essere spesi nel mese di riferimento, salvo diversa disposizione dell\u2019ASL territoriale.<\/span><\/p>\n<p style=\"margin: 0cm 108pt 10pt; text-align: justify;\"><span style=\"font-size: 12pt; line-height: 115%; font-family: 'Times New Roman','serif'; color: black;\">2. Il regime di erogazione si applica a tutti i prodotti senza glutine inseriti nel registro nazionale di cui all&#8217;articolo 7 del Decreto Ministeriale 8 giugno 2001 (Assistenza sanitaria integrativa relativa ai prodotti destinati ad una alimentazione particolare) e periodicamente aggiornato dal Ministero della Salute.<\/span><\/p>\n<p style=\"margin: 0cm 108pt 10pt; text-align: justify;\"><span style=\"font-size: 12pt; line-height: 115%; font-family: 'Times New Roman','serif'; color: black;\">3. In<span style=\"font-size: 12pt; line-height: 115%; font-family: 'Times New Roman','serif'; color: black;\"> attesa della pubblicazione dell&#8217;aggiornamento, possono essere erogati anche tutti quei prodotti per cui l&#8217;azienda commercializzatrice sia in possesso della nota formale di assenso da parte del Ministero della Salute, che viene trasmessa alle imprese e alle regioni interessate, equiparando il relativo prodotto a quelli gi\u00e0 inclusi nel Registro Nazionale.<\/span><\/span><\/p>\n<p style=\"margin: 0cm 108pt 10pt; text-align: justify;\"><span style=\"font-size: 12pt; line-height: 115%; font-family: 'Times New Roman','serif'; color: black;\">4. Ai fini dell&#8217;erogazione del contributo di cui al comma 1, la malattia \u00e8 regolarmente certificata ai sensi della vigente normativa statale e regionale. Sono fatte salve le diagnosi gi\u00e0 certificate dai centri di riferimento individuati dalle Delibere della Giunta Reg. n. 2238 del 23 dicembre 2003, dalla n. 464 del 4 aprile 2006, dalla n. 393 del 25 marzo 2008 e dalla n. 434 del 24 marzo 2009.<\/span><\/p>\n<p style=\"margin: 0cm 108pt 10pt; text-align: justify;\"><span style=\"font-size: 12pt; line-height: 115%; font-family: 'Times New Roman','serif'; color: black;\">5. La Giunta regionale, nell&#8217;ambito della programmazione della spesa sanitaria, \u00e8 autorizzata ad aggiornare annualmente gli importi a titolo di contributo fissati dal Ministero della Salute, anche sulla base dell&#8217;inflazione rilevata dall&#8217;Istituto nazionale di statistica (ISTAT). La Giunta regionale \u00e8 altres\u00ec autorizzata a prevedere la possibilit\u00e0 di adeguamento dei tetti di spesa per categorie specifiche di lavoratori o per condizioni fisiche particolari.<\/span><\/p>\n<p style=\"margin: 0cm 108pt 10pt; text-align: center;\" align=\"center\"><span style=\"font-size: 12pt; line-height: 115%; font-family: 'Times New Roman','serif'; color: black;\">Art. 3<\/span><\/p>\n<p style=\"margin: 0cm 108pt 10pt; text-align: center;\" align=\"center\"><span style=\"font-size: 12pt; line-height: 115%; font-family: 'Times New Roman','serif'; color: black;\">Modalit\u00e0 operative<\/span><\/p>\n<p style=\"margin: 0cm 108pt 10pt; text-align: justify;\"><span style=\"font-size: 12pt; line-height: 115%; font-family: 'Times New Roman','serif'; color: black;\">&nbsp;<\/span><\/p>\n<p style=\"margin: 0cm 108pt 10pt; text-align: justify;\"><span style=\"font-size: 12pt; line-height: 115%; font-family: 'Times New Roman','serif'; color: black;\">1. I buoni acquisto o gli altri documenti di credito sono spendibili anche separatamente presso farmacie, o altri esercizi commerciali che abbiano dichiarato all&#8217;azienda ASL competente per territorio la propria disponibilit\u00e0 ad erogare, con onere a carico del servizio sanitario, i prodotti senza glutine inseriti nel registro nazionale di cui all&#8217;articolo 7 del decreto ministeriale 8 giugno 2001 &#8220;Assistenza sanitaria integrativa relativa ai prodotti destinati ad una alimentazione particolare&#8221; pubblicato nella Gazzetta Ufficiale del 5 luglio 2001, n. 154.<\/span><\/p>\n<p style=\"margin: 0cm 108pt 10pt; text-align: justify;\"><span style=\"font-size: 12pt; line-height: 115%; font-family: 'Times New Roman','serif'; color: black;\">2. La Giunta regionale, entro sessanta giorni dall&#8217;entrata in vigore della presente legge, definisce, coinvolgendo l&#8217;AIC Puglia (Associazione Italiana Celiachia Puglia Onlus), Associazione maggiormente rappresentativa dei pazienti celiaci, in un apposito tavolo tecnico:<\/span><\/p>\n<p>&nbsp;a) le prestazioni sanitarie, incluse nei LEA, appropriate per il monitoraggio della malattia, delle sue complicanze e per la prevenzione degli ulteriori aggravamenti erogabili in esenzione<\/p>\n<p style=\"margin: 0cm 108pt 10pt 143.4pt; text-align: justify;\"><span style=\"font-size: 12pt; line-height: 115%; font-family: 'Times New Roman','serif'; color: black;\">b) i modelli di buoni acquisto con il relativo importo risultante dal frazionamento in pi\u00f9 parti dell&#8217;importo stabilito nella tabella regionale;<\/span><\/p>\n<p style=\"margin: 0cm 108pt 10pt 143.4pt; text-align: justify;\"><span style=\"font-size: 12pt; line-height: 115%; font-family: 'Times New Roman','serif'; color: black;\">c) le modalit\u00e0 operative relative alla consegna dei buoni acquisto;<\/span><\/p>\n<p style=\"margin: 0cm 108pt 10pt 143.4pt; text-align: justify;\"><span style=\"font-size: 12pt; line-height: 115%; font-family: 'Times New Roman','serif'; color: black;\">d) gli adempimenti cui sono tenuti gli esercizi commerciali che abbiano dichiarato la propria disponibilit\u00e0 ad erogare con onere a carico del servizio sanitario prodotti senza glutine;<\/span><\/p>\n<p style=\"margin: 0cm 108pt 10pt 143.4pt; text-align: justify;\"><span style=\"font-size: 12pt; line-height: 115%; font-family: 'Times New Roman','serif'; color: black;\">e) le modalit\u00e0 di controllo e verifica sui prodotti dispensati con i buoni; <\/span><\/p>\n<p style=\"margin: 0cm 108pt 10pt 143.4pt; text-align: justify;\"><span style=\"font-size: 12pt; line-height: 115%; font-family: 'Times New Roman','serif'; color: black;\">f) le modalit\u00e0 e le tempistiche per il rimborso;<\/span><\/p>\n<p style=\"margin: 0cm 108pt 10pt 143.4pt; text-align: justify;\"><span style=\"font-size: 12pt; line-height: 115%; font-family: 'Times New Roman','serif'; color: black;\">g) i progetti obiettivo, le azioni programmatiche e le altre idonee iniziative dirette a fronteggiare la malattia celiaca, come esplicitamente previsto dalla L. 123\/05 art 2.<\/span><\/p>\n<p style=\"margin: 0cm 108pt 10pt; text-align: justify;\"><span style=\"font-size: 12pt; line-height: 115%; font-family: 'Times New Roman','serif'; color: black;\">3. Le aziende ASL:&nbsp;<\/span><\/p>\n<p style=\"margin: 0cm 108pt 10pt 143.4pt; text-align: justify;\"><span style=\"font-size: 12pt; line-height: 115%; font-family: 'Times New Roman','serif'; color: black;\">a) provvedono a dare applicazione alla presente legge secondo le modalit\u00e0 individuate dalla Giunta regionale ai sensi del comma 2;<\/span><\/p>\n<p style=\"margin: 0cm 108pt 10pt 143.4pt; text-align: justify;\"><span style=\"font-size: 12pt; line-height: 115%; font-family: 'Times New Roman','serif'; color: black;\">b) provvedono a dare idonea informazione ai soggetti interessati, compresa l&#8217;Associazione Italiana Celiachia Puglia Onlus, delle procedure previste dalla presente legge;<\/span><\/p>\n<p style=\"margin: 0cm 108pt 10pt 143.4pt; text-align: justify;\"><span style=\"font-size: 12pt; line-height: 115%; font-family: 'Times New Roman','serif'; color: black;\">c) rendono noti ai soggetti affetti da malattia celiaca gli esercizi commerciali in cui sono spendibili i buoni;<\/span><\/p>\n<p style=\"margin: 0cm 108pt 10pt 143.4pt; text-align: justify;\"><span style=\"font-size: 12pt; line-height: 115%; font-family: 'Times New Roman','serif'; color: black;\">d) inviano alla Giunta regionale la rendicontazione sull&#8217;applicazione della presente legge indicando, in particolare, il numero dei soggetti che hanno usufruito del contributo e la relativa spesa sostenuta;<\/span><\/p>\n<p style=\"margin: 0cm 108pt 10pt 143.4pt; text-align: justify;\"><span style=\"font-size: 12pt; line-height: 115%; font-family: 'Times New Roman','serif'; color: black;\">e) raccolgono presso i Presidi accreditati del proprio territorio di competenza (art. 2 del Decreto Ministeriale \u2014 Ministero Sanit\u00e0 \u2014 18 maggio 2011, n. 279 &#8220;Regolamento di istituzione della rete nazionale delle malattie rare e di esenzione dalla partecipazione al costo delle relative prestazioni sanitarie&#8221; i dati statistici relativi alle nuove diagnosi di celiachia (numero nuove diagnosi suddiviso per genere ed et\u00e0) e l&#8217;aggiornamento del numero dei celiaci presenti sul territorio (prendendo in considerazione trasferimenti e decessi) e li inviano annualmente al dipartimento regionale della salute per la loro trasmissione al ministero della Salute (articolo 6 della Legge 123\/2005);<\/span><\/p>\n<p style=\"margin: 0cm 108pt 10pt 143.4pt; text-align: justify;\"><span style=\"font-size: 12pt; line-height: 115%; font-family: 'Times New Roman','serif'; color: black;\">f) raccolgono e inviano annualmente al dipartimento regionale della salute per la loro trasmissione al ministero della Salute (articolo 6 della Legge 123\/2005): i dati statistici circa il numero di mense scolastiche, ospedaliere e delle strutture pubbliche presenti sul territorio di competenza e i dati statistici sull&#8217;attivit\u00e0 formativa (numero corsi, numero partecipanti, numero ore, numero &#8220;edizioni&#8221;).<\/span><\/p>\n<p style=\"margin: 0cm 108pt 10pt; text-align: justify;\"><span style=\"font-size: 12pt; line-height: 115%; font-family: 'Times New Roman','serif'; color: black;\">&nbsp;<\/span><\/p>\n<p style=\"margin: 0cm 108pt 10pt; text-align: justify;\"><span style=\"font-size: 12pt; line-height: 115%; font-family: 'Times New Roman','serif'; color: black;\">4. La Giunta regionale \u00e8 autorizzata a stipulare accordi con le altre regioni per facilitare l&#8217;utilizzo dei buoni acquisto fuori dal territorio regionale da parte dei soggetti affetti da patologia celiaca.<\/span><\/p>\n<p style=\"margin: 0cm 108pt 10pt; text-align: justify;\"><span style=\"font-size: 12pt; line-height: 115%; font-family: 'Times New Roman','serif'; color: black;\">&nbsp;<\/span><\/p>\n<p style=\"margin: 0cm 108pt 10pt; text-align: center;\" align=\"center\"><span style=\"font-size: 12pt; line-height: 115%; font-family: 'Times New Roman','serif'; color: black;\">&nbsp;<\/span><\/p>\n<p style=\"margin: 0cm 108pt 10pt; text-align: center;\" align=\"center\"><span style=\"font-size: 12pt; line-height: 115%; font-family: 'Times New Roman','serif'; color: black;\">Art. 4<\/span><\/p>\n<p style=\"margin: 0cm 108pt 10pt; text-align: center;\" align=\"center\"><span style=\"font-size: 12pt; line-height: 115%; font-family: 'Times New Roman','serif'; color: black;\">Disposizione per la ristorazione collettiva e la formazione per gli operatori del settore<\/span><\/p>\n<p style=\"margin: 0cm 108pt 10pt; text-align: justify;\"><span style=\"font-size: 12pt; line-height: 115%; font-family: 'Times New Roman','serif'; color: black;\">&nbsp;<\/span><\/p>\n<p style=\"margin: 0cm 108pt 10pt; text-align: justify;\"><span style=\"font-size: 12pt; line-height: 115%; font-family: 'Times New Roman','serif'; color: black;\">1. I finanziamenti attribuiti alla regione Puglia ai sensi della legge 123\/2005 finalizzati ai pasti senza glutine somministrati nelle mense delle strutture scolastiche e ospedaliere e nelle mense delle strutture pubbliche, alla relativa formazione dei ristoratori ed albergatori, sono destinati ai dipartimenti di prevenzione delle aziende ASL.<\/span><\/p>\n<p style=\"margin: 0cm 108pt 10pt; text-align: justify;\"><span style=\"font-size: 12pt; line-height: 115%; font-family: 'Times New Roman','serif'; color: black;\">2. I criteri di ripartizione sono determinati dal dipartimento regionale della salute sulla base di criteri che tengano conto del numero dei soggetti affetti dalla patologia celiaca rilevato in ogni singola ASL.<\/span><\/p>\n<p style=\"margin: 0cm 108pt 10pt; text-align: justify;\"><span style=\"font-size: 12pt; line-height: 115%; font-family: 'Times New Roman','serif'; color: black;\">3. Il dipartimento regionale,inoltre,approva annualmente un programma operativo per la formazione e aggiornamento professionale per ristoratori e albergatori sulla celiachia destinando i relativi fondi ai Servizi di igiene e degli alimenti e della Nutrizione (SIAN) che si avvalgono nella realizzazione dei moduli formativi della collaborazione dell&#8217;AIC Puglia (Associazione Italiana Celiachia Puglia Onlus);<\/span><\/p>\n<p style=\"margin: 0cm 108pt 10pt; text-align: justify;\"><span style=\"font-size: 12pt; line-height: 115%; font-family: 'Times New Roman','serif'; color: black;\">4. Allo stesso scopo, il dipartimento regionale attua iniziative di collaborazione sul piano didattico e formativo tra soggetti che operano nell&#8217;ambito del sistema scolastico regionale, con particolare riferimento agli Istituti Alberghieri, per la realizzazione di programmi di formazione diretti ad aumentare le conoscenze sulle corrette procedure di preparazione e\/o somministrazione di alimenti senza glutine. I corsi sono svolti, come per il punto 3, attraverso i Servizi di igiene degli alimenti e della Nutrizione (SIAN) che si avvalgono nella realizzazione di tali corsi della collaborazione dell&#8217;AIC Puglia (Associazione Italiana Celiachia Puglia Onlus).<\/span><\/p>\n<p style=\"margin: 0cm 108pt 10pt; text-align: justify;\"><span style=\"font-size: 12pt; line-height: 115%; font-family: 'Times New Roman','serif'; color: black;\">5. Lo stesso dipartimento approva un atto di indirizzo per determinare le modalit\u00e0 di erogazione da parte delle ASL dei contributi finalizzati ai pasti senza glutine somministrati nella ristorazione collettiva. Tali contributi vanno intesi a copertura non solo delle spese di acquisto di prodotti dietetici sostitutivi per la preparazione del pasto senza glutine, ma finalizzati, altres\u00ec, all&#8217;organizzazione e finanziamento di attivit\u00e0 di formazione e aggiornamento degli addetti alle mense ospedaliere, scolastiche e delle strutture pubbliche affinch\u00e9 sia garantito in sicurezza il diritto al pasto senza glutine sancito dall&#8217;art. 4 della L.123\/05.<\/span><\/p>\n<p style=\"margin: 0cm 108pt 10pt; text-align: justify;\"><span style=\"font-size: 12pt; line-height: 115%; font-family: 'Times New Roman','serif'; color: black;\">&nbsp;<\/span><\/p>\n<p style=\"margin: 0cm 108pt 10pt; text-align: center;\" align=\"center\"><span style=\"font-size: 12pt; line-height: 115%; font-family: 'Times New Roman','serif'; color: black;\">Art. 5<\/span><\/p>\n<p style=\"margin: 0cm 108pt 10pt; text-align: center;\" align=\"center\"><span style=\"font-size: 12pt; line-height: 115%; font-family: 'Times New Roman','serif'; color: black;\">Istituzionalizzazione degli ambulatori integrati di Celiachia<\/span><\/p>\n<p style=\"margin: 0cm 108pt 10pt; text-align: center;\" align=\"center\"><span style=\"font-size: 12pt; line-height: 115%; font-family: 'Times New Roman','serif'; color: black;\">&nbsp;<\/span><\/p>\n<p style=\"margin-left: 99pt; text-align: justify;\"><span style=\"font-size: 12pt; line-height: 115%; font-family: 'Times New Roman','serif';\">Nell\u2019ambito dei Centri di Riferimento delle province pugliesi per la celiachia, sono istituzionalizzati gli ambulatori integrati di celiachia che si avvalgono della figura professionale del dietista, formato dall\u2019Associazione Italiana Celiachia Puglia Onlus, esperto nella problematiche della terapia gluten free, figura atta al controllo delle problematiche dietologiche con apposito servizio dietetico.<\/span><\/p>\n<p style=\"margin-left: 108pt; text-align: justify;\"><span style=\"font-size: 12pt; line-height: 115%; font-family: 'Times New Roman','serif';\">&nbsp;<\/span><\/p>\n<p style=\"margin: 0cm 108pt 10pt; text-align: center;\" align=\"center\"><span style=\"font-size: 12pt; line-height: 115%; font-family: 'Times New Roman','serif'; color: black;\">&nbsp;<\/span><\/p>\n<p style=\"margin: 0cm 108pt 10pt; text-align: center;\" align=\"center\"><span style=\"font-size: 12pt; line-height: 115%; font-family: 'Times New Roman','serif'; color: black;\">&nbsp;<\/span><\/p>\n<p style=\"margin: 0cm 108pt 10pt; text-align: center;\" align=\"center\"><span style=\"font-size: 12pt; line-height: 115%; font-family: 'Times New Roman','serif'; color: black;\">&nbsp;<\/span><\/p>\n<p style=\"margin: 0cm 108pt 10pt; text-align: center;\" align=\"center\"><span style=\"font-size: 12pt; line-height: 115%; font-family: 'Times New Roman','serif'; color: black;\">Art. 6<\/span><\/p>\n<p style=\"margin: 0cm 108pt 10pt; text-align: center;\" align=\"center\"><span style=\"font-size: 12pt; line-height: 115%; font-family: 'Times New Roman','serif'; color: black;\">Disposizioni circa la formazione e aggiornamento professionali rivolti alla classe medica sulla conoscenza della malattia celiaca<\/span><\/p>\n<p style=\"margin: 0cm 108pt 10pt; text-align: center;\" align=\"center\"><span style=\"font-size: 12pt; line-height: 115%; font-family: 'Times New Roman','serif'; color: black;\">&nbsp;<\/span><\/p>\n<p style=\"margin: 0cm 108pt 10pt; text-align: justify;\"><span style=\"font-size: 12pt; line-height: 115%; font-family: 'Times New Roman','serif'; color: black;\">1. Il dipartimento regionale inserisce nell&#8217;ambito della programmazione regionale in materia di formazione, programmi dedicati alla formazione e all&#8217;aggiornamento periodico della classe medica, con particolare riferimento ai medici di base, per facilitare la diagnosi e la cura della malattia, secondo quanto affermato dall&#8217;art. 3 della L. 123\/05 e dal successivo testo di Intesa tra il governo, le regioni e province autonome di Trento e Bolzano in materia di formazione e aggiornamento professionale della classe medica sulla malattia celiaca del 25 marzo 2009.<\/span><\/p>\n<p style=\"margin: 0cm 108pt 10pt; text-align: justify;\"><span style=\"font-size: 12pt; line-height: 115%; font-family: 'Times New Roman','serif'; color: black;\">2. Per la realizzazione dei programmi di cui all&#8217;art 1, la Regione Puglia indica che i corsi siano tenuti da medici esperti di celiachia, gastroenterologi dell&#8217;adulto e del bambino gi\u00e0 impegnati nei centri ospedalieri riconosciuti per la diagnosi ed il trattamento di celiachia, nutrizionisti e dietisti, anch&#8217;essi in attivit\u00e0 in ambulatori dedicati alla celiachia . Il programma di formazione dovr\u00e0 privilegiare, tra gli argomenti da trattare, elementi di epidemiologia e di genetica; eziopatologia e fisiopatologia della malattia celiaca; quadri clinici e malattie associate; approccio diagnostico; la dieta senza glutine; i diritti e le tutele dei celiaci in Italia.<\/span><\/p>\n<p style=\"margin: 0cm 108pt 10pt; text-align: justify;\"><span style=\"font-size: 12pt; line-height: 115%; font-family: 'Times New Roman','serif'; color: black;\">&nbsp;<\/span><\/p>\n<p style=\"margin: 0cm 108pt 10pt; text-align: justify;\"><span style=\"font-size: 12pt; line-height: 115%; font-family: 'Times New Roman','serif'; color: black;\">&nbsp;<\/span><\/p>\n<p style=\"margin: 0cm 108pt 10pt; text-align: justify;\"><span style=\"font-size: 12pt; line-height: 115%; font-family: 'Times New Roman','serif'; color: black;\">&nbsp;<\/span><\/p>\n<p style=\"margin: 0cm 108pt 10pt; text-align: justify;\"><span style=\"font-size: 12pt; line-height: 115%; font-family: 'Times New Roman','serif'; color: black;\">&nbsp;<\/span><\/p>\n<p style=\"margin: 0cm 108pt 10pt; text-align: justify;\"><span style=\"font-size: 12pt; line-height: 115%; font-family: 'Times New Roman','serif'; color: black;\">&nbsp;<\/span><\/p>\n<p style=\"margin: 0cm 108pt 10pt; text-align: center;\" align=\"center\"><span style=\"font-size: 12pt; line-height: 115%; font-family: 'Times New Roman','serif'; color: black;\">Art. 7<\/span><\/p>\n<p style=\"margin: 0cm 108pt 10pt; text-align: center;\" align=\"center\"><span style=\"font-size: 12pt; line-height: 115%; font-family: 'Times New Roman','serif'; color: black;\">Norma finanziaria<\/span><\/p>\n<p style=\"margin: 0cm 108pt 10pt; text-align: justify;\"><span style=\"font-size: 12pt; line-height: 115%; font-family: 'Times New Roman','serif'; color: black;\">&nbsp;<\/span><\/p>\n<p style=\"margin: 0cm 108pt 10pt; text-align: justify;\"><span style=\"font-size: 12pt; line-height: 115%; font-family: 'Times New Roman','serif'; color: black;\">1. Agli oneri derivanti dall&#8217;applicazione della presente legge si fa fronte con le risorse del Fondo sanitario Regionali.<\/span><\/p>\n<p style=\"margin: 0cm 108pt 10pt; text-align: justify;\"><span style=\"font-size: 12pt; line-height: 115%; font-family: 'Times New Roman','serif'; color: black;\">2. Non \u00e8 prevista spesa a carico del bilancio proprio della Regione<\/span><\/p>\n<p style=\"margin: 0cm 108pt 10pt; text-align: justify;\"><span style=\"font-size: 12pt; line-height: 115%; font-family: 'Times New Roman','serif'; color: black;\">La presente legge sar\u00e0 pubblicata nel Bollettino ufficiale della Regione Puglia. \u00c8 fatto obbligo a chiunque spetti di osservarla e di farla osservare come legge della Regione Puglia.<span style=\"font-size: 12pt; line-height: 115%; font-family: 'Times New Roman','serif';\"><\/span><\/span><\/p>\n<p><span style=\"font-size: 12pt; line-height: 115%; font-family: 'Times New Roman','serif';\">&nbsp;<\/span><\/p>\n<p><span style=\"font-size: 12pt; line-height: 115%; font-family: 'Times New Roman','serif';\">&nbsp;<\/span><\/p>\n","protected":false},"excerpt":{"rendered":"","protected":false},"author":1,"featured_media":1474,"comment_status":"open","ping_status":"closed","sticky":false,"template":"","format":"standard","meta":{"colormag_page_container_layout":"default_layout","colormag_page_sidebar_layout":"default_layout","footnotes":""},"categories":[4],"tags":[],"class_list":["post-6441","post","type-post","status-publish","format-standard","has-post-thumbnail","hentry","category-politica"],"yoast_head":"<!-- This site is optimized with the Yoast SEO plugin v27.5 - https:\/\/yoast.com\/product\/yoast-seo-wordpress\/ -->\n<title>Celiachia, Zullo presenta una proposta di legge - Archivio CassanoWeb<\/title>\n<meta name=\"robots\" content=\"index, follow, max-snippet:-1, max-image-preview:large, max-video-preview:-1\" \/>\n<link rel=\"canonical\" href=\"https:\/\/archiviocassano.lavocedelpaese.info\/index.php\/2012\/09\/21\/celiachia-il-consigliere-regionale-zullo-presenta-una-proposta-di-legge\/\" \/>\n<meta property=\"og:locale\" content=\"it_IT\" \/>\n<meta property=\"og:type\" content=\"article\" \/>\n<meta property=\"og:title\" content=\"Celiachia, Zullo presenta una proposta di legge - Archivio CassanoWeb\" \/>\n<meta property=\"og:url\" content=\"https:\/\/archiviocassano.lavocedelpaese.info\/index.php\/2012\/09\/21\/celiachia-il-consigliere-regionale-zullo-presenta-una-proposta-di-legge\/\" \/>\n<meta property=\"og:site_name\" content=\"Archivio CassanoWeb\" \/>\n<meta property=\"article:publisher\" content=\"https:\/\/www.facebook.com\/redazione.cassanoweb\" \/>\n<meta property=\"article:published_time\" content=\"2012-09-21T11:03:39+00:00\" \/>\n<meta property=\"og:image\" content=\"https:\/\/archiviocassano.lavocedelpaese.info\/wp-content\/uploads\/2010\/05\/zullo.jpg\" \/>\n\t<meta property=\"og:image:width\" content=\"640\" \/>\n\t<meta property=\"og:image:height\" content=\"300\" \/>\n\t<meta property=\"og:image:type\" content=\"image\/jpeg\" \/>\n<meta name=\"author\" content=\"admin\" \/>\n<meta name=\"twitter:card\" content=\"summary_large_image\" \/>\n<meta name=\"twitter:label1\" content=\"Scritto da\" \/>\n\t<meta name=\"twitter:data1\" content=\"admin\" \/>\n\t<meta name=\"twitter:label2\" content=\"Tempo di lettura stimato\" \/>\n\t<meta name=\"twitter:data2\" content=\"12 minuti\" \/>\n<script type=\"application\/ld+json\" class=\"yoast-schema-graph\">{\"@context\":\"https:\\\/\\\/schema.org\",\"@graph\":[{\"@type\":\"Article\",\"@id\":\"https:\\\/\\\/archiviocassano.lavocedelpaese.info\\\/index.php\\\/2012\\\/09\\\/21\\\/celiachia-il-consigliere-regionale-zullo-presenta-una-proposta-di-legge\\\/#article\",\"isPartOf\":{\"@id\":\"https:\\\/\\\/archiviocassano.lavocedelpaese.info\\\/index.php\\\/2012\\\/09\\\/21\\\/celiachia-il-consigliere-regionale-zullo-presenta-una-proposta-di-legge\\\/\"},\"author\":{\"name\":\"admin\",\"@id\":\"https:\\\/\\\/archiviocassano.lavocedelpaese.info\\\/#\\\/schema\\\/person\\\/df195bc79a9b4c35127cf005f92e041b\"},\"headline\":\"Celiachia, Zullo presenta una proposta di legge\",\"datePublished\":\"2012-09-21T11:03:39+00:00\",\"mainEntityOfPage\":{\"@id\":\"https:\\\/\\\/archiviocassano.lavocedelpaese.info\\\/index.php\\\/2012\\\/09\\\/21\\\/celiachia-il-consigliere-regionale-zullo-presenta-una-proposta-di-legge\\\/\"},\"wordCount\":2539,\"commentCount\":0,\"publisher\":{\"@id\":\"https:\\\/\\\/archiviocassano.lavocedelpaese.info\\\/#organization\"},\"image\":{\"@id\":\"https:\\\/\\\/archiviocassano.lavocedelpaese.info\\\/index.php\\\/2012\\\/09\\\/21\\\/celiachia-il-consigliere-regionale-zullo-presenta-una-proposta-di-legge\\\/#primaryimage\"},\"thumbnailUrl\":\"https:\\\/\\\/archiviocassano.lavocedelpaese.info\\\/wp-content\\\/uploads\\\/2010\\\/05\\\/zullo.jpg\",\"articleSection\":[\"Politica\"],\"inLanguage\":\"it-IT\",\"potentialAction\":[{\"@type\":\"CommentAction\",\"name\":\"Comment\",\"target\":[\"https:\\\/\\\/archiviocassano.lavocedelpaese.info\\\/index.php\\\/2012\\\/09\\\/21\\\/celiachia-il-consigliere-regionale-zullo-presenta-una-proposta-di-legge\\\/#respond\"]}]},{\"@type\":\"WebPage\",\"@id\":\"https:\\\/\\\/archiviocassano.lavocedelpaese.info\\\/index.php\\\/2012\\\/09\\\/21\\\/celiachia-il-consigliere-regionale-zullo-presenta-una-proposta-di-legge\\\/\",\"url\":\"https:\\\/\\\/archiviocassano.lavocedelpaese.info\\\/index.php\\\/2012\\\/09\\\/21\\\/celiachia-il-consigliere-regionale-zullo-presenta-una-proposta-di-legge\\\/\",\"name\":\"Celiachia, Zullo presenta una proposta di legge - Archivio CassanoWeb\",\"isPartOf\":{\"@id\":\"https:\\\/\\\/archiviocassano.lavocedelpaese.info\\\/#website\"},\"primaryImageOfPage\":{\"@id\":\"https:\\\/\\\/archiviocassano.lavocedelpaese.info\\\/index.php\\\/2012\\\/09\\\/21\\\/celiachia-il-consigliere-regionale-zullo-presenta-una-proposta-di-legge\\\/#primaryimage\"},\"image\":{\"@id\":\"https:\\\/\\\/archiviocassano.lavocedelpaese.info\\\/index.php\\\/2012\\\/09\\\/21\\\/celiachia-il-consigliere-regionale-zullo-presenta-una-proposta-di-legge\\\/#primaryimage\"},\"thumbnailUrl\":\"https:\\\/\\\/archiviocassano.lavocedelpaese.info\\\/wp-content\\\/uploads\\\/2010\\\/05\\\/zullo.jpg\",\"datePublished\":\"2012-09-21T11:03:39+00:00\",\"breadcrumb\":{\"@id\":\"https:\\\/\\\/archiviocassano.lavocedelpaese.info\\\/index.php\\\/2012\\\/09\\\/21\\\/celiachia-il-consigliere-regionale-zullo-presenta-una-proposta-di-legge\\\/#breadcrumb\"},\"inLanguage\":\"it-IT\",\"potentialAction\":[{\"@type\":\"ReadAction\",\"target\":[\"https:\\\/\\\/archiviocassano.lavocedelpaese.info\\\/index.php\\\/2012\\\/09\\\/21\\\/celiachia-il-consigliere-regionale-zullo-presenta-una-proposta-di-legge\\\/\"]}]},{\"@type\":\"ImageObject\",\"inLanguage\":\"it-IT\",\"@id\":\"https:\\\/\\\/archiviocassano.lavocedelpaese.info\\\/index.php\\\/2012\\\/09\\\/21\\\/celiachia-il-consigliere-regionale-zullo-presenta-una-proposta-di-legge\\\/#primaryimage\",\"url\":\"https:\\\/\\\/archiviocassano.lavocedelpaese.info\\\/wp-content\\\/uploads\\\/2010\\\/05\\\/zullo.jpg\",\"contentUrl\":\"https:\\\/\\\/archiviocassano.lavocedelpaese.info\\\/wp-content\\\/uploads\\\/2010\\\/05\\\/zullo.jpg\",\"width\":640,\"height\":300,\"caption\":\"zullo\"},{\"@type\":\"BreadcrumbList\",\"@id\":\"https:\\\/\\\/archiviocassano.lavocedelpaese.info\\\/index.php\\\/2012\\\/09\\\/21\\\/celiachia-il-consigliere-regionale-zullo-presenta-una-proposta-di-legge\\\/#breadcrumb\",\"itemListElement\":[{\"@type\":\"ListItem\",\"position\":1,\"name\":\"Home\",\"item\":\"https:\\\/\\\/archiviocassano.lavocedelpaese.info\\\/\"},{\"@type\":\"ListItem\",\"position\":2,\"name\":\"Celiachia, Zullo presenta una proposta di legge\"}]},{\"@type\":\"WebSite\",\"@id\":\"https:\\\/\\\/archiviocassano.lavocedelpaese.info\\\/#website\",\"url\":\"https:\\\/\\\/archiviocassano.lavocedelpaese.info\\\/\",\"name\":\"Archivio CassanoWeb\",\"description\":\"La Voce del Paese - un network di idee\",\"publisher\":{\"@id\":\"https:\\\/\\\/archiviocassano.lavocedelpaese.info\\\/#organization\"},\"potentialAction\":[{\"@type\":\"SearchAction\",\"target\":{\"@type\":\"EntryPoint\",\"urlTemplate\":\"https:\\\/\\\/archiviocassano.lavocedelpaese.info\\\/?s={search_term_string}\"},\"query-input\":{\"@type\":\"PropertyValueSpecification\",\"valueRequired\":true,\"valueName\":\"search_term_string\"}}],\"inLanguage\":\"it-IT\"},{\"@type\":\"Organization\",\"@id\":\"https:\\\/\\\/archiviocassano.lavocedelpaese.info\\\/#organization\",\"name\":\"Archivio CassanoWeb\",\"url\":\"https:\\\/\\\/archiviocassano.lavocedelpaese.info\\\/\",\"logo\":{\"@type\":\"ImageObject\",\"inLanguage\":\"it-IT\",\"@id\":\"https:\\\/\\\/archiviocassano.lavocedelpaese.info\\\/#\\\/schema\\\/logo\\\/image\\\/\",\"url\":\"https:\\\/\\\/archiviocassano.lavocedelpaese.info\\\/wp-content\\\/uploads\\\/2024\\\/08\\\/logo-rosso-2.png\",\"contentUrl\":\"https:\\\/\\\/archiviocassano.lavocedelpaese.info\\\/wp-content\\\/uploads\\\/2024\\\/08\\\/logo-rosso-2.png\",\"width\":491,\"height\":432,\"caption\":\"Archivio CassanoWeb\"},\"image\":{\"@id\":\"https:\\\/\\\/archiviocassano.lavocedelpaese.info\\\/#\\\/schema\\\/logo\\\/image\\\/\"},\"sameAs\":[\"https:\\\/\\\/www.facebook.com\\\/redazione.cassanoweb\"]},{\"@type\":\"Person\",\"@id\":\"https:\\\/\\\/archiviocassano.lavocedelpaese.info\\\/#\\\/schema\\\/person\\\/df195bc79a9b4c35127cf005f92e041b\",\"name\":\"admin\",\"image\":{\"@type\":\"ImageObject\",\"inLanguage\":\"it-IT\",\"@id\":\"https:\\\/\\\/secure.gravatar.com\\\/avatar\\\/eabba89a432e8eaa1b0207cc55f7e5340b22712b1ed80677efcf63e02ff5b235?s=96&d=mm&r=g\",\"url\":\"https:\\\/\\\/secure.gravatar.com\\\/avatar\\\/eabba89a432e8eaa1b0207cc55f7e5340b22712b1ed80677efcf63e02ff5b235?s=96&d=mm&r=g\",\"contentUrl\":\"https:\\\/\\\/secure.gravatar.com\\\/avatar\\\/eabba89a432e8eaa1b0207cc55f7e5340b22712b1ed80677efcf63e02ff5b235?s=96&d=mm&r=g\",\"caption\":\"admin\"},\"sameAs\":[\"https:\\\/\\\/archiviocassano.lavocedelpaese.info\"],\"url\":\"https:\\\/\\\/archiviocassano.lavocedelpaese.info\\\/index.php\\\/author\\\/admin_0qgz1xdp\\\/\"}]}<\/script>\n<!-- \/ Yoast SEO plugin. -->","yoast_head_json":{"title":"Celiachia, Zullo presenta una proposta di legge - Archivio CassanoWeb","robots":{"index":"index","follow":"follow","max-snippet":"max-snippet:-1","max-image-preview":"max-image-preview:large","max-video-preview":"max-video-preview:-1"},"canonical":"https:\/\/archiviocassano.lavocedelpaese.info\/index.php\/2012\/09\/21\/celiachia-il-consigliere-regionale-zullo-presenta-una-proposta-di-legge\/","og_locale":"it_IT","og_type":"article","og_title":"Celiachia, Zullo presenta una proposta di legge - Archivio CassanoWeb","og_url":"https:\/\/archiviocassano.lavocedelpaese.info\/index.php\/2012\/09\/21\/celiachia-il-consigliere-regionale-zullo-presenta-una-proposta-di-legge\/","og_site_name":"Archivio CassanoWeb","article_publisher":"https:\/\/www.facebook.com\/redazione.cassanoweb","article_published_time":"2012-09-21T11:03:39+00:00","og_image":[{"width":640,"height":300,"url":"https:\/\/archiviocassano.lavocedelpaese.info\/wp-content\/uploads\/2010\/05\/zullo.jpg","type":"image\/jpeg"}],"author":"admin","twitter_card":"summary_large_image","twitter_misc":{"Scritto da":"admin","Tempo di lettura stimato":"12 minuti"},"schema":{"@context":"https:\/\/schema.org","@graph":[{"@type":"Article","@id":"https:\/\/archiviocassano.lavocedelpaese.info\/index.php\/2012\/09\/21\/celiachia-il-consigliere-regionale-zullo-presenta-una-proposta-di-legge\/#article","isPartOf":{"@id":"https:\/\/archiviocassano.lavocedelpaese.info\/index.php\/2012\/09\/21\/celiachia-il-consigliere-regionale-zullo-presenta-una-proposta-di-legge\/"},"author":{"name":"admin","@id":"https:\/\/archiviocassano.lavocedelpaese.info\/#\/schema\/person\/df195bc79a9b4c35127cf005f92e041b"},"headline":"Celiachia, Zullo presenta una proposta di legge","datePublished":"2012-09-21T11:03:39+00:00","mainEntityOfPage":{"@id":"https:\/\/archiviocassano.lavocedelpaese.info\/index.php\/2012\/09\/21\/celiachia-il-consigliere-regionale-zullo-presenta-una-proposta-di-legge\/"},"wordCount":2539,"commentCount":0,"publisher":{"@id":"https:\/\/archiviocassano.lavocedelpaese.info\/#organization"},"image":{"@id":"https:\/\/archiviocassano.lavocedelpaese.info\/index.php\/2012\/09\/21\/celiachia-il-consigliere-regionale-zullo-presenta-una-proposta-di-legge\/#primaryimage"},"thumbnailUrl":"https:\/\/archiviocassano.lavocedelpaese.info\/wp-content\/uploads\/2010\/05\/zullo.jpg","articleSection":["Politica"],"inLanguage":"it-IT","potentialAction":[{"@type":"CommentAction","name":"Comment","target":["https:\/\/archiviocassano.lavocedelpaese.info\/index.php\/2012\/09\/21\/celiachia-il-consigliere-regionale-zullo-presenta-una-proposta-di-legge\/#respond"]}]},{"@type":"WebPage","@id":"https:\/\/archiviocassano.lavocedelpaese.info\/index.php\/2012\/09\/21\/celiachia-il-consigliere-regionale-zullo-presenta-una-proposta-di-legge\/","url":"https:\/\/archiviocassano.lavocedelpaese.info\/index.php\/2012\/09\/21\/celiachia-il-consigliere-regionale-zullo-presenta-una-proposta-di-legge\/","name":"Celiachia, Zullo presenta una proposta di legge - Archivio CassanoWeb","isPartOf":{"@id":"https:\/\/archiviocassano.lavocedelpaese.info\/#website"},"primaryImageOfPage":{"@id":"https:\/\/archiviocassano.lavocedelpaese.info\/index.php\/2012\/09\/21\/celiachia-il-consigliere-regionale-zullo-presenta-una-proposta-di-legge\/#primaryimage"},"image":{"@id":"https:\/\/archiviocassano.lavocedelpaese.info\/index.php\/2012\/09\/21\/celiachia-il-consigliere-regionale-zullo-presenta-una-proposta-di-legge\/#primaryimage"},"thumbnailUrl":"https:\/\/archiviocassano.lavocedelpaese.info\/wp-content\/uploads\/2010\/05\/zullo.jpg","datePublished":"2012-09-21T11:03:39+00:00","breadcrumb":{"@id":"https:\/\/archiviocassano.lavocedelpaese.info\/index.php\/2012\/09\/21\/celiachia-il-consigliere-regionale-zullo-presenta-una-proposta-di-legge\/#breadcrumb"},"inLanguage":"it-IT","potentialAction":[{"@type":"ReadAction","target":["https:\/\/archiviocassano.lavocedelpaese.info\/index.php\/2012\/09\/21\/celiachia-il-consigliere-regionale-zullo-presenta-una-proposta-di-legge\/"]}]},{"@type":"ImageObject","inLanguage":"it-IT","@id":"https:\/\/archiviocassano.lavocedelpaese.info\/index.php\/2012\/09\/21\/celiachia-il-consigliere-regionale-zullo-presenta-una-proposta-di-legge\/#primaryimage","url":"https:\/\/archiviocassano.lavocedelpaese.info\/wp-content\/uploads\/2010\/05\/zullo.jpg","contentUrl":"https:\/\/archiviocassano.lavocedelpaese.info\/wp-content\/uploads\/2010\/05\/zullo.jpg","width":640,"height":300,"caption":"zullo"},{"@type":"BreadcrumbList","@id":"https:\/\/archiviocassano.lavocedelpaese.info\/index.php\/2012\/09\/21\/celiachia-il-consigliere-regionale-zullo-presenta-una-proposta-di-legge\/#breadcrumb","itemListElement":[{"@type":"ListItem","position":1,"name":"Home","item":"https:\/\/archiviocassano.lavocedelpaese.info\/"},{"@type":"ListItem","position":2,"name":"Celiachia, Zullo presenta una proposta di legge"}]},{"@type":"WebSite","@id":"https:\/\/archiviocassano.lavocedelpaese.info\/#website","url":"https:\/\/archiviocassano.lavocedelpaese.info\/","name":"Archivio CassanoWeb","description":"La Voce del Paese - un network di idee","publisher":{"@id":"https:\/\/archiviocassano.lavocedelpaese.info\/#organization"},"potentialAction":[{"@type":"SearchAction","target":{"@type":"EntryPoint","urlTemplate":"https:\/\/archiviocassano.lavocedelpaese.info\/?s={search_term_string}"},"query-input":{"@type":"PropertyValueSpecification","valueRequired":true,"valueName":"search_term_string"}}],"inLanguage":"it-IT"},{"@type":"Organization","@id":"https:\/\/archiviocassano.lavocedelpaese.info\/#organization","name":"Archivio CassanoWeb","url":"https:\/\/archiviocassano.lavocedelpaese.info\/","logo":{"@type":"ImageObject","inLanguage":"it-IT","@id":"https:\/\/archiviocassano.lavocedelpaese.info\/#\/schema\/logo\/image\/","url":"https:\/\/archiviocassano.lavocedelpaese.info\/wp-content\/uploads\/2024\/08\/logo-rosso-2.png","contentUrl":"https:\/\/archiviocassano.lavocedelpaese.info\/wp-content\/uploads\/2024\/08\/logo-rosso-2.png","width":491,"height":432,"caption":"Archivio CassanoWeb"},"image":{"@id":"https:\/\/archiviocassano.lavocedelpaese.info\/#\/schema\/logo\/image\/"},"sameAs":["https:\/\/www.facebook.com\/redazione.cassanoweb"]},{"@type":"Person","@id":"https:\/\/archiviocassano.lavocedelpaese.info\/#\/schema\/person\/df195bc79a9b4c35127cf005f92e041b","name":"admin","image":{"@type":"ImageObject","inLanguage":"it-IT","@id":"https:\/\/secure.gravatar.com\/avatar\/eabba89a432e8eaa1b0207cc55f7e5340b22712b1ed80677efcf63e02ff5b235?s=96&d=mm&r=g","url":"https:\/\/secure.gravatar.com\/avatar\/eabba89a432e8eaa1b0207cc55f7e5340b22712b1ed80677efcf63e02ff5b235?s=96&d=mm&r=g","contentUrl":"https:\/\/secure.gravatar.com\/avatar\/eabba89a432e8eaa1b0207cc55f7e5340b22712b1ed80677efcf63e02ff5b235?s=96&d=mm&r=g","caption":"admin"},"sameAs":["https:\/\/archiviocassano.lavocedelpaese.info"],"url":"https:\/\/archiviocassano.lavocedelpaese.info\/index.php\/author\/admin_0qgz1xdp\/"}]}},"_links":{"self":[{"href":"https:\/\/archiviocassano.lavocedelpaese.info\/index.php\/wp-json\/wp\/v2\/posts\/6441","targetHints":{"allow":["GET"]}}],"collection":[{"href":"https:\/\/archiviocassano.lavocedelpaese.info\/index.php\/wp-json\/wp\/v2\/posts"}],"about":[{"href":"https:\/\/archiviocassano.lavocedelpaese.info\/index.php\/wp-json\/wp\/v2\/types\/post"}],"author":[{"embeddable":true,"href":"https:\/\/archiviocassano.lavocedelpaese.info\/index.php\/wp-json\/wp\/v2\/users\/1"}],"replies":[{"embeddable":true,"href":"https:\/\/archiviocassano.lavocedelpaese.info\/index.php\/wp-json\/wp\/v2\/comments?post=6441"}],"version-history":[{"count":0,"href":"https:\/\/archiviocassano.lavocedelpaese.info\/index.php\/wp-json\/wp\/v2\/posts\/6441\/revisions"}],"wp:featuredmedia":[{"embeddable":true,"href":"https:\/\/archiviocassano.lavocedelpaese.info\/index.php\/wp-json\/wp\/v2\/media\/1474"}],"wp:attachment":[{"href":"https:\/\/archiviocassano.lavocedelpaese.info\/index.php\/wp-json\/wp\/v2\/media?parent=6441"}],"wp:term":[{"taxonomy":"category","embeddable":true,"href":"https:\/\/archiviocassano.lavocedelpaese.info\/index.php\/wp-json\/wp\/v2\/categories?post=6441"},{"taxonomy":"post_tag","embeddable":true,"href":"https:\/\/archiviocassano.lavocedelpaese.info\/index.php\/wp-json\/wp\/v2\/tags?post=6441"}],"curies":[{"name":"wp","href":"https:\/\/api.w.org\/{rel}","templated":true}]}}