{"id":6619,"date":"2012-10-17T06:27:54","date_gmt":"2012-10-17T06:27:54","guid":{"rendered":"https:\/\/archiviocassano.lavocedelpaese.info\/index.php\/2012\/10\/17\/nuova-sede-per-lassociazione-insieme-che-gestisce-una-scuola-paritaria\/"},"modified":"2012-10-17T06:27:54","modified_gmt":"2012-10-17T06:27:54","slug":"nuova-sede-per-lassociazione-insieme-che-gestisce-una-scuola-paritaria","status":"publish","type":"post","link":"https:\/\/archiviocassano.lavocedelpaese.info\/index.php\/2012\/10\/17\/nuova-sede-per-lassociazione-insieme-che-gestisce-una-scuola-paritaria\/","title":{"rendered":"Nuova sede per l\u2019Associazione \u201cInsieme\u201d"},"content":{"rendered":"<p><img loading=\"lazy\" decoding=\"async\" style=\"margin-right: 2px; margin-left: 2px;\" alt=\"Il taglio del nastro piccola\" src=\"images\/stories\/Il_taglio_del_nastro_piccola.jpg\" height=\"150\" width=\"320\" \/><\/p>\n<p><!--more--><\/p>\n<p style=\"text-align: justify;\">Cambia la sede (pi\u00f9 luminosa, a contatto visivo con l\u2019ultima collina rimasta intatta fra quelle cassanesi, pi\u00f9 grande) ma non cambia la voglia di insegnare, educare e far crescere i bambini.<\/p>\n<p style=\"text-align: justify;\">L\u2019Associazione<strong> \u201cInsieme\u201d<\/strong> da oltre vent\u2019anni \u00e8 un punto di riferimento per tante famiglie cassanesi che hanno affidato loro i bambini dalla pi\u00f9 tenera et\u00e0, sino alla soglia della scuola elementare.<\/p>\n<p style=\"text-align: justify;\">E proprio la fiducia riposta nelle insegnanti e nell\u2019ambiente in cui esse operano e fanno vivere i bambini ha fatto crescere questa realt\u00e0 che oggi conta otto lavoratrici e che ha avuto bisogno di essere ospitata in spazi pi\u00f9 grandi e adeguati ad ospitare tanti bambini che ogni giorno vengono accuditi.<\/p>\n<p style=\"text-align: justify;\">La nuova sede \u00e8 in via Sant\u2019Antonio Abate al n. 28, presso i campetti dell\u2019Overgreen che ha messo a disposizione dell\u2019associazione una struttura completamente riorganizzata, con spazi all\u2019aperto e un campetto tutto per i pi\u00f9 piccoli dove &#8211; soprattutto nelle stagioni di mezzo &#8211; potranno giocare e divertirsi. La benedizione della nuova struttura \u00e8 stata affidata a don Nicola e don Mimmo della parrocchia \u201cMadonna delle Grazie\u201d che hanno augurato a tutto lo staff dell\u2019associazione una sempre maggiore tensione educativa da trasmettere ai pi\u00f9 piccoli.<\/p>\n<p style=\"text-align: justify;\">Presieduta da <strong>Angela Servodio<\/strong>, l\u2019associazione affida le cure dei pi\u00f9 piccoli a <strong>Enza Tagarielli, Rosita Gargano, Maria Isabella Lionetti, Francesca Smaldino, Maria Cristina Sebastio, Marianna Alizzi<\/strong> e alla cuoca<strong> Graziella Degiorgio<\/strong>, avvalendosi di esperti esterni come Maria Lucia Siciliani e Roberto Angiulo per i diversi progetti e laboratori che vengono realizzati nel corso dell\u2019anno scolastico.<\/p>\n<p style=\"text-align: justify;\">&nbsp;<\/p>\n<p><img loading=\"lazy\" decoding=\"async\" class=\" size-full wp-image-6615\" style=\"margin-right: auto; margin-left: auto; display: block;\" alt=\"Lingresso della scuola piccola\" src=\"https:\/\/archiviocassano.lavocedelpaese.info\/wp-content\/uploads\/2012\/10\/Lingresso_della_scuola_piccola.jpg\" height=\"450\" width=\"600\" srcset=\"https:\/\/archiviocassano.lavocedelpaese.info\/wp-content\/uploads\/2012\/10\/Lingresso_della_scuola_piccola.jpg 600w, https:\/\/archiviocassano.lavocedelpaese.info\/wp-content\/uploads\/2012\/10\/Lingresso_della_scuola_piccola-300x225.jpg 300w\" sizes=\"auto, (max-width: 600px) 100vw, 600px\" \/><\/p>\n<p style=\"text-align: center;\"><strong>L&#8217;ingresso della scuola<\/strong><\/p>\n<p style=\"text-align: justify;\">&nbsp;<\/p>\n<p style=\"text-align: center;\"><img loading=\"lazy\" decoding=\"async\" class=\" size-full wp-image-6616\" style=\"margin-right: 2px; margin-left: 2px;\" alt=\"la zona dei giochi piccola\" src=\"https:\/\/archiviocassano.lavocedelpaese.info\/wp-content\/uploads\/2012\/10\/la_zona_dei_giochi_piccola.jpg\" height=\"450\" width=\"600\" srcset=\"https:\/\/archiviocassano.lavocedelpaese.info\/wp-content\/uploads\/2012\/10\/la_zona_dei_giochi_piccola.jpg 600w, https:\/\/archiviocassano.lavocedelpaese.info\/wp-content\/uploads\/2012\/10\/la_zona_dei_giochi_piccola-300x225.jpg 300w\" sizes=\"auto, (max-width: 600px) 100vw, 600px\" \/><\/p>\n<p style=\"text-align: center;\"><strong>La zona con i giochi<\/strong><\/p>\n<p style=\"text-align: center;\">&nbsp;<\/p>\n<p style=\"text-align: center;\"><img loading=\"lazy\" decoding=\"async\" class=\" size-full wp-image-6617\" style=\"margin-right: 2px; margin-left: 2px;\" alt=\"Una delle aule piccola\" src=\"https:\/\/archiviocassano.lavocedelpaese.info\/wp-content\/uploads\/2012\/10\/Una_delle_aule_piccola.jpg\" height=\"450\" width=\"600\" srcset=\"https:\/\/archiviocassano.lavocedelpaese.info\/wp-content\/uploads\/2012\/10\/Una_delle_aule_piccola.jpg 600w, https:\/\/archiviocassano.lavocedelpaese.info\/wp-content\/uploads\/2012\/10\/Una_delle_aule_piccola-300x225.jpg 300w\" sizes=\"auto, (max-width: 600px) 100vw, 600px\" \/><\/p>\n<p style=\"text-align: center;\"><strong>Una delle aule<\/strong><\/p>\n<p style=\"text-align: center;\"><strong><br \/><\/strong><\/p>\n<p style=\"text-align: center;\"><strong><img loading=\"lazy\" decoding=\"async\" class=\" size-full wp-image-6618\" style=\"margin-right: 2px; margin-left: 2px;\" alt=\"Lo staff al completo\" src=\"https:\/\/archiviocassano.lavocedelpaese.info\/wp-content\/uploads\/2012\/10\/Lo_staff_al_completo.jpg\" height=\"450\" width=\"600\" srcset=\"https:\/\/archiviocassano.lavocedelpaese.info\/wp-content\/uploads\/2012\/10\/Lo_staff_al_completo.jpg 600w, https:\/\/archiviocassano.lavocedelpaese.info\/wp-content\/uploads\/2012\/10\/Lo_staff_al_completo-300x225.jpg 300w\" sizes=\"auto, (max-width: 600px) 100vw, 600px\" \/><\/strong><\/p>\n<p style=\"text-align: center;\"><strong>Lo staff al completo durante la benedizione da parte di don Mimmo e don Nicola<br \/><\/strong><\/p>\n<p style=\"text-align: center;\">&nbsp;<\/p>\n","protected":false},"excerpt":{"rendered":"","protected":false},"author":1,"featured_media":0,"comment_status":"open","ping_status":"closed","sticky":false,"template":"","format":"standard","meta":{"colormag_page_container_layout":"default_layout","colormag_page_sidebar_layout":"default_layout","footnotes":""},"categories":[7],"tags":[],"class_list":["post-6619","post","type-post","status-publish","format-standard","hentry","category-attualita"],"yoast_head":"<!-- This site is optimized with the Yoast SEO plugin v27.5 - https:\/\/yoast.com\/product\/yoast-seo-wordpress\/ -->\n<title>Nuova sede per l\u2019Associazione \u201cInsieme\u201d - Archivio CassanoWeb<\/title>\n<meta name=\"robots\" content=\"index, follow, max-snippet:-1, max-image-preview:large, max-video-preview:-1\" \/>\n<link rel=\"canonical\" href=\"https:\/\/archiviocassano.lavocedelpaese.info\/index.php\/2012\/10\/17\/nuova-sede-per-lassociazione-insieme-che-gestisce-una-scuola-paritaria\/\" \/>\n<meta property=\"og:locale\" content=\"it_IT\" \/>\n<meta property=\"og:type\" content=\"article\" \/>\n<meta property=\"og:title\" content=\"Nuova sede per l\u2019Associazione \u201cInsieme\u201d - Archivio CassanoWeb\" \/>\n<meta property=\"og:url\" content=\"https:\/\/archiviocassano.lavocedelpaese.info\/index.php\/2012\/10\/17\/nuova-sede-per-lassociazione-insieme-che-gestisce-una-scuola-paritaria\/\" \/>\n<meta property=\"og:site_name\" content=\"Archivio CassanoWeb\" \/>\n<meta property=\"article:publisher\" content=\"https:\/\/www.facebook.com\/redazione.cassanoweb\" \/>\n<meta property=\"article:published_time\" content=\"2012-10-17T06:27:54+00:00\" \/>\n<meta property=\"og:image\" content=\"https:\/\/archiviocassano.lavocedelpaese.info\/wp-content\/uploads\/2012\/10\/Lingresso_della_scuola_piccola.jpg\" \/>\n<meta name=\"author\" content=\"admin\" \/>\n<meta name=\"twitter:card\" content=\"summary_large_image\" \/>\n<meta name=\"twitter:label1\" content=\"Scritto da\" \/>\n\t<meta name=\"twitter:data1\" content=\"admin\" \/>\n\t<meta name=\"twitter:label2\" content=\"Tempo di lettura stimato\" \/>\n\t<meta name=\"twitter:data2\" content=\"1 minuto\" \/>\n<script type=\"application\/ld+json\" class=\"yoast-schema-graph\">{\"@context\":\"https:\\\/\\\/schema.org\",\"@graph\":[{\"@type\":\"Article\",\"@id\":\"https:\\\/\\\/archiviocassano.lavocedelpaese.info\\\/index.php\\\/2012\\\/10\\\/17\\\/nuova-sede-per-lassociazione-insieme-che-gestisce-una-scuola-paritaria\\\/#article\",\"isPartOf\":{\"@id\":\"https:\\\/\\\/archiviocassano.lavocedelpaese.info\\\/index.php\\\/2012\\\/10\\\/17\\\/nuova-sede-per-lassociazione-insieme-che-gestisce-una-scuola-paritaria\\\/\"},\"author\":{\"name\":\"admin\",\"@id\":\"https:\\\/\\\/archiviocassano.lavocedelpaese.info\\\/#\\\/schema\\\/person\\\/df195bc79a9b4c35127cf005f92e041b\"},\"headline\":\"Nuova sede per l\u2019Associazione \u201cInsieme\u201d\",\"datePublished\":\"2012-10-17T06:27:54+00:00\",\"mainEntityOfPage\":{\"@id\":\"https:\\\/\\\/archiviocassano.lavocedelpaese.info\\\/index.php\\\/2012\\\/10\\\/17\\\/nuova-sede-per-lassociazione-insieme-che-gestisce-una-scuola-paritaria\\\/\"},\"wordCount\":296,\"commentCount\":0,\"publisher\":{\"@id\":\"https:\\\/\\\/archiviocassano.lavocedelpaese.info\\\/#organization\"},\"image\":{\"@id\":\"https:\\\/\\\/archiviocassano.lavocedelpaese.info\\\/index.php\\\/2012\\\/10\\\/17\\\/nuova-sede-per-lassociazione-insieme-che-gestisce-una-scuola-paritaria\\\/#primaryimage\"},\"thumbnailUrl\":\"https:\\\/\\\/archiviocassano.lavocedelpaese.info\\\/wp-content\\\/uploads\\\/2012\\\/10\\\/Lingresso_della_scuola_piccola.jpg\",\"articleSection\":[\"Attualit\u00e0\"],\"inLanguage\":\"it-IT\",\"potentialAction\":[{\"@type\":\"CommentAction\",\"name\":\"Comment\",\"target\":[\"https:\\\/\\\/archiviocassano.lavocedelpaese.info\\\/index.php\\\/2012\\\/10\\\/17\\\/nuova-sede-per-lassociazione-insieme-che-gestisce-una-scuola-paritaria\\\/#respond\"]}]},{\"@type\":\"WebPage\",\"@id\":\"https:\\\/\\\/archiviocassano.lavocedelpaese.info\\\/index.php\\\/2012\\\/10\\\/17\\\/nuova-sede-per-lassociazione-insieme-che-gestisce-una-scuola-paritaria\\\/\",\"url\":\"https:\\\/\\\/archiviocassano.lavocedelpaese.info\\\/index.php\\\/2012\\\/10\\\/17\\\/nuova-sede-per-lassociazione-insieme-che-gestisce-una-scuola-paritaria\\\/\",\"name\":\"Nuova sede per l\u2019Associazione \u201cInsieme\u201d - Archivio CassanoWeb\",\"isPartOf\":{\"@id\":\"https:\\\/\\\/archiviocassano.lavocedelpaese.info\\\/#website\"},\"primaryImageOfPage\":{\"@id\":\"https:\\\/\\\/archiviocassano.lavocedelpaese.info\\\/index.php\\\/2012\\\/10\\\/17\\\/nuova-sede-per-lassociazione-insieme-che-gestisce-una-scuola-paritaria\\\/#primaryimage\"},\"image\":{\"@id\":\"https:\\\/\\\/archiviocassano.lavocedelpaese.info\\\/index.php\\\/2012\\\/10\\\/17\\\/nuova-sede-per-lassociazione-insieme-che-gestisce-una-scuola-paritaria\\\/#primaryimage\"},\"thumbnailUrl\":\"https:\\\/\\\/archiviocassano.lavocedelpaese.info\\\/wp-content\\\/uploads\\\/2012\\\/10\\\/Lingresso_della_scuola_piccola.jpg\",\"datePublished\":\"2012-10-17T06:27:54+00:00\",\"breadcrumb\":{\"@id\":\"https:\\\/\\\/archiviocassano.lavocedelpaese.info\\\/index.php\\\/2012\\\/10\\\/17\\\/nuova-sede-per-lassociazione-insieme-che-gestisce-una-scuola-paritaria\\\/#breadcrumb\"},\"inLanguage\":\"it-IT\",\"potentialAction\":[{\"@type\":\"ReadAction\",\"target\":[\"https:\\\/\\\/archiviocassano.lavocedelpaese.info\\\/index.php\\\/2012\\\/10\\\/17\\\/nuova-sede-per-lassociazione-insieme-che-gestisce-una-scuola-paritaria\\\/\"]}]},{\"@type\":\"ImageObject\",\"inLanguage\":\"it-IT\",\"@id\":\"https:\\\/\\\/archiviocassano.lavocedelpaese.info\\\/index.php\\\/2012\\\/10\\\/17\\\/nuova-sede-per-lassociazione-insieme-che-gestisce-una-scuola-paritaria\\\/#primaryimage\",\"url\":\"https:\\\/\\\/archiviocassano.lavocedelpaese.info\\\/wp-content\\\/uploads\\\/2012\\\/10\\\/Lingresso_della_scuola_piccola.jpg\",\"contentUrl\":\"https:\\\/\\\/archiviocassano.lavocedelpaese.info\\\/wp-content\\\/uploads\\\/2012\\\/10\\\/Lingresso_della_scuola_piccola.jpg\",\"width\":600,\"height\":450,\"caption\":\"Lingresso della scuola piccola\"},{\"@type\":\"BreadcrumbList\",\"@id\":\"https:\\\/\\\/archiviocassano.lavocedelpaese.info\\\/index.php\\\/2012\\\/10\\\/17\\\/nuova-sede-per-lassociazione-insieme-che-gestisce-una-scuola-paritaria\\\/#breadcrumb\",\"itemListElement\":[{\"@type\":\"ListItem\",\"position\":1,\"name\":\"Home\",\"item\":\"https:\\\/\\\/archiviocassano.lavocedelpaese.info\\\/\"},{\"@type\":\"ListItem\",\"position\":2,\"name\":\"Nuova sede per l\u2019Associazione \u201cInsieme\u201d\"}]},{\"@type\":\"WebSite\",\"@id\":\"https:\\\/\\\/archiviocassano.lavocedelpaese.info\\\/#website\",\"url\":\"https:\\\/\\\/archiviocassano.lavocedelpaese.info\\\/\",\"name\":\"Archivio CassanoWeb\",\"description\":\"La Voce del Paese - un network di idee\",\"publisher\":{\"@id\":\"https:\\\/\\\/archiviocassano.lavocedelpaese.info\\\/#organization\"},\"potentialAction\":[{\"@type\":\"SearchAction\",\"target\":{\"@type\":\"EntryPoint\",\"urlTemplate\":\"https:\\\/\\\/archiviocassano.lavocedelpaese.info\\\/?s={search_term_string}\"},\"query-input\":{\"@type\":\"PropertyValueSpecification\",\"valueRequired\":true,\"valueName\":\"search_term_string\"}}],\"inLanguage\":\"it-IT\"},{\"@type\":\"Organization\",\"@id\":\"https:\\\/\\\/archiviocassano.lavocedelpaese.info\\\/#organization\",\"name\":\"Archivio CassanoWeb\",\"url\":\"https:\\\/\\\/archiviocassano.lavocedelpaese.info\\\/\",\"logo\":{\"@type\":\"ImageObject\",\"inLanguage\":\"it-IT\",\"@id\":\"https:\\\/\\\/archiviocassano.lavocedelpaese.info\\\/#\\\/schema\\\/logo\\\/image\\\/\",\"url\":\"https:\\\/\\\/archiviocassano.lavocedelpaese.info\\\/wp-content\\\/uploads\\\/2024\\\/08\\\/logo-rosso-2.png\",\"contentUrl\":\"https:\\\/\\\/archiviocassano.lavocedelpaese.info\\\/wp-content\\\/uploads\\\/2024\\\/08\\\/logo-rosso-2.png\",\"width\":491,\"height\":432,\"caption\":\"Archivio CassanoWeb\"},\"image\":{\"@id\":\"https:\\\/\\\/archiviocassano.lavocedelpaese.info\\\/#\\\/schema\\\/logo\\\/image\\\/\"},\"sameAs\":[\"https:\\\/\\\/www.facebook.com\\\/redazione.cassanoweb\"]},{\"@type\":\"Person\",\"@id\":\"https:\\\/\\\/archiviocassano.lavocedelpaese.info\\\/#\\\/schema\\\/person\\\/df195bc79a9b4c35127cf005f92e041b\",\"name\":\"admin\",\"image\":{\"@type\":\"ImageObject\",\"inLanguage\":\"it-IT\",\"@id\":\"https:\\\/\\\/secure.gravatar.com\\\/avatar\\\/eabba89a432e8eaa1b0207cc55f7e5340b22712b1ed80677efcf63e02ff5b235?s=96&d=mm&r=g\",\"url\":\"https:\\\/\\\/secure.gravatar.com\\\/avatar\\\/eabba89a432e8eaa1b0207cc55f7e5340b22712b1ed80677efcf63e02ff5b235?s=96&d=mm&r=g\",\"contentUrl\":\"https:\\\/\\\/secure.gravatar.com\\\/avatar\\\/eabba89a432e8eaa1b0207cc55f7e5340b22712b1ed80677efcf63e02ff5b235?s=96&d=mm&r=g\",\"caption\":\"admin\"},\"sameAs\":[\"https:\\\/\\\/archiviocassano.lavocedelpaese.info\"],\"url\":\"https:\\\/\\\/archiviocassano.lavocedelpaese.info\\\/index.php\\\/author\\\/admin_0qgz1xdp\\\/\"}]}<\/script>\n<!-- \/ Yoast SEO plugin. -->","yoast_head_json":{"title":"Nuova sede per l\u2019Associazione \u201cInsieme\u201d - Archivio CassanoWeb","robots":{"index":"index","follow":"follow","max-snippet":"max-snippet:-1","max-image-preview":"max-image-preview:large","max-video-preview":"max-video-preview:-1"},"canonical":"https:\/\/archiviocassano.lavocedelpaese.info\/index.php\/2012\/10\/17\/nuova-sede-per-lassociazione-insieme-che-gestisce-una-scuola-paritaria\/","og_locale":"it_IT","og_type":"article","og_title":"Nuova sede per l\u2019Associazione \u201cInsieme\u201d - Archivio CassanoWeb","og_url":"https:\/\/archiviocassano.lavocedelpaese.info\/index.php\/2012\/10\/17\/nuova-sede-per-lassociazione-insieme-che-gestisce-una-scuola-paritaria\/","og_site_name":"Archivio CassanoWeb","article_publisher":"https:\/\/www.facebook.com\/redazione.cassanoweb","article_published_time":"2012-10-17T06:27:54+00:00","og_image":[{"url":"https:\/\/archiviocassano.lavocedelpaese.info\/wp-content\/uploads\/2012\/10\/Lingresso_della_scuola_piccola.jpg","type":"","width":"","height":""}],"author":"admin","twitter_card":"summary_large_image","twitter_misc":{"Scritto da":"admin","Tempo di lettura stimato":"1 minuto"},"schema":{"@context":"https:\/\/schema.org","@graph":[{"@type":"Article","@id":"https:\/\/archiviocassano.lavocedelpaese.info\/index.php\/2012\/10\/17\/nuova-sede-per-lassociazione-insieme-che-gestisce-una-scuola-paritaria\/#article","isPartOf":{"@id":"https:\/\/archiviocassano.lavocedelpaese.info\/index.php\/2012\/10\/17\/nuova-sede-per-lassociazione-insieme-che-gestisce-una-scuola-paritaria\/"},"author":{"name":"admin","@id":"https:\/\/archiviocassano.lavocedelpaese.info\/#\/schema\/person\/df195bc79a9b4c35127cf005f92e041b"},"headline":"Nuova sede per l\u2019Associazione \u201cInsieme\u201d","datePublished":"2012-10-17T06:27:54+00:00","mainEntityOfPage":{"@id":"https:\/\/archiviocassano.lavocedelpaese.info\/index.php\/2012\/10\/17\/nuova-sede-per-lassociazione-insieme-che-gestisce-una-scuola-paritaria\/"},"wordCount":296,"commentCount":0,"publisher":{"@id":"https:\/\/archiviocassano.lavocedelpaese.info\/#organization"},"image":{"@id":"https:\/\/archiviocassano.lavocedelpaese.info\/index.php\/2012\/10\/17\/nuova-sede-per-lassociazione-insieme-che-gestisce-una-scuola-paritaria\/#primaryimage"},"thumbnailUrl":"https:\/\/archiviocassano.lavocedelpaese.info\/wp-content\/uploads\/2012\/10\/Lingresso_della_scuola_piccola.jpg","articleSection":["Attualit\u00e0"],"inLanguage":"it-IT","potentialAction":[{"@type":"CommentAction","name":"Comment","target":["https:\/\/archiviocassano.lavocedelpaese.info\/index.php\/2012\/10\/17\/nuova-sede-per-lassociazione-insieme-che-gestisce-una-scuola-paritaria\/#respond"]}]},{"@type":"WebPage","@id":"https:\/\/archiviocassano.lavocedelpaese.info\/index.php\/2012\/10\/17\/nuova-sede-per-lassociazione-insieme-che-gestisce-una-scuola-paritaria\/","url":"https:\/\/archiviocassano.lavocedelpaese.info\/index.php\/2012\/10\/17\/nuova-sede-per-lassociazione-insieme-che-gestisce-una-scuola-paritaria\/","name":"Nuova sede per l\u2019Associazione \u201cInsieme\u201d - Archivio CassanoWeb","isPartOf":{"@id":"https:\/\/archiviocassano.lavocedelpaese.info\/#website"},"primaryImageOfPage":{"@id":"https:\/\/archiviocassano.lavocedelpaese.info\/index.php\/2012\/10\/17\/nuova-sede-per-lassociazione-insieme-che-gestisce-una-scuola-paritaria\/#primaryimage"},"image":{"@id":"https:\/\/archiviocassano.lavocedelpaese.info\/index.php\/2012\/10\/17\/nuova-sede-per-lassociazione-insieme-che-gestisce-una-scuola-paritaria\/#primaryimage"},"thumbnailUrl":"https:\/\/archiviocassano.lavocedelpaese.info\/wp-content\/uploads\/2012\/10\/Lingresso_della_scuola_piccola.jpg","datePublished":"2012-10-17T06:27:54+00:00","breadcrumb":{"@id":"https:\/\/archiviocassano.lavocedelpaese.info\/index.php\/2012\/10\/17\/nuova-sede-per-lassociazione-insieme-che-gestisce-una-scuola-paritaria\/#breadcrumb"},"inLanguage":"it-IT","potentialAction":[{"@type":"ReadAction","target":["https:\/\/archiviocassano.lavocedelpaese.info\/index.php\/2012\/10\/17\/nuova-sede-per-lassociazione-insieme-che-gestisce-una-scuola-paritaria\/"]}]},{"@type":"ImageObject","inLanguage":"it-IT","@id":"https:\/\/archiviocassano.lavocedelpaese.info\/index.php\/2012\/10\/17\/nuova-sede-per-lassociazione-insieme-che-gestisce-una-scuola-paritaria\/#primaryimage","url":"https:\/\/archiviocassano.lavocedelpaese.info\/wp-content\/uploads\/2012\/10\/Lingresso_della_scuola_piccola.jpg","contentUrl":"https:\/\/archiviocassano.lavocedelpaese.info\/wp-content\/uploads\/2012\/10\/Lingresso_della_scuola_piccola.jpg","width":600,"height":450,"caption":"Lingresso della scuola piccola"},{"@type":"BreadcrumbList","@id":"https:\/\/archiviocassano.lavocedelpaese.info\/index.php\/2012\/10\/17\/nuova-sede-per-lassociazione-insieme-che-gestisce-una-scuola-paritaria\/#breadcrumb","itemListElement":[{"@type":"ListItem","position":1,"name":"Home","item":"https:\/\/archiviocassano.lavocedelpaese.info\/"},{"@type":"ListItem","position":2,"name":"Nuova sede per l\u2019Associazione \u201cInsieme\u201d"}]},{"@type":"WebSite","@id":"https:\/\/archiviocassano.lavocedelpaese.info\/#website","url":"https:\/\/archiviocassano.lavocedelpaese.info\/","name":"Archivio CassanoWeb","description":"La Voce del Paese - un network di idee","publisher":{"@id":"https:\/\/archiviocassano.lavocedelpaese.info\/#organization"},"potentialAction":[{"@type":"SearchAction","target":{"@type":"EntryPoint","urlTemplate":"https:\/\/archiviocassano.lavocedelpaese.info\/?s={search_term_string}"},"query-input":{"@type":"PropertyValueSpecification","valueRequired":true,"valueName":"search_term_string"}}],"inLanguage":"it-IT"},{"@type":"Organization","@id":"https:\/\/archiviocassano.lavocedelpaese.info\/#organization","name":"Archivio CassanoWeb","url":"https:\/\/archiviocassano.lavocedelpaese.info\/","logo":{"@type":"ImageObject","inLanguage":"it-IT","@id":"https:\/\/archiviocassano.lavocedelpaese.info\/#\/schema\/logo\/image\/","url":"https:\/\/archiviocassano.lavocedelpaese.info\/wp-content\/uploads\/2024\/08\/logo-rosso-2.png","contentUrl":"https:\/\/archiviocassano.lavocedelpaese.info\/wp-content\/uploads\/2024\/08\/logo-rosso-2.png","width":491,"height":432,"caption":"Archivio CassanoWeb"},"image":{"@id":"https:\/\/archiviocassano.lavocedelpaese.info\/#\/schema\/logo\/image\/"},"sameAs":["https:\/\/www.facebook.com\/redazione.cassanoweb"]},{"@type":"Person","@id":"https:\/\/archiviocassano.lavocedelpaese.info\/#\/schema\/person\/df195bc79a9b4c35127cf005f92e041b","name":"admin","image":{"@type":"ImageObject","inLanguage":"it-IT","@id":"https:\/\/secure.gravatar.com\/avatar\/eabba89a432e8eaa1b0207cc55f7e5340b22712b1ed80677efcf63e02ff5b235?s=96&d=mm&r=g","url":"https:\/\/secure.gravatar.com\/avatar\/eabba89a432e8eaa1b0207cc55f7e5340b22712b1ed80677efcf63e02ff5b235?s=96&d=mm&r=g","contentUrl":"https:\/\/secure.gravatar.com\/avatar\/eabba89a432e8eaa1b0207cc55f7e5340b22712b1ed80677efcf63e02ff5b235?s=96&d=mm&r=g","caption":"admin"},"sameAs":["https:\/\/archiviocassano.lavocedelpaese.info"],"url":"https:\/\/archiviocassano.lavocedelpaese.info\/index.php\/author\/admin_0qgz1xdp\/"}]}},"_links":{"self":[{"href":"https:\/\/archiviocassano.lavocedelpaese.info\/index.php\/wp-json\/wp\/v2\/posts\/6619","targetHints":{"allow":["GET"]}}],"collection":[{"href":"https:\/\/archiviocassano.lavocedelpaese.info\/index.php\/wp-json\/wp\/v2\/posts"}],"about":[{"href":"https:\/\/archiviocassano.lavocedelpaese.info\/index.php\/wp-json\/wp\/v2\/types\/post"}],"author":[{"embeddable":true,"href":"https:\/\/archiviocassano.lavocedelpaese.info\/index.php\/wp-json\/wp\/v2\/users\/1"}],"replies":[{"embeddable":true,"href":"https:\/\/archiviocassano.lavocedelpaese.info\/index.php\/wp-json\/wp\/v2\/comments?post=6619"}],"version-history":[{"count":0,"href":"https:\/\/archiviocassano.lavocedelpaese.info\/index.php\/wp-json\/wp\/v2\/posts\/6619\/revisions"}],"wp:attachment":[{"href":"https:\/\/archiviocassano.lavocedelpaese.info\/index.php\/wp-json\/wp\/v2\/media?parent=6619"}],"wp:term":[{"taxonomy":"category","embeddable":true,"href":"https:\/\/archiviocassano.lavocedelpaese.info\/index.php\/wp-json\/wp\/v2\/categories?post=6619"},{"taxonomy":"post_tag","embeddable":true,"href":"https:\/\/archiviocassano.lavocedelpaese.info\/index.php\/wp-json\/wp\/v2\/tags?post=6619"}],"curies":[{"name":"wp","href":"https:\/\/api.w.org\/{rel}","templated":true}]}}