{"id":6894,"date":"2012-12-14T07:38:07","date_gmt":"2012-12-14T07:38:07","guid":{"rendered":"https:\/\/archiviocassano.lavocedelpaese.info\/index.php\/2012\/12\/14\/roberto-angiulo-qcon-gege-telesforo-ricordiamo-maria-grazia-a-aiutiamo-novavitaq\/"},"modified":"2012-12-14T07:38:07","modified_gmt":"2012-12-14T07:38:07","slug":"roberto-angiulo-qcon-gege-telesforo-ricordiamo-maria-grazia-a-aiutiamo-novavitaq","status":"publish","type":"post","link":"https:\/\/archiviocassano.lavocedelpaese.info\/index.php\/2012\/12\/14\/roberto-angiulo-qcon-gege-telesforo-ricordiamo-maria-grazia-a-aiutiamo-novavitaq\/","title":{"rendered":"Stasera il concerto di Geg\u00e8 Telesforo per Novavita"},"content":{"rendered":"<p style=\"text-align: justify;\"><img loading=\"lazy\" decoding=\"async\" class=\" size-full wp-image-6893\" alt=\"concerto angiulo\" src=\"https:\/\/archiviocassano.lavocedelpaese.info\/wp-content\/uploads\/2012\/12\/concerto_angiulo.jpg\" width=\"320\" height=\"150\" srcset=\"https:\/\/archiviocassano.lavocedelpaese.info\/wp-content\/uploads\/2012\/12\/concerto_angiulo.jpg 640w, https:\/\/archiviocassano.lavocedelpaese.info\/wp-content\/uploads\/2012\/12\/concerto_angiulo-300x141.jpg 300w\" sizes=\"auto, (max-width: 320px) 100vw, 320px\" \/><\/p>\n<p><!--more--><\/p>\n<p style=\"text-align: justify;\"><span style=\"font-family: 'Arial','sans-serif';\">Si terr\u00e0 domani 14 dicembre<i> <\/i>un Concerto di beneficenza della formazione musicale di Roberto Angiulo \u201cThe Joyful Chorus\u201d il cui ricavato sar\u00e0 devoluto all\u2019associazione \u201cNovavita\u201d presieduta da Pino Fraccalvieri che si occupa di assistenza alle persone con gravi lesioni cerebrali e alle loro famiglie. <\/span><\/p>\n<p style=\"text-align: justify;\"><span style=\"font-family: 'Arial','sans-serif';\">Al maestro Angiulo abbiamo fatto alcune domande in riferimento al Concerto \u2013 che tra i tanti ospiti vedr\u00e0 la partecipazione straordinaria del jazzista Geg\u00e8 Telesforo \u2013 che si terr\u00e0 presso \u201cVilla Fano del Poggio\u201d a Cassano. L\u2019intero ricavato della vendita dei biglietti andr\u00e0 in beneficenza.<\/span><\/p>\n<p style=\"text-align: justify;\" class=\"Standard\"><b><span style=\"font-family: 'Arial','sans-serif';\">In questa breve intervista cominciamo nel parlare di Maria Grazia Baldassarre, giovanissima cassanese a cui \u201cThe Joyful Chorus\u201d \u00e8 dedicato, avendone fatto parte. Maestro Angiulo, a<\/span><\/b><b><span style=\"font-family: 'Arial','sans-serif';\"> dieci anni dalla scomparsa, che sentimenti vi legano alla sua memoria? Come la ricordate?<\/span><\/b><b><span style=\"font-family: 'Arial','sans-serif';\"> <\/span><\/b><\/p>\n<p style=\"text-align: justify;\" class=\"Standard\"><span style=\"font-family: 'Arial','sans-serif';\">Ognuno di noi che l&#8217;ha conosciuta riserva nel proprio cuore un ricordo diverso, ma pieno di affetto per una persona semplice e vitale che ha dato, con la sua discreta presenza, testimonianza di amore per gli altri e di attaccamento alla musica gospel.<\/span><\/p>\n<p style=\"text-align: justify;\"><b><span style=\"font-family: 'Arial','sans-serif';\">Il coro \u00e8 cresciuto e da una piccola realt\u00e0 di paese si \u00e8 fatto conoscere anche ad un pubblico pi\u00f9 vasto, con concerti ed esibizioni apprezzatissimi: era questo il tuo intento o tutto \u00e8 arrivato per &#8220;gioco&#8221;? E qual \u00e8 la ricetta per tenere assieme questo gruppo di giovani amanti del canto?<\/span><\/b><\/p>\n<p style=\"text-align: justify;\" class=\"Standard\"><span style=\"font-family: 'Arial','sans-serif';\">Il tutto \u00e8 arrivato in crescendo, non per gioco ma per una passione che man mano \u00e8 diventata sempre pi\u00f9 presente nella mia vita. Ho cercato in tutti i modi di trasmettere agli altri ogni emozione che provavo affinch\u00e9 anche loro potessero vivere in pieno questo genere musicale.<\/span><\/p>\n<p style=\"text-align: justify;\"><b><span style=\"font-family: 'Arial','sans-serif';\">Riesce sempre a coinvolgere grossi nomi della musica e dello spettacolo per le iniziative benefiche qual \u00e8 il segreto?<\/span><\/b><\/p>\n<p style=\"text-align: justify;\" class=\"Standard\"><span style=\"font-family: 'Arial','sans-serif';\">Cerco sempre di coinvolgere artisti che abbiano, come me, una ideale di musica che viene dal cuore e che hanno dimostrato nel loro percorso di avere una sensibilit\u00e0 che vada oltre la fredda partitura di un brano. Quando poi si incontrano artisti del calibro e del cuore dei Neri per Caso o di Geg\u00e8 Telesforo che non esitano, per l&#8217;amore dell&#8217;arte, a mettersi in gioco con semplicit\u00e0, magicamente il dialogo risulta pi\u00f9 facile e scopriamo di avere lo stesso segreto: la musica!<\/span><\/p>\n<p style=\"text-align: justify;\" class=\"Standard\"><b><span style=\"font-family: 'Arial','sans-serif';\">Rinnoviamo l\u2019appuntamento per venerd\u00ec 14 dicembre?<\/span><\/b><\/p>\n<p style=\"text-align: justify;\" class=\"Standard\"><span style=\"font-family: 'Arial','sans-serif';\">Certo. Il concerto si terr\u00e0 a partire dalle ore 20.30 presso \u201cVilla Fano del Poggio\u201d \u2013 strada provinciale Foresta di Mercadante al km. 11,600 a Cassano. Tantissimi gli artisti presenti: Stefano Ottomano e Fedele Tritto; Same Drum e Cayon e Didgiridoo; poi Domenico Sanna al pianoforte e Arnaldo \u201cL.A.\u201d Santoro (vocalist); ancora: la English Ballet School con coreografie di Danilo Musci e Massimo Solazzo. Si potr\u00e0 ammirare una mostra di opere di artisti cassanesi curata da Massimo Nardi. <\/span><\/p>\n<p style=\"text-align: justify;\" class=\"Standard\"><span style=\"font-family: 'Arial','sans-serif';\">E ovviamente c\u2019\u00e8 <b>\u201c<\/b>The Joyful Chorus\u201d diretto da me e affiancato dalla band composta da Ignazio Cascarano al pianoforte, Giuseppe Donvito al basso, Alessandro Spinelli alla batteria ed io alla tromba. <\/span><\/p>\n<p style=\"text-align: justify;\" class=\"Standard\"><span style=\"font-family: 'Arial','sans-serif';\">Guest star della serata lo straordinario Geg\u00e8 Telesforo. <\/span><\/p>\n<p style=\"text-align: justify;\" class=\"Standard\"><span style=\"font-family: 'Arial','sans-serif';\">Il tutto sar\u00e0 presentato dall\u2019attore comico e cabarettista Giuseppe Guida.<\/span><\/p>\n<p style=\"text-align: justify;\" class=\"Standard\"><b><span style=\"font-family: 'Arial','sans-serif';\">Per acquistare i biglietti si possono chiamare Pino (tel. 333.9767.111) oppure Beppe (tel. 339.331.5193) o, ancora, per tenersi aggiornati e per altre informazioni c\u2019\u00e8 la <a target=\"_blank\" href=\"http:\/\/www.facebook.com\/events\/243081559154027\/\" rel=\"noopener\">pagina Facebook dedicata all\u2019evento.<\/a><\/span><\/b><\/p>\n<p>&nbsp;<\/p>\n","protected":false},"excerpt":{"rendered":"","protected":false},"author":1,"featured_media":6893,"comment_status":"open","ping_status":"closed","sticky":false,"template":"","format":"standard","meta":{"colormag_page_container_layout":"default_layout","colormag_page_sidebar_layout":"default_layout","footnotes":""},"categories":[11],"tags":[],"class_list":["post-6894","post","type-post","status-publish","format-standard","has-post-thumbnail","hentry","category-appuntamenti"],"yoast_head":"<!-- This site is optimized with the Yoast SEO plugin v27.5 - https:\/\/yoast.com\/product\/yoast-seo-wordpress\/ -->\n<title>Stasera il concerto di Geg\u00e8 Telesforo per Novavita - Archivio CassanoWeb<\/title>\n<meta name=\"robots\" content=\"index, follow, max-snippet:-1, max-image-preview:large, max-video-preview:-1\" \/>\n<link rel=\"canonical\" href=\"https:\/\/archiviocassano.lavocedelpaese.info\/index.php\/2012\/12\/14\/roberto-angiulo-qcon-gege-telesforo-ricordiamo-maria-grazia-a-aiutiamo-novavitaq\/\" \/>\n<meta property=\"og:locale\" content=\"it_IT\" \/>\n<meta property=\"og:type\" content=\"article\" \/>\n<meta property=\"og:title\" content=\"Stasera il concerto di Geg\u00e8 Telesforo per Novavita - Archivio CassanoWeb\" \/>\n<meta property=\"og:url\" content=\"https:\/\/archiviocassano.lavocedelpaese.info\/index.php\/2012\/12\/14\/roberto-angiulo-qcon-gege-telesforo-ricordiamo-maria-grazia-a-aiutiamo-novavitaq\/\" \/>\n<meta property=\"og:site_name\" content=\"Archivio CassanoWeb\" \/>\n<meta property=\"article:publisher\" content=\"https:\/\/www.facebook.com\/redazione.cassanoweb\" \/>\n<meta property=\"article:published_time\" content=\"2012-12-14T07:38:07+00:00\" \/>\n<meta property=\"og:image\" content=\"https:\/\/archiviocassano.lavocedelpaese.info\/wp-content\/uploads\/2012\/12\/concerto_angiulo.jpg\" \/>\n\t<meta property=\"og:image:width\" content=\"640\" \/>\n\t<meta property=\"og:image:height\" content=\"300\" \/>\n\t<meta property=\"og:image:type\" content=\"image\/jpeg\" \/>\n<meta name=\"author\" content=\"admin\" \/>\n<meta name=\"twitter:card\" content=\"summary_large_image\" \/>\n<meta name=\"twitter:label1\" content=\"Scritto da\" \/>\n\t<meta name=\"twitter:data1\" content=\"admin\" \/>\n\t<meta name=\"twitter:label2\" content=\"Tempo di lettura stimato\" \/>\n\t<meta name=\"twitter:data2\" content=\"3 minuti\" \/>\n<script type=\"application\/ld+json\" class=\"yoast-schema-graph\">{\"@context\":\"https:\\\/\\\/schema.org\",\"@graph\":[{\"@type\":\"Article\",\"@id\":\"https:\\\/\\\/archiviocassano.lavocedelpaese.info\\\/index.php\\\/2012\\\/12\\\/14\\\/roberto-angiulo-qcon-gege-telesforo-ricordiamo-maria-grazia-a-aiutiamo-novavitaq\\\/#article\",\"isPartOf\":{\"@id\":\"https:\\\/\\\/archiviocassano.lavocedelpaese.info\\\/index.php\\\/2012\\\/12\\\/14\\\/roberto-angiulo-qcon-gege-telesforo-ricordiamo-maria-grazia-a-aiutiamo-novavitaq\\\/\"},\"author\":{\"name\":\"admin\",\"@id\":\"https:\\\/\\\/archiviocassano.lavocedelpaese.info\\\/#\\\/schema\\\/person\\\/df195bc79a9b4c35127cf005f92e041b\"},\"headline\":\"Stasera il concerto di Geg\u00e8 Telesforo per Novavita\",\"datePublished\":\"2012-12-14T07:38:07+00:00\",\"mainEntityOfPage\":{\"@id\":\"https:\\\/\\\/archiviocassano.lavocedelpaese.info\\\/index.php\\\/2012\\\/12\\\/14\\\/roberto-angiulo-qcon-gege-telesforo-ricordiamo-maria-grazia-a-aiutiamo-novavitaq\\\/\"},\"wordCount\":536,\"commentCount\":0,\"publisher\":{\"@id\":\"https:\\\/\\\/archiviocassano.lavocedelpaese.info\\\/#organization\"},\"image\":{\"@id\":\"https:\\\/\\\/archiviocassano.lavocedelpaese.info\\\/index.php\\\/2012\\\/12\\\/14\\\/roberto-angiulo-qcon-gege-telesforo-ricordiamo-maria-grazia-a-aiutiamo-novavitaq\\\/#primaryimage\"},\"thumbnailUrl\":\"https:\\\/\\\/archiviocassano.lavocedelpaese.info\\\/wp-content\\\/uploads\\\/2012\\\/12\\\/concerto_angiulo.jpg\",\"articleSection\":[\"Appuntamenti\"],\"inLanguage\":\"it-IT\",\"potentialAction\":[{\"@type\":\"CommentAction\",\"name\":\"Comment\",\"target\":[\"https:\\\/\\\/archiviocassano.lavocedelpaese.info\\\/index.php\\\/2012\\\/12\\\/14\\\/roberto-angiulo-qcon-gege-telesforo-ricordiamo-maria-grazia-a-aiutiamo-novavitaq\\\/#respond\"]}]},{\"@type\":\"WebPage\",\"@id\":\"https:\\\/\\\/archiviocassano.lavocedelpaese.info\\\/index.php\\\/2012\\\/12\\\/14\\\/roberto-angiulo-qcon-gege-telesforo-ricordiamo-maria-grazia-a-aiutiamo-novavitaq\\\/\",\"url\":\"https:\\\/\\\/archiviocassano.lavocedelpaese.info\\\/index.php\\\/2012\\\/12\\\/14\\\/roberto-angiulo-qcon-gege-telesforo-ricordiamo-maria-grazia-a-aiutiamo-novavitaq\\\/\",\"name\":\"Stasera il concerto di Geg\u00e8 Telesforo per Novavita - Archivio CassanoWeb\",\"isPartOf\":{\"@id\":\"https:\\\/\\\/archiviocassano.lavocedelpaese.info\\\/#website\"},\"primaryImageOfPage\":{\"@id\":\"https:\\\/\\\/archiviocassano.lavocedelpaese.info\\\/index.php\\\/2012\\\/12\\\/14\\\/roberto-angiulo-qcon-gege-telesforo-ricordiamo-maria-grazia-a-aiutiamo-novavitaq\\\/#primaryimage\"},\"image\":{\"@id\":\"https:\\\/\\\/archiviocassano.lavocedelpaese.info\\\/index.php\\\/2012\\\/12\\\/14\\\/roberto-angiulo-qcon-gege-telesforo-ricordiamo-maria-grazia-a-aiutiamo-novavitaq\\\/#primaryimage\"},\"thumbnailUrl\":\"https:\\\/\\\/archiviocassano.lavocedelpaese.info\\\/wp-content\\\/uploads\\\/2012\\\/12\\\/concerto_angiulo.jpg\",\"datePublished\":\"2012-12-14T07:38:07+00:00\",\"breadcrumb\":{\"@id\":\"https:\\\/\\\/archiviocassano.lavocedelpaese.info\\\/index.php\\\/2012\\\/12\\\/14\\\/roberto-angiulo-qcon-gege-telesforo-ricordiamo-maria-grazia-a-aiutiamo-novavitaq\\\/#breadcrumb\"},\"inLanguage\":\"it-IT\",\"potentialAction\":[{\"@type\":\"ReadAction\",\"target\":[\"https:\\\/\\\/archiviocassano.lavocedelpaese.info\\\/index.php\\\/2012\\\/12\\\/14\\\/roberto-angiulo-qcon-gege-telesforo-ricordiamo-maria-grazia-a-aiutiamo-novavitaq\\\/\"]}]},{\"@type\":\"ImageObject\",\"inLanguage\":\"it-IT\",\"@id\":\"https:\\\/\\\/archiviocassano.lavocedelpaese.info\\\/index.php\\\/2012\\\/12\\\/14\\\/roberto-angiulo-qcon-gege-telesforo-ricordiamo-maria-grazia-a-aiutiamo-novavitaq\\\/#primaryimage\",\"url\":\"https:\\\/\\\/archiviocassano.lavocedelpaese.info\\\/wp-content\\\/uploads\\\/2012\\\/12\\\/concerto_angiulo.jpg\",\"contentUrl\":\"https:\\\/\\\/archiviocassano.lavocedelpaese.info\\\/wp-content\\\/uploads\\\/2012\\\/12\\\/concerto_angiulo.jpg\",\"width\":640,\"height\":300,\"caption\":\"concerto angiulo\"},{\"@type\":\"BreadcrumbList\",\"@id\":\"https:\\\/\\\/archiviocassano.lavocedelpaese.info\\\/index.php\\\/2012\\\/12\\\/14\\\/roberto-angiulo-qcon-gege-telesforo-ricordiamo-maria-grazia-a-aiutiamo-novavitaq\\\/#breadcrumb\",\"itemListElement\":[{\"@type\":\"ListItem\",\"position\":1,\"name\":\"Home\",\"item\":\"https:\\\/\\\/archiviocassano.lavocedelpaese.info\\\/\"},{\"@type\":\"ListItem\",\"position\":2,\"name\":\"Stasera il concerto di Geg\u00e8 Telesforo per Novavita\"}]},{\"@type\":\"WebSite\",\"@id\":\"https:\\\/\\\/archiviocassano.lavocedelpaese.info\\\/#website\",\"url\":\"https:\\\/\\\/archiviocassano.lavocedelpaese.info\\\/\",\"name\":\"Archivio CassanoWeb\",\"description\":\"La Voce del Paese - un network di idee\",\"publisher\":{\"@id\":\"https:\\\/\\\/archiviocassano.lavocedelpaese.info\\\/#organization\"},\"potentialAction\":[{\"@type\":\"SearchAction\",\"target\":{\"@type\":\"EntryPoint\",\"urlTemplate\":\"https:\\\/\\\/archiviocassano.lavocedelpaese.info\\\/?s={search_term_string}\"},\"query-input\":{\"@type\":\"PropertyValueSpecification\",\"valueRequired\":true,\"valueName\":\"search_term_string\"}}],\"inLanguage\":\"it-IT\"},{\"@type\":\"Organization\",\"@id\":\"https:\\\/\\\/archiviocassano.lavocedelpaese.info\\\/#organization\",\"name\":\"Archivio CassanoWeb\",\"url\":\"https:\\\/\\\/archiviocassano.lavocedelpaese.info\\\/\",\"logo\":{\"@type\":\"ImageObject\",\"inLanguage\":\"it-IT\",\"@id\":\"https:\\\/\\\/archiviocassano.lavocedelpaese.info\\\/#\\\/schema\\\/logo\\\/image\\\/\",\"url\":\"https:\\\/\\\/archiviocassano.lavocedelpaese.info\\\/wp-content\\\/uploads\\\/2024\\\/08\\\/logo-rosso-2.png\",\"contentUrl\":\"https:\\\/\\\/archiviocassano.lavocedelpaese.info\\\/wp-content\\\/uploads\\\/2024\\\/08\\\/logo-rosso-2.png\",\"width\":491,\"height\":432,\"caption\":\"Archivio CassanoWeb\"},\"image\":{\"@id\":\"https:\\\/\\\/archiviocassano.lavocedelpaese.info\\\/#\\\/schema\\\/logo\\\/image\\\/\"},\"sameAs\":[\"https:\\\/\\\/www.facebook.com\\\/redazione.cassanoweb\"]},{\"@type\":\"Person\",\"@id\":\"https:\\\/\\\/archiviocassano.lavocedelpaese.info\\\/#\\\/schema\\\/person\\\/df195bc79a9b4c35127cf005f92e041b\",\"name\":\"admin\",\"image\":{\"@type\":\"ImageObject\",\"inLanguage\":\"it-IT\",\"@id\":\"https:\\\/\\\/secure.gravatar.com\\\/avatar\\\/eabba89a432e8eaa1b0207cc55f7e5340b22712b1ed80677efcf63e02ff5b235?s=96&d=mm&r=g\",\"url\":\"https:\\\/\\\/secure.gravatar.com\\\/avatar\\\/eabba89a432e8eaa1b0207cc55f7e5340b22712b1ed80677efcf63e02ff5b235?s=96&d=mm&r=g\",\"contentUrl\":\"https:\\\/\\\/secure.gravatar.com\\\/avatar\\\/eabba89a432e8eaa1b0207cc55f7e5340b22712b1ed80677efcf63e02ff5b235?s=96&d=mm&r=g\",\"caption\":\"admin\"},\"sameAs\":[\"https:\\\/\\\/archiviocassano.lavocedelpaese.info\"],\"url\":\"https:\\\/\\\/archiviocassano.lavocedelpaese.info\\\/index.php\\\/author\\\/admin_0qgz1xdp\\\/\"}]}<\/script>\n<!-- \/ Yoast SEO plugin. -->","yoast_head_json":{"title":"Stasera il concerto di Geg\u00e8 Telesforo per Novavita - Archivio CassanoWeb","robots":{"index":"index","follow":"follow","max-snippet":"max-snippet:-1","max-image-preview":"max-image-preview:large","max-video-preview":"max-video-preview:-1"},"canonical":"https:\/\/archiviocassano.lavocedelpaese.info\/index.php\/2012\/12\/14\/roberto-angiulo-qcon-gege-telesforo-ricordiamo-maria-grazia-a-aiutiamo-novavitaq\/","og_locale":"it_IT","og_type":"article","og_title":"Stasera il concerto di Geg\u00e8 Telesforo per Novavita - Archivio CassanoWeb","og_url":"https:\/\/archiviocassano.lavocedelpaese.info\/index.php\/2012\/12\/14\/roberto-angiulo-qcon-gege-telesforo-ricordiamo-maria-grazia-a-aiutiamo-novavitaq\/","og_site_name":"Archivio CassanoWeb","article_publisher":"https:\/\/www.facebook.com\/redazione.cassanoweb","article_published_time":"2012-12-14T07:38:07+00:00","og_image":[{"width":640,"height":300,"url":"https:\/\/archiviocassano.lavocedelpaese.info\/wp-content\/uploads\/2012\/12\/concerto_angiulo.jpg","type":"image\/jpeg"}],"author":"admin","twitter_card":"summary_large_image","twitter_misc":{"Scritto da":"admin","Tempo di lettura stimato":"3 minuti"},"schema":{"@context":"https:\/\/schema.org","@graph":[{"@type":"Article","@id":"https:\/\/archiviocassano.lavocedelpaese.info\/index.php\/2012\/12\/14\/roberto-angiulo-qcon-gege-telesforo-ricordiamo-maria-grazia-a-aiutiamo-novavitaq\/#article","isPartOf":{"@id":"https:\/\/archiviocassano.lavocedelpaese.info\/index.php\/2012\/12\/14\/roberto-angiulo-qcon-gege-telesforo-ricordiamo-maria-grazia-a-aiutiamo-novavitaq\/"},"author":{"name":"admin","@id":"https:\/\/archiviocassano.lavocedelpaese.info\/#\/schema\/person\/df195bc79a9b4c35127cf005f92e041b"},"headline":"Stasera il concerto di Geg\u00e8 Telesforo per Novavita","datePublished":"2012-12-14T07:38:07+00:00","mainEntityOfPage":{"@id":"https:\/\/archiviocassano.lavocedelpaese.info\/index.php\/2012\/12\/14\/roberto-angiulo-qcon-gege-telesforo-ricordiamo-maria-grazia-a-aiutiamo-novavitaq\/"},"wordCount":536,"commentCount":0,"publisher":{"@id":"https:\/\/archiviocassano.lavocedelpaese.info\/#organization"},"image":{"@id":"https:\/\/archiviocassano.lavocedelpaese.info\/index.php\/2012\/12\/14\/roberto-angiulo-qcon-gege-telesforo-ricordiamo-maria-grazia-a-aiutiamo-novavitaq\/#primaryimage"},"thumbnailUrl":"https:\/\/archiviocassano.lavocedelpaese.info\/wp-content\/uploads\/2012\/12\/concerto_angiulo.jpg","articleSection":["Appuntamenti"],"inLanguage":"it-IT","potentialAction":[{"@type":"CommentAction","name":"Comment","target":["https:\/\/archiviocassano.lavocedelpaese.info\/index.php\/2012\/12\/14\/roberto-angiulo-qcon-gege-telesforo-ricordiamo-maria-grazia-a-aiutiamo-novavitaq\/#respond"]}]},{"@type":"WebPage","@id":"https:\/\/archiviocassano.lavocedelpaese.info\/index.php\/2012\/12\/14\/roberto-angiulo-qcon-gege-telesforo-ricordiamo-maria-grazia-a-aiutiamo-novavitaq\/","url":"https:\/\/archiviocassano.lavocedelpaese.info\/index.php\/2012\/12\/14\/roberto-angiulo-qcon-gege-telesforo-ricordiamo-maria-grazia-a-aiutiamo-novavitaq\/","name":"Stasera il concerto di Geg\u00e8 Telesforo per Novavita - Archivio CassanoWeb","isPartOf":{"@id":"https:\/\/archiviocassano.lavocedelpaese.info\/#website"},"primaryImageOfPage":{"@id":"https:\/\/archiviocassano.lavocedelpaese.info\/index.php\/2012\/12\/14\/roberto-angiulo-qcon-gege-telesforo-ricordiamo-maria-grazia-a-aiutiamo-novavitaq\/#primaryimage"},"image":{"@id":"https:\/\/archiviocassano.lavocedelpaese.info\/index.php\/2012\/12\/14\/roberto-angiulo-qcon-gege-telesforo-ricordiamo-maria-grazia-a-aiutiamo-novavitaq\/#primaryimage"},"thumbnailUrl":"https:\/\/archiviocassano.lavocedelpaese.info\/wp-content\/uploads\/2012\/12\/concerto_angiulo.jpg","datePublished":"2012-12-14T07:38:07+00:00","breadcrumb":{"@id":"https:\/\/archiviocassano.lavocedelpaese.info\/index.php\/2012\/12\/14\/roberto-angiulo-qcon-gege-telesforo-ricordiamo-maria-grazia-a-aiutiamo-novavitaq\/#breadcrumb"},"inLanguage":"it-IT","potentialAction":[{"@type":"ReadAction","target":["https:\/\/archiviocassano.lavocedelpaese.info\/index.php\/2012\/12\/14\/roberto-angiulo-qcon-gege-telesforo-ricordiamo-maria-grazia-a-aiutiamo-novavitaq\/"]}]},{"@type":"ImageObject","inLanguage":"it-IT","@id":"https:\/\/archiviocassano.lavocedelpaese.info\/index.php\/2012\/12\/14\/roberto-angiulo-qcon-gege-telesforo-ricordiamo-maria-grazia-a-aiutiamo-novavitaq\/#primaryimage","url":"https:\/\/archiviocassano.lavocedelpaese.info\/wp-content\/uploads\/2012\/12\/concerto_angiulo.jpg","contentUrl":"https:\/\/archiviocassano.lavocedelpaese.info\/wp-content\/uploads\/2012\/12\/concerto_angiulo.jpg","width":640,"height":300,"caption":"concerto angiulo"},{"@type":"BreadcrumbList","@id":"https:\/\/archiviocassano.lavocedelpaese.info\/index.php\/2012\/12\/14\/roberto-angiulo-qcon-gege-telesforo-ricordiamo-maria-grazia-a-aiutiamo-novavitaq\/#breadcrumb","itemListElement":[{"@type":"ListItem","position":1,"name":"Home","item":"https:\/\/archiviocassano.lavocedelpaese.info\/"},{"@type":"ListItem","position":2,"name":"Stasera il concerto di Geg\u00e8 Telesforo per Novavita"}]},{"@type":"WebSite","@id":"https:\/\/archiviocassano.lavocedelpaese.info\/#website","url":"https:\/\/archiviocassano.lavocedelpaese.info\/","name":"Archivio CassanoWeb","description":"La Voce del Paese - un network di idee","publisher":{"@id":"https:\/\/archiviocassano.lavocedelpaese.info\/#organization"},"potentialAction":[{"@type":"SearchAction","target":{"@type":"EntryPoint","urlTemplate":"https:\/\/archiviocassano.lavocedelpaese.info\/?s={search_term_string}"},"query-input":{"@type":"PropertyValueSpecification","valueRequired":true,"valueName":"search_term_string"}}],"inLanguage":"it-IT"},{"@type":"Organization","@id":"https:\/\/archiviocassano.lavocedelpaese.info\/#organization","name":"Archivio CassanoWeb","url":"https:\/\/archiviocassano.lavocedelpaese.info\/","logo":{"@type":"ImageObject","inLanguage":"it-IT","@id":"https:\/\/archiviocassano.lavocedelpaese.info\/#\/schema\/logo\/image\/","url":"https:\/\/archiviocassano.lavocedelpaese.info\/wp-content\/uploads\/2024\/08\/logo-rosso-2.png","contentUrl":"https:\/\/archiviocassano.lavocedelpaese.info\/wp-content\/uploads\/2024\/08\/logo-rosso-2.png","width":491,"height":432,"caption":"Archivio CassanoWeb"},"image":{"@id":"https:\/\/archiviocassano.lavocedelpaese.info\/#\/schema\/logo\/image\/"},"sameAs":["https:\/\/www.facebook.com\/redazione.cassanoweb"]},{"@type":"Person","@id":"https:\/\/archiviocassano.lavocedelpaese.info\/#\/schema\/person\/df195bc79a9b4c35127cf005f92e041b","name":"admin","image":{"@type":"ImageObject","inLanguage":"it-IT","@id":"https:\/\/secure.gravatar.com\/avatar\/eabba89a432e8eaa1b0207cc55f7e5340b22712b1ed80677efcf63e02ff5b235?s=96&d=mm&r=g","url":"https:\/\/secure.gravatar.com\/avatar\/eabba89a432e8eaa1b0207cc55f7e5340b22712b1ed80677efcf63e02ff5b235?s=96&d=mm&r=g","contentUrl":"https:\/\/secure.gravatar.com\/avatar\/eabba89a432e8eaa1b0207cc55f7e5340b22712b1ed80677efcf63e02ff5b235?s=96&d=mm&r=g","caption":"admin"},"sameAs":["https:\/\/archiviocassano.lavocedelpaese.info"],"url":"https:\/\/archiviocassano.lavocedelpaese.info\/index.php\/author\/admin_0qgz1xdp\/"}]}},"_links":{"self":[{"href":"https:\/\/archiviocassano.lavocedelpaese.info\/index.php\/wp-json\/wp\/v2\/posts\/6894","targetHints":{"allow":["GET"]}}],"collection":[{"href":"https:\/\/archiviocassano.lavocedelpaese.info\/index.php\/wp-json\/wp\/v2\/posts"}],"about":[{"href":"https:\/\/archiviocassano.lavocedelpaese.info\/index.php\/wp-json\/wp\/v2\/types\/post"}],"author":[{"embeddable":true,"href":"https:\/\/archiviocassano.lavocedelpaese.info\/index.php\/wp-json\/wp\/v2\/users\/1"}],"replies":[{"embeddable":true,"href":"https:\/\/archiviocassano.lavocedelpaese.info\/index.php\/wp-json\/wp\/v2\/comments?post=6894"}],"version-history":[{"count":0,"href":"https:\/\/archiviocassano.lavocedelpaese.info\/index.php\/wp-json\/wp\/v2\/posts\/6894\/revisions"}],"wp:featuredmedia":[{"embeddable":true,"href":"https:\/\/archiviocassano.lavocedelpaese.info\/index.php\/wp-json\/wp\/v2\/media\/6893"}],"wp:attachment":[{"href":"https:\/\/archiviocassano.lavocedelpaese.info\/index.php\/wp-json\/wp\/v2\/media?parent=6894"}],"wp:term":[{"taxonomy":"category","embeddable":true,"href":"https:\/\/archiviocassano.lavocedelpaese.info\/index.php\/wp-json\/wp\/v2\/categories?post=6894"},{"taxonomy":"post_tag","embeddable":true,"href":"https:\/\/archiviocassano.lavocedelpaese.info\/index.php\/wp-json\/wp\/v2\/tags?post=6894"}],"curies":[{"name":"wp","href":"https:\/\/api.w.org\/{rel}","templated":true}]}}