{"id":7000,"date":"2012-12-30T09:39:28","date_gmt":"2012-12-30T09:39:28","guid":{"rendered":"https:\/\/archiviocassano.lavocedelpaese.info\/index.php\/2012\/12\/30\/ginefra-giusy-servodio-lo-sconosciuto-de-nicolo-per-il-pd-e-introna-per-sel-su-questi-nomi-si-orienta-il-centrosinistra-cassanese-alle-parlamentarie\/"},"modified":"2012-12-30T09:39:28","modified_gmt":"2012-12-30T09:39:28","slug":"ginefra-giusy-servodio-lo-sconosciuto-de-nicolo-per-il-pd-e-introna-per-sel-su-questi-nomi-si-orienta-il-centrosinistra-cassanese-alle-parlamentarie","status":"publish","type":"post","link":"https:\/\/archiviocassano.lavocedelpaese.info\/index.php\/2012\/12\/30\/ginefra-giusy-servodio-lo-sconosciuto-de-nicolo-per-il-pd-e-introna-per-sel-su-questi-nomi-si-orienta-il-centrosinistra-cassanese-alle-parlamentarie\/","title":{"rendered":"Parlamentarie: come si orienteranno i partiti cassanesi?"},"content":{"rendered":"<p><img loading=\"lazy\" decoding=\"async\" class=\" size-full wp-image-6996\" style=\"margin-right: 2px; margin-left: 2px;\" alt=\"parlamentarie-pdsel\" src=\"https:\/\/archiviocassano.lavocedelpaese.info\/wp-content\/uploads\/2012\/12\/parlamentarie-pdsel.jpg\" height=\"150\" width=\"320\" \/><\/p>\n<p><!--more--><\/p>\n<p style=\"text-align: justify;\">Come si muoveranno i partiti cassanesi di centrosinistra <strong><a target=\"_blank\" href=\"politica\/23207-qparlamentarieq-coentrosinistra-domani-si-vota-a-cassan.html\" rel=\"noopener\">alle Parlamentarie di domenica 30 dicembre?<\/a><\/strong> Su quali nomi punteranno?<\/p>\n<p style=\"text-align: justify;\">Ovviamente indicazioni di voto non ve ne sono ma dai colloqui informali e dalle discussioni, in casa PD i nomi pi\u00f9 gettonati sono quelli di Vito Antonacci, Dario Ginefra, Giusy Servodio, Gero Grassi e dello sconosciuto Pietro De Nicolo.<\/p>\n<p style=\"text-align: justify;\">SEL, invece, sembra puntare compatto sul Onofrio Introna.<\/p>\n<p><img loading=\"lazy\" decoding=\"async\" class=\" size-full wp-image-6997\" style=\"margin-right: auto; margin-left: auto; display: block;\" alt=\"Vito Antonacci\" src=\"https:\/\/archiviocassano.lavocedelpaese.info\/wp-content\/uploads\/2012\/12\/Vito_Antonacci.jpg\" height=\"167\" width=\"250\" srcset=\"https:\/\/archiviocassano.lavocedelpaese.info\/wp-content\/uploads\/2012\/12\/Vito_Antonacci.jpg 720w, https:\/\/archiviocassano.lavocedelpaese.info\/wp-content\/uploads\/2012\/12\/Vito_Antonacci-300x201.jpg 300w\" sizes=\"auto, (max-width: 250px) 100vw, 250px\" \/><\/p>\n<p style=\"text-align: justify;\">L\u2019area che ruota attorno al capogruppo consiliare Rico Arganese sembra attestarsi attorno ai primi due nomi: <b>Vito Antonacci <em>(foto sopra) <\/em><\/b> avvocato 38enne,<b> <\/b>bersaniano,<b> <\/b>\u00e8 l\u2019attuale segretario del Pd provinciale, eletto nel giugno 2010 quando \u00e8 succeduto a Ginefra; sindaco di Adelfia dal maggio 2011, eletto con una maggioranza di centrosinistra, gi\u00e0 consigliere alla Provincia di Bari per due mandati, all\u2019ultima elezione (2009) \u00e8 risultato il consigliere provinciale pi\u00f9 suffragato d\u2019Italia tra quelli del PD.<\/p>\n<p style=\"text-align: justify;\">Altro nome su cui stanno convergendo in parecchi \u00e8 quello di <b>Dario Ginefra<\/b> <em>(foto sotto)<\/em>, parlamentare uscente, gi\u00e0 segretario del Pd provinciale di Bari. Avvocato, 45 anni, Ginefra \u00e8 stato membro della VII (Cultura, Scienza e Istruzione) e IX (Trasporti e Telecomunicazioni) Commissione Parlamentare. Secondo il sito specializzato OpenPolis che misura la produttivit\u00e0 dei parlamentari italiani, Ginefra ha come Indice 135,5 che lo posiziona al 387\u00b0 posto su 630 deputati, con un alto tasso di presenza in aula (95,05%). In Parlamento \u00e8 stato primo firmatario di un Disegno di Legge che limita a 3 i mandati di un parlamentare ed \u00e8 stato co-firmatario di altri 99 disegni di legge che spaziano dall\u2019abbattimento delle barriere architettoniche alla realizzazione di zona di protezione ecologica nell\u2019Adriatico alla promozione di circhi senza animali.<\/p>\n<p style=\"text-align: center;\"><img loading=\"lazy\" decoding=\"async\" class=\" size-full wp-image-6998\" style=\"margin-right: 2px; margin-left: 2px;\" alt=\"Dario Ginefra\" src=\"https:\/\/archiviocassano.lavocedelpaese.info\/wp-content\/uploads\/2012\/12\/Dario_Ginefra.jpg\" height=\"228\" width=\"165\" \/><\/p>\n<p style=\"text-align: justify;\">Numerose le frequentazioni di Ginefra su Cassano, amico dell\u2019ex segretario del Pd cassanese, Rino Palumbo: <a target=\"_blank\" href=\"http:\/\/www.youtube.com\/watch?v=Bn7qMRK-CHc\" rel=\"noopener\">fu tra i politici intervenuti alla inaugurazione del Comitato elettorale del PD nell\u2019aprile 2009.<\/a><\/p>\n<p style=\"text-align: justify;\">Politica di lungo corso, invece, <b>Giusy Servodio<\/b>: classe 1950, barese, da sempre in politica prima con la Democrazia Cristiana, poi con il Partito Popolare Italiano quindi con l\u2019Ulivo e, dopo la Margherita, con il PD di cui \u00e8 parlamentare uscente. Se fosse eletta, sarebbe il suo quinto mandato parlamentare avendo \u201cesordito\u201d alla Camera dei Deputati nel 1994. Molto amica del segretario reggente del Pd cassanese, Nicola Surico, alle ultime primarie ha sostenuto Matteo Renzi nella sfida, poi persa, con Pierluigi Bersani alla leadership del centrosinistra.<\/p>\n<p style=\"text-align: justify;\">Area \u201cex Margherita\u201d \u00e8 anche <b>Gero Grassi<\/b> che a Cassano conta su nomi importanti della politica locale: Armando Giorgio su tutti. Grassi, parlamentare uscente, ha rinunciato ad avere un posto nel \u201clistino\u201d nazionale, misurandosi con la volont\u00e0 degli elettori di confermarlo o meno a Roma; 54enne, di Terlizzi (citt\u00e0 di cui \u00e8 stato sindaco negli anni \u201990), Grassi \u00e8 stato per lungo tempo impegnato nella politica regionale: segretario Provinciale del PPI di Bari, poi Segretario Provinciale della Margherita e infine Segretario Regionale per la Puglia della Margherita (1996-2006). Nel 2004 &#8211; 2005 in qualit\u00e0 di esterno al Consiglio Comunale, \u00e8 stato Assessore prima nel Comune di Gravina e poi a Terlizzi. Eletto Deputato nel 2006, si \u00e8 occupato in particolare di Sanit\u00e0, \u00e8 al suo secondo mandato.<\/p>\n<p style=\"text-align: justify;\">Un nome nuovo, a fronte dei precedenti, sembra essere quello di <b>Pietro De Nicolo<\/b> <em>(foto sotto)<\/em>, avvocato di Molfetta di cui si conosce poco o nulla: per qualcuno \u00e8 un emerito sconosciuto ma lo \u00e8 di meno colui che sembra essere il suo \u201cgrande elettore\u201d, il senatore Alberto Tedesco, uno dei protagonisti della Sanitopoli pugliese, al centro di numerosi inchieste della magistratura e imputato in un paio di processi. Sarebbe stato lo stesso Tedesco a contattare settori del PD cassanese che si riconoscono nel ramo \u201csocialista\u201d del partito, quello, per intenderci, che fa capo alla consigliera comunale Mimma Busto. Di De Nicolo si conoscono solo alcuni incarichi legali svolti presso la Regione Puglia all\u2019epoca della Giunta Fitto ma nulla di pi\u00f9.<\/p>\n<p style=\"text-align: center;\"><img loading=\"lazy\" decoding=\"async\" class=\" size-full wp-image-6999\" style=\"margin-right: 2px; margin-left: 2px;\" alt=\"Pietro De Nicolo\" src=\"https:\/\/archiviocassano.lavocedelpaese.info\/wp-content\/uploads\/2012\/12\/Pietro_De_Nicolo.jpg\" height=\"235\" width=\"200\" srcset=\"https:\/\/archiviocassano.lavocedelpaese.info\/wp-content\/uploads\/2012\/12\/Pietro_De_Nicolo.jpg 340w, https:\/\/archiviocassano.lavocedelpaese.info\/wp-content\/uploads\/2012\/12\/Pietro_De_Nicolo-255x300.jpg 255w\" sizes=\"auto, (max-width: 200px) 100vw, 200px\" \/><\/p>\n<p style=\"text-align: justify;\">Nell\u2019area del Pd, poi, sembra vadano a pescare alcuni sostenitori cassanesi dell\u2019assessore regionale all\u2019Agricoltura <b>Dario Stef\u00e0no<\/b> che pur essendo vicino al partito di Bersani (\u00e8 stato Presidente del Pd della provincia di Lecce) ha deciso di candidarsi con Vendola in Sinistra Ecologia Libert\u00e0: una mossa preveggente, forse, vista l\u2019esclusione dell\u2019altro assessore, Fabiano Amati a cui il patito ha negato la \u201cderoga\u201d.<\/p>\n<p style=\"text-align: justify;\">Sulla carta \u2013 stano alle ultime \u201cprimarie\u201d \u2013 <strong>il Pd cassanese ha poco meno di 250 voti:<\/strong> vedremo come si distribuiranno sui nomi elencati ma anche su qualche \u201coutsider\u201d.<\/p>\n<p style=\"text-align: justify;\">Pi\u00f9 monolitica <strong>la scelta di SEL<\/strong>: da sempre il coordinatore cittadino Davide Del Re sostiene Onofrio Introna, sia per convinzione personale che per tradizione familiare. E pare che anche altri settori di Sel, pure non particolarmente vicini a Del Re, sosterranno il Presidente del Consiglio della Puglia.<\/p>\n<p style=\"text-align: justify;\">Alle ultime \u201cprimarie\u201d, per il candidato di SEL, Nichi Vendola, votarono 364 cassanesi,<strong> facendone il primo partito del centrosinistra locale.<\/strong><\/p>\n<p>&nbsp;<\/p>\n","protected":false},"excerpt":{"rendered":"","protected":false},"author":1,"featured_media":6996,"comment_status":"open","ping_status":"closed","sticky":false,"template":"","format":"standard","meta":{"colormag_page_container_layout":"default_layout","colormag_page_sidebar_layout":"default_layout","footnotes":""},"categories":[4],"tags":[],"class_list":["post-7000","post","type-post","status-publish","format-standard","has-post-thumbnail","hentry","category-politica"],"yoast_head":"<!-- This site is optimized with the Yoast SEO plugin v27.5 - https:\/\/yoast.com\/product\/yoast-seo-wordpress\/ -->\n<title>Parlamentarie: come si orienteranno i partiti cassanesi? - Archivio CassanoWeb<\/title>\n<meta name=\"robots\" content=\"index, follow, max-snippet:-1, max-image-preview:large, max-video-preview:-1\" \/>\n<link rel=\"canonical\" href=\"https:\/\/archiviocassano.lavocedelpaese.info\/index.php\/2012\/12\/30\/ginefra-giusy-servodio-lo-sconosciuto-de-nicolo-per-il-pd-e-introna-per-sel-su-questi-nomi-si-orienta-il-centrosinistra-cassanese-alle-parlamentarie\/\" \/>\n<meta property=\"og:locale\" content=\"it_IT\" \/>\n<meta property=\"og:type\" content=\"article\" \/>\n<meta property=\"og:title\" content=\"Parlamentarie: come si orienteranno i partiti cassanesi? - Archivio CassanoWeb\" \/>\n<meta property=\"og:url\" content=\"https:\/\/archiviocassano.lavocedelpaese.info\/index.php\/2012\/12\/30\/ginefra-giusy-servodio-lo-sconosciuto-de-nicolo-per-il-pd-e-introna-per-sel-su-questi-nomi-si-orienta-il-centrosinistra-cassanese-alle-parlamentarie\/\" \/>\n<meta property=\"og:site_name\" content=\"Archivio CassanoWeb\" \/>\n<meta property=\"article:publisher\" content=\"https:\/\/www.facebook.com\/redazione.cassanoweb\" \/>\n<meta property=\"article:published_time\" content=\"2012-12-30T09:39:28+00:00\" \/>\n<meta property=\"og:image\" content=\"https:\/\/archiviocassano.lavocedelpaese.info\/wp-content\/uploads\/2012\/12\/parlamentarie-pdsel.jpg\" \/>\n\t<meta property=\"og:image:width\" content=\"480\" \/>\n\t<meta property=\"og:image:height\" content=\"270\" \/>\n\t<meta property=\"og:image:type\" content=\"image\/jpeg\" \/>\n<meta name=\"author\" content=\"admin\" \/>\n<meta name=\"twitter:card\" content=\"summary_large_image\" \/>\n<meta name=\"twitter:label1\" content=\"Scritto da\" \/>\n\t<meta name=\"twitter:data1\" content=\"admin\" \/>\n\t<meta name=\"twitter:label2\" content=\"Tempo di lettura stimato\" \/>\n\t<meta name=\"twitter:data2\" content=\"4 minuti\" \/>\n<script type=\"application\/ld+json\" class=\"yoast-schema-graph\">{\"@context\":\"https:\\\/\\\/schema.org\",\"@graph\":[{\"@type\":\"Article\",\"@id\":\"https:\\\/\\\/archiviocassano.lavocedelpaese.info\\\/index.php\\\/2012\\\/12\\\/30\\\/ginefra-giusy-servodio-lo-sconosciuto-de-nicolo-per-il-pd-e-introna-per-sel-su-questi-nomi-si-orienta-il-centrosinistra-cassanese-alle-parlamentarie\\\/#article\",\"isPartOf\":{\"@id\":\"https:\\\/\\\/archiviocassano.lavocedelpaese.info\\\/index.php\\\/2012\\\/12\\\/30\\\/ginefra-giusy-servodio-lo-sconosciuto-de-nicolo-per-il-pd-e-introna-per-sel-su-questi-nomi-si-orienta-il-centrosinistra-cassanese-alle-parlamentarie\\\/\"},\"author\":{\"name\":\"admin\",\"@id\":\"https:\\\/\\\/archiviocassano.lavocedelpaese.info\\\/#\\\/schema\\\/person\\\/df195bc79a9b4c35127cf005f92e041b\"},\"headline\":\"Parlamentarie: come si orienteranno i partiti cassanesi?\",\"datePublished\":\"2012-12-30T09:39:28+00:00\",\"mainEntityOfPage\":{\"@id\":\"https:\\\/\\\/archiviocassano.lavocedelpaese.info\\\/index.php\\\/2012\\\/12\\\/30\\\/ginefra-giusy-servodio-lo-sconosciuto-de-nicolo-per-il-pd-e-introna-per-sel-su-questi-nomi-si-orienta-il-centrosinistra-cassanese-alle-parlamentarie\\\/\"},\"wordCount\":772,\"commentCount\":0,\"publisher\":{\"@id\":\"https:\\\/\\\/archiviocassano.lavocedelpaese.info\\\/#organization\"},\"image\":{\"@id\":\"https:\\\/\\\/archiviocassano.lavocedelpaese.info\\\/index.php\\\/2012\\\/12\\\/30\\\/ginefra-giusy-servodio-lo-sconosciuto-de-nicolo-per-il-pd-e-introna-per-sel-su-questi-nomi-si-orienta-il-centrosinistra-cassanese-alle-parlamentarie\\\/#primaryimage\"},\"thumbnailUrl\":\"https:\\\/\\\/archiviocassano.lavocedelpaese.info\\\/wp-content\\\/uploads\\\/2012\\\/12\\\/parlamentarie-pdsel.jpg\",\"articleSection\":[\"Politica\"],\"inLanguage\":\"it-IT\",\"potentialAction\":[{\"@type\":\"CommentAction\",\"name\":\"Comment\",\"target\":[\"https:\\\/\\\/archiviocassano.lavocedelpaese.info\\\/index.php\\\/2012\\\/12\\\/30\\\/ginefra-giusy-servodio-lo-sconosciuto-de-nicolo-per-il-pd-e-introna-per-sel-su-questi-nomi-si-orienta-il-centrosinistra-cassanese-alle-parlamentarie\\\/#respond\"]}]},{\"@type\":\"WebPage\",\"@id\":\"https:\\\/\\\/archiviocassano.lavocedelpaese.info\\\/index.php\\\/2012\\\/12\\\/30\\\/ginefra-giusy-servodio-lo-sconosciuto-de-nicolo-per-il-pd-e-introna-per-sel-su-questi-nomi-si-orienta-il-centrosinistra-cassanese-alle-parlamentarie\\\/\",\"url\":\"https:\\\/\\\/archiviocassano.lavocedelpaese.info\\\/index.php\\\/2012\\\/12\\\/30\\\/ginefra-giusy-servodio-lo-sconosciuto-de-nicolo-per-il-pd-e-introna-per-sel-su-questi-nomi-si-orienta-il-centrosinistra-cassanese-alle-parlamentarie\\\/\",\"name\":\"Parlamentarie: come si orienteranno i partiti cassanesi? - Archivio CassanoWeb\",\"isPartOf\":{\"@id\":\"https:\\\/\\\/archiviocassano.lavocedelpaese.info\\\/#website\"},\"primaryImageOfPage\":{\"@id\":\"https:\\\/\\\/archiviocassano.lavocedelpaese.info\\\/index.php\\\/2012\\\/12\\\/30\\\/ginefra-giusy-servodio-lo-sconosciuto-de-nicolo-per-il-pd-e-introna-per-sel-su-questi-nomi-si-orienta-il-centrosinistra-cassanese-alle-parlamentarie\\\/#primaryimage\"},\"image\":{\"@id\":\"https:\\\/\\\/archiviocassano.lavocedelpaese.info\\\/index.php\\\/2012\\\/12\\\/30\\\/ginefra-giusy-servodio-lo-sconosciuto-de-nicolo-per-il-pd-e-introna-per-sel-su-questi-nomi-si-orienta-il-centrosinistra-cassanese-alle-parlamentarie\\\/#primaryimage\"},\"thumbnailUrl\":\"https:\\\/\\\/archiviocassano.lavocedelpaese.info\\\/wp-content\\\/uploads\\\/2012\\\/12\\\/parlamentarie-pdsel.jpg\",\"datePublished\":\"2012-12-30T09:39:28+00:00\",\"breadcrumb\":{\"@id\":\"https:\\\/\\\/archiviocassano.lavocedelpaese.info\\\/index.php\\\/2012\\\/12\\\/30\\\/ginefra-giusy-servodio-lo-sconosciuto-de-nicolo-per-il-pd-e-introna-per-sel-su-questi-nomi-si-orienta-il-centrosinistra-cassanese-alle-parlamentarie\\\/#breadcrumb\"},\"inLanguage\":\"it-IT\",\"potentialAction\":[{\"@type\":\"ReadAction\",\"target\":[\"https:\\\/\\\/archiviocassano.lavocedelpaese.info\\\/index.php\\\/2012\\\/12\\\/30\\\/ginefra-giusy-servodio-lo-sconosciuto-de-nicolo-per-il-pd-e-introna-per-sel-su-questi-nomi-si-orienta-il-centrosinistra-cassanese-alle-parlamentarie\\\/\"]}]},{\"@type\":\"ImageObject\",\"inLanguage\":\"it-IT\",\"@id\":\"https:\\\/\\\/archiviocassano.lavocedelpaese.info\\\/index.php\\\/2012\\\/12\\\/30\\\/ginefra-giusy-servodio-lo-sconosciuto-de-nicolo-per-il-pd-e-introna-per-sel-su-questi-nomi-si-orienta-il-centrosinistra-cassanese-alle-parlamentarie\\\/#primaryimage\",\"url\":\"https:\\\/\\\/archiviocassano.lavocedelpaese.info\\\/wp-content\\\/uploads\\\/2012\\\/12\\\/parlamentarie-pdsel.jpg\",\"contentUrl\":\"https:\\\/\\\/archiviocassano.lavocedelpaese.info\\\/wp-content\\\/uploads\\\/2012\\\/12\\\/parlamentarie-pdsel.jpg\",\"width\":480,\"height\":270,\"caption\":\"parlamentarie-pdsel\"},{\"@type\":\"BreadcrumbList\",\"@id\":\"https:\\\/\\\/archiviocassano.lavocedelpaese.info\\\/index.php\\\/2012\\\/12\\\/30\\\/ginefra-giusy-servodio-lo-sconosciuto-de-nicolo-per-il-pd-e-introna-per-sel-su-questi-nomi-si-orienta-il-centrosinistra-cassanese-alle-parlamentarie\\\/#breadcrumb\",\"itemListElement\":[{\"@type\":\"ListItem\",\"position\":1,\"name\":\"Home\",\"item\":\"https:\\\/\\\/archiviocassano.lavocedelpaese.info\\\/\"},{\"@type\":\"ListItem\",\"position\":2,\"name\":\"Parlamentarie: come si orienteranno i partiti cassanesi?\"}]},{\"@type\":\"WebSite\",\"@id\":\"https:\\\/\\\/archiviocassano.lavocedelpaese.info\\\/#website\",\"url\":\"https:\\\/\\\/archiviocassano.lavocedelpaese.info\\\/\",\"name\":\"Archivio CassanoWeb\",\"description\":\"La Voce del Paese - un network di idee\",\"publisher\":{\"@id\":\"https:\\\/\\\/archiviocassano.lavocedelpaese.info\\\/#organization\"},\"potentialAction\":[{\"@type\":\"SearchAction\",\"target\":{\"@type\":\"EntryPoint\",\"urlTemplate\":\"https:\\\/\\\/archiviocassano.lavocedelpaese.info\\\/?s={search_term_string}\"},\"query-input\":{\"@type\":\"PropertyValueSpecification\",\"valueRequired\":true,\"valueName\":\"search_term_string\"}}],\"inLanguage\":\"it-IT\"},{\"@type\":\"Organization\",\"@id\":\"https:\\\/\\\/archiviocassano.lavocedelpaese.info\\\/#organization\",\"name\":\"Archivio CassanoWeb\",\"url\":\"https:\\\/\\\/archiviocassano.lavocedelpaese.info\\\/\",\"logo\":{\"@type\":\"ImageObject\",\"inLanguage\":\"it-IT\",\"@id\":\"https:\\\/\\\/archiviocassano.lavocedelpaese.info\\\/#\\\/schema\\\/logo\\\/image\\\/\",\"url\":\"https:\\\/\\\/archiviocassano.lavocedelpaese.info\\\/wp-content\\\/uploads\\\/2024\\\/08\\\/logo-rosso-2.png\",\"contentUrl\":\"https:\\\/\\\/archiviocassano.lavocedelpaese.info\\\/wp-content\\\/uploads\\\/2024\\\/08\\\/logo-rosso-2.png\",\"width\":491,\"height\":432,\"caption\":\"Archivio CassanoWeb\"},\"image\":{\"@id\":\"https:\\\/\\\/archiviocassano.lavocedelpaese.info\\\/#\\\/schema\\\/logo\\\/image\\\/\"},\"sameAs\":[\"https:\\\/\\\/www.facebook.com\\\/redazione.cassanoweb\"]},{\"@type\":\"Person\",\"@id\":\"https:\\\/\\\/archiviocassano.lavocedelpaese.info\\\/#\\\/schema\\\/person\\\/df195bc79a9b4c35127cf005f92e041b\",\"name\":\"admin\",\"image\":{\"@type\":\"ImageObject\",\"inLanguage\":\"it-IT\",\"@id\":\"https:\\\/\\\/secure.gravatar.com\\\/avatar\\\/eabba89a432e8eaa1b0207cc55f7e5340b22712b1ed80677efcf63e02ff5b235?s=96&d=mm&r=g\",\"url\":\"https:\\\/\\\/secure.gravatar.com\\\/avatar\\\/eabba89a432e8eaa1b0207cc55f7e5340b22712b1ed80677efcf63e02ff5b235?s=96&d=mm&r=g\",\"contentUrl\":\"https:\\\/\\\/secure.gravatar.com\\\/avatar\\\/eabba89a432e8eaa1b0207cc55f7e5340b22712b1ed80677efcf63e02ff5b235?s=96&d=mm&r=g\",\"caption\":\"admin\"},\"sameAs\":[\"https:\\\/\\\/archiviocassano.lavocedelpaese.info\"],\"url\":\"https:\\\/\\\/archiviocassano.lavocedelpaese.info\\\/index.php\\\/author\\\/admin_0qgz1xdp\\\/\"}]}<\/script>\n<!-- \/ Yoast SEO plugin. -->","yoast_head_json":{"title":"Parlamentarie: come si orienteranno i partiti cassanesi? - Archivio CassanoWeb","robots":{"index":"index","follow":"follow","max-snippet":"max-snippet:-1","max-image-preview":"max-image-preview:large","max-video-preview":"max-video-preview:-1"},"canonical":"https:\/\/archiviocassano.lavocedelpaese.info\/index.php\/2012\/12\/30\/ginefra-giusy-servodio-lo-sconosciuto-de-nicolo-per-il-pd-e-introna-per-sel-su-questi-nomi-si-orienta-il-centrosinistra-cassanese-alle-parlamentarie\/","og_locale":"it_IT","og_type":"article","og_title":"Parlamentarie: come si orienteranno i partiti cassanesi? - Archivio CassanoWeb","og_url":"https:\/\/archiviocassano.lavocedelpaese.info\/index.php\/2012\/12\/30\/ginefra-giusy-servodio-lo-sconosciuto-de-nicolo-per-il-pd-e-introna-per-sel-su-questi-nomi-si-orienta-il-centrosinistra-cassanese-alle-parlamentarie\/","og_site_name":"Archivio CassanoWeb","article_publisher":"https:\/\/www.facebook.com\/redazione.cassanoweb","article_published_time":"2012-12-30T09:39:28+00:00","og_image":[{"width":480,"height":270,"url":"https:\/\/archiviocassano.lavocedelpaese.info\/wp-content\/uploads\/2012\/12\/parlamentarie-pdsel.jpg","type":"image\/jpeg"}],"author":"admin","twitter_card":"summary_large_image","twitter_misc":{"Scritto da":"admin","Tempo di lettura stimato":"4 minuti"},"schema":{"@context":"https:\/\/schema.org","@graph":[{"@type":"Article","@id":"https:\/\/archiviocassano.lavocedelpaese.info\/index.php\/2012\/12\/30\/ginefra-giusy-servodio-lo-sconosciuto-de-nicolo-per-il-pd-e-introna-per-sel-su-questi-nomi-si-orienta-il-centrosinistra-cassanese-alle-parlamentarie\/#article","isPartOf":{"@id":"https:\/\/archiviocassano.lavocedelpaese.info\/index.php\/2012\/12\/30\/ginefra-giusy-servodio-lo-sconosciuto-de-nicolo-per-il-pd-e-introna-per-sel-su-questi-nomi-si-orienta-il-centrosinistra-cassanese-alle-parlamentarie\/"},"author":{"name":"admin","@id":"https:\/\/archiviocassano.lavocedelpaese.info\/#\/schema\/person\/df195bc79a9b4c35127cf005f92e041b"},"headline":"Parlamentarie: come si orienteranno i partiti cassanesi?","datePublished":"2012-12-30T09:39:28+00:00","mainEntityOfPage":{"@id":"https:\/\/archiviocassano.lavocedelpaese.info\/index.php\/2012\/12\/30\/ginefra-giusy-servodio-lo-sconosciuto-de-nicolo-per-il-pd-e-introna-per-sel-su-questi-nomi-si-orienta-il-centrosinistra-cassanese-alle-parlamentarie\/"},"wordCount":772,"commentCount":0,"publisher":{"@id":"https:\/\/archiviocassano.lavocedelpaese.info\/#organization"},"image":{"@id":"https:\/\/archiviocassano.lavocedelpaese.info\/index.php\/2012\/12\/30\/ginefra-giusy-servodio-lo-sconosciuto-de-nicolo-per-il-pd-e-introna-per-sel-su-questi-nomi-si-orienta-il-centrosinistra-cassanese-alle-parlamentarie\/#primaryimage"},"thumbnailUrl":"https:\/\/archiviocassano.lavocedelpaese.info\/wp-content\/uploads\/2012\/12\/parlamentarie-pdsel.jpg","articleSection":["Politica"],"inLanguage":"it-IT","potentialAction":[{"@type":"CommentAction","name":"Comment","target":["https:\/\/archiviocassano.lavocedelpaese.info\/index.php\/2012\/12\/30\/ginefra-giusy-servodio-lo-sconosciuto-de-nicolo-per-il-pd-e-introna-per-sel-su-questi-nomi-si-orienta-il-centrosinistra-cassanese-alle-parlamentarie\/#respond"]}]},{"@type":"WebPage","@id":"https:\/\/archiviocassano.lavocedelpaese.info\/index.php\/2012\/12\/30\/ginefra-giusy-servodio-lo-sconosciuto-de-nicolo-per-il-pd-e-introna-per-sel-su-questi-nomi-si-orienta-il-centrosinistra-cassanese-alle-parlamentarie\/","url":"https:\/\/archiviocassano.lavocedelpaese.info\/index.php\/2012\/12\/30\/ginefra-giusy-servodio-lo-sconosciuto-de-nicolo-per-il-pd-e-introna-per-sel-su-questi-nomi-si-orienta-il-centrosinistra-cassanese-alle-parlamentarie\/","name":"Parlamentarie: come si orienteranno i partiti cassanesi? - Archivio CassanoWeb","isPartOf":{"@id":"https:\/\/archiviocassano.lavocedelpaese.info\/#website"},"primaryImageOfPage":{"@id":"https:\/\/archiviocassano.lavocedelpaese.info\/index.php\/2012\/12\/30\/ginefra-giusy-servodio-lo-sconosciuto-de-nicolo-per-il-pd-e-introna-per-sel-su-questi-nomi-si-orienta-il-centrosinistra-cassanese-alle-parlamentarie\/#primaryimage"},"image":{"@id":"https:\/\/archiviocassano.lavocedelpaese.info\/index.php\/2012\/12\/30\/ginefra-giusy-servodio-lo-sconosciuto-de-nicolo-per-il-pd-e-introna-per-sel-su-questi-nomi-si-orienta-il-centrosinistra-cassanese-alle-parlamentarie\/#primaryimage"},"thumbnailUrl":"https:\/\/archiviocassano.lavocedelpaese.info\/wp-content\/uploads\/2012\/12\/parlamentarie-pdsel.jpg","datePublished":"2012-12-30T09:39:28+00:00","breadcrumb":{"@id":"https:\/\/archiviocassano.lavocedelpaese.info\/index.php\/2012\/12\/30\/ginefra-giusy-servodio-lo-sconosciuto-de-nicolo-per-il-pd-e-introna-per-sel-su-questi-nomi-si-orienta-il-centrosinistra-cassanese-alle-parlamentarie\/#breadcrumb"},"inLanguage":"it-IT","potentialAction":[{"@type":"ReadAction","target":["https:\/\/archiviocassano.lavocedelpaese.info\/index.php\/2012\/12\/30\/ginefra-giusy-servodio-lo-sconosciuto-de-nicolo-per-il-pd-e-introna-per-sel-su-questi-nomi-si-orienta-il-centrosinistra-cassanese-alle-parlamentarie\/"]}]},{"@type":"ImageObject","inLanguage":"it-IT","@id":"https:\/\/archiviocassano.lavocedelpaese.info\/index.php\/2012\/12\/30\/ginefra-giusy-servodio-lo-sconosciuto-de-nicolo-per-il-pd-e-introna-per-sel-su-questi-nomi-si-orienta-il-centrosinistra-cassanese-alle-parlamentarie\/#primaryimage","url":"https:\/\/archiviocassano.lavocedelpaese.info\/wp-content\/uploads\/2012\/12\/parlamentarie-pdsel.jpg","contentUrl":"https:\/\/archiviocassano.lavocedelpaese.info\/wp-content\/uploads\/2012\/12\/parlamentarie-pdsel.jpg","width":480,"height":270,"caption":"parlamentarie-pdsel"},{"@type":"BreadcrumbList","@id":"https:\/\/archiviocassano.lavocedelpaese.info\/index.php\/2012\/12\/30\/ginefra-giusy-servodio-lo-sconosciuto-de-nicolo-per-il-pd-e-introna-per-sel-su-questi-nomi-si-orienta-il-centrosinistra-cassanese-alle-parlamentarie\/#breadcrumb","itemListElement":[{"@type":"ListItem","position":1,"name":"Home","item":"https:\/\/archiviocassano.lavocedelpaese.info\/"},{"@type":"ListItem","position":2,"name":"Parlamentarie: come si orienteranno i partiti cassanesi?"}]},{"@type":"WebSite","@id":"https:\/\/archiviocassano.lavocedelpaese.info\/#website","url":"https:\/\/archiviocassano.lavocedelpaese.info\/","name":"Archivio CassanoWeb","description":"La Voce del Paese - un network di idee","publisher":{"@id":"https:\/\/archiviocassano.lavocedelpaese.info\/#organization"},"potentialAction":[{"@type":"SearchAction","target":{"@type":"EntryPoint","urlTemplate":"https:\/\/archiviocassano.lavocedelpaese.info\/?s={search_term_string}"},"query-input":{"@type":"PropertyValueSpecification","valueRequired":true,"valueName":"search_term_string"}}],"inLanguage":"it-IT"},{"@type":"Organization","@id":"https:\/\/archiviocassano.lavocedelpaese.info\/#organization","name":"Archivio CassanoWeb","url":"https:\/\/archiviocassano.lavocedelpaese.info\/","logo":{"@type":"ImageObject","inLanguage":"it-IT","@id":"https:\/\/archiviocassano.lavocedelpaese.info\/#\/schema\/logo\/image\/","url":"https:\/\/archiviocassano.lavocedelpaese.info\/wp-content\/uploads\/2024\/08\/logo-rosso-2.png","contentUrl":"https:\/\/archiviocassano.lavocedelpaese.info\/wp-content\/uploads\/2024\/08\/logo-rosso-2.png","width":491,"height":432,"caption":"Archivio CassanoWeb"},"image":{"@id":"https:\/\/archiviocassano.lavocedelpaese.info\/#\/schema\/logo\/image\/"},"sameAs":["https:\/\/www.facebook.com\/redazione.cassanoweb"]},{"@type":"Person","@id":"https:\/\/archiviocassano.lavocedelpaese.info\/#\/schema\/person\/df195bc79a9b4c35127cf005f92e041b","name":"admin","image":{"@type":"ImageObject","inLanguage":"it-IT","@id":"https:\/\/secure.gravatar.com\/avatar\/eabba89a432e8eaa1b0207cc55f7e5340b22712b1ed80677efcf63e02ff5b235?s=96&d=mm&r=g","url":"https:\/\/secure.gravatar.com\/avatar\/eabba89a432e8eaa1b0207cc55f7e5340b22712b1ed80677efcf63e02ff5b235?s=96&d=mm&r=g","contentUrl":"https:\/\/secure.gravatar.com\/avatar\/eabba89a432e8eaa1b0207cc55f7e5340b22712b1ed80677efcf63e02ff5b235?s=96&d=mm&r=g","caption":"admin"},"sameAs":["https:\/\/archiviocassano.lavocedelpaese.info"],"url":"https:\/\/archiviocassano.lavocedelpaese.info\/index.php\/author\/admin_0qgz1xdp\/"}]}},"_links":{"self":[{"href":"https:\/\/archiviocassano.lavocedelpaese.info\/index.php\/wp-json\/wp\/v2\/posts\/7000","targetHints":{"allow":["GET"]}}],"collection":[{"href":"https:\/\/archiviocassano.lavocedelpaese.info\/index.php\/wp-json\/wp\/v2\/posts"}],"about":[{"href":"https:\/\/archiviocassano.lavocedelpaese.info\/index.php\/wp-json\/wp\/v2\/types\/post"}],"author":[{"embeddable":true,"href":"https:\/\/archiviocassano.lavocedelpaese.info\/index.php\/wp-json\/wp\/v2\/users\/1"}],"replies":[{"embeddable":true,"href":"https:\/\/archiviocassano.lavocedelpaese.info\/index.php\/wp-json\/wp\/v2\/comments?post=7000"}],"version-history":[{"count":0,"href":"https:\/\/archiviocassano.lavocedelpaese.info\/index.php\/wp-json\/wp\/v2\/posts\/7000\/revisions"}],"wp:featuredmedia":[{"embeddable":true,"href":"https:\/\/archiviocassano.lavocedelpaese.info\/index.php\/wp-json\/wp\/v2\/media\/6996"}],"wp:attachment":[{"href":"https:\/\/archiviocassano.lavocedelpaese.info\/index.php\/wp-json\/wp\/v2\/media?parent=7000"}],"wp:term":[{"taxonomy":"category","embeddable":true,"href":"https:\/\/archiviocassano.lavocedelpaese.info\/index.php\/wp-json\/wp\/v2\/categories?post=7000"},{"taxonomy":"post_tag","embeddable":true,"href":"https:\/\/archiviocassano.lavocedelpaese.info\/index.php\/wp-json\/wp\/v2\/tags?post=7000"}],"curies":[{"name":"wp","href":"https:\/\/api.w.org\/{rel}","templated":true}]}}