{"id":7022,"date":"2013-01-08T06:54:13","date_gmt":"2013-01-08T06:54:13","guid":{"rendered":"https:\/\/archiviocassano.lavocedelpaese.info\/index.php\/2013\/01\/08\/pro-loco-il-bar-qagoraq-si-aggiudica-il-concorso-per-la-vetrina-piu-bella\/"},"modified":"2013-01-08T06:54:13","modified_gmt":"2013-01-08T06:54:13","slug":"pro-loco-il-bar-qagoraq-si-aggiudica-il-concorso-per-la-vetrina-piu-bella","status":"publish","type":"post","link":"https:\/\/archiviocassano.lavocedelpaese.info\/index.php\/2013\/01\/08\/pro-loco-il-bar-qagoraq-si-aggiudica-il-concorso-per-la-vetrina-piu-bella\/","title":{"rendered":"Pro Loco: il bar &#8220;Agor\u00e0&#8221; \u00e8  la vetrina pi\u00f9 bella"},"content":{"rendered":"<p style=\"text-align: justify;\"><img loading=\"lazy\" decoding=\"async\" class=\" size-full wp-image-4729\" style=\"margin-right: 2px; margin-left: 2px;\" alt=\"logo pro loco\" src=\"https:\/\/archiviocassano.lavocedelpaese.info\/wp-content\/uploads\/2011\/11\/logo_pro_loco.jpg\" height=\"150\" width=\"320\" \/><\/p>\n<p style=\"text-align: justify;\">\n<!--more--><br \/>\nIl 5 gennaio scorso \u00e8 terminato il 1\u00b0 concorso \u201cNatale in vetrina\u201d organizzato dalla Pro Loco \u201cLa MurgIanella T.F.C.C.\u201d in collaborazione con l\u2019ASSOPEC e dopo aver effettuato lo spoglio delle urne, vincitore \u00e8 risultato il bar Agor\u00e0 con 391 voti <em>(nella foto di Giuseppe Ferrante, la vetrina vincitrice)<\/em>, ottenuti sia nella sua attivit\u00e0 commerciale, ma anche nelle altre.<span style=\"font-family: 'Arial','sans-serif';\"> <\/span><\/p>\n<p style=\"text-align: justify;\"><span style=\"font-family: 'Arial','sans-serif';\">Ecco la classifica generale delle attivit\u00e0 che hanno partecipato al Concorso:<\/span><\/p>\n<ol>\n<li><span style=\"font-family: 'Arial','sans-serif';\">1.<span style=\"font-family: 'Arial','sans-serif';\">AGORA\u2019 \u2013 391 VOTI<\/span><\/span><\/li>\n<li><span style=\"font-family: 'Arial','sans-serif';\">2.<span style=\"font-family: 'Arial','sans-serif';\">NINUS CAFE\u2019\u2013 152 VOTI<\/span><\/span><\/li>\n<li><span style=\"font-family: 'Arial','sans-serif';\">3.<span style=\"font-family: 'Arial','sans-serif';\">BAR IL PRINCIPE \u2013 145 VOTI<\/span><\/span><\/li>\n<li><span style=\"font-family: 'Arial','sans-serif';\">4.<span style=\"font-family: 'Arial','sans-serif';\">I GIOIELLI DEL BORGO \u2013 128 VOTI<\/span><\/span><\/li>\n<li><span style=\"font-family: 'Arial','sans-serif';\">5.<span style=\"font-family: 'Arial','sans-serif';\">MD ACCONCIATURE \u2013 104 VOTI<\/span><\/span><\/li>\n<li><span style=\"font-family: 'Arial','sans-serif';\">6.<span style=\"font-family: 'Arial','sans-serif';\">LA BOUTIQUE DEL FIORE \u2013 89 VOTI<\/span><\/span><\/li>\n<li><span style=\"font-family: 'Arial','sans-serif';\">7.<span style=\"font-family: 'Arial','sans-serif';\">IL SOPRANO \u2013 86 VOTI<\/span><\/span><\/li>\n<li><span style=\"font-family: 'Arial','sans-serif';\">8.<span style=\"font-family: 'Arial','sans-serif';\">TABACCHERIA DA NUNZIO \u2013 85 VOTI<\/span><\/span><\/li>\n<li><span style=\"font-family: 'Arial','sans-serif';\">9.<span style=\"font-family: 'Arial','sans-serif';\">MANI DI FATA \u2013 77 VOTI<\/span><\/span><\/li>\n<\/ol>\n<p style=\"margin-left: 60.4pt; text-align: justify; text-indent: -18pt;\"><span style=\"font-family: 'Arial','sans-serif';\">10.<span style=\"font: 7pt 'Times New Roman';\"> <span style=\"font-family: 'Arial','sans-serif';\">U\u2019 CANARUT \u2013 76 VOTI<\/span><\/span><\/span><\/p>\n<p style=\"margin-left: 60.4pt; text-align: justify; text-indent: -18pt;\"><span style=\"font-family: 'Arial','sans-serif';\">11.<span style=\"font: 7pt 'Times New Roman';\"> <span style=\"font-family: 'Arial','sans-serif';\">PICCOLE PESTI \u2013 69 VOTI<\/span><\/span><\/span><\/p>\n<p style=\"margin-left: 60.4pt; text-align: justify; text-indent: -18pt;\"><span style=\"font-family: 'Arial','sans-serif';\">12.<span style=\"font: 7pt 'Times New Roman';\"> <span style=\"font-family: 'Arial','sans-serif';\">DAEDALUS \u2013 64 VOTI<\/span><\/span><\/span><\/p>\n<p style=\"margin-left: 60.4pt; text-align: justify; text-indent: -18pt;\"><span style=\"font-family: 'Arial','sans-serif';\">13.<span style=\"font: 7pt 'Times New Roman';\"> <span style=\"font-family: 'Arial','sans-serif';\">PACKY MODA \u2013 59 VOTI<\/span><\/span><\/span><\/p>\n<p style=\"margin-left: 60.4pt; text-align: justify; text-indent: -18pt;\"><span style=\"font-family: 'Arial','sans-serif';\">14.<span style=\"font: 7pt 'Times New Roman';\"> <span style=\"font-family: 'Arial','sans-serif';\">BEAN MODE \u2013 55 VOTI<\/span><\/span><\/span><\/p>\n<p style=\"margin-left: 60.4pt; text-align: justify; text-indent: -18pt;\"><span style=\"font-family: 'Arial','sans-serif';\">15.<span style=\"font: 7pt 'Times New Roman';\"> <span style=\"font-family: 'Arial','sans-serif';\">MIA \u2013 52 VOTI<\/span><\/span><\/span><\/p>\n<p style=\"margin-left: 60.4pt; text-align: justify; text-indent: -18pt;\"><span style=\"font-family: 'Arial','sans-serif';\">16.<span style=\"font: 7pt 'Times New Roman';\"> <span style=\"font-family: 'Arial','sans-serif';\">I PREZIOSI CAMPANALE \u2013 50 VOTI<\/span><\/span><\/span><\/p>\n<p style=\"margin-left: 60.4pt; text-align: justify; text-indent: -18pt;\"><span style=\"font-family: 'Arial','sans-serif';\">16.<span style=\"font: 7pt 'Times New Roman';\"> <span style=\"font-family: 'Arial','sans-serif';\">IL PORTICO DEI FIORI \u2013 50 VOTI<\/span><\/span><\/span><\/p>\n<p style=\"margin-left: 60.4pt; text-align: justify; text-indent: -18pt;\"><span style=\"font-family: 'Arial','sans-serif';\">17.<span style=\"font: 7pt 'Times New Roman';\"> <span style=\"font-family: 'Arial','sans-serif';\">PICCOLE GIOIE \u2013 37 VOTI<\/span><\/span><\/span><\/p>\n<p style=\"margin-left: 60.4pt; text-align: justify; text-indent: -18pt;\"><span style=\"font-family: 'Arial','sans-serif';\">18.<span style=\"font: 7pt 'Times New Roman';\"> <span style=\"font-family: 'Arial','sans-serif';\">I GIARDINI DI CARTA \u2013 35 VOTI<\/span><\/span><\/span><\/p>\n<p style=\"margin-left: 60.4pt; text-align: justify; text-indent: -18pt;\"><span style=\"font-family: 'Arial','sans-serif';\">19.<span style=\"font: 7pt 'Times New Roman';\"> <span style=\"font-family: 'Arial','sans-serif';\">ALTEA ERBORISTERIA \u2013 34 VOTI<\/span><\/span><\/span><\/p>\n<p style=\"margin-left: 60.4pt; text-align: justify; text-indent: -18pt;\"><span style=\"font-family: 'Arial','sans-serif';\">20.<span style=\"font: 7pt 'Times New Roman';\"> <span style=\"font-family: 'Arial','sans-serif';\">LA CORNICE \u2013 33 VOTI<\/span><\/span><\/span><\/p>\n<p style=\"margin-left: 60.4pt; text-align: justify; text-indent: -18pt;\"><span style=\"font-family: 'Arial','sans-serif';\">20.<span style=\"font: 7pt 'Times New Roman';\"> <span style=\"font-family: 'Arial','sans-serif';\">FASHION SHOES \u2013 33 VOTI<\/span><\/span><\/span><\/p>\n<p style=\"margin-left: 60.4pt; text-align: justify; text-indent: -18pt;\"><span style=\"font-family: 'Arial','sans-serif';\">21.<span style=\"font: 7pt 'Times New Roman';\"> <span style=\"font-family: 'Arial','sans-serif';\">CORNER CAFE\u2019 \u2013 29 VOTI<\/span><\/span><\/span><\/p>\n<p style=\"margin-left: 60.4pt; text-align: justify; text-indent: -18pt;\"><span style=\"font-family: 'Arial','sans-serif';\">22.<span style=\"font: 7pt 'Times New Roman';\"> <span style=\"font-family: 'Arial','sans-serif';\">RICAMI E MERLETTI \u2013 27 VOTI<\/span><\/span><\/span><\/p>\n<p style=\"margin-left: 60.4pt; text-align: justify; text-indent: -18pt;\"><span style=\"font-family: 'Arial','sans-serif';\">23.<span style=\"font: 7pt 'Times New Roman';\"> <span style=\"font-family: 'Arial','sans-serif';\">PUNTO CARTA \u2013 23 VOTI<\/span><\/span><\/span><\/p>\n<p style=\"text-align: justify;\"><span style=\"font-family: 'Arial','sans-serif';\"><br \/><\/span><\/p>\n<p style=\"text-align: justify;\"><span style=\"font-family: 'Arial','sans-serif';\">La Presidente della Pro Loco, Nicla Norciano, avvisa, inoltre, che a partire dal primo gennaio \u00e8 possibile tesserarsi all\u2019Associazione Pro Loco \u201cLa Murgianella\u201d di Cassano.<\/span><\/p>\n<p style=\"text-align: justify;\"><span style=\"font-family: 'Arial','sans-serif';\">\u201cIl costo della tessera &#8211; spiega in una nota &#8211; \u00e8 di 8,00 euro: per tesserarsi, dato che purtroppo non abbiamo una nostra sede, potete inviare una mail all\u2019indirizzo <a href=\"mailto:&lt;a href=\" mailto:prolococassano=\"\" virgilio=\"\" it=\"\">prolococassano@virgilio.it<\/a>&#8221; o contattarci sul profilo facebook Pro Loco Cassano Murge <a href=\"https:\/\/www.facebook.com\/proloco.murge?ref=ts&amp;\">https:\/\/www.facebook.com\/proloco.murge<\/a>, cosi verrete subito ricontattati. Il tesseramento si chiuder\u00e0, come da Statuto, il 28 febbraio prossimo. Tutti coloro che vogliono impegnarsi per il paese e offrire il proprio contributo, anche piccolo, in termini di tempo, impegno e idee saranno i benvenuti\u201d.<\/span><\/p>\n","protected":false},"excerpt":{"rendered":"","protected":false},"author":1,"featured_media":4729,"comment_status":"open","ping_status":"closed","sticky":false,"template":"","format":"standard","meta":{"colormag_page_container_layout":"default_layout","colormag_page_sidebar_layout":"default_layout","footnotes":""},"categories":[7],"tags":[],"class_list":["post-7022","post","type-post","status-publish","format-standard","has-post-thumbnail","hentry","category-attualita"],"yoast_head":"<!-- This site is optimized with the Yoast SEO plugin v27.5 - https:\/\/yoast.com\/product\/yoast-seo-wordpress\/ -->\n<title>Pro Loco: il bar &quot;Agor\u00e0&quot; \u00e8 la vetrina pi\u00f9 bella - Archivio CassanoWeb<\/title>\n<meta name=\"robots\" content=\"index, follow, max-snippet:-1, max-image-preview:large, max-video-preview:-1\" \/>\n<link rel=\"canonical\" href=\"https:\/\/archiviocassano.lavocedelpaese.info\/index.php\/2013\/01\/08\/pro-loco-il-bar-qagoraq-si-aggiudica-il-concorso-per-la-vetrina-piu-bella\/\" \/>\n<meta property=\"og:locale\" content=\"it_IT\" \/>\n<meta property=\"og:type\" content=\"article\" \/>\n<meta property=\"og:title\" content=\"Pro Loco: il bar &quot;Agor\u00e0&quot; \u00e8 la vetrina pi\u00f9 bella - Archivio CassanoWeb\" \/>\n<meta property=\"og:url\" content=\"https:\/\/archiviocassano.lavocedelpaese.info\/index.php\/2013\/01\/08\/pro-loco-il-bar-qagoraq-si-aggiudica-il-concorso-per-la-vetrina-piu-bella\/\" \/>\n<meta property=\"og:site_name\" content=\"Archivio CassanoWeb\" \/>\n<meta property=\"article:publisher\" content=\"https:\/\/www.facebook.com\/redazione.cassanoweb\" \/>\n<meta property=\"article:published_time\" content=\"2013-01-08T06:54:13+00:00\" \/>\n<meta property=\"og:image\" content=\"https:\/\/archiviocassano.lavocedelpaese.info\/wp-content\/uploads\/2011\/11\/logo_pro_loco.jpg\" \/>\n\t<meta property=\"og:image:width\" content=\"410\" \/>\n\t<meta property=\"og:image:height\" content=\"200\" \/>\n\t<meta property=\"og:image:type\" content=\"image\/jpeg\" \/>\n<meta name=\"author\" content=\"admin\" \/>\n<meta name=\"twitter:card\" content=\"summary_large_image\" \/>\n<meta name=\"twitter:label1\" content=\"Scritto da\" \/>\n\t<meta name=\"twitter:data1\" content=\"admin\" \/>\n\t<meta name=\"twitter:label2\" content=\"Tempo di lettura stimato\" \/>\n\t<meta name=\"twitter:data2\" content=\"1 minuto\" \/>\n<script type=\"application\/ld+json\" class=\"yoast-schema-graph\">{\"@context\":\"https:\\\/\\\/schema.org\",\"@graph\":[{\"@type\":\"Article\",\"@id\":\"https:\\\/\\\/archiviocassano.lavocedelpaese.info\\\/index.php\\\/2013\\\/01\\\/08\\\/pro-loco-il-bar-qagoraq-si-aggiudica-il-concorso-per-la-vetrina-piu-bella\\\/#article\",\"isPartOf\":{\"@id\":\"https:\\\/\\\/archiviocassano.lavocedelpaese.info\\\/index.php\\\/2013\\\/01\\\/08\\\/pro-loco-il-bar-qagoraq-si-aggiudica-il-concorso-per-la-vetrina-piu-bella\\\/\"},\"author\":{\"name\":\"admin\",\"@id\":\"https:\\\/\\\/archiviocassano.lavocedelpaese.info\\\/#\\\/schema\\\/person\\\/df195bc79a9b4c35127cf005f92e041b\"},\"headline\":\"Pro Loco: il bar &#8220;Agor\u00e0&#8221; \u00e8 la vetrina pi\u00f9 bella\",\"datePublished\":\"2013-01-08T06:54:13+00:00\",\"mainEntityOfPage\":{\"@id\":\"https:\\\/\\\/archiviocassano.lavocedelpaese.info\\\/index.php\\\/2013\\\/01\\\/08\\\/pro-loco-il-bar-qagoraq-si-aggiudica-il-concorso-per-la-vetrina-piu-bella\\\/\"},\"wordCount\":272,\"commentCount\":0,\"publisher\":{\"@id\":\"https:\\\/\\\/archiviocassano.lavocedelpaese.info\\\/#organization\"},\"image\":{\"@id\":\"https:\\\/\\\/archiviocassano.lavocedelpaese.info\\\/index.php\\\/2013\\\/01\\\/08\\\/pro-loco-il-bar-qagoraq-si-aggiudica-il-concorso-per-la-vetrina-piu-bella\\\/#primaryimage\"},\"thumbnailUrl\":\"https:\\\/\\\/archiviocassano.lavocedelpaese.info\\\/wp-content\\\/uploads\\\/2011\\\/11\\\/logo_pro_loco.jpg\",\"articleSection\":[\"Attualit\u00e0\"],\"inLanguage\":\"it-IT\",\"potentialAction\":[{\"@type\":\"CommentAction\",\"name\":\"Comment\",\"target\":[\"https:\\\/\\\/archiviocassano.lavocedelpaese.info\\\/index.php\\\/2013\\\/01\\\/08\\\/pro-loco-il-bar-qagoraq-si-aggiudica-il-concorso-per-la-vetrina-piu-bella\\\/#respond\"]}]},{\"@type\":\"WebPage\",\"@id\":\"https:\\\/\\\/archiviocassano.lavocedelpaese.info\\\/index.php\\\/2013\\\/01\\\/08\\\/pro-loco-il-bar-qagoraq-si-aggiudica-il-concorso-per-la-vetrina-piu-bella\\\/\",\"url\":\"https:\\\/\\\/archiviocassano.lavocedelpaese.info\\\/index.php\\\/2013\\\/01\\\/08\\\/pro-loco-il-bar-qagoraq-si-aggiudica-il-concorso-per-la-vetrina-piu-bella\\\/\",\"name\":\"Pro Loco: il bar \\\"Agor\u00e0\\\" \u00e8 la vetrina pi\u00f9 bella - Archivio CassanoWeb\",\"isPartOf\":{\"@id\":\"https:\\\/\\\/archiviocassano.lavocedelpaese.info\\\/#website\"},\"primaryImageOfPage\":{\"@id\":\"https:\\\/\\\/archiviocassano.lavocedelpaese.info\\\/index.php\\\/2013\\\/01\\\/08\\\/pro-loco-il-bar-qagoraq-si-aggiudica-il-concorso-per-la-vetrina-piu-bella\\\/#primaryimage\"},\"image\":{\"@id\":\"https:\\\/\\\/archiviocassano.lavocedelpaese.info\\\/index.php\\\/2013\\\/01\\\/08\\\/pro-loco-il-bar-qagoraq-si-aggiudica-il-concorso-per-la-vetrina-piu-bella\\\/#primaryimage\"},\"thumbnailUrl\":\"https:\\\/\\\/archiviocassano.lavocedelpaese.info\\\/wp-content\\\/uploads\\\/2011\\\/11\\\/logo_pro_loco.jpg\",\"datePublished\":\"2013-01-08T06:54:13+00:00\",\"breadcrumb\":{\"@id\":\"https:\\\/\\\/archiviocassano.lavocedelpaese.info\\\/index.php\\\/2013\\\/01\\\/08\\\/pro-loco-il-bar-qagoraq-si-aggiudica-il-concorso-per-la-vetrina-piu-bella\\\/#breadcrumb\"},\"inLanguage\":\"it-IT\",\"potentialAction\":[{\"@type\":\"ReadAction\",\"target\":[\"https:\\\/\\\/archiviocassano.lavocedelpaese.info\\\/index.php\\\/2013\\\/01\\\/08\\\/pro-loco-il-bar-qagoraq-si-aggiudica-il-concorso-per-la-vetrina-piu-bella\\\/\"]}]},{\"@type\":\"ImageObject\",\"inLanguage\":\"it-IT\",\"@id\":\"https:\\\/\\\/archiviocassano.lavocedelpaese.info\\\/index.php\\\/2013\\\/01\\\/08\\\/pro-loco-il-bar-qagoraq-si-aggiudica-il-concorso-per-la-vetrina-piu-bella\\\/#primaryimage\",\"url\":\"https:\\\/\\\/archiviocassano.lavocedelpaese.info\\\/wp-content\\\/uploads\\\/2011\\\/11\\\/logo_pro_loco.jpg\",\"contentUrl\":\"https:\\\/\\\/archiviocassano.lavocedelpaese.info\\\/wp-content\\\/uploads\\\/2011\\\/11\\\/logo_pro_loco.jpg\",\"width\":410,\"height\":200,\"caption\":\"logo pro loco\"},{\"@type\":\"BreadcrumbList\",\"@id\":\"https:\\\/\\\/archiviocassano.lavocedelpaese.info\\\/index.php\\\/2013\\\/01\\\/08\\\/pro-loco-il-bar-qagoraq-si-aggiudica-il-concorso-per-la-vetrina-piu-bella\\\/#breadcrumb\",\"itemListElement\":[{\"@type\":\"ListItem\",\"position\":1,\"name\":\"Home\",\"item\":\"https:\\\/\\\/archiviocassano.lavocedelpaese.info\\\/\"},{\"@type\":\"ListItem\",\"position\":2,\"name\":\"Pro Loco: il bar &#8220;Agor\u00e0&#8221; \u00e8 la vetrina pi\u00f9 bella\"}]},{\"@type\":\"WebSite\",\"@id\":\"https:\\\/\\\/archiviocassano.lavocedelpaese.info\\\/#website\",\"url\":\"https:\\\/\\\/archiviocassano.lavocedelpaese.info\\\/\",\"name\":\"Archivio CassanoWeb\",\"description\":\"La Voce del Paese - un network di idee\",\"publisher\":{\"@id\":\"https:\\\/\\\/archiviocassano.lavocedelpaese.info\\\/#organization\"},\"potentialAction\":[{\"@type\":\"SearchAction\",\"target\":{\"@type\":\"EntryPoint\",\"urlTemplate\":\"https:\\\/\\\/archiviocassano.lavocedelpaese.info\\\/?s={search_term_string}\"},\"query-input\":{\"@type\":\"PropertyValueSpecification\",\"valueRequired\":true,\"valueName\":\"search_term_string\"}}],\"inLanguage\":\"it-IT\"},{\"@type\":\"Organization\",\"@id\":\"https:\\\/\\\/archiviocassano.lavocedelpaese.info\\\/#organization\",\"name\":\"Archivio CassanoWeb\",\"url\":\"https:\\\/\\\/archiviocassano.lavocedelpaese.info\\\/\",\"logo\":{\"@type\":\"ImageObject\",\"inLanguage\":\"it-IT\",\"@id\":\"https:\\\/\\\/archiviocassano.lavocedelpaese.info\\\/#\\\/schema\\\/logo\\\/image\\\/\",\"url\":\"https:\\\/\\\/archiviocassano.lavocedelpaese.info\\\/wp-content\\\/uploads\\\/2024\\\/08\\\/logo-rosso-2.png\",\"contentUrl\":\"https:\\\/\\\/archiviocassano.lavocedelpaese.info\\\/wp-content\\\/uploads\\\/2024\\\/08\\\/logo-rosso-2.png\",\"width\":491,\"height\":432,\"caption\":\"Archivio CassanoWeb\"},\"image\":{\"@id\":\"https:\\\/\\\/archiviocassano.lavocedelpaese.info\\\/#\\\/schema\\\/logo\\\/image\\\/\"},\"sameAs\":[\"https:\\\/\\\/www.facebook.com\\\/redazione.cassanoweb\"]},{\"@type\":\"Person\",\"@id\":\"https:\\\/\\\/archiviocassano.lavocedelpaese.info\\\/#\\\/schema\\\/person\\\/df195bc79a9b4c35127cf005f92e041b\",\"name\":\"admin\",\"image\":{\"@type\":\"ImageObject\",\"inLanguage\":\"it-IT\",\"@id\":\"https:\\\/\\\/secure.gravatar.com\\\/avatar\\\/eabba89a432e8eaa1b0207cc55f7e5340b22712b1ed80677efcf63e02ff5b235?s=96&d=mm&r=g\",\"url\":\"https:\\\/\\\/secure.gravatar.com\\\/avatar\\\/eabba89a432e8eaa1b0207cc55f7e5340b22712b1ed80677efcf63e02ff5b235?s=96&d=mm&r=g\",\"contentUrl\":\"https:\\\/\\\/secure.gravatar.com\\\/avatar\\\/eabba89a432e8eaa1b0207cc55f7e5340b22712b1ed80677efcf63e02ff5b235?s=96&d=mm&r=g\",\"caption\":\"admin\"},\"sameAs\":[\"https:\\\/\\\/archiviocassano.lavocedelpaese.info\"],\"url\":\"https:\\\/\\\/archiviocassano.lavocedelpaese.info\\\/index.php\\\/author\\\/admin_0qgz1xdp\\\/\"}]}<\/script>\n<!-- \/ Yoast SEO plugin. -->","yoast_head_json":{"title":"Pro Loco: il bar \"Agor\u00e0\" \u00e8 la vetrina pi\u00f9 bella - Archivio CassanoWeb","robots":{"index":"index","follow":"follow","max-snippet":"max-snippet:-1","max-image-preview":"max-image-preview:large","max-video-preview":"max-video-preview:-1"},"canonical":"https:\/\/archiviocassano.lavocedelpaese.info\/index.php\/2013\/01\/08\/pro-loco-il-bar-qagoraq-si-aggiudica-il-concorso-per-la-vetrina-piu-bella\/","og_locale":"it_IT","og_type":"article","og_title":"Pro Loco: il bar \"Agor\u00e0\" \u00e8 la vetrina pi\u00f9 bella - Archivio CassanoWeb","og_url":"https:\/\/archiviocassano.lavocedelpaese.info\/index.php\/2013\/01\/08\/pro-loco-il-bar-qagoraq-si-aggiudica-il-concorso-per-la-vetrina-piu-bella\/","og_site_name":"Archivio CassanoWeb","article_publisher":"https:\/\/www.facebook.com\/redazione.cassanoweb","article_published_time":"2013-01-08T06:54:13+00:00","og_image":[{"width":410,"height":200,"url":"https:\/\/archiviocassano.lavocedelpaese.info\/wp-content\/uploads\/2011\/11\/logo_pro_loco.jpg","type":"image\/jpeg"}],"author":"admin","twitter_card":"summary_large_image","twitter_misc":{"Scritto da":"admin","Tempo di lettura stimato":"1 minuto"},"schema":{"@context":"https:\/\/schema.org","@graph":[{"@type":"Article","@id":"https:\/\/archiviocassano.lavocedelpaese.info\/index.php\/2013\/01\/08\/pro-loco-il-bar-qagoraq-si-aggiudica-il-concorso-per-la-vetrina-piu-bella\/#article","isPartOf":{"@id":"https:\/\/archiviocassano.lavocedelpaese.info\/index.php\/2013\/01\/08\/pro-loco-il-bar-qagoraq-si-aggiudica-il-concorso-per-la-vetrina-piu-bella\/"},"author":{"name":"admin","@id":"https:\/\/archiviocassano.lavocedelpaese.info\/#\/schema\/person\/df195bc79a9b4c35127cf005f92e041b"},"headline":"Pro Loco: il bar &#8220;Agor\u00e0&#8221; \u00e8 la vetrina pi\u00f9 bella","datePublished":"2013-01-08T06:54:13+00:00","mainEntityOfPage":{"@id":"https:\/\/archiviocassano.lavocedelpaese.info\/index.php\/2013\/01\/08\/pro-loco-il-bar-qagoraq-si-aggiudica-il-concorso-per-la-vetrina-piu-bella\/"},"wordCount":272,"commentCount":0,"publisher":{"@id":"https:\/\/archiviocassano.lavocedelpaese.info\/#organization"},"image":{"@id":"https:\/\/archiviocassano.lavocedelpaese.info\/index.php\/2013\/01\/08\/pro-loco-il-bar-qagoraq-si-aggiudica-il-concorso-per-la-vetrina-piu-bella\/#primaryimage"},"thumbnailUrl":"https:\/\/archiviocassano.lavocedelpaese.info\/wp-content\/uploads\/2011\/11\/logo_pro_loco.jpg","articleSection":["Attualit\u00e0"],"inLanguage":"it-IT","potentialAction":[{"@type":"CommentAction","name":"Comment","target":["https:\/\/archiviocassano.lavocedelpaese.info\/index.php\/2013\/01\/08\/pro-loco-il-bar-qagoraq-si-aggiudica-il-concorso-per-la-vetrina-piu-bella\/#respond"]}]},{"@type":"WebPage","@id":"https:\/\/archiviocassano.lavocedelpaese.info\/index.php\/2013\/01\/08\/pro-loco-il-bar-qagoraq-si-aggiudica-il-concorso-per-la-vetrina-piu-bella\/","url":"https:\/\/archiviocassano.lavocedelpaese.info\/index.php\/2013\/01\/08\/pro-loco-il-bar-qagoraq-si-aggiudica-il-concorso-per-la-vetrina-piu-bella\/","name":"Pro Loco: il bar \"Agor\u00e0\" \u00e8 la vetrina pi\u00f9 bella - Archivio CassanoWeb","isPartOf":{"@id":"https:\/\/archiviocassano.lavocedelpaese.info\/#website"},"primaryImageOfPage":{"@id":"https:\/\/archiviocassano.lavocedelpaese.info\/index.php\/2013\/01\/08\/pro-loco-il-bar-qagoraq-si-aggiudica-il-concorso-per-la-vetrina-piu-bella\/#primaryimage"},"image":{"@id":"https:\/\/archiviocassano.lavocedelpaese.info\/index.php\/2013\/01\/08\/pro-loco-il-bar-qagoraq-si-aggiudica-il-concorso-per-la-vetrina-piu-bella\/#primaryimage"},"thumbnailUrl":"https:\/\/archiviocassano.lavocedelpaese.info\/wp-content\/uploads\/2011\/11\/logo_pro_loco.jpg","datePublished":"2013-01-08T06:54:13+00:00","breadcrumb":{"@id":"https:\/\/archiviocassano.lavocedelpaese.info\/index.php\/2013\/01\/08\/pro-loco-il-bar-qagoraq-si-aggiudica-il-concorso-per-la-vetrina-piu-bella\/#breadcrumb"},"inLanguage":"it-IT","potentialAction":[{"@type":"ReadAction","target":["https:\/\/archiviocassano.lavocedelpaese.info\/index.php\/2013\/01\/08\/pro-loco-il-bar-qagoraq-si-aggiudica-il-concorso-per-la-vetrina-piu-bella\/"]}]},{"@type":"ImageObject","inLanguage":"it-IT","@id":"https:\/\/archiviocassano.lavocedelpaese.info\/index.php\/2013\/01\/08\/pro-loco-il-bar-qagoraq-si-aggiudica-il-concorso-per-la-vetrina-piu-bella\/#primaryimage","url":"https:\/\/archiviocassano.lavocedelpaese.info\/wp-content\/uploads\/2011\/11\/logo_pro_loco.jpg","contentUrl":"https:\/\/archiviocassano.lavocedelpaese.info\/wp-content\/uploads\/2011\/11\/logo_pro_loco.jpg","width":410,"height":200,"caption":"logo pro loco"},{"@type":"BreadcrumbList","@id":"https:\/\/archiviocassano.lavocedelpaese.info\/index.php\/2013\/01\/08\/pro-loco-il-bar-qagoraq-si-aggiudica-il-concorso-per-la-vetrina-piu-bella\/#breadcrumb","itemListElement":[{"@type":"ListItem","position":1,"name":"Home","item":"https:\/\/archiviocassano.lavocedelpaese.info\/"},{"@type":"ListItem","position":2,"name":"Pro Loco: il bar &#8220;Agor\u00e0&#8221; \u00e8 la vetrina pi\u00f9 bella"}]},{"@type":"WebSite","@id":"https:\/\/archiviocassano.lavocedelpaese.info\/#website","url":"https:\/\/archiviocassano.lavocedelpaese.info\/","name":"Archivio CassanoWeb","description":"La Voce del Paese - un network di idee","publisher":{"@id":"https:\/\/archiviocassano.lavocedelpaese.info\/#organization"},"potentialAction":[{"@type":"SearchAction","target":{"@type":"EntryPoint","urlTemplate":"https:\/\/archiviocassano.lavocedelpaese.info\/?s={search_term_string}"},"query-input":{"@type":"PropertyValueSpecification","valueRequired":true,"valueName":"search_term_string"}}],"inLanguage":"it-IT"},{"@type":"Organization","@id":"https:\/\/archiviocassano.lavocedelpaese.info\/#organization","name":"Archivio CassanoWeb","url":"https:\/\/archiviocassano.lavocedelpaese.info\/","logo":{"@type":"ImageObject","inLanguage":"it-IT","@id":"https:\/\/archiviocassano.lavocedelpaese.info\/#\/schema\/logo\/image\/","url":"https:\/\/archiviocassano.lavocedelpaese.info\/wp-content\/uploads\/2024\/08\/logo-rosso-2.png","contentUrl":"https:\/\/archiviocassano.lavocedelpaese.info\/wp-content\/uploads\/2024\/08\/logo-rosso-2.png","width":491,"height":432,"caption":"Archivio CassanoWeb"},"image":{"@id":"https:\/\/archiviocassano.lavocedelpaese.info\/#\/schema\/logo\/image\/"},"sameAs":["https:\/\/www.facebook.com\/redazione.cassanoweb"]},{"@type":"Person","@id":"https:\/\/archiviocassano.lavocedelpaese.info\/#\/schema\/person\/df195bc79a9b4c35127cf005f92e041b","name":"admin","image":{"@type":"ImageObject","inLanguage":"it-IT","@id":"https:\/\/secure.gravatar.com\/avatar\/eabba89a432e8eaa1b0207cc55f7e5340b22712b1ed80677efcf63e02ff5b235?s=96&d=mm&r=g","url":"https:\/\/secure.gravatar.com\/avatar\/eabba89a432e8eaa1b0207cc55f7e5340b22712b1ed80677efcf63e02ff5b235?s=96&d=mm&r=g","contentUrl":"https:\/\/secure.gravatar.com\/avatar\/eabba89a432e8eaa1b0207cc55f7e5340b22712b1ed80677efcf63e02ff5b235?s=96&d=mm&r=g","caption":"admin"},"sameAs":["https:\/\/archiviocassano.lavocedelpaese.info"],"url":"https:\/\/archiviocassano.lavocedelpaese.info\/index.php\/author\/admin_0qgz1xdp\/"}]}},"_links":{"self":[{"href":"https:\/\/archiviocassano.lavocedelpaese.info\/index.php\/wp-json\/wp\/v2\/posts\/7022","targetHints":{"allow":["GET"]}}],"collection":[{"href":"https:\/\/archiviocassano.lavocedelpaese.info\/index.php\/wp-json\/wp\/v2\/posts"}],"about":[{"href":"https:\/\/archiviocassano.lavocedelpaese.info\/index.php\/wp-json\/wp\/v2\/types\/post"}],"author":[{"embeddable":true,"href":"https:\/\/archiviocassano.lavocedelpaese.info\/index.php\/wp-json\/wp\/v2\/users\/1"}],"replies":[{"embeddable":true,"href":"https:\/\/archiviocassano.lavocedelpaese.info\/index.php\/wp-json\/wp\/v2\/comments?post=7022"}],"version-history":[{"count":0,"href":"https:\/\/archiviocassano.lavocedelpaese.info\/index.php\/wp-json\/wp\/v2\/posts\/7022\/revisions"}],"wp:featuredmedia":[{"embeddable":true,"href":"https:\/\/archiviocassano.lavocedelpaese.info\/index.php\/wp-json\/wp\/v2\/media\/4729"}],"wp:attachment":[{"href":"https:\/\/archiviocassano.lavocedelpaese.info\/index.php\/wp-json\/wp\/v2\/media?parent=7022"}],"wp:term":[{"taxonomy":"category","embeddable":true,"href":"https:\/\/archiviocassano.lavocedelpaese.info\/index.php\/wp-json\/wp\/v2\/categories?post=7022"},{"taxonomy":"post_tag","embeddable":true,"href":"https:\/\/archiviocassano.lavocedelpaese.info\/index.php\/wp-json\/wp\/v2\/tags?post=7022"}],"curies":[{"name":"wp","href":"https:\/\/api.w.org\/{rel}","templated":true}]}}