{"id":7044,"date":"2013-01-13T09:04:13","date_gmt":"2013-01-13T09:04:13","guid":{"rendered":"https:\/\/archiviocassano.lavocedelpaese.info\/index.php\/2013\/01\/13\/commercio-dalla-regione-un-bando-anticrisi\/"},"modified":"2013-01-13T09:04:13","modified_gmt":"2013-01-13T09:04:13","slug":"commercio-dalla-regione-un-bando-anticrisi","status":"publish","type":"post","link":"https:\/\/archiviocassano.lavocedelpaese.info\/index.php\/2013\/01\/13\/commercio-dalla-regione-un-bando-anticrisi\/","title":{"rendered":"Commercio: dalla Regione un Bando anticrisi"},"content":{"rendered":"<p><img loading=\"lazy\" decoding=\"async\" class=\" size-full wp-image-7043\" style=\"margin-right: 2px; margin-left: 2px;\" alt=\"negozio 1\" src=\"https:\/\/archiviocassano.lavocedelpaese.info\/wp-content\/uploads\/2013\/01\/negozio_1.jpg\" height=\"150\" width=\"320\" \/><\/p>\n<p><!--more--><\/p>\n<p style=\"text-align: justify;\">Negozi nuovi e pi\u00f9 attrattivi nei centri storici e nelle vie cittadine a maggiore vocazione commerciale, sistemi di sicurezza innovativi, attenzione per l\u2019ambiente, strumentazione d\u2019avanguardia e bancarelle moderne e coordinate nei mercati rionali, mentre si fa strada il pi\u00f9 moderno e-commerce. \u00c8 questo il futuro voluto dalla Regione per il piccolo commercio made in Puglia. Un futuro agevolato da un nuovo bando che rivitalizza e riqualifica i piccoli e piccolissimi esercizi commerciali, offre possibilit\u00e0 di lavoro per chi vuole aprire nuovi esercizi &#8211; con una particolare attenzione alle donne &#8211; e risolleva dalla crisi il piccolo commercio.<\/p>\n<div class=\"newstesto\">\n<p style=\"text-align: justify;\">Il bando predisposto dal servizio Attivit\u00e0 economiche e Consumatori e presentato stamattina dalla vicepresidente e assessore allo Sviluppo economico della Regione Puglia, vale pi\u00f9 di 6 milioni e mezzo di euro e permette ai piccoli commercianti pugliesi di migliorare la propria attivit\u00e0 o li aiuta ad aprirne una nuova.<\/p>\n<p style=\"text-align: justify;\">L\u2019intervento si rivolge ad un settore economico, il commercio, che conta da solo in tutta la regione 103.120 imprese attive, cio\u00e8 il 30,6% delle aziende pugliesi di ogni settore. Si tratta in assoluto del comparto economico pi\u00f9 rilevante della Puglia ma allo stesso tempo di uno dei pi\u00f9 danneggiati dalla crisi, particolarmente aggressiva nei confronti dei piccoli esercizi. Il bando che si chiama per intero \u201cInterventi a favore delle Pmi nel settore del commercio\u201d ha infatti una funzione fortemente anticiclica. L\u2019intensit\u00e0 di aiuto \u00e8 praticamente inedita: si tratta del 70% delle spese ammissibili (l\u2019ultimo bando per il commercio si fermava al 50%). <strong>Ogni commerciante potr\u00e0 avere a propria disposizione fino a 25mila euro a fondo perduto, mentre per le associazioni di via o di strada la somma raddoppia a 50mila.<\/strong><\/p>\n<p style=\"text-align: justify;\">In sostanza, per un investimento di circa 36mila euro, il commerciante ne ricever\u00e0 25mila dalla Regione. Sulle proprie tasche peserebbe solo una spesa da 11mila euro. Non \u00e8 l\u2019unica novit\u00e0: <strong>per la prima volta l\u2019agevolazione \u00e8 rivolta esclusivamente agli esercizi commerciali cosiddetti di vicinato, quindi piccoli e con sede nei centri storici e nelle zone della citt\u00e0 a vocazione commerciale<\/strong>; per la prima volta l\u2019attivit\u00e0 commerciale pu\u00f2 essere anche esclusivamente on-line, perch\u00e9 viene agevolato l\u2019e-commerce; per la prima volta in un bando destinato al commercio l\u2019accesso \u00e8 esclusivamente telematico e richiede il possesso della pec e della firma digitale sia per il commerciante che per i suoi fornitori. Cos\u00ec potranno essere agevolati almeno 223 piccoli esercizi e 120 imprese associate per un totale di 343 esercizi, considerando che tutti chiedano il massimo contributo, cio\u00e8 25mila euro. Se la richiesta, come avviene spesso, si fermasse ad una somma inferiore, la platea dei beneficiari si allargherebbe ulteriormente.<\/p>\n<p style=\"text-align: justify;\"><strong>Il bando pubblicato ieri sul Bollettino ufficiale, \u00e8 aperto dal 4 marzo al 4 aprile 2013.<\/strong><\/p>\n<p>Per accedere occorre seguire la procedura telematica indicata sul portale <a target=\"_blank\" href=\"http:\/\/www.sistema.puglia.it\" rel=\"noopener\">www.sistema.puglia.it<\/a>, nella sezione \u201cBandi in corso\u201d.<\/p>\n<p style=\"text-align: justify;\">Chi arriva prima si aggiudica l\u2019incentivo: la graduatoria sar\u00e0 predisposta infatti sulla base dell\u2019ordine cronologico di presentazione della domanda e fino ad esaurimento delle risorse disponibili. L\u2019intervento fa parte di un programma strategico triennale del valore di 13 milioni di euro (fondi statali e regionali), finalizzato alla realizzazione dei Distretti urbani del Commercio, per il quale sono stati gi\u00e0 varati altri due bandi del valore complessivo di 6,45 milioni di euro. Il Bando Uscito ieri sul Bollettino ufficiale della Regione Puglia il bando \u201cInterventi a favore delle Pmi nel settore del commercio\u201d, ha un valore di 6.579.387 euro provenienti da fondi statali (delibera Cipe) e regionali riservati a imprese commerciali. Di questa somma 1 milione \u00e8 espressamente riservato ai progetti delle associazioni di via e dei consorzi. L\u2019intervento si rivolge ai piccoli commercianti dei centri storici e delle vie cittadine tradizionalmente ricche di negozi, ma anche alle edicole, ai piccoli ristoranti, alle pizzerie, ai bar, alle associazioni tra commercianti di una stessa via o di una stessa strada, ai consorzi costituiti tra imprese di commercio al dettaglio o tra commercianti dei mercati rionali. D\u00e0 la possibilit\u00e0 di ampliare l\u2019attivit\u00e0, di dotarla di strumentazioni nuove, di sistemi di sicurezza innovativi, di acquisire servizi, studi e progetti, di affrontare le spese per programmi a tutela dell\u2019ambiente e delle risorse naturali. In pratica sar\u00e0 possibile ammodernare, ampliare, ristrutturare e trasferire la propria attivit\u00e0, ma anche aprirne una ex novo preferibilmente in centri storici o a vocazione commerciale, con la condizione che l\u2019esercizio non sia pi\u00f9 grande di 250 mq.<\/p>\n<p style=\"text-align: justify;\">La graduatoria verr\u00e0 predisposta sulla base dell\u2019ordine cronologico di presentazione delle domande e fino ad esaurimento delle risorse disponibili. A parit\u00e0 di ordine cronologico di data ed ora, le richieste ammissibili verranno inserite nell\u2019elenco dei progetti finanziabili sulla base dei alcuni criteri: interventi realizzati nei centri storici; imprese a prevalente gestione femminile; progetto di e-commerce; progetto che contribuisce alla diffusione dell\u2019innovazione tecnologica e dei sistemi di sicurezza; progetto che contribuisce alla tutela dell\u2019ambiente e delle risorse naturali. I tempi di realizzazione sono totalizzati in 12 mesi dalla concessione provvisoria delle agevolazioni. I Distretti urbani del Commercio Il bando fa parte di un programma strategico triennale del valore di 13 milioni di euro, per il quale sono stati varati altri due interventi. Il primo, con risorse pari ad oltre 4 milioni di euro, agevola i Comuni della Puglia, perch\u00e9 attivino progetti di riqualificazione e rivitalizzazione del sistema distributivo; l\u2019altro, da 2,4 milioni, aiuta i Centri di assistenza tecnica (Cat) a favorire lo sviluppo di processi di ammodernamento della rete distributiva.<\/p>\n<\/div>\n<p>&nbsp;<\/p>\n<p>&nbsp;<\/p>\n","protected":false},"excerpt":{"rendered":"","protected":false},"author":1,"featured_media":7043,"comment_status":"open","ping_status":"closed","sticky":false,"template":"","format":"standard","meta":{"colormag_page_container_layout":"default_layout","colormag_page_sidebar_layout":"default_layout","footnotes":""},"categories":[13],"tags":[],"class_list":["post-7044","post","type-post","status-publish","format-standard","has-post-thumbnail","hentry","category-economia"],"yoast_head":"<!-- This site is optimized with the Yoast SEO plugin v27.5 - https:\/\/yoast.com\/product\/yoast-seo-wordpress\/ -->\n<title>Commercio: dalla Regione un Bando anticrisi - Archivio CassanoWeb<\/title>\n<meta name=\"robots\" content=\"index, follow, max-snippet:-1, max-image-preview:large, max-video-preview:-1\" \/>\n<link rel=\"canonical\" href=\"https:\/\/archiviocassano.lavocedelpaese.info\/index.php\/2013\/01\/13\/commercio-dalla-regione-un-bando-anticrisi\/\" \/>\n<meta property=\"og:locale\" content=\"it_IT\" \/>\n<meta property=\"og:type\" content=\"article\" \/>\n<meta property=\"og:title\" content=\"Commercio: dalla Regione un Bando anticrisi - Archivio CassanoWeb\" \/>\n<meta property=\"og:url\" content=\"https:\/\/archiviocassano.lavocedelpaese.info\/index.php\/2013\/01\/13\/commercio-dalla-regione-un-bando-anticrisi\/\" \/>\n<meta property=\"og:site_name\" content=\"Archivio CassanoWeb\" \/>\n<meta property=\"article:publisher\" content=\"https:\/\/www.facebook.com\/redazione.cassanoweb\" \/>\n<meta property=\"article:published_time\" content=\"2013-01-13T09:04:13+00:00\" \/>\n<meta property=\"og:image\" content=\"https:\/\/archiviocassano.lavocedelpaese.info\/wp-content\/uploads\/2013\/01\/negozio_1.jpg\" \/>\n\t<meta property=\"og:image:width\" content=\"800\" \/>\n\t<meta property=\"og:image:height\" content=\"533\" \/>\n\t<meta property=\"og:image:type\" content=\"image\/jpeg\" \/>\n<meta name=\"author\" content=\"admin\" \/>\n<meta name=\"twitter:card\" content=\"summary_large_image\" \/>\n<meta name=\"twitter:label1\" content=\"Scritto da\" \/>\n\t<meta name=\"twitter:data1\" content=\"admin\" \/>\n\t<meta name=\"twitter:label2\" content=\"Tempo di lettura stimato\" \/>\n\t<meta name=\"twitter:data2\" content=\"4 minuti\" \/>\n<script type=\"application\/ld+json\" class=\"yoast-schema-graph\">{\"@context\":\"https:\\\/\\\/schema.org\",\"@graph\":[{\"@type\":\"Article\",\"@id\":\"https:\\\/\\\/archiviocassano.lavocedelpaese.info\\\/index.php\\\/2013\\\/01\\\/13\\\/commercio-dalla-regione-un-bando-anticrisi\\\/#article\",\"isPartOf\":{\"@id\":\"https:\\\/\\\/archiviocassano.lavocedelpaese.info\\\/index.php\\\/2013\\\/01\\\/13\\\/commercio-dalla-regione-un-bando-anticrisi\\\/\"},\"author\":{\"name\":\"admin\",\"@id\":\"https:\\\/\\\/archiviocassano.lavocedelpaese.info\\\/#\\\/schema\\\/person\\\/df195bc79a9b4c35127cf005f92e041b\"},\"headline\":\"Commercio: dalla Regione un Bando anticrisi\",\"datePublished\":\"2013-01-13T09:04:13+00:00\",\"mainEntityOfPage\":{\"@id\":\"https:\\\/\\\/archiviocassano.lavocedelpaese.info\\\/index.php\\\/2013\\\/01\\\/13\\\/commercio-dalla-regione-un-bando-anticrisi\\\/\"},\"wordCount\":894,\"commentCount\":0,\"publisher\":{\"@id\":\"https:\\\/\\\/archiviocassano.lavocedelpaese.info\\\/#organization\"},\"image\":{\"@id\":\"https:\\\/\\\/archiviocassano.lavocedelpaese.info\\\/index.php\\\/2013\\\/01\\\/13\\\/commercio-dalla-regione-un-bando-anticrisi\\\/#primaryimage\"},\"thumbnailUrl\":\"https:\\\/\\\/archiviocassano.lavocedelpaese.info\\\/wp-content\\\/uploads\\\/2013\\\/01\\\/negozio_1.jpg\",\"articleSection\":[\"Economia\"],\"inLanguage\":\"it-IT\",\"potentialAction\":[{\"@type\":\"CommentAction\",\"name\":\"Comment\",\"target\":[\"https:\\\/\\\/archiviocassano.lavocedelpaese.info\\\/index.php\\\/2013\\\/01\\\/13\\\/commercio-dalla-regione-un-bando-anticrisi\\\/#respond\"]}]},{\"@type\":\"WebPage\",\"@id\":\"https:\\\/\\\/archiviocassano.lavocedelpaese.info\\\/index.php\\\/2013\\\/01\\\/13\\\/commercio-dalla-regione-un-bando-anticrisi\\\/\",\"url\":\"https:\\\/\\\/archiviocassano.lavocedelpaese.info\\\/index.php\\\/2013\\\/01\\\/13\\\/commercio-dalla-regione-un-bando-anticrisi\\\/\",\"name\":\"Commercio: dalla Regione un Bando anticrisi - Archivio CassanoWeb\",\"isPartOf\":{\"@id\":\"https:\\\/\\\/archiviocassano.lavocedelpaese.info\\\/#website\"},\"primaryImageOfPage\":{\"@id\":\"https:\\\/\\\/archiviocassano.lavocedelpaese.info\\\/index.php\\\/2013\\\/01\\\/13\\\/commercio-dalla-regione-un-bando-anticrisi\\\/#primaryimage\"},\"image\":{\"@id\":\"https:\\\/\\\/archiviocassano.lavocedelpaese.info\\\/index.php\\\/2013\\\/01\\\/13\\\/commercio-dalla-regione-un-bando-anticrisi\\\/#primaryimage\"},\"thumbnailUrl\":\"https:\\\/\\\/archiviocassano.lavocedelpaese.info\\\/wp-content\\\/uploads\\\/2013\\\/01\\\/negozio_1.jpg\",\"datePublished\":\"2013-01-13T09:04:13+00:00\",\"breadcrumb\":{\"@id\":\"https:\\\/\\\/archiviocassano.lavocedelpaese.info\\\/index.php\\\/2013\\\/01\\\/13\\\/commercio-dalla-regione-un-bando-anticrisi\\\/#breadcrumb\"},\"inLanguage\":\"it-IT\",\"potentialAction\":[{\"@type\":\"ReadAction\",\"target\":[\"https:\\\/\\\/archiviocassano.lavocedelpaese.info\\\/index.php\\\/2013\\\/01\\\/13\\\/commercio-dalla-regione-un-bando-anticrisi\\\/\"]}]},{\"@type\":\"ImageObject\",\"inLanguage\":\"it-IT\",\"@id\":\"https:\\\/\\\/archiviocassano.lavocedelpaese.info\\\/index.php\\\/2013\\\/01\\\/13\\\/commercio-dalla-regione-un-bando-anticrisi\\\/#primaryimage\",\"url\":\"https:\\\/\\\/archiviocassano.lavocedelpaese.info\\\/wp-content\\\/uploads\\\/2013\\\/01\\\/negozio_1.jpg\",\"contentUrl\":\"https:\\\/\\\/archiviocassano.lavocedelpaese.info\\\/wp-content\\\/uploads\\\/2013\\\/01\\\/negozio_1.jpg\",\"width\":800,\"height\":533,\"caption\":\"negozio 1\"},{\"@type\":\"BreadcrumbList\",\"@id\":\"https:\\\/\\\/archiviocassano.lavocedelpaese.info\\\/index.php\\\/2013\\\/01\\\/13\\\/commercio-dalla-regione-un-bando-anticrisi\\\/#breadcrumb\",\"itemListElement\":[{\"@type\":\"ListItem\",\"position\":1,\"name\":\"Home\",\"item\":\"https:\\\/\\\/archiviocassano.lavocedelpaese.info\\\/\"},{\"@type\":\"ListItem\",\"position\":2,\"name\":\"Commercio: dalla Regione un Bando anticrisi\"}]},{\"@type\":\"WebSite\",\"@id\":\"https:\\\/\\\/archiviocassano.lavocedelpaese.info\\\/#website\",\"url\":\"https:\\\/\\\/archiviocassano.lavocedelpaese.info\\\/\",\"name\":\"Archivio CassanoWeb\",\"description\":\"La Voce del Paese - un network di idee\",\"publisher\":{\"@id\":\"https:\\\/\\\/archiviocassano.lavocedelpaese.info\\\/#organization\"},\"potentialAction\":[{\"@type\":\"SearchAction\",\"target\":{\"@type\":\"EntryPoint\",\"urlTemplate\":\"https:\\\/\\\/archiviocassano.lavocedelpaese.info\\\/?s={search_term_string}\"},\"query-input\":{\"@type\":\"PropertyValueSpecification\",\"valueRequired\":true,\"valueName\":\"search_term_string\"}}],\"inLanguage\":\"it-IT\"},{\"@type\":\"Organization\",\"@id\":\"https:\\\/\\\/archiviocassano.lavocedelpaese.info\\\/#organization\",\"name\":\"Archivio CassanoWeb\",\"url\":\"https:\\\/\\\/archiviocassano.lavocedelpaese.info\\\/\",\"logo\":{\"@type\":\"ImageObject\",\"inLanguage\":\"it-IT\",\"@id\":\"https:\\\/\\\/archiviocassano.lavocedelpaese.info\\\/#\\\/schema\\\/logo\\\/image\\\/\",\"url\":\"https:\\\/\\\/archiviocassano.lavocedelpaese.info\\\/wp-content\\\/uploads\\\/2024\\\/08\\\/logo-rosso-2.png\",\"contentUrl\":\"https:\\\/\\\/archiviocassano.lavocedelpaese.info\\\/wp-content\\\/uploads\\\/2024\\\/08\\\/logo-rosso-2.png\",\"width\":491,\"height\":432,\"caption\":\"Archivio CassanoWeb\"},\"image\":{\"@id\":\"https:\\\/\\\/archiviocassano.lavocedelpaese.info\\\/#\\\/schema\\\/logo\\\/image\\\/\"},\"sameAs\":[\"https:\\\/\\\/www.facebook.com\\\/redazione.cassanoweb\"]},{\"@type\":\"Person\",\"@id\":\"https:\\\/\\\/archiviocassano.lavocedelpaese.info\\\/#\\\/schema\\\/person\\\/df195bc79a9b4c35127cf005f92e041b\",\"name\":\"admin\",\"image\":{\"@type\":\"ImageObject\",\"inLanguage\":\"it-IT\",\"@id\":\"https:\\\/\\\/secure.gravatar.com\\\/avatar\\\/eabba89a432e8eaa1b0207cc55f7e5340b22712b1ed80677efcf63e02ff5b235?s=96&d=mm&r=g\",\"url\":\"https:\\\/\\\/secure.gravatar.com\\\/avatar\\\/eabba89a432e8eaa1b0207cc55f7e5340b22712b1ed80677efcf63e02ff5b235?s=96&d=mm&r=g\",\"contentUrl\":\"https:\\\/\\\/secure.gravatar.com\\\/avatar\\\/eabba89a432e8eaa1b0207cc55f7e5340b22712b1ed80677efcf63e02ff5b235?s=96&d=mm&r=g\",\"caption\":\"admin\"},\"sameAs\":[\"https:\\\/\\\/archiviocassano.lavocedelpaese.info\"],\"url\":\"https:\\\/\\\/archiviocassano.lavocedelpaese.info\\\/index.php\\\/author\\\/admin_0qgz1xdp\\\/\"}]}<\/script>\n<!-- \/ Yoast SEO plugin. -->","yoast_head_json":{"title":"Commercio: dalla Regione un Bando anticrisi - Archivio CassanoWeb","robots":{"index":"index","follow":"follow","max-snippet":"max-snippet:-1","max-image-preview":"max-image-preview:large","max-video-preview":"max-video-preview:-1"},"canonical":"https:\/\/archiviocassano.lavocedelpaese.info\/index.php\/2013\/01\/13\/commercio-dalla-regione-un-bando-anticrisi\/","og_locale":"it_IT","og_type":"article","og_title":"Commercio: dalla Regione un Bando anticrisi - Archivio CassanoWeb","og_url":"https:\/\/archiviocassano.lavocedelpaese.info\/index.php\/2013\/01\/13\/commercio-dalla-regione-un-bando-anticrisi\/","og_site_name":"Archivio CassanoWeb","article_publisher":"https:\/\/www.facebook.com\/redazione.cassanoweb","article_published_time":"2013-01-13T09:04:13+00:00","og_image":[{"width":800,"height":533,"url":"https:\/\/archiviocassano.lavocedelpaese.info\/wp-content\/uploads\/2013\/01\/negozio_1.jpg","type":"image\/jpeg"}],"author":"admin","twitter_card":"summary_large_image","twitter_misc":{"Scritto da":"admin","Tempo di lettura stimato":"4 minuti"},"schema":{"@context":"https:\/\/schema.org","@graph":[{"@type":"Article","@id":"https:\/\/archiviocassano.lavocedelpaese.info\/index.php\/2013\/01\/13\/commercio-dalla-regione-un-bando-anticrisi\/#article","isPartOf":{"@id":"https:\/\/archiviocassano.lavocedelpaese.info\/index.php\/2013\/01\/13\/commercio-dalla-regione-un-bando-anticrisi\/"},"author":{"name":"admin","@id":"https:\/\/archiviocassano.lavocedelpaese.info\/#\/schema\/person\/df195bc79a9b4c35127cf005f92e041b"},"headline":"Commercio: dalla Regione un Bando anticrisi","datePublished":"2013-01-13T09:04:13+00:00","mainEntityOfPage":{"@id":"https:\/\/archiviocassano.lavocedelpaese.info\/index.php\/2013\/01\/13\/commercio-dalla-regione-un-bando-anticrisi\/"},"wordCount":894,"commentCount":0,"publisher":{"@id":"https:\/\/archiviocassano.lavocedelpaese.info\/#organization"},"image":{"@id":"https:\/\/archiviocassano.lavocedelpaese.info\/index.php\/2013\/01\/13\/commercio-dalla-regione-un-bando-anticrisi\/#primaryimage"},"thumbnailUrl":"https:\/\/archiviocassano.lavocedelpaese.info\/wp-content\/uploads\/2013\/01\/negozio_1.jpg","articleSection":["Economia"],"inLanguage":"it-IT","potentialAction":[{"@type":"CommentAction","name":"Comment","target":["https:\/\/archiviocassano.lavocedelpaese.info\/index.php\/2013\/01\/13\/commercio-dalla-regione-un-bando-anticrisi\/#respond"]}]},{"@type":"WebPage","@id":"https:\/\/archiviocassano.lavocedelpaese.info\/index.php\/2013\/01\/13\/commercio-dalla-regione-un-bando-anticrisi\/","url":"https:\/\/archiviocassano.lavocedelpaese.info\/index.php\/2013\/01\/13\/commercio-dalla-regione-un-bando-anticrisi\/","name":"Commercio: dalla Regione un Bando anticrisi - Archivio CassanoWeb","isPartOf":{"@id":"https:\/\/archiviocassano.lavocedelpaese.info\/#website"},"primaryImageOfPage":{"@id":"https:\/\/archiviocassano.lavocedelpaese.info\/index.php\/2013\/01\/13\/commercio-dalla-regione-un-bando-anticrisi\/#primaryimage"},"image":{"@id":"https:\/\/archiviocassano.lavocedelpaese.info\/index.php\/2013\/01\/13\/commercio-dalla-regione-un-bando-anticrisi\/#primaryimage"},"thumbnailUrl":"https:\/\/archiviocassano.lavocedelpaese.info\/wp-content\/uploads\/2013\/01\/negozio_1.jpg","datePublished":"2013-01-13T09:04:13+00:00","breadcrumb":{"@id":"https:\/\/archiviocassano.lavocedelpaese.info\/index.php\/2013\/01\/13\/commercio-dalla-regione-un-bando-anticrisi\/#breadcrumb"},"inLanguage":"it-IT","potentialAction":[{"@type":"ReadAction","target":["https:\/\/archiviocassano.lavocedelpaese.info\/index.php\/2013\/01\/13\/commercio-dalla-regione-un-bando-anticrisi\/"]}]},{"@type":"ImageObject","inLanguage":"it-IT","@id":"https:\/\/archiviocassano.lavocedelpaese.info\/index.php\/2013\/01\/13\/commercio-dalla-regione-un-bando-anticrisi\/#primaryimage","url":"https:\/\/archiviocassano.lavocedelpaese.info\/wp-content\/uploads\/2013\/01\/negozio_1.jpg","contentUrl":"https:\/\/archiviocassano.lavocedelpaese.info\/wp-content\/uploads\/2013\/01\/negozio_1.jpg","width":800,"height":533,"caption":"negozio 1"},{"@type":"BreadcrumbList","@id":"https:\/\/archiviocassano.lavocedelpaese.info\/index.php\/2013\/01\/13\/commercio-dalla-regione-un-bando-anticrisi\/#breadcrumb","itemListElement":[{"@type":"ListItem","position":1,"name":"Home","item":"https:\/\/archiviocassano.lavocedelpaese.info\/"},{"@type":"ListItem","position":2,"name":"Commercio: dalla Regione un Bando anticrisi"}]},{"@type":"WebSite","@id":"https:\/\/archiviocassano.lavocedelpaese.info\/#website","url":"https:\/\/archiviocassano.lavocedelpaese.info\/","name":"Archivio CassanoWeb","description":"La Voce del Paese - un network di idee","publisher":{"@id":"https:\/\/archiviocassano.lavocedelpaese.info\/#organization"},"potentialAction":[{"@type":"SearchAction","target":{"@type":"EntryPoint","urlTemplate":"https:\/\/archiviocassano.lavocedelpaese.info\/?s={search_term_string}"},"query-input":{"@type":"PropertyValueSpecification","valueRequired":true,"valueName":"search_term_string"}}],"inLanguage":"it-IT"},{"@type":"Organization","@id":"https:\/\/archiviocassano.lavocedelpaese.info\/#organization","name":"Archivio CassanoWeb","url":"https:\/\/archiviocassano.lavocedelpaese.info\/","logo":{"@type":"ImageObject","inLanguage":"it-IT","@id":"https:\/\/archiviocassano.lavocedelpaese.info\/#\/schema\/logo\/image\/","url":"https:\/\/archiviocassano.lavocedelpaese.info\/wp-content\/uploads\/2024\/08\/logo-rosso-2.png","contentUrl":"https:\/\/archiviocassano.lavocedelpaese.info\/wp-content\/uploads\/2024\/08\/logo-rosso-2.png","width":491,"height":432,"caption":"Archivio CassanoWeb"},"image":{"@id":"https:\/\/archiviocassano.lavocedelpaese.info\/#\/schema\/logo\/image\/"},"sameAs":["https:\/\/www.facebook.com\/redazione.cassanoweb"]},{"@type":"Person","@id":"https:\/\/archiviocassano.lavocedelpaese.info\/#\/schema\/person\/df195bc79a9b4c35127cf005f92e041b","name":"admin","image":{"@type":"ImageObject","inLanguage":"it-IT","@id":"https:\/\/secure.gravatar.com\/avatar\/eabba89a432e8eaa1b0207cc55f7e5340b22712b1ed80677efcf63e02ff5b235?s=96&d=mm&r=g","url":"https:\/\/secure.gravatar.com\/avatar\/eabba89a432e8eaa1b0207cc55f7e5340b22712b1ed80677efcf63e02ff5b235?s=96&d=mm&r=g","contentUrl":"https:\/\/secure.gravatar.com\/avatar\/eabba89a432e8eaa1b0207cc55f7e5340b22712b1ed80677efcf63e02ff5b235?s=96&d=mm&r=g","caption":"admin"},"sameAs":["https:\/\/archiviocassano.lavocedelpaese.info"],"url":"https:\/\/archiviocassano.lavocedelpaese.info\/index.php\/author\/admin_0qgz1xdp\/"}]}},"_links":{"self":[{"href":"https:\/\/archiviocassano.lavocedelpaese.info\/index.php\/wp-json\/wp\/v2\/posts\/7044","targetHints":{"allow":["GET"]}}],"collection":[{"href":"https:\/\/archiviocassano.lavocedelpaese.info\/index.php\/wp-json\/wp\/v2\/posts"}],"about":[{"href":"https:\/\/archiviocassano.lavocedelpaese.info\/index.php\/wp-json\/wp\/v2\/types\/post"}],"author":[{"embeddable":true,"href":"https:\/\/archiviocassano.lavocedelpaese.info\/index.php\/wp-json\/wp\/v2\/users\/1"}],"replies":[{"embeddable":true,"href":"https:\/\/archiviocassano.lavocedelpaese.info\/index.php\/wp-json\/wp\/v2\/comments?post=7044"}],"version-history":[{"count":0,"href":"https:\/\/archiviocassano.lavocedelpaese.info\/index.php\/wp-json\/wp\/v2\/posts\/7044\/revisions"}],"wp:featuredmedia":[{"embeddable":true,"href":"https:\/\/archiviocassano.lavocedelpaese.info\/index.php\/wp-json\/wp\/v2\/media\/7043"}],"wp:attachment":[{"href":"https:\/\/archiviocassano.lavocedelpaese.info\/index.php\/wp-json\/wp\/v2\/media?parent=7044"}],"wp:term":[{"taxonomy":"category","embeddable":true,"href":"https:\/\/archiviocassano.lavocedelpaese.info\/index.php\/wp-json\/wp\/v2\/categories?post=7044"},{"taxonomy":"post_tag","embeddable":true,"href":"https:\/\/archiviocassano.lavocedelpaese.info\/index.php\/wp-json\/wp\/v2\/tags?post=7044"}],"curies":[{"name":"wp","href":"https:\/\/api.w.org\/{rel}","templated":true}]}}