{"id":7070,"date":"2013-01-19T20:50:56","date_gmt":"2013-01-19T20:50:56","guid":{"rendered":"https:\/\/archiviocassano.lavocedelpaese.info\/index.php\/2013\/01\/19\/tzunami-tour-grillo-infiamma-il-palaflorio-nonostante-il-freddo\/"},"modified":"2013-01-19T20:50:56","modified_gmt":"2013-01-19T20:50:56","slug":"tzunami-tour-grillo-infiamma-il-palaflorio-nonostante-il-freddo","status":"publish","type":"post","link":"https:\/\/archiviocassano.lavocedelpaese.info\/index.php\/2013\/01\/19\/tzunami-tour-grillo-infiamma-il-palaflorio-nonostante-il-freddo\/","title":{"rendered":"Tzunami tour! Grillo infiamma il Palaflorio. Domenica a Matera"},"content":{"rendered":"<p><img loading=\"lazy\" decoding=\"async\" class=\" size-full wp-image-7069\" style=\"margin-right: 2px; margin-left: 2px;\" alt=\"tsunami a bari\" src=\"https:\/\/archiviocassano.lavocedelpaese.info\/wp-content\/uploads\/2013\/01\/tsunami_a_bari.jpeg\" height=\"150\" width=\"320\" \/><\/p>\n<p><!--more--><\/p>\n<p style=\"text-align: justify;\">Quello di ieri sera, era un Palaflorio pieno di gente, di ogni et\u00e0.<\/p>\n<p style=\"text-align: justify;\">Frutto di un consenso ricevuto senza andare in televisione. Con la forza della rete e dei contenuti del movimento.<\/p>\n<p style=\"text-align: justify;\">&lt;&lt; Populista !! &gt;&gt;, &lt;&lt; Demagogo!! &gt;&gt;.<\/p>\n<p style=\"text-align: justify;\">Si fa prendere in giro Grillo, chiede di alternare dagli spalti di destra e poi da quelli di sinistra, questi intermezzi da cabaret, ma non \u00e8 solo cabaret.<\/p>\n<p style=\"text-align: justify;\">&lt;&lt; Le banche italiane prendono un sacco di soldi da quella centrale europea, dove vanno a finire questi soldi? In investimenti bancari di profitto solo per loro stesse, perche per i cittadini, per i piccoli imprenditori il rubinetto \u00e8 chiuso. E la politica cosa fa? Mette il redditometro! Il redditometro che scandaglia le famiglie e del quale oggi non si conosce n\u00e9 il padre n\u00e9 la madre &gt;&gt;.<\/p>\n<p style=\"text-align: justify;\">Ammette di sentirsi un visionario, un idealista, che propone altre ricette.<\/p>\n<p style=\"text-align: justify;\">Ci vorr\u00e0 tempo, a Grillo non interessa vincere le elezioni, importante &lt;&lt; \u00e8 portare una nostra pattuglia che filma tutto, in parlamento come nelle commissioni, e che proponga una visione diversa dell\u2019energia, dell\u2019economia, della qualit\u00e0 della vita &gt;&gt;.<\/p>\n<p style=\"text-align: justify;\"><span class=\"uficommentbody\">Durante la serata presenta i candidati pugliesi &lt;&lt; quelli che prenderanno 2500 euro al mese, restituendo il resto in un fondo per la piccola imprenditoria come hanno fatto in Sicilia, che parteciperanno all&#8217;80% delle riunioni parlamentari, che avranno massimo due mandati, che non lasceranno un incarico per proporsi per un altro, che non hanno condanne in nessun grado, che sono spinti da cittadini puliti e movimenti basati su temi locali per la qualit\u00e0 della vita &gt;&gt;.<\/span><\/p>\n<p>&nbsp;<\/p>\n<p style=\"text-align: justify;\">Il 24 e 25 febbraio, si potr\u00e0 anche raggiungere pi\u00f9 del 14%, ma Grillo \u00e8 lungimirante, punta al 100% , per poi sciogliere il movimento, quando cio\u00e8 i cittadini si saranno riappropriati consapevolmente della cosa pubblica e della sua gestione.<\/p>\n<p style=\"text-align: justify;\">Ci vorranno decenni, quelli che basteranno a far capire alla gente che i cittadini devono tutti partecipare.<\/p>\n<p style=\"text-align: justify;\">E\u2019 un fiume in piena, il suo intervento dura pi\u00f9 di un ora. Ce l\u2019ha con i politici candidati a queste elezioni nazionali , che sono incapaci di curare la malattia che loro stessi hanno creato, e ce l\u2019ha anche con i giornalisti, i -pennivendoli- che trasformano le sue frasi per togliere consenso.<\/p>\n<p style=\"text-align: justify;\">&lt;&lt; Ho 65 anni, potevo fare il pensionato, ho soldi ed una famiglia splendida per farlo, ma mi sono tuffato in mare, ho fatto tre km a nuoto, e abbiamo conquistato la Sicilia! &gt;&gt;.<\/p>\n<p><strong>&nbsp;Domenica 20 gennaio appuntamento a Matera: alle ore 17.00 Beppe Grillo sar\u00e0 in piazza Vittorio Veneto.<\/strong><\/p>\n<p>&nbsp;<\/p>\n","protected":false},"excerpt":{"rendered":"","protected":false},"author":1,"featured_media":7069,"comment_status":"open","ping_status":"closed","sticky":false,"template":"","format":"standard","meta":{"colormag_page_container_layout":"default_layout","colormag_page_sidebar_layout":"default_layout","footnotes":""},"categories":[4],"tags":[],"class_list":["post-7070","post","type-post","status-publish","format-standard","has-post-thumbnail","hentry","category-politica"],"yoast_head":"<!-- This site is optimized with the Yoast SEO plugin v27.5 - https:\/\/yoast.com\/product\/yoast-seo-wordpress\/ -->\n<title>Tzunami tour! Grillo infiamma il Palaflorio. Domenica a Matera - Archivio CassanoWeb<\/title>\n<meta name=\"robots\" content=\"index, follow, max-snippet:-1, max-image-preview:large, max-video-preview:-1\" \/>\n<link rel=\"canonical\" href=\"https:\/\/archiviocassano.lavocedelpaese.info\/index.php\/2013\/01\/19\/tzunami-tour-grillo-infiamma-il-palaflorio-nonostante-il-freddo\/\" \/>\n<meta property=\"og:locale\" content=\"it_IT\" \/>\n<meta property=\"og:type\" content=\"article\" \/>\n<meta property=\"og:title\" content=\"Tzunami tour! Grillo infiamma il Palaflorio. Domenica a Matera - Archivio CassanoWeb\" \/>\n<meta property=\"og:url\" content=\"https:\/\/archiviocassano.lavocedelpaese.info\/index.php\/2013\/01\/19\/tzunami-tour-grillo-infiamma-il-palaflorio-nonostante-il-freddo\/\" \/>\n<meta property=\"og:site_name\" content=\"Archivio CassanoWeb\" \/>\n<meta property=\"article:publisher\" content=\"https:\/\/www.facebook.com\/redazione.cassanoweb\" \/>\n<meta property=\"article:published_time\" content=\"2013-01-19T20:50:56+00:00\" \/>\n<meta property=\"og:image\" content=\"https:\/\/archiviocassano.lavocedelpaese.info\/wp-content\/uploads\/2013\/01\/tsunami_a_bari.jpeg\" \/>\n\t<meta property=\"og:image:width\" content=\"640\" \/>\n\t<meta property=\"og:image:height\" content=\"320\" \/>\n\t<meta property=\"og:image:type\" content=\"image\/jpeg\" \/>\n<meta name=\"author\" content=\"admin\" \/>\n<meta name=\"twitter:card\" content=\"summary_large_image\" \/>\n<meta name=\"twitter:label1\" content=\"Scritto da\" \/>\n\t<meta name=\"twitter:data1\" content=\"admin\" \/>\n\t<meta name=\"twitter:label2\" content=\"Tempo di lettura stimato\" \/>\n\t<meta name=\"twitter:data2\" content=\"2 minuti\" \/>\n<script type=\"application\/ld+json\" class=\"yoast-schema-graph\">{\"@context\":\"https:\\\/\\\/schema.org\",\"@graph\":[{\"@type\":\"Article\",\"@id\":\"https:\\\/\\\/archiviocassano.lavocedelpaese.info\\\/index.php\\\/2013\\\/01\\\/19\\\/tzunami-tour-grillo-infiamma-il-palaflorio-nonostante-il-freddo\\\/#article\",\"isPartOf\":{\"@id\":\"https:\\\/\\\/archiviocassano.lavocedelpaese.info\\\/index.php\\\/2013\\\/01\\\/19\\\/tzunami-tour-grillo-infiamma-il-palaflorio-nonostante-il-freddo\\\/\"},\"author\":{\"name\":\"admin\",\"@id\":\"https:\\\/\\\/archiviocassano.lavocedelpaese.info\\\/#\\\/schema\\\/person\\\/df195bc79a9b4c35127cf005f92e041b\"},\"headline\":\"Tzunami tour! Grillo infiamma il Palaflorio. Domenica a Matera\",\"datePublished\":\"2013-01-19T20:50:56+00:00\",\"mainEntityOfPage\":{\"@id\":\"https:\\\/\\\/archiviocassano.lavocedelpaese.info\\\/index.php\\\/2013\\\/01\\\/19\\\/tzunami-tour-grillo-infiamma-il-palaflorio-nonostante-il-freddo\\\/\"},\"wordCount\":433,\"commentCount\":0,\"publisher\":{\"@id\":\"https:\\\/\\\/archiviocassano.lavocedelpaese.info\\\/#organization\"},\"image\":{\"@id\":\"https:\\\/\\\/archiviocassano.lavocedelpaese.info\\\/index.php\\\/2013\\\/01\\\/19\\\/tzunami-tour-grillo-infiamma-il-palaflorio-nonostante-il-freddo\\\/#primaryimage\"},\"thumbnailUrl\":\"https:\\\/\\\/archiviocassano.lavocedelpaese.info\\\/wp-content\\\/uploads\\\/2013\\\/01\\\/tsunami_a_bari.jpeg\",\"articleSection\":[\"Politica\"],\"inLanguage\":\"it-IT\",\"potentialAction\":[{\"@type\":\"CommentAction\",\"name\":\"Comment\",\"target\":[\"https:\\\/\\\/archiviocassano.lavocedelpaese.info\\\/index.php\\\/2013\\\/01\\\/19\\\/tzunami-tour-grillo-infiamma-il-palaflorio-nonostante-il-freddo\\\/#respond\"]}]},{\"@type\":\"WebPage\",\"@id\":\"https:\\\/\\\/archiviocassano.lavocedelpaese.info\\\/index.php\\\/2013\\\/01\\\/19\\\/tzunami-tour-grillo-infiamma-il-palaflorio-nonostante-il-freddo\\\/\",\"url\":\"https:\\\/\\\/archiviocassano.lavocedelpaese.info\\\/index.php\\\/2013\\\/01\\\/19\\\/tzunami-tour-grillo-infiamma-il-palaflorio-nonostante-il-freddo\\\/\",\"name\":\"Tzunami tour! Grillo infiamma il Palaflorio. Domenica a Matera - Archivio CassanoWeb\",\"isPartOf\":{\"@id\":\"https:\\\/\\\/archiviocassano.lavocedelpaese.info\\\/#website\"},\"primaryImageOfPage\":{\"@id\":\"https:\\\/\\\/archiviocassano.lavocedelpaese.info\\\/index.php\\\/2013\\\/01\\\/19\\\/tzunami-tour-grillo-infiamma-il-palaflorio-nonostante-il-freddo\\\/#primaryimage\"},\"image\":{\"@id\":\"https:\\\/\\\/archiviocassano.lavocedelpaese.info\\\/index.php\\\/2013\\\/01\\\/19\\\/tzunami-tour-grillo-infiamma-il-palaflorio-nonostante-il-freddo\\\/#primaryimage\"},\"thumbnailUrl\":\"https:\\\/\\\/archiviocassano.lavocedelpaese.info\\\/wp-content\\\/uploads\\\/2013\\\/01\\\/tsunami_a_bari.jpeg\",\"datePublished\":\"2013-01-19T20:50:56+00:00\",\"breadcrumb\":{\"@id\":\"https:\\\/\\\/archiviocassano.lavocedelpaese.info\\\/index.php\\\/2013\\\/01\\\/19\\\/tzunami-tour-grillo-infiamma-il-palaflorio-nonostante-il-freddo\\\/#breadcrumb\"},\"inLanguage\":\"it-IT\",\"potentialAction\":[{\"@type\":\"ReadAction\",\"target\":[\"https:\\\/\\\/archiviocassano.lavocedelpaese.info\\\/index.php\\\/2013\\\/01\\\/19\\\/tzunami-tour-grillo-infiamma-il-palaflorio-nonostante-il-freddo\\\/\"]}]},{\"@type\":\"ImageObject\",\"inLanguage\":\"it-IT\",\"@id\":\"https:\\\/\\\/archiviocassano.lavocedelpaese.info\\\/index.php\\\/2013\\\/01\\\/19\\\/tzunami-tour-grillo-infiamma-il-palaflorio-nonostante-il-freddo\\\/#primaryimage\",\"url\":\"https:\\\/\\\/archiviocassano.lavocedelpaese.info\\\/wp-content\\\/uploads\\\/2013\\\/01\\\/tsunami_a_bari.jpeg\",\"contentUrl\":\"https:\\\/\\\/archiviocassano.lavocedelpaese.info\\\/wp-content\\\/uploads\\\/2013\\\/01\\\/tsunami_a_bari.jpeg\",\"width\":640,\"height\":320,\"caption\":\"tsunami a bari\"},{\"@type\":\"BreadcrumbList\",\"@id\":\"https:\\\/\\\/archiviocassano.lavocedelpaese.info\\\/index.php\\\/2013\\\/01\\\/19\\\/tzunami-tour-grillo-infiamma-il-palaflorio-nonostante-il-freddo\\\/#breadcrumb\",\"itemListElement\":[{\"@type\":\"ListItem\",\"position\":1,\"name\":\"Home\",\"item\":\"https:\\\/\\\/archiviocassano.lavocedelpaese.info\\\/\"},{\"@type\":\"ListItem\",\"position\":2,\"name\":\"Tzunami tour! Grillo infiamma il Palaflorio. Domenica a Matera\"}]},{\"@type\":\"WebSite\",\"@id\":\"https:\\\/\\\/archiviocassano.lavocedelpaese.info\\\/#website\",\"url\":\"https:\\\/\\\/archiviocassano.lavocedelpaese.info\\\/\",\"name\":\"Archivio CassanoWeb\",\"description\":\"La Voce del Paese - un network di idee\",\"publisher\":{\"@id\":\"https:\\\/\\\/archiviocassano.lavocedelpaese.info\\\/#organization\"},\"potentialAction\":[{\"@type\":\"SearchAction\",\"target\":{\"@type\":\"EntryPoint\",\"urlTemplate\":\"https:\\\/\\\/archiviocassano.lavocedelpaese.info\\\/?s={search_term_string}\"},\"query-input\":{\"@type\":\"PropertyValueSpecification\",\"valueRequired\":true,\"valueName\":\"search_term_string\"}}],\"inLanguage\":\"it-IT\"},{\"@type\":\"Organization\",\"@id\":\"https:\\\/\\\/archiviocassano.lavocedelpaese.info\\\/#organization\",\"name\":\"Archivio CassanoWeb\",\"url\":\"https:\\\/\\\/archiviocassano.lavocedelpaese.info\\\/\",\"logo\":{\"@type\":\"ImageObject\",\"inLanguage\":\"it-IT\",\"@id\":\"https:\\\/\\\/archiviocassano.lavocedelpaese.info\\\/#\\\/schema\\\/logo\\\/image\\\/\",\"url\":\"https:\\\/\\\/archiviocassano.lavocedelpaese.info\\\/wp-content\\\/uploads\\\/2024\\\/08\\\/logo-rosso-2.png\",\"contentUrl\":\"https:\\\/\\\/archiviocassano.lavocedelpaese.info\\\/wp-content\\\/uploads\\\/2024\\\/08\\\/logo-rosso-2.png\",\"width\":491,\"height\":432,\"caption\":\"Archivio CassanoWeb\"},\"image\":{\"@id\":\"https:\\\/\\\/archiviocassano.lavocedelpaese.info\\\/#\\\/schema\\\/logo\\\/image\\\/\"},\"sameAs\":[\"https:\\\/\\\/www.facebook.com\\\/redazione.cassanoweb\"]},{\"@type\":\"Person\",\"@id\":\"https:\\\/\\\/archiviocassano.lavocedelpaese.info\\\/#\\\/schema\\\/person\\\/df195bc79a9b4c35127cf005f92e041b\",\"name\":\"admin\",\"image\":{\"@type\":\"ImageObject\",\"inLanguage\":\"it-IT\",\"@id\":\"https:\\\/\\\/secure.gravatar.com\\\/avatar\\\/eabba89a432e8eaa1b0207cc55f7e5340b22712b1ed80677efcf63e02ff5b235?s=96&d=mm&r=g\",\"url\":\"https:\\\/\\\/secure.gravatar.com\\\/avatar\\\/eabba89a432e8eaa1b0207cc55f7e5340b22712b1ed80677efcf63e02ff5b235?s=96&d=mm&r=g\",\"contentUrl\":\"https:\\\/\\\/secure.gravatar.com\\\/avatar\\\/eabba89a432e8eaa1b0207cc55f7e5340b22712b1ed80677efcf63e02ff5b235?s=96&d=mm&r=g\",\"caption\":\"admin\"},\"sameAs\":[\"https:\\\/\\\/archiviocassano.lavocedelpaese.info\"],\"url\":\"https:\\\/\\\/archiviocassano.lavocedelpaese.info\\\/index.php\\\/author\\\/admin_0qgz1xdp\\\/\"}]}<\/script>\n<!-- \/ Yoast SEO plugin. -->","yoast_head_json":{"title":"Tzunami tour! Grillo infiamma il Palaflorio. Domenica a Matera - Archivio CassanoWeb","robots":{"index":"index","follow":"follow","max-snippet":"max-snippet:-1","max-image-preview":"max-image-preview:large","max-video-preview":"max-video-preview:-1"},"canonical":"https:\/\/archiviocassano.lavocedelpaese.info\/index.php\/2013\/01\/19\/tzunami-tour-grillo-infiamma-il-palaflorio-nonostante-il-freddo\/","og_locale":"it_IT","og_type":"article","og_title":"Tzunami tour! Grillo infiamma il Palaflorio. Domenica a Matera - Archivio CassanoWeb","og_url":"https:\/\/archiviocassano.lavocedelpaese.info\/index.php\/2013\/01\/19\/tzunami-tour-grillo-infiamma-il-palaflorio-nonostante-il-freddo\/","og_site_name":"Archivio CassanoWeb","article_publisher":"https:\/\/www.facebook.com\/redazione.cassanoweb","article_published_time":"2013-01-19T20:50:56+00:00","og_image":[{"width":640,"height":320,"url":"https:\/\/archiviocassano.lavocedelpaese.info\/wp-content\/uploads\/2013\/01\/tsunami_a_bari.jpeg","type":"image\/jpeg"}],"author":"admin","twitter_card":"summary_large_image","twitter_misc":{"Scritto da":"admin","Tempo di lettura stimato":"2 minuti"},"schema":{"@context":"https:\/\/schema.org","@graph":[{"@type":"Article","@id":"https:\/\/archiviocassano.lavocedelpaese.info\/index.php\/2013\/01\/19\/tzunami-tour-grillo-infiamma-il-palaflorio-nonostante-il-freddo\/#article","isPartOf":{"@id":"https:\/\/archiviocassano.lavocedelpaese.info\/index.php\/2013\/01\/19\/tzunami-tour-grillo-infiamma-il-palaflorio-nonostante-il-freddo\/"},"author":{"name":"admin","@id":"https:\/\/archiviocassano.lavocedelpaese.info\/#\/schema\/person\/df195bc79a9b4c35127cf005f92e041b"},"headline":"Tzunami tour! Grillo infiamma il Palaflorio. Domenica a Matera","datePublished":"2013-01-19T20:50:56+00:00","mainEntityOfPage":{"@id":"https:\/\/archiviocassano.lavocedelpaese.info\/index.php\/2013\/01\/19\/tzunami-tour-grillo-infiamma-il-palaflorio-nonostante-il-freddo\/"},"wordCount":433,"commentCount":0,"publisher":{"@id":"https:\/\/archiviocassano.lavocedelpaese.info\/#organization"},"image":{"@id":"https:\/\/archiviocassano.lavocedelpaese.info\/index.php\/2013\/01\/19\/tzunami-tour-grillo-infiamma-il-palaflorio-nonostante-il-freddo\/#primaryimage"},"thumbnailUrl":"https:\/\/archiviocassano.lavocedelpaese.info\/wp-content\/uploads\/2013\/01\/tsunami_a_bari.jpeg","articleSection":["Politica"],"inLanguage":"it-IT","potentialAction":[{"@type":"CommentAction","name":"Comment","target":["https:\/\/archiviocassano.lavocedelpaese.info\/index.php\/2013\/01\/19\/tzunami-tour-grillo-infiamma-il-palaflorio-nonostante-il-freddo\/#respond"]}]},{"@type":"WebPage","@id":"https:\/\/archiviocassano.lavocedelpaese.info\/index.php\/2013\/01\/19\/tzunami-tour-grillo-infiamma-il-palaflorio-nonostante-il-freddo\/","url":"https:\/\/archiviocassano.lavocedelpaese.info\/index.php\/2013\/01\/19\/tzunami-tour-grillo-infiamma-il-palaflorio-nonostante-il-freddo\/","name":"Tzunami tour! Grillo infiamma il Palaflorio. Domenica a Matera - Archivio CassanoWeb","isPartOf":{"@id":"https:\/\/archiviocassano.lavocedelpaese.info\/#website"},"primaryImageOfPage":{"@id":"https:\/\/archiviocassano.lavocedelpaese.info\/index.php\/2013\/01\/19\/tzunami-tour-grillo-infiamma-il-palaflorio-nonostante-il-freddo\/#primaryimage"},"image":{"@id":"https:\/\/archiviocassano.lavocedelpaese.info\/index.php\/2013\/01\/19\/tzunami-tour-grillo-infiamma-il-palaflorio-nonostante-il-freddo\/#primaryimage"},"thumbnailUrl":"https:\/\/archiviocassano.lavocedelpaese.info\/wp-content\/uploads\/2013\/01\/tsunami_a_bari.jpeg","datePublished":"2013-01-19T20:50:56+00:00","breadcrumb":{"@id":"https:\/\/archiviocassano.lavocedelpaese.info\/index.php\/2013\/01\/19\/tzunami-tour-grillo-infiamma-il-palaflorio-nonostante-il-freddo\/#breadcrumb"},"inLanguage":"it-IT","potentialAction":[{"@type":"ReadAction","target":["https:\/\/archiviocassano.lavocedelpaese.info\/index.php\/2013\/01\/19\/tzunami-tour-grillo-infiamma-il-palaflorio-nonostante-il-freddo\/"]}]},{"@type":"ImageObject","inLanguage":"it-IT","@id":"https:\/\/archiviocassano.lavocedelpaese.info\/index.php\/2013\/01\/19\/tzunami-tour-grillo-infiamma-il-palaflorio-nonostante-il-freddo\/#primaryimage","url":"https:\/\/archiviocassano.lavocedelpaese.info\/wp-content\/uploads\/2013\/01\/tsunami_a_bari.jpeg","contentUrl":"https:\/\/archiviocassano.lavocedelpaese.info\/wp-content\/uploads\/2013\/01\/tsunami_a_bari.jpeg","width":640,"height":320,"caption":"tsunami a bari"},{"@type":"BreadcrumbList","@id":"https:\/\/archiviocassano.lavocedelpaese.info\/index.php\/2013\/01\/19\/tzunami-tour-grillo-infiamma-il-palaflorio-nonostante-il-freddo\/#breadcrumb","itemListElement":[{"@type":"ListItem","position":1,"name":"Home","item":"https:\/\/archiviocassano.lavocedelpaese.info\/"},{"@type":"ListItem","position":2,"name":"Tzunami tour! Grillo infiamma il Palaflorio. Domenica a Matera"}]},{"@type":"WebSite","@id":"https:\/\/archiviocassano.lavocedelpaese.info\/#website","url":"https:\/\/archiviocassano.lavocedelpaese.info\/","name":"Archivio CassanoWeb","description":"La Voce del Paese - un network di idee","publisher":{"@id":"https:\/\/archiviocassano.lavocedelpaese.info\/#organization"},"potentialAction":[{"@type":"SearchAction","target":{"@type":"EntryPoint","urlTemplate":"https:\/\/archiviocassano.lavocedelpaese.info\/?s={search_term_string}"},"query-input":{"@type":"PropertyValueSpecification","valueRequired":true,"valueName":"search_term_string"}}],"inLanguage":"it-IT"},{"@type":"Organization","@id":"https:\/\/archiviocassano.lavocedelpaese.info\/#organization","name":"Archivio CassanoWeb","url":"https:\/\/archiviocassano.lavocedelpaese.info\/","logo":{"@type":"ImageObject","inLanguage":"it-IT","@id":"https:\/\/archiviocassano.lavocedelpaese.info\/#\/schema\/logo\/image\/","url":"https:\/\/archiviocassano.lavocedelpaese.info\/wp-content\/uploads\/2024\/08\/logo-rosso-2.png","contentUrl":"https:\/\/archiviocassano.lavocedelpaese.info\/wp-content\/uploads\/2024\/08\/logo-rosso-2.png","width":491,"height":432,"caption":"Archivio CassanoWeb"},"image":{"@id":"https:\/\/archiviocassano.lavocedelpaese.info\/#\/schema\/logo\/image\/"},"sameAs":["https:\/\/www.facebook.com\/redazione.cassanoweb"]},{"@type":"Person","@id":"https:\/\/archiviocassano.lavocedelpaese.info\/#\/schema\/person\/df195bc79a9b4c35127cf005f92e041b","name":"admin","image":{"@type":"ImageObject","inLanguage":"it-IT","@id":"https:\/\/secure.gravatar.com\/avatar\/eabba89a432e8eaa1b0207cc55f7e5340b22712b1ed80677efcf63e02ff5b235?s=96&d=mm&r=g","url":"https:\/\/secure.gravatar.com\/avatar\/eabba89a432e8eaa1b0207cc55f7e5340b22712b1ed80677efcf63e02ff5b235?s=96&d=mm&r=g","contentUrl":"https:\/\/secure.gravatar.com\/avatar\/eabba89a432e8eaa1b0207cc55f7e5340b22712b1ed80677efcf63e02ff5b235?s=96&d=mm&r=g","caption":"admin"},"sameAs":["https:\/\/archiviocassano.lavocedelpaese.info"],"url":"https:\/\/archiviocassano.lavocedelpaese.info\/index.php\/author\/admin_0qgz1xdp\/"}]}},"_links":{"self":[{"href":"https:\/\/archiviocassano.lavocedelpaese.info\/index.php\/wp-json\/wp\/v2\/posts\/7070","targetHints":{"allow":["GET"]}}],"collection":[{"href":"https:\/\/archiviocassano.lavocedelpaese.info\/index.php\/wp-json\/wp\/v2\/posts"}],"about":[{"href":"https:\/\/archiviocassano.lavocedelpaese.info\/index.php\/wp-json\/wp\/v2\/types\/post"}],"author":[{"embeddable":true,"href":"https:\/\/archiviocassano.lavocedelpaese.info\/index.php\/wp-json\/wp\/v2\/users\/1"}],"replies":[{"embeddable":true,"href":"https:\/\/archiviocassano.lavocedelpaese.info\/index.php\/wp-json\/wp\/v2\/comments?post=7070"}],"version-history":[{"count":0,"href":"https:\/\/archiviocassano.lavocedelpaese.info\/index.php\/wp-json\/wp\/v2\/posts\/7070\/revisions"}],"wp:featuredmedia":[{"embeddable":true,"href":"https:\/\/archiviocassano.lavocedelpaese.info\/index.php\/wp-json\/wp\/v2\/media\/7069"}],"wp:attachment":[{"href":"https:\/\/archiviocassano.lavocedelpaese.info\/index.php\/wp-json\/wp\/v2\/media?parent=7070"}],"wp:term":[{"taxonomy":"category","embeddable":true,"href":"https:\/\/archiviocassano.lavocedelpaese.info\/index.php\/wp-json\/wp\/v2\/categories?post=7070"},{"taxonomy":"post_tag","embeddable":true,"href":"https:\/\/archiviocassano.lavocedelpaese.info\/index.php\/wp-json\/wp\/v2\/tags?post=7070"}],"curies":[{"name":"wp","href":"https:\/\/api.w.org\/{rel}","templated":true}]}}