{"id":7140,"date":"2013-01-31T18:30:34","date_gmt":"2013-01-31T18:30:34","guid":{"rendered":"https:\/\/archiviocassano.lavocedelpaese.info\/index.php\/2013\/01\/31\/rifiuti-firmato-il-verbale-di-servizio-da-domani-le-prime-novita\/"},"modified":"2013-01-31T18:30:34","modified_gmt":"2013-01-31T18:30:34","slug":"rifiuti-firmato-il-verbale-di-servizio-da-domani-le-prime-novita","status":"publish","type":"post","link":"https:\/\/archiviocassano.lavocedelpaese.info\/index.php\/2013\/01\/31\/rifiuti-firmato-il-verbale-di-servizio-da-domani-le-prime-novita\/","title":{"rendered":"Rifiuti, via al progetto con una differenziata al 5.14%"},"content":{"rendered":"<p style=\"text-align: justify;\"><img loading=\"lazy\" decoding=\"async\" class=\" size-full wp-image-7139\" alt=\"firma rifiuti\" src=\"https:\/\/archiviocassano.lavocedelpaese.info\/wp-content\/uploads\/2013\/01\/firma_rifiuti.jpg\" height=\"150\" width=\"320\" srcset=\"https:\/\/archiviocassano.lavocedelpaese.info\/wp-content\/uploads\/2013\/01\/firma_rifiuti.jpg 640w, https:\/\/archiviocassano.lavocedelpaese.info\/wp-content\/uploads\/2013\/01\/firma_rifiuti-300x141.jpg 300w\" sizes=\"auto, (max-width: 320px) 100vw, 320px\" \/><\/p>\n<p><!--more--><\/p>\n<p style=\"text-align: justify;\">Prende forma il nuovo modello di raccolta rifiuti, a oltre un anno dalla approvazione dello stesso in Consiglio Comunale e quasi un anno dalla indizione della gara d&#8217;appalto.<\/p>\n<p style=\"text-align: justify;\">E&#8217; stato, infatti, firmato il verbale per l\u2019avvio del nuovo servizio tra Comune di Cassano, Direzione dell\u2019esecuzione del contratto \u201cC.Li.Ma.\u201d Studio Tecnico Associato di Bari e l\u2019ATI TRA.DE.CO.Srl-Murgia Servizi Ecologici Srl, aggiudicatari dell&#8217;appalto.<\/p>\n<p style=\"text-align: justify;\">Da domani si comincer\u00e0 con le nuove modalit\u00e0 di spazzamento manuale, spazzamento meccanizzato, lavaggio del suolo pubblico e gestione del <strong>numero verde 800-401670.<br \/><\/strong><\/p>\n<p>Le <strong>raccolte domiciliari con il sistema del porta a porta<\/strong>, invece, <strong>saranno avviate entro il 1\u00b0 maggio 2013<\/strong>, per essere portate a regime nell\u2019arco di tre mesi da tale data. Nel frattempo sar\u00e0 messa in campo una capillare campagna di comunicazione e fornitura del kit di attrezzature necessarie alle singole raccolte di rifiuto da differenziare a domicilio.<\/p>\n<p>Occorre tener presente il tremendo dato da cui si parte: nel 2012 <strong>la percentuale di rifiuti differenziati<\/strong> raccolti a Cassano <strong>\u00e8 stata del 5,14%<\/strong>, un record negativo da quando (anno 2002) \u00e8 partito un serio e rigoroso controlli sui dati trasmessi dai Comuni alla regione Puglia.<\/p>\n<p>La percentuale \u00e8 pi\u00f9 bassa persino della gi\u00e0 bassa dell&#8217;anno scorso (<a target=\"_blank\" href=\"attualita\/21989-differenziata-2011-al-minimo-storico-solo-65.html\" rel=\"noopener\">leggi l&#8217;articolo<\/a>).<\/p>\n<p style=\"text-align: justify;\">Nella fase transitoria all\u2019avvio delle raccolte porta a porta, l\u2019utenza &#8211; spiega un comunicato del Comune &#8211; &#8220;\u00e8 invitata a conferire i rifiuti differenziandoli in ogni loro singola frazione osservando le prescrizioni contenute nelle precedenti ordinanze sindacali. Al fine di scoraggiare comportamenti passibili di sanzione sar\u00e0 potenziata l\u2019attivit\u00e0 di controllo sul territorio&#8221;.<\/p>\n<p style=\"text-align: justify;\">\u201c<em>Invitiamo la cittadinanza<\/em> \u2013 spiegano il sindaco Maria Pia Di Medio e l&#8217;assessore all&#8217;Ecologia, Carmelo Briano \u2013 <em>a sentirsi protagonista di un cambiamento. Questo nuovo corso, fortemente voluto dall\u2019Amministrazione Comunale, servir\u00e0 ad assicurare alla nostra citt\u00e0 livelli di decoro e civilt\u00e0 degni di una comunit\u00e0 evoluta. L&#8217;auspicio \u00e8 di vedere tutti i cittadini partecipi di un gioco di squadra che veda l&#8217;ambiente la vera priorit\u00e0.<\/em><\/p>\n<p style=\"text-align: justify;\"><strong>Leggi anche<\/strong><\/p>\n<p style=\"text-align: justify;\"><a target=\"_blank\" href=\"rubriche\/la-voce-del-paese\/21912-speciale-qnuovo-progetto-rifiutiq.html\" rel=\"noopener\"><strong>SPECIALE PROGETTO RIFIUTI<\/strong><\/a><em><br \/><\/em><\/p>\n","protected":false},"excerpt":{"rendered":"","protected":false},"author":1,"featured_media":7139,"comment_status":"open","ping_status":"closed","sticky":false,"template":"","format":"standard","meta":{"colormag_page_container_layout":"default_layout","colormag_page_sidebar_layout":"default_layout","footnotes":""},"categories":[7],"tags":[],"class_list":["post-7140","post","type-post","status-publish","format-standard","has-post-thumbnail","hentry","category-attualita"],"yoast_head":"<!-- This site is optimized with the Yoast SEO plugin v27.5 - https:\/\/yoast.com\/product\/yoast-seo-wordpress\/ -->\n<title>Rifiuti, via al progetto con una differenziata al 5.14% - Archivio CassanoWeb<\/title>\n<meta name=\"robots\" content=\"index, follow, max-snippet:-1, max-image-preview:large, max-video-preview:-1\" \/>\n<link rel=\"canonical\" href=\"https:\/\/archiviocassano.lavocedelpaese.info\/index.php\/2013\/01\/31\/rifiuti-firmato-il-verbale-di-servizio-da-domani-le-prime-novita\/\" \/>\n<meta property=\"og:locale\" content=\"it_IT\" \/>\n<meta property=\"og:type\" content=\"article\" \/>\n<meta property=\"og:title\" content=\"Rifiuti, via al progetto con una differenziata al 5.14% - Archivio CassanoWeb\" \/>\n<meta property=\"og:url\" content=\"https:\/\/archiviocassano.lavocedelpaese.info\/index.php\/2013\/01\/31\/rifiuti-firmato-il-verbale-di-servizio-da-domani-le-prime-novita\/\" \/>\n<meta property=\"og:site_name\" content=\"Archivio CassanoWeb\" \/>\n<meta property=\"article:publisher\" content=\"https:\/\/www.facebook.com\/redazione.cassanoweb\" \/>\n<meta property=\"article:published_time\" content=\"2013-01-31T18:30:34+00:00\" \/>\n<meta property=\"og:image\" content=\"https:\/\/archiviocassano.lavocedelpaese.info\/wp-content\/uploads\/2013\/01\/firma_rifiuti.jpg\" \/>\n\t<meta property=\"og:image:width\" content=\"640\" \/>\n\t<meta property=\"og:image:height\" content=\"300\" \/>\n\t<meta property=\"og:image:type\" content=\"image\/jpeg\" \/>\n<meta name=\"author\" content=\"admin\" \/>\n<meta name=\"twitter:card\" content=\"summary_large_image\" \/>\n<meta name=\"twitter:label1\" content=\"Scritto da\" \/>\n\t<meta name=\"twitter:data1\" content=\"admin\" \/>\n\t<meta name=\"twitter:label2\" content=\"Tempo di lettura stimato\" \/>\n\t<meta name=\"twitter:data2\" content=\"2 minuti\" \/>\n<script type=\"application\/ld+json\" class=\"yoast-schema-graph\">{\"@context\":\"https:\\\/\\\/schema.org\",\"@graph\":[{\"@type\":\"Article\",\"@id\":\"https:\\\/\\\/archiviocassano.lavocedelpaese.info\\\/index.php\\\/2013\\\/01\\\/31\\\/rifiuti-firmato-il-verbale-di-servizio-da-domani-le-prime-novita\\\/#article\",\"isPartOf\":{\"@id\":\"https:\\\/\\\/archiviocassano.lavocedelpaese.info\\\/index.php\\\/2013\\\/01\\\/31\\\/rifiuti-firmato-il-verbale-di-servizio-da-domani-le-prime-novita\\\/\"},\"author\":{\"name\":\"admin\",\"@id\":\"https:\\\/\\\/archiviocassano.lavocedelpaese.info\\\/#\\\/schema\\\/person\\\/df195bc79a9b4c35127cf005f92e041b\"},\"headline\":\"Rifiuti, via al progetto con una differenziata al 5.14%\",\"datePublished\":\"2013-01-31T18:30:34+00:00\",\"mainEntityOfPage\":{\"@id\":\"https:\\\/\\\/archiviocassano.lavocedelpaese.info\\\/index.php\\\/2013\\\/01\\\/31\\\/rifiuti-firmato-il-verbale-di-servizio-da-domani-le-prime-novita\\\/\"},\"wordCount\":339,\"commentCount\":0,\"publisher\":{\"@id\":\"https:\\\/\\\/archiviocassano.lavocedelpaese.info\\\/#organization\"},\"image\":{\"@id\":\"https:\\\/\\\/archiviocassano.lavocedelpaese.info\\\/index.php\\\/2013\\\/01\\\/31\\\/rifiuti-firmato-il-verbale-di-servizio-da-domani-le-prime-novita\\\/#primaryimage\"},\"thumbnailUrl\":\"https:\\\/\\\/archiviocassano.lavocedelpaese.info\\\/wp-content\\\/uploads\\\/2013\\\/01\\\/firma_rifiuti.jpg\",\"articleSection\":[\"Attualit\u00e0\"],\"inLanguage\":\"it-IT\",\"potentialAction\":[{\"@type\":\"CommentAction\",\"name\":\"Comment\",\"target\":[\"https:\\\/\\\/archiviocassano.lavocedelpaese.info\\\/index.php\\\/2013\\\/01\\\/31\\\/rifiuti-firmato-il-verbale-di-servizio-da-domani-le-prime-novita\\\/#respond\"]}]},{\"@type\":\"WebPage\",\"@id\":\"https:\\\/\\\/archiviocassano.lavocedelpaese.info\\\/index.php\\\/2013\\\/01\\\/31\\\/rifiuti-firmato-il-verbale-di-servizio-da-domani-le-prime-novita\\\/\",\"url\":\"https:\\\/\\\/archiviocassano.lavocedelpaese.info\\\/index.php\\\/2013\\\/01\\\/31\\\/rifiuti-firmato-il-verbale-di-servizio-da-domani-le-prime-novita\\\/\",\"name\":\"Rifiuti, via al progetto con una differenziata al 5.14% - Archivio CassanoWeb\",\"isPartOf\":{\"@id\":\"https:\\\/\\\/archiviocassano.lavocedelpaese.info\\\/#website\"},\"primaryImageOfPage\":{\"@id\":\"https:\\\/\\\/archiviocassano.lavocedelpaese.info\\\/index.php\\\/2013\\\/01\\\/31\\\/rifiuti-firmato-il-verbale-di-servizio-da-domani-le-prime-novita\\\/#primaryimage\"},\"image\":{\"@id\":\"https:\\\/\\\/archiviocassano.lavocedelpaese.info\\\/index.php\\\/2013\\\/01\\\/31\\\/rifiuti-firmato-il-verbale-di-servizio-da-domani-le-prime-novita\\\/#primaryimage\"},\"thumbnailUrl\":\"https:\\\/\\\/archiviocassano.lavocedelpaese.info\\\/wp-content\\\/uploads\\\/2013\\\/01\\\/firma_rifiuti.jpg\",\"datePublished\":\"2013-01-31T18:30:34+00:00\",\"breadcrumb\":{\"@id\":\"https:\\\/\\\/archiviocassano.lavocedelpaese.info\\\/index.php\\\/2013\\\/01\\\/31\\\/rifiuti-firmato-il-verbale-di-servizio-da-domani-le-prime-novita\\\/#breadcrumb\"},\"inLanguage\":\"it-IT\",\"potentialAction\":[{\"@type\":\"ReadAction\",\"target\":[\"https:\\\/\\\/archiviocassano.lavocedelpaese.info\\\/index.php\\\/2013\\\/01\\\/31\\\/rifiuti-firmato-il-verbale-di-servizio-da-domani-le-prime-novita\\\/\"]}]},{\"@type\":\"ImageObject\",\"inLanguage\":\"it-IT\",\"@id\":\"https:\\\/\\\/archiviocassano.lavocedelpaese.info\\\/index.php\\\/2013\\\/01\\\/31\\\/rifiuti-firmato-il-verbale-di-servizio-da-domani-le-prime-novita\\\/#primaryimage\",\"url\":\"https:\\\/\\\/archiviocassano.lavocedelpaese.info\\\/wp-content\\\/uploads\\\/2013\\\/01\\\/firma_rifiuti.jpg\",\"contentUrl\":\"https:\\\/\\\/archiviocassano.lavocedelpaese.info\\\/wp-content\\\/uploads\\\/2013\\\/01\\\/firma_rifiuti.jpg\",\"width\":640,\"height\":300,\"caption\":\"firma rifiuti\"},{\"@type\":\"BreadcrumbList\",\"@id\":\"https:\\\/\\\/archiviocassano.lavocedelpaese.info\\\/index.php\\\/2013\\\/01\\\/31\\\/rifiuti-firmato-il-verbale-di-servizio-da-domani-le-prime-novita\\\/#breadcrumb\",\"itemListElement\":[{\"@type\":\"ListItem\",\"position\":1,\"name\":\"Home\",\"item\":\"https:\\\/\\\/archiviocassano.lavocedelpaese.info\\\/\"},{\"@type\":\"ListItem\",\"position\":2,\"name\":\"Rifiuti, via al progetto con una differenziata al 5.14%\"}]},{\"@type\":\"WebSite\",\"@id\":\"https:\\\/\\\/archiviocassano.lavocedelpaese.info\\\/#website\",\"url\":\"https:\\\/\\\/archiviocassano.lavocedelpaese.info\\\/\",\"name\":\"Archivio CassanoWeb\",\"description\":\"La Voce del Paese - un network di idee\",\"publisher\":{\"@id\":\"https:\\\/\\\/archiviocassano.lavocedelpaese.info\\\/#organization\"},\"potentialAction\":[{\"@type\":\"SearchAction\",\"target\":{\"@type\":\"EntryPoint\",\"urlTemplate\":\"https:\\\/\\\/archiviocassano.lavocedelpaese.info\\\/?s={search_term_string}\"},\"query-input\":{\"@type\":\"PropertyValueSpecification\",\"valueRequired\":true,\"valueName\":\"search_term_string\"}}],\"inLanguage\":\"it-IT\"},{\"@type\":\"Organization\",\"@id\":\"https:\\\/\\\/archiviocassano.lavocedelpaese.info\\\/#organization\",\"name\":\"Archivio CassanoWeb\",\"url\":\"https:\\\/\\\/archiviocassano.lavocedelpaese.info\\\/\",\"logo\":{\"@type\":\"ImageObject\",\"inLanguage\":\"it-IT\",\"@id\":\"https:\\\/\\\/archiviocassano.lavocedelpaese.info\\\/#\\\/schema\\\/logo\\\/image\\\/\",\"url\":\"https:\\\/\\\/archiviocassano.lavocedelpaese.info\\\/wp-content\\\/uploads\\\/2024\\\/08\\\/logo-rosso-2.png\",\"contentUrl\":\"https:\\\/\\\/archiviocassano.lavocedelpaese.info\\\/wp-content\\\/uploads\\\/2024\\\/08\\\/logo-rosso-2.png\",\"width\":491,\"height\":432,\"caption\":\"Archivio CassanoWeb\"},\"image\":{\"@id\":\"https:\\\/\\\/archiviocassano.lavocedelpaese.info\\\/#\\\/schema\\\/logo\\\/image\\\/\"},\"sameAs\":[\"https:\\\/\\\/www.facebook.com\\\/redazione.cassanoweb\"]},{\"@type\":\"Person\",\"@id\":\"https:\\\/\\\/archiviocassano.lavocedelpaese.info\\\/#\\\/schema\\\/person\\\/df195bc79a9b4c35127cf005f92e041b\",\"name\":\"admin\",\"image\":{\"@type\":\"ImageObject\",\"inLanguage\":\"it-IT\",\"@id\":\"https:\\\/\\\/secure.gravatar.com\\\/avatar\\\/eabba89a432e8eaa1b0207cc55f7e5340b22712b1ed80677efcf63e02ff5b235?s=96&d=mm&r=g\",\"url\":\"https:\\\/\\\/secure.gravatar.com\\\/avatar\\\/eabba89a432e8eaa1b0207cc55f7e5340b22712b1ed80677efcf63e02ff5b235?s=96&d=mm&r=g\",\"contentUrl\":\"https:\\\/\\\/secure.gravatar.com\\\/avatar\\\/eabba89a432e8eaa1b0207cc55f7e5340b22712b1ed80677efcf63e02ff5b235?s=96&d=mm&r=g\",\"caption\":\"admin\"},\"sameAs\":[\"https:\\\/\\\/archiviocassano.lavocedelpaese.info\"],\"url\":\"https:\\\/\\\/archiviocassano.lavocedelpaese.info\\\/index.php\\\/author\\\/admin_0qgz1xdp\\\/\"}]}<\/script>\n<!-- \/ Yoast SEO plugin. -->","yoast_head_json":{"title":"Rifiuti, via al progetto con una differenziata al 5.14% - Archivio CassanoWeb","robots":{"index":"index","follow":"follow","max-snippet":"max-snippet:-1","max-image-preview":"max-image-preview:large","max-video-preview":"max-video-preview:-1"},"canonical":"https:\/\/archiviocassano.lavocedelpaese.info\/index.php\/2013\/01\/31\/rifiuti-firmato-il-verbale-di-servizio-da-domani-le-prime-novita\/","og_locale":"it_IT","og_type":"article","og_title":"Rifiuti, via al progetto con una differenziata al 5.14% - Archivio CassanoWeb","og_url":"https:\/\/archiviocassano.lavocedelpaese.info\/index.php\/2013\/01\/31\/rifiuti-firmato-il-verbale-di-servizio-da-domani-le-prime-novita\/","og_site_name":"Archivio CassanoWeb","article_publisher":"https:\/\/www.facebook.com\/redazione.cassanoweb","article_published_time":"2013-01-31T18:30:34+00:00","og_image":[{"width":640,"height":300,"url":"https:\/\/archiviocassano.lavocedelpaese.info\/wp-content\/uploads\/2013\/01\/firma_rifiuti.jpg","type":"image\/jpeg"}],"author":"admin","twitter_card":"summary_large_image","twitter_misc":{"Scritto da":"admin","Tempo di lettura stimato":"2 minuti"},"schema":{"@context":"https:\/\/schema.org","@graph":[{"@type":"Article","@id":"https:\/\/archiviocassano.lavocedelpaese.info\/index.php\/2013\/01\/31\/rifiuti-firmato-il-verbale-di-servizio-da-domani-le-prime-novita\/#article","isPartOf":{"@id":"https:\/\/archiviocassano.lavocedelpaese.info\/index.php\/2013\/01\/31\/rifiuti-firmato-il-verbale-di-servizio-da-domani-le-prime-novita\/"},"author":{"name":"admin","@id":"https:\/\/archiviocassano.lavocedelpaese.info\/#\/schema\/person\/df195bc79a9b4c35127cf005f92e041b"},"headline":"Rifiuti, via al progetto con una differenziata al 5.14%","datePublished":"2013-01-31T18:30:34+00:00","mainEntityOfPage":{"@id":"https:\/\/archiviocassano.lavocedelpaese.info\/index.php\/2013\/01\/31\/rifiuti-firmato-il-verbale-di-servizio-da-domani-le-prime-novita\/"},"wordCount":339,"commentCount":0,"publisher":{"@id":"https:\/\/archiviocassano.lavocedelpaese.info\/#organization"},"image":{"@id":"https:\/\/archiviocassano.lavocedelpaese.info\/index.php\/2013\/01\/31\/rifiuti-firmato-il-verbale-di-servizio-da-domani-le-prime-novita\/#primaryimage"},"thumbnailUrl":"https:\/\/archiviocassano.lavocedelpaese.info\/wp-content\/uploads\/2013\/01\/firma_rifiuti.jpg","articleSection":["Attualit\u00e0"],"inLanguage":"it-IT","potentialAction":[{"@type":"CommentAction","name":"Comment","target":["https:\/\/archiviocassano.lavocedelpaese.info\/index.php\/2013\/01\/31\/rifiuti-firmato-il-verbale-di-servizio-da-domani-le-prime-novita\/#respond"]}]},{"@type":"WebPage","@id":"https:\/\/archiviocassano.lavocedelpaese.info\/index.php\/2013\/01\/31\/rifiuti-firmato-il-verbale-di-servizio-da-domani-le-prime-novita\/","url":"https:\/\/archiviocassano.lavocedelpaese.info\/index.php\/2013\/01\/31\/rifiuti-firmato-il-verbale-di-servizio-da-domani-le-prime-novita\/","name":"Rifiuti, via al progetto con una differenziata al 5.14% - Archivio CassanoWeb","isPartOf":{"@id":"https:\/\/archiviocassano.lavocedelpaese.info\/#website"},"primaryImageOfPage":{"@id":"https:\/\/archiviocassano.lavocedelpaese.info\/index.php\/2013\/01\/31\/rifiuti-firmato-il-verbale-di-servizio-da-domani-le-prime-novita\/#primaryimage"},"image":{"@id":"https:\/\/archiviocassano.lavocedelpaese.info\/index.php\/2013\/01\/31\/rifiuti-firmato-il-verbale-di-servizio-da-domani-le-prime-novita\/#primaryimage"},"thumbnailUrl":"https:\/\/archiviocassano.lavocedelpaese.info\/wp-content\/uploads\/2013\/01\/firma_rifiuti.jpg","datePublished":"2013-01-31T18:30:34+00:00","breadcrumb":{"@id":"https:\/\/archiviocassano.lavocedelpaese.info\/index.php\/2013\/01\/31\/rifiuti-firmato-il-verbale-di-servizio-da-domani-le-prime-novita\/#breadcrumb"},"inLanguage":"it-IT","potentialAction":[{"@type":"ReadAction","target":["https:\/\/archiviocassano.lavocedelpaese.info\/index.php\/2013\/01\/31\/rifiuti-firmato-il-verbale-di-servizio-da-domani-le-prime-novita\/"]}]},{"@type":"ImageObject","inLanguage":"it-IT","@id":"https:\/\/archiviocassano.lavocedelpaese.info\/index.php\/2013\/01\/31\/rifiuti-firmato-il-verbale-di-servizio-da-domani-le-prime-novita\/#primaryimage","url":"https:\/\/archiviocassano.lavocedelpaese.info\/wp-content\/uploads\/2013\/01\/firma_rifiuti.jpg","contentUrl":"https:\/\/archiviocassano.lavocedelpaese.info\/wp-content\/uploads\/2013\/01\/firma_rifiuti.jpg","width":640,"height":300,"caption":"firma rifiuti"},{"@type":"BreadcrumbList","@id":"https:\/\/archiviocassano.lavocedelpaese.info\/index.php\/2013\/01\/31\/rifiuti-firmato-il-verbale-di-servizio-da-domani-le-prime-novita\/#breadcrumb","itemListElement":[{"@type":"ListItem","position":1,"name":"Home","item":"https:\/\/archiviocassano.lavocedelpaese.info\/"},{"@type":"ListItem","position":2,"name":"Rifiuti, via al progetto con una differenziata al 5.14%"}]},{"@type":"WebSite","@id":"https:\/\/archiviocassano.lavocedelpaese.info\/#website","url":"https:\/\/archiviocassano.lavocedelpaese.info\/","name":"Archivio CassanoWeb","description":"La Voce del Paese - un network di idee","publisher":{"@id":"https:\/\/archiviocassano.lavocedelpaese.info\/#organization"},"potentialAction":[{"@type":"SearchAction","target":{"@type":"EntryPoint","urlTemplate":"https:\/\/archiviocassano.lavocedelpaese.info\/?s={search_term_string}"},"query-input":{"@type":"PropertyValueSpecification","valueRequired":true,"valueName":"search_term_string"}}],"inLanguage":"it-IT"},{"@type":"Organization","@id":"https:\/\/archiviocassano.lavocedelpaese.info\/#organization","name":"Archivio CassanoWeb","url":"https:\/\/archiviocassano.lavocedelpaese.info\/","logo":{"@type":"ImageObject","inLanguage":"it-IT","@id":"https:\/\/archiviocassano.lavocedelpaese.info\/#\/schema\/logo\/image\/","url":"https:\/\/archiviocassano.lavocedelpaese.info\/wp-content\/uploads\/2024\/08\/logo-rosso-2.png","contentUrl":"https:\/\/archiviocassano.lavocedelpaese.info\/wp-content\/uploads\/2024\/08\/logo-rosso-2.png","width":491,"height":432,"caption":"Archivio CassanoWeb"},"image":{"@id":"https:\/\/archiviocassano.lavocedelpaese.info\/#\/schema\/logo\/image\/"},"sameAs":["https:\/\/www.facebook.com\/redazione.cassanoweb"]},{"@type":"Person","@id":"https:\/\/archiviocassano.lavocedelpaese.info\/#\/schema\/person\/df195bc79a9b4c35127cf005f92e041b","name":"admin","image":{"@type":"ImageObject","inLanguage":"it-IT","@id":"https:\/\/secure.gravatar.com\/avatar\/eabba89a432e8eaa1b0207cc55f7e5340b22712b1ed80677efcf63e02ff5b235?s=96&d=mm&r=g","url":"https:\/\/secure.gravatar.com\/avatar\/eabba89a432e8eaa1b0207cc55f7e5340b22712b1ed80677efcf63e02ff5b235?s=96&d=mm&r=g","contentUrl":"https:\/\/secure.gravatar.com\/avatar\/eabba89a432e8eaa1b0207cc55f7e5340b22712b1ed80677efcf63e02ff5b235?s=96&d=mm&r=g","caption":"admin"},"sameAs":["https:\/\/archiviocassano.lavocedelpaese.info"],"url":"https:\/\/archiviocassano.lavocedelpaese.info\/index.php\/author\/admin_0qgz1xdp\/"}]}},"_links":{"self":[{"href":"https:\/\/archiviocassano.lavocedelpaese.info\/index.php\/wp-json\/wp\/v2\/posts\/7140","targetHints":{"allow":["GET"]}}],"collection":[{"href":"https:\/\/archiviocassano.lavocedelpaese.info\/index.php\/wp-json\/wp\/v2\/posts"}],"about":[{"href":"https:\/\/archiviocassano.lavocedelpaese.info\/index.php\/wp-json\/wp\/v2\/types\/post"}],"author":[{"embeddable":true,"href":"https:\/\/archiviocassano.lavocedelpaese.info\/index.php\/wp-json\/wp\/v2\/users\/1"}],"replies":[{"embeddable":true,"href":"https:\/\/archiviocassano.lavocedelpaese.info\/index.php\/wp-json\/wp\/v2\/comments?post=7140"}],"version-history":[{"count":0,"href":"https:\/\/archiviocassano.lavocedelpaese.info\/index.php\/wp-json\/wp\/v2\/posts\/7140\/revisions"}],"wp:featuredmedia":[{"embeddable":true,"href":"https:\/\/archiviocassano.lavocedelpaese.info\/index.php\/wp-json\/wp\/v2\/media\/7139"}],"wp:attachment":[{"href":"https:\/\/archiviocassano.lavocedelpaese.info\/index.php\/wp-json\/wp\/v2\/media?parent=7140"}],"wp:term":[{"taxonomy":"category","embeddable":true,"href":"https:\/\/archiviocassano.lavocedelpaese.info\/index.php\/wp-json\/wp\/v2\/categories?post=7140"},{"taxonomy":"post_tag","embeddable":true,"href":"https:\/\/archiviocassano.lavocedelpaese.info\/index.php\/wp-json\/wp\/v2\/tags?post=7140"}],"curies":[{"name":"wp","href":"https:\/\/api.w.org\/{rel}","templated":true}]}}