{"id":7192,"date":"2013-02-14T06:50:44","date_gmt":"2013-02-14T06:50:44","guid":{"rendered":"https:\/\/archiviocassano.lavocedelpaese.info\/index.php\/2013\/02\/14\/antenna-fra-diavolo-parlano-i-residenti\/"},"modified":"2013-02-14T06:50:44","modified_gmt":"2013-02-14T06:50:44","slug":"antenna-fra-diavolo-parlano-i-residenti","status":"publish","type":"post","link":"https:\/\/archiviocassano.lavocedelpaese.info\/index.php\/2013\/02\/14\/antenna-fra-diavolo-parlano-i-residenti\/","title":{"rendered":"Antenna Fr\u00e0 Diavolo, parlano i residenti"},"content":{"rendered":"<p style=\"text-align: justify;\"><img loading=\"lazy\" decoding=\"async\" class=\" size-full wp-image-7191\" alt=\"antenna fra diavolo\" src=\"https:\/\/archiviocassano.lavocedelpaese.info\/wp-content\/uploads\/2013\/02\/antenna_fra_diavolo.jpg\" height=\"150\" width=\"320\" \/><\/p>\n<p><!--more--><\/p>\n<p style=\"text-align: justify;\">Lo scorso 17 dicembre 2012, era giunto il \u201cno\u201d all\u2019installazione di un\u2019antenna per la telefonia in contrada Fra Diavolo, nei pressi dell\u2019ex-Sole Blu.<\/p>\n<p style=\"text-align: justify;\">Un \u201cno\u201d partito dagli abitanti dei tre lotti del \u201cMurgia residence Fr\u00e0 Diavolo\u201d, nonch\u00e9 del residence Borgo delle Mimose e della casa protetta \u201cClub del Nonno\u201d: sono oltre 500 unit\u00e0 abitative. I residenti avevano gi\u00e0 raccolto diverse firme, consegnate poi al sindaco di Cassano, Maria Pia Di Medio; all\u2019Ufficio Tecnico del Comune di Cassano, nonch\u00e9 all\u2019Asl Bari, all\u2019Agenzia Regionale per la Protezione dell\u2019Ambiente (ARPA) e all\u2019Ente Parco dell\u2019Alta Murgia, nel cui territorio protetto rientra tuttora la zona.<\/p>\n<p style=\"text-align: justify;\">I villeggianti provengono non solo da Cassano, Bari, ma anche da Acquaviva.<\/p>\n<p style=\"text-align: justify;\">La questione, col senno di poi, \u00e8 di semplice spiegazione: nel 2006, alcuni residenti dei relativi lotti e di altre zone pi\u00f9 distanti chiesero, attraverso una specifica raccolta firme, di risolvere, una volta per tutte, gli atavici problemi di ricezione della telefonia mobile in zona; anche per evitare un quasi perfetto isolamento dal mondo. Il problema di oggi, e che emerge dalle opinioni dei residenti, non \u00e8 tanto la presenza di un\u2019antenna, quanto, invece, l\u2019ubicazione a pochi metri dalle unit\u00e0 abitative: praticamente innanzi l\u2019ingresso dei vari lotti, lasciando un notevole velo di perplessit\u00e0, non tanto per il problema della sostenibilit\u00e0 ambientale dove l\u2019ARPA avrebbe gi\u00e0 documentato che il problema di per s\u00e9 non sussiste, quanto, invece, l\u2019eventuale impatto sulle persone fisiche residenti. Ora, ci poniamo dinanzi a un bivio di riflessioni da porre in primo piano: ma l\u2019ubicazione dell\u2019attuale antenna a ridosso dalle abitazioni suddette e posta su una rotonda dell\u2019Ente Comune, \u00e8 davvero motivo di preoccupazione? Intaccherebbe la salute delle persone? O, molto semplicemente, non \u00e8 un problema fondato? \u2026E quale perizia necessiterebbe rincuorare i pi\u00f9 scettici?<\/p>\n<p style=\"text-align: justify;\">Lo abbiamo chiesto ad alcuni residenti del terzo lotto del Murgia Residence: hanno lasciato i loro nomi e cognomi, i loro numeri di villa, il loro volto. Noi ci limiteremo, per una questione di ulteriore garanzia alla privacy, ad apporre le sole iniziali dei loro nomi e cognomi. Restano, per\u00f2, le foto e il loro numero delle singole unit\u00e0 abitative. A coloro che sostengono che il problema oggi sollevato sia al pari di una solita lamentela moralista, alcuni villeggianti inviterebbero taluni a prendersi subito l\u2019antenna e ubicarla bella ritta e davanti al portone di casa.<\/p>\n<p style=\"text-align: justify;\">L\u2019antenna \u201cpotrebbe determinare \u2013 come faceva fede nella lettera inviata alle autorit\u00e0 lo scorso dicembre &#8211; livelli di rischiosit\u00e0 da emissioni di onde elettromagnetiche, danni alla salute; oltre che effetti di impatto sull\u2019ambiente\u201d.<\/p>\n<p style=\"text-align: justify;\">Il signor Seb. Gen., villa n. 147: \u201cSono contrario, perch\u00e9, da ci\u00f2 che si sa, emette onde che compromettono la salute nostra e anche di chi ci circonda.\u201d<\/p>\n<p style=\"text-align: justify;\">Il signor Enz. Gad., villa n. 198: \u201cDiciamo che io sono per le innovazioni tecnologiche, semprech\u00e8 la cosa non fa del male, perch\u00e9 ho sentito dire che le onde elettromagnetiche, per quanto riguarda antenne di questo tipo, possono procurare danni. E siccome abbiamo i figli, abbiamo nipoti, \u00e8 stata messa in un\u2019ubicazione neanche a 100 metri dalle ville, il ch\u00e8, insomma, pu\u00f2 far male. Danneggiare.\u201d<\/p>\n<p style=\"text-align: justify;\">Il signor Lui. Bov., villa n. 201: \u201cIo sono scontento, perch\u00e9 \u00e8 previsto che questa antenna faccia soltanto male a ridosso delle abitazioni, la tecnologia j\u00e8 accom j\u00e8, ma non sono d\u2019accordo.\u201d<\/p>\n<p style=\"text-align: justify;\">Il signor Vit. Vitt., villa n. 148: \u201cNon sono d\u2019accordo, perch\u00e9 sappiamo delle cause che possono generare queste onde magnetiche. Io sono venuto e ho acquistato questo posto perch\u00e9 c\u2019\u00e8 tanto verde e abbiamo piantato altro verde. Adesso, vediamo questa struttura al servizio di chi o di cosa?\u201d<\/p>\n<p style=\"text-align: justify;\">Il signor Mic. Cutr., villa n. 188: \u201cNon sono d\u2019accordo.\u201d<\/p>\n<p style=\"text-align: justify;\">Il signor Cost. Genn. Sin., villa n. 214: \u201cSicuramente sono contrario. Prima di tutto, per l\u2019impatto elettromagnetico e anche l\u2019impatto ambientale: che pu\u00f2 essere nocivo per tutti\u2026 Che ci veniamo qua a passare dei giorni di riposo e quindi contrario totale alla situazione.\u201d<\/p>\n<p style=\"text-align: justify;\">La signora Li. Serv., villa n. 119: \u201cNon sono d\u2019accordo, anche perch\u00e9 la nostra salute non credo che ne possa giovare da questa antenna che emana onde elettromagnetiche.\u201d<\/p>\n<p style=\"text-align: justify;\">Il signor Mimm. Pic., villa n. 193: \u201cQuesta ubicazione non mi piace, potrebbe andar bene a farla su una zona molto pi\u00f9 vasta: tra Cassano, Altamura, dove non c\u2019\u00e8 gente che viene. Perch\u00e9 non sappiamo, fra qualche anno, quali danni potrebbe creare questa antenna. Non \u00e8 stato scoperto, e detto da nessuno, i danni che potrebbe provocare. Visto che veniamo ogni mese, ogni venti giorni, a passare due o tre ore una giornata in santa pace, in una zona protetta come la foresta di Mercadante, non vedo l\u2019uso dell\u2019antenna con le onde elettromagnetiche che potrebbero danneggiare.\u201d<\/p>\n","protected":false},"excerpt":{"rendered":"","protected":false},"author":1,"featured_media":7191,"comment_status":"open","ping_status":"closed","sticky":false,"template":"","format":"standard","meta":{"colormag_page_container_layout":"default_layout","colormag_page_sidebar_layout":"default_layout","footnotes":""},"categories":[7],"tags":[],"class_list":["post-7192","post","type-post","status-publish","format-standard","has-post-thumbnail","hentry","category-attualita"],"yoast_head":"<!-- This site is optimized with the Yoast SEO plugin v27.5 - https:\/\/yoast.com\/product\/yoast-seo-wordpress\/ -->\n<title>Antenna Fr\u00e0 Diavolo, parlano i residenti - Archivio CassanoWeb<\/title>\n<meta name=\"robots\" content=\"index, follow, max-snippet:-1, max-image-preview:large, max-video-preview:-1\" \/>\n<link rel=\"canonical\" href=\"https:\/\/archiviocassano.lavocedelpaese.info\/index.php\/2013\/02\/14\/antenna-fra-diavolo-parlano-i-residenti\/\" \/>\n<meta property=\"og:locale\" content=\"it_IT\" \/>\n<meta property=\"og:type\" content=\"article\" \/>\n<meta property=\"og:title\" content=\"Antenna Fr\u00e0 Diavolo, parlano i residenti - Archivio CassanoWeb\" \/>\n<meta property=\"og:url\" content=\"https:\/\/archiviocassano.lavocedelpaese.info\/index.php\/2013\/02\/14\/antenna-fra-diavolo-parlano-i-residenti\/\" \/>\n<meta property=\"og:site_name\" content=\"Archivio CassanoWeb\" \/>\n<meta property=\"article:publisher\" content=\"https:\/\/www.facebook.com\/redazione.cassanoweb\" \/>\n<meta property=\"article:published_time\" content=\"2013-02-14T06:50:44+00:00\" \/>\n<meta property=\"og:image\" content=\"https:\/\/archiviocassano.lavocedelpaese.info\/wp-content\/uploads\/2013\/02\/antenna_fra_diavolo.jpg\" \/>\n\t<meta property=\"og:image:width\" content=\"660\" \/>\n\t<meta property=\"og:image:height\" content=\"495\" \/>\n\t<meta property=\"og:image:type\" content=\"image\/jpeg\" \/>\n<meta name=\"author\" content=\"admin\" \/>\n<meta name=\"twitter:card\" content=\"summary_large_image\" \/>\n<meta name=\"twitter:label1\" content=\"Scritto da\" \/>\n\t<meta name=\"twitter:data1\" content=\"admin\" \/>\n\t<meta name=\"twitter:label2\" content=\"Tempo di lettura stimato\" \/>\n\t<meta name=\"twitter:data2\" content=\"4 minuti\" \/>\n<script type=\"application\/ld+json\" class=\"yoast-schema-graph\">{\"@context\":\"https:\\\/\\\/schema.org\",\"@graph\":[{\"@type\":\"Article\",\"@id\":\"https:\\\/\\\/archiviocassano.lavocedelpaese.info\\\/index.php\\\/2013\\\/02\\\/14\\\/antenna-fra-diavolo-parlano-i-residenti\\\/#article\",\"isPartOf\":{\"@id\":\"https:\\\/\\\/archiviocassano.lavocedelpaese.info\\\/index.php\\\/2013\\\/02\\\/14\\\/antenna-fra-diavolo-parlano-i-residenti\\\/\"},\"author\":{\"name\":\"admin\",\"@id\":\"https:\\\/\\\/archiviocassano.lavocedelpaese.info\\\/#\\\/schema\\\/person\\\/df195bc79a9b4c35127cf005f92e041b\"},\"headline\":\"Antenna Fr\u00e0 Diavolo, parlano i residenti\",\"datePublished\":\"2013-02-14T06:50:44+00:00\",\"mainEntityOfPage\":{\"@id\":\"https:\\\/\\\/archiviocassano.lavocedelpaese.info\\\/index.php\\\/2013\\\/02\\\/14\\\/antenna-fra-diavolo-parlano-i-residenti\\\/\"},\"wordCount\":782,\"commentCount\":0,\"publisher\":{\"@id\":\"https:\\\/\\\/archiviocassano.lavocedelpaese.info\\\/#organization\"},\"image\":{\"@id\":\"https:\\\/\\\/archiviocassano.lavocedelpaese.info\\\/index.php\\\/2013\\\/02\\\/14\\\/antenna-fra-diavolo-parlano-i-residenti\\\/#primaryimage\"},\"thumbnailUrl\":\"https:\\\/\\\/archiviocassano.lavocedelpaese.info\\\/wp-content\\\/uploads\\\/2013\\\/02\\\/antenna_fra_diavolo.jpg\",\"articleSection\":[\"Attualit\u00e0\"],\"inLanguage\":\"it-IT\",\"potentialAction\":[{\"@type\":\"CommentAction\",\"name\":\"Comment\",\"target\":[\"https:\\\/\\\/archiviocassano.lavocedelpaese.info\\\/index.php\\\/2013\\\/02\\\/14\\\/antenna-fra-diavolo-parlano-i-residenti\\\/#respond\"]}]},{\"@type\":\"WebPage\",\"@id\":\"https:\\\/\\\/archiviocassano.lavocedelpaese.info\\\/index.php\\\/2013\\\/02\\\/14\\\/antenna-fra-diavolo-parlano-i-residenti\\\/\",\"url\":\"https:\\\/\\\/archiviocassano.lavocedelpaese.info\\\/index.php\\\/2013\\\/02\\\/14\\\/antenna-fra-diavolo-parlano-i-residenti\\\/\",\"name\":\"Antenna Fr\u00e0 Diavolo, parlano i residenti - Archivio CassanoWeb\",\"isPartOf\":{\"@id\":\"https:\\\/\\\/archiviocassano.lavocedelpaese.info\\\/#website\"},\"primaryImageOfPage\":{\"@id\":\"https:\\\/\\\/archiviocassano.lavocedelpaese.info\\\/index.php\\\/2013\\\/02\\\/14\\\/antenna-fra-diavolo-parlano-i-residenti\\\/#primaryimage\"},\"image\":{\"@id\":\"https:\\\/\\\/archiviocassano.lavocedelpaese.info\\\/index.php\\\/2013\\\/02\\\/14\\\/antenna-fra-diavolo-parlano-i-residenti\\\/#primaryimage\"},\"thumbnailUrl\":\"https:\\\/\\\/archiviocassano.lavocedelpaese.info\\\/wp-content\\\/uploads\\\/2013\\\/02\\\/antenna_fra_diavolo.jpg\",\"datePublished\":\"2013-02-14T06:50:44+00:00\",\"breadcrumb\":{\"@id\":\"https:\\\/\\\/archiviocassano.lavocedelpaese.info\\\/index.php\\\/2013\\\/02\\\/14\\\/antenna-fra-diavolo-parlano-i-residenti\\\/#breadcrumb\"},\"inLanguage\":\"it-IT\",\"potentialAction\":[{\"@type\":\"ReadAction\",\"target\":[\"https:\\\/\\\/archiviocassano.lavocedelpaese.info\\\/index.php\\\/2013\\\/02\\\/14\\\/antenna-fra-diavolo-parlano-i-residenti\\\/\"]}]},{\"@type\":\"ImageObject\",\"inLanguage\":\"it-IT\",\"@id\":\"https:\\\/\\\/archiviocassano.lavocedelpaese.info\\\/index.php\\\/2013\\\/02\\\/14\\\/antenna-fra-diavolo-parlano-i-residenti\\\/#primaryimage\",\"url\":\"https:\\\/\\\/archiviocassano.lavocedelpaese.info\\\/wp-content\\\/uploads\\\/2013\\\/02\\\/antenna_fra_diavolo.jpg\",\"contentUrl\":\"https:\\\/\\\/archiviocassano.lavocedelpaese.info\\\/wp-content\\\/uploads\\\/2013\\\/02\\\/antenna_fra_diavolo.jpg\",\"width\":660,\"height\":495,\"caption\":\"antenna fra diavolo\"},{\"@type\":\"BreadcrumbList\",\"@id\":\"https:\\\/\\\/archiviocassano.lavocedelpaese.info\\\/index.php\\\/2013\\\/02\\\/14\\\/antenna-fra-diavolo-parlano-i-residenti\\\/#breadcrumb\",\"itemListElement\":[{\"@type\":\"ListItem\",\"position\":1,\"name\":\"Home\",\"item\":\"https:\\\/\\\/archiviocassano.lavocedelpaese.info\\\/\"},{\"@type\":\"ListItem\",\"position\":2,\"name\":\"Antenna Fr\u00e0 Diavolo, parlano i residenti\"}]},{\"@type\":\"WebSite\",\"@id\":\"https:\\\/\\\/archiviocassano.lavocedelpaese.info\\\/#website\",\"url\":\"https:\\\/\\\/archiviocassano.lavocedelpaese.info\\\/\",\"name\":\"Archivio CassanoWeb\",\"description\":\"La Voce del Paese - un network di idee\",\"publisher\":{\"@id\":\"https:\\\/\\\/archiviocassano.lavocedelpaese.info\\\/#organization\"},\"potentialAction\":[{\"@type\":\"SearchAction\",\"target\":{\"@type\":\"EntryPoint\",\"urlTemplate\":\"https:\\\/\\\/archiviocassano.lavocedelpaese.info\\\/?s={search_term_string}\"},\"query-input\":{\"@type\":\"PropertyValueSpecification\",\"valueRequired\":true,\"valueName\":\"search_term_string\"}}],\"inLanguage\":\"it-IT\"},{\"@type\":\"Organization\",\"@id\":\"https:\\\/\\\/archiviocassano.lavocedelpaese.info\\\/#organization\",\"name\":\"Archivio CassanoWeb\",\"url\":\"https:\\\/\\\/archiviocassano.lavocedelpaese.info\\\/\",\"logo\":{\"@type\":\"ImageObject\",\"inLanguage\":\"it-IT\",\"@id\":\"https:\\\/\\\/archiviocassano.lavocedelpaese.info\\\/#\\\/schema\\\/logo\\\/image\\\/\",\"url\":\"https:\\\/\\\/archiviocassano.lavocedelpaese.info\\\/wp-content\\\/uploads\\\/2024\\\/08\\\/logo-rosso-2.png\",\"contentUrl\":\"https:\\\/\\\/archiviocassano.lavocedelpaese.info\\\/wp-content\\\/uploads\\\/2024\\\/08\\\/logo-rosso-2.png\",\"width\":491,\"height\":432,\"caption\":\"Archivio CassanoWeb\"},\"image\":{\"@id\":\"https:\\\/\\\/archiviocassano.lavocedelpaese.info\\\/#\\\/schema\\\/logo\\\/image\\\/\"},\"sameAs\":[\"https:\\\/\\\/www.facebook.com\\\/redazione.cassanoweb\"]},{\"@type\":\"Person\",\"@id\":\"https:\\\/\\\/archiviocassano.lavocedelpaese.info\\\/#\\\/schema\\\/person\\\/df195bc79a9b4c35127cf005f92e041b\",\"name\":\"admin\",\"image\":{\"@type\":\"ImageObject\",\"inLanguage\":\"it-IT\",\"@id\":\"https:\\\/\\\/secure.gravatar.com\\\/avatar\\\/eabba89a432e8eaa1b0207cc55f7e5340b22712b1ed80677efcf63e02ff5b235?s=96&d=mm&r=g\",\"url\":\"https:\\\/\\\/secure.gravatar.com\\\/avatar\\\/eabba89a432e8eaa1b0207cc55f7e5340b22712b1ed80677efcf63e02ff5b235?s=96&d=mm&r=g\",\"contentUrl\":\"https:\\\/\\\/secure.gravatar.com\\\/avatar\\\/eabba89a432e8eaa1b0207cc55f7e5340b22712b1ed80677efcf63e02ff5b235?s=96&d=mm&r=g\",\"caption\":\"admin\"},\"sameAs\":[\"https:\\\/\\\/archiviocassano.lavocedelpaese.info\"],\"url\":\"https:\\\/\\\/archiviocassano.lavocedelpaese.info\\\/index.php\\\/author\\\/admin_0qgz1xdp\\\/\"}]}<\/script>\n<!-- \/ Yoast SEO plugin. -->","yoast_head_json":{"title":"Antenna Fr\u00e0 Diavolo, parlano i residenti - Archivio CassanoWeb","robots":{"index":"index","follow":"follow","max-snippet":"max-snippet:-1","max-image-preview":"max-image-preview:large","max-video-preview":"max-video-preview:-1"},"canonical":"https:\/\/archiviocassano.lavocedelpaese.info\/index.php\/2013\/02\/14\/antenna-fra-diavolo-parlano-i-residenti\/","og_locale":"it_IT","og_type":"article","og_title":"Antenna Fr\u00e0 Diavolo, parlano i residenti - Archivio CassanoWeb","og_url":"https:\/\/archiviocassano.lavocedelpaese.info\/index.php\/2013\/02\/14\/antenna-fra-diavolo-parlano-i-residenti\/","og_site_name":"Archivio CassanoWeb","article_publisher":"https:\/\/www.facebook.com\/redazione.cassanoweb","article_published_time":"2013-02-14T06:50:44+00:00","og_image":[{"width":660,"height":495,"url":"https:\/\/archiviocassano.lavocedelpaese.info\/wp-content\/uploads\/2013\/02\/antenna_fra_diavolo.jpg","type":"image\/jpeg"}],"author":"admin","twitter_card":"summary_large_image","twitter_misc":{"Scritto da":"admin","Tempo di lettura stimato":"4 minuti"},"schema":{"@context":"https:\/\/schema.org","@graph":[{"@type":"Article","@id":"https:\/\/archiviocassano.lavocedelpaese.info\/index.php\/2013\/02\/14\/antenna-fra-diavolo-parlano-i-residenti\/#article","isPartOf":{"@id":"https:\/\/archiviocassano.lavocedelpaese.info\/index.php\/2013\/02\/14\/antenna-fra-diavolo-parlano-i-residenti\/"},"author":{"name":"admin","@id":"https:\/\/archiviocassano.lavocedelpaese.info\/#\/schema\/person\/df195bc79a9b4c35127cf005f92e041b"},"headline":"Antenna Fr\u00e0 Diavolo, parlano i residenti","datePublished":"2013-02-14T06:50:44+00:00","mainEntityOfPage":{"@id":"https:\/\/archiviocassano.lavocedelpaese.info\/index.php\/2013\/02\/14\/antenna-fra-diavolo-parlano-i-residenti\/"},"wordCount":782,"commentCount":0,"publisher":{"@id":"https:\/\/archiviocassano.lavocedelpaese.info\/#organization"},"image":{"@id":"https:\/\/archiviocassano.lavocedelpaese.info\/index.php\/2013\/02\/14\/antenna-fra-diavolo-parlano-i-residenti\/#primaryimage"},"thumbnailUrl":"https:\/\/archiviocassano.lavocedelpaese.info\/wp-content\/uploads\/2013\/02\/antenna_fra_diavolo.jpg","articleSection":["Attualit\u00e0"],"inLanguage":"it-IT","potentialAction":[{"@type":"CommentAction","name":"Comment","target":["https:\/\/archiviocassano.lavocedelpaese.info\/index.php\/2013\/02\/14\/antenna-fra-diavolo-parlano-i-residenti\/#respond"]}]},{"@type":"WebPage","@id":"https:\/\/archiviocassano.lavocedelpaese.info\/index.php\/2013\/02\/14\/antenna-fra-diavolo-parlano-i-residenti\/","url":"https:\/\/archiviocassano.lavocedelpaese.info\/index.php\/2013\/02\/14\/antenna-fra-diavolo-parlano-i-residenti\/","name":"Antenna Fr\u00e0 Diavolo, parlano i residenti - Archivio CassanoWeb","isPartOf":{"@id":"https:\/\/archiviocassano.lavocedelpaese.info\/#website"},"primaryImageOfPage":{"@id":"https:\/\/archiviocassano.lavocedelpaese.info\/index.php\/2013\/02\/14\/antenna-fra-diavolo-parlano-i-residenti\/#primaryimage"},"image":{"@id":"https:\/\/archiviocassano.lavocedelpaese.info\/index.php\/2013\/02\/14\/antenna-fra-diavolo-parlano-i-residenti\/#primaryimage"},"thumbnailUrl":"https:\/\/archiviocassano.lavocedelpaese.info\/wp-content\/uploads\/2013\/02\/antenna_fra_diavolo.jpg","datePublished":"2013-02-14T06:50:44+00:00","breadcrumb":{"@id":"https:\/\/archiviocassano.lavocedelpaese.info\/index.php\/2013\/02\/14\/antenna-fra-diavolo-parlano-i-residenti\/#breadcrumb"},"inLanguage":"it-IT","potentialAction":[{"@type":"ReadAction","target":["https:\/\/archiviocassano.lavocedelpaese.info\/index.php\/2013\/02\/14\/antenna-fra-diavolo-parlano-i-residenti\/"]}]},{"@type":"ImageObject","inLanguage":"it-IT","@id":"https:\/\/archiviocassano.lavocedelpaese.info\/index.php\/2013\/02\/14\/antenna-fra-diavolo-parlano-i-residenti\/#primaryimage","url":"https:\/\/archiviocassano.lavocedelpaese.info\/wp-content\/uploads\/2013\/02\/antenna_fra_diavolo.jpg","contentUrl":"https:\/\/archiviocassano.lavocedelpaese.info\/wp-content\/uploads\/2013\/02\/antenna_fra_diavolo.jpg","width":660,"height":495,"caption":"antenna fra diavolo"},{"@type":"BreadcrumbList","@id":"https:\/\/archiviocassano.lavocedelpaese.info\/index.php\/2013\/02\/14\/antenna-fra-diavolo-parlano-i-residenti\/#breadcrumb","itemListElement":[{"@type":"ListItem","position":1,"name":"Home","item":"https:\/\/archiviocassano.lavocedelpaese.info\/"},{"@type":"ListItem","position":2,"name":"Antenna Fr\u00e0 Diavolo, parlano i residenti"}]},{"@type":"WebSite","@id":"https:\/\/archiviocassano.lavocedelpaese.info\/#website","url":"https:\/\/archiviocassano.lavocedelpaese.info\/","name":"Archivio CassanoWeb","description":"La Voce del Paese - un network di idee","publisher":{"@id":"https:\/\/archiviocassano.lavocedelpaese.info\/#organization"},"potentialAction":[{"@type":"SearchAction","target":{"@type":"EntryPoint","urlTemplate":"https:\/\/archiviocassano.lavocedelpaese.info\/?s={search_term_string}"},"query-input":{"@type":"PropertyValueSpecification","valueRequired":true,"valueName":"search_term_string"}}],"inLanguage":"it-IT"},{"@type":"Organization","@id":"https:\/\/archiviocassano.lavocedelpaese.info\/#organization","name":"Archivio CassanoWeb","url":"https:\/\/archiviocassano.lavocedelpaese.info\/","logo":{"@type":"ImageObject","inLanguage":"it-IT","@id":"https:\/\/archiviocassano.lavocedelpaese.info\/#\/schema\/logo\/image\/","url":"https:\/\/archiviocassano.lavocedelpaese.info\/wp-content\/uploads\/2024\/08\/logo-rosso-2.png","contentUrl":"https:\/\/archiviocassano.lavocedelpaese.info\/wp-content\/uploads\/2024\/08\/logo-rosso-2.png","width":491,"height":432,"caption":"Archivio CassanoWeb"},"image":{"@id":"https:\/\/archiviocassano.lavocedelpaese.info\/#\/schema\/logo\/image\/"},"sameAs":["https:\/\/www.facebook.com\/redazione.cassanoweb"]},{"@type":"Person","@id":"https:\/\/archiviocassano.lavocedelpaese.info\/#\/schema\/person\/df195bc79a9b4c35127cf005f92e041b","name":"admin","image":{"@type":"ImageObject","inLanguage":"it-IT","@id":"https:\/\/secure.gravatar.com\/avatar\/eabba89a432e8eaa1b0207cc55f7e5340b22712b1ed80677efcf63e02ff5b235?s=96&d=mm&r=g","url":"https:\/\/secure.gravatar.com\/avatar\/eabba89a432e8eaa1b0207cc55f7e5340b22712b1ed80677efcf63e02ff5b235?s=96&d=mm&r=g","contentUrl":"https:\/\/secure.gravatar.com\/avatar\/eabba89a432e8eaa1b0207cc55f7e5340b22712b1ed80677efcf63e02ff5b235?s=96&d=mm&r=g","caption":"admin"},"sameAs":["https:\/\/archiviocassano.lavocedelpaese.info"],"url":"https:\/\/archiviocassano.lavocedelpaese.info\/index.php\/author\/admin_0qgz1xdp\/"}]}},"_links":{"self":[{"href":"https:\/\/archiviocassano.lavocedelpaese.info\/index.php\/wp-json\/wp\/v2\/posts\/7192","targetHints":{"allow":["GET"]}}],"collection":[{"href":"https:\/\/archiviocassano.lavocedelpaese.info\/index.php\/wp-json\/wp\/v2\/posts"}],"about":[{"href":"https:\/\/archiviocassano.lavocedelpaese.info\/index.php\/wp-json\/wp\/v2\/types\/post"}],"author":[{"embeddable":true,"href":"https:\/\/archiviocassano.lavocedelpaese.info\/index.php\/wp-json\/wp\/v2\/users\/1"}],"replies":[{"embeddable":true,"href":"https:\/\/archiviocassano.lavocedelpaese.info\/index.php\/wp-json\/wp\/v2\/comments?post=7192"}],"version-history":[{"count":0,"href":"https:\/\/archiviocassano.lavocedelpaese.info\/index.php\/wp-json\/wp\/v2\/posts\/7192\/revisions"}],"wp:featuredmedia":[{"embeddable":true,"href":"https:\/\/archiviocassano.lavocedelpaese.info\/index.php\/wp-json\/wp\/v2\/media\/7191"}],"wp:attachment":[{"href":"https:\/\/archiviocassano.lavocedelpaese.info\/index.php\/wp-json\/wp\/v2\/media?parent=7192"}],"wp:term":[{"taxonomy":"category","embeddable":true,"href":"https:\/\/archiviocassano.lavocedelpaese.info\/index.php\/wp-json\/wp\/v2\/categories?post=7192"},{"taxonomy":"post_tag","embeddable":true,"href":"https:\/\/archiviocassano.lavocedelpaese.info\/index.php\/wp-json\/wp\/v2\/tags?post=7192"}],"curies":[{"name":"wp","href":"https:\/\/api.w.org\/{rel}","templated":true}]}}