{"id":720,"date":"2009-12-17T15:41:24","date_gmt":"2009-12-17T15:41:24","guid":{"rendered":"https:\/\/archiviocassano.lavocedelpaese.info\/index.php\/2009\/12\/17\/clima-il-cambiamento-passa-da-noi\/"},"modified":"2009-12-17T15:41:24","modified_gmt":"2009-12-17T15:41:24","slug":"clima-il-cambiamento-passa-da-noi","status":"publish","type":"post","link":"https:\/\/archiviocassano.lavocedelpaese.info\/index.php\/2009\/12\/17\/clima-il-cambiamento-passa-da-noi\/","title":{"rendered":"CLIMA, IL CAMBIAMENTO PASSA DA NOI"},"content":{"rendered":"<p><img loading=\"lazy\" decoding=\"async\" height=\"156\" width=\"320\" src=\"images\/stories\/archiviofoto\/convegno_sle1.jpg\" alt=\"convegno_sle1\" \/><\/p>\n<p>\u00a0<\/p>\n<p><!--more--><\/p>\n<p style=\"text-align: justify;\">Si \u00e8 tenuto ieri sera, presso la biblioteca comunale \u201cPerotti\u201d, l\u2019incontro dibattito sul tema \u201cFrom Puglia to Copenaghen\u201d, organizzato dal circolo cassanese di Sinistra Libert\u00e0 ed Ecologia. Una serata i cui intenti erano quelli di proporre nuove idee concrete su temi riguardanti il clima e l\u2019ambiente, di sviluppare nuove prassi subito attuabili nel nostro piccolo e di fare il punto sulle politiche reali attuabili sul nostro territorio nonch\u00e9 quelle gi\u00e0 messe in atto dalla Regione Puglia.<\/p>\n<p style=\"text-align: justify;\">Obiettivi che sono stati fin da subito delineati dal moderatore della serata, <strong>Paolo Schino di Sinistra e Libert\u00e0<\/strong>. Sebbene il dibattito sul clima si stia svolgendo in questi giorni a Copenaghen, coinvolgendo tutti i governi mondiali, ci si \u00e8 chiesto stasera come, prima ancora dei governi, possano intervenire i piccoli comuni per garantire uno sviluppo sostenibile della nostra economia. E difatti il <em>leit motiv<\/em> della serata \u00e8 stato, appunto, il cambiamento di mentalit\u00e0 generale, di modelli economici, che dovrebbe guidare i governi prima, i piccoli comuni poi. Un\u2019economia non pi\u00f9 basata sullo sfruttamento e l\u2019avidit\u00e0 (la <em>greed economy<\/em>, per dirla all\u2019inglese maniera) bens\u00ec sulla sostenibilit\u00e0, l\u2019attenzione all\u2019ambiente e alle generazioni future (la <em>green economy<\/em>, per l\u2019appunto).<\/p>\n<p style=\"text-align: justify;\">Quali possono essere allora le prospettive di una green economy? Ce lo ha spiegato <strong>Domenico Conserva, Consigliere Nazionale dell\u2019Associazione Verdi, Ambeinte e Societ\u00e0 (VAS)<\/strong>. Egli ha chiarito che il primo passo verso un cambiamento di mentalit\u00e0 consiste nello sradicare e ribaltare il modello di persona in competizione col prossimo, causa di frustrazione e nevrosi. Un vecchio modello del novecento che vede la persona come consumatore sfrenato, amante del superfluo e mosso dal desiderio di autorealizzazione a tutti i costi. Focalizzandosi sulla persona invece, sui suoi bisogni anche in considerazione delle generazioni future, e guardando all\u2019essere umano come abitante temporaneo del nostro pianeta \u2013 e non centro dell\u2019universo \u2013 si pu\u00f2 estirpare un vecchio concetto di avidit\u00e0 e sfruttamento delle risorse del pianeta. Cambiando il modo di pensare dunque, sar\u00e0 molto pi\u00f9 facile accogliere nel nostro piccolo innovazioni tecnologiche che vanno nella direzione delle energie rinnovabili.<\/p>\n<p style=\"text-align: justify;\">\u00a0<\/p>\n<p style=\"text-align: justify;\"><img loading=\"lazy\" decoding=\"async\" class=\" size-full wp-image-719\" height=\"200\" width=\"410\" src=\"https:\/\/archiviocassano.lavocedelpaese.info\/wp-content\/uploads\/2009\/12\/convegno_sle2.jpg\" alt=\"convegno_sle2\" srcset=\"https:\/\/archiviocassano.lavocedelpaese.info\/wp-content\/uploads\/2009\/12\/convegno_sle2.jpg 410w, https:\/\/archiviocassano.lavocedelpaese.info\/wp-content\/uploads\/2009\/12\/convegno_sle2-300x146.jpg 300w\" sizes=\"auto, (max-width: 410px) 100vw, 410px\" \/><\/p>\n<p style=\"text-align: justify;\">Per capire invece l\u2019impatto che le politiche agricole attuali hanno sul sistema economico e sullo sfruttamento della terra, \u00e8 intervenuto <strong>l\u2019agronomo Nicola Catalano, <\/strong>il quale ha spiegato che la situazione della Puglia in generale e del nostro territorio in particolare \u00e8 abbastanza critica. Questo perch\u00e9 \u00e8 cambiato il modo di fare agricoltura: si \u00e8 passati da una coltivazione estensiva ad una intensiva. Se prima una normale produzione di uva era di trecento quintali, con le forzature e l\u2019intervento di macchinari sempre pi\u00f9 potenti ora si pu\u00f2 arrivare a pi\u00f9 di ottocento quintali dallo stesso vigneto. Senza rendersi conto che ci\u00f2 che si sfrutta ora apparterr\u00e0 alle generazioni future domani, con gravi conseguenze in termini di frane e smottamenti (si sono ricordati i gravi episodi in questo senso che hanno colpito il territorio di Grumo, Cassano e Casamassima nel 2005). Ma in maniera molto concreta, il dott. Catalano ha proposto un modello subito attuabile per cercare di risolvere questo problema, fondato su tre cardini principali: <strong>condizionalit\u00e0<\/strong> (concetto secondo il quali i soldi da destinare all\u2019agricoltura debbano essere erogati non pi\u00f9 a pioggia, ma secondo criteri concreti e sostenibili), <strong>modulazione<\/strong> (cio\u00e8 fondi erogati soprattutto in presenza di consorzi e associazioni agricole, che comprendano tutta la filiera) e <strong>multifunzionalit\u00e0<\/strong> (cio\u00e8 legare l\u2019agricoltura all\u2019ambiente e alla cultura del territorio).<\/p>\n<p style=\"text-align: justify;\">Intervento focalizzato sugli effetti climatici a livello soprattutto africano \u00e8 stato fatto da <strong>Leonardo Palmisano, sociologo dell\u2019Universit\u00e0 di Bari.<\/strong> L\u2019esempio del deserto del Sahara, sfruttato come discarica anche a livello nucleare da paesi pi\u00f9 sviluppati e devastato per impiantare coltivazioni d\u2019uva, ha messo in evidenza come politiche di globalizzazione e modelli di consumo attuali vadano in crisi. La sua totale desertificazione \u00e8 inoltre causa di veri e propri fenomeni migratori, che vedono le popolazioni di quel territorio spostarsi verso Nord. Fenomeno che tender\u00e0 ad aumentare drasticamente nel corso dei prossimi decenni. Passare da una economia <em>greed<\/em> ad un\u2019economia <em>green<\/em> \u00e8 allora fondamentale per poter ottenere un equilibrio tanto desiderato. E a livello regionale ci\u00f2 si sta verificando: la preservazione delle risorse presenti insieme al recupero di risorse abbandonate a se stesse (come le varie discariche di Brindisi e del territorio di Torre Guaceto) possono permettere di creare nuove tipologie di risorse, utili prima a noi e infine alle generazioni future<\/p>\n<p style=\"text-align: justify;\">\u00a0<\/p>\n<p style=\"text-align: justify;\"><img loading=\"lazy\" decoding=\"async\" height=\"200\" width=\"410\" src=\"images\/stories\/archiviofoto\/convegno_sle3.jpg\" alt=\"convegno_sle3\" \/><\/p>\n<p style=\"text-align: justify;\">Ha concluso il dibattito il <strong>Consigliere regionale di Sinistra e Libert\u00e0 Michele Ventricelli. <\/strong>Egli ha illustrato come la Regione Puglia stia cercando di tornare alla politica reale attraverso l\u2019ottimo lavoro svolto dall\u2019assessore alle politiche ambientali Angela Barbanente. Un lavoro che ha permesso alla Puglia di dotarsi, per la prima volta, di un \u201cpiano del paesaggio\u201d, che tra i suoi obiettivi ha avuto quello di ridare funzionalit\u00e0 ai parchi pugliesi, presenti ma non funzionanti.<\/p>\n<p style=\"text-align: justify;\">Si cerca infatti di tutelare e valorizzare il paesaggio anche in previsione del turismo. La Puglia vive una situazione paradossale in positivo: grazie alla tutela del paesaggio il turismo ha avuto un picco nonostante la crisi; questo perch\u00e9 il paesaggio riveste un ruolo importante nell\u2019esperienza turistica. Ma le iniziative della nostra regione non si fermano qui: si \u00e8 detto no agli inceneritori e ai rigassificatori puntando invece sul ciclo combinato dei rifiuti. Nuovi impianti in questo senso sono allo studio, con la speranza che si incrementi anche il tasso di raccolta differenziata. Inoltre la Puglia \u00e8 la prima regione per impianti di energia fotovoltaica ed eolica e nuovi studi sull\u2019utilizzo dell\u2019idrogeno sono in cantiere. Una regione che non sta a guardare passivamente, ma che al contrario si muove proprio verso un\u2019economia verde e sostenibile.<\/p>\n<p style=\"text-align: justify;\">Una serata dai toni interessanti e in cui la partecipazione cittadina si \u00e8 fatta notare. Diversi gli interventi da parte dei cittadini cassanesi, tutti focalizzati sulla volont\u00e0 di puntare di pi\u00f9 sulla raccolta differenziata. Perch\u00e9, sebbene i buoni propositi da parte dei cittadini ci siano, la comunicazione sulle tipologie di rifiuti differenziabili e sulle modalit\u00e0 di ritiro sono ancora poco chiare. E mancando una chiara comunicazione in questo senso non \u00e8 difficile spiegarsi come Cassano si sia fermata al 7% nella differenziazione dei rifiuti, contro percentuali ben pi\u00f9 alte degli altri comuni. L\u2019augurio \u00e8 che questa serata possa essere da stimolo per tutti coloro che hanno a cuore la propria terra e i propri cari, che in futuro prenderanno inevitabilmente il nostro posto nel grande ciclo della vita. E il circolo di Sinistra e Libert\u00e0 di Cassano \u00e8 a disposizione di tutti quelli che vorranno approfondire questi argomenti e ricevere informazioni pi\u00f9 dettagliate su quello che concretamente ognuno di noi pu\u00f2 fare nel suo piccolo.<\/p>\n","protected":false},"excerpt":{"rendered":"<p>\u00a0<\/p>\n","protected":false},"author":1,"featured_media":0,"comment_status":"open","ping_status":"closed","sticky":false,"template":"","format":"standard","meta":{"colormag_page_container_layout":"default_layout","colormag_page_sidebar_layout":"default_layout","footnotes":""},"categories":[7],"tags":[],"class_list":["post-720","post","type-post","status-publish","format-standard","hentry","category-attualita"],"yoast_head":"<!-- This site is optimized with the Yoast SEO plugin v27.5 - https:\/\/yoast.com\/product\/yoast-seo-wordpress\/ -->\n<title>CLIMA, IL CAMBIAMENTO PASSA DA NOI - Archivio CassanoWeb<\/title>\n<meta name=\"robots\" content=\"index, follow, max-snippet:-1, max-image-preview:large, max-video-preview:-1\" \/>\n<link rel=\"canonical\" href=\"https:\/\/archiviocassano.lavocedelpaese.info\/index.php\/2009\/12\/17\/clima-il-cambiamento-passa-da-noi\/\" \/>\n<meta property=\"og:locale\" content=\"it_IT\" \/>\n<meta property=\"og:type\" content=\"article\" \/>\n<meta property=\"og:title\" content=\"CLIMA, IL CAMBIAMENTO PASSA DA NOI - Archivio CassanoWeb\" \/>\n<meta property=\"og:description\" content=\"\u00a0\" \/>\n<meta property=\"og:url\" content=\"https:\/\/archiviocassano.lavocedelpaese.info\/index.php\/2009\/12\/17\/clima-il-cambiamento-passa-da-noi\/\" \/>\n<meta property=\"og:site_name\" content=\"Archivio CassanoWeb\" \/>\n<meta property=\"article:publisher\" content=\"https:\/\/www.facebook.com\/redazione.cassanoweb\" \/>\n<meta property=\"article:published_time\" content=\"2009-12-17T15:41:24+00:00\" \/>\n<meta property=\"og:image\" content=\"https:\/\/archiviocassano.lavocedelpaese.info\/wp-content\/uploads\/2009\/12\/convegno_sle2.jpg\" \/>\n<meta name=\"author\" content=\"admin\" \/>\n<meta name=\"twitter:card\" content=\"summary_large_image\" \/>\n<meta name=\"twitter:label1\" content=\"Scritto da\" \/>\n\t<meta name=\"twitter:data1\" content=\"admin\" \/>\n\t<meta name=\"twitter:label2\" content=\"Tempo di lettura stimato\" \/>\n\t<meta name=\"twitter:data2\" content=\"5 minuti\" \/>\n<script type=\"application\/ld+json\" class=\"yoast-schema-graph\">{\"@context\":\"https:\\\/\\\/schema.org\",\"@graph\":[{\"@type\":\"Article\",\"@id\":\"https:\\\/\\\/archiviocassano.lavocedelpaese.info\\\/index.php\\\/2009\\\/12\\\/17\\\/clima-il-cambiamento-passa-da-noi\\\/#article\",\"isPartOf\":{\"@id\":\"https:\\\/\\\/archiviocassano.lavocedelpaese.info\\\/index.php\\\/2009\\\/12\\\/17\\\/clima-il-cambiamento-passa-da-noi\\\/\"},\"author\":{\"name\":\"admin\",\"@id\":\"https:\\\/\\\/archiviocassano.lavocedelpaese.info\\\/#\\\/schema\\\/person\\\/df195bc79a9b4c35127cf005f92e041b\"},\"headline\":\"CLIMA, IL CAMBIAMENTO PASSA DA NOI\",\"datePublished\":\"2009-12-17T15:41:24+00:00\",\"mainEntityOfPage\":{\"@id\":\"https:\\\/\\\/archiviocassano.lavocedelpaese.info\\\/index.php\\\/2009\\\/12\\\/17\\\/clima-il-cambiamento-passa-da-noi\\\/\"},\"wordCount\":1098,\"commentCount\":0,\"publisher\":{\"@id\":\"https:\\\/\\\/archiviocassano.lavocedelpaese.info\\\/#organization\"},\"image\":{\"@id\":\"https:\\\/\\\/archiviocassano.lavocedelpaese.info\\\/index.php\\\/2009\\\/12\\\/17\\\/clima-il-cambiamento-passa-da-noi\\\/#primaryimage\"},\"thumbnailUrl\":\"https:\\\/\\\/archiviocassano.lavocedelpaese.info\\\/wp-content\\\/uploads\\\/2009\\\/12\\\/convegno_sle2.jpg\",\"articleSection\":[\"Attualit\u00e0\"],\"inLanguage\":\"it-IT\",\"potentialAction\":[{\"@type\":\"CommentAction\",\"name\":\"Comment\",\"target\":[\"https:\\\/\\\/archiviocassano.lavocedelpaese.info\\\/index.php\\\/2009\\\/12\\\/17\\\/clima-il-cambiamento-passa-da-noi\\\/#respond\"]}]},{\"@type\":\"WebPage\",\"@id\":\"https:\\\/\\\/archiviocassano.lavocedelpaese.info\\\/index.php\\\/2009\\\/12\\\/17\\\/clima-il-cambiamento-passa-da-noi\\\/\",\"url\":\"https:\\\/\\\/archiviocassano.lavocedelpaese.info\\\/index.php\\\/2009\\\/12\\\/17\\\/clima-il-cambiamento-passa-da-noi\\\/\",\"name\":\"CLIMA, IL CAMBIAMENTO PASSA DA NOI - Archivio CassanoWeb\",\"isPartOf\":{\"@id\":\"https:\\\/\\\/archiviocassano.lavocedelpaese.info\\\/#website\"},\"primaryImageOfPage\":{\"@id\":\"https:\\\/\\\/archiviocassano.lavocedelpaese.info\\\/index.php\\\/2009\\\/12\\\/17\\\/clima-il-cambiamento-passa-da-noi\\\/#primaryimage\"},\"image\":{\"@id\":\"https:\\\/\\\/archiviocassano.lavocedelpaese.info\\\/index.php\\\/2009\\\/12\\\/17\\\/clima-il-cambiamento-passa-da-noi\\\/#primaryimage\"},\"thumbnailUrl\":\"https:\\\/\\\/archiviocassano.lavocedelpaese.info\\\/wp-content\\\/uploads\\\/2009\\\/12\\\/convegno_sle2.jpg\",\"datePublished\":\"2009-12-17T15:41:24+00:00\",\"breadcrumb\":{\"@id\":\"https:\\\/\\\/archiviocassano.lavocedelpaese.info\\\/index.php\\\/2009\\\/12\\\/17\\\/clima-il-cambiamento-passa-da-noi\\\/#breadcrumb\"},\"inLanguage\":\"it-IT\",\"potentialAction\":[{\"@type\":\"ReadAction\",\"target\":[\"https:\\\/\\\/archiviocassano.lavocedelpaese.info\\\/index.php\\\/2009\\\/12\\\/17\\\/clima-il-cambiamento-passa-da-noi\\\/\"]}]},{\"@type\":\"ImageObject\",\"inLanguage\":\"it-IT\",\"@id\":\"https:\\\/\\\/archiviocassano.lavocedelpaese.info\\\/index.php\\\/2009\\\/12\\\/17\\\/clima-il-cambiamento-passa-da-noi\\\/#primaryimage\",\"url\":\"https:\\\/\\\/archiviocassano.lavocedelpaese.info\\\/wp-content\\\/uploads\\\/2009\\\/12\\\/convegno_sle2.jpg\",\"contentUrl\":\"https:\\\/\\\/archiviocassano.lavocedelpaese.info\\\/wp-content\\\/uploads\\\/2009\\\/12\\\/convegno_sle2.jpg\",\"width\":410,\"height\":200,\"caption\":\"convegno_sle2\"},{\"@type\":\"BreadcrumbList\",\"@id\":\"https:\\\/\\\/archiviocassano.lavocedelpaese.info\\\/index.php\\\/2009\\\/12\\\/17\\\/clima-il-cambiamento-passa-da-noi\\\/#breadcrumb\",\"itemListElement\":[{\"@type\":\"ListItem\",\"position\":1,\"name\":\"Home\",\"item\":\"https:\\\/\\\/archiviocassano.lavocedelpaese.info\\\/\"},{\"@type\":\"ListItem\",\"position\":2,\"name\":\"CLIMA, IL CAMBIAMENTO PASSA DA NOI\"}]},{\"@type\":\"WebSite\",\"@id\":\"https:\\\/\\\/archiviocassano.lavocedelpaese.info\\\/#website\",\"url\":\"https:\\\/\\\/archiviocassano.lavocedelpaese.info\\\/\",\"name\":\"Archivio CassanoWeb\",\"description\":\"La Voce del Paese - un network di idee\",\"publisher\":{\"@id\":\"https:\\\/\\\/archiviocassano.lavocedelpaese.info\\\/#organization\"},\"potentialAction\":[{\"@type\":\"SearchAction\",\"target\":{\"@type\":\"EntryPoint\",\"urlTemplate\":\"https:\\\/\\\/archiviocassano.lavocedelpaese.info\\\/?s={search_term_string}\"},\"query-input\":{\"@type\":\"PropertyValueSpecification\",\"valueRequired\":true,\"valueName\":\"search_term_string\"}}],\"inLanguage\":\"it-IT\"},{\"@type\":\"Organization\",\"@id\":\"https:\\\/\\\/archiviocassano.lavocedelpaese.info\\\/#organization\",\"name\":\"Archivio CassanoWeb\",\"url\":\"https:\\\/\\\/archiviocassano.lavocedelpaese.info\\\/\",\"logo\":{\"@type\":\"ImageObject\",\"inLanguage\":\"it-IT\",\"@id\":\"https:\\\/\\\/archiviocassano.lavocedelpaese.info\\\/#\\\/schema\\\/logo\\\/image\\\/\",\"url\":\"https:\\\/\\\/archiviocassano.lavocedelpaese.info\\\/wp-content\\\/uploads\\\/2024\\\/08\\\/logo-rosso-2.png\",\"contentUrl\":\"https:\\\/\\\/archiviocassano.lavocedelpaese.info\\\/wp-content\\\/uploads\\\/2024\\\/08\\\/logo-rosso-2.png\",\"width\":491,\"height\":432,\"caption\":\"Archivio CassanoWeb\"},\"image\":{\"@id\":\"https:\\\/\\\/archiviocassano.lavocedelpaese.info\\\/#\\\/schema\\\/logo\\\/image\\\/\"},\"sameAs\":[\"https:\\\/\\\/www.facebook.com\\\/redazione.cassanoweb\"]},{\"@type\":\"Person\",\"@id\":\"https:\\\/\\\/archiviocassano.lavocedelpaese.info\\\/#\\\/schema\\\/person\\\/df195bc79a9b4c35127cf005f92e041b\",\"name\":\"admin\",\"image\":{\"@type\":\"ImageObject\",\"inLanguage\":\"it-IT\",\"@id\":\"https:\\\/\\\/secure.gravatar.com\\\/avatar\\\/eabba89a432e8eaa1b0207cc55f7e5340b22712b1ed80677efcf63e02ff5b235?s=96&d=mm&r=g\",\"url\":\"https:\\\/\\\/secure.gravatar.com\\\/avatar\\\/eabba89a432e8eaa1b0207cc55f7e5340b22712b1ed80677efcf63e02ff5b235?s=96&d=mm&r=g\",\"contentUrl\":\"https:\\\/\\\/secure.gravatar.com\\\/avatar\\\/eabba89a432e8eaa1b0207cc55f7e5340b22712b1ed80677efcf63e02ff5b235?s=96&d=mm&r=g\",\"caption\":\"admin\"},\"sameAs\":[\"https:\\\/\\\/archiviocassano.lavocedelpaese.info\"],\"url\":\"https:\\\/\\\/archiviocassano.lavocedelpaese.info\\\/index.php\\\/author\\\/admin_0qgz1xdp\\\/\"}]}<\/script>\n<!-- \/ Yoast SEO plugin. -->","yoast_head_json":{"title":"CLIMA, IL CAMBIAMENTO PASSA DA NOI - Archivio CassanoWeb","robots":{"index":"index","follow":"follow","max-snippet":"max-snippet:-1","max-image-preview":"max-image-preview:large","max-video-preview":"max-video-preview:-1"},"canonical":"https:\/\/archiviocassano.lavocedelpaese.info\/index.php\/2009\/12\/17\/clima-il-cambiamento-passa-da-noi\/","og_locale":"it_IT","og_type":"article","og_title":"CLIMA, IL CAMBIAMENTO PASSA DA NOI - Archivio CassanoWeb","og_description":"\u00a0","og_url":"https:\/\/archiviocassano.lavocedelpaese.info\/index.php\/2009\/12\/17\/clima-il-cambiamento-passa-da-noi\/","og_site_name":"Archivio CassanoWeb","article_publisher":"https:\/\/www.facebook.com\/redazione.cassanoweb","article_published_time":"2009-12-17T15:41:24+00:00","og_image":[{"url":"https:\/\/archiviocassano.lavocedelpaese.info\/wp-content\/uploads\/2009\/12\/convegno_sle2.jpg","type":"","width":"","height":""}],"author":"admin","twitter_card":"summary_large_image","twitter_misc":{"Scritto da":"admin","Tempo di lettura stimato":"5 minuti"},"schema":{"@context":"https:\/\/schema.org","@graph":[{"@type":"Article","@id":"https:\/\/archiviocassano.lavocedelpaese.info\/index.php\/2009\/12\/17\/clima-il-cambiamento-passa-da-noi\/#article","isPartOf":{"@id":"https:\/\/archiviocassano.lavocedelpaese.info\/index.php\/2009\/12\/17\/clima-il-cambiamento-passa-da-noi\/"},"author":{"name":"admin","@id":"https:\/\/archiviocassano.lavocedelpaese.info\/#\/schema\/person\/df195bc79a9b4c35127cf005f92e041b"},"headline":"CLIMA, IL CAMBIAMENTO PASSA DA NOI","datePublished":"2009-12-17T15:41:24+00:00","mainEntityOfPage":{"@id":"https:\/\/archiviocassano.lavocedelpaese.info\/index.php\/2009\/12\/17\/clima-il-cambiamento-passa-da-noi\/"},"wordCount":1098,"commentCount":0,"publisher":{"@id":"https:\/\/archiviocassano.lavocedelpaese.info\/#organization"},"image":{"@id":"https:\/\/archiviocassano.lavocedelpaese.info\/index.php\/2009\/12\/17\/clima-il-cambiamento-passa-da-noi\/#primaryimage"},"thumbnailUrl":"https:\/\/archiviocassano.lavocedelpaese.info\/wp-content\/uploads\/2009\/12\/convegno_sle2.jpg","articleSection":["Attualit\u00e0"],"inLanguage":"it-IT","potentialAction":[{"@type":"CommentAction","name":"Comment","target":["https:\/\/archiviocassano.lavocedelpaese.info\/index.php\/2009\/12\/17\/clima-il-cambiamento-passa-da-noi\/#respond"]}]},{"@type":"WebPage","@id":"https:\/\/archiviocassano.lavocedelpaese.info\/index.php\/2009\/12\/17\/clima-il-cambiamento-passa-da-noi\/","url":"https:\/\/archiviocassano.lavocedelpaese.info\/index.php\/2009\/12\/17\/clima-il-cambiamento-passa-da-noi\/","name":"CLIMA, IL CAMBIAMENTO PASSA DA NOI - Archivio CassanoWeb","isPartOf":{"@id":"https:\/\/archiviocassano.lavocedelpaese.info\/#website"},"primaryImageOfPage":{"@id":"https:\/\/archiviocassano.lavocedelpaese.info\/index.php\/2009\/12\/17\/clima-il-cambiamento-passa-da-noi\/#primaryimage"},"image":{"@id":"https:\/\/archiviocassano.lavocedelpaese.info\/index.php\/2009\/12\/17\/clima-il-cambiamento-passa-da-noi\/#primaryimage"},"thumbnailUrl":"https:\/\/archiviocassano.lavocedelpaese.info\/wp-content\/uploads\/2009\/12\/convegno_sle2.jpg","datePublished":"2009-12-17T15:41:24+00:00","breadcrumb":{"@id":"https:\/\/archiviocassano.lavocedelpaese.info\/index.php\/2009\/12\/17\/clima-il-cambiamento-passa-da-noi\/#breadcrumb"},"inLanguage":"it-IT","potentialAction":[{"@type":"ReadAction","target":["https:\/\/archiviocassano.lavocedelpaese.info\/index.php\/2009\/12\/17\/clima-il-cambiamento-passa-da-noi\/"]}]},{"@type":"ImageObject","inLanguage":"it-IT","@id":"https:\/\/archiviocassano.lavocedelpaese.info\/index.php\/2009\/12\/17\/clima-il-cambiamento-passa-da-noi\/#primaryimage","url":"https:\/\/archiviocassano.lavocedelpaese.info\/wp-content\/uploads\/2009\/12\/convegno_sle2.jpg","contentUrl":"https:\/\/archiviocassano.lavocedelpaese.info\/wp-content\/uploads\/2009\/12\/convegno_sle2.jpg","width":410,"height":200,"caption":"convegno_sle2"},{"@type":"BreadcrumbList","@id":"https:\/\/archiviocassano.lavocedelpaese.info\/index.php\/2009\/12\/17\/clima-il-cambiamento-passa-da-noi\/#breadcrumb","itemListElement":[{"@type":"ListItem","position":1,"name":"Home","item":"https:\/\/archiviocassano.lavocedelpaese.info\/"},{"@type":"ListItem","position":2,"name":"CLIMA, IL CAMBIAMENTO PASSA DA NOI"}]},{"@type":"WebSite","@id":"https:\/\/archiviocassano.lavocedelpaese.info\/#website","url":"https:\/\/archiviocassano.lavocedelpaese.info\/","name":"Archivio CassanoWeb","description":"La Voce del Paese - un network di idee","publisher":{"@id":"https:\/\/archiviocassano.lavocedelpaese.info\/#organization"},"potentialAction":[{"@type":"SearchAction","target":{"@type":"EntryPoint","urlTemplate":"https:\/\/archiviocassano.lavocedelpaese.info\/?s={search_term_string}"},"query-input":{"@type":"PropertyValueSpecification","valueRequired":true,"valueName":"search_term_string"}}],"inLanguage":"it-IT"},{"@type":"Organization","@id":"https:\/\/archiviocassano.lavocedelpaese.info\/#organization","name":"Archivio CassanoWeb","url":"https:\/\/archiviocassano.lavocedelpaese.info\/","logo":{"@type":"ImageObject","inLanguage":"it-IT","@id":"https:\/\/archiviocassano.lavocedelpaese.info\/#\/schema\/logo\/image\/","url":"https:\/\/archiviocassano.lavocedelpaese.info\/wp-content\/uploads\/2024\/08\/logo-rosso-2.png","contentUrl":"https:\/\/archiviocassano.lavocedelpaese.info\/wp-content\/uploads\/2024\/08\/logo-rosso-2.png","width":491,"height":432,"caption":"Archivio CassanoWeb"},"image":{"@id":"https:\/\/archiviocassano.lavocedelpaese.info\/#\/schema\/logo\/image\/"},"sameAs":["https:\/\/www.facebook.com\/redazione.cassanoweb"]},{"@type":"Person","@id":"https:\/\/archiviocassano.lavocedelpaese.info\/#\/schema\/person\/df195bc79a9b4c35127cf005f92e041b","name":"admin","image":{"@type":"ImageObject","inLanguage":"it-IT","@id":"https:\/\/secure.gravatar.com\/avatar\/eabba89a432e8eaa1b0207cc55f7e5340b22712b1ed80677efcf63e02ff5b235?s=96&d=mm&r=g","url":"https:\/\/secure.gravatar.com\/avatar\/eabba89a432e8eaa1b0207cc55f7e5340b22712b1ed80677efcf63e02ff5b235?s=96&d=mm&r=g","contentUrl":"https:\/\/secure.gravatar.com\/avatar\/eabba89a432e8eaa1b0207cc55f7e5340b22712b1ed80677efcf63e02ff5b235?s=96&d=mm&r=g","caption":"admin"},"sameAs":["https:\/\/archiviocassano.lavocedelpaese.info"],"url":"https:\/\/archiviocassano.lavocedelpaese.info\/index.php\/author\/admin_0qgz1xdp\/"}]}},"_links":{"self":[{"href":"https:\/\/archiviocassano.lavocedelpaese.info\/index.php\/wp-json\/wp\/v2\/posts\/720","targetHints":{"allow":["GET"]}}],"collection":[{"href":"https:\/\/archiviocassano.lavocedelpaese.info\/index.php\/wp-json\/wp\/v2\/posts"}],"about":[{"href":"https:\/\/archiviocassano.lavocedelpaese.info\/index.php\/wp-json\/wp\/v2\/types\/post"}],"author":[{"embeddable":true,"href":"https:\/\/archiviocassano.lavocedelpaese.info\/index.php\/wp-json\/wp\/v2\/users\/1"}],"replies":[{"embeddable":true,"href":"https:\/\/archiviocassano.lavocedelpaese.info\/index.php\/wp-json\/wp\/v2\/comments?post=720"}],"version-history":[{"count":0,"href":"https:\/\/archiviocassano.lavocedelpaese.info\/index.php\/wp-json\/wp\/v2\/posts\/720\/revisions"}],"wp:attachment":[{"href":"https:\/\/archiviocassano.lavocedelpaese.info\/index.php\/wp-json\/wp\/v2\/media?parent=720"}],"wp:term":[{"taxonomy":"category","embeddable":true,"href":"https:\/\/archiviocassano.lavocedelpaese.info\/index.php\/wp-json\/wp\/v2\/categories?post=720"},{"taxonomy":"post_tag","embeddable":true,"href":"https:\/\/archiviocassano.lavocedelpaese.info\/index.php\/wp-json\/wp\/v2\/tags?post=720"}],"curies":[{"name":"wp","href":"https:\/\/api.w.org\/{rel}","templated":true}]}}