{"id":7236,"date":"2013-02-23T06:52:07","date_gmt":"2013-02-23T06:52:07","guid":{"rendered":"https:\/\/archiviocassano.lavocedelpaese.info\/index.php\/2013\/02\/23\/politiche-appello-al-voto-del-pd-e-rivoluzione-civile\/"},"modified":"2013-02-23T06:52:07","modified_gmt":"2013-02-23T06:52:07","slug":"politiche-appello-al-voto-del-pd-e-rivoluzione-civile","status":"publish","type":"post","link":"https:\/\/archiviocassano.lavocedelpaese.info\/index.php\/2013\/02\/23\/politiche-appello-al-voto-del-pd-e-rivoluzione-civile\/","title":{"rendered":"Politiche: appello al voto del Pd e Rivoluzione Civile"},"content":{"rendered":"<p><img loading=\"lazy\" decoding=\"async\" class=\" size-full wp-image-7083\" style=\"margin-right: 2px; margin-left: 2px;\" alt=\"elezioni 2013\" src=\"https:\/\/archiviocassano.lavocedelpaese.info\/wp-content\/uploads\/2013\/01\/elezioni_2013.jpg\" height=\"150\" width=\"320\" \/><\/p>\n<p style=\"text-align: justify;\">\n<!--more--><br \/>\n<em>Riceviamo e pubblichiamo un &#8220;appello al voto&#8221; da parte del coordinatore reggente della sezione cassanese del Partito Democratico, Nicola Surico e dal Coordinatore Regionale del Movimento Arancione, Savino Percoco, candidato alla Camera dei Deputati con &#8220;Rivoluzione Civile &#8211; Ingroia&#8221; per le elezioni politiche di domani e luned\u00ec.<\/em><\/p>\n<p style=\"text-align: justify;\">&nbsp;<\/p>\n<p style=\"text-align: center;\" align=\"center\"><b>Partito democratico, la scelta che guarda al futuro<\/b><\/p>\n<p>Al termine di una campagna elettorale totalmente anomala, in cui il rigore invernale si \u00e8 fatto sentire, come anche la disaffezione generata dalla crisi, politica ed economica, degli ultimi tempi, giunge il momento della riflessione e del classico \u201cappello al voto\u201d.<\/p>\n<p>Ora pi\u00f9 che mai \u00e8 necessario il ricorso al \u201cvoto utile\u201d: in un sistema bipolare imperfetto che ha consentito ad una miriade di simboli di presentarsi in occasione della competizione politica, la dispersione del consenso in mille rivoli \u00e8 il pericolo pi\u00f9 grande da scongiurare. In un momento in cui \u00e8 in crisi la politica, l\u2019economia, il mondo del lavoro, lo stato sociale e in un certo qual modo la stessa democrazia, \u00e8 necessario garantire governabilit\u00e0 per impedire la caduta nel baratro.<\/p>\n<p>Non \u00e8 arroganza l\u2019invito al voto utile, \u00e8 solo buon senso: ce lo ha dimostrato l\u2019iter di un anno di governo tecnico in cui tutte le forze si sono \u201cingessate\u201d nel vano tentativo di governare la crisi.<\/p>\n<p>Non serve oggi portare 100 partiti e movimenti in parlamento, serve dare forza ad un partito e ad una coalizione per garantire stabilit\u00e0 e governabilit\u00e0. Serve soprattutto dare forza a chi, nel tempo, si \u00e8 fatto promotore prima e garante poi di uno stato sociale, sicuramente perfettibile, che, al di l\u00e0 dei limiti vissuti in questi anni, ha comunque garantito un livello di vita dignitoso e i diritti sanciti dalla costituzione.<\/p>\n<p>Non serve lasciarsi incantare dalle sirene di capipopolo che, sull\u2019onda di un populismo sfrenato, si lanciano a testa bassa nel tentativo di distruggere il sistema Italia propinando l\u2019illusione del cambiamento, pensando che distruggere il passato significhi costruire il futuro.<\/p>\n<p>Non serve lasciarsi incantare da chi pensa di risolvere i suoi problemi conquistando una poltrona, senza pensare che quella poltrona potrebbe avere un costo elevatissimo per la tenuta della nostra democrazia.<\/p>\n<p>Ed \u00e8 in questo contesto che mi rivolgo ai cittadini con un appello al voto, scevro da promesse e consapevole del loro giusto \u201cmalumore\u201d, invitando a dare forza all\u2019unico Partito che, pur in presenza di una legge elettorale iniqua, ha imboccato la via del cambiamento e del rinnovamento: il Partito Democratico. L\u2019unico che, attraverso lo strumento delle primarie, ha tentato di dare voce a quanti volevano esprimersi nella scelta della classe dirigente. Almeno ci ha provato, e porter\u00e0 concretamente volti nuovi in Parlamento, garantendo la rappresentanza di genere, il nuovo che avanza e l\u2019esperienza necessaria per poter gestire quel cambiamento epocale per riaffermare che \u201cl\u2019Italia \u00e8 una repubblica democratica fondata sul lavoro\u201d.<\/p>\n<p>Cari concittadini, date forza al Partito Democratico, date speranza al futuro.<\/p>\n<p><em><\/p>\n<p style=\"text-align: right;\"><strong>Nicola Surico<\/strong><\/p>\n<p style=\"text-align: right;\"><strong>Reggente PD Cassano<\/strong><\/p>\n<p><\/em><\/p>\n<p style=\"text-align: right;\">&nbsp;<\/p>\n<p style=\"text-align: right;\">&nbsp;<\/p>\n<p style=\"text-align: right;\">&nbsp;<\/p>\n<p style=\"text-align: justify;\">Cari concittadini,<br \/> siamo giunti al termine di una delle campagna elettorali pi\u00f9 strane della nostra storia; complice, il gelo invernale, ma prevalentemente, una legge elettorale(\u201cporcellum\u201d) che favorisce i sistemi partitici, nel decidere i nostri parlamentari, mediante liste blindate.<\/p>\n<p style=\"text-align: justify;\">Ritengo ovvio un\u2019urgente rivisitazione della suddetta legge, verso una pi\u00f9 equa soluzione democratica che permetta al popolo sovrano, la scelta dei propri rappresentanti.<\/p>\n<p style=\"text-align: justify;\">In questi giorni vi hanno detto che il voto utile \u00e9 quello dato alle liste del pi\u00f9 forte, le stesse, che ancor oggi presentano i fautori del fallimento politico nazionale, sacrificando a nostre spese: famiglie, giovani, pensionati e lavoratori, ecc, allo strapotere finanziario delle banche e dei tecnocrati .<\/p>\n<p style=\"text-align: justify;\">Abbiamo la possibilit\u00e0 di troncare questo sistema e l\u2019unico strumento democratico \u00e8 il voto!!<\/p>\n<p style=\"text-align: justify;\">La loro \u00e9 una politica fredda e sorda alla volont\u00e0 popolare, una politica che disconosce tutti i principi e i diritti della Costituzione, una politica utile ai soliti noti. E\u2019 questo il voto utile? Ritornare a ci\u00f2 che era ed \u00e8 sempre stato?<\/p>\n<p style=\"text-align: justify;\">Vi chiedo di dare forza al nostro progetto, ridando voce a chi non l\u2019ha mai avuta riportando la politica \u2026 quella vera, al centro del dibattito e nell\u2019interesse di ogni singolo cittadino.<\/p>\n<p> Abbiamo un programma concreto e reale, nessun libro dei sogni, spiegando dettagliatamente come evolveremo ogni singola proposta, a cominciare dalla crisi economica, mediante la legge Ingroia- La torre, che permetter\u00e0 un recupero di 180 miliardi di euro dall\u2019evasione fiscale e dai beni confiscati alla mafia, rifinanziandoli in opere pubbliche sanitarie, ammortizzatori sociali, ecc.<\/p>\n<p style=\"text-align: justify;\">Vogliamo che non siano pi\u00f9 gli italiani a pagare le spese di questa crisi con manovre da macelleria sociale emanate dal Governo Monti con l\u2019approvazione di sedicenti partiti di sinistra come il Pd, bens\u00ec, gli stessi artefici, ma soprattutto evidenziando l\u2019opportuno esempio con il ridimensionando dei privilegi da parte degli stessi eletti.<\/p>\n<p style=\"text-align: justify;\">Antonio Ingroia, allievo di Paolo Borsellino, ha dedicato la sua vita a combattere le mafie e vendicare la morte dei suoi amici pi\u00f9 cari, ma tutt\u2019oggi, poteri occulti, ostacolano le sue indagini e la luce delle verit\u00e0.<\/p>\n<p> Io ci ho messo la faccia, sostenendo l\u2019amico e paladino della legalit\u00e0 Ingroia, e se al mio pari, desiderate lasciare ai vostri figli una terra pi\u00f9 sana e priva di caste, unitevi a noi, domenica e luned\u00ec dateci la forza per entrare in Parlamento, accendendo, finalmente la luce arancione della legalit\u00e0!<\/p>\n<p style=\"text-align: justify;\">Siamo quasi giunti ad un punto di non ritorno e la steso pianeta si sta ribellando all\u2019eccessivo sfruttamento della terra, oltre il limite della produzioni. Non \u00e8 pi\u00f9 tempo di omert\u00e0, adesso \u00e8 l\u2019ora di avviare la Rivoluzione Civile, Non abbiate paura, e sostenete Antonio Ingroia!<\/p>\n<p><strong><\/strong><\/p>\n<p><em><\/p>\n<p style=\"text-align: right;\"><strong><\/p>\n<p style=\"text-align: right;\" align=\"right\"> Savino Percoco, Candidato alla Camera dei Deputati \u2013 Rivoluzione Civile<\/p>\n<p><\/strong><\/p>\n<p><\/em><\/p>\n<p style=\"text-align: justify;\">&nbsp;<\/p>\n<p style=\"text-align: justify;\">&nbsp;<\/p>\n<p>&nbsp;<\/p>\n","protected":false},"excerpt":{"rendered":"","protected":false},"author":1,"featured_media":7083,"comment_status":"open","ping_status":"closed","sticky":false,"template":"","format":"standard","meta":{"colormag_page_container_layout":"default_layout","colormag_page_sidebar_layout":"default_layout","footnotes":""},"categories":[4],"tags":[],"class_list":["post-7236","post","type-post","status-publish","format-standard","has-post-thumbnail","hentry","category-politica"],"yoast_head":"<!-- This site is optimized with the Yoast SEO plugin v27.5 - https:\/\/yoast.com\/product\/yoast-seo-wordpress\/ -->\n<title>Politiche: appello al voto del Pd e Rivoluzione Civile - Archivio CassanoWeb<\/title>\n<meta name=\"robots\" content=\"index, follow, max-snippet:-1, max-image-preview:large, max-video-preview:-1\" \/>\n<link rel=\"canonical\" href=\"https:\/\/archiviocassano.lavocedelpaese.info\/index.php\/2013\/02\/23\/politiche-appello-al-voto-del-pd-e-rivoluzione-civile\/\" \/>\n<meta property=\"og:locale\" content=\"it_IT\" \/>\n<meta property=\"og:type\" content=\"article\" \/>\n<meta property=\"og:title\" content=\"Politiche: appello al voto del Pd e Rivoluzione Civile - Archivio CassanoWeb\" \/>\n<meta property=\"og:url\" content=\"https:\/\/archiviocassano.lavocedelpaese.info\/index.php\/2013\/02\/23\/politiche-appello-al-voto-del-pd-e-rivoluzione-civile\/\" \/>\n<meta property=\"og:site_name\" content=\"Archivio CassanoWeb\" \/>\n<meta property=\"article:publisher\" content=\"https:\/\/www.facebook.com\/redazione.cassanoweb\" \/>\n<meta property=\"article:published_time\" content=\"2013-02-23T06:52:07+00:00\" \/>\n<meta property=\"og:image\" content=\"https:\/\/archiviocassano.lavocedelpaese.info\/wp-content\/uploads\/2013\/01\/elezioni_2013.jpg\" \/>\n\t<meta property=\"og:image:width\" content=\"638\" \/>\n\t<meta property=\"og:image:height\" content=\"382\" \/>\n\t<meta property=\"og:image:type\" content=\"image\/jpeg\" \/>\n<meta name=\"author\" content=\"admin\" \/>\n<meta name=\"twitter:card\" content=\"summary_large_image\" \/>\n<meta name=\"twitter:label1\" content=\"Scritto da\" \/>\n\t<meta name=\"twitter:data1\" content=\"admin\" \/>\n\t<meta name=\"twitter:label2\" content=\"Tempo di lettura stimato\" \/>\n\t<meta name=\"twitter:data2\" content=\"5 minuti\" \/>\n<script type=\"application\/ld+json\" class=\"yoast-schema-graph\">{\"@context\":\"https:\\\/\\\/schema.org\",\"@graph\":[{\"@type\":\"Article\",\"@id\":\"https:\\\/\\\/archiviocassano.lavocedelpaese.info\\\/index.php\\\/2013\\\/02\\\/23\\\/politiche-appello-al-voto-del-pd-e-rivoluzione-civile\\\/#article\",\"isPartOf\":{\"@id\":\"https:\\\/\\\/archiviocassano.lavocedelpaese.info\\\/index.php\\\/2013\\\/02\\\/23\\\/politiche-appello-al-voto-del-pd-e-rivoluzione-civile\\\/\"},\"author\":{\"name\":\"admin\",\"@id\":\"https:\\\/\\\/archiviocassano.lavocedelpaese.info\\\/#\\\/schema\\\/person\\\/df195bc79a9b4c35127cf005f92e041b\"},\"headline\":\"Politiche: appello al voto del Pd e Rivoluzione Civile\",\"datePublished\":\"2013-02-23T06:52:07+00:00\",\"mainEntityOfPage\":{\"@id\":\"https:\\\/\\\/archiviocassano.lavocedelpaese.info\\\/index.php\\\/2013\\\/02\\\/23\\\/politiche-appello-al-voto-del-pd-e-rivoluzione-civile\\\/\"},\"wordCount\":948,\"commentCount\":0,\"publisher\":{\"@id\":\"https:\\\/\\\/archiviocassano.lavocedelpaese.info\\\/#organization\"},\"image\":{\"@id\":\"https:\\\/\\\/archiviocassano.lavocedelpaese.info\\\/index.php\\\/2013\\\/02\\\/23\\\/politiche-appello-al-voto-del-pd-e-rivoluzione-civile\\\/#primaryimage\"},\"thumbnailUrl\":\"https:\\\/\\\/archiviocassano.lavocedelpaese.info\\\/wp-content\\\/uploads\\\/2013\\\/01\\\/elezioni_2013.jpg\",\"articleSection\":[\"Politica\"],\"inLanguage\":\"it-IT\",\"potentialAction\":[{\"@type\":\"CommentAction\",\"name\":\"Comment\",\"target\":[\"https:\\\/\\\/archiviocassano.lavocedelpaese.info\\\/index.php\\\/2013\\\/02\\\/23\\\/politiche-appello-al-voto-del-pd-e-rivoluzione-civile\\\/#respond\"]}]},{\"@type\":\"WebPage\",\"@id\":\"https:\\\/\\\/archiviocassano.lavocedelpaese.info\\\/index.php\\\/2013\\\/02\\\/23\\\/politiche-appello-al-voto-del-pd-e-rivoluzione-civile\\\/\",\"url\":\"https:\\\/\\\/archiviocassano.lavocedelpaese.info\\\/index.php\\\/2013\\\/02\\\/23\\\/politiche-appello-al-voto-del-pd-e-rivoluzione-civile\\\/\",\"name\":\"Politiche: appello al voto del Pd e Rivoluzione Civile - Archivio CassanoWeb\",\"isPartOf\":{\"@id\":\"https:\\\/\\\/archiviocassano.lavocedelpaese.info\\\/#website\"},\"primaryImageOfPage\":{\"@id\":\"https:\\\/\\\/archiviocassano.lavocedelpaese.info\\\/index.php\\\/2013\\\/02\\\/23\\\/politiche-appello-al-voto-del-pd-e-rivoluzione-civile\\\/#primaryimage\"},\"image\":{\"@id\":\"https:\\\/\\\/archiviocassano.lavocedelpaese.info\\\/index.php\\\/2013\\\/02\\\/23\\\/politiche-appello-al-voto-del-pd-e-rivoluzione-civile\\\/#primaryimage\"},\"thumbnailUrl\":\"https:\\\/\\\/archiviocassano.lavocedelpaese.info\\\/wp-content\\\/uploads\\\/2013\\\/01\\\/elezioni_2013.jpg\",\"datePublished\":\"2013-02-23T06:52:07+00:00\",\"breadcrumb\":{\"@id\":\"https:\\\/\\\/archiviocassano.lavocedelpaese.info\\\/index.php\\\/2013\\\/02\\\/23\\\/politiche-appello-al-voto-del-pd-e-rivoluzione-civile\\\/#breadcrumb\"},\"inLanguage\":\"it-IT\",\"potentialAction\":[{\"@type\":\"ReadAction\",\"target\":[\"https:\\\/\\\/archiviocassano.lavocedelpaese.info\\\/index.php\\\/2013\\\/02\\\/23\\\/politiche-appello-al-voto-del-pd-e-rivoluzione-civile\\\/\"]}]},{\"@type\":\"ImageObject\",\"inLanguage\":\"it-IT\",\"@id\":\"https:\\\/\\\/archiviocassano.lavocedelpaese.info\\\/index.php\\\/2013\\\/02\\\/23\\\/politiche-appello-al-voto-del-pd-e-rivoluzione-civile\\\/#primaryimage\",\"url\":\"https:\\\/\\\/archiviocassano.lavocedelpaese.info\\\/wp-content\\\/uploads\\\/2013\\\/01\\\/elezioni_2013.jpg\",\"contentUrl\":\"https:\\\/\\\/archiviocassano.lavocedelpaese.info\\\/wp-content\\\/uploads\\\/2013\\\/01\\\/elezioni_2013.jpg\",\"width\":638,\"height\":382,\"caption\":\"elezioni 2013\"},{\"@type\":\"BreadcrumbList\",\"@id\":\"https:\\\/\\\/archiviocassano.lavocedelpaese.info\\\/index.php\\\/2013\\\/02\\\/23\\\/politiche-appello-al-voto-del-pd-e-rivoluzione-civile\\\/#breadcrumb\",\"itemListElement\":[{\"@type\":\"ListItem\",\"position\":1,\"name\":\"Home\",\"item\":\"https:\\\/\\\/archiviocassano.lavocedelpaese.info\\\/\"},{\"@type\":\"ListItem\",\"position\":2,\"name\":\"Politiche: appello al voto del Pd e Rivoluzione Civile\"}]},{\"@type\":\"WebSite\",\"@id\":\"https:\\\/\\\/archiviocassano.lavocedelpaese.info\\\/#website\",\"url\":\"https:\\\/\\\/archiviocassano.lavocedelpaese.info\\\/\",\"name\":\"Archivio CassanoWeb\",\"description\":\"La Voce del Paese - un network di idee\",\"publisher\":{\"@id\":\"https:\\\/\\\/archiviocassano.lavocedelpaese.info\\\/#organization\"},\"potentialAction\":[{\"@type\":\"SearchAction\",\"target\":{\"@type\":\"EntryPoint\",\"urlTemplate\":\"https:\\\/\\\/archiviocassano.lavocedelpaese.info\\\/?s={search_term_string}\"},\"query-input\":{\"@type\":\"PropertyValueSpecification\",\"valueRequired\":true,\"valueName\":\"search_term_string\"}}],\"inLanguage\":\"it-IT\"},{\"@type\":\"Organization\",\"@id\":\"https:\\\/\\\/archiviocassano.lavocedelpaese.info\\\/#organization\",\"name\":\"Archivio CassanoWeb\",\"url\":\"https:\\\/\\\/archiviocassano.lavocedelpaese.info\\\/\",\"logo\":{\"@type\":\"ImageObject\",\"inLanguage\":\"it-IT\",\"@id\":\"https:\\\/\\\/archiviocassano.lavocedelpaese.info\\\/#\\\/schema\\\/logo\\\/image\\\/\",\"url\":\"https:\\\/\\\/archiviocassano.lavocedelpaese.info\\\/wp-content\\\/uploads\\\/2024\\\/08\\\/logo-rosso-2.png\",\"contentUrl\":\"https:\\\/\\\/archiviocassano.lavocedelpaese.info\\\/wp-content\\\/uploads\\\/2024\\\/08\\\/logo-rosso-2.png\",\"width\":491,\"height\":432,\"caption\":\"Archivio CassanoWeb\"},\"image\":{\"@id\":\"https:\\\/\\\/archiviocassano.lavocedelpaese.info\\\/#\\\/schema\\\/logo\\\/image\\\/\"},\"sameAs\":[\"https:\\\/\\\/www.facebook.com\\\/redazione.cassanoweb\"]},{\"@type\":\"Person\",\"@id\":\"https:\\\/\\\/archiviocassano.lavocedelpaese.info\\\/#\\\/schema\\\/person\\\/df195bc79a9b4c35127cf005f92e041b\",\"name\":\"admin\",\"image\":{\"@type\":\"ImageObject\",\"inLanguage\":\"it-IT\",\"@id\":\"https:\\\/\\\/secure.gravatar.com\\\/avatar\\\/eabba89a432e8eaa1b0207cc55f7e5340b22712b1ed80677efcf63e02ff5b235?s=96&d=mm&r=g\",\"url\":\"https:\\\/\\\/secure.gravatar.com\\\/avatar\\\/eabba89a432e8eaa1b0207cc55f7e5340b22712b1ed80677efcf63e02ff5b235?s=96&d=mm&r=g\",\"contentUrl\":\"https:\\\/\\\/secure.gravatar.com\\\/avatar\\\/eabba89a432e8eaa1b0207cc55f7e5340b22712b1ed80677efcf63e02ff5b235?s=96&d=mm&r=g\",\"caption\":\"admin\"},\"sameAs\":[\"https:\\\/\\\/archiviocassano.lavocedelpaese.info\"],\"url\":\"https:\\\/\\\/archiviocassano.lavocedelpaese.info\\\/index.php\\\/author\\\/admin_0qgz1xdp\\\/\"}]}<\/script>\n<!-- \/ Yoast SEO plugin. -->","yoast_head_json":{"title":"Politiche: appello al voto del Pd e Rivoluzione Civile - Archivio CassanoWeb","robots":{"index":"index","follow":"follow","max-snippet":"max-snippet:-1","max-image-preview":"max-image-preview:large","max-video-preview":"max-video-preview:-1"},"canonical":"https:\/\/archiviocassano.lavocedelpaese.info\/index.php\/2013\/02\/23\/politiche-appello-al-voto-del-pd-e-rivoluzione-civile\/","og_locale":"it_IT","og_type":"article","og_title":"Politiche: appello al voto del Pd e Rivoluzione Civile - Archivio CassanoWeb","og_url":"https:\/\/archiviocassano.lavocedelpaese.info\/index.php\/2013\/02\/23\/politiche-appello-al-voto-del-pd-e-rivoluzione-civile\/","og_site_name":"Archivio CassanoWeb","article_publisher":"https:\/\/www.facebook.com\/redazione.cassanoweb","article_published_time":"2013-02-23T06:52:07+00:00","og_image":[{"width":638,"height":382,"url":"https:\/\/archiviocassano.lavocedelpaese.info\/wp-content\/uploads\/2013\/01\/elezioni_2013.jpg","type":"image\/jpeg"}],"author":"admin","twitter_card":"summary_large_image","twitter_misc":{"Scritto da":"admin","Tempo di lettura stimato":"5 minuti"},"schema":{"@context":"https:\/\/schema.org","@graph":[{"@type":"Article","@id":"https:\/\/archiviocassano.lavocedelpaese.info\/index.php\/2013\/02\/23\/politiche-appello-al-voto-del-pd-e-rivoluzione-civile\/#article","isPartOf":{"@id":"https:\/\/archiviocassano.lavocedelpaese.info\/index.php\/2013\/02\/23\/politiche-appello-al-voto-del-pd-e-rivoluzione-civile\/"},"author":{"name":"admin","@id":"https:\/\/archiviocassano.lavocedelpaese.info\/#\/schema\/person\/df195bc79a9b4c35127cf005f92e041b"},"headline":"Politiche: appello al voto del Pd e Rivoluzione Civile","datePublished":"2013-02-23T06:52:07+00:00","mainEntityOfPage":{"@id":"https:\/\/archiviocassano.lavocedelpaese.info\/index.php\/2013\/02\/23\/politiche-appello-al-voto-del-pd-e-rivoluzione-civile\/"},"wordCount":948,"commentCount":0,"publisher":{"@id":"https:\/\/archiviocassano.lavocedelpaese.info\/#organization"},"image":{"@id":"https:\/\/archiviocassano.lavocedelpaese.info\/index.php\/2013\/02\/23\/politiche-appello-al-voto-del-pd-e-rivoluzione-civile\/#primaryimage"},"thumbnailUrl":"https:\/\/archiviocassano.lavocedelpaese.info\/wp-content\/uploads\/2013\/01\/elezioni_2013.jpg","articleSection":["Politica"],"inLanguage":"it-IT","potentialAction":[{"@type":"CommentAction","name":"Comment","target":["https:\/\/archiviocassano.lavocedelpaese.info\/index.php\/2013\/02\/23\/politiche-appello-al-voto-del-pd-e-rivoluzione-civile\/#respond"]}]},{"@type":"WebPage","@id":"https:\/\/archiviocassano.lavocedelpaese.info\/index.php\/2013\/02\/23\/politiche-appello-al-voto-del-pd-e-rivoluzione-civile\/","url":"https:\/\/archiviocassano.lavocedelpaese.info\/index.php\/2013\/02\/23\/politiche-appello-al-voto-del-pd-e-rivoluzione-civile\/","name":"Politiche: appello al voto del Pd e Rivoluzione Civile - Archivio CassanoWeb","isPartOf":{"@id":"https:\/\/archiviocassano.lavocedelpaese.info\/#website"},"primaryImageOfPage":{"@id":"https:\/\/archiviocassano.lavocedelpaese.info\/index.php\/2013\/02\/23\/politiche-appello-al-voto-del-pd-e-rivoluzione-civile\/#primaryimage"},"image":{"@id":"https:\/\/archiviocassano.lavocedelpaese.info\/index.php\/2013\/02\/23\/politiche-appello-al-voto-del-pd-e-rivoluzione-civile\/#primaryimage"},"thumbnailUrl":"https:\/\/archiviocassano.lavocedelpaese.info\/wp-content\/uploads\/2013\/01\/elezioni_2013.jpg","datePublished":"2013-02-23T06:52:07+00:00","breadcrumb":{"@id":"https:\/\/archiviocassano.lavocedelpaese.info\/index.php\/2013\/02\/23\/politiche-appello-al-voto-del-pd-e-rivoluzione-civile\/#breadcrumb"},"inLanguage":"it-IT","potentialAction":[{"@type":"ReadAction","target":["https:\/\/archiviocassano.lavocedelpaese.info\/index.php\/2013\/02\/23\/politiche-appello-al-voto-del-pd-e-rivoluzione-civile\/"]}]},{"@type":"ImageObject","inLanguage":"it-IT","@id":"https:\/\/archiviocassano.lavocedelpaese.info\/index.php\/2013\/02\/23\/politiche-appello-al-voto-del-pd-e-rivoluzione-civile\/#primaryimage","url":"https:\/\/archiviocassano.lavocedelpaese.info\/wp-content\/uploads\/2013\/01\/elezioni_2013.jpg","contentUrl":"https:\/\/archiviocassano.lavocedelpaese.info\/wp-content\/uploads\/2013\/01\/elezioni_2013.jpg","width":638,"height":382,"caption":"elezioni 2013"},{"@type":"BreadcrumbList","@id":"https:\/\/archiviocassano.lavocedelpaese.info\/index.php\/2013\/02\/23\/politiche-appello-al-voto-del-pd-e-rivoluzione-civile\/#breadcrumb","itemListElement":[{"@type":"ListItem","position":1,"name":"Home","item":"https:\/\/archiviocassano.lavocedelpaese.info\/"},{"@type":"ListItem","position":2,"name":"Politiche: appello al voto del Pd e Rivoluzione Civile"}]},{"@type":"WebSite","@id":"https:\/\/archiviocassano.lavocedelpaese.info\/#website","url":"https:\/\/archiviocassano.lavocedelpaese.info\/","name":"Archivio CassanoWeb","description":"La Voce del Paese - un network di idee","publisher":{"@id":"https:\/\/archiviocassano.lavocedelpaese.info\/#organization"},"potentialAction":[{"@type":"SearchAction","target":{"@type":"EntryPoint","urlTemplate":"https:\/\/archiviocassano.lavocedelpaese.info\/?s={search_term_string}"},"query-input":{"@type":"PropertyValueSpecification","valueRequired":true,"valueName":"search_term_string"}}],"inLanguage":"it-IT"},{"@type":"Organization","@id":"https:\/\/archiviocassano.lavocedelpaese.info\/#organization","name":"Archivio CassanoWeb","url":"https:\/\/archiviocassano.lavocedelpaese.info\/","logo":{"@type":"ImageObject","inLanguage":"it-IT","@id":"https:\/\/archiviocassano.lavocedelpaese.info\/#\/schema\/logo\/image\/","url":"https:\/\/archiviocassano.lavocedelpaese.info\/wp-content\/uploads\/2024\/08\/logo-rosso-2.png","contentUrl":"https:\/\/archiviocassano.lavocedelpaese.info\/wp-content\/uploads\/2024\/08\/logo-rosso-2.png","width":491,"height":432,"caption":"Archivio CassanoWeb"},"image":{"@id":"https:\/\/archiviocassano.lavocedelpaese.info\/#\/schema\/logo\/image\/"},"sameAs":["https:\/\/www.facebook.com\/redazione.cassanoweb"]},{"@type":"Person","@id":"https:\/\/archiviocassano.lavocedelpaese.info\/#\/schema\/person\/df195bc79a9b4c35127cf005f92e041b","name":"admin","image":{"@type":"ImageObject","inLanguage":"it-IT","@id":"https:\/\/secure.gravatar.com\/avatar\/eabba89a432e8eaa1b0207cc55f7e5340b22712b1ed80677efcf63e02ff5b235?s=96&d=mm&r=g","url":"https:\/\/secure.gravatar.com\/avatar\/eabba89a432e8eaa1b0207cc55f7e5340b22712b1ed80677efcf63e02ff5b235?s=96&d=mm&r=g","contentUrl":"https:\/\/secure.gravatar.com\/avatar\/eabba89a432e8eaa1b0207cc55f7e5340b22712b1ed80677efcf63e02ff5b235?s=96&d=mm&r=g","caption":"admin"},"sameAs":["https:\/\/archiviocassano.lavocedelpaese.info"],"url":"https:\/\/archiviocassano.lavocedelpaese.info\/index.php\/author\/admin_0qgz1xdp\/"}]}},"_links":{"self":[{"href":"https:\/\/archiviocassano.lavocedelpaese.info\/index.php\/wp-json\/wp\/v2\/posts\/7236","targetHints":{"allow":["GET"]}}],"collection":[{"href":"https:\/\/archiviocassano.lavocedelpaese.info\/index.php\/wp-json\/wp\/v2\/posts"}],"about":[{"href":"https:\/\/archiviocassano.lavocedelpaese.info\/index.php\/wp-json\/wp\/v2\/types\/post"}],"author":[{"embeddable":true,"href":"https:\/\/archiviocassano.lavocedelpaese.info\/index.php\/wp-json\/wp\/v2\/users\/1"}],"replies":[{"embeddable":true,"href":"https:\/\/archiviocassano.lavocedelpaese.info\/index.php\/wp-json\/wp\/v2\/comments?post=7236"}],"version-history":[{"count":0,"href":"https:\/\/archiviocassano.lavocedelpaese.info\/index.php\/wp-json\/wp\/v2\/posts\/7236\/revisions"}],"wp:featuredmedia":[{"embeddable":true,"href":"https:\/\/archiviocassano.lavocedelpaese.info\/index.php\/wp-json\/wp\/v2\/media\/7083"}],"wp:attachment":[{"href":"https:\/\/archiviocassano.lavocedelpaese.info\/index.php\/wp-json\/wp\/v2\/media?parent=7236"}],"wp:term":[{"taxonomy":"category","embeddable":true,"href":"https:\/\/archiviocassano.lavocedelpaese.info\/index.php\/wp-json\/wp\/v2\/categories?post=7236"},{"taxonomy":"post_tag","embeddable":true,"href":"https:\/\/archiviocassano.lavocedelpaese.info\/index.php\/wp-json\/wp\/v2\/tags?post=7236"}],"curies":[{"name":"wp","href":"https:\/\/api.w.org\/{rel}","templated":true}]}}