{"id":7237,"date":"2013-02-23T07:16:29","date_gmt":"2013-02-23T07:16:29","guid":{"rendered":"https:\/\/archiviocassano.lavocedelpaese.info\/index.php\/2013\/02\/23\/fondazione-qs-maugeriq-una-riflessione-del-presidente-del-consiglio-comunale-ignazio-zullo\/"},"modified":"2013-02-23T07:16:29","modified_gmt":"2013-02-23T07:16:29","slug":"fondazione-qs-maugeriq-una-riflessione-del-presidente-del-consiglio-comunale-ignazio-zullo","status":"publish","type":"post","link":"https:\/\/archiviocassano.lavocedelpaese.info\/index.php\/2013\/02\/23\/fondazione-qs-maugeriq-una-riflessione-del-presidente-del-consiglio-comunale-ignazio-zullo\/","title":{"rendered":"Fondazione &#8220;S. Maugeri&#8221;: una riflessione del Presidente Zullo"},"content":{"rendered":"<p><img loading=\"lazy\" decoding=\"async\" class=\" size-full wp-image-6272\" style=\"margin-right: 2px; margin-left: 2px;\" alt=\"ignazio zullo 1\" src=\"https:\/\/archiviocassano.lavocedelpaese.info\/wp-content\/uploads\/2012\/08\/ignazio_zullo_1.jpg\" height=\"150\" width=\"320\" srcset=\"https:\/\/archiviocassano.lavocedelpaese.info\/wp-content\/uploads\/2012\/08\/ignazio_zullo_1.jpg 640w, https:\/\/archiviocassano.lavocedelpaese.info\/wp-content\/uploads\/2012\/08\/ignazio_zullo_1-300x141.jpg 300w\" sizes=\"auto, (max-width: 320px) 100vw, 320px\" \/><\/p>\n<p>\n<!--more--><br \/>\n<em>Dal Presidente del Consiglio Comunale di Cassano, Ignazio Zullo, riceviamo e pubblichiamo.<\/em><\/p>\n<p>&nbsp;<\/p>\n<p style=\"text-align: center;\"><b>Il battibecco politico non pu\u00f2 negativizzare il buon andamento dell\u2019azione amministrativa<\/b><\/p>\n<p style=\"text-align: justify;\">Intervengo, sig. Direttore, a tutela del buon andamento dell\u2019azione amministrativa che si \u00e8 sviluppata in merito al progetto di ampliamento del Centro medico di Riabilitazione Fondazione Salvatore Maugeri.<\/p>\n<p style=\"text-align: justify;\">E\u2019 un dovere che mi tocca perch\u00e8 alcuni comunicati, legittimi nella misura della partigianeria, ledono la credibilit\u00e0 e il proficuo lavoro della massima assise cittadina che \u00e8 il Consiglio Comunale.<\/p>\n<p style=\"text-align: justify;\">Parto dalla considerazione di fondo dirimente e cio\u00e8 che nella Pubblica Amministrazione vige la separazione dei poteri nel senso che il potere gestionale \u00e8 attribuito ai dirigenti mentre il potere di indirizzo \u00e8 attribuito ai politici.<\/p>\n<p style=\"text-align: justify;\">Nessun ritardo pu\u00f2 essere attribuito alla politica nell\u2019approvazione del progetto. E\u2019 vero invece il contrario e questo pu\u00f2 e deve essere testimoniato dai Capigruppo in Consiglio che non possono negare la circostanza per la quale ho dovuto riconvocare la Conferenza dei Capigruppo per riformulare l\u2019ordine del giorno di un Consiglio Comunale gi\u00e0 definito per permettre immediatamente l\u2019esame del progetto in Consiglio non appena il dirigente competente ha ultimato le proprie valutazioni tecniche sul progetto stesso trasmettendolo alla parte politica per le valutazioni di competenza della politica.<\/p>\n<p style=\"text-align: justify;\">Quanto alle interruzioni in Consiglio esse non vanno interpretate come elemento di negativit\u00e0 ma come segno tangibile del senso di responsabilit\u00e0 e di ponderazione che pervade tutti i Consiglieri Comunali che di fronte alle perplessit\u00e0 e ai dubbi che legittimamente scaturiscono dalla discussione che si evolve in Consiglio Comunale con umilt\u00e0 si fermano per analizzare, approfondire, esaminare con piena cognizione di causa affinch\u00e8 il voto che si va ad esprimere possa essere consapevole, libero e sereno.<\/p>\n<p style=\"text-align: justify;\">Se da un lato mi dichiaro orgoglioso di presiedere un Consiglio Comunale di elevata qualit\u00e0, dall\u2019altra mi dolgo di un battibecco avviato sui siti che, pur di difendere come assolutamente vere e giuste le proprie posizioni, getta discredito su una politica che nel caso specifico ha dimostrato di aver compiuto fino in fondo il proprio dovere nel rispetto del mandato ricevuto dai cittadini nel rispetto di una doverosa risposta che si doveva a portatori di bisogni e di interessi legittimi.<\/p>\n<p style=\"text-align: justify;\">Ai cittadini voglio rendere noto, ove non lo fosse, che tutto il dibattito che si sviluppa in Consiglio \u00e8 registrato parola per parola e che \u00e8 visibile sul sito istituzionale del Comune.<\/p>\n<p>&nbsp;<\/p>\n","protected":false},"excerpt":{"rendered":"","protected":false},"author":1,"featured_media":6272,"comment_status":"open","ping_status":"closed","sticky":false,"template":"","format":"standard","meta":{"colormag_page_container_layout":"default_layout","colormag_page_sidebar_layout":"default_layout","footnotes":""},"categories":[9],"tags":[],"class_list":["post-7237","post","type-post","status-publish","format-standard","has-post-thumbnail","hentry","category-la-voce-del-paese"],"yoast_head":"<!-- This site is optimized with the Yoast SEO plugin v27.5 - https:\/\/yoast.com\/product\/yoast-seo-wordpress\/ -->\n<title>Fondazione &quot;S. Maugeri&quot;: una riflessione del Presidente Zullo - Archivio CassanoWeb<\/title>\n<meta name=\"robots\" content=\"index, follow, max-snippet:-1, max-image-preview:large, max-video-preview:-1\" \/>\n<link rel=\"canonical\" href=\"https:\/\/archiviocassano.lavocedelpaese.info\/index.php\/2013\/02\/23\/fondazione-qs-maugeriq-una-riflessione-del-presidente-del-consiglio-comunale-ignazio-zullo\/\" \/>\n<meta property=\"og:locale\" content=\"it_IT\" \/>\n<meta property=\"og:type\" content=\"article\" \/>\n<meta property=\"og:title\" content=\"Fondazione &quot;S. Maugeri&quot;: una riflessione del Presidente Zullo - Archivio CassanoWeb\" \/>\n<meta property=\"og:url\" content=\"https:\/\/archiviocassano.lavocedelpaese.info\/index.php\/2013\/02\/23\/fondazione-qs-maugeriq-una-riflessione-del-presidente-del-consiglio-comunale-ignazio-zullo\/\" \/>\n<meta property=\"og:site_name\" content=\"Archivio CassanoWeb\" \/>\n<meta property=\"article:publisher\" content=\"https:\/\/www.facebook.com\/redazione.cassanoweb\" \/>\n<meta property=\"article:published_time\" content=\"2013-02-23T07:16:29+00:00\" \/>\n<meta property=\"og:image\" content=\"https:\/\/archiviocassano.lavocedelpaese.info\/wp-content\/uploads\/2012\/08\/ignazio_zullo_1.jpg\" \/>\n\t<meta property=\"og:image:width\" content=\"640\" \/>\n\t<meta property=\"og:image:height\" content=\"300\" \/>\n\t<meta property=\"og:image:type\" content=\"image\/jpeg\" \/>\n<meta name=\"author\" content=\"admin\" \/>\n<meta name=\"twitter:card\" content=\"summary_large_image\" \/>\n<meta name=\"twitter:label1\" content=\"Scritto da\" \/>\n\t<meta name=\"twitter:data1\" content=\"admin\" \/>\n\t<meta name=\"twitter:label2\" content=\"Tempo di lettura stimato\" \/>\n\t<meta name=\"twitter:data2\" content=\"2 minuti\" \/>\n<script type=\"application\/ld+json\" class=\"yoast-schema-graph\">{\"@context\":\"https:\\\/\\\/schema.org\",\"@graph\":[{\"@type\":\"Article\",\"@id\":\"https:\\\/\\\/archiviocassano.lavocedelpaese.info\\\/index.php\\\/2013\\\/02\\\/23\\\/fondazione-qs-maugeriq-una-riflessione-del-presidente-del-consiglio-comunale-ignazio-zullo\\\/#article\",\"isPartOf\":{\"@id\":\"https:\\\/\\\/archiviocassano.lavocedelpaese.info\\\/index.php\\\/2013\\\/02\\\/23\\\/fondazione-qs-maugeriq-una-riflessione-del-presidente-del-consiglio-comunale-ignazio-zullo\\\/\"},\"author\":{\"name\":\"admin\",\"@id\":\"https:\\\/\\\/archiviocassano.lavocedelpaese.info\\\/#\\\/schema\\\/person\\\/df195bc79a9b4c35127cf005f92e041b\"},\"headline\":\"Fondazione &#8220;S. Maugeri&#8221;: una riflessione del Presidente Zullo\",\"datePublished\":\"2013-02-23T07:16:29+00:00\",\"mainEntityOfPage\":{\"@id\":\"https:\\\/\\\/archiviocassano.lavocedelpaese.info\\\/index.php\\\/2013\\\/02\\\/23\\\/fondazione-qs-maugeriq-una-riflessione-del-presidente-del-consiglio-comunale-ignazio-zullo\\\/\"},\"wordCount\":401,\"commentCount\":0,\"publisher\":{\"@id\":\"https:\\\/\\\/archiviocassano.lavocedelpaese.info\\\/#organization\"},\"image\":{\"@id\":\"https:\\\/\\\/archiviocassano.lavocedelpaese.info\\\/index.php\\\/2013\\\/02\\\/23\\\/fondazione-qs-maugeriq-una-riflessione-del-presidente-del-consiglio-comunale-ignazio-zullo\\\/#primaryimage\"},\"thumbnailUrl\":\"https:\\\/\\\/archiviocassano.lavocedelpaese.info\\\/wp-content\\\/uploads\\\/2012\\\/08\\\/ignazio_zullo_1.jpg\",\"articleSection\":[\"La voce del paese\"],\"inLanguage\":\"it-IT\",\"potentialAction\":[{\"@type\":\"CommentAction\",\"name\":\"Comment\",\"target\":[\"https:\\\/\\\/archiviocassano.lavocedelpaese.info\\\/index.php\\\/2013\\\/02\\\/23\\\/fondazione-qs-maugeriq-una-riflessione-del-presidente-del-consiglio-comunale-ignazio-zullo\\\/#respond\"]}]},{\"@type\":\"WebPage\",\"@id\":\"https:\\\/\\\/archiviocassano.lavocedelpaese.info\\\/index.php\\\/2013\\\/02\\\/23\\\/fondazione-qs-maugeriq-una-riflessione-del-presidente-del-consiglio-comunale-ignazio-zullo\\\/\",\"url\":\"https:\\\/\\\/archiviocassano.lavocedelpaese.info\\\/index.php\\\/2013\\\/02\\\/23\\\/fondazione-qs-maugeriq-una-riflessione-del-presidente-del-consiglio-comunale-ignazio-zullo\\\/\",\"name\":\"Fondazione \\\"S. Maugeri\\\": una riflessione del Presidente Zullo - Archivio CassanoWeb\",\"isPartOf\":{\"@id\":\"https:\\\/\\\/archiviocassano.lavocedelpaese.info\\\/#website\"},\"primaryImageOfPage\":{\"@id\":\"https:\\\/\\\/archiviocassano.lavocedelpaese.info\\\/index.php\\\/2013\\\/02\\\/23\\\/fondazione-qs-maugeriq-una-riflessione-del-presidente-del-consiglio-comunale-ignazio-zullo\\\/#primaryimage\"},\"image\":{\"@id\":\"https:\\\/\\\/archiviocassano.lavocedelpaese.info\\\/index.php\\\/2013\\\/02\\\/23\\\/fondazione-qs-maugeriq-una-riflessione-del-presidente-del-consiglio-comunale-ignazio-zullo\\\/#primaryimage\"},\"thumbnailUrl\":\"https:\\\/\\\/archiviocassano.lavocedelpaese.info\\\/wp-content\\\/uploads\\\/2012\\\/08\\\/ignazio_zullo_1.jpg\",\"datePublished\":\"2013-02-23T07:16:29+00:00\",\"breadcrumb\":{\"@id\":\"https:\\\/\\\/archiviocassano.lavocedelpaese.info\\\/index.php\\\/2013\\\/02\\\/23\\\/fondazione-qs-maugeriq-una-riflessione-del-presidente-del-consiglio-comunale-ignazio-zullo\\\/#breadcrumb\"},\"inLanguage\":\"it-IT\",\"potentialAction\":[{\"@type\":\"ReadAction\",\"target\":[\"https:\\\/\\\/archiviocassano.lavocedelpaese.info\\\/index.php\\\/2013\\\/02\\\/23\\\/fondazione-qs-maugeriq-una-riflessione-del-presidente-del-consiglio-comunale-ignazio-zullo\\\/\"]}]},{\"@type\":\"ImageObject\",\"inLanguage\":\"it-IT\",\"@id\":\"https:\\\/\\\/archiviocassano.lavocedelpaese.info\\\/index.php\\\/2013\\\/02\\\/23\\\/fondazione-qs-maugeriq-una-riflessione-del-presidente-del-consiglio-comunale-ignazio-zullo\\\/#primaryimage\",\"url\":\"https:\\\/\\\/archiviocassano.lavocedelpaese.info\\\/wp-content\\\/uploads\\\/2012\\\/08\\\/ignazio_zullo_1.jpg\",\"contentUrl\":\"https:\\\/\\\/archiviocassano.lavocedelpaese.info\\\/wp-content\\\/uploads\\\/2012\\\/08\\\/ignazio_zullo_1.jpg\",\"width\":640,\"height\":300,\"caption\":\"ignazio zullo 1\"},{\"@type\":\"BreadcrumbList\",\"@id\":\"https:\\\/\\\/archiviocassano.lavocedelpaese.info\\\/index.php\\\/2013\\\/02\\\/23\\\/fondazione-qs-maugeriq-una-riflessione-del-presidente-del-consiglio-comunale-ignazio-zullo\\\/#breadcrumb\",\"itemListElement\":[{\"@type\":\"ListItem\",\"position\":1,\"name\":\"Home\",\"item\":\"https:\\\/\\\/archiviocassano.lavocedelpaese.info\\\/\"},{\"@type\":\"ListItem\",\"position\":2,\"name\":\"Fondazione &#8220;S. Maugeri&#8221;: una riflessione del Presidente Zullo\"}]},{\"@type\":\"WebSite\",\"@id\":\"https:\\\/\\\/archiviocassano.lavocedelpaese.info\\\/#website\",\"url\":\"https:\\\/\\\/archiviocassano.lavocedelpaese.info\\\/\",\"name\":\"Archivio CassanoWeb\",\"description\":\"La Voce del Paese - un network di idee\",\"publisher\":{\"@id\":\"https:\\\/\\\/archiviocassano.lavocedelpaese.info\\\/#organization\"},\"potentialAction\":[{\"@type\":\"SearchAction\",\"target\":{\"@type\":\"EntryPoint\",\"urlTemplate\":\"https:\\\/\\\/archiviocassano.lavocedelpaese.info\\\/?s={search_term_string}\"},\"query-input\":{\"@type\":\"PropertyValueSpecification\",\"valueRequired\":true,\"valueName\":\"search_term_string\"}}],\"inLanguage\":\"it-IT\"},{\"@type\":\"Organization\",\"@id\":\"https:\\\/\\\/archiviocassano.lavocedelpaese.info\\\/#organization\",\"name\":\"Archivio CassanoWeb\",\"url\":\"https:\\\/\\\/archiviocassano.lavocedelpaese.info\\\/\",\"logo\":{\"@type\":\"ImageObject\",\"inLanguage\":\"it-IT\",\"@id\":\"https:\\\/\\\/archiviocassano.lavocedelpaese.info\\\/#\\\/schema\\\/logo\\\/image\\\/\",\"url\":\"https:\\\/\\\/archiviocassano.lavocedelpaese.info\\\/wp-content\\\/uploads\\\/2024\\\/08\\\/logo-rosso-2.png\",\"contentUrl\":\"https:\\\/\\\/archiviocassano.lavocedelpaese.info\\\/wp-content\\\/uploads\\\/2024\\\/08\\\/logo-rosso-2.png\",\"width\":491,\"height\":432,\"caption\":\"Archivio CassanoWeb\"},\"image\":{\"@id\":\"https:\\\/\\\/archiviocassano.lavocedelpaese.info\\\/#\\\/schema\\\/logo\\\/image\\\/\"},\"sameAs\":[\"https:\\\/\\\/www.facebook.com\\\/redazione.cassanoweb\"]},{\"@type\":\"Person\",\"@id\":\"https:\\\/\\\/archiviocassano.lavocedelpaese.info\\\/#\\\/schema\\\/person\\\/df195bc79a9b4c35127cf005f92e041b\",\"name\":\"admin\",\"image\":{\"@type\":\"ImageObject\",\"inLanguage\":\"it-IT\",\"@id\":\"https:\\\/\\\/secure.gravatar.com\\\/avatar\\\/eabba89a432e8eaa1b0207cc55f7e5340b22712b1ed80677efcf63e02ff5b235?s=96&d=mm&r=g\",\"url\":\"https:\\\/\\\/secure.gravatar.com\\\/avatar\\\/eabba89a432e8eaa1b0207cc55f7e5340b22712b1ed80677efcf63e02ff5b235?s=96&d=mm&r=g\",\"contentUrl\":\"https:\\\/\\\/secure.gravatar.com\\\/avatar\\\/eabba89a432e8eaa1b0207cc55f7e5340b22712b1ed80677efcf63e02ff5b235?s=96&d=mm&r=g\",\"caption\":\"admin\"},\"sameAs\":[\"https:\\\/\\\/archiviocassano.lavocedelpaese.info\"],\"url\":\"https:\\\/\\\/archiviocassano.lavocedelpaese.info\\\/index.php\\\/author\\\/admin_0qgz1xdp\\\/\"}]}<\/script>\n<!-- \/ Yoast SEO plugin. -->","yoast_head_json":{"title":"Fondazione \"S. Maugeri\": una riflessione del Presidente Zullo - Archivio CassanoWeb","robots":{"index":"index","follow":"follow","max-snippet":"max-snippet:-1","max-image-preview":"max-image-preview:large","max-video-preview":"max-video-preview:-1"},"canonical":"https:\/\/archiviocassano.lavocedelpaese.info\/index.php\/2013\/02\/23\/fondazione-qs-maugeriq-una-riflessione-del-presidente-del-consiglio-comunale-ignazio-zullo\/","og_locale":"it_IT","og_type":"article","og_title":"Fondazione \"S. Maugeri\": una riflessione del Presidente Zullo - Archivio CassanoWeb","og_url":"https:\/\/archiviocassano.lavocedelpaese.info\/index.php\/2013\/02\/23\/fondazione-qs-maugeriq-una-riflessione-del-presidente-del-consiglio-comunale-ignazio-zullo\/","og_site_name":"Archivio CassanoWeb","article_publisher":"https:\/\/www.facebook.com\/redazione.cassanoweb","article_published_time":"2013-02-23T07:16:29+00:00","og_image":[{"width":640,"height":300,"url":"https:\/\/archiviocassano.lavocedelpaese.info\/wp-content\/uploads\/2012\/08\/ignazio_zullo_1.jpg","type":"image\/jpeg"}],"author":"admin","twitter_card":"summary_large_image","twitter_misc":{"Scritto da":"admin","Tempo di lettura stimato":"2 minuti"},"schema":{"@context":"https:\/\/schema.org","@graph":[{"@type":"Article","@id":"https:\/\/archiviocassano.lavocedelpaese.info\/index.php\/2013\/02\/23\/fondazione-qs-maugeriq-una-riflessione-del-presidente-del-consiglio-comunale-ignazio-zullo\/#article","isPartOf":{"@id":"https:\/\/archiviocassano.lavocedelpaese.info\/index.php\/2013\/02\/23\/fondazione-qs-maugeriq-una-riflessione-del-presidente-del-consiglio-comunale-ignazio-zullo\/"},"author":{"name":"admin","@id":"https:\/\/archiviocassano.lavocedelpaese.info\/#\/schema\/person\/df195bc79a9b4c35127cf005f92e041b"},"headline":"Fondazione &#8220;S. Maugeri&#8221;: una riflessione del Presidente Zullo","datePublished":"2013-02-23T07:16:29+00:00","mainEntityOfPage":{"@id":"https:\/\/archiviocassano.lavocedelpaese.info\/index.php\/2013\/02\/23\/fondazione-qs-maugeriq-una-riflessione-del-presidente-del-consiglio-comunale-ignazio-zullo\/"},"wordCount":401,"commentCount":0,"publisher":{"@id":"https:\/\/archiviocassano.lavocedelpaese.info\/#organization"},"image":{"@id":"https:\/\/archiviocassano.lavocedelpaese.info\/index.php\/2013\/02\/23\/fondazione-qs-maugeriq-una-riflessione-del-presidente-del-consiglio-comunale-ignazio-zullo\/#primaryimage"},"thumbnailUrl":"https:\/\/archiviocassano.lavocedelpaese.info\/wp-content\/uploads\/2012\/08\/ignazio_zullo_1.jpg","articleSection":["La voce del paese"],"inLanguage":"it-IT","potentialAction":[{"@type":"CommentAction","name":"Comment","target":["https:\/\/archiviocassano.lavocedelpaese.info\/index.php\/2013\/02\/23\/fondazione-qs-maugeriq-una-riflessione-del-presidente-del-consiglio-comunale-ignazio-zullo\/#respond"]}]},{"@type":"WebPage","@id":"https:\/\/archiviocassano.lavocedelpaese.info\/index.php\/2013\/02\/23\/fondazione-qs-maugeriq-una-riflessione-del-presidente-del-consiglio-comunale-ignazio-zullo\/","url":"https:\/\/archiviocassano.lavocedelpaese.info\/index.php\/2013\/02\/23\/fondazione-qs-maugeriq-una-riflessione-del-presidente-del-consiglio-comunale-ignazio-zullo\/","name":"Fondazione \"S. Maugeri\": una riflessione del Presidente Zullo - Archivio CassanoWeb","isPartOf":{"@id":"https:\/\/archiviocassano.lavocedelpaese.info\/#website"},"primaryImageOfPage":{"@id":"https:\/\/archiviocassano.lavocedelpaese.info\/index.php\/2013\/02\/23\/fondazione-qs-maugeriq-una-riflessione-del-presidente-del-consiglio-comunale-ignazio-zullo\/#primaryimage"},"image":{"@id":"https:\/\/archiviocassano.lavocedelpaese.info\/index.php\/2013\/02\/23\/fondazione-qs-maugeriq-una-riflessione-del-presidente-del-consiglio-comunale-ignazio-zullo\/#primaryimage"},"thumbnailUrl":"https:\/\/archiviocassano.lavocedelpaese.info\/wp-content\/uploads\/2012\/08\/ignazio_zullo_1.jpg","datePublished":"2013-02-23T07:16:29+00:00","breadcrumb":{"@id":"https:\/\/archiviocassano.lavocedelpaese.info\/index.php\/2013\/02\/23\/fondazione-qs-maugeriq-una-riflessione-del-presidente-del-consiglio-comunale-ignazio-zullo\/#breadcrumb"},"inLanguage":"it-IT","potentialAction":[{"@type":"ReadAction","target":["https:\/\/archiviocassano.lavocedelpaese.info\/index.php\/2013\/02\/23\/fondazione-qs-maugeriq-una-riflessione-del-presidente-del-consiglio-comunale-ignazio-zullo\/"]}]},{"@type":"ImageObject","inLanguage":"it-IT","@id":"https:\/\/archiviocassano.lavocedelpaese.info\/index.php\/2013\/02\/23\/fondazione-qs-maugeriq-una-riflessione-del-presidente-del-consiglio-comunale-ignazio-zullo\/#primaryimage","url":"https:\/\/archiviocassano.lavocedelpaese.info\/wp-content\/uploads\/2012\/08\/ignazio_zullo_1.jpg","contentUrl":"https:\/\/archiviocassano.lavocedelpaese.info\/wp-content\/uploads\/2012\/08\/ignazio_zullo_1.jpg","width":640,"height":300,"caption":"ignazio zullo 1"},{"@type":"BreadcrumbList","@id":"https:\/\/archiviocassano.lavocedelpaese.info\/index.php\/2013\/02\/23\/fondazione-qs-maugeriq-una-riflessione-del-presidente-del-consiglio-comunale-ignazio-zullo\/#breadcrumb","itemListElement":[{"@type":"ListItem","position":1,"name":"Home","item":"https:\/\/archiviocassano.lavocedelpaese.info\/"},{"@type":"ListItem","position":2,"name":"Fondazione &#8220;S. Maugeri&#8221;: una riflessione del Presidente Zullo"}]},{"@type":"WebSite","@id":"https:\/\/archiviocassano.lavocedelpaese.info\/#website","url":"https:\/\/archiviocassano.lavocedelpaese.info\/","name":"Archivio CassanoWeb","description":"La Voce del Paese - un network di idee","publisher":{"@id":"https:\/\/archiviocassano.lavocedelpaese.info\/#organization"},"potentialAction":[{"@type":"SearchAction","target":{"@type":"EntryPoint","urlTemplate":"https:\/\/archiviocassano.lavocedelpaese.info\/?s={search_term_string}"},"query-input":{"@type":"PropertyValueSpecification","valueRequired":true,"valueName":"search_term_string"}}],"inLanguage":"it-IT"},{"@type":"Organization","@id":"https:\/\/archiviocassano.lavocedelpaese.info\/#organization","name":"Archivio CassanoWeb","url":"https:\/\/archiviocassano.lavocedelpaese.info\/","logo":{"@type":"ImageObject","inLanguage":"it-IT","@id":"https:\/\/archiviocassano.lavocedelpaese.info\/#\/schema\/logo\/image\/","url":"https:\/\/archiviocassano.lavocedelpaese.info\/wp-content\/uploads\/2024\/08\/logo-rosso-2.png","contentUrl":"https:\/\/archiviocassano.lavocedelpaese.info\/wp-content\/uploads\/2024\/08\/logo-rosso-2.png","width":491,"height":432,"caption":"Archivio CassanoWeb"},"image":{"@id":"https:\/\/archiviocassano.lavocedelpaese.info\/#\/schema\/logo\/image\/"},"sameAs":["https:\/\/www.facebook.com\/redazione.cassanoweb"]},{"@type":"Person","@id":"https:\/\/archiviocassano.lavocedelpaese.info\/#\/schema\/person\/df195bc79a9b4c35127cf005f92e041b","name":"admin","image":{"@type":"ImageObject","inLanguage":"it-IT","@id":"https:\/\/secure.gravatar.com\/avatar\/eabba89a432e8eaa1b0207cc55f7e5340b22712b1ed80677efcf63e02ff5b235?s=96&d=mm&r=g","url":"https:\/\/secure.gravatar.com\/avatar\/eabba89a432e8eaa1b0207cc55f7e5340b22712b1ed80677efcf63e02ff5b235?s=96&d=mm&r=g","contentUrl":"https:\/\/secure.gravatar.com\/avatar\/eabba89a432e8eaa1b0207cc55f7e5340b22712b1ed80677efcf63e02ff5b235?s=96&d=mm&r=g","caption":"admin"},"sameAs":["https:\/\/archiviocassano.lavocedelpaese.info"],"url":"https:\/\/archiviocassano.lavocedelpaese.info\/index.php\/author\/admin_0qgz1xdp\/"}]}},"_links":{"self":[{"href":"https:\/\/archiviocassano.lavocedelpaese.info\/index.php\/wp-json\/wp\/v2\/posts\/7237","targetHints":{"allow":["GET"]}}],"collection":[{"href":"https:\/\/archiviocassano.lavocedelpaese.info\/index.php\/wp-json\/wp\/v2\/posts"}],"about":[{"href":"https:\/\/archiviocassano.lavocedelpaese.info\/index.php\/wp-json\/wp\/v2\/types\/post"}],"author":[{"embeddable":true,"href":"https:\/\/archiviocassano.lavocedelpaese.info\/index.php\/wp-json\/wp\/v2\/users\/1"}],"replies":[{"embeddable":true,"href":"https:\/\/archiviocassano.lavocedelpaese.info\/index.php\/wp-json\/wp\/v2\/comments?post=7237"}],"version-history":[{"count":0,"href":"https:\/\/archiviocassano.lavocedelpaese.info\/index.php\/wp-json\/wp\/v2\/posts\/7237\/revisions"}],"wp:featuredmedia":[{"embeddable":true,"href":"https:\/\/archiviocassano.lavocedelpaese.info\/index.php\/wp-json\/wp\/v2\/media\/6272"}],"wp:attachment":[{"href":"https:\/\/archiviocassano.lavocedelpaese.info\/index.php\/wp-json\/wp\/v2\/media?parent=7237"}],"wp:term":[{"taxonomy":"category","embeddable":true,"href":"https:\/\/archiviocassano.lavocedelpaese.info\/index.php\/wp-json\/wp\/v2\/categories?post=7237"},{"taxonomy":"post_tag","embeddable":true,"href":"https:\/\/archiviocassano.lavocedelpaese.info\/index.php\/wp-json\/wp\/v2\/tags?post=7237"}],"curies":[{"name":"wp","href":"https:\/\/api.w.org\/{rel}","templated":true}]}}