{"id":7247,"date":"2013-02-24T07:26:45","date_gmt":"2013-02-24T07:26:45","guid":{"rendered":"https:\/\/archiviocassano.lavocedelpaese.info\/index.php\/2013\/02\/24\/dei-cavalieri-dei-giganti-e-delle-lacrime-degli-osti\/"},"modified":"2013-02-24T07:26:45","modified_gmt":"2013-02-24T07:26:45","slug":"dei-cavalieri-dei-giganti-e-delle-lacrime-degli-osti","status":"publish","type":"post","link":"https:\/\/archiviocassano.lavocedelpaese.info\/index.php\/2013\/02\/24\/dei-cavalieri-dei-giganti-e-delle-lacrime-degli-osti\/","title":{"rendered":"Dei cavalieri, dei giganti e delle lacrime degli osti"},"content":{"rendered":"<p><img loading=\"lazy\" decoding=\"async\" class=\" size-full wp-image-7246\" style=\"margin-right: 2px; margin-left: 2px;\" alt=\"gargantua\" src=\"https:\/\/archiviocassano.lavocedelpaese.info\/wp-content\/uploads\/2013\/02\/gargantua.jpg\" height=\"150\" width=\"320\" \/><\/p>\n<p><!--more--><\/p>\n<p style=\"text-align: justify;\"><span style=\"font-size: 12pt; line-height: 115%; font-family: 'Garamond','serif';\">Ci \u00e8 capitato di rileggere il <i>Morgante<\/i> di Luigi Pulci, poema del Quattrocento che narra le vicende dei paladini di Carlo Magno e del \u201csavio e famoso\u201d Orlando e di restar sorpresi nel vedere quanto, le opere studiate con fatica a scuola, appaiano scritte con una chiaroveggenza tale da metterci davanti agli occhi il nostro presente. <\/span><\/p>\n<p style=\"text-align: justify;\"><span style=\"font-size: 12pt; line-height: 115%; font-family: 'Garamond','serif';\">Tutto inizia nell\u2019ambiente della corte cristiana, un luogo elevato e prezioso in virt\u00f9 del grande onore e della gentilezza dei suoi membri. Ma poich\u00e9 nessun luogo \u00e8 perfetto, Orlando deve affrontare la diffamazione che il meschino Gano opera alle sue spalle. Orlando, edotto delle false accuse rivoltegli, vorrebbe ammazzare il traditore, ma \u00e8 fermato dagli altri. Orlando \u00e8 infuriato sia perch\u00e9 \u00e8 stato <i>disonorato<\/i>, sia perch\u00e9 Carlo ha dato credito a quelle falsit\u00e0. <\/span><\/p>\n<p style=\"text-align: justify;\"><span style=\"font-size: 12pt; line-height: 115%; font-family: 'Garamond','serif';\">Cosa resta da fare, allora, ad un grande paladino? <\/span><\/p>\n<p style=\"text-align: justify;\"><span style=\"font-size: 12pt; line-height: 115%; font-family: 'Garamond','serif';\">I lettori pi\u00f9 scaltri diranno: \u201cprendere tutta la lista dei suoi compagni e portarla via con s\u00e9, cos\u00ec che Carlo non sappia pi\u00f9, rincitrullito com\u2019\u00e8, a chi affidarsi\u201d.<\/span><\/p>\n<p style=\"text-align: justify;\"><span style=\"font-size: 12pt; line-height: 115%; font-family: 'Garamond','serif';\">Suvvia, signori, stiamo parlando di onorevoli paladini e di alti valori! Sono uomini con un alto senso della <i>dignit\u00e0<\/i>, mica \u2018ominicchi\u2019 in cerca di \u2018legittimi impedimenti\u2019 da accampare finch\u00e9 tutto non verr\u00e0 archiviato e prescritto! Orlando lo sa quello che va fatto, lui \u00e8 <i>cavaliere sul serio<\/i>! Sa che bisogna prendere spada e cavallo e andare a dimostrare che il proprio onore non \u00e8 mai venuto meno. E dove potrebbe difendere la sua <i>onorevolezza<\/i> se non sul campo di battaglia? <\/span><\/p>\n<p style=\"text-align: justify;\"><span style=\"font-size: 12pt; line-height: 115%; font-family: 'Garamond','serif';\">Nulla a che vedere con i nostri pi\u00f9 moderni \u2018onorevoli\u2019&#8230;<\/span><\/p>\n<p style=\"text-align: justify;\"><span style=\"font-size: 12pt; line-height: 115%; font-family: 'Garamond','serif';\">Eppure, col poema, si trovano affinit\u00e0 nella sua parte pi\u00f9 fantasiosa e comica, quella dedicata a Morgante e Margutte. Morgante \u00e8 un gigante (la forza delle misure, dei numeri) che convertitosi al Cristianesimo (senza mai prendere i voti) si affianca all\u2019armata dei paladini e contribuisce alle loro vittorie; Margutte, invece, \u00e8 un mezzo gigante, parricida, incredibile peccatore (uno da 77 peccati capitali) un ingannatore la cui unica fede \u00e8 quella nel cibo; uno che potrebbe, per le sue strabilianti doti fagocitatorie, conquistarsi il soprannome di <i>Margutte \u2018o fegatiello<\/i>. Insieme ne combinano di tutti i colori, ma una fra tutte \u00e8 esemplare. Sono in un\u2019osteria, nel mondo della gente normale. L\u2019oste li accoglie e gli offre un grasso cappone, ma i due appartengono ad una \u2018casta\u2019 d\u2019altre pretese e allora, mentre Morgante bastona a dovere il malcapitato oste, <i>Margutte<\/i> <i>\u2018o fegatiello<\/i> fa razzia di quantit\u00e0 spropositate di cibo, svaligiando e devastando l\u2019intera osteria. L\u2019oste, straziato, non vede l\u2019ora che vadano, perch\u00e9 \u201c<i>hanno mangiato tanto che in un mese\/ non manger\u00e0 tutto questo paese<\/i>\u201d. <\/span><\/p>\n<p style=\"text-align: justify;\"><span style=\"font-size: 12pt; line-height: 115%; font-family: 'Garamond','serif';\">Quante somiglianze con l\u2019oggi, dalla Lombardia al Lazio alle amministrazioni d\u2019ogni dove in Italia\u2026 e quanto realistica e poco retorica suonerebbe ai giorni nostri l\u2019iperbole dell\u2019oste. <\/span><\/p>\n<p style=\"text-align: justify;\"><span style=\"font-size: 12pt; line-height: 115%; font-family: 'Garamond','serif';\">Come si pu\u00f2 non rivedere la tavola che noi, piccoli osti, abbiamo imbandito ai nostri 20, 40, 315 o 630 giganti e mezzi giganti (o <i>ominicchi e quaquaraqu\u00e0<\/i>) di turno, continuando, senza aver imparato nulla nemmeno dalla letteratura, ad aspettare le \u2018mazzate\u2019 con cui pagheranno, sulla nostra schiena, il conto del loro lauto pasto?<\/span><\/p>\n<p style=\"text-align: justify;\"><span style=\"font-size: 12pt; line-height: 115%; font-family: 'Garamond','serif';\">Nel <i>Morgante<\/i> queste storie erano fantasie, invenzioni bizzarre e grottesche atte a suscitare il riso\u2026 noi, invece, abbiamo permesso, a nostre spese, che diventassero realt\u00e0 e abbiamo reso \u2018cavalieri\u2019 i \u2018birbanti\u2019.<\/span><\/p>\n<p style=\"text-align: justify;\"><span style=\"font-size: 12pt; line-height: 115%; font-family: 'Garamond','serif';\">Che nostalgia di Orlando e del suo onore, mentre a noi tocca guardare quotidianamente ben altra schiatta di \u2018cavalieri\u2019: che di pelle in gioco, se ne mettono una, \u00e8 la nostra; che l\u2019onore (se ne hanno mai avuto uno), l\u2019hanno lasciato sul letto di qualche hotel o in un caveau privato; che anzich\u00e9 mostrar l\u2019onore sul campo di battaglia, come mocciosi fuggono portando via il pallone per togliere il gioco a tutti. <\/span><\/p>\n<p style=\"text-align: justify;\"><span style=\"font-size: 12pt; line-height: 115%; font-family: 'Garamond','serif';\">Povero Orlando, che amarezza se vedesse i giorni nostri e la loro tempra e come piangerebbe disperato!\u2026 ma noi, Noi, abbiamo ancora soltanto lacrime rassegnate e schiene forti? Oppure, avendo visto tante grottesche realt\u00e0, siamo finalmente riusciti a realizzare che <i>cittadini<\/i>, incoscienti, <i>si nasce<\/i>, <i>ma uomini<\/i>, consapevoli e maturi, <i>si diventa?<\/i><\/span><\/p>\n","protected":false},"excerpt":{"rendered":"","protected":false},"author":1,"featured_media":7246,"comment_status":"open","ping_status":"closed","sticky":false,"template":"","format":"standard","meta":{"colormag_page_container_layout":"default_layout","colormag_page_sidebar_layout":"default_layout","footnotes":""},"categories":[4],"tags":[],"class_list":["post-7247","post","type-post","status-publish","format-standard","has-post-thumbnail","hentry","category-politica"],"yoast_head":"<!-- This site is optimized with the Yoast SEO plugin v27.5 - https:\/\/yoast.com\/product\/yoast-seo-wordpress\/ -->\n<title>Dei cavalieri, dei giganti e delle lacrime degli osti - Archivio CassanoWeb<\/title>\n<meta name=\"robots\" content=\"index, follow, max-snippet:-1, max-image-preview:large, max-video-preview:-1\" \/>\n<link rel=\"canonical\" href=\"https:\/\/archiviocassano.lavocedelpaese.info\/index.php\/2013\/02\/24\/dei-cavalieri-dei-giganti-e-delle-lacrime-degli-osti\/\" \/>\n<meta property=\"og:locale\" content=\"it_IT\" \/>\n<meta property=\"og:type\" content=\"article\" \/>\n<meta property=\"og:title\" content=\"Dei cavalieri, dei giganti e delle lacrime degli osti - Archivio CassanoWeb\" \/>\n<meta property=\"og:url\" content=\"https:\/\/archiviocassano.lavocedelpaese.info\/index.php\/2013\/02\/24\/dei-cavalieri-dei-giganti-e-delle-lacrime-degli-osti\/\" \/>\n<meta property=\"og:site_name\" content=\"Archivio CassanoWeb\" \/>\n<meta property=\"article:publisher\" content=\"https:\/\/www.facebook.com\/redazione.cassanoweb\" \/>\n<meta property=\"article:published_time\" content=\"2013-02-24T07:26:45+00:00\" \/>\n<meta property=\"og:image\" content=\"https:\/\/archiviocassano.lavocedelpaese.info\/wp-content\/uploads\/2013\/02\/gargantua.jpg\" \/>\n\t<meta property=\"og:image:width\" content=\"260\" \/>\n\t<meta property=\"og:image:height\" content=\"194\" \/>\n\t<meta property=\"og:image:type\" content=\"image\/jpeg\" \/>\n<meta name=\"author\" content=\"admin\" \/>\n<meta name=\"twitter:card\" content=\"summary_large_image\" \/>\n<meta name=\"twitter:label1\" content=\"Scritto da\" \/>\n\t<meta name=\"twitter:data1\" content=\"admin\" \/>\n\t<meta name=\"twitter:label2\" content=\"Tempo di lettura stimato\" \/>\n\t<meta name=\"twitter:data2\" content=\"3 minuti\" \/>\n<script type=\"application\/ld+json\" class=\"yoast-schema-graph\">{\"@context\":\"https:\\\/\\\/schema.org\",\"@graph\":[{\"@type\":\"Article\",\"@id\":\"https:\\\/\\\/archiviocassano.lavocedelpaese.info\\\/index.php\\\/2013\\\/02\\\/24\\\/dei-cavalieri-dei-giganti-e-delle-lacrime-degli-osti\\\/#article\",\"isPartOf\":{\"@id\":\"https:\\\/\\\/archiviocassano.lavocedelpaese.info\\\/index.php\\\/2013\\\/02\\\/24\\\/dei-cavalieri-dei-giganti-e-delle-lacrime-degli-osti\\\/\"},\"author\":{\"name\":\"admin\",\"@id\":\"https:\\\/\\\/archiviocassano.lavocedelpaese.info\\\/#\\\/schema\\\/person\\\/df195bc79a9b4c35127cf005f92e041b\"},\"headline\":\"Dei cavalieri, dei giganti e delle lacrime degli osti\",\"datePublished\":\"2013-02-24T07:26:45+00:00\",\"mainEntityOfPage\":{\"@id\":\"https:\\\/\\\/archiviocassano.lavocedelpaese.info\\\/index.php\\\/2013\\\/02\\\/24\\\/dei-cavalieri-dei-giganti-e-delle-lacrime-degli-osti\\\/\"},\"wordCount\":669,\"commentCount\":0,\"publisher\":{\"@id\":\"https:\\\/\\\/archiviocassano.lavocedelpaese.info\\\/#organization\"},\"image\":{\"@id\":\"https:\\\/\\\/archiviocassano.lavocedelpaese.info\\\/index.php\\\/2013\\\/02\\\/24\\\/dei-cavalieri-dei-giganti-e-delle-lacrime-degli-osti\\\/#primaryimage\"},\"thumbnailUrl\":\"https:\\\/\\\/archiviocassano.lavocedelpaese.info\\\/wp-content\\\/uploads\\\/2013\\\/02\\\/gargantua.jpg\",\"articleSection\":[\"Politica\"],\"inLanguage\":\"it-IT\",\"potentialAction\":[{\"@type\":\"CommentAction\",\"name\":\"Comment\",\"target\":[\"https:\\\/\\\/archiviocassano.lavocedelpaese.info\\\/index.php\\\/2013\\\/02\\\/24\\\/dei-cavalieri-dei-giganti-e-delle-lacrime-degli-osti\\\/#respond\"]}]},{\"@type\":\"WebPage\",\"@id\":\"https:\\\/\\\/archiviocassano.lavocedelpaese.info\\\/index.php\\\/2013\\\/02\\\/24\\\/dei-cavalieri-dei-giganti-e-delle-lacrime-degli-osti\\\/\",\"url\":\"https:\\\/\\\/archiviocassano.lavocedelpaese.info\\\/index.php\\\/2013\\\/02\\\/24\\\/dei-cavalieri-dei-giganti-e-delle-lacrime-degli-osti\\\/\",\"name\":\"Dei cavalieri, dei giganti e delle lacrime degli osti - Archivio CassanoWeb\",\"isPartOf\":{\"@id\":\"https:\\\/\\\/archiviocassano.lavocedelpaese.info\\\/#website\"},\"primaryImageOfPage\":{\"@id\":\"https:\\\/\\\/archiviocassano.lavocedelpaese.info\\\/index.php\\\/2013\\\/02\\\/24\\\/dei-cavalieri-dei-giganti-e-delle-lacrime-degli-osti\\\/#primaryimage\"},\"image\":{\"@id\":\"https:\\\/\\\/archiviocassano.lavocedelpaese.info\\\/index.php\\\/2013\\\/02\\\/24\\\/dei-cavalieri-dei-giganti-e-delle-lacrime-degli-osti\\\/#primaryimage\"},\"thumbnailUrl\":\"https:\\\/\\\/archiviocassano.lavocedelpaese.info\\\/wp-content\\\/uploads\\\/2013\\\/02\\\/gargantua.jpg\",\"datePublished\":\"2013-02-24T07:26:45+00:00\",\"breadcrumb\":{\"@id\":\"https:\\\/\\\/archiviocassano.lavocedelpaese.info\\\/index.php\\\/2013\\\/02\\\/24\\\/dei-cavalieri-dei-giganti-e-delle-lacrime-degli-osti\\\/#breadcrumb\"},\"inLanguage\":\"it-IT\",\"potentialAction\":[{\"@type\":\"ReadAction\",\"target\":[\"https:\\\/\\\/archiviocassano.lavocedelpaese.info\\\/index.php\\\/2013\\\/02\\\/24\\\/dei-cavalieri-dei-giganti-e-delle-lacrime-degli-osti\\\/\"]}]},{\"@type\":\"ImageObject\",\"inLanguage\":\"it-IT\",\"@id\":\"https:\\\/\\\/archiviocassano.lavocedelpaese.info\\\/index.php\\\/2013\\\/02\\\/24\\\/dei-cavalieri-dei-giganti-e-delle-lacrime-degli-osti\\\/#primaryimage\",\"url\":\"https:\\\/\\\/archiviocassano.lavocedelpaese.info\\\/wp-content\\\/uploads\\\/2013\\\/02\\\/gargantua.jpg\",\"contentUrl\":\"https:\\\/\\\/archiviocassano.lavocedelpaese.info\\\/wp-content\\\/uploads\\\/2013\\\/02\\\/gargantua.jpg\",\"width\":260,\"height\":194,\"caption\":\"gargantua\"},{\"@type\":\"BreadcrumbList\",\"@id\":\"https:\\\/\\\/archiviocassano.lavocedelpaese.info\\\/index.php\\\/2013\\\/02\\\/24\\\/dei-cavalieri-dei-giganti-e-delle-lacrime-degli-osti\\\/#breadcrumb\",\"itemListElement\":[{\"@type\":\"ListItem\",\"position\":1,\"name\":\"Home\",\"item\":\"https:\\\/\\\/archiviocassano.lavocedelpaese.info\\\/\"},{\"@type\":\"ListItem\",\"position\":2,\"name\":\"Dei cavalieri, dei giganti e delle lacrime degli osti\"}]},{\"@type\":\"WebSite\",\"@id\":\"https:\\\/\\\/archiviocassano.lavocedelpaese.info\\\/#website\",\"url\":\"https:\\\/\\\/archiviocassano.lavocedelpaese.info\\\/\",\"name\":\"Archivio CassanoWeb\",\"description\":\"La Voce del Paese - un network di idee\",\"publisher\":{\"@id\":\"https:\\\/\\\/archiviocassano.lavocedelpaese.info\\\/#organization\"},\"potentialAction\":[{\"@type\":\"SearchAction\",\"target\":{\"@type\":\"EntryPoint\",\"urlTemplate\":\"https:\\\/\\\/archiviocassano.lavocedelpaese.info\\\/?s={search_term_string}\"},\"query-input\":{\"@type\":\"PropertyValueSpecification\",\"valueRequired\":true,\"valueName\":\"search_term_string\"}}],\"inLanguage\":\"it-IT\"},{\"@type\":\"Organization\",\"@id\":\"https:\\\/\\\/archiviocassano.lavocedelpaese.info\\\/#organization\",\"name\":\"Archivio CassanoWeb\",\"url\":\"https:\\\/\\\/archiviocassano.lavocedelpaese.info\\\/\",\"logo\":{\"@type\":\"ImageObject\",\"inLanguage\":\"it-IT\",\"@id\":\"https:\\\/\\\/archiviocassano.lavocedelpaese.info\\\/#\\\/schema\\\/logo\\\/image\\\/\",\"url\":\"https:\\\/\\\/archiviocassano.lavocedelpaese.info\\\/wp-content\\\/uploads\\\/2024\\\/08\\\/logo-rosso-2.png\",\"contentUrl\":\"https:\\\/\\\/archiviocassano.lavocedelpaese.info\\\/wp-content\\\/uploads\\\/2024\\\/08\\\/logo-rosso-2.png\",\"width\":491,\"height\":432,\"caption\":\"Archivio CassanoWeb\"},\"image\":{\"@id\":\"https:\\\/\\\/archiviocassano.lavocedelpaese.info\\\/#\\\/schema\\\/logo\\\/image\\\/\"},\"sameAs\":[\"https:\\\/\\\/www.facebook.com\\\/redazione.cassanoweb\"]},{\"@type\":\"Person\",\"@id\":\"https:\\\/\\\/archiviocassano.lavocedelpaese.info\\\/#\\\/schema\\\/person\\\/df195bc79a9b4c35127cf005f92e041b\",\"name\":\"admin\",\"image\":{\"@type\":\"ImageObject\",\"inLanguage\":\"it-IT\",\"@id\":\"https:\\\/\\\/secure.gravatar.com\\\/avatar\\\/eabba89a432e8eaa1b0207cc55f7e5340b22712b1ed80677efcf63e02ff5b235?s=96&d=mm&r=g\",\"url\":\"https:\\\/\\\/secure.gravatar.com\\\/avatar\\\/eabba89a432e8eaa1b0207cc55f7e5340b22712b1ed80677efcf63e02ff5b235?s=96&d=mm&r=g\",\"contentUrl\":\"https:\\\/\\\/secure.gravatar.com\\\/avatar\\\/eabba89a432e8eaa1b0207cc55f7e5340b22712b1ed80677efcf63e02ff5b235?s=96&d=mm&r=g\",\"caption\":\"admin\"},\"sameAs\":[\"https:\\\/\\\/archiviocassano.lavocedelpaese.info\"],\"url\":\"https:\\\/\\\/archiviocassano.lavocedelpaese.info\\\/index.php\\\/author\\\/admin_0qgz1xdp\\\/\"}]}<\/script>\n<!-- \/ Yoast SEO plugin. -->","yoast_head_json":{"title":"Dei cavalieri, dei giganti e delle lacrime degli osti - Archivio CassanoWeb","robots":{"index":"index","follow":"follow","max-snippet":"max-snippet:-1","max-image-preview":"max-image-preview:large","max-video-preview":"max-video-preview:-1"},"canonical":"https:\/\/archiviocassano.lavocedelpaese.info\/index.php\/2013\/02\/24\/dei-cavalieri-dei-giganti-e-delle-lacrime-degli-osti\/","og_locale":"it_IT","og_type":"article","og_title":"Dei cavalieri, dei giganti e delle lacrime degli osti - Archivio CassanoWeb","og_url":"https:\/\/archiviocassano.lavocedelpaese.info\/index.php\/2013\/02\/24\/dei-cavalieri-dei-giganti-e-delle-lacrime-degli-osti\/","og_site_name":"Archivio CassanoWeb","article_publisher":"https:\/\/www.facebook.com\/redazione.cassanoweb","article_published_time":"2013-02-24T07:26:45+00:00","og_image":[{"width":260,"height":194,"url":"https:\/\/archiviocassano.lavocedelpaese.info\/wp-content\/uploads\/2013\/02\/gargantua.jpg","type":"image\/jpeg"}],"author":"admin","twitter_card":"summary_large_image","twitter_misc":{"Scritto da":"admin","Tempo di lettura stimato":"3 minuti"},"schema":{"@context":"https:\/\/schema.org","@graph":[{"@type":"Article","@id":"https:\/\/archiviocassano.lavocedelpaese.info\/index.php\/2013\/02\/24\/dei-cavalieri-dei-giganti-e-delle-lacrime-degli-osti\/#article","isPartOf":{"@id":"https:\/\/archiviocassano.lavocedelpaese.info\/index.php\/2013\/02\/24\/dei-cavalieri-dei-giganti-e-delle-lacrime-degli-osti\/"},"author":{"name":"admin","@id":"https:\/\/archiviocassano.lavocedelpaese.info\/#\/schema\/person\/df195bc79a9b4c35127cf005f92e041b"},"headline":"Dei cavalieri, dei giganti e delle lacrime degli osti","datePublished":"2013-02-24T07:26:45+00:00","mainEntityOfPage":{"@id":"https:\/\/archiviocassano.lavocedelpaese.info\/index.php\/2013\/02\/24\/dei-cavalieri-dei-giganti-e-delle-lacrime-degli-osti\/"},"wordCount":669,"commentCount":0,"publisher":{"@id":"https:\/\/archiviocassano.lavocedelpaese.info\/#organization"},"image":{"@id":"https:\/\/archiviocassano.lavocedelpaese.info\/index.php\/2013\/02\/24\/dei-cavalieri-dei-giganti-e-delle-lacrime-degli-osti\/#primaryimage"},"thumbnailUrl":"https:\/\/archiviocassano.lavocedelpaese.info\/wp-content\/uploads\/2013\/02\/gargantua.jpg","articleSection":["Politica"],"inLanguage":"it-IT","potentialAction":[{"@type":"CommentAction","name":"Comment","target":["https:\/\/archiviocassano.lavocedelpaese.info\/index.php\/2013\/02\/24\/dei-cavalieri-dei-giganti-e-delle-lacrime-degli-osti\/#respond"]}]},{"@type":"WebPage","@id":"https:\/\/archiviocassano.lavocedelpaese.info\/index.php\/2013\/02\/24\/dei-cavalieri-dei-giganti-e-delle-lacrime-degli-osti\/","url":"https:\/\/archiviocassano.lavocedelpaese.info\/index.php\/2013\/02\/24\/dei-cavalieri-dei-giganti-e-delle-lacrime-degli-osti\/","name":"Dei cavalieri, dei giganti e delle lacrime degli osti - Archivio CassanoWeb","isPartOf":{"@id":"https:\/\/archiviocassano.lavocedelpaese.info\/#website"},"primaryImageOfPage":{"@id":"https:\/\/archiviocassano.lavocedelpaese.info\/index.php\/2013\/02\/24\/dei-cavalieri-dei-giganti-e-delle-lacrime-degli-osti\/#primaryimage"},"image":{"@id":"https:\/\/archiviocassano.lavocedelpaese.info\/index.php\/2013\/02\/24\/dei-cavalieri-dei-giganti-e-delle-lacrime-degli-osti\/#primaryimage"},"thumbnailUrl":"https:\/\/archiviocassano.lavocedelpaese.info\/wp-content\/uploads\/2013\/02\/gargantua.jpg","datePublished":"2013-02-24T07:26:45+00:00","breadcrumb":{"@id":"https:\/\/archiviocassano.lavocedelpaese.info\/index.php\/2013\/02\/24\/dei-cavalieri-dei-giganti-e-delle-lacrime-degli-osti\/#breadcrumb"},"inLanguage":"it-IT","potentialAction":[{"@type":"ReadAction","target":["https:\/\/archiviocassano.lavocedelpaese.info\/index.php\/2013\/02\/24\/dei-cavalieri-dei-giganti-e-delle-lacrime-degli-osti\/"]}]},{"@type":"ImageObject","inLanguage":"it-IT","@id":"https:\/\/archiviocassano.lavocedelpaese.info\/index.php\/2013\/02\/24\/dei-cavalieri-dei-giganti-e-delle-lacrime-degli-osti\/#primaryimage","url":"https:\/\/archiviocassano.lavocedelpaese.info\/wp-content\/uploads\/2013\/02\/gargantua.jpg","contentUrl":"https:\/\/archiviocassano.lavocedelpaese.info\/wp-content\/uploads\/2013\/02\/gargantua.jpg","width":260,"height":194,"caption":"gargantua"},{"@type":"BreadcrumbList","@id":"https:\/\/archiviocassano.lavocedelpaese.info\/index.php\/2013\/02\/24\/dei-cavalieri-dei-giganti-e-delle-lacrime-degli-osti\/#breadcrumb","itemListElement":[{"@type":"ListItem","position":1,"name":"Home","item":"https:\/\/archiviocassano.lavocedelpaese.info\/"},{"@type":"ListItem","position":2,"name":"Dei cavalieri, dei giganti e delle lacrime degli osti"}]},{"@type":"WebSite","@id":"https:\/\/archiviocassano.lavocedelpaese.info\/#website","url":"https:\/\/archiviocassano.lavocedelpaese.info\/","name":"Archivio CassanoWeb","description":"La Voce del Paese - un network di idee","publisher":{"@id":"https:\/\/archiviocassano.lavocedelpaese.info\/#organization"},"potentialAction":[{"@type":"SearchAction","target":{"@type":"EntryPoint","urlTemplate":"https:\/\/archiviocassano.lavocedelpaese.info\/?s={search_term_string}"},"query-input":{"@type":"PropertyValueSpecification","valueRequired":true,"valueName":"search_term_string"}}],"inLanguage":"it-IT"},{"@type":"Organization","@id":"https:\/\/archiviocassano.lavocedelpaese.info\/#organization","name":"Archivio CassanoWeb","url":"https:\/\/archiviocassano.lavocedelpaese.info\/","logo":{"@type":"ImageObject","inLanguage":"it-IT","@id":"https:\/\/archiviocassano.lavocedelpaese.info\/#\/schema\/logo\/image\/","url":"https:\/\/archiviocassano.lavocedelpaese.info\/wp-content\/uploads\/2024\/08\/logo-rosso-2.png","contentUrl":"https:\/\/archiviocassano.lavocedelpaese.info\/wp-content\/uploads\/2024\/08\/logo-rosso-2.png","width":491,"height":432,"caption":"Archivio CassanoWeb"},"image":{"@id":"https:\/\/archiviocassano.lavocedelpaese.info\/#\/schema\/logo\/image\/"},"sameAs":["https:\/\/www.facebook.com\/redazione.cassanoweb"]},{"@type":"Person","@id":"https:\/\/archiviocassano.lavocedelpaese.info\/#\/schema\/person\/df195bc79a9b4c35127cf005f92e041b","name":"admin","image":{"@type":"ImageObject","inLanguage":"it-IT","@id":"https:\/\/secure.gravatar.com\/avatar\/eabba89a432e8eaa1b0207cc55f7e5340b22712b1ed80677efcf63e02ff5b235?s=96&d=mm&r=g","url":"https:\/\/secure.gravatar.com\/avatar\/eabba89a432e8eaa1b0207cc55f7e5340b22712b1ed80677efcf63e02ff5b235?s=96&d=mm&r=g","contentUrl":"https:\/\/secure.gravatar.com\/avatar\/eabba89a432e8eaa1b0207cc55f7e5340b22712b1ed80677efcf63e02ff5b235?s=96&d=mm&r=g","caption":"admin"},"sameAs":["https:\/\/archiviocassano.lavocedelpaese.info"],"url":"https:\/\/archiviocassano.lavocedelpaese.info\/index.php\/author\/admin_0qgz1xdp\/"}]}},"_links":{"self":[{"href":"https:\/\/archiviocassano.lavocedelpaese.info\/index.php\/wp-json\/wp\/v2\/posts\/7247","targetHints":{"allow":["GET"]}}],"collection":[{"href":"https:\/\/archiviocassano.lavocedelpaese.info\/index.php\/wp-json\/wp\/v2\/posts"}],"about":[{"href":"https:\/\/archiviocassano.lavocedelpaese.info\/index.php\/wp-json\/wp\/v2\/types\/post"}],"author":[{"embeddable":true,"href":"https:\/\/archiviocassano.lavocedelpaese.info\/index.php\/wp-json\/wp\/v2\/users\/1"}],"replies":[{"embeddable":true,"href":"https:\/\/archiviocassano.lavocedelpaese.info\/index.php\/wp-json\/wp\/v2\/comments?post=7247"}],"version-history":[{"count":0,"href":"https:\/\/archiviocassano.lavocedelpaese.info\/index.php\/wp-json\/wp\/v2\/posts\/7247\/revisions"}],"wp:featuredmedia":[{"embeddable":true,"href":"https:\/\/archiviocassano.lavocedelpaese.info\/index.php\/wp-json\/wp\/v2\/media\/7246"}],"wp:attachment":[{"href":"https:\/\/archiviocassano.lavocedelpaese.info\/index.php\/wp-json\/wp\/v2\/media?parent=7247"}],"wp:term":[{"taxonomy":"category","embeddable":true,"href":"https:\/\/archiviocassano.lavocedelpaese.info\/index.php\/wp-json\/wp\/v2\/categories?post=7247"},{"taxonomy":"post_tag","embeddable":true,"href":"https:\/\/archiviocassano.lavocedelpaese.info\/index.php\/wp-json\/wp\/v2\/tags?post=7247"}],"curies":[{"name":"wp","href":"https:\/\/api.w.org\/{rel}","templated":true}]}}