{"id":7399,"date":"2018-03-28T05:59:22","date_gmt":"2018-03-28T05:59:22","guid":{"rendered":"https:\/\/archiviocassano.lavocedelpaese.info\/index.php\/2018\/03\/28\/riti-della-settimana-santa-stasera-la-via-crucis-da-domani-il-triduo-sacro\/"},"modified":"2018-03-28T05:59:22","modified_gmt":"2018-03-28T05:59:22","slug":"riti-della-settimana-santa-stasera-la-via-crucis-da-domani-il-triduo-sacro","status":"publish","type":"post","link":"https:\/\/archiviocassano.lavocedelpaese.info\/index.php\/2018\/03\/28\/riti-della-settimana-santa-stasera-la-via-crucis-da-domani-il-triduo-sacro\/","title":{"rendered":"Triduo Sacro: gli orari delle celebrazioni"},"content":{"rendered":"<p style=\"text-align: justify;\"><img loading=\"lazy\" decoding=\"async\" class=\" size-full wp-image-7398\" src=\"https:\/\/archiviocassano.lavocedelpaese.info\/wp-content\/uploads\/2018\/03\/via-crucis_web-2.jpg\" alt=\"via-crucis web-2\" style=\"margin-right: 2px; margin-left: 2px;\" height=\"150\" width=\"320\" \/><\/p>\n<p>&nbsp;<\/p>\n<p><!--more--><\/p>\n<p><span style=\"font-size: 10pt;\">Entrano nel vivo, questa sera, i riti della Settimana santa in preparazione alla Pasqua di Resurrezione.<\/span><\/p>\n<p>&nbsp;<\/p>\n<p style=\"text-align: justify;\"><span style=\"font-size: 10pt;\"><strong>Mercoled\u00ec 28 marzo<\/strong> a<strong>lle ore 20.00, partendo da piazza Moro<\/strong>, si snoder\u00e0 la Via Crucis cittadina che giunger\u00e0 fino al Convento. Ogni \u201cstazione\u201d sar\u00e0 meditata e presentata, assieme alle preghiere classiche, come il cammino dell\u2019uomo verso la Salvezza.<\/span><\/p>\n<p style=\"text-align: justify;\"><span style=\"font-size: 10pt;\">Il <strong>Gioved\u00ec Santo, 29 marzo<\/strong>, si apre il Grande Triduo: \u00e8 la giornata della Cena del Signore, con il suggestivo Rito della lavanda dei piedi. <\/span><\/p>\n<p style=\"text-align: justify;\"><span style=\"font-size: 10pt;\">Nella Parrocchia Santa Maria Assunta la Messa comincer\u00e0 alle ore 18.30 e in quella di Santa Maria delle Grazie, alle ore 19.00. <\/span><\/p>\n<p style=\"text-align: justify;\"><span style=\"font-size: 10pt;\">Al termine, la celebrazione si concluder\u00e0 nel silenzio senza il canonico \u201candate in pace\u201d proprio perch\u00e9 da gioved\u00ec e fino alla veglia di Pasqua la Chiesa considera il tutto come una unica celebrazione. Nel silenzio, dunque, saranno aperti ai fedeli gli Altari della Reposizione (per favore: non chiamateli \u201csepolcri\u201d\u2026.Ges\u00f9 non \u00e8 ancora morto!) nelle principali chiese del paese. Quello esposto, infatti, \u00e8 il Corpo del Signore che ci salva e ci redime, non Ges\u00f9 morto.<\/span><\/p>\n<p style=\"text-align: justify;\"><span style=\"font-size: 10pt;\">Proprio perch\u00e9 Ges\u00f9 non \u00e8 ancora morto ma veglia e soffre, le Comunit\u00e0 parrocchiali celebreranno una Veglia di Adorazione: alle ore 22.00 comincer\u00e0 presso la chiesa di Santa Maria delle Grazie, alle ore 22.30 presso Santa Maria Assunta.<\/span><\/p>\n<p style=\"text-align: justify;\"><span style=\"font-size: 10pt;\">Il <strong>Venerd\u00ec Santo<\/strong>, 30 marzo, giorno di digiuno e astinenza. Ovvero: non si mangia carne e si fa digiuno completo (per chi pu\u00f2 e se la sente) o almeno salti un pasto, offrendolo alle pene che Ges\u00f9 sta soffrendo.<\/span><\/p>\n<p style=\"text-align: justify;\"><span style=\"font-size: 10pt;\">Presso la parrocchia di Santa Maria delle Grazie alle ore 17.00 (alle ore 15.00 in Chiesa Madre) ci sar\u00e0 la Liturgia della Adorazione della Croce: ci si prostra dinanzi a Cristo morto per i nostri peccati, baciando la Sua Croce, nostra salvezza. Non una Messa, dunque, ma liturgia della parola e del mistero.<\/span><\/p>\n<p style=\"text-align: justify;\"><span style=\"font-size: 10pt;\">Alle ore 20.00, da piazza Moro partir\u00e0 la Processione dei Misteri.<\/span><\/p>\n<p style=\"text-align: justify;\"><span style=\"font-size: 10pt;\">Il 31 marzo, <strong>Sabato Santo<\/strong> ci si potr\u00e0 confessare per tutta la mattinata e il pomeriggio. A tarda sera comincer\u00e0 la Madre di tutte le Veglie: la Veglia di Pasqua, dove tutto ha inizio e nella quale tutto termina, anche la morte dei nostri peccati.<\/span><\/p>\n<p style=\"text-align: justify;\"><span style=\"font-size: 10pt;\">La Veglia comincer\u00e0 alle ore 22.30 in entrambe le parrocchie.<\/span><\/p>\n<p style=\"text-align: justify;\"><span style=\"font-size: 10pt;\"><strong>Domenica di Pasqua<\/strong>: le celebrazioni seguiranno il normale orario festivo: in parrocchia di Santa Maria delle Grazie ore 8.30 \u2013 10.30 \u2013 19.00 e in Chiesa Madre ore 8.00 \u2013 10.00 \u2013 11.30 \u2013 19.30.<\/span><\/p>\n","protected":false},"excerpt":{"rendered":"<p>&nbsp;<\/p>\n","protected":false},"author":1,"featured_media":7398,"comment_status":"open","ping_status":"closed","sticky":false,"template":"","format":"standard","meta":{"colormag_page_container_layout":"default_layout","colormag_page_sidebar_layout":"default_layout","footnotes":""},"categories":[7],"tags":[],"class_list":["post-7399","post","type-post","status-publish","format-standard","has-post-thumbnail","hentry","category-attualita"],"yoast_head":"<!-- This site is optimized with the Yoast SEO plugin v27.5 - https:\/\/yoast.com\/product\/yoast-seo-wordpress\/ -->\n<title>Triduo Sacro: gli orari delle celebrazioni - Archivio CassanoWeb<\/title>\n<meta name=\"robots\" content=\"index, follow, max-snippet:-1, max-image-preview:large, max-video-preview:-1\" \/>\n<link rel=\"canonical\" href=\"https:\/\/archiviocassano.lavocedelpaese.info\/index.php\/2018\/03\/28\/riti-della-settimana-santa-stasera-la-via-crucis-da-domani-il-triduo-sacro\/\" \/>\n<meta property=\"og:locale\" content=\"it_IT\" \/>\n<meta property=\"og:type\" content=\"article\" \/>\n<meta property=\"og:title\" content=\"Triduo Sacro: gli orari delle celebrazioni - Archivio CassanoWeb\" \/>\n<meta property=\"og:description\" content=\"&nbsp;\" \/>\n<meta property=\"og:url\" content=\"https:\/\/archiviocassano.lavocedelpaese.info\/index.php\/2018\/03\/28\/riti-della-settimana-santa-stasera-la-via-crucis-da-domani-il-triduo-sacro\/\" \/>\n<meta property=\"og:site_name\" content=\"Archivio CassanoWeb\" \/>\n<meta property=\"article:publisher\" content=\"https:\/\/www.facebook.com\/redazione.cassanoweb\" \/>\n<meta property=\"article:published_time\" content=\"2018-03-28T05:59:22+00:00\" \/>\n<meta property=\"og:image\" content=\"https:\/\/archiviocassano.lavocedelpaese.info\/wp-content\/uploads\/2018\/03\/via-crucis_web-2.jpg\" \/>\n\t<meta property=\"og:image:width\" content=\"700\" \/>\n\t<meta property=\"og:image:height\" content=\"379\" \/>\n\t<meta property=\"og:image:type\" content=\"image\/jpeg\" \/>\n<meta name=\"author\" content=\"admin\" \/>\n<meta name=\"twitter:card\" content=\"summary_large_image\" \/>\n<meta name=\"twitter:label1\" content=\"Scritto da\" \/>\n\t<meta name=\"twitter:data1\" content=\"admin\" \/>\n\t<meta name=\"twitter:label2\" content=\"Tempo di lettura stimato\" \/>\n\t<meta name=\"twitter:data2\" content=\"2 minuti\" \/>\n<script type=\"application\/ld+json\" class=\"yoast-schema-graph\">{\"@context\":\"https:\\\/\\\/schema.org\",\"@graph\":[{\"@type\":\"Article\",\"@id\":\"https:\\\/\\\/archiviocassano.lavocedelpaese.info\\\/index.php\\\/2018\\\/03\\\/28\\\/riti-della-settimana-santa-stasera-la-via-crucis-da-domani-il-triduo-sacro\\\/#article\",\"isPartOf\":{\"@id\":\"https:\\\/\\\/archiviocassano.lavocedelpaese.info\\\/index.php\\\/2018\\\/03\\\/28\\\/riti-della-settimana-santa-stasera-la-via-crucis-da-domani-il-triduo-sacro\\\/\"},\"author\":{\"name\":\"admin\",\"@id\":\"https:\\\/\\\/archiviocassano.lavocedelpaese.info\\\/#\\\/schema\\\/person\\\/df195bc79a9b4c35127cf005f92e041b\"},\"headline\":\"Triduo Sacro: gli orari delle celebrazioni\",\"datePublished\":\"2018-03-28T05:59:22+00:00\",\"mainEntityOfPage\":{\"@id\":\"https:\\\/\\\/archiviocassano.lavocedelpaese.info\\\/index.php\\\/2018\\\/03\\\/28\\\/riti-della-settimana-santa-stasera-la-via-crucis-da-domani-il-triduo-sacro\\\/\"},\"wordCount\":388,\"commentCount\":0,\"publisher\":{\"@id\":\"https:\\\/\\\/archiviocassano.lavocedelpaese.info\\\/#organization\"},\"image\":{\"@id\":\"https:\\\/\\\/archiviocassano.lavocedelpaese.info\\\/index.php\\\/2018\\\/03\\\/28\\\/riti-della-settimana-santa-stasera-la-via-crucis-da-domani-il-triduo-sacro\\\/#primaryimage\"},\"thumbnailUrl\":\"https:\\\/\\\/archiviocassano.lavocedelpaese.info\\\/wp-content\\\/uploads\\\/2018\\\/03\\\/via-crucis_web-2.jpg\",\"articleSection\":[\"Attualit\u00e0\"],\"inLanguage\":\"it-IT\",\"potentialAction\":[{\"@type\":\"CommentAction\",\"name\":\"Comment\",\"target\":[\"https:\\\/\\\/archiviocassano.lavocedelpaese.info\\\/index.php\\\/2018\\\/03\\\/28\\\/riti-della-settimana-santa-stasera-la-via-crucis-da-domani-il-triduo-sacro\\\/#respond\"]}]},{\"@type\":\"WebPage\",\"@id\":\"https:\\\/\\\/archiviocassano.lavocedelpaese.info\\\/index.php\\\/2018\\\/03\\\/28\\\/riti-della-settimana-santa-stasera-la-via-crucis-da-domani-il-triduo-sacro\\\/\",\"url\":\"https:\\\/\\\/archiviocassano.lavocedelpaese.info\\\/index.php\\\/2018\\\/03\\\/28\\\/riti-della-settimana-santa-stasera-la-via-crucis-da-domani-il-triduo-sacro\\\/\",\"name\":\"Triduo Sacro: gli orari delle celebrazioni - Archivio CassanoWeb\",\"isPartOf\":{\"@id\":\"https:\\\/\\\/archiviocassano.lavocedelpaese.info\\\/#website\"},\"primaryImageOfPage\":{\"@id\":\"https:\\\/\\\/archiviocassano.lavocedelpaese.info\\\/index.php\\\/2018\\\/03\\\/28\\\/riti-della-settimana-santa-stasera-la-via-crucis-da-domani-il-triduo-sacro\\\/#primaryimage\"},\"image\":{\"@id\":\"https:\\\/\\\/archiviocassano.lavocedelpaese.info\\\/index.php\\\/2018\\\/03\\\/28\\\/riti-della-settimana-santa-stasera-la-via-crucis-da-domani-il-triduo-sacro\\\/#primaryimage\"},\"thumbnailUrl\":\"https:\\\/\\\/archiviocassano.lavocedelpaese.info\\\/wp-content\\\/uploads\\\/2018\\\/03\\\/via-crucis_web-2.jpg\",\"datePublished\":\"2018-03-28T05:59:22+00:00\",\"breadcrumb\":{\"@id\":\"https:\\\/\\\/archiviocassano.lavocedelpaese.info\\\/index.php\\\/2018\\\/03\\\/28\\\/riti-della-settimana-santa-stasera-la-via-crucis-da-domani-il-triduo-sacro\\\/#breadcrumb\"},\"inLanguage\":\"it-IT\",\"potentialAction\":[{\"@type\":\"ReadAction\",\"target\":[\"https:\\\/\\\/archiviocassano.lavocedelpaese.info\\\/index.php\\\/2018\\\/03\\\/28\\\/riti-della-settimana-santa-stasera-la-via-crucis-da-domani-il-triduo-sacro\\\/\"]}]},{\"@type\":\"ImageObject\",\"inLanguage\":\"it-IT\",\"@id\":\"https:\\\/\\\/archiviocassano.lavocedelpaese.info\\\/index.php\\\/2018\\\/03\\\/28\\\/riti-della-settimana-santa-stasera-la-via-crucis-da-domani-il-triduo-sacro\\\/#primaryimage\",\"url\":\"https:\\\/\\\/archiviocassano.lavocedelpaese.info\\\/wp-content\\\/uploads\\\/2018\\\/03\\\/via-crucis_web-2.jpg\",\"contentUrl\":\"https:\\\/\\\/archiviocassano.lavocedelpaese.info\\\/wp-content\\\/uploads\\\/2018\\\/03\\\/via-crucis_web-2.jpg\",\"width\":700,\"height\":379,\"caption\":\"via-crucis web-2\"},{\"@type\":\"BreadcrumbList\",\"@id\":\"https:\\\/\\\/archiviocassano.lavocedelpaese.info\\\/index.php\\\/2018\\\/03\\\/28\\\/riti-della-settimana-santa-stasera-la-via-crucis-da-domani-il-triduo-sacro\\\/#breadcrumb\",\"itemListElement\":[{\"@type\":\"ListItem\",\"position\":1,\"name\":\"Home\",\"item\":\"https:\\\/\\\/archiviocassano.lavocedelpaese.info\\\/\"},{\"@type\":\"ListItem\",\"position\":2,\"name\":\"Triduo Sacro: gli orari delle celebrazioni\"}]},{\"@type\":\"WebSite\",\"@id\":\"https:\\\/\\\/archiviocassano.lavocedelpaese.info\\\/#website\",\"url\":\"https:\\\/\\\/archiviocassano.lavocedelpaese.info\\\/\",\"name\":\"Archivio CassanoWeb\",\"description\":\"La Voce del Paese - un network di idee\",\"publisher\":{\"@id\":\"https:\\\/\\\/archiviocassano.lavocedelpaese.info\\\/#organization\"},\"potentialAction\":[{\"@type\":\"SearchAction\",\"target\":{\"@type\":\"EntryPoint\",\"urlTemplate\":\"https:\\\/\\\/archiviocassano.lavocedelpaese.info\\\/?s={search_term_string}\"},\"query-input\":{\"@type\":\"PropertyValueSpecification\",\"valueRequired\":true,\"valueName\":\"search_term_string\"}}],\"inLanguage\":\"it-IT\"},{\"@type\":\"Organization\",\"@id\":\"https:\\\/\\\/archiviocassano.lavocedelpaese.info\\\/#organization\",\"name\":\"Archivio CassanoWeb\",\"url\":\"https:\\\/\\\/archiviocassano.lavocedelpaese.info\\\/\",\"logo\":{\"@type\":\"ImageObject\",\"inLanguage\":\"it-IT\",\"@id\":\"https:\\\/\\\/archiviocassano.lavocedelpaese.info\\\/#\\\/schema\\\/logo\\\/image\\\/\",\"url\":\"https:\\\/\\\/archiviocassano.lavocedelpaese.info\\\/wp-content\\\/uploads\\\/2024\\\/08\\\/logo-rosso-2.png\",\"contentUrl\":\"https:\\\/\\\/archiviocassano.lavocedelpaese.info\\\/wp-content\\\/uploads\\\/2024\\\/08\\\/logo-rosso-2.png\",\"width\":491,\"height\":432,\"caption\":\"Archivio CassanoWeb\"},\"image\":{\"@id\":\"https:\\\/\\\/archiviocassano.lavocedelpaese.info\\\/#\\\/schema\\\/logo\\\/image\\\/\"},\"sameAs\":[\"https:\\\/\\\/www.facebook.com\\\/redazione.cassanoweb\"]},{\"@type\":\"Person\",\"@id\":\"https:\\\/\\\/archiviocassano.lavocedelpaese.info\\\/#\\\/schema\\\/person\\\/df195bc79a9b4c35127cf005f92e041b\",\"name\":\"admin\",\"image\":{\"@type\":\"ImageObject\",\"inLanguage\":\"it-IT\",\"@id\":\"https:\\\/\\\/secure.gravatar.com\\\/avatar\\\/eabba89a432e8eaa1b0207cc55f7e5340b22712b1ed80677efcf63e02ff5b235?s=96&d=mm&r=g\",\"url\":\"https:\\\/\\\/secure.gravatar.com\\\/avatar\\\/eabba89a432e8eaa1b0207cc55f7e5340b22712b1ed80677efcf63e02ff5b235?s=96&d=mm&r=g\",\"contentUrl\":\"https:\\\/\\\/secure.gravatar.com\\\/avatar\\\/eabba89a432e8eaa1b0207cc55f7e5340b22712b1ed80677efcf63e02ff5b235?s=96&d=mm&r=g\",\"caption\":\"admin\"},\"sameAs\":[\"https:\\\/\\\/archiviocassano.lavocedelpaese.info\"],\"url\":\"https:\\\/\\\/archiviocassano.lavocedelpaese.info\\\/index.php\\\/author\\\/admin_0qgz1xdp\\\/\"}]}<\/script>\n<!-- \/ Yoast SEO plugin. -->","yoast_head_json":{"title":"Triduo Sacro: gli orari delle celebrazioni - Archivio CassanoWeb","robots":{"index":"index","follow":"follow","max-snippet":"max-snippet:-1","max-image-preview":"max-image-preview:large","max-video-preview":"max-video-preview:-1"},"canonical":"https:\/\/archiviocassano.lavocedelpaese.info\/index.php\/2018\/03\/28\/riti-della-settimana-santa-stasera-la-via-crucis-da-domani-il-triduo-sacro\/","og_locale":"it_IT","og_type":"article","og_title":"Triduo Sacro: gli orari delle celebrazioni - Archivio CassanoWeb","og_description":"&nbsp;","og_url":"https:\/\/archiviocassano.lavocedelpaese.info\/index.php\/2018\/03\/28\/riti-della-settimana-santa-stasera-la-via-crucis-da-domani-il-triduo-sacro\/","og_site_name":"Archivio CassanoWeb","article_publisher":"https:\/\/www.facebook.com\/redazione.cassanoweb","article_published_time":"2018-03-28T05:59:22+00:00","og_image":[{"width":700,"height":379,"url":"https:\/\/archiviocassano.lavocedelpaese.info\/wp-content\/uploads\/2018\/03\/via-crucis_web-2.jpg","type":"image\/jpeg"}],"author":"admin","twitter_card":"summary_large_image","twitter_misc":{"Scritto da":"admin","Tempo di lettura stimato":"2 minuti"},"schema":{"@context":"https:\/\/schema.org","@graph":[{"@type":"Article","@id":"https:\/\/archiviocassano.lavocedelpaese.info\/index.php\/2018\/03\/28\/riti-della-settimana-santa-stasera-la-via-crucis-da-domani-il-triduo-sacro\/#article","isPartOf":{"@id":"https:\/\/archiviocassano.lavocedelpaese.info\/index.php\/2018\/03\/28\/riti-della-settimana-santa-stasera-la-via-crucis-da-domani-il-triduo-sacro\/"},"author":{"name":"admin","@id":"https:\/\/archiviocassano.lavocedelpaese.info\/#\/schema\/person\/df195bc79a9b4c35127cf005f92e041b"},"headline":"Triduo Sacro: gli orari delle celebrazioni","datePublished":"2018-03-28T05:59:22+00:00","mainEntityOfPage":{"@id":"https:\/\/archiviocassano.lavocedelpaese.info\/index.php\/2018\/03\/28\/riti-della-settimana-santa-stasera-la-via-crucis-da-domani-il-triduo-sacro\/"},"wordCount":388,"commentCount":0,"publisher":{"@id":"https:\/\/archiviocassano.lavocedelpaese.info\/#organization"},"image":{"@id":"https:\/\/archiviocassano.lavocedelpaese.info\/index.php\/2018\/03\/28\/riti-della-settimana-santa-stasera-la-via-crucis-da-domani-il-triduo-sacro\/#primaryimage"},"thumbnailUrl":"https:\/\/archiviocassano.lavocedelpaese.info\/wp-content\/uploads\/2018\/03\/via-crucis_web-2.jpg","articleSection":["Attualit\u00e0"],"inLanguage":"it-IT","potentialAction":[{"@type":"CommentAction","name":"Comment","target":["https:\/\/archiviocassano.lavocedelpaese.info\/index.php\/2018\/03\/28\/riti-della-settimana-santa-stasera-la-via-crucis-da-domani-il-triduo-sacro\/#respond"]}]},{"@type":"WebPage","@id":"https:\/\/archiviocassano.lavocedelpaese.info\/index.php\/2018\/03\/28\/riti-della-settimana-santa-stasera-la-via-crucis-da-domani-il-triduo-sacro\/","url":"https:\/\/archiviocassano.lavocedelpaese.info\/index.php\/2018\/03\/28\/riti-della-settimana-santa-stasera-la-via-crucis-da-domani-il-triduo-sacro\/","name":"Triduo Sacro: gli orari delle celebrazioni - Archivio CassanoWeb","isPartOf":{"@id":"https:\/\/archiviocassano.lavocedelpaese.info\/#website"},"primaryImageOfPage":{"@id":"https:\/\/archiviocassano.lavocedelpaese.info\/index.php\/2018\/03\/28\/riti-della-settimana-santa-stasera-la-via-crucis-da-domani-il-triduo-sacro\/#primaryimage"},"image":{"@id":"https:\/\/archiviocassano.lavocedelpaese.info\/index.php\/2018\/03\/28\/riti-della-settimana-santa-stasera-la-via-crucis-da-domani-il-triduo-sacro\/#primaryimage"},"thumbnailUrl":"https:\/\/archiviocassano.lavocedelpaese.info\/wp-content\/uploads\/2018\/03\/via-crucis_web-2.jpg","datePublished":"2018-03-28T05:59:22+00:00","breadcrumb":{"@id":"https:\/\/archiviocassano.lavocedelpaese.info\/index.php\/2018\/03\/28\/riti-della-settimana-santa-stasera-la-via-crucis-da-domani-il-triduo-sacro\/#breadcrumb"},"inLanguage":"it-IT","potentialAction":[{"@type":"ReadAction","target":["https:\/\/archiviocassano.lavocedelpaese.info\/index.php\/2018\/03\/28\/riti-della-settimana-santa-stasera-la-via-crucis-da-domani-il-triduo-sacro\/"]}]},{"@type":"ImageObject","inLanguage":"it-IT","@id":"https:\/\/archiviocassano.lavocedelpaese.info\/index.php\/2018\/03\/28\/riti-della-settimana-santa-stasera-la-via-crucis-da-domani-il-triduo-sacro\/#primaryimage","url":"https:\/\/archiviocassano.lavocedelpaese.info\/wp-content\/uploads\/2018\/03\/via-crucis_web-2.jpg","contentUrl":"https:\/\/archiviocassano.lavocedelpaese.info\/wp-content\/uploads\/2018\/03\/via-crucis_web-2.jpg","width":700,"height":379,"caption":"via-crucis web-2"},{"@type":"BreadcrumbList","@id":"https:\/\/archiviocassano.lavocedelpaese.info\/index.php\/2018\/03\/28\/riti-della-settimana-santa-stasera-la-via-crucis-da-domani-il-triduo-sacro\/#breadcrumb","itemListElement":[{"@type":"ListItem","position":1,"name":"Home","item":"https:\/\/archiviocassano.lavocedelpaese.info\/"},{"@type":"ListItem","position":2,"name":"Triduo Sacro: gli orari delle celebrazioni"}]},{"@type":"WebSite","@id":"https:\/\/archiviocassano.lavocedelpaese.info\/#website","url":"https:\/\/archiviocassano.lavocedelpaese.info\/","name":"Archivio CassanoWeb","description":"La Voce del Paese - un network di idee","publisher":{"@id":"https:\/\/archiviocassano.lavocedelpaese.info\/#organization"},"potentialAction":[{"@type":"SearchAction","target":{"@type":"EntryPoint","urlTemplate":"https:\/\/archiviocassano.lavocedelpaese.info\/?s={search_term_string}"},"query-input":{"@type":"PropertyValueSpecification","valueRequired":true,"valueName":"search_term_string"}}],"inLanguage":"it-IT"},{"@type":"Organization","@id":"https:\/\/archiviocassano.lavocedelpaese.info\/#organization","name":"Archivio CassanoWeb","url":"https:\/\/archiviocassano.lavocedelpaese.info\/","logo":{"@type":"ImageObject","inLanguage":"it-IT","@id":"https:\/\/archiviocassano.lavocedelpaese.info\/#\/schema\/logo\/image\/","url":"https:\/\/archiviocassano.lavocedelpaese.info\/wp-content\/uploads\/2024\/08\/logo-rosso-2.png","contentUrl":"https:\/\/archiviocassano.lavocedelpaese.info\/wp-content\/uploads\/2024\/08\/logo-rosso-2.png","width":491,"height":432,"caption":"Archivio CassanoWeb"},"image":{"@id":"https:\/\/archiviocassano.lavocedelpaese.info\/#\/schema\/logo\/image\/"},"sameAs":["https:\/\/www.facebook.com\/redazione.cassanoweb"]},{"@type":"Person","@id":"https:\/\/archiviocassano.lavocedelpaese.info\/#\/schema\/person\/df195bc79a9b4c35127cf005f92e041b","name":"admin","image":{"@type":"ImageObject","inLanguage":"it-IT","@id":"https:\/\/secure.gravatar.com\/avatar\/eabba89a432e8eaa1b0207cc55f7e5340b22712b1ed80677efcf63e02ff5b235?s=96&d=mm&r=g","url":"https:\/\/secure.gravatar.com\/avatar\/eabba89a432e8eaa1b0207cc55f7e5340b22712b1ed80677efcf63e02ff5b235?s=96&d=mm&r=g","contentUrl":"https:\/\/secure.gravatar.com\/avatar\/eabba89a432e8eaa1b0207cc55f7e5340b22712b1ed80677efcf63e02ff5b235?s=96&d=mm&r=g","caption":"admin"},"sameAs":["https:\/\/archiviocassano.lavocedelpaese.info"],"url":"https:\/\/archiviocassano.lavocedelpaese.info\/index.php\/author\/admin_0qgz1xdp\/"}]}},"_links":{"self":[{"href":"https:\/\/archiviocassano.lavocedelpaese.info\/index.php\/wp-json\/wp\/v2\/posts\/7399","targetHints":{"allow":["GET"]}}],"collection":[{"href":"https:\/\/archiviocassano.lavocedelpaese.info\/index.php\/wp-json\/wp\/v2\/posts"}],"about":[{"href":"https:\/\/archiviocassano.lavocedelpaese.info\/index.php\/wp-json\/wp\/v2\/types\/post"}],"author":[{"embeddable":true,"href":"https:\/\/archiviocassano.lavocedelpaese.info\/index.php\/wp-json\/wp\/v2\/users\/1"}],"replies":[{"embeddable":true,"href":"https:\/\/archiviocassano.lavocedelpaese.info\/index.php\/wp-json\/wp\/v2\/comments?post=7399"}],"version-history":[{"count":0,"href":"https:\/\/archiviocassano.lavocedelpaese.info\/index.php\/wp-json\/wp\/v2\/posts\/7399\/revisions"}],"wp:featuredmedia":[{"embeddable":true,"href":"https:\/\/archiviocassano.lavocedelpaese.info\/index.php\/wp-json\/wp\/v2\/media\/7398"}],"wp:attachment":[{"href":"https:\/\/archiviocassano.lavocedelpaese.info\/index.php\/wp-json\/wp\/v2\/media?parent=7399"}],"wp:term":[{"taxonomy":"category","embeddable":true,"href":"https:\/\/archiviocassano.lavocedelpaese.info\/index.php\/wp-json\/wp\/v2\/categories?post=7399"},{"taxonomy":"post_tag","embeddable":true,"href":"https:\/\/archiviocassano.lavocedelpaese.info\/index.php\/wp-json\/wp\/v2\/tags?post=7399"}],"curies":[{"name":"wp","href":"https:\/\/api.w.org\/{rel}","templated":true}]}}