{"id":7460,"date":"2013-04-18T09:10:43","date_gmt":"2013-04-18T09:10:43","guid":{"rendered":"https:\/\/archiviocassano.lavocedelpaese.info\/index.php\/2013\/04\/18\/il-pd-sulla-vicenda-imu\/"},"modified":"2013-04-18T09:10:43","modified_gmt":"2013-04-18T09:10:43","slug":"il-pd-sulla-vicenda-imu","status":"publish","type":"post","link":"https:\/\/archiviocassano.lavocedelpaese.info\/index.php\/2013\/04\/18\/il-pd-sulla-vicenda-imu\/","title":{"rendered":"Il PD risponde al PDL sulla vicenda IMU: &#8220;non sapete di cosa parlate&#8221;!"},"content":{"rendered":"<p style=\"text-align: justify;\"><img loading=\"lazy\" decoding=\"async\" class=\" size-full wp-image-7459\" style=\"margin-right: 2px; margin-left: 2px;\" alt=\"IMU\" src=\"https:\/\/archiviocassano.lavocedelpaese.info\/wp-content\/uploads\/2013\/04\/IMU.jpg\" height=\"150\" width=\"320\" \/><\/p>\n<p><!--more--><\/p>\n<p style=\"text-align: justify;\"><em>&nbsp;Dalla sezione cassanese del Partito Democratico, riceviamo e pubblichiamo<\/em> <em>un comunicato che riprende il discorso dell&#8217;IMU sulla prima casa (<a target=\"_blank\" href=\"politica\/23524-il-pd-sulla-vicenda-imu.html\" rel=\"noopener\">leggi l&#8217;articolo<\/a>) in replica alla presa di posizione del PDL che in un comunicato a firma di Franco Antelmi e Pasquale Di Canosa aveva bocciato l&#8217;idea del Pd (<a target=\"_blank\" href=\"politica\/23519-imu-sulla-prima-casa-il-pdl-risponde-alla-proposta-di-arganese.html\" rel=\"noopener\">leggi l&#8217;articolo<\/a>).<\/em><\/p>\n<p>&nbsp;<\/p>\n<p>&nbsp;<\/p>\n<p style=\"margin-bottom: 6pt; text-align: center;\"><span style=\"font-size: 10pt;\"><b><span style=\"line-height: 115%; font-family: 'Verdana','sans-serif';\">Non basta chiamarsi Francesco per sentirsi papa<\/span><\/b><\/span><\/p>\n<p style=\"margin-bottom: 6pt; text-align: center;\"><span style=\"font-size: 10pt;\"><b><span style=\"line-height: 115%; font-family: 'Verdana','sans-serif';\"><br \/><\/span><\/b><\/span><\/p>\n<p style=\"margin-bottom: 6pt; text-align: justify;\"><span style=\"font-size: 10pt; line-height: 115%; font-family: 'Verdana','sans-serif';\">IMU: due assessori, una firma congiunta per produrre un documento vuoto, lacunoso, segno di non conoscenza della tematica, segno evidente di superficialit\u00e0 nella gestione del delicato assessorato al bilancio e di scarso rispetto verso i cittadini. <\/span><\/p>\n<p style=\"margin-bottom: 6pt; text-align: justify;\"><span style=\"font-size: 10pt; line-height: 115%; font-family: 'Verdana','sans-serif';\">Possiamo ben dire, dopo la lettura di questo primo comunicato, che la gestione del PDL locale targata Antelmi non inizia certamente nel migliore dei modi.<\/span><\/p>\n<p style=\"margin-bottom: 6pt; text-align: justify;\"><span style=\"font-size: 10pt;\"><b><span style=\"line-height: 115%; font-family: 'Verdana','sans-serif';\">Non c\u2019\u00e8 nessuna conversione del PD, ma coerenza e lungimiranza.<\/span><\/b><\/span><\/p>\n<p style=\"margin-bottom: 6pt; text-align: justify;\"><span style=\"font-size: 10pt;\"><b><span style=\"line-height: 115%; font-family: 'Verdana','sans-serif';\">Vogliamo qui ricordare e ribadire la nostra proposta del 2012: riduzione al minimo consentito dell\u2019IMU sulla prima casa<\/span><\/b><span style=\"line-height: 115%; font-family: 'Verdana','sans-serif';\"> con eventuale recupero sulle seconde case (il che avrebbe consentito di non colpire le fasce pi\u00f9 deboli, ma al tempo stesso di trattare i cittadini in maniera equa, perch\u00e9 tutti avrebbero potuto beneficiare del provvedimento).<\/span><\/span><\/p>\n<p style=\"margin-bottom: 6pt; text-align: justify;\"><span style=\"font-size: 10pt; line-height: 115%; font-family: 'Verdana','sans-serif';\">Ebbene, <b>i fatti oggi ci dicono che avevamo ragione<\/b>: secondo i dati forniti dalla responsabile dell\u2019Ufficio Ragioneria, <span style=\"line-height: 115%; font-family: 'Verdana','sans-serif';\">gli incassi IMU alla data dell\u201911\/04\/2013 sono i seguenti: prima casa euro 489.064,47; altri fabbricati euro 2.042.667,49; aree edificabili euro 167.238,04; terreni euro 4.243,50. <\/span><\/span><\/p>\n<p style=\"margin-bottom: 6pt; text-align: justify;\"><span style=\"font-size: 10pt; line-height: 115%; font-family: 'Verdana','sans-serif';\">I dati di bilancio fornitici parlavano nel previsionale di euro 2.876.000 &nbsp;complessivi di IMU da incassare, previsione che nei dati del consuntivo del prossimo 30 aprile si \u00e8 ridotta a euro 2.739.000 complessivi. Lo stesso bilancio certifica un avanzo di amministrazione di euro 647.000 che significa, in pratica, aver incassato pi\u00f9 di quanto effettivamente servisse<span style=\"line-height: 115%; font-family: 'Verdana','sans-serif';\">.<\/span><\/span><\/p>\n<p style=\"margin-bottom: 6pt; text-align: justify;\"><span style=\"font-size: 10pt;\"><b><span style=\"line-height: 115%; font-family: 'Verdana','sans-serif';\">Il PD ed i suoi consiglieri non hanno bisogno di essere messi in guardia da chi ha messo inopinatamente le mani nelle tasche dei cittadini<\/span><\/b><span style=\"line-height: 115%; font-family: 'Verdana','sans-serif';\">: s\u00ec, perch\u00e9 un avanzo di amministrazione non \u00e8 segno di corretta amministrazione. \u00c8 segno evidente di incapacit\u00e0 di programmazione e, ancor peggio, di incapacit\u00e0 di spesa. Avremmo anche capito un errore di calcolo nel prelievo dalle tasche dei cittadini, non potremo mai capire il lassismo e l\u2019incapacit\u00e0 di ritornare ai cittadini sotto forma di servizi quanto inopinatamente sottratto. <span style=\"line-height: 115%; font-family: 'Verdana','sans-serif';\"><\/span><\/span><\/span><\/p>\n<p style=\"margin-bottom: 6pt; text-align: justify;\"><span style=\"font-size: 10pt;\"><b><span style=\"line-height: 115%; font-family: 'Verdana','sans-serif';\">Noi non parliamo di poesie e di chiacchiere: parliamo di ci\u00f2 che avete tolto ai cittadini<\/span><\/b><span style=\"line-height: 115%; font-family: 'Verdana','sans-serif';\"> in un momento di crisi cos\u00ec pressante ed opprimente. <b>Noi non chiediamo al nostro sindaco di non rispettare la legge finanziaria dello Stato, noi chiediamo al nostro sindaco di applicarla nel miglior modo possibile<\/b> (e la legge consentiva di portare l\u2019IMU al minimo, cosa che avrebbe di fatto esentato le fasce deboli).<\/span><\/span><\/p>\n<p style=\"margin-bottom: 6pt; text-align: justify;\"><span style=\"font-size: 10pt;\"><b><span style=\"line-height: 115%; font-family: 'Verdana','sans-serif';\">Noi non abbiamo atteggiamenti illusori: affermiamo con forza quanto si poteva e doveva fare.<\/span><\/b><span style=\"line-height: 115%; font-family: 'Verdana','sans-serif';\"> Lo dimostra il vostro avanzo di amministrazione: <b>applicare lo 0,2 per mille<\/b> anzich\u00e9 lo 0,38 per mille sulle prime case significava introitare solo 231.662,12 euro in meno di IMU (dato calcolato con criterio di proporzionalit\u00e0). Significava in sostanza avere un avanzo di amministrazione inferiore, <b>significava soprattutto non vessare inutilmente i cittadini<\/b>.<\/span><\/span><\/p>\n<p style=\"margin-bottom: 6pt; text-align: justify;\"><span style=\"font-size: 10pt; line-height: 115%; font-family: 'Verdana','sans-serif';\">Concludiamo affermando che <b>non abbiamo bisogno di intervenire su Bersani, n\u00e9 di essere autorevoli nel nostro intervento<\/b>: il leader del Partito Democratico Bersani era s\u00ec favorevole al mantenimento dell\u2019Imu, ma ne proponeva l\u2019eliminazione sulla prima casa per coloro che pagavano fino a 500 euro. Un dato questo che dimostra come il possesso della prima casa sia considerato bene primario e non investimento o \u201cbene rifugio\u201d.<\/span><\/p>\n","protected":false},"excerpt":{"rendered":"","protected":false},"author":1,"featured_media":7459,"comment_status":"open","ping_status":"closed","sticky":false,"template":"","format":"standard","meta":{"colormag_page_container_layout":"default_layout","colormag_page_sidebar_layout":"default_layout","footnotes":""},"categories":[4],"tags":[],"class_list":["post-7460","post","type-post","status-publish","format-standard","has-post-thumbnail","hentry","category-politica"],"yoast_head":"<!-- This site is optimized with the Yoast SEO plugin v27.5 - https:\/\/yoast.com\/product\/yoast-seo-wordpress\/ -->\n<title>Il PD risponde al PDL sulla vicenda IMU: &quot;non sapete di cosa parlate&quot;! - Archivio CassanoWeb<\/title>\n<meta name=\"robots\" content=\"index, follow, max-snippet:-1, max-image-preview:large, max-video-preview:-1\" \/>\n<link rel=\"canonical\" href=\"https:\/\/archiviocassano.lavocedelpaese.info\/index.php\/2013\/04\/18\/il-pd-sulla-vicenda-imu\/\" \/>\n<meta property=\"og:locale\" content=\"it_IT\" \/>\n<meta property=\"og:type\" content=\"article\" \/>\n<meta property=\"og:title\" content=\"Il PD risponde al PDL sulla vicenda IMU: &quot;non sapete di cosa parlate&quot;! - Archivio CassanoWeb\" \/>\n<meta property=\"og:url\" content=\"https:\/\/archiviocassano.lavocedelpaese.info\/index.php\/2013\/04\/18\/il-pd-sulla-vicenda-imu\/\" \/>\n<meta property=\"og:site_name\" content=\"Archivio CassanoWeb\" \/>\n<meta property=\"article:publisher\" content=\"https:\/\/www.facebook.com\/redazione.cassanoweb\" \/>\n<meta property=\"article:published_time\" content=\"2013-04-18T09:10:43+00:00\" \/>\n<meta property=\"og:image\" content=\"https:\/\/archiviocassano.lavocedelpaese.info\/wp-content\/uploads\/2013\/04\/IMU.jpg\" \/>\n\t<meta property=\"og:image:width\" content=\"1024\" \/>\n\t<meta property=\"og:image:height\" content=\"577\" \/>\n\t<meta property=\"og:image:type\" content=\"image\/jpeg\" \/>\n<meta name=\"author\" content=\"admin\" \/>\n<meta name=\"twitter:card\" content=\"summary_large_image\" \/>\n<meta name=\"twitter:label1\" content=\"Scritto da\" \/>\n\t<meta name=\"twitter:data1\" content=\"admin\" \/>\n\t<meta name=\"twitter:label2\" content=\"Tempo di lettura stimato\" \/>\n\t<meta name=\"twitter:data2\" content=\"3 minuti\" \/>\n<script type=\"application\/ld+json\" class=\"yoast-schema-graph\">{\"@context\":\"https:\\\/\\\/schema.org\",\"@graph\":[{\"@type\":\"Article\",\"@id\":\"https:\\\/\\\/archiviocassano.lavocedelpaese.info\\\/index.php\\\/2013\\\/04\\\/18\\\/il-pd-sulla-vicenda-imu\\\/#article\",\"isPartOf\":{\"@id\":\"https:\\\/\\\/archiviocassano.lavocedelpaese.info\\\/index.php\\\/2013\\\/04\\\/18\\\/il-pd-sulla-vicenda-imu\\\/\"},\"author\":{\"name\":\"admin\",\"@id\":\"https:\\\/\\\/archiviocassano.lavocedelpaese.info\\\/#\\\/schema\\\/person\\\/df195bc79a9b4c35127cf005f92e041b\"},\"headline\":\"Il PD risponde al PDL sulla vicenda IMU: &#8220;non sapete di cosa parlate&#8221;!\",\"datePublished\":\"2013-04-18T09:10:43+00:00\",\"mainEntityOfPage\":{\"@id\":\"https:\\\/\\\/archiviocassano.lavocedelpaese.info\\\/index.php\\\/2013\\\/04\\\/18\\\/il-pd-sulla-vicenda-imu\\\/\"},\"wordCount\":568,\"commentCount\":0,\"publisher\":{\"@id\":\"https:\\\/\\\/archiviocassano.lavocedelpaese.info\\\/#organization\"},\"image\":{\"@id\":\"https:\\\/\\\/archiviocassano.lavocedelpaese.info\\\/index.php\\\/2013\\\/04\\\/18\\\/il-pd-sulla-vicenda-imu\\\/#primaryimage\"},\"thumbnailUrl\":\"https:\\\/\\\/archiviocassano.lavocedelpaese.info\\\/wp-content\\\/uploads\\\/2013\\\/04\\\/IMU.jpg\",\"articleSection\":[\"Politica\"],\"inLanguage\":\"it-IT\",\"potentialAction\":[{\"@type\":\"CommentAction\",\"name\":\"Comment\",\"target\":[\"https:\\\/\\\/archiviocassano.lavocedelpaese.info\\\/index.php\\\/2013\\\/04\\\/18\\\/il-pd-sulla-vicenda-imu\\\/#respond\"]}]},{\"@type\":\"WebPage\",\"@id\":\"https:\\\/\\\/archiviocassano.lavocedelpaese.info\\\/index.php\\\/2013\\\/04\\\/18\\\/il-pd-sulla-vicenda-imu\\\/\",\"url\":\"https:\\\/\\\/archiviocassano.lavocedelpaese.info\\\/index.php\\\/2013\\\/04\\\/18\\\/il-pd-sulla-vicenda-imu\\\/\",\"name\":\"Il PD risponde al PDL sulla vicenda IMU: \\\"non sapete di cosa parlate\\\"! - Archivio CassanoWeb\",\"isPartOf\":{\"@id\":\"https:\\\/\\\/archiviocassano.lavocedelpaese.info\\\/#website\"},\"primaryImageOfPage\":{\"@id\":\"https:\\\/\\\/archiviocassano.lavocedelpaese.info\\\/index.php\\\/2013\\\/04\\\/18\\\/il-pd-sulla-vicenda-imu\\\/#primaryimage\"},\"image\":{\"@id\":\"https:\\\/\\\/archiviocassano.lavocedelpaese.info\\\/index.php\\\/2013\\\/04\\\/18\\\/il-pd-sulla-vicenda-imu\\\/#primaryimage\"},\"thumbnailUrl\":\"https:\\\/\\\/archiviocassano.lavocedelpaese.info\\\/wp-content\\\/uploads\\\/2013\\\/04\\\/IMU.jpg\",\"datePublished\":\"2013-04-18T09:10:43+00:00\",\"breadcrumb\":{\"@id\":\"https:\\\/\\\/archiviocassano.lavocedelpaese.info\\\/index.php\\\/2013\\\/04\\\/18\\\/il-pd-sulla-vicenda-imu\\\/#breadcrumb\"},\"inLanguage\":\"it-IT\",\"potentialAction\":[{\"@type\":\"ReadAction\",\"target\":[\"https:\\\/\\\/archiviocassano.lavocedelpaese.info\\\/index.php\\\/2013\\\/04\\\/18\\\/il-pd-sulla-vicenda-imu\\\/\"]}]},{\"@type\":\"ImageObject\",\"inLanguage\":\"it-IT\",\"@id\":\"https:\\\/\\\/archiviocassano.lavocedelpaese.info\\\/index.php\\\/2013\\\/04\\\/18\\\/il-pd-sulla-vicenda-imu\\\/#primaryimage\",\"url\":\"https:\\\/\\\/archiviocassano.lavocedelpaese.info\\\/wp-content\\\/uploads\\\/2013\\\/04\\\/IMU.jpg\",\"contentUrl\":\"https:\\\/\\\/archiviocassano.lavocedelpaese.info\\\/wp-content\\\/uploads\\\/2013\\\/04\\\/IMU.jpg\",\"width\":1024,\"height\":577,\"caption\":\"IMU\"},{\"@type\":\"BreadcrumbList\",\"@id\":\"https:\\\/\\\/archiviocassano.lavocedelpaese.info\\\/index.php\\\/2013\\\/04\\\/18\\\/il-pd-sulla-vicenda-imu\\\/#breadcrumb\",\"itemListElement\":[{\"@type\":\"ListItem\",\"position\":1,\"name\":\"Home\",\"item\":\"https:\\\/\\\/archiviocassano.lavocedelpaese.info\\\/\"},{\"@type\":\"ListItem\",\"position\":2,\"name\":\"Il PD risponde al PDL sulla vicenda IMU: &#8220;non sapete di cosa parlate&#8221;!\"}]},{\"@type\":\"WebSite\",\"@id\":\"https:\\\/\\\/archiviocassano.lavocedelpaese.info\\\/#website\",\"url\":\"https:\\\/\\\/archiviocassano.lavocedelpaese.info\\\/\",\"name\":\"Archivio CassanoWeb\",\"description\":\"La Voce del Paese - un network di idee\",\"publisher\":{\"@id\":\"https:\\\/\\\/archiviocassano.lavocedelpaese.info\\\/#organization\"},\"potentialAction\":[{\"@type\":\"SearchAction\",\"target\":{\"@type\":\"EntryPoint\",\"urlTemplate\":\"https:\\\/\\\/archiviocassano.lavocedelpaese.info\\\/?s={search_term_string}\"},\"query-input\":{\"@type\":\"PropertyValueSpecification\",\"valueRequired\":true,\"valueName\":\"search_term_string\"}}],\"inLanguage\":\"it-IT\"},{\"@type\":\"Organization\",\"@id\":\"https:\\\/\\\/archiviocassano.lavocedelpaese.info\\\/#organization\",\"name\":\"Archivio CassanoWeb\",\"url\":\"https:\\\/\\\/archiviocassano.lavocedelpaese.info\\\/\",\"logo\":{\"@type\":\"ImageObject\",\"inLanguage\":\"it-IT\",\"@id\":\"https:\\\/\\\/archiviocassano.lavocedelpaese.info\\\/#\\\/schema\\\/logo\\\/image\\\/\",\"url\":\"https:\\\/\\\/archiviocassano.lavocedelpaese.info\\\/wp-content\\\/uploads\\\/2024\\\/08\\\/logo-rosso-2.png\",\"contentUrl\":\"https:\\\/\\\/archiviocassano.lavocedelpaese.info\\\/wp-content\\\/uploads\\\/2024\\\/08\\\/logo-rosso-2.png\",\"width\":491,\"height\":432,\"caption\":\"Archivio CassanoWeb\"},\"image\":{\"@id\":\"https:\\\/\\\/archiviocassano.lavocedelpaese.info\\\/#\\\/schema\\\/logo\\\/image\\\/\"},\"sameAs\":[\"https:\\\/\\\/www.facebook.com\\\/redazione.cassanoweb\"]},{\"@type\":\"Person\",\"@id\":\"https:\\\/\\\/archiviocassano.lavocedelpaese.info\\\/#\\\/schema\\\/person\\\/df195bc79a9b4c35127cf005f92e041b\",\"name\":\"admin\",\"image\":{\"@type\":\"ImageObject\",\"inLanguage\":\"it-IT\",\"@id\":\"https:\\\/\\\/secure.gravatar.com\\\/avatar\\\/eabba89a432e8eaa1b0207cc55f7e5340b22712b1ed80677efcf63e02ff5b235?s=96&d=mm&r=g\",\"url\":\"https:\\\/\\\/secure.gravatar.com\\\/avatar\\\/eabba89a432e8eaa1b0207cc55f7e5340b22712b1ed80677efcf63e02ff5b235?s=96&d=mm&r=g\",\"contentUrl\":\"https:\\\/\\\/secure.gravatar.com\\\/avatar\\\/eabba89a432e8eaa1b0207cc55f7e5340b22712b1ed80677efcf63e02ff5b235?s=96&d=mm&r=g\",\"caption\":\"admin\"},\"sameAs\":[\"https:\\\/\\\/archiviocassano.lavocedelpaese.info\"],\"url\":\"https:\\\/\\\/archiviocassano.lavocedelpaese.info\\\/index.php\\\/author\\\/admin_0qgz1xdp\\\/\"}]}<\/script>\n<!-- \/ Yoast SEO plugin. -->","yoast_head_json":{"title":"Il PD risponde al PDL sulla vicenda IMU: \"non sapete di cosa parlate\"! - Archivio CassanoWeb","robots":{"index":"index","follow":"follow","max-snippet":"max-snippet:-1","max-image-preview":"max-image-preview:large","max-video-preview":"max-video-preview:-1"},"canonical":"https:\/\/archiviocassano.lavocedelpaese.info\/index.php\/2013\/04\/18\/il-pd-sulla-vicenda-imu\/","og_locale":"it_IT","og_type":"article","og_title":"Il PD risponde al PDL sulla vicenda IMU: \"non sapete di cosa parlate\"! - Archivio CassanoWeb","og_url":"https:\/\/archiviocassano.lavocedelpaese.info\/index.php\/2013\/04\/18\/il-pd-sulla-vicenda-imu\/","og_site_name":"Archivio CassanoWeb","article_publisher":"https:\/\/www.facebook.com\/redazione.cassanoweb","article_published_time":"2013-04-18T09:10:43+00:00","og_image":[{"width":1024,"height":577,"url":"https:\/\/archiviocassano.lavocedelpaese.info\/wp-content\/uploads\/2013\/04\/IMU.jpg","type":"image\/jpeg"}],"author":"admin","twitter_card":"summary_large_image","twitter_misc":{"Scritto da":"admin","Tempo di lettura stimato":"3 minuti"},"schema":{"@context":"https:\/\/schema.org","@graph":[{"@type":"Article","@id":"https:\/\/archiviocassano.lavocedelpaese.info\/index.php\/2013\/04\/18\/il-pd-sulla-vicenda-imu\/#article","isPartOf":{"@id":"https:\/\/archiviocassano.lavocedelpaese.info\/index.php\/2013\/04\/18\/il-pd-sulla-vicenda-imu\/"},"author":{"name":"admin","@id":"https:\/\/archiviocassano.lavocedelpaese.info\/#\/schema\/person\/df195bc79a9b4c35127cf005f92e041b"},"headline":"Il PD risponde al PDL sulla vicenda IMU: &#8220;non sapete di cosa parlate&#8221;!","datePublished":"2013-04-18T09:10:43+00:00","mainEntityOfPage":{"@id":"https:\/\/archiviocassano.lavocedelpaese.info\/index.php\/2013\/04\/18\/il-pd-sulla-vicenda-imu\/"},"wordCount":568,"commentCount":0,"publisher":{"@id":"https:\/\/archiviocassano.lavocedelpaese.info\/#organization"},"image":{"@id":"https:\/\/archiviocassano.lavocedelpaese.info\/index.php\/2013\/04\/18\/il-pd-sulla-vicenda-imu\/#primaryimage"},"thumbnailUrl":"https:\/\/archiviocassano.lavocedelpaese.info\/wp-content\/uploads\/2013\/04\/IMU.jpg","articleSection":["Politica"],"inLanguage":"it-IT","potentialAction":[{"@type":"CommentAction","name":"Comment","target":["https:\/\/archiviocassano.lavocedelpaese.info\/index.php\/2013\/04\/18\/il-pd-sulla-vicenda-imu\/#respond"]}]},{"@type":"WebPage","@id":"https:\/\/archiviocassano.lavocedelpaese.info\/index.php\/2013\/04\/18\/il-pd-sulla-vicenda-imu\/","url":"https:\/\/archiviocassano.lavocedelpaese.info\/index.php\/2013\/04\/18\/il-pd-sulla-vicenda-imu\/","name":"Il PD risponde al PDL sulla vicenda IMU: \"non sapete di cosa parlate\"! - Archivio CassanoWeb","isPartOf":{"@id":"https:\/\/archiviocassano.lavocedelpaese.info\/#website"},"primaryImageOfPage":{"@id":"https:\/\/archiviocassano.lavocedelpaese.info\/index.php\/2013\/04\/18\/il-pd-sulla-vicenda-imu\/#primaryimage"},"image":{"@id":"https:\/\/archiviocassano.lavocedelpaese.info\/index.php\/2013\/04\/18\/il-pd-sulla-vicenda-imu\/#primaryimage"},"thumbnailUrl":"https:\/\/archiviocassano.lavocedelpaese.info\/wp-content\/uploads\/2013\/04\/IMU.jpg","datePublished":"2013-04-18T09:10:43+00:00","breadcrumb":{"@id":"https:\/\/archiviocassano.lavocedelpaese.info\/index.php\/2013\/04\/18\/il-pd-sulla-vicenda-imu\/#breadcrumb"},"inLanguage":"it-IT","potentialAction":[{"@type":"ReadAction","target":["https:\/\/archiviocassano.lavocedelpaese.info\/index.php\/2013\/04\/18\/il-pd-sulla-vicenda-imu\/"]}]},{"@type":"ImageObject","inLanguage":"it-IT","@id":"https:\/\/archiviocassano.lavocedelpaese.info\/index.php\/2013\/04\/18\/il-pd-sulla-vicenda-imu\/#primaryimage","url":"https:\/\/archiviocassano.lavocedelpaese.info\/wp-content\/uploads\/2013\/04\/IMU.jpg","contentUrl":"https:\/\/archiviocassano.lavocedelpaese.info\/wp-content\/uploads\/2013\/04\/IMU.jpg","width":1024,"height":577,"caption":"IMU"},{"@type":"BreadcrumbList","@id":"https:\/\/archiviocassano.lavocedelpaese.info\/index.php\/2013\/04\/18\/il-pd-sulla-vicenda-imu\/#breadcrumb","itemListElement":[{"@type":"ListItem","position":1,"name":"Home","item":"https:\/\/archiviocassano.lavocedelpaese.info\/"},{"@type":"ListItem","position":2,"name":"Il PD risponde al PDL sulla vicenda IMU: &#8220;non sapete di cosa parlate&#8221;!"}]},{"@type":"WebSite","@id":"https:\/\/archiviocassano.lavocedelpaese.info\/#website","url":"https:\/\/archiviocassano.lavocedelpaese.info\/","name":"Archivio CassanoWeb","description":"La Voce del Paese - un network di idee","publisher":{"@id":"https:\/\/archiviocassano.lavocedelpaese.info\/#organization"},"potentialAction":[{"@type":"SearchAction","target":{"@type":"EntryPoint","urlTemplate":"https:\/\/archiviocassano.lavocedelpaese.info\/?s={search_term_string}"},"query-input":{"@type":"PropertyValueSpecification","valueRequired":true,"valueName":"search_term_string"}}],"inLanguage":"it-IT"},{"@type":"Organization","@id":"https:\/\/archiviocassano.lavocedelpaese.info\/#organization","name":"Archivio CassanoWeb","url":"https:\/\/archiviocassano.lavocedelpaese.info\/","logo":{"@type":"ImageObject","inLanguage":"it-IT","@id":"https:\/\/archiviocassano.lavocedelpaese.info\/#\/schema\/logo\/image\/","url":"https:\/\/archiviocassano.lavocedelpaese.info\/wp-content\/uploads\/2024\/08\/logo-rosso-2.png","contentUrl":"https:\/\/archiviocassano.lavocedelpaese.info\/wp-content\/uploads\/2024\/08\/logo-rosso-2.png","width":491,"height":432,"caption":"Archivio CassanoWeb"},"image":{"@id":"https:\/\/archiviocassano.lavocedelpaese.info\/#\/schema\/logo\/image\/"},"sameAs":["https:\/\/www.facebook.com\/redazione.cassanoweb"]},{"@type":"Person","@id":"https:\/\/archiviocassano.lavocedelpaese.info\/#\/schema\/person\/df195bc79a9b4c35127cf005f92e041b","name":"admin","image":{"@type":"ImageObject","inLanguage":"it-IT","@id":"https:\/\/secure.gravatar.com\/avatar\/eabba89a432e8eaa1b0207cc55f7e5340b22712b1ed80677efcf63e02ff5b235?s=96&d=mm&r=g","url":"https:\/\/secure.gravatar.com\/avatar\/eabba89a432e8eaa1b0207cc55f7e5340b22712b1ed80677efcf63e02ff5b235?s=96&d=mm&r=g","contentUrl":"https:\/\/secure.gravatar.com\/avatar\/eabba89a432e8eaa1b0207cc55f7e5340b22712b1ed80677efcf63e02ff5b235?s=96&d=mm&r=g","caption":"admin"},"sameAs":["https:\/\/archiviocassano.lavocedelpaese.info"],"url":"https:\/\/archiviocassano.lavocedelpaese.info\/index.php\/author\/admin_0qgz1xdp\/"}]}},"_links":{"self":[{"href":"https:\/\/archiviocassano.lavocedelpaese.info\/index.php\/wp-json\/wp\/v2\/posts\/7460","targetHints":{"allow":["GET"]}}],"collection":[{"href":"https:\/\/archiviocassano.lavocedelpaese.info\/index.php\/wp-json\/wp\/v2\/posts"}],"about":[{"href":"https:\/\/archiviocassano.lavocedelpaese.info\/index.php\/wp-json\/wp\/v2\/types\/post"}],"author":[{"embeddable":true,"href":"https:\/\/archiviocassano.lavocedelpaese.info\/index.php\/wp-json\/wp\/v2\/users\/1"}],"replies":[{"embeddable":true,"href":"https:\/\/archiviocassano.lavocedelpaese.info\/index.php\/wp-json\/wp\/v2\/comments?post=7460"}],"version-history":[{"count":0,"href":"https:\/\/archiviocassano.lavocedelpaese.info\/index.php\/wp-json\/wp\/v2\/posts\/7460\/revisions"}],"wp:featuredmedia":[{"embeddable":true,"href":"https:\/\/archiviocassano.lavocedelpaese.info\/index.php\/wp-json\/wp\/v2\/media\/7459"}],"wp:attachment":[{"href":"https:\/\/archiviocassano.lavocedelpaese.info\/index.php\/wp-json\/wp\/v2\/media?parent=7460"}],"wp:term":[{"taxonomy":"category","embeddable":true,"href":"https:\/\/archiviocassano.lavocedelpaese.info\/index.php\/wp-json\/wp\/v2\/categories?post=7460"},{"taxonomy":"post_tag","embeddable":true,"href":"https:\/\/archiviocassano.lavocedelpaese.info\/index.php\/wp-json\/wp\/v2\/tags?post=7460"}],"curies":[{"name":"wp","href":"https:\/\/api.w.org\/{rel}","templated":true}]}}