{"id":7530,"date":"2013-05-07T08:02:04","date_gmt":"2013-05-07T08:02:04","guid":{"rendered":"https:\/\/archiviocassano.lavocedelpaese.info\/index.php\/2013\/05\/07\/rifiuti-antelmi-e-briano-qai-cittadini-abbiamo-chiesto-meno-di-quanto-costa-il-servizioq\/"},"modified":"2013-05-07T08:02:04","modified_gmt":"2013-05-07T08:02:04","slug":"rifiuti-antelmi-e-briano-qai-cittadini-abbiamo-chiesto-meno-di-quanto-costa-il-servizioq","status":"publish","type":"post","link":"https:\/\/archiviocassano.lavocedelpaese.info\/index.php\/2013\/05\/07\/rifiuti-antelmi-e-briano-qai-cittadini-abbiamo-chiesto-meno-di-quanto-costa-il-servizioq\/","title":{"rendered":"Rifiuti, Antelmi e Briano: &#8220;Abbiamo chiesto meno dei costi&#8221;"},"content":{"rendered":"<p><img loading=\"lazy\" decoding=\"async\" style=\"margin-right: 2px; margin-left: 2px;\" alt=\"sindaco e briano\" src=\"images\/stories\/archiviofoto\/sindaco_e_briano.jpg\" height=\"150\" width=\"320\" \/><\/p>\n<p><!--more--><\/p>\n<p style=\"text-align: justify;\" align=\"center\"><em>Dagli assessori comunali Franco Antelmi (Bilancio) e Carmelo Briano (Ecologia), riceviamo e pubblichiamo una nota in merito ai costi dell&#8217;appalto del servizio rifiuti.<\/em><\/p>\n<p>Ancora una volta siamo costretti ad intervenire sulla questione rifiuti per sgombrare il campo da disinformazioni che ad arte vengono messe in campo per screditare l\u2019azione di questa Amministrazione.<\/p>\n<p>Dopo averlo detto in tutte le forme possibili e pubblicato le cifre nel corpo del Rendiconto di Bilancio (visionabile sul sito del Comune all\u2019Albo Pretorio) registriamo che si continua a mistificare e a disinformare i cittadini sui reali costi del nuovo servizio rifiuti.<\/p>\n<p>E\u2019 per questi motivi, e per trasparenza, che di seguito elenchiamo in modo inequivocabile quali sono le voci di spesa che compongono i costi dell\u2019intero servizio.<\/p>\n<table style=\"margin-left: -0.25pt; border-collapse: collapse;\" border=\"0\" cellpadding=\"0\" cellspacing=\"0\">\n<tbody>\n<tr>\n<td style=\"width: 244.45pt; border-width: 1pt medium 1pt 1pt; border-style: solid none solid solid; border-color: black -moz-use-text-color black black; padding: 0cm 5.4pt;\" valign=\"top\" width=\"326\">\n<p><span style=\"font-size: 10pt;\">Canone appalto e servizi raccolta e smaltimento rifiuti&nbsp;&nbsp; <\/span><\/p>\n<\/td>\n<td style=\"width: 244.95pt; border: 1pt solid black; padding: 0cm 5.4pt;\" valign=\"top\" width=\"327\">\n<p><span style=\"font-size: 10pt;\">\u20ac 1.338.716,05<\/span><\/p>\n<\/td>\n<\/tr>\n<tr>\n<td style=\"width: 244.45pt; border-width: medium medium 1pt 1pt; border-style: none none solid solid; border-color: -moz-use-text-color -moz-use-text-color black black; padding: 0cm 5.4pt;\" valign=\"top\" width=\"326\">\n<p><span style=\"font-size: 10pt;\">Costo trattamento rifiuti<\/span><\/p>\n<\/td>\n<td style=\"width: 244.95pt; border-right: 1pt solid black; border-width: medium 1pt 1pt; border-style: none solid solid; border-color: -moz-use-text-color black black; padding: 0cm 5.4pt;\" valign=\"top\" width=\"327\">\n<p><span style=\"font-size: 10pt;\">\u20ac 194.210,54<\/span><\/p>\n<\/td>\n<\/tr>\n<tr>\n<td style=\"width: 244.45pt; border-width: medium medium 1pt 1pt; border-style: none none solid solid; border-color: -moz-use-text-color -moz-use-text-color black black; padding: 0cm 5.4pt;\" valign=\"top\" width=\"326\">\n<p><span style=\"font-size: 10pt;\">Spese trasporto in discarica<\/span><\/p>\n<\/td>\n<td style=\"width: 244.95pt; border-right: 1pt solid black; border-width: medium 1pt 1pt; border-style: none solid solid; border-color: -moz-use-text-color black black; padding: 0cm 5.4pt;\" valign=\"top\" width=\"327\">\n<p><span style=\"font-size: 10pt;\">\u20ac 46.532,50<\/span><\/p>\n<\/td>\n<\/tr>\n<tr>\n<td style=\"width: 244.45pt; border-width: medium medium 1pt 1pt; border-style: none none solid solid; border-color: -moz-use-text-color -moz-use-text-color black black; padding: 0cm 5.4pt;\" valign=\"top\" width=\"326\">\n<p><span style=\"font-size: 10pt;\">Spese smaltimento in discarica<\/span><\/p>\n<\/td>\n<td style=\"width: 244.95pt; border-right: 1pt solid black; border-width: medium 1pt 1pt; border-style: none solid solid; border-color: -moz-use-text-color black black; padding: 0cm 5.4pt;\" valign=\"top\" width=\"327\">\n<p><span style=\"font-size: 10pt;\">\u20ac 246.892,39<\/span><\/p>\n<\/td>\n<\/tr>\n<tr>\n<td style=\"width: 244.45pt; border-width: medium medium 1pt 1pt; border-style: none none solid solid; border-color: -moz-use-text-color -moz-use-text-color black black; padding: 0cm 5.4pt;\" valign=\"top\" width=\"326\">\n<p><span style=\"font-size: 10pt;\">Costo tributo speciale per il deposito in discarica<\/span><\/p>\n<\/td>\n<td style=\"width: 244.95pt; border-right: 1pt solid black; border-width: medium 1pt 1pt; border-style: none solid solid; border-color: -moz-use-text-color black black; padding: 0cm 5.4pt;\" valign=\"top\" width=\"327\">\n<p><span style=\"font-size: 10pt;\">\u20ac 91.000,00<\/span><\/p>\n<\/td>\n<\/tr>\n<tr>\n<td style=\"width: 244.45pt; border-width: medium medium 1pt 1pt; border-style: none none solid solid; border-color: -moz-use-text-color -moz-use-text-color black black; padding: 0cm 5.4pt;\" valign=\"top\" width=\"326\">\n<p><span style=\"font-size: 10pt;\">Trasferimento ATO<\/span><\/p>\n<\/td>\n<td style=\"width: 244.95pt; border-right: 1pt solid black; border-width: medium 1pt 1pt; border-style: none solid solid; border-color: -moz-use-text-color black black; padding: 0cm 5.4pt;\" valign=\"top\" width=\"327\">\n<p><span style=\"font-size: 10pt;\">\u20ac 17.937,00<\/span><\/p>\n<\/td>\n<\/tr>\n<tr>\n<td style=\"width: 244.45pt; border-width: medium medium 1pt 1pt; border-style: none none solid solid; border-color: -moz-use-text-color -moz-use-text-color black black; padding: 0cm 5.4pt;\" valign=\"top\" width=\"326\">\n<p><span style=\"font-size: 10pt;\">Spese per iniziative in materia di smaltimento dei RSU<\/span><\/p>\n<\/td>\n<td style=\"width: 244.95pt; border-right: 1pt solid black; border-width: medium 1pt 1pt; border-style: none solid solid; border-color: -moz-use-text-color black black; padding: 0cm 5.4pt;\" valign=\"top\" width=\"327\">\n<p><span style=\"font-size: 10pt;\">\u20ac 6.323,25<\/span><\/p>\n<\/td>\n<\/tr>\n<tr>\n<td style=\"width: 244.45pt; border-width: medium medium 1pt 1pt; border-style: none none solid solid; border-color: -moz-use-text-color -moz-use-text-color black black; padding: 0cm 5.4pt;\" valign=\"top\" width=\"326\">\n<p><span style=\"font-size: 10pt;\">Interessi passivi su mutui servizi Raccolta RSU<\/span><\/p>\n<\/td>\n<td style=\"width: 244.95pt; border-right: 1pt solid black; border-width: medium 1pt 1pt; border-style: none solid solid; border-color: -moz-use-text-color black black; padding: 0cm 5.4pt;\" valign=\"top\" width=\"327\">\n<p><span style=\"font-size: 10pt;\">\u20ac 914,81<\/span><\/p>\n<\/td>\n<\/tr>\n<tr>\n<td style=\"width: 244.45pt; border-width: medium medium 1pt 1pt; border-style: none none solid solid; border-color: -moz-use-text-color -moz-use-text-color black black; padding: 0cm 5.4pt;\" valign=\"top\" width=\"326\">\n<p><span style=\"font-size: 10pt;\">Costi amministrativi gestione servizio <\/span><\/p>\n<\/td>\n<td style=\"width: 244.95pt; border-right: 1pt solid black; border-width: medium 1pt 1pt; border-style: none solid solid; border-color: -moz-use-text-color black black; padding: 0cm 5.4pt;\" valign=\"top\" width=\"327\">\n<p><span style=\"font-size: 10pt;\">\u20ac 22.120,88<\/span><\/p>\n<\/td>\n<\/tr>\n<tr>\n<td style=\"width: 244.45pt; border-width: medium medium 1pt 1pt; border-style: none none solid solid; border-color: -moz-use-text-color -moz-use-text-color black black; padding: 0cm 5.4pt;\" valign=\"top\" width=\"326\">\n<p><span style=\"font-size: 10pt;\">Bonifica siti inquinati<\/span><\/p>\n<\/td>\n<td style=\"width: 244.95pt; border-right: 1pt solid black; border-width: medium 1pt 1pt; border-style: none solid solid; border-color: -moz-use-text-color black black; padding: 0cm 5.4pt;\" valign=\"top\" width=\"327\">\n<p><span style=\"font-size: 10pt;\">\u20ac 9.680,00<\/span><\/p>\n<\/td>\n<\/tr>\n<tr>\n<td style=\"width: 244.45pt; border-width: medium medium 1pt 1pt; border-style: none none solid solid; border-color: -moz-use-text-color -moz-use-text-color black black; padding: 0cm 5.4pt;\" valign=\"top\" width=\"326\">\n<p><b><span style=\"font-size: 10pt;\">Totale costi servizio <\/span><\/b><\/p>\n<\/td>\n<td style=\"width: 244.95pt; border-right: 1pt solid black; border-width: medium 1pt 1pt; border-style: none solid solid; border-color: -moz-use-text-color black black; padding: 0cm 5.4pt;\" valign=\"top\" width=\"327\">\n<p><b><span style=\"font-size: 10pt;\">\u20ac 1.974.327,42<\/span><\/b><span style=\"font-size: 10pt;\"><\/span><\/p>\n<\/td>\n<\/tr>\n<tr>\n<td style=\"width: 244.45pt; border-width: medium medium 1pt 1pt; border-style: none none solid solid; border-color: -moz-use-text-color -moz-use-text-color black black; padding: 0cm 5.4pt;\" valign=\"top\" width=\"326\">\n<p><span style=\"font-size: 10pt;\">Spesa in detrazione -5% (D.P.R. 918\/82 art. 2, comma 3)<\/span><\/p>\n<\/td>\n<td style=\"width: 244.95pt; border-right: 1pt solid black; border-width: medium 1pt 1pt; border-style: none solid solid; border-color: -moz-use-text-color black black; padding: 0cm 5.4pt;\" valign=\"top\" width=\"327\">\n<p><span style=\"font-size: 10pt;\">\u20ac 98.716,37<\/span><\/p>\n<\/td>\n<\/tr>\n<tr>\n<td style=\"width: 244.45pt; border-width: medium medium 1pt 1pt; border-style: none none solid solid; border-color: -moz-use-text-color -moz-use-text-color black black; padding: 0cm 5.4pt;\" valign=\"top\" width=\"326\">\n<p><b><span style=\"font-size: 10pt;\">Costo del servizio al netto delle detrazioni<\/span><\/b><\/p>\n<\/td>\n<td style=\"width: 244.95pt; border-right: 1pt solid black; border-width: medium 1pt 1pt; border-style: none solid solid; border-color: -moz-use-text-color black black; padding: 0cm 5.4pt;\" valign=\"top\" width=\"327\">\n<p><b><span style=\"font-size: 10pt;\">\u20ac 1.875.611,05<\/span><\/b><\/p>\n<\/td>\n<\/tr>\n<tr>\n<td style=\"width: 244.45pt; border-width: medium medium 1pt 1pt; border-style: none none solid solid; border-color: -moz-use-text-color -moz-use-text-color black black; padding: 0cm 5.4pt;\" valign=\"top\" width=\"326\">\n<p><b><span style=\"font-size: 10pt;\">&nbsp;<\/span><\/b><\/p>\n<\/td>\n<td style=\"width: 244.95pt; border-right: 1pt solid black; border-width: medium 1pt 1pt; border-style: none solid solid; border-color: -moz-use-text-color black black; padding: 0cm 5.4pt;\" valign=\"top\" width=\"327\">\n<p><b><span style=\"font-size: 10pt;\">&nbsp;<\/span><\/b><\/p>\n<\/td>\n<\/tr>\n<tr>\n<td style=\"width: 244.45pt; border-width: medium medium 1pt 1pt; border-style: none none solid solid; border-color: -moz-use-text-color -moz-use-text-color black black; padding: 0cm 5.4pt;\" valign=\"top\" width=\"326\">\n<p><span style=\"font-size: 10pt;\">&nbsp;<\/span><\/p>\n<\/td>\n<td style=\"width: 244.95pt; border-right: 1pt solid black; border-width: medium 1pt 1pt; border-style: none solid solid; border-color: -moz-use-text-color black black; padding: 0cm 5.4pt;\" valign=\"top\" width=\"327\">\n<p><span style=\"font-size: 10pt;\">&nbsp;<\/span><\/p>\n<\/td>\n<\/tr>\n<tr>\n<td style=\"width: 244.45pt; border-width: medium medium 1pt 1pt; border-style: none none solid solid; border-color: -moz-use-text-color -moz-use-text-color black black; padding: 0cm 5.4pt;\" valign=\"top\" width=\"326\">\n<p><b><span style=\"font-size: 10pt;\">Proventi ruolo TARSU <\/span><\/b><\/p>\n<\/td>\n<td style=\"width: 244.95pt; border-right: 1pt solid black; border-width: medium 1pt 1pt; border-style: none solid solid; border-color: -moz-use-text-color black black; padding: 0cm 5.4pt;\" valign=\"top\" width=\"327\">\n<p><b><span style=\"font-size: 10pt;\">\u20ac 1.891.506,87<\/span><\/b><span style=\"font-size: 10pt;\"><\/span><\/p>\n<\/td>\n<\/tr>\n<tr>\n<td style=\"width: 244.45pt; border-width: medium medium 1pt 1pt; border-style: none none solid solid; border-color: -moz-use-text-color -moz-use-text-color black black; padding: 0cm 5.4pt;\" valign=\"top\" width=\"326\">\n<p><span style=\"font-size: 10pt;\">Quota provinciale <\/span><\/p>\n<\/td>\n<td style=\"width: 244.95pt; border-right: 1pt solid black; border-width: medium 1pt 1pt; border-style: none solid solid; border-color: -moz-use-text-color black black; padding: 0cm 5.4pt;\" valign=\"top\" width=\"327\">\n<p><span style=\"font-size: 10pt;\">\u20ac -66.368,66<\/span><\/p>\n<\/td>\n<\/tr>\n<tr>\n<td style=\"width: 244.45pt; border-width: medium medium 1pt 1pt; border-style: none none solid solid; border-color: -moz-use-text-color -moz-use-text-color black black; padding: 0cm 5.4pt;\" valign=\"top\" width=\"326\">\n<p><b><span style=\"font-size: 10pt;\">Totale entrate <\/span><\/b><\/p>\n<\/td>\n<td style=\"width: 244.95pt; border-right: 1pt solid black; border-width: medium 1pt 1pt; border-style: none solid solid; border-color: -moz-use-text-color black black; padding: 0cm 5.4pt;\" valign=\"top\" width=\"327\">\n<p><b><span style=\"font-size: 10pt;\">\u20ac 1.825.138,21<\/span><\/b><\/p>\n<\/td>\n<\/tr>\n<\/tbody>\n<\/table>\n<p>Da un semplice calcolo: <b>totale entrate 1.825.138,21<\/b> meno <b>totale costi 1.875.716,05,<\/b> emerge in modo inequivocabile che il tasso di copertura del servizio \u00e8 del 97,31% e cio\u00e8 <b>-50.577,84 euro.<\/b><\/p>\n<p>Da questa sintesi analitica dei costi del servizio emerge come, non solo non abbiamo chiesto pi\u00f9 soldi come si vuol far credere, ma \u00e8 esattamente il contrario: cio\u00e8 abbiamo chiesto ai cittadini meno di quello che serviva obbligatoriamente (per legge) per coprire i costi al 100%.<\/p>\n","protected":false},"excerpt":{"rendered":"","protected":false},"author":1,"featured_media":0,"comment_status":"open","ping_status":"closed","sticky":false,"template":"","format":"standard","meta":{"colormag_page_container_layout":"default_layout","colormag_page_sidebar_layout":"default_layout","footnotes":""},"categories":[4],"tags":[],"class_list":["post-7530","post","type-post","status-publish","format-standard","hentry","category-politica"],"yoast_head":"<!-- This site is optimized with the Yoast SEO plugin v27.5 - https:\/\/yoast.com\/product\/yoast-seo-wordpress\/ -->\n<title>Rifiuti, Antelmi e Briano: &quot;Abbiamo chiesto meno dei costi&quot; - Archivio CassanoWeb<\/title>\n<meta name=\"robots\" content=\"index, follow, max-snippet:-1, max-image-preview:large, max-video-preview:-1\" \/>\n<link rel=\"canonical\" href=\"https:\/\/archiviocassano.lavocedelpaese.info\/index.php\/2013\/05\/07\/rifiuti-antelmi-e-briano-qai-cittadini-abbiamo-chiesto-meno-di-quanto-costa-il-servizioq\/\" \/>\n<meta property=\"og:locale\" content=\"it_IT\" \/>\n<meta property=\"og:type\" content=\"article\" \/>\n<meta property=\"og:title\" content=\"Rifiuti, Antelmi e Briano: &quot;Abbiamo chiesto meno dei costi&quot; - Archivio CassanoWeb\" \/>\n<meta property=\"og:url\" content=\"https:\/\/archiviocassano.lavocedelpaese.info\/index.php\/2013\/05\/07\/rifiuti-antelmi-e-briano-qai-cittadini-abbiamo-chiesto-meno-di-quanto-costa-il-servizioq\/\" \/>\n<meta property=\"og:site_name\" content=\"Archivio CassanoWeb\" \/>\n<meta property=\"article:publisher\" content=\"https:\/\/www.facebook.com\/redazione.cassanoweb\" \/>\n<meta property=\"article:published_time\" content=\"2013-05-07T08:02:04+00:00\" \/>\n<meta name=\"author\" content=\"admin\" \/>\n<meta name=\"twitter:card\" content=\"summary_large_image\" \/>\n<meta name=\"twitter:label1\" content=\"Scritto da\" \/>\n\t<meta name=\"twitter:data1\" content=\"admin\" \/>\n\t<meta name=\"twitter:label2\" content=\"Tempo di lettura stimato\" \/>\n\t<meta name=\"twitter:data2\" content=\"1 minuto\" \/>\n<script type=\"application\/ld+json\" class=\"yoast-schema-graph\">{\"@context\":\"https:\\\/\\\/schema.org\",\"@graph\":[{\"@type\":\"Article\",\"@id\":\"https:\\\/\\\/archiviocassano.lavocedelpaese.info\\\/index.php\\\/2013\\\/05\\\/07\\\/rifiuti-antelmi-e-briano-qai-cittadini-abbiamo-chiesto-meno-di-quanto-costa-il-servizioq\\\/#article\",\"isPartOf\":{\"@id\":\"https:\\\/\\\/archiviocassano.lavocedelpaese.info\\\/index.php\\\/2013\\\/05\\\/07\\\/rifiuti-antelmi-e-briano-qai-cittadini-abbiamo-chiesto-meno-di-quanto-costa-il-servizioq\\\/\"},\"author\":{\"name\":\"admin\",\"@id\":\"https:\\\/\\\/archiviocassano.lavocedelpaese.info\\\/#\\\/schema\\\/person\\\/df195bc79a9b4c35127cf005f92e041b\"},\"headline\":\"Rifiuti, Antelmi e Briano: &#8220;Abbiamo chiesto meno dei costi&#8221;\",\"datePublished\":\"2013-05-07T08:02:04+00:00\",\"mainEntityOfPage\":{\"@id\":\"https:\\\/\\\/archiviocassano.lavocedelpaese.info\\\/index.php\\\/2013\\\/05\\\/07\\\/rifiuti-antelmi-e-briano-qai-cittadini-abbiamo-chiesto-meno-di-quanto-costa-il-servizioq\\\/\"},\"wordCount\":288,\"commentCount\":0,\"publisher\":{\"@id\":\"https:\\\/\\\/archiviocassano.lavocedelpaese.info\\\/#organization\"},\"articleSection\":[\"Politica\"],\"inLanguage\":\"it-IT\",\"potentialAction\":[{\"@type\":\"CommentAction\",\"name\":\"Comment\",\"target\":[\"https:\\\/\\\/archiviocassano.lavocedelpaese.info\\\/index.php\\\/2013\\\/05\\\/07\\\/rifiuti-antelmi-e-briano-qai-cittadini-abbiamo-chiesto-meno-di-quanto-costa-il-servizioq\\\/#respond\"]}]},{\"@type\":\"WebPage\",\"@id\":\"https:\\\/\\\/archiviocassano.lavocedelpaese.info\\\/index.php\\\/2013\\\/05\\\/07\\\/rifiuti-antelmi-e-briano-qai-cittadini-abbiamo-chiesto-meno-di-quanto-costa-il-servizioq\\\/\",\"url\":\"https:\\\/\\\/archiviocassano.lavocedelpaese.info\\\/index.php\\\/2013\\\/05\\\/07\\\/rifiuti-antelmi-e-briano-qai-cittadini-abbiamo-chiesto-meno-di-quanto-costa-il-servizioq\\\/\",\"name\":\"Rifiuti, Antelmi e Briano: \\\"Abbiamo chiesto meno dei costi\\\" - Archivio CassanoWeb\",\"isPartOf\":{\"@id\":\"https:\\\/\\\/archiviocassano.lavocedelpaese.info\\\/#website\"},\"datePublished\":\"2013-05-07T08:02:04+00:00\",\"breadcrumb\":{\"@id\":\"https:\\\/\\\/archiviocassano.lavocedelpaese.info\\\/index.php\\\/2013\\\/05\\\/07\\\/rifiuti-antelmi-e-briano-qai-cittadini-abbiamo-chiesto-meno-di-quanto-costa-il-servizioq\\\/#breadcrumb\"},\"inLanguage\":\"it-IT\",\"potentialAction\":[{\"@type\":\"ReadAction\",\"target\":[\"https:\\\/\\\/archiviocassano.lavocedelpaese.info\\\/index.php\\\/2013\\\/05\\\/07\\\/rifiuti-antelmi-e-briano-qai-cittadini-abbiamo-chiesto-meno-di-quanto-costa-il-servizioq\\\/\"]}]},{\"@type\":\"BreadcrumbList\",\"@id\":\"https:\\\/\\\/archiviocassano.lavocedelpaese.info\\\/index.php\\\/2013\\\/05\\\/07\\\/rifiuti-antelmi-e-briano-qai-cittadini-abbiamo-chiesto-meno-di-quanto-costa-il-servizioq\\\/#breadcrumb\",\"itemListElement\":[{\"@type\":\"ListItem\",\"position\":1,\"name\":\"Home\",\"item\":\"https:\\\/\\\/archiviocassano.lavocedelpaese.info\\\/\"},{\"@type\":\"ListItem\",\"position\":2,\"name\":\"Rifiuti, Antelmi e Briano: &#8220;Abbiamo chiesto meno dei costi&#8221;\"}]},{\"@type\":\"WebSite\",\"@id\":\"https:\\\/\\\/archiviocassano.lavocedelpaese.info\\\/#website\",\"url\":\"https:\\\/\\\/archiviocassano.lavocedelpaese.info\\\/\",\"name\":\"Archivio CassanoWeb\",\"description\":\"La Voce del Paese - un network di idee\",\"publisher\":{\"@id\":\"https:\\\/\\\/archiviocassano.lavocedelpaese.info\\\/#organization\"},\"potentialAction\":[{\"@type\":\"SearchAction\",\"target\":{\"@type\":\"EntryPoint\",\"urlTemplate\":\"https:\\\/\\\/archiviocassano.lavocedelpaese.info\\\/?s={search_term_string}\"},\"query-input\":{\"@type\":\"PropertyValueSpecification\",\"valueRequired\":true,\"valueName\":\"search_term_string\"}}],\"inLanguage\":\"it-IT\"},{\"@type\":\"Organization\",\"@id\":\"https:\\\/\\\/archiviocassano.lavocedelpaese.info\\\/#organization\",\"name\":\"Archivio CassanoWeb\",\"url\":\"https:\\\/\\\/archiviocassano.lavocedelpaese.info\\\/\",\"logo\":{\"@type\":\"ImageObject\",\"inLanguage\":\"it-IT\",\"@id\":\"https:\\\/\\\/archiviocassano.lavocedelpaese.info\\\/#\\\/schema\\\/logo\\\/image\\\/\",\"url\":\"https:\\\/\\\/archiviocassano.lavocedelpaese.info\\\/wp-content\\\/uploads\\\/2024\\\/08\\\/logo-rosso-2.png\",\"contentUrl\":\"https:\\\/\\\/archiviocassano.lavocedelpaese.info\\\/wp-content\\\/uploads\\\/2024\\\/08\\\/logo-rosso-2.png\",\"width\":491,\"height\":432,\"caption\":\"Archivio CassanoWeb\"},\"image\":{\"@id\":\"https:\\\/\\\/archiviocassano.lavocedelpaese.info\\\/#\\\/schema\\\/logo\\\/image\\\/\"},\"sameAs\":[\"https:\\\/\\\/www.facebook.com\\\/redazione.cassanoweb\"]},{\"@type\":\"Person\",\"@id\":\"https:\\\/\\\/archiviocassano.lavocedelpaese.info\\\/#\\\/schema\\\/person\\\/df195bc79a9b4c35127cf005f92e041b\",\"name\":\"admin\",\"image\":{\"@type\":\"ImageObject\",\"inLanguage\":\"it-IT\",\"@id\":\"https:\\\/\\\/secure.gravatar.com\\\/avatar\\\/eabba89a432e8eaa1b0207cc55f7e5340b22712b1ed80677efcf63e02ff5b235?s=96&d=mm&r=g\",\"url\":\"https:\\\/\\\/secure.gravatar.com\\\/avatar\\\/eabba89a432e8eaa1b0207cc55f7e5340b22712b1ed80677efcf63e02ff5b235?s=96&d=mm&r=g\",\"contentUrl\":\"https:\\\/\\\/secure.gravatar.com\\\/avatar\\\/eabba89a432e8eaa1b0207cc55f7e5340b22712b1ed80677efcf63e02ff5b235?s=96&d=mm&r=g\",\"caption\":\"admin\"},\"sameAs\":[\"https:\\\/\\\/archiviocassano.lavocedelpaese.info\"],\"url\":\"https:\\\/\\\/archiviocassano.lavocedelpaese.info\\\/index.php\\\/author\\\/admin_0qgz1xdp\\\/\"}]}<\/script>\n<!-- \/ Yoast SEO plugin. -->","yoast_head_json":{"title":"Rifiuti, Antelmi e Briano: \"Abbiamo chiesto meno dei costi\" - Archivio CassanoWeb","robots":{"index":"index","follow":"follow","max-snippet":"max-snippet:-1","max-image-preview":"max-image-preview:large","max-video-preview":"max-video-preview:-1"},"canonical":"https:\/\/archiviocassano.lavocedelpaese.info\/index.php\/2013\/05\/07\/rifiuti-antelmi-e-briano-qai-cittadini-abbiamo-chiesto-meno-di-quanto-costa-il-servizioq\/","og_locale":"it_IT","og_type":"article","og_title":"Rifiuti, Antelmi e Briano: \"Abbiamo chiesto meno dei costi\" - Archivio CassanoWeb","og_url":"https:\/\/archiviocassano.lavocedelpaese.info\/index.php\/2013\/05\/07\/rifiuti-antelmi-e-briano-qai-cittadini-abbiamo-chiesto-meno-di-quanto-costa-il-servizioq\/","og_site_name":"Archivio CassanoWeb","article_publisher":"https:\/\/www.facebook.com\/redazione.cassanoweb","article_published_time":"2013-05-07T08:02:04+00:00","author":"admin","twitter_card":"summary_large_image","twitter_misc":{"Scritto da":"admin","Tempo di lettura stimato":"1 minuto"},"schema":{"@context":"https:\/\/schema.org","@graph":[{"@type":"Article","@id":"https:\/\/archiviocassano.lavocedelpaese.info\/index.php\/2013\/05\/07\/rifiuti-antelmi-e-briano-qai-cittadini-abbiamo-chiesto-meno-di-quanto-costa-il-servizioq\/#article","isPartOf":{"@id":"https:\/\/archiviocassano.lavocedelpaese.info\/index.php\/2013\/05\/07\/rifiuti-antelmi-e-briano-qai-cittadini-abbiamo-chiesto-meno-di-quanto-costa-il-servizioq\/"},"author":{"name":"admin","@id":"https:\/\/archiviocassano.lavocedelpaese.info\/#\/schema\/person\/df195bc79a9b4c35127cf005f92e041b"},"headline":"Rifiuti, Antelmi e Briano: &#8220;Abbiamo chiesto meno dei costi&#8221;","datePublished":"2013-05-07T08:02:04+00:00","mainEntityOfPage":{"@id":"https:\/\/archiviocassano.lavocedelpaese.info\/index.php\/2013\/05\/07\/rifiuti-antelmi-e-briano-qai-cittadini-abbiamo-chiesto-meno-di-quanto-costa-il-servizioq\/"},"wordCount":288,"commentCount":0,"publisher":{"@id":"https:\/\/archiviocassano.lavocedelpaese.info\/#organization"},"articleSection":["Politica"],"inLanguage":"it-IT","potentialAction":[{"@type":"CommentAction","name":"Comment","target":["https:\/\/archiviocassano.lavocedelpaese.info\/index.php\/2013\/05\/07\/rifiuti-antelmi-e-briano-qai-cittadini-abbiamo-chiesto-meno-di-quanto-costa-il-servizioq\/#respond"]}]},{"@type":"WebPage","@id":"https:\/\/archiviocassano.lavocedelpaese.info\/index.php\/2013\/05\/07\/rifiuti-antelmi-e-briano-qai-cittadini-abbiamo-chiesto-meno-di-quanto-costa-il-servizioq\/","url":"https:\/\/archiviocassano.lavocedelpaese.info\/index.php\/2013\/05\/07\/rifiuti-antelmi-e-briano-qai-cittadini-abbiamo-chiesto-meno-di-quanto-costa-il-servizioq\/","name":"Rifiuti, Antelmi e Briano: \"Abbiamo chiesto meno dei costi\" - Archivio CassanoWeb","isPartOf":{"@id":"https:\/\/archiviocassano.lavocedelpaese.info\/#website"},"datePublished":"2013-05-07T08:02:04+00:00","breadcrumb":{"@id":"https:\/\/archiviocassano.lavocedelpaese.info\/index.php\/2013\/05\/07\/rifiuti-antelmi-e-briano-qai-cittadini-abbiamo-chiesto-meno-di-quanto-costa-il-servizioq\/#breadcrumb"},"inLanguage":"it-IT","potentialAction":[{"@type":"ReadAction","target":["https:\/\/archiviocassano.lavocedelpaese.info\/index.php\/2013\/05\/07\/rifiuti-antelmi-e-briano-qai-cittadini-abbiamo-chiesto-meno-di-quanto-costa-il-servizioq\/"]}]},{"@type":"BreadcrumbList","@id":"https:\/\/archiviocassano.lavocedelpaese.info\/index.php\/2013\/05\/07\/rifiuti-antelmi-e-briano-qai-cittadini-abbiamo-chiesto-meno-di-quanto-costa-il-servizioq\/#breadcrumb","itemListElement":[{"@type":"ListItem","position":1,"name":"Home","item":"https:\/\/archiviocassano.lavocedelpaese.info\/"},{"@type":"ListItem","position":2,"name":"Rifiuti, Antelmi e Briano: &#8220;Abbiamo chiesto meno dei costi&#8221;"}]},{"@type":"WebSite","@id":"https:\/\/archiviocassano.lavocedelpaese.info\/#website","url":"https:\/\/archiviocassano.lavocedelpaese.info\/","name":"Archivio CassanoWeb","description":"La Voce del Paese - un network di idee","publisher":{"@id":"https:\/\/archiviocassano.lavocedelpaese.info\/#organization"},"potentialAction":[{"@type":"SearchAction","target":{"@type":"EntryPoint","urlTemplate":"https:\/\/archiviocassano.lavocedelpaese.info\/?s={search_term_string}"},"query-input":{"@type":"PropertyValueSpecification","valueRequired":true,"valueName":"search_term_string"}}],"inLanguage":"it-IT"},{"@type":"Organization","@id":"https:\/\/archiviocassano.lavocedelpaese.info\/#organization","name":"Archivio CassanoWeb","url":"https:\/\/archiviocassano.lavocedelpaese.info\/","logo":{"@type":"ImageObject","inLanguage":"it-IT","@id":"https:\/\/archiviocassano.lavocedelpaese.info\/#\/schema\/logo\/image\/","url":"https:\/\/archiviocassano.lavocedelpaese.info\/wp-content\/uploads\/2024\/08\/logo-rosso-2.png","contentUrl":"https:\/\/archiviocassano.lavocedelpaese.info\/wp-content\/uploads\/2024\/08\/logo-rosso-2.png","width":491,"height":432,"caption":"Archivio CassanoWeb"},"image":{"@id":"https:\/\/archiviocassano.lavocedelpaese.info\/#\/schema\/logo\/image\/"},"sameAs":["https:\/\/www.facebook.com\/redazione.cassanoweb"]},{"@type":"Person","@id":"https:\/\/archiviocassano.lavocedelpaese.info\/#\/schema\/person\/df195bc79a9b4c35127cf005f92e041b","name":"admin","image":{"@type":"ImageObject","inLanguage":"it-IT","@id":"https:\/\/secure.gravatar.com\/avatar\/eabba89a432e8eaa1b0207cc55f7e5340b22712b1ed80677efcf63e02ff5b235?s=96&d=mm&r=g","url":"https:\/\/secure.gravatar.com\/avatar\/eabba89a432e8eaa1b0207cc55f7e5340b22712b1ed80677efcf63e02ff5b235?s=96&d=mm&r=g","contentUrl":"https:\/\/secure.gravatar.com\/avatar\/eabba89a432e8eaa1b0207cc55f7e5340b22712b1ed80677efcf63e02ff5b235?s=96&d=mm&r=g","caption":"admin"},"sameAs":["https:\/\/archiviocassano.lavocedelpaese.info"],"url":"https:\/\/archiviocassano.lavocedelpaese.info\/index.php\/author\/admin_0qgz1xdp\/"}]}},"_links":{"self":[{"href":"https:\/\/archiviocassano.lavocedelpaese.info\/index.php\/wp-json\/wp\/v2\/posts\/7530","targetHints":{"allow":["GET"]}}],"collection":[{"href":"https:\/\/archiviocassano.lavocedelpaese.info\/index.php\/wp-json\/wp\/v2\/posts"}],"about":[{"href":"https:\/\/archiviocassano.lavocedelpaese.info\/index.php\/wp-json\/wp\/v2\/types\/post"}],"author":[{"embeddable":true,"href":"https:\/\/archiviocassano.lavocedelpaese.info\/index.php\/wp-json\/wp\/v2\/users\/1"}],"replies":[{"embeddable":true,"href":"https:\/\/archiviocassano.lavocedelpaese.info\/index.php\/wp-json\/wp\/v2\/comments?post=7530"}],"version-history":[{"count":0,"href":"https:\/\/archiviocassano.lavocedelpaese.info\/index.php\/wp-json\/wp\/v2\/posts\/7530\/revisions"}],"wp:attachment":[{"href":"https:\/\/archiviocassano.lavocedelpaese.info\/index.php\/wp-json\/wp\/v2\/media?parent=7530"}],"wp:term":[{"taxonomy":"category","embeddable":true,"href":"https:\/\/archiviocassano.lavocedelpaese.info\/index.php\/wp-json\/wp\/v2\/categories?post=7530"},{"taxonomy":"post_tag","embeddable":true,"href":"https:\/\/archiviocassano.lavocedelpaese.info\/index.php\/wp-json\/wp\/v2\/tags?post=7530"}],"curies":[{"name":"wp","href":"https:\/\/api.w.org\/{rel}","templated":true}]}}