{"id":7578,"date":"2013-05-13T17:02:03","date_gmt":"2013-05-13T17:02:03","guid":{"rendered":"https:\/\/archiviocassano.lavocedelpaese.info\/index.php\/2013\/05\/13\/domenica-e-la-qmadonn-d-bascq-ecco-in-che-stato-si-presenta-il-piazzale-del-convento\/"},"modified":"2013-05-13T17:02:03","modified_gmt":"2013-05-13T17:02:03","slug":"domenica-e-la-qmadonn-d-bascq-ecco-in-che-stato-si-presenta-il-piazzale-del-convento","status":"publish","type":"post","link":"https:\/\/archiviocassano.lavocedelpaese.info\/index.php\/2013\/05\/13\/domenica-e-la-qmadonn-d-bascq-ecco-in-che-stato-si-presenta-il-piazzale-del-convento\/","title":{"rendered":"Ecco in che stato si presenta il piazzale del Convento"},"content":{"rendered":"<p style=\"text-align: justify;\"><img loading=\"lazy\" decoding=\"async\" class=\" size-full wp-image-7569\" alt=\"Convento 1\" src=\"https:\/\/archiviocassano.lavocedelpaese.info\/wp-content\/uploads\/2013\/05\/Convento_1.jpg\" height=\"150\" width=\"320\" \/><\/p>\n<p><!--more--><\/p>\n<p style=\"text-align: justify;\">Domenica 19 maggio la comunit\u00e0 cassanese celebrer\u00e0 per il 158\u00b0 anno la \u201cMadonn d\u2019 basc\u201d, la festa, cio\u00e8, del secondo ritrovamento della immagine della Madonna degli Angeli nella Grotta posta sotto il Santuario dedicato alle Vergine e noto a tutti come \u201cIl Convento\u201d.<\/p>\n<p style=\"text-align: justify;\">La riproduzione di quella immagine, sotto forma di Quadro Trionfale, sar\u00e0 condotta da popolo, clero e confraternite dalla Chiesa di San Giuseppe, a partire dalle ore 17.30, fino al Convento, percorrendo l\u2019omonima via, attraverso un percorso che di anno in anno si ripete cos\u00ec come, all\u2019incontrario, avviene nella serata del 1\u00b0 agosto, quando quello stesso Quadro viene portato in processione dal Convento fino in piazza Moro dove soster\u00e0 per tutta la \u201cFesta Grann\u201d.<\/p>\n<p style=\"text-align: justify;\">Quella del 19 maggio (la terza domenica del mese dedicato alla Madonna) \u00e8 un momento di grande devozione per tutta la popolazione cassanese, lontano dalle luci delle luminarie, dai forestieri, dalle giostre e dai pop-corn. In quella processione ci sono radici e tradizioni di questa comunit\u00e0.<\/p>\n<p style=\"text-align: justify;\">Ma cosa troveranno, al loro arrivo al Convento, i fedeli che da Cassano si muoveranno in processione fino al Convento retto dagli Agostiniani? Sicuramente la semplice, bellissima facciata restaurata offre uno spettacolo unico e suggestivo dopo il lavoro di recupero finanziato dalla Banca Popolare di Bari l\u2019anno scorso.<\/p>\n<p style=\"text-align: justify;\">Ma tutt\u2019intorno l\u2019aspetto non \u00e8 certo dei migliori, come testimoniano queste immagini.<\/p>\n<p style=\"text-align: center;\">&nbsp;<\/p>\n<p style=\"text-align: center;\"><img loading=\"lazy\" decoding=\"async\" class=\" size-full wp-image-7570\" style=\"margin-right: 2px; margin-left: 2px;\" alt=\"erbacce lungo ls scalinata\" src=\"https:\/\/archiviocassano.lavocedelpaese.info\/wp-content\/uploads\/2013\/05\/erbacce_lungo_ls_scalinata.jpg\" height=\"375\" width=\"500\" srcset=\"https:\/\/archiviocassano.lavocedelpaese.info\/wp-content\/uploads\/2013\/05\/erbacce_lungo_ls_scalinata.jpg 500w, https:\/\/archiviocassano.lavocedelpaese.info\/wp-content\/uploads\/2013\/05\/erbacce_lungo_ls_scalinata-300x225.jpg 300w\" sizes=\"auto, (max-width: 500px) 100vw, 500px\" \/><\/p>\n<p style=\"text-align: justify;\">Gi\u00e0 a partire dalla scalinata in pietra, erbacce di ogni tipo si affacciano da tutti i lati, fin su in cima; se si percorre, invece, la strada carrabile oltre a sporcizia ed erbacce e un nastro d\u2019asfalto che andrebbe rifatto in pi\u00f9 punti, saltano agli occhi una decina di pali della pubblica illuminazione completamente arrugginiti, che non vedono una mano di vernice da decenni.<\/p>\n<p style=\"text-align: justify;\">&nbsp;<\/p>\n<p style=\"text-align: center;\"><img loading=\"lazy\" decoding=\"async\" class=\" size-full wp-image-7571\" style=\"margin-right: 2px; margin-left: 2px;\" alt=\"pali della luce arrugginiti\" src=\"https:\/\/archiviocassano.lavocedelpaese.info\/wp-content\/uploads\/2013\/05\/pali_della_luce_arrugginiti.jpg\" height=\"400\" width=\"300\" srcset=\"https:\/\/archiviocassano.lavocedelpaese.info\/wp-content\/uploads\/2013\/05\/pali_della_luce_arrugginiti.jpg 300w, https:\/\/archiviocassano.lavocedelpaese.info\/wp-content\/uploads\/2013\/05\/pali_della_luce_arrugginiti-225x300.jpg 225w\" sizes=\"auto, (max-width: 300px) 100vw, 300px\" \/><\/p>\n<p style=\"text-align: justify;\">Salendo, poi, sul piazzale \u2013 che, lo ricordiamo, \u00e8 di propriet\u00e0 del Comune di Cassano, fino alle aiuole antistanti la facciata poich\u00e9 da l\u00ec in poi lo spazio \u00e8 sotto la custodia dei Padri Agostiniani, cos\u00ec come tutto il Santuario ed il Convento \u2013 la sporcizia e il degrado regnano un po\u2019 ovunque.<\/p>\n<p style=\"text-align: center;\"><img loading=\"lazy\" decoding=\"async\" class=\" size-full wp-image-7572\" style=\"margin-right: 2px; margin-left: 2px;\" alt=\"ancora erba sulle scale in pietra\" src=\"https:\/\/archiviocassano.lavocedelpaese.info\/wp-content\/uploads\/2013\/05\/ancora_erba_sulle_scale_in_pietra.jpg\" height=\"375\" width=\"500\" srcset=\"https:\/\/archiviocassano.lavocedelpaese.info\/wp-content\/uploads\/2013\/05\/ancora_erba_sulle_scale_in_pietra.jpg 500w, https:\/\/archiviocassano.lavocedelpaese.info\/wp-content\/uploads\/2013\/05\/ancora_erba_sulle_scale_in_pietra-300x225.jpg 300w\" sizes=\"auto, (max-width: 500px) 100vw, 500px\" \/><\/p>\n<p style=\"text-align: center;\"><img loading=\"lazy\" decoding=\"async\" class=\" size-full wp-image-7573\" style=\"margin-right: 2px; margin-left: 2px;\" alt=\"cestino rotto\" src=\"https:\/\/archiviocassano.lavocedelpaese.info\/wp-content\/uploads\/2013\/05\/cestino_rotto.jpg\" height=\"300\" width=\"400\" srcset=\"https:\/\/archiviocassano.lavocedelpaese.info\/wp-content\/uploads\/2013\/05\/cestino_rotto.jpg 400w, https:\/\/archiviocassano.lavocedelpaese.info\/wp-content\/uploads\/2013\/05\/cestino_rotto-300x225.jpg 300w\" sizes=\"auto, (max-width: 400px) 100vw, 400px\" \/><\/p>\n<p style=\"text-align: center;\"><img loading=\"lazy\" decoding=\"async\" class=\" size-full wp-image-7574\" style=\"margin-right: 2px; margin-left: 2px;\" alt=\"un angolo del piazzale\" src=\"https:\/\/archiviocassano.lavocedelpaese.info\/wp-content\/uploads\/2013\/05\/un_angolo_del_piazzale.jpg\" height=\"375\" width=\"500\" srcset=\"https:\/\/archiviocassano.lavocedelpaese.info\/wp-content\/uploads\/2013\/05\/un_angolo_del_piazzale.jpg 500w, https:\/\/archiviocassano.lavocedelpaese.info\/wp-content\/uploads\/2013\/05\/un_angolo_del_piazzale-300x225.jpg 300w\" sizes=\"auto, (max-width: 500px) 100vw, 500px\" \/><\/p>\n<p style=\"text-align: justify;\">Cartacce, bottiglie, piatti di plastica, erbacce la fanno da padrone lungo tutto il belvedere da cui si gode uno degli spettacoli pi\u00f9 suggestivi della zona: ma basta non guardare in basso per non spaventarsi nel vedere cumuli di immondizia.<\/p>\n<p style=\"text-align: center;\"><img loading=\"lazy\" decoding=\"async\" class=\" size-full wp-image-7575\" style=\"margin-right: 2px; margin-left: 2px;\" alt=\"marmi divelti\" src=\"https:\/\/archiviocassano.lavocedelpaese.info\/wp-content\/uploads\/2013\/05\/marmi_divelti.jpg\" height=\"375\" width=\"500\" srcset=\"https:\/\/archiviocassano.lavocedelpaese.info\/wp-content\/uploads\/2013\/05\/marmi_divelti.jpg 500w, https:\/\/archiviocassano.lavocedelpaese.info\/wp-content\/uploads\/2013\/05\/marmi_divelti-300x225.jpg 300w\" sizes=\"auto, (max-width: 500px) 100vw, 500px\" \/><\/p>\n<p style=\"text-align: center;\"><img loading=\"lazy\" decoding=\"async\" class=\" size-full wp-image-7576\" style=\"margin-right: 2px; margin-left: 2px;\" alt=\"scalinata con erbacce\" src=\"https:\/\/archiviocassano.lavocedelpaese.info\/wp-content\/uploads\/2013\/05\/scalinata_con_erbacce.jpg\" height=\"375\" width=\"500\" srcset=\"https:\/\/archiviocassano.lavocedelpaese.info\/wp-content\/uploads\/2013\/05\/scalinata_con_erbacce.jpg 500w, https:\/\/archiviocassano.lavocedelpaese.info\/wp-content\/uploads\/2013\/05\/scalinata_con_erbacce-300x225.jpg 300w\" sizes=\"auto, (max-width: 500px) 100vw, 500px\" \/><\/p>\n<p style=\"text-align: justify;\">&nbsp;<\/p>\n<p style=\"text-align: justify;\">Senza contare i cestini distrutti e mai sostituiti o il marmo del marciapiede che oramai in pi\u00f9 punti \u00e8 ridotto in cocci.<\/p>\n<p style=\"text-align: justify;\">&nbsp;<\/p>\n<p style=\"text-align: center;\"><img loading=\"lazy\" decoding=\"async\" class=\" size-full wp-image-7577\" style=\"margin-right: 2px; margin-left: 2px;\" alt=\"marmi sconnessi\" src=\"https:\/\/archiviocassano.lavocedelpaese.info\/wp-content\/uploads\/2013\/05\/marmi_sconnessi.jpg\" height=\"375\" width=\"500\" srcset=\"https:\/\/archiviocassano.lavocedelpaese.info\/wp-content\/uploads\/2013\/05\/marmi_sconnessi.jpg 500w, https:\/\/archiviocassano.lavocedelpaese.info\/wp-content\/uploads\/2013\/05\/marmi_sconnessi-300x225.jpg 300w\" sizes=\"auto, (max-width: 500px) 100vw, 500px\" \/><\/p>\n<p style=\"text-align: justify;\">Non un bello spettacolo, insomma, per i tanti pellegrini e fedeli, non solo cassanesi, che domenica si ritroveranno sul Convento ai quali andrebbe offerto un panorama pi\u00f9 degno di quel che oggi c\u2019\u00e8.<\/p>\n<p>&nbsp;<\/p>\n","protected":false},"excerpt":{"rendered":"","protected":false},"author":1,"featured_media":7569,"comment_status":"open","ping_status":"closed","sticky":false,"template":"","format":"standard","meta":{"colormag_page_container_layout":"default_layout","colormag_page_sidebar_layout":"default_layout","footnotes":""},"categories":[8],"tags":[],"class_list":["post-7578","post","type-post","status-publish","format-standard","has-post-thumbnail","hentry","category-cronaca"],"yoast_head":"<!-- This site is optimized with the Yoast SEO plugin v27.5 - https:\/\/yoast.com\/product\/yoast-seo-wordpress\/ -->\n<title>Ecco in che stato si presenta il piazzale del Convento - Archivio CassanoWeb<\/title>\n<meta name=\"robots\" content=\"index, follow, max-snippet:-1, max-image-preview:large, max-video-preview:-1\" \/>\n<link rel=\"canonical\" href=\"https:\/\/archiviocassano.lavocedelpaese.info\/index.php\/2013\/05\/13\/domenica-e-la-qmadonn-d-bascq-ecco-in-che-stato-si-presenta-il-piazzale-del-convento\/\" \/>\n<meta property=\"og:locale\" content=\"it_IT\" \/>\n<meta property=\"og:type\" content=\"article\" \/>\n<meta property=\"og:title\" content=\"Ecco in che stato si presenta il piazzale del Convento - Archivio CassanoWeb\" \/>\n<meta property=\"og:url\" content=\"https:\/\/archiviocassano.lavocedelpaese.info\/index.php\/2013\/05\/13\/domenica-e-la-qmadonn-d-bascq-ecco-in-che-stato-si-presenta-il-piazzale-del-convento\/\" \/>\n<meta property=\"og:site_name\" content=\"Archivio CassanoWeb\" \/>\n<meta property=\"article:publisher\" content=\"https:\/\/www.facebook.com\/redazione.cassanoweb\" \/>\n<meta property=\"article:published_time\" content=\"2013-05-13T17:02:03+00:00\" \/>\n<meta property=\"og:image\" content=\"https:\/\/archiviocassano.lavocedelpaese.info\/wp-content\/uploads\/2013\/05\/Convento_1.jpg\" \/>\n\t<meta property=\"og:image:width\" content=\"400\" \/>\n\t<meta property=\"og:image:height\" content=\"362\" \/>\n\t<meta property=\"og:image:type\" content=\"image\/jpeg\" \/>\n<meta name=\"author\" content=\"admin\" \/>\n<meta name=\"twitter:card\" content=\"summary_large_image\" \/>\n<meta name=\"twitter:label1\" content=\"Scritto da\" \/>\n\t<meta name=\"twitter:data1\" content=\"admin\" \/>\n\t<meta name=\"twitter:label2\" content=\"Tempo di lettura stimato\" \/>\n\t<meta name=\"twitter:data2\" content=\"2 minuti\" \/>\n<script type=\"application\/ld+json\" class=\"yoast-schema-graph\">{\"@context\":\"https:\\\/\\\/schema.org\",\"@graph\":[{\"@type\":\"Article\",\"@id\":\"https:\\\/\\\/archiviocassano.lavocedelpaese.info\\\/index.php\\\/2013\\\/05\\\/13\\\/domenica-e-la-qmadonn-d-bascq-ecco-in-che-stato-si-presenta-il-piazzale-del-convento\\\/#article\",\"isPartOf\":{\"@id\":\"https:\\\/\\\/archiviocassano.lavocedelpaese.info\\\/index.php\\\/2013\\\/05\\\/13\\\/domenica-e-la-qmadonn-d-bascq-ecco-in-che-stato-si-presenta-il-piazzale-del-convento\\\/\"},\"author\":{\"name\":\"admin\",\"@id\":\"https:\\\/\\\/archiviocassano.lavocedelpaese.info\\\/#\\\/schema\\\/person\\\/df195bc79a9b4c35127cf005f92e041b\"},\"headline\":\"Ecco in che stato si presenta il piazzale del Convento\",\"datePublished\":\"2013-05-13T17:02:03+00:00\",\"mainEntityOfPage\":{\"@id\":\"https:\\\/\\\/archiviocassano.lavocedelpaese.info\\\/index.php\\\/2013\\\/05\\\/13\\\/domenica-e-la-qmadonn-d-bascq-ecco-in-che-stato-si-presenta-il-piazzale-del-convento\\\/\"},\"wordCount\":442,\"commentCount\":0,\"publisher\":{\"@id\":\"https:\\\/\\\/archiviocassano.lavocedelpaese.info\\\/#organization\"},\"image\":{\"@id\":\"https:\\\/\\\/archiviocassano.lavocedelpaese.info\\\/index.php\\\/2013\\\/05\\\/13\\\/domenica-e-la-qmadonn-d-bascq-ecco-in-che-stato-si-presenta-il-piazzale-del-convento\\\/#primaryimage\"},\"thumbnailUrl\":\"https:\\\/\\\/archiviocassano.lavocedelpaese.info\\\/wp-content\\\/uploads\\\/2013\\\/05\\\/Convento_1.jpg\",\"articleSection\":[\"Cronaca\"],\"inLanguage\":\"it-IT\",\"potentialAction\":[{\"@type\":\"CommentAction\",\"name\":\"Comment\",\"target\":[\"https:\\\/\\\/archiviocassano.lavocedelpaese.info\\\/index.php\\\/2013\\\/05\\\/13\\\/domenica-e-la-qmadonn-d-bascq-ecco-in-che-stato-si-presenta-il-piazzale-del-convento\\\/#respond\"]}]},{\"@type\":\"WebPage\",\"@id\":\"https:\\\/\\\/archiviocassano.lavocedelpaese.info\\\/index.php\\\/2013\\\/05\\\/13\\\/domenica-e-la-qmadonn-d-bascq-ecco-in-che-stato-si-presenta-il-piazzale-del-convento\\\/\",\"url\":\"https:\\\/\\\/archiviocassano.lavocedelpaese.info\\\/index.php\\\/2013\\\/05\\\/13\\\/domenica-e-la-qmadonn-d-bascq-ecco-in-che-stato-si-presenta-il-piazzale-del-convento\\\/\",\"name\":\"Ecco in che stato si presenta il piazzale del Convento - Archivio CassanoWeb\",\"isPartOf\":{\"@id\":\"https:\\\/\\\/archiviocassano.lavocedelpaese.info\\\/#website\"},\"primaryImageOfPage\":{\"@id\":\"https:\\\/\\\/archiviocassano.lavocedelpaese.info\\\/index.php\\\/2013\\\/05\\\/13\\\/domenica-e-la-qmadonn-d-bascq-ecco-in-che-stato-si-presenta-il-piazzale-del-convento\\\/#primaryimage\"},\"image\":{\"@id\":\"https:\\\/\\\/archiviocassano.lavocedelpaese.info\\\/index.php\\\/2013\\\/05\\\/13\\\/domenica-e-la-qmadonn-d-bascq-ecco-in-che-stato-si-presenta-il-piazzale-del-convento\\\/#primaryimage\"},\"thumbnailUrl\":\"https:\\\/\\\/archiviocassano.lavocedelpaese.info\\\/wp-content\\\/uploads\\\/2013\\\/05\\\/Convento_1.jpg\",\"datePublished\":\"2013-05-13T17:02:03+00:00\",\"breadcrumb\":{\"@id\":\"https:\\\/\\\/archiviocassano.lavocedelpaese.info\\\/index.php\\\/2013\\\/05\\\/13\\\/domenica-e-la-qmadonn-d-bascq-ecco-in-che-stato-si-presenta-il-piazzale-del-convento\\\/#breadcrumb\"},\"inLanguage\":\"it-IT\",\"potentialAction\":[{\"@type\":\"ReadAction\",\"target\":[\"https:\\\/\\\/archiviocassano.lavocedelpaese.info\\\/index.php\\\/2013\\\/05\\\/13\\\/domenica-e-la-qmadonn-d-bascq-ecco-in-che-stato-si-presenta-il-piazzale-del-convento\\\/\"]}]},{\"@type\":\"ImageObject\",\"inLanguage\":\"it-IT\",\"@id\":\"https:\\\/\\\/archiviocassano.lavocedelpaese.info\\\/index.php\\\/2013\\\/05\\\/13\\\/domenica-e-la-qmadonn-d-bascq-ecco-in-che-stato-si-presenta-il-piazzale-del-convento\\\/#primaryimage\",\"url\":\"https:\\\/\\\/archiviocassano.lavocedelpaese.info\\\/wp-content\\\/uploads\\\/2013\\\/05\\\/Convento_1.jpg\",\"contentUrl\":\"https:\\\/\\\/archiviocassano.lavocedelpaese.info\\\/wp-content\\\/uploads\\\/2013\\\/05\\\/Convento_1.jpg\",\"width\":400,\"height\":362,\"caption\":\"Convento 1\"},{\"@type\":\"BreadcrumbList\",\"@id\":\"https:\\\/\\\/archiviocassano.lavocedelpaese.info\\\/index.php\\\/2013\\\/05\\\/13\\\/domenica-e-la-qmadonn-d-bascq-ecco-in-che-stato-si-presenta-il-piazzale-del-convento\\\/#breadcrumb\",\"itemListElement\":[{\"@type\":\"ListItem\",\"position\":1,\"name\":\"Home\",\"item\":\"https:\\\/\\\/archiviocassano.lavocedelpaese.info\\\/\"},{\"@type\":\"ListItem\",\"position\":2,\"name\":\"Ecco in che stato si presenta il piazzale del Convento\"}]},{\"@type\":\"WebSite\",\"@id\":\"https:\\\/\\\/archiviocassano.lavocedelpaese.info\\\/#website\",\"url\":\"https:\\\/\\\/archiviocassano.lavocedelpaese.info\\\/\",\"name\":\"Archivio CassanoWeb\",\"description\":\"La Voce del Paese - un network di idee\",\"publisher\":{\"@id\":\"https:\\\/\\\/archiviocassano.lavocedelpaese.info\\\/#organization\"},\"potentialAction\":[{\"@type\":\"SearchAction\",\"target\":{\"@type\":\"EntryPoint\",\"urlTemplate\":\"https:\\\/\\\/archiviocassano.lavocedelpaese.info\\\/?s={search_term_string}\"},\"query-input\":{\"@type\":\"PropertyValueSpecification\",\"valueRequired\":true,\"valueName\":\"search_term_string\"}}],\"inLanguage\":\"it-IT\"},{\"@type\":\"Organization\",\"@id\":\"https:\\\/\\\/archiviocassano.lavocedelpaese.info\\\/#organization\",\"name\":\"Archivio CassanoWeb\",\"url\":\"https:\\\/\\\/archiviocassano.lavocedelpaese.info\\\/\",\"logo\":{\"@type\":\"ImageObject\",\"inLanguage\":\"it-IT\",\"@id\":\"https:\\\/\\\/archiviocassano.lavocedelpaese.info\\\/#\\\/schema\\\/logo\\\/image\\\/\",\"url\":\"https:\\\/\\\/archiviocassano.lavocedelpaese.info\\\/wp-content\\\/uploads\\\/2024\\\/08\\\/logo-rosso-2.png\",\"contentUrl\":\"https:\\\/\\\/archiviocassano.lavocedelpaese.info\\\/wp-content\\\/uploads\\\/2024\\\/08\\\/logo-rosso-2.png\",\"width\":491,\"height\":432,\"caption\":\"Archivio CassanoWeb\"},\"image\":{\"@id\":\"https:\\\/\\\/archiviocassano.lavocedelpaese.info\\\/#\\\/schema\\\/logo\\\/image\\\/\"},\"sameAs\":[\"https:\\\/\\\/www.facebook.com\\\/redazione.cassanoweb\"]},{\"@type\":\"Person\",\"@id\":\"https:\\\/\\\/archiviocassano.lavocedelpaese.info\\\/#\\\/schema\\\/person\\\/df195bc79a9b4c35127cf005f92e041b\",\"name\":\"admin\",\"image\":{\"@type\":\"ImageObject\",\"inLanguage\":\"it-IT\",\"@id\":\"https:\\\/\\\/secure.gravatar.com\\\/avatar\\\/eabba89a432e8eaa1b0207cc55f7e5340b22712b1ed80677efcf63e02ff5b235?s=96&d=mm&r=g\",\"url\":\"https:\\\/\\\/secure.gravatar.com\\\/avatar\\\/eabba89a432e8eaa1b0207cc55f7e5340b22712b1ed80677efcf63e02ff5b235?s=96&d=mm&r=g\",\"contentUrl\":\"https:\\\/\\\/secure.gravatar.com\\\/avatar\\\/eabba89a432e8eaa1b0207cc55f7e5340b22712b1ed80677efcf63e02ff5b235?s=96&d=mm&r=g\",\"caption\":\"admin\"},\"sameAs\":[\"https:\\\/\\\/archiviocassano.lavocedelpaese.info\"],\"url\":\"https:\\\/\\\/archiviocassano.lavocedelpaese.info\\\/index.php\\\/author\\\/admin_0qgz1xdp\\\/\"}]}<\/script>\n<!-- \/ Yoast SEO plugin. -->","yoast_head_json":{"title":"Ecco in che stato si presenta il piazzale del Convento - Archivio CassanoWeb","robots":{"index":"index","follow":"follow","max-snippet":"max-snippet:-1","max-image-preview":"max-image-preview:large","max-video-preview":"max-video-preview:-1"},"canonical":"https:\/\/archiviocassano.lavocedelpaese.info\/index.php\/2013\/05\/13\/domenica-e-la-qmadonn-d-bascq-ecco-in-che-stato-si-presenta-il-piazzale-del-convento\/","og_locale":"it_IT","og_type":"article","og_title":"Ecco in che stato si presenta il piazzale del Convento - Archivio CassanoWeb","og_url":"https:\/\/archiviocassano.lavocedelpaese.info\/index.php\/2013\/05\/13\/domenica-e-la-qmadonn-d-bascq-ecco-in-che-stato-si-presenta-il-piazzale-del-convento\/","og_site_name":"Archivio CassanoWeb","article_publisher":"https:\/\/www.facebook.com\/redazione.cassanoweb","article_published_time":"2013-05-13T17:02:03+00:00","og_image":[{"width":400,"height":362,"url":"https:\/\/archiviocassano.lavocedelpaese.info\/wp-content\/uploads\/2013\/05\/Convento_1.jpg","type":"image\/jpeg"}],"author":"admin","twitter_card":"summary_large_image","twitter_misc":{"Scritto da":"admin","Tempo di lettura stimato":"2 minuti"},"schema":{"@context":"https:\/\/schema.org","@graph":[{"@type":"Article","@id":"https:\/\/archiviocassano.lavocedelpaese.info\/index.php\/2013\/05\/13\/domenica-e-la-qmadonn-d-bascq-ecco-in-che-stato-si-presenta-il-piazzale-del-convento\/#article","isPartOf":{"@id":"https:\/\/archiviocassano.lavocedelpaese.info\/index.php\/2013\/05\/13\/domenica-e-la-qmadonn-d-bascq-ecco-in-che-stato-si-presenta-il-piazzale-del-convento\/"},"author":{"name":"admin","@id":"https:\/\/archiviocassano.lavocedelpaese.info\/#\/schema\/person\/df195bc79a9b4c35127cf005f92e041b"},"headline":"Ecco in che stato si presenta il piazzale del Convento","datePublished":"2013-05-13T17:02:03+00:00","mainEntityOfPage":{"@id":"https:\/\/archiviocassano.lavocedelpaese.info\/index.php\/2013\/05\/13\/domenica-e-la-qmadonn-d-bascq-ecco-in-che-stato-si-presenta-il-piazzale-del-convento\/"},"wordCount":442,"commentCount":0,"publisher":{"@id":"https:\/\/archiviocassano.lavocedelpaese.info\/#organization"},"image":{"@id":"https:\/\/archiviocassano.lavocedelpaese.info\/index.php\/2013\/05\/13\/domenica-e-la-qmadonn-d-bascq-ecco-in-che-stato-si-presenta-il-piazzale-del-convento\/#primaryimage"},"thumbnailUrl":"https:\/\/archiviocassano.lavocedelpaese.info\/wp-content\/uploads\/2013\/05\/Convento_1.jpg","articleSection":["Cronaca"],"inLanguage":"it-IT","potentialAction":[{"@type":"CommentAction","name":"Comment","target":["https:\/\/archiviocassano.lavocedelpaese.info\/index.php\/2013\/05\/13\/domenica-e-la-qmadonn-d-bascq-ecco-in-che-stato-si-presenta-il-piazzale-del-convento\/#respond"]}]},{"@type":"WebPage","@id":"https:\/\/archiviocassano.lavocedelpaese.info\/index.php\/2013\/05\/13\/domenica-e-la-qmadonn-d-bascq-ecco-in-che-stato-si-presenta-il-piazzale-del-convento\/","url":"https:\/\/archiviocassano.lavocedelpaese.info\/index.php\/2013\/05\/13\/domenica-e-la-qmadonn-d-bascq-ecco-in-che-stato-si-presenta-il-piazzale-del-convento\/","name":"Ecco in che stato si presenta il piazzale del Convento - Archivio CassanoWeb","isPartOf":{"@id":"https:\/\/archiviocassano.lavocedelpaese.info\/#website"},"primaryImageOfPage":{"@id":"https:\/\/archiviocassano.lavocedelpaese.info\/index.php\/2013\/05\/13\/domenica-e-la-qmadonn-d-bascq-ecco-in-che-stato-si-presenta-il-piazzale-del-convento\/#primaryimage"},"image":{"@id":"https:\/\/archiviocassano.lavocedelpaese.info\/index.php\/2013\/05\/13\/domenica-e-la-qmadonn-d-bascq-ecco-in-che-stato-si-presenta-il-piazzale-del-convento\/#primaryimage"},"thumbnailUrl":"https:\/\/archiviocassano.lavocedelpaese.info\/wp-content\/uploads\/2013\/05\/Convento_1.jpg","datePublished":"2013-05-13T17:02:03+00:00","breadcrumb":{"@id":"https:\/\/archiviocassano.lavocedelpaese.info\/index.php\/2013\/05\/13\/domenica-e-la-qmadonn-d-bascq-ecco-in-che-stato-si-presenta-il-piazzale-del-convento\/#breadcrumb"},"inLanguage":"it-IT","potentialAction":[{"@type":"ReadAction","target":["https:\/\/archiviocassano.lavocedelpaese.info\/index.php\/2013\/05\/13\/domenica-e-la-qmadonn-d-bascq-ecco-in-che-stato-si-presenta-il-piazzale-del-convento\/"]}]},{"@type":"ImageObject","inLanguage":"it-IT","@id":"https:\/\/archiviocassano.lavocedelpaese.info\/index.php\/2013\/05\/13\/domenica-e-la-qmadonn-d-bascq-ecco-in-che-stato-si-presenta-il-piazzale-del-convento\/#primaryimage","url":"https:\/\/archiviocassano.lavocedelpaese.info\/wp-content\/uploads\/2013\/05\/Convento_1.jpg","contentUrl":"https:\/\/archiviocassano.lavocedelpaese.info\/wp-content\/uploads\/2013\/05\/Convento_1.jpg","width":400,"height":362,"caption":"Convento 1"},{"@type":"BreadcrumbList","@id":"https:\/\/archiviocassano.lavocedelpaese.info\/index.php\/2013\/05\/13\/domenica-e-la-qmadonn-d-bascq-ecco-in-che-stato-si-presenta-il-piazzale-del-convento\/#breadcrumb","itemListElement":[{"@type":"ListItem","position":1,"name":"Home","item":"https:\/\/archiviocassano.lavocedelpaese.info\/"},{"@type":"ListItem","position":2,"name":"Ecco in che stato si presenta il piazzale del Convento"}]},{"@type":"WebSite","@id":"https:\/\/archiviocassano.lavocedelpaese.info\/#website","url":"https:\/\/archiviocassano.lavocedelpaese.info\/","name":"Archivio CassanoWeb","description":"La Voce del Paese - un network di idee","publisher":{"@id":"https:\/\/archiviocassano.lavocedelpaese.info\/#organization"},"potentialAction":[{"@type":"SearchAction","target":{"@type":"EntryPoint","urlTemplate":"https:\/\/archiviocassano.lavocedelpaese.info\/?s={search_term_string}"},"query-input":{"@type":"PropertyValueSpecification","valueRequired":true,"valueName":"search_term_string"}}],"inLanguage":"it-IT"},{"@type":"Organization","@id":"https:\/\/archiviocassano.lavocedelpaese.info\/#organization","name":"Archivio CassanoWeb","url":"https:\/\/archiviocassano.lavocedelpaese.info\/","logo":{"@type":"ImageObject","inLanguage":"it-IT","@id":"https:\/\/archiviocassano.lavocedelpaese.info\/#\/schema\/logo\/image\/","url":"https:\/\/archiviocassano.lavocedelpaese.info\/wp-content\/uploads\/2024\/08\/logo-rosso-2.png","contentUrl":"https:\/\/archiviocassano.lavocedelpaese.info\/wp-content\/uploads\/2024\/08\/logo-rosso-2.png","width":491,"height":432,"caption":"Archivio CassanoWeb"},"image":{"@id":"https:\/\/archiviocassano.lavocedelpaese.info\/#\/schema\/logo\/image\/"},"sameAs":["https:\/\/www.facebook.com\/redazione.cassanoweb"]},{"@type":"Person","@id":"https:\/\/archiviocassano.lavocedelpaese.info\/#\/schema\/person\/df195bc79a9b4c35127cf005f92e041b","name":"admin","image":{"@type":"ImageObject","inLanguage":"it-IT","@id":"https:\/\/secure.gravatar.com\/avatar\/eabba89a432e8eaa1b0207cc55f7e5340b22712b1ed80677efcf63e02ff5b235?s=96&d=mm&r=g","url":"https:\/\/secure.gravatar.com\/avatar\/eabba89a432e8eaa1b0207cc55f7e5340b22712b1ed80677efcf63e02ff5b235?s=96&d=mm&r=g","contentUrl":"https:\/\/secure.gravatar.com\/avatar\/eabba89a432e8eaa1b0207cc55f7e5340b22712b1ed80677efcf63e02ff5b235?s=96&d=mm&r=g","caption":"admin"},"sameAs":["https:\/\/archiviocassano.lavocedelpaese.info"],"url":"https:\/\/archiviocassano.lavocedelpaese.info\/index.php\/author\/admin_0qgz1xdp\/"}]}},"_links":{"self":[{"href":"https:\/\/archiviocassano.lavocedelpaese.info\/index.php\/wp-json\/wp\/v2\/posts\/7578","targetHints":{"allow":["GET"]}}],"collection":[{"href":"https:\/\/archiviocassano.lavocedelpaese.info\/index.php\/wp-json\/wp\/v2\/posts"}],"about":[{"href":"https:\/\/archiviocassano.lavocedelpaese.info\/index.php\/wp-json\/wp\/v2\/types\/post"}],"author":[{"embeddable":true,"href":"https:\/\/archiviocassano.lavocedelpaese.info\/index.php\/wp-json\/wp\/v2\/users\/1"}],"replies":[{"embeddable":true,"href":"https:\/\/archiviocassano.lavocedelpaese.info\/index.php\/wp-json\/wp\/v2\/comments?post=7578"}],"version-history":[{"count":0,"href":"https:\/\/archiviocassano.lavocedelpaese.info\/index.php\/wp-json\/wp\/v2\/posts\/7578\/revisions"}],"wp:featuredmedia":[{"embeddable":true,"href":"https:\/\/archiviocassano.lavocedelpaese.info\/index.php\/wp-json\/wp\/v2\/media\/7569"}],"wp:attachment":[{"href":"https:\/\/archiviocassano.lavocedelpaese.info\/index.php\/wp-json\/wp\/v2\/media?parent=7578"}],"wp:term":[{"taxonomy":"category","embeddable":true,"href":"https:\/\/archiviocassano.lavocedelpaese.info\/index.php\/wp-json\/wp\/v2\/categories?post=7578"},{"taxonomy":"post_tag","embeddable":true,"href":"https:\/\/archiviocassano.lavocedelpaese.info\/index.php\/wp-json\/wp\/v2\/tags?post=7578"}],"curies":[{"name":"wp","href":"https:\/\/api.w.org\/{rel}","templated":true}]}}