{"id":7626,"date":"2013-05-21T16:14:22","date_gmt":"2013-05-21T16:14:22","guid":{"rendered":"https:\/\/archiviocassano.lavocedelpaese.info\/index.php\/2013\/05\/21\/ex-qisola-ecologicaq-cassano-esclusa-dal-finanziamento-regionale\/"},"modified":"2013-05-21T16:14:22","modified_gmt":"2013-05-21T16:14:22","slug":"ex-qisola-ecologicaq-cassano-esclusa-dal-finanziamento-regionale","status":"publish","type":"post","link":"https:\/\/archiviocassano.lavocedelpaese.info\/index.php\/2013\/05\/21\/ex-qisola-ecologicaq-cassano-esclusa-dal-finanziamento-regionale\/","title":{"rendered":"Ex &#8220;Isola Ecologica&#8221;: niente finanziamento regionale"},"content":{"rendered":"<p><img loading=\"lazy\" decoding=\"async\" class=\" size-full wp-image-7625\" style=\"margin-right: 2px; margin-left: 2px;\" alt=\"isola ecologica\" src=\"https:\/\/archiviocassano.lavocedelpaese.info\/wp-content\/uploads\/2013\/05\/isola_ecologica.jpg\" height=\"150\" width=\"320\" srcset=\"https:\/\/archiviocassano.lavocedelpaese.info\/wp-content\/uploads\/2013\/05\/isola_ecologica.jpg 640w, https:\/\/archiviocassano.lavocedelpaese.info\/wp-content\/uploads\/2013\/05\/isola_ecologica-300x141.jpg 300w\" sizes=\"auto, (max-width: 320px) 100vw, 320px\" \/><\/p>\n<p><!--more--><\/p>\n<p style=\"text-align: justify; line-height: normal;\"><span style=\"font-size: 10pt; font-family: 'Arial','sans-serif';\">Prima si chiamava <b>\u201cIsola Ecologica\u201d<\/b> poi il nome \u00e8 stato cambiato in <b>\u201cCentro Comunale di Raccolta\u201d.<\/b> Ma la sostanza non cambia: da oltre 10 anni \u00e8 l\u00ec, su via Mellitto, poco prima dell\u2019ex Preventorio, perennemente chiusa.<\/span><\/p>\n<p style=\"text-align: justify; line-height: normal;\"><span style=\"font-size: 10pt; font-family: 'Arial','sans-serif';\">Ed ora il suo completamento e l&#8217;apertura al pubblico sono a rischio dato che <b>il Comune di Cassano ha perso la possibilit\u00e0 di accedere ad un finanziamento regionale<\/b> per renderla fruibile.<\/span><\/p>\n<p style=\"text-align: justify; line-height: normal;\"><span style=\"font-size: 10pt; font-family: 'Arial','sans-serif';\">Il Commissario dell\u2019Autorit\u00e0 di Gestione dell\u2019Ambito Territoriale Ottimale (ATO) Bari\/4, infatti, <b>ha escluso<\/b> il Comune di Cassano dal finanziamento di 1 milione di euro disposto dalla Regione Puglia nell\u2019ottobre 2009 e dal relativo progetto per il rilancio dell\u2019ex Isola Ecologica in \u201cCentro Comunale di Raccolta\u201d (CCR) dei rifiuti solidi urbani poich\u00e9 <i>\u201cla quota di cofinanziamento (del Comune) non risultava a Bilancio<\/i>\u201d, scrive il Commissario in una Determina pubblicata nei giorni scorsi<i>.<\/i> Una parte dell\u2019investimento per i 6 centri CCR (oltre a Cassano, Gravina, Grumo e due ad Altamura) era, infatti, a carico dei Comuni ma dopo numerosi solleciti, l\u2019ATO ha intimato alla nostra amministrazione di chiarire la vicenda: i soldi ce li volete mettere o no, per questo progetto?<\/span><\/p>\n<p style=\"text-align: justify; line-height: normal;\"><span style=\"font-size: 10pt; font-family: 'Arial','sans-serif';\">Il Comune ha risposto negativamente e dunque l\u2019ATO ha escluso l\u2019ex Isola di via Mellitto dai progetti finanziabili poich\u00e8 i ritardi del comune cassanese mettevano a rischio il finanziamento per le altre amministrazioni. <\/span><\/p>\n<p style=\"text-align: justify; line-height: normal;\"><span style=\"font-size: 10pt; font-family: 'Arial','sans-serif';\">Il problema che potrebbe ripercuotersi sul nuovo Progetto Comunale di Raccolta e Smaltimento Rifiuti Solidi Urbani che proprio in questi giorni \u00e8 partito con il servizio del \u201cporta-a-porta\u201d nel settore 1. <\/span><\/p>\n<p style=\"text-align: justify; line-height: normal;\"><span style=\"font-size: 10pt; font-family: 'Arial','sans-serif';\">Il CCR di via Mellitto, infatti, \u00e8 uno snodo importante dell\u2019intero progetto costruito dalla societ\u00e0 torinese \u201cEsper\u201d e realizzato dall\u2019ATI \u201cTradeco-Murgia Servizi Ecologici\u201d. Al momento, infatti, il Centro Raccolta Rifiuti \u00e8 situato nel piazzale interno della societ\u00e0 cassanese dei fratelli Guglielmo ma si tratta di un sito temporaneo e comunque privato, pur essendo stato messo a disposizione del Comune.<\/span><\/p>\n<p style=\"margin-bottom: 0.0001pt; text-align: justify; line-height: normal;\"><span style=\"font-size: 10pt; font-family: 'Arial','sans-serif';\">Al contrario del CCR di via Mellitto che in tutto e per tutto \u00e8 opera pubblica e doveva essere gestito dal personale dell\u2019ATI ed aperto sia di mattina che al pomeriggio. CCR che avrebbe&nbsp;dovuto entrare in funzione anni fa:<strong> nel 2004<\/strong>, per la precisione, in occasione della concessione del servizio di appalto dei rifiuti da parte del Comune di Cassano&nbsp; all\u2019ATI \u201cTradeco-Murgia Servizi Ecologici\u201d, la societ\u00e0 che gestisce in paese la raccolta dei rifiuti. Ma dopo quasi dieci anni \u00e8 ancora l\u00e0, piccolo monumento allo spreco, alla inefficienza e alla disorganizzazione. L\u2019Isola Ecologica del Comune di Cassano sorge su un terreno di propriet\u00e0 comunale poco prima dell\u2019ex Preventorio, grande poco meno di mille metri quadri; avrebbe dovuto essere il luogo in cui \u2013 in maniera differenziata \u2013 i cittadini cassanesi potevano andare a depositare i rifiuti da riciclare, dalla carta alla plastica, dal vetro alle pile e cos\u00ec via. <\/span><\/p>\n<p style=\"text-align: justify; line-height: normal;\"><span style=\"font-size: 10pt; font-family: 'Arial','sans-serif';\">Fra l\u2019altro nel vecchio Capitolato d\u2019Appalto fra Comune e ATI era prevista anche una somma di <b>5mila euro <\/b>da mettere a disposizione dei cittadini sotto forma di \u201cpremi e incentivi\u201d per coloro che portavano i rifiuti presso l\u2019Isola. <\/span><\/p>\n<p style=\"text-align: justify; line-height: normal;\"><span style=\"font-size: 10pt; font-family: 'Arial','sans-serif';\">Nei fatti, invece, l\u2019Isola ecologica <b>non \u00e8 mai partita<\/b> e affoga, anzi, nei rifiuti. <\/span><\/p>\n<p style=\"margin-bottom: 0.0001pt; text-align: justify; line-height: normal;\"><span style=\"font-size: 10pt; font-family: 'Arial','sans-serif';\">La mancata vigilanza, infatti, fa s\u00ec che ognuno si senta libero di lasciare dinanzi alla recinzione ogni tipo di immondizia e quando il mucchio diventa grande e grosso, magari gli si da fuoco. <\/span><\/p>\n<p style=\"margin-bottom: 0.0001pt; text-align: justify; line-height: normal;\"><span style=\"font-size: 10pt; font-family: 'Arial','sans-serif';\">Dalla fine del 2008 l\u2019Isola \u00e8 nella disponibilit\u00e0 dell\u2019ATI: la gestione fu ceduta da parte del Comune sotto l\u2019amministrazione Gentile; ma nei fatti \u00e8 il Comune stesso che finora ha reso inutilizzabile l\u2019area a causa di una serie di errori (non si sa se di progettazione, realizzazione o altro) che impediscono l\u2019utilizzo. <\/span><\/p>\n<p style=\"margin-bottom: 0.0001pt; text-align: justify; line-height: normal;\"><span style=\"font-size: 10pt; font-family: 'Arial','sans-serif';\">Ultimo, in ordine di tempo, lo spostamento di un cavo Enel dell\u2019alta tensione che passava proprio sopra l\u2019Isola, rendendo impossibile per i mezzi lo spostamento dei materiali. <\/span><\/p>\n<p style=\"margin-bottom: 0.0001pt; text-align: justify; line-height: normal;\"><span style=\"font-size: 10pt; font-family: 'Arial','sans-serif';\">Ma prima di questo impedimento c\u2019era stato bisogno di dotare l\u2019area di un sistema di smaltimento delle acque piovane per cui furono spesi, nel 2007,&nbsp;<b>20mila euro<\/b>. Prima ancora fu necessario uno studio geologico su tali acque che port\u00f2 via soldi (altri <b>600 euro<\/b>) e molto tempo. E cos\u00ec via fino a risalire ai primi anni di questo secolo. <\/span><\/p>\n<p style=\"margin-bottom: 0.0001pt; text-align: justify; line-height: normal;\"><span style=\"font-size: 10pt; font-family: 'Arial','sans-serif';\">Ad oggi, chi conosce l\u2019Isola sono solo gli operai della ditta di smaltimento, costretti quasi ogni settimana ad andare a rimuovere rifiuti e ingombri di ogni tipo dinanzi al cancello dell\u2019Isola. <\/span><\/p>\n<p>&nbsp;<\/p>\n","protected":false},"excerpt":{"rendered":"","protected":false},"author":1,"featured_media":7625,"comment_status":"open","ping_status":"closed","sticky":false,"template":"","format":"standard","meta":{"colormag_page_container_layout":"default_layout","colormag_page_sidebar_layout":"default_layout","footnotes":""},"categories":[7],"tags":[],"class_list":["post-7626","post","type-post","status-publish","format-standard","has-post-thumbnail","hentry","category-attualita"],"yoast_head":"<!-- This site is optimized with the Yoast SEO plugin v27.5 - https:\/\/yoast.com\/product\/yoast-seo-wordpress\/ -->\n<title>Ex &quot;Isola Ecologica&quot;: niente finanziamento regionale - Archivio CassanoWeb<\/title>\n<meta name=\"robots\" content=\"index, follow, max-snippet:-1, max-image-preview:large, max-video-preview:-1\" \/>\n<link rel=\"canonical\" href=\"https:\/\/archiviocassano.lavocedelpaese.info\/index.php\/2013\/05\/21\/ex-qisola-ecologicaq-cassano-esclusa-dal-finanziamento-regionale\/\" \/>\n<meta property=\"og:locale\" content=\"it_IT\" \/>\n<meta property=\"og:type\" content=\"article\" \/>\n<meta property=\"og:title\" content=\"Ex &quot;Isola Ecologica&quot;: niente finanziamento regionale - Archivio CassanoWeb\" \/>\n<meta property=\"og:url\" content=\"https:\/\/archiviocassano.lavocedelpaese.info\/index.php\/2013\/05\/21\/ex-qisola-ecologicaq-cassano-esclusa-dal-finanziamento-regionale\/\" \/>\n<meta property=\"og:site_name\" content=\"Archivio CassanoWeb\" \/>\n<meta property=\"article:publisher\" content=\"https:\/\/www.facebook.com\/redazione.cassanoweb\" \/>\n<meta property=\"article:published_time\" content=\"2013-05-21T16:14:22+00:00\" \/>\n<meta property=\"og:image\" content=\"https:\/\/archiviocassano.lavocedelpaese.info\/wp-content\/uploads\/2013\/05\/isola_ecologica.jpg\" \/>\n\t<meta property=\"og:image:width\" content=\"640\" \/>\n\t<meta property=\"og:image:height\" content=\"300\" \/>\n\t<meta property=\"og:image:type\" content=\"image\/jpeg\" \/>\n<meta name=\"author\" content=\"admin\" \/>\n<meta name=\"twitter:card\" content=\"summary_large_image\" \/>\n<meta name=\"twitter:label1\" content=\"Scritto da\" \/>\n\t<meta name=\"twitter:data1\" content=\"admin\" \/>\n\t<meta name=\"twitter:label2\" content=\"Tempo di lettura stimato\" \/>\n\t<meta name=\"twitter:data2\" content=\"4 minuti\" \/>\n<script type=\"application\/ld+json\" class=\"yoast-schema-graph\">{\"@context\":\"https:\\\/\\\/schema.org\",\"@graph\":[{\"@type\":\"Article\",\"@id\":\"https:\\\/\\\/archiviocassano.lavocedelpaese.info\\\/index.php\\\/2013\\\/05\\\/21\\\/ex-qisola-ecologicaq-cassano-esclusa-dal-finanziamento-regionale\\\/#article\",\"isPartOf\":{\"@id\":\"https:\\\/\\\/archiviocassano.lavocedelpaese.info\\\/index.php\\\/2013\\\/05\\\/21\\\/ex-qisola-ecologicaq-cassano-esclusa-dal-finanziamento-regionale\\\/\"},\"author\":{\"name\":\"admin\",\"@id\":\"https:\\\/\\\/archiviocassano.lavocedelpaese.info\\\/#\\\/schema\\\/person\\\/df195bc79a9b4c35127cf005f92e041b\"},\"headline\":\"Ex &#8220;Isola Ecologica&#8221;: niente finanziamento regionale\",\"datePublished\":\"2013-05-21T16:14:22+00:00\",\"mainEntityOfPage\":{\"@id\":\"https:\\\/\\\/archiviocassano.lavocedelpaese.info\\\/index.php\\\/2013\\\/05\\\/21\\\/ex-qisola-ecologicaq-cassano-esclusa-dal-finanziamento-regionale\\\/\"},\"wordCount\":733,\"commentCount\":0,\"publisher\":{\"@id\":\"https:\\\/\\\/archiviocassano.lavocedelpaese.info\\\/#organization\"},\"image\":{\"@id\":\"https:\\\/\\\/archiviocassano.lavocedelpaese.info\\\/index.php\\\/2013\\\/05\\\/21\\\/ex-qisola-ecologicaq-cassano-esclusa-dal-finanziamento-regionale\\\/#primaryimage\"},\"thumbnailUrl\":\"https:\\\/\\\/archiviocassano.lavocedelpaese.info\\\/wp-content\\\/uploads\\\/2013\\\/05\\\/isola_ecologica.jpg\",\"articleSection\":[\"Attualit\u00e0\"],\"inLanguage\":\"it-IT\",\"potentialAction\":[{\"@type\":\"CommentAction\",\"name\":\"Comment\",\"target\":[\"https:\\\/\\\/archiviocassano.lavocedelpaese.info\\\/index.php\\\/2013\\\/05\\\/21\\\/ex-qisola-ecologicaq-cassano-esclusa-dal-finanziamento-regionale\\\/#respond\"]}]},{\"@type\":\"WebPage\",\"@id\":\"https:\\\/\\\/archiviocassano.lavocedelpaese.info\\\/index.php\\\/2013\\\/05\\\/21\\\/ex-qisola-ecologicaq-cassano-esclusa-dal-finanziamento-regionale\\\/\",\"url\":\"https:\\\/\\\/archiviocassano.lavocedelpaese.info\\\/index.php\\\/2013\\\/05\\\/21\\\/ex-qisola-ecologicaq-cassano-esclusa-dal-finanziamento-regionale\\\/\",\"name\":\"Ex \\\"Isola Ecologica\\\": niente finanziamento regionale - Archivio CassanoWeb\",\"isPartOf\":{\"@id\":\"https:\\\/\\\/archiviocassano.lavocedelpaese.info\\\/#website\"},\"primaryImageOfPage\":{\"@id\":\"https:\\\/\\\/archiviocassano.lavocedelpaese.info\\\/index.php\\\/2013\\\/05\\\/21\\\/ex-qisola-ecologicaq-cassano-esclusa-dal-finanziamento-regionale\\\/#primaryimage\"},\"image\":{\"@id\":\"https:\\\/\\\/archiviocassano.lavocedelpaese.info\\\/index.php\\\/2013\\\/05\\\/21\\\/ex-qisola-ecologicaq-cassano-esclusa-dal-finanziamento-regionale\\\/#primaryimage\"},\"thumbnailUrl\":\"https:\\\/\\\/archiviocassano.lavocedelpaese.info\\\/wp-content\\\/uploads\\\/2013\\\/05\\\/isola_ecologica.jpg\",\"datePublished\":\"2013-05-21T16:14:22+00:00\",\"breadcrumb\":{\"@id\":\"https:\\\/\\\/archiviocassano.lavocedelpaese.info\\\/index.php\\\/2013\\\/05\\\/21\\\/ex-qisola-ecologicaq-cassano-esclusa-dal-finanziamento-regionale\\\/#breadcrumb\"},\"inLanguage\":\"it-IT\",\"potentialAction\":[{\"@type\":\"ReadAction\",\"target\":[\"https:\\\/\\\/archiviocassano.lavocedelpaese.info\\\/index.php\\\/2013\\\/05\\\/21\\\/ex-qisola-ecologicaq-cassano-esclusa-dal-finanziamento-regionale\\\/\"]}]},{\"@type\":\"ImageObject\",\"inLanguage\":\"it-IT\",\"@id\":\"https:\\\/\\\/archiviocassano.lavocedelpaese.info\\\/index.php\\\/2013\\\/05\\\/21\\\/ex-qisola-ecologicaq-cassano-esclusa-dal-finanziamento-regionale\\\/#primaryimage\",\"url\":\"https:\\\/\\\/archiviocassano.lavocedelpaese.info\\\/wp-content\\\/uploads\\\/2013\\\/05\\\/isola_ecologica.jpg\",\"contentUrl\":\"https:\\\/\\\/archiviocassano.lavocedelpaese.info\\\/wp-content\\\/uploads\\\/2013\\\/05\\\/isola_ecologica.jpg\",\"width\":640,\"height\":300,\"caption\":\"isola ecologica\"},{\"@type\":\"BreadcrumbList\",\"@id\":\"https:\\\/\\\/archiviocassano.lavocedelpaese.info\\\/index.php\\\/2013\\\/05\\\/21\\\/ex-qisola-ecologicaq-cassano-esclusa-dal-finanziamento-regionale\\\/#breadcrumb\",\"itemListElement\":[{\"@type\":\"ListItem\",\"position\":1,\"name\":\"Home\",\"item\":\"https:\\\/\\\/archiviocassano.lavocedelpaese.info\\\/\"},{\"@type\":\"ListItem\",\"position\":2,\"name\":\"Ex &#8220;Isola Ecologica&#8221;: niente finanziamento regionale\"}]},{\"@type\":\"WebSite\",\"@id\":\"https:\\\/\\\/archiviocassano.lavocedelpaese.info\\\/#website\",\"url\":\"https:\\\/\\\/archiviocassano.lavocedelpaese.info\\\/\",\"name\":\"Archivio CassanoWeb\",\"description\":\"La Voce del Paese - un network di idee\",\"publisher\":{\"@id\":\"https:\\\/\\\/archiviocassano.lavocedelpaese.info\\\/#organization\"},\"potentialAction\":[{\"@type\":\"SearchAction\",\"target\":{\"@type\":\"EntryPoint\",\"urlTemplate\":\"https:\\\/\\\/archiviocassano.lavocedelpaese.info\\\/?s={search_term_string}\"},\"query-input\":{\"@type\":\"PropertyValueSpecification\",\"valueRequired\":true,\"valueName\":\"search_term_string\"}}],\"inLanguage\":\"it-IT\"},{\"@type\":\"Organization\",\"@id\":\"https:\\\/\\\/archiviocassano.lavocedelpaese.info\\\/#organization\",\"name\":\"Archivio CassanoWeb\",\"url\":\"https:\\\/\\\/archiviocassano.lavocedelpaese.info\\\/\",\"logo\":{\"@type\":\"ImageObject\",\"inLanguage\":\"it-IT\",\"@id\":\"https:\\\/\\\/archiviocassano.lavocedelpaese.info\\\/#\\\/schema\\\/logo\\\/image\\\/\",\"url\":\"https:\\\/\\\/archiviocassano.lavocedelpaese.info\\\/wp-content\\\/uploads\\\/2024\\\/08\\\/logo-rosso-2.png\",\"contentUrl\":\"https:\\\/\\\/archiviocassano.lavocedelpaese.info\\\/wp-content\\\/uploads\\\/2024\\\/08\\\/logo-rosso-2.png\",\"width\":491,\"height\":432,\"caption\":\"Archivio CassanoWeb\"},\"image\":{\"@id\":\"https:\\\/\\\/archiviocassano.lavocedelpaese.info\\\/#\\\/schema\\\/logo\\\/image\\\/\"},\"sameAs\":[\"https:\\\/\\\/www.facebook.com\\\/redazione.cassanoweb\"]},{\"@type\":\"Person\",\"@id\":\"https:\\\/\\\/archiviocassano.lavocedelpaese.info\\\/#\\\/schema\\\/person\\\/df195bc79a9b4c35127cf005f92e041b\",\"name\":\"admin\",\"image\":{\"@type\":\"ImageObject\",\"inLanguage\":\"it-IT\",\"@id\":\"https:\\\/\\\/secure.gravatar.com\\\/avatar\\\/eabba89a432e8eaa1b0207cc55f7e5340b22712b1ed80677efcf63e02ff5b235?s=96&d=mm&r=g\",\"url\":\"https:\\\/\\\/secure.gravatar.com\\\/avatar\\\/eabba89a432e8eaa1b0207cc55f7e5340b22712b1ed80677efcf63e02ff5b235?s=96&d=mm&r=g\",\"contentUrl\":\"https:\\\/\\\/secure.gravatar.com\\\/avatar\\\/eabba89a432e8eaa1b0207cc55f7e5340b22712b1ed80677efcf63e02ff5b235?s=96&d=mm&r=g\",\"caption\":\"admin\"},\"sameAs\":[\"https:\\\/\\\/archiviocassano.lavocedelpaese.info\"],\"url\":\"https:\\\/\\\/archiviocassano.lavocedelpaese.info\\\/index.php\\\/author\\\/admin_0qgz1xdp\\\/\"}]}<\/script>\n<!-- \/ Yoast SEO plugin. -->","yoast_head_json":{"title":"Ex \"Isola Ecologica\": niente finanziamento regionale - Archivio CassanoWeb","robots":{"index":"index","follow":"follow","max-snippet":"max-snippet:-1","max-image-preview":"max-image-preview:large","max-video-preview":"max-video-preview:-1"},"canonical":"https:\/\/archiviocassano.lavocedelpaese.info\/index.php\/2013\/05\/21\/ex-qisola-ecologicaq-cassano-esclusa-dal-finanziamento-regionale\/","og_locale":"it_IT","og_type":"article","og_title":"Ex \"Isola Ecologica\": niente finanziamento regionale - Archivio CassanoWeb","og_url":"https:\/\/archiviocassano.lavocedelpaese.info\/index.php\/2013\/05\/21\/ex-qisola-ecologicaq-cassano-esclusa-dal-finanziamento-regionale\/","og_site_name":"Archivio CassanoWeb","article_publisher":"https:\/\/www.facebook.com\/redazione.cassanoweb","article_published_time":"2013-05-21T16:14:22+00:00","og_image":[{"width":640,"height":300,"url":"https:\/\/archiviocassano.lavocedelpaese.info\/wp-content\/uploads\/2013\/05\/isola_ecologica.jpg","type":"image\/jpeg"}],"author":"admin","twitter_card":"summary_large_image","twitter_misc":{"Scritto da":"admin","Tempo di lettura stimato":"4 minuti"},"schema":{"@context":"https:\/\/schema.org","@graph":[{"@type":"Article","@id":"https:\/\/archiviocassano.lavocedelpaese.info\/index.php\/2013\/05\/21\/ex-qisola-ecologicaq-cassano-esclusa-dal-finanziamento-regionale\/#article","isPartOf":{"@id":"https:\/\/archiviocassano.lavocedelpaese.info\/index.php\/2013\/05\/21\/ex-qisola-ecologicaq-cassano-esclusa-dal-finanziamento-regionale\/"},"author":{"name":"admin","@id":"https:\/\/archiviocassano.lavocedelpaese.info\/#\/schema\/person\/df195bc79a9b4c35127cf005f92e041b"},"headline":"Ex &#8220;Isola Ecologica&#8221;: niente finanziamento regionale","datePublished":"2013-05-21T16:14:22+00:00","mainEntityOfPage":{"@id":"https:\/\/archiviocassano.lavocedelpaese.info\/index.php\/2013\/05\/21\/ex-qisola-ecologicaq-cassano-esclusa-dal-finanziamento-regionale\/"},"wordCount":733,"commentCount":0,"publisher":{"@id":"https:\/\/archiviocassano.lavocedelpaese.info\/#organization"},"image":{"@id":"https:\/\/archiviocassano.lavocedelpaese.info\/index.php\/2013\/05\/21\/ex-qisola-ecologicaq-cassano-esclusa-dal-finanziamento-regionale\/#primaryimage"},"thumbnailUrl":"https:\/\/archiviocassano.lavocedelpaese.info\/wp-content\/uploads\/2013\/05\/isola_ecologica.jpg","articleSection":["Attualit\u00e0"],"inLanguage":"it-IT","potentialAction":[{"@type":"CommentAction","name":"Comment","target":["https:\/\/archiviocassano.lavocedelpaese.info\/index.php\/2013\/05\/21\/ex-qisola-ecologicaq-cassano-esclusa-dal-finanziamento-regionale\/#respond"]}]},{"@type":"WebPage","@id":"https:\/\/archiviocassano.lavocedelpaese.info\/index.php\/2013\/05\/21\/ex-qisola-ecologicaq-cassano-esclusa-dal-finanziamento-regionale\/","url":"https:\/\/archiviocassano.lavocedelpaese.info\/index.php\/2013\/05\/21\/ex-qisola-ecologicaq-cassano-esclusa-dal-finanziamento-regionale\/","name":"Ex \"Isola Ecologica\": niente finanziamento regionale - Archivio CassanoWeb","isPartOf":{"@id":"https:\/\/archiviocassano.lavocedelpaese.info\/#website"},"primaryImageOfPage":{"@id":"https:\/\/archiviocassano.lavocedelpaese.info\/index.php\/2013\/05\/21\/ex-qisola-ecologicaq-cassano-esclusa-dal-finanziamento-regionale\/#primaryimage"},"image":{"@id":"https:\/\/archiviocassano.lavocedelpaese.info\/index.php\/2013\/05\/21\/ex-qisola-ecologicaq-cassano-esclusa-dal-finanziamento-regionale\/#primaryimage"},"thumbnailUrl":"https:\/\/archiviocassano.lavocedelpaese.info\/wp-content\/uploads\/2013\/05\/isola_ecologica.jpg","datePublished":"2013-05-21T16:14:22+00:00","breadcrumb":{"@id":"https:\/\/archiviocassano.lavocedelpaese.info\/index.php\/2013\/05\/21\/ex-qisola-ecologicaq-cassano-esclusa-dal-finanziamento-regionale\/#breadcrumb"},"inLanguage":"it-IT","potentialAction":[{"@type":"ReadAction","target":["https:\/\/archiviocassano.lavocedelpaese.info\/index.php\/2013\/05\/21\/ex-qisola-ecologicaq-cassano-esclusa-dal-finanziamento-regionale\/"]}]},{"@type":"ImageObject","inLanguage":"it-IT","@id":"https:\/\/archiviocassano.lavocedelpaese.info\/index.php\/2013\/05\/21\/ex-qisola-ecologicaq-cassano-esclusa-dal-finanziamento-regionale\/#primaryimage","url":"https:\/\/archiviocassano.lavocedelpaese.info\/wp-content\/uploads\/2013\/05\/isola_ecologica.jpg","contentUrl":"https:\/\/archiviocassano.lavocedelpaese.info\/wp-content\/uploads\/2013\/05\/isola_ecologica.jpg","width":640,"height":300,"caption":"isola ecologica"},{"@type":"BreadcrumbList","@id":"https:\/\/archiviocassano.lavocedelpaese.info\/index.php\/2013\/05\/21\/ex-qisola-ecologicaq-cassano-esclusa-dal-finanziamento-regionale\/#breadcrumb","itemListElement":[{"@type":"ListItem","position":1,"name":"Home","item":"https:\/\/archiviocassano.lavocedelpaese.info\/"},{"@type":"ListItem","position":2,"name":"Ex &#8220;Isola Ecologica&#8221;: niente finanziamento regionale"}]},{"@type":"WebSite","@id":"https:\/\/archiviocassano.lavocedelpaese.info\/#website","url":"https:\/\/archiviocassano.lavocedelpaese.info\/","name":"Archivio CassanoWeb","description":"La Voce del Paese - un network di idee","publisher":{"@id":"https:\/\/archiviocassano.lavocedelpaese.info\/#organization"},"potentialAction":[{"@type":"SearchAction","target":{"@type":"EntryPoint","urlTemplate":"https:\/\/archiviocassano.lavocedelpaese.info\/?s={search_term_string}"},"query-input":{"@type":"PropertyValueSpecification","valueRequired":true,"valueName":"search_term_string"}}],"inLanguage":"it-IT"},{"@type":"Organization","@id":"https:\/\/archiviocassano.lavocedelpaese.info\/#organization","name":"Archivio CassanoWeb","url":"https:\/\/archiviocassano.lavocedelpaese.info\/","logo":{"@type":"ImageObject","inLanguage":"it-IT","@id":"https:\/\/archiviocassano.lavocedelpaese.info\/#\/schema\/logo\/image\/","url":"https:\/\/archiviocassano.lavocedelpaese.info\/wp-content\/uploads\/2024\/08\/logo-rosso-2.png","contentUrl":"https:\/\/archiviocassano.lavocedelpaese.info\/wp-content\/uploads\/2024\/08\/logo-rosso-2.png","width":491,"height":432,"caption":"Archivio CassanoWeb"},"image":{"@id":"https:\/\/archiviocassano.lavocedelpaese.info\/#\/schema\/logo\/image\/"},"sameAs":["https:\/\/www.facebook.com\/redazione.cassanoweb"]},{"@type":"Person","@id":"https:\/\/archiviocassano.lavocedelpaese.info\/#\/schema\/person\/df195bc79a9b4c35127cf005f92e041b","name":"admin","image":{"@type":"ImageObject","inLanguage":"it-IT","@id":"https:\/\/secure.gravatar.com\/avatar\/eabba89a432e8eaa1b0207cc55f7e5340b22712b1ed80677efcf63e02ff5b235?s=96&d=mm&r=g","url":"https:\/\/secure.gravatar.com\/avatar\/eabba89a432e8eaa1b0207cc55f7e5340b22712b1ed80677efcf63e02ff5b235?s=96&d=mm&r=g","contentUrl":"https:\/\/secure.gravatar.com\/avatar\/eabba89a432e8eaa1b0207cc55f7e5340b22712b1ed80677efcf63e02ff5b235?s=96&d=mm&r=g","caption":"admin"},"sameAs":["https:\/\/archiviocassano.lavocedelpaese.info"],"url":"https:\/\/archiviocassano.lavocedelpaese.info\/index.php\/author\/admin_0qgz1xdp\/"}]}},"_links":{"self":[{"href":"https:\/\/archiviocassano.lavocedelpaese.info\/index.php\/wp-json\/wp\/v2\/posts\/7626","targetHints":{"allow":["GET"]}}],"collection":[{"href":"https:\/\/archiviocassano.lavocedelpaese.info\/index.php\/wp-json\/wp\/v2\/posts"}],"about":[{"href":"https:\/\/archiviocassano.lavocedelpaese.info\/index.php\/wp-json\/wp\/v2\/types\/post"}],"author":[{"embeddable":true,"href":"https:\/\/archiviocassano.lavocedelpaese.info\/index.php\/wp-json\/wp\/v2\/users\/1"}],"replies":[{"embeddable":true,"href":"https:\/\/archiviocassano.lavocedelpaese.info\/index.php\/wp-json\/wp\/v2\/comments?post=7626"}],"version-history":[{"count":0,"href":"https:\/\/archiviocassano.lavocedelpaese.info\/index.php\/wp-json\/wp\/v2\/posts\/7626\/revisions"}],"wp:featuredmedia":[{"embeddable":true,"href":"https:\/\/archiviocassano.lavocedelpaese.info\/index.php\/wp-json\/wp\/v2\/media\/7625"}],"wp:attachment":[{"href":"https:\/\/archiviocassano.lavocedelpaese.info\/index.php\/wp-json\/wp\/v2\/media?parent=7626"}],"wp:term":[{"taxonomy":"category","embeddable":true,"href":"https:\/\/archiviocassano.lavocedelpaese.info\/index.php\/wp-json\/wp\/v2\/categories?post=7626"},{"taxonomy":"post_tag","embeddable":true,"href":"https:\/\/archiviocassano.lavocedelpaese.info\/index.php\/wp-json\/wp\/v2\/tags?post=7626"}],"curies":[{"name":"wp","href":"https:\/\/api.w.org\/{rel}","templated":true}]}}