{"id":7630,"date":"2013-05-22T10:27:02","date_gmt":"2013-05-22T10:27:02","guid":{"rendered":"https:\/\/archiviocassano.lavocedelpaese.info\/index.php\/2013\/05\/22\/fabio-rausa-zoosafari-qecco-il-pinguino-nato-in-cattivitaq-guarda-il-video\/"},"modified":"2013-05-22T10:27:02","modified_gmt":"2013-05-22T10:27:02","slug":"fabio-rausa-zoosafari-qecco-il-pinguino-nato-in-cattivitaq-guarda-il-video","status":"publish","type":"post","link":"https:\/\/archiviocassano.lavocedelpaese.info\/index.php\/2013\/05\/22\/fabio-rausa-zoosafari-qecco-il-pinguino-nato-in-cattivitaq-guarda-il-video\/","title":{"rendered":"Fabio Rausa: &#8220;Ecco il pinguino nato in cattivit\u00e0&#8221;"},"content":{"rendered":"<p style=\"text-align: justify;\"><img loading=\"lazy\" decoding=\"async\" class=\" size-full wp-image-7628\" alt=\"pinguino appena nato\" src=\"https:\/\/archiviocassano.lavocedelpaese.info\/wp-content\/uploads\/2013\/05\/pinguino_appena_nato.jpg\" height=\"200\" width=\"300\" \/><\/p>\n<p><!--more--><\/p>\n<p style=\"text-align: justify;\">\u201cSiamo in Puglia, fa caldo ma la Natura non bada alle latitudini ed alle condizioni climatiche, quando gli esemplari sono in perfetta forma e gli ormoni sessuali si scatenano: infatti da pochi giorni a Fasano \u00e8 nato un piccolo pinguino appartenente ad una specie protetta, originaria del Sud America e comunemente nota come \u201cSfenisco di Humboldt\u201d (nome scientifico: Spheniscus humboldti). Il piccolo \u00e8 nato da mamma Rossa (con anello rosso di riconoscimento) e da pap\u00e0 Nero (con anello nero) ed \u00e8 ancora molto diverso dai genitori, essendo goffo, grigiastro e quasi obeso\u201d.<\/p>\n<p style=\"text-align: justify;\">La nascita del piccolo l\u2019annuncia, con una nota, <strong>Fabio Rausa, Direttore Zoologico dello \u201cZoosafari\u201d di Fasano, <\/strong>cassanese d\u2019adozione.<\/p>\n<p style=\"text-align: justify;\">\u201cI genitori \u2013 spiega ancora Rausa &#8211; hanno covato l\u2019uovo a turno (ma \u00e8 la femmina che compie il grosso della fatica) per circa 40-42 giorni, poi finalmente la schiusa. Non abbiamo ancora dato un nome preciso al \u201cpersonaggio\u201d di cui sopra, non avendone ancora verificato il sesso, che in questa specie non \u00e8 evidente somaticamente (non vi \u00e8 in pratica alcun dimorfismo sessuale apparente); lo faremo quanto prima, quando spunteranno le prime penne e si potr\u00e0 procedere cos\u00ec al sessaggio proprio a mezzo lettura del Dna di una penna. Il nostro gruppo di pinguini \u00e8 costituito da 5 esemplari adulti oltre ad 1 giovane nato qui nel 2012; gli adulti sono tutti nati in cattivit\u00e0 in altri parchi esteri e giunti qui a Fasano uno nel 1995 ed i restanti nel 2006. In questa specie i pulcini non sono proprio bellissimi ma entro poche settimane diventano eleganti e regali come tutti gli adulti di questa rara specie, superprotetta dalla cosiddetta Cites, cio\u00e8 la Convenzione di Washington siglata da quasi tutti i Paesi del mondo per la salvaguardia delle specie in pericolo di estinzione&#8221;.<\/p>\n<p style=\"text-align: center;\"><img loading=\"lazy\" decoding=\"async\" class=\" size-full wp-image-7629\" style=\"margin-right: 2px; margin-left: 2px;\" alt=\"cicogne5\" src=\"https:\/\/archiviocassano.lavocedelpaese.info\/wp-content\/uploads\/2013\/05\/cicogne5.jpg\" height=\"360\" width=\"500\" srcset=\"https:\/\/archiviocassano.lavocedelpaese.info\/wp-content\/uploads\/2013\/05\/cicogne5.jpg 500w, https:\/\/archiviocassano.lavocedelpaese.info\/wp-content\/uploads\/2013\/05\/cicogne5-300x216.jpg 300w\" sizes=\"auto, (max-width: 500px) 100vw, 500px\" \/><\/p>\n<p style=\"text-align: justify;\">&nbsp;<\/p>\n<p style=\"text-align: justify;\">Il Direttore del parco fasanese riprende poi &#8220;una storia che nel 2012 fece rumore e che \u00e8 sotto gli occhi di tutti i visitatori dello Zoosafari di Fasano, su di una palma antistante il grande piazzale esterno d\u2019accesso: racconta di una nostra femmina di cicogna bianca che vive libera nel nostro Parco insieme a 23 sue consimili, tutte provenienti da un Centro di Recupero polacco che le ospitava perch\u00e9 raccolte nel loro ambiente naturale ferite o ammalate. Questo nutrito gruppo di esemplari, proprio perch\u00e9 non pi\u00f9 recuperabile per il reinserimento in natura, fu affidato a noi e sin dal loro arrivo, avvenuto il 27 ottobre del 2008, rappresentano un imperdibile spettacolo di fascino ed eleganza. Fil\u00f9, questo il suo nome familiarmente assegnatole dai rangers del Parco, l\u2019anno scorsa \u00e8 diventata famosa perch\u00e9 aveva costruito il suo enorme nido di stecchi proprio sulla chioma un po\u2019 spoglia di questa palma alta circa 6 metri ed in esso aveva deposto le sue uova, tra gli sguardi increduli di tutti i visitatori. Quella palma pareva definitivamente morta a causa del famigerato \u201cpunteruolo rosso\u201d ma poi aveva ripreso a germogliare proprio quando la cicogna l\u2019aveva scelta come base per il suo nido. Quella volta comunque le uova non si schiusero mentre in questi gironi Fil\u00f9 ci ha riprovato e finalmente si vedono gi\u00e0 le testoline dei suoi pulcini affamati. Anche altre coppie hanno nidificato qui nel 2013, alcune comunque non sono state in grado di allevare bene i pulcini per inesperienza ed alcuni di questi sono ora sotto le affettuose cure dei nostri rangers, che li stanno imbeccando artificialmente.<\/p>\n<p style=\"text-align: justify;\">Con queste e tante altre nascite in ambito di specie ad alto rischio di estinzione, i parchi faunistici in generale assolvono appieno al loro ruolo istituzionale, imposto sia dalle normative internazionali che dall\u2019etica professionale, che \u00e8 quello di fungere da riserva biologica per le specie che vanno scomparendo dagli habitat naturali o da quello che ne resta. Lo Zoosafari di Fasano contribuisce tantissimo a questa causa comune, anche grazie agli innumerevoli programmi sviluppati per la didattica, la ricerca e la conservazione delle specie rare\u201d.<\/p>\n<p><span style=\"font-size: 12pt;\"><strong><a target=\"_blank\" href=\"http:\/\/www.youtube.com\/watch?v=17zCc3kXRC4&amp;feature=youtu.be\" rel=\"noopener\">Guarda il video del pulcino<\/a><\/strong><\/span><br style=\"text-align: justify;\" \/>&nbsp;<\/p>\n","protected":false},"excerpt":{"rendered":"","protected":false},"author":1,"featured_media":7628,"comment_status":"open","ping_status":"closed","sticky":false,"template":"","format":"standard","meta":{"colormag_page_container_layout":"default_layout","colormag_page_sidebar_layout":"default_layout","footnotes":""},"categories":[7],"tags":[],"class_list":["post-7630","post","type-post","status-publish","format-standard","has-post-thumbnail","hentry","category-attualita"],"yoast_head":"<!-- This site is optimized with the Yoast SEO plugin v27.5 - https:\/\/yoast.com\/product\/yoast-seo-wordpress\/ -->\n<title>Fabio Rausa: &quot;Ecco il pinguino nato in cattivit\u00e0&quot; - Archivio CassanoWeb<\/title>\n<meta name=\"robots\" content=\"index, follow, max-snippet:-1, max-image-preview:large, max-video-preview:-1\" \/>\n<link rel=\"canonical\" href=\"https:\/\/archiviocassano.lavocedelpaese.info\/index.php\/2013\/05\/22\/fabio-rausa-zoosafari-qecco-il-pinguino-nato-in-cattivitaq-guarda-il-video\/\" \/>\n<meta property=\"og:locale\" content=\"it_IT\" \/>\n<meta property=\"og:type\" content=\"article\" \/>\n<meta property=\"og:title\" content=\"Fabio Rausa: &quot;Ecco il pinguino nato in cattivit\u00e0&quot; - Archivio CassanoWeb\" \/>\n<meta property=\"og:url\" content=\"https:\/\/archiviocassano.lavocedelpaese.info\/index.php\/2013\/05\/22\/fabio-rausa-zoosafari-qecco-il-pinguino-nato-in-cattivitaq-guarda-il-video\/\" \/>\n<meta property=\"og:site_name\" content=\"Archivio CassanoWeb\" \/>\n<meta property=\"article:publisher\" content=\"https:\/\/www.facebook.com\/redazione.cassanoweb\" \/>\n<meta property=\"article:published_time\" content=\"2013-05-22T10:27:02+00:00\" \/>\n<meta property=\"og:image\" content=\"https:\/\/archiviocassano.lavocedelpaese.info\/wp-content\/uploads\/2013\/05\/pinguino_appena_nato.jpg\" \/>\n\t<meta property=\"og:image:width\" content=\"600\" \/>\n\t<meta property=\"og:image:height\" content=\"413\" \/>\n\t<meta property=\"og:image:type\" content=\"image\/jpeg\" \/>\n<meta name=\"author\" content=\"admin\" \/>\n<meta name=\"twitter:card\" content=\"summary_large_image\" \/>\n<meta name=\"twitter:label1\" content=\"Scritto da\" \/>\n\t<meta name=\"twitter:data1\" content=\"admin\" \/>\n\t<meta name=\"twitter:label2\" content=\"Tempo di lettura stimato\" \/>\n\t<meta name=\"twitter:data2\" content=\"3 minuti\" \/>\n<script type=\"application\/ld+json\" class=\"yoast-schema-graph\">{\"@context\":\"https:\\\/\\\/schema.org\",\"@graph\":[{\"@type\":\"Article\",\"@id\":\"https:\\\/\\\/archiviocassano.lavocedelpaese.info\\\/index.php\\\/2013\\\/05\\\/22\\\/fabio-rausa-zoosafari-qecco-il-pinguino-nato-in-cattivitaq-guarda-il-video\\\/#article\",\"isPartOf\":{\"@id\":\"https:\\\/\\\/archiviocassano.lavocedelpaese.info\\\/index.php\\\/2013\\\/05\\\/22\\\/fabio-rausa-zoosafari-qecco-il-pinguino-nato-in-cattivitaq-guarda-il-video\\\/\"},\"author\":{\"name\":\"admin\",\"@id\":\"https:\\\/\\\/archiviocassano.lavocedelpaese.info\\\/#\\\/schema\\\/person\\\/df195bc79a9b4c35127cf005f92e041b\"},\"headline\":\"Fabio Rausa: &#8220;Ecco il pinguino nato in cattivit\u00e0&#8221;\",\"datePublished\":\"2013-05-22T10:27:02+00:00\",\"mainEntityOfPage\":{\"@id\":\"https:\\\/\\\/archiviocassano.lavocedelpaese.info\\\/index.php\\\/2013\\\/05\\\/22\\\/fabio-rausa-zoosafari-qecco-il-pinguino-nato-in-cattivitaq-guarda-il-video\\\/\"},\"wordCount\":643,\"commentCount\":0,\"publisher\":{\"@id\":\"https:\\\/\\\/archiviocassano.lavocedelpaese.info\\\/#organization\"},\"image\":{\"@id\":\"https:\\\/\\\/archiviocassano.lavocedelpaese.info\\\/index.php\\\/2013\\\/05\\\/22\\\/fabio-rausa-zoosafari-qecco-il-pinguino-nato-in-cattivitaq-guarda-il-video\\\/#primaryimage\"},\"thumbnailUrl\":\"https:\\\/\\\/archiviocassano.lavocedelpaese.info\\\/wp-content\\\/uploads\\\/2013\\\/05\\\/pinguino_appena_nato.jpg\",\"articleSection\":[\"Attualit\u00e0\"],\"inLanguage\":\"it-IT\",\"potentialAction\":[{\"@type\":\"CommentAction\",\"name\":\"Comment\",\"target\":[\"https:\\\/\\\/archiviocassano.lavocedelpaese.info\\\/index.php\\\/2013\\\/05\\\/22\\\/fabio-rausa-zoosafari-qecco-il-pinguino-nato-in-cattivitaq-guarda-il-video\\\/#respond\"]}]},{\"@type\":\"WebPage\",\"@id\":\"https:\\\/\\\/archiviocassano.lavocedelpaese.info\\\/index.php\\\/2013\\\/05\\\/22\\\/fabio-rausa-zoosafari-qecco-il-pinguino-nato-in-cattivitaq-guarda-il-video\\\/\",\"url\":\"https:\\\/\\\/archiviocassano.lavocedelpaese.info\\\/index.php\\\/2013\\\/05\\\/22\\\/fabio-rausa-zoosafari-qecco-il-pinguino-nato-in-cattivitaq-guarda-il-video\\\/\",\"name\":\"Fabio Rausa: \\\"Ecco il pinguino nato in cattivit\u00e0\\\" - Archivio CassanoWeb\",\"isPartOf\":{\"@id\":\"https:\\\/\\\/archiviocassano.lavocedelpaese.info\\\/#website\"},\"primaryImageOfPage\":{\"@id\":\"https:\\\/\\\/archiviocassano.lavocedelpaese.info\\\/index.php\\\/2013\\\/05\\\/22\\\/fabio-rausa-zoosafari-qecco-il-pinguino-nato-in-cattivitaq-guarda-il-video\\\/#primaryimage\"},\"image\":{\"@id\":\"https:\\\/\\\/archiviocassano.lavocedelpaese.info\\\/index.php\\\/2013\\\/05\\\/22\\\/fabio-rausa-zoosafari-qecco-il-pinguino-nato-in-cattivitaq-guarda-il-video\\\/#primaryimage\"},\"thumbnailUrl\":\"https:\\\/\\\/archiviocassano.lavocedelpaese.info\\\/wp-content\\\/uploads\\\/2013\\\/05\\\/pinguino_appena_nato.jpg\",\"datePublished\":\"2013-05-22T10:27:02+00:00\",\"breadcrumb\":{\"@id\":\"https:\\\/\\\/archiviocassano.lavocedelpaese.info\\\/index.php\\\/2013\\\/05\\\/22\\\/fabio-rausa-zoosafari-qecco-il-pinguino-nato-in-cattivitaq-guarda-il-video\\\/#breadcrumb\"},\"inLanguage\":\"it-IT\",\"potentialAction\":[{\"@type\":\"ReadAction\",\"target\":[\"https:\\\/\\\/archiviocassano.lavocedelpaese.info\\\/index.php\\\/2013\\\/05\\\/22\\\/fabio-rausa-zoosafari-qecco-il-pinguino-nato-in-cattivitaq-guarda-il-video\\\/\"]}]},{\"@type\":\"ImageObject\",\"inLanguage\":\"it-IT\",\"@id\":\"https:\\\/\\\/archiviocassano.lavocedelpaese.info\\\/index.php\\\/2013\\\/05\\\/22\\\/fabio-rausa-zoosafari-qecco-il-pinguino-nato-in-cattivitaq-guarda-il-video\\\/#primaryimage\",\"url\":\"https:\\\/\\\/archiviocassano.lavocedelpaese.info\\\/wp-content\\\/uploads\\\/2013\\\/05\\\/pinguino_appena_nato.jpg\",\"contentUrl\":\"https:\\\/\\\/archiviocassano.lavocedelpaese.info\\\/wp-content\\\/uploads\\\/2013\\\/05\\\/pinguino_appena_nato.jpg\",\"width\":600,\"height\":413,\"caption\":\"pinguino appena nato\"},{\"@type\":\"BreadcrumbList\",\"@id\":\"https:\\\/\\\/archiviocassano.lavocedelpaese.info\\\/index.php\\\/2013\\\/05\\\/22\\\/fabio-rausa-zoosafari-qecco-il-pinguino-nato-in-cattivitaq-guarda-il-video\\\/#breadcrumb\",\"itemListElement\":[{\"@type\":\"ListItem\",\"position\":1,\"name\":\"Home\",\"item\":\"https:\\\/\\\/archiviocassano.lavocedelpaese.info\\\/\"},{\"@type\":\"ListItem\",\"position\":2,\"name\":\"Fabio Rausa: &#8220;Ecco il pinguino nato in cattivit\u00e0&#8221;\"}]},{\"@type\":\"WebSite\",\"@id\":\"https:\\\/\\\/archiviocassano.lavocedelpaese.info\\\/#website\",\"url\":\"https:\\\/\\\/archiviocassano.lavocedelpaese.info\\\/\",\"name\":\"Archivio CassanoWeb\",\"description\":\"La Voce del Paese - un network di idee\",\"publisher\":{\"@id\":\"https:\\\/\\\/archiviocassano.lavocedelpaese.info\\\/#organization\"},\"potentialAction\":[{\"@type\":\"SearchAction\",\"target\":{\"@type\":\"EntryPoint\",\"urlTemplate\":\"https:\\\/\\\/archiviocassano.lavocedelpaese.info\\\/?s={search_term_string}\"},\"query-input\":{\"@type\":\"PropertyValueSpecification\",\"valueRequired\":true,\"valueName\":\"search_term_string\"}}],\"inLanguage\":\"it-IT\"},{\"@type\":\"Organization\",\"@id\":\"https:\\\/\\\/archiviocassano.lavocedelpaese.info\\\/#organization\",\"name\":\"Archivio CassanoWeb\",\"url\":\"https:\\\/\\\/archiviocassano.lavocedelpaese.info\\\/\",\"logo\":{\"@type\":\"ImageObject\",\"inLanguage\":\"it-IT\",\"@id\":\"https:\\\/\\\/archiviocassano.lavocedelpaese.info\\\/#\\\/schema\\\/logo\\\/image\\\/\",\"url\":\"https:\\\/\\\/archiviocassano.lavocedelpaese.info\\\/wp-content\\\/uploads\\\/2024\\\/08\\\/logo-rosso-2.png\",\"contentUrl\":\"https:\\\/\\\/archiviocassano.lavocedelpaese.info\\\/wp-content\\\/uploads\\\/2024\\\/08\\\/logo-rosso-2.png\",\"width\":491,\"height\":432,\"caption\":\"Archivio CassanoWeb\"},\"image\":{\"@id\":\"https:\\\/\\\/archiviocassano.lavocedelpaese.info\\\/#\\\/schema\\\/logo\\\/image\\\/\"},\"sameAs\":[\"https:\\\/\\\/www.facebook.com\\\/redazione.cassanoweb\"]},{\"@type\":\"Person\",\"@id\":\"https:\\\/\\\/archiviocassano.lavocedelpaese.info\\\/#\\\/schema\\\/person\\\/df195bc79a9b4c35127cf005f92e041b\",\"name\":\"admin\",\"image\":{\"@type\":\"ImageObject\",\"inLanguage\":\"it-IT\",\"@id\":\"https:\\\/\\\/secure.gravatar.com\\\/avatar\\\/eabba89a432e8eaa1b0207cc55f7e5340b22712b1ed80677efcf63e02ff5b235?s=96&d=mm&r=g\",\"url\":\"https:\\\/\\\/secure.gravatar.com\\\/avatar\\\/eabba89a432e8eaa1b0207cc55f7e5340b22712b1ed80677efcf63e02ff5b235?s=96&d=mm&r=g\",\"contentUrl\":\"https:\\\/\\\/secure.gravatar.com\\\/avatar\\\/eabba89a432e8eaa1b0207cc55f7e5340b22712b1ed80677efcf63e02ff5b235?s=96&d=mm&r=g\",\"caption\":\"admin\"},\"sameAs\":[\"https:\\\/\\\/archiviocassano.lavocedelpaese.info\"],\"url\":\"https:\\\/\\\/archiviocassano.lavocedelpaese.info\\\/index.php\\\/author\\\/admin_0qgz1xdp\\\/\"}]}<\/script>\n<!-- \/ Yoast SEO plugin. -->","yoast_head_json":{"title":"Fabio Rausa: \"Ecco il pinguino nato in cattivit\u00e0\" - Archivio CassanoWeb","robots":{"index":"index","follow":"follow","max-snippet":"max-snippet:-1","max-image-preview":"max-image-preview:large","max-video-preview":"max-video-preview:-1"},"canonical":"https:\/\/archiviocassano.lavocedelpaese.info\/index.php\/2013\/05\/22\/fabio-rausa-zoosafari-qecco-il-pinguino-nato-in-cattivitaq-guarda-il-video\/","og_locale":"it_IT","og_type":"article","og_title":"Fabio Rausa: \"Ecco il pinguino nato in cattivit\u00e0\" - Archivio CassanoWeb","og_url":"https:\/\/archiviocassano.lavocedelpaese.info\/index.php\/2013\/05\/22\/fabio-rausa-zoosafari-qecco-il-pinguino-nato-in-cattivitaq-guarda-il-video\/","og_site_name":"Archivio CassanoWeb","article_publisher":"https:\/\/www.facebook.com\/redazione.cassanoweb","article_published_time":"2013-05-22T10:27:02+00:00","og_image":[{"width":600,"height":413,"url":"https:\/\/archiviocassano.lavocedelpaese.info\/wp-content\/uploads\/2013\/05\/pinguino_appena_nato.jpg","type":"image\/jpeg"}],"author":"admin","twitter_card":"summary_large_image","twitter_misc":{"Scritto da":"admin","Tempo di lettura stimato":"3 minuti"},"schema":{"@context":"https:\/\/schema.org","@graph":[{"@type":"Article","@id":"https:\/\/archiviocassano.lavocedelpaese.info\/index.php\/2013\/05\/22\/fabio-rausa-zoosafari-qecco-il-pinguino-nato-in-cattivitaq-guarda-il-video\/#article","isPartOf":{"@id":"https:\/\/archiviocassano.lavocedelpaese.info\/index.php\/2013\/05\/22\/fabio-rausa-zoosafari-qecco-il-pinguino-nato-in-cattivitaq-guarda-il-video\/"},"author":{"name":"admin","@id":"https:\/\/archiviocassano.lavocedelpaese.info\/#\/schema\/person\/df195bc79a9b4c35127cf005f92e041b"},"headline":"Fabio Rausa: &#8220;Ecco il pinguino nato in cattivit\u00e0&#8221;","datePublished":"2013-05-22T10:27:02+00:00","mainEntityOfPage":{"@id":"https:\/\/archiviocassano.lavocedelpaese.info\/index.php\/2013\/05\/22\/fabio-rausa-zoosafari-qecco-il-pinguino-nato-in-cattivitaq-guarda-il-video\/"},"wordCount":643,"commentCount":0,"publisher":{"@id":"https:\/\/archiviocassano.lavocedelpaese.info\/#organization"},"image":{"@id":"https:\/\/archiviocassano.lavocedelpaese.info\/index.php\/2013\/05\/22\/fabio-rausa-zoosafari-qecco-il-pinguino-nato-in-cattivitaq-guarda-il-video\/#primaryimage"},"thumbnailUrl":"https:\/\/archiviocassano.lavocedelpaese.info\/wp-content\/uploads\/2013\/05\/pinguino_appena_nato.jpg","articleSection":["Attualit\u00e0"],"inLanguage":"it-IT","potentialAction":[{"@type":"CommentAction","name":"Comment","target":["https:\/\/archiviocassano.lavocedelpaese.info\/index.php\/2013\/05\/22\/fabio-rausa-zoosafari-qecco-il-pinguino-nato-in-cattivitaq-guarda-il-video\/#respond"]}]},{"@type":"WebPage","@id":"https:\/\/archiviocassano.lavocedelpaese.info\/index.php\/2013\/05\/22\/fabio-rausa-zoosafari-qecco-il-pinguino-nato-in-cattivitaq-guarda-il-video\/","url":"https:\/\/archiviocassano.lavocedelpaese.info\/index.php\/2013\/05\/22\/fabio-rausa-zoosafari-qecco-il-pinguino-nato-in-cattivitaq-guarda-il-video\/","name":"Fabio Rausa: \"Ecco il pinguino nato in cattivit\u00e0\" - Archivio CassanoWeb","isPartOf":{"@id":"https:\/\/archiviocassano.lavocedelpaese.info\/#website"},"primaryImageOfPage":{"@id":"https:\/\/archiviocassano.lavocedelpaese.info\/index.php\/2013\/05\/22\/fabio-rausa-zoosafari-qecco-il-pinguino-nato-in-cattivitaq-guarda-il-video\/#primaryimage"},"image":{"@id":"https:\/\/archiviocassano.lavocedelpaese.info\/index.php\/2013\/05\/22\/fabio-rausa-zoosafari-qecco-il-pinguino-nato-in-cattivitaq-guarda-il-video\/#primaryimage"},"thumbnailUrl":"https:\/\/archiviocassano.lavocedelpaese.info\/wp-content\/uploads\/2013\/05\/pinguino_appena_nato.jpg","datePublished":"2013-05-22T10:27:02+00:00","breadcrumb":{"@id":"https:\/\/archiviocassano.lavocedelpaese.info\/index.php\/2013\/05\/22\/fabio-rausa-zoosafari-qecco-il-pinguino-nato-in-cattivitaq-guarda-il-video\/#breadcrumb"},"inLanguage":"it-IT","potentialAction":[{"@type":"ReadAction","target":["https:\/\/archiviocassano.lavocedelpaese.info\/index.php\/2013\/05\/22\/fabio-rausa-zoosafari-qecco-il-pinguino-nato-in-cattivitaq-guarda-il-video\/"]}]},{"@type":"ImageObject","inLanguage":"it-IT","@id":"https:\/\/archiviocassano.lavocedelpaese.info\/index.php\/2013\/05\/22\/fabio-rausa-zoosafari-qecco-il-pinguino-nato-in-cattivitaq-guarda-il-video\/#primaryimage","url":"https:\/\/archiviocassano.lavocedelpaese.info\/wp-content\/uploads\/2013\/05\/pinguino_appena_nato.jpg","contentUrl":"https:\/\/archiviocassano.lavocedelpaese.info\/wp-content\/uploads\/2013\/05\/pinguino_appena_nato.jpg","width":600,"height":413,"caption":"pinguino appena nato"},{"@type":"BreadcrumbList","@id":"https:\/\/archiviocassano.lavocedelpaese.info\/index.php\/2013\/05\/22\/fabio-rausa-zoosafari-qecco-il-pinguino-nato-in-cattivitaq-guarda-il-video\/#breadcrumb","itemListElement":[{"@type":"ListItem","position":1,"name":"Home","item":"https:\/\/archiviocassano.lavocedelpaese.info\/"},{"@type":"ListItem","position":2,"name":"Fabio Rausa: &#8220;Ecco il pinguino nato in cattivit\u00e0&#8221;"}]},{"@type":"WebSite","@id":"https:\/\/archiviocassano.lavocedelpaese.info\/#website","url":"https:\/\/archiviocassano.lavocedelpaese.info\/","name":"Archivio CassanoWeb","description":"La Voce del Paese - un network di idee","publisher":{"@id":"https:\/\/archiviocassano.lavocedelpaese.info\/#organization"},"potentialAction":[{"@type":"SearchAction","target":{"@type":"EntryPoint","urlTemplate":"https:\/\/archiviocassano.lavocedelpaese.info\/?s={search_term_string}"},"query-input":{"@type":"PropertyValueSpecification","valueRequired":true,"valueName":"search_term_string"}}],"inLanguage":"it-IT"},{"@type":"Organization","@id":"https:\/\/archiviocassano.lavocedelpaese.info\/#organization","name":"Archivio CassanoWeb","url":"https:\/\/archiviocassano.lavocedelpaese.info\/","logo":{"@type":"ImageObject","inLanguage":"it-IT","@id":"https:\/\/archiviocassano.lavocedelpaese.info\/#\/schema\/logo\/image\/","url":"https:\/\/archiviocassano.lavocedelpaese.info\/wp-content\/uploads\/2024\/08\/logo-rosso-2.png","contentUrl":"https:\/\/archiviocassano.lavocedelpaese.info\/wp-content\/uploads\/2024\/08\/logo-rosso-2.png","width":491,"height":432,"caption":"Archivio CassanoWeb"},"image":{"@id":"https:\/\/archiviocassano.lavocedelpaese.info\/#\/schema\/logo\/image\/"},"sameAs":["https:\/\/www.facebook.com\/redazione.cassanoweb"]},{"@type":"Person","@id":"https:\/\/archiviocassano.lavocedelpaese.info\/#\/schema\/person\/df195bc79a9b4c35127cf005f92e041b","name":"admin","image":{"@type":"ImageObject","inLanguage":"it-IT","@id":"https:\/\/secure.gravatar.com\/avatar\/eabba89a432e8eaa1b0207cc55f7e5340b22712b1ed80677efcf63e02ff5b235?s=96&d=mm&r=g","url":"https:\/\/secure.gravatar.com\/avatar\/eabba89a432e8eaa1b0207cc55f7e5340b22712b1ed80677efcf63e02ff5b235?s=96&d=mm&r=g","contentUrl":"https:\/\/secure.gravatar.com\/avatar\/eabba89a432e8eaa1b0207cc55f7e5340b22712b1ed80677efcf63e02ff5b235?s=96&d=mm&r=g","caption":"admin"},"sameAs":["https:\/\/archiviocassano.lavocedelpaese.info"],"url":"https:\/\/archiviocassano.lavocedelpaese.info\/index.php\/author\/admin_0qgz1xdp\/"}]}},"_links":{"self":[{"href":"https:\/\/archiviocassano.lavocedelpaese.info\/index.php\/wp-json\/wp\/v2\/posts\/7630","targetHints":{"allow":["GET"]}}],"collection":[{"href":"https:\/\/archiviocassano.lavocedelpaese.info\/index.php\/wp-json\/wp\/v2\/posts"}],"about":[{"href":"https:\/\/archiviocassano.lavocedelpaese.info\/index.php\/wp-json\/wp\/v2\/types\/post"}],"author":[{"embeddable":true,"href":"https:\/\/archiviocassano.lavocedelpaese.info\/index.php\/wp-json\/wp\/v2\/users\/1"}],"replies":[{"embeddable":true,"href":"https:\/\/archiviocassano.lavocedelpaese.info\/index.php\/wp-json\/wp\/v2\/comments?post=7630"}],"version-history":[{"count":0,"href":"https:\/\/archiviocassano.lavocedelpaese.info\/index.php\/wp-json\/wp\/v2\/posts\/7630\/revisions"}],"wp:featuredmedia":[{"embeddable":true,"href":"https:\/\/archiviocassano.lavocedelpaese.info\/index.php\/wp-json\/wp\/v2\/media\/7628"}],"wp:attachment":[{"href":"https:\/\/archiviocassano.lavocedelpaese.info\/index.php\/wp-json\/wp\/v2\/media?parent=7630"}],"wp:term":[{"taxonomy":"category","embeddable":true,"href":"https:\/\/archiviocassano.lavocedelpaese.info\/index.php\/wp-json\/wp\/v2\/categories?post=7630"},{"taxonomy":"post_tag","embeddable":true,"href":"https:\/\/archiviocassano.lavocedelpaese.info\/index.php\/wp-json\/wp\/v2\/tags?post=7630"}],"curies":[{"name":"wp","href":"https:\/\/api.w.org\/{rel}","templated":true}]}}