{"id":766,"date":"2010-01-03T18:01:19","date_gmt":"2010-01-03T18:01:19","guid":{"rendered":"https:\/\/archiviocassano.lavocedelpaese.info\/index.php\/2010\/01\/03\/un-anno-con-cassanoweb\/"},"modified":"2010-01-03T18:01:19","modified_gmt":"2010-01-03T18:01:19","slug":"un-anno-con-cassanoweb","status":"publish","type":"post","link":"https:\/\/archiviocassano.lavocedelpaese.info\/index.php\/2010\/01\/03\/un-anno-con-cassanoweb\/","title":{"rendered":"2009: UN ANNO CON CASSANOWEB"},"content":{"rendered":"<p><img loading=\"lazy\" decoding=\"async\" class=\" size-full wp-image-765\" src=\"https:\/\/archiviocassano.lavocedelpaese.info\/wp-content\/uploads\/2010\/01\/primo_compleanno.jpg\" alt=\"primo_compleanno\" height=\"156\" width=\"320\" srcset=\"https:\/\/archiviocassano.lavocedelpaese.info\/wp-content\/uploads\/2010\/01\/primo_compleanno.jpg 410w, https:\/\/archiviocassano.lavocedelpaese.info\/wp-content\/uploads\/2010\/01\/primo_compleanno-300x146.jpg 300w\" sizes=\"auto, (max-width: 320px) 100vw, 320px\" \/><\/p>\n<p><!--more--><\/p>\n<p style=\"text-align: justify;\">Un anno fa, nasceva CassanoWeb, anello di un pi\u00f9 grande network \u201cLa voce del paese\u201d. Vi abbiamo raccontato la vita di Cassano e dei cassanesi, a nostro modo: con forza, a volte sbagliando, mai tacendo.<\/p>\n<p style=\"text-align: justify;\">Centinaia e centinaia di articoli, migliaia di foto, decine di video prodotti da una piccola redazione che ha la passione di raccontare e far capire. Un grazie, dunque va a chi ci ha dato questa possibilit\u00e0: Fabrizio e Nicola innanzitutto ed anche a chi questa possibilit\u00e0 l\u2019ha resa concreta: Angelo, Paola, Giuseppe, Ettore. Senza dimenticare coloro che ci hanno dato una mano, sporadica ma preziosa: Giulia, Francesca, Antonio, Rossano, Giuseppe, Nicla, Conny e tanti, tanti altri.<\/p>\n<p style=\"text-align: justify;\">Soprattutto, grazie a voi lettori: siete cresciuti in maniera impressionante e della vostra attenzione rechiamo, ogni giorno, piena responsabilit\u00e0. Per voi abbiamo ripercorso brevemente il 2009 con i fatti pi\u00f9 salienti di politica, cronaca, cultura e sport.<\/p>\n<p style=\"text-align: justify;\">&nbsp;<\/p>\n<p style=\"text-align: justify;\">Felice 2010 e \u2026buona lettura.<\/p>\n<p><strong>&nbsp;<\/strong><\/p>\n<p style=\"text-align: justify;\"><strong>Politica<\/strong><\/p>\n<p style=\"text-align: justify;\"><strong>&nbsp;<\/strong>E\u2019 l\u2019anno delle elezioni amministrative e del rinnovo di Sindaco e Consiglio Comunale. Gi\u00e0 a gennaio si conoscono i nomi di due candidati sindaco: Rico Arganese per il centrosinistra e Teodoro Santorsola per l\u2019amministrazione uscente unita nella lista \u201cNuova Idea Domani\u201d. Si comincia a parlare anche di Maria Pia Di Medio come terzo candidato sindaco che correrebbe per il PdL ma il leader cassanese del partito, Ignazio Zullo prima smentisce poi conferma che sar\u00e0 la dottoressa \u201cromana\u201d a correre per la poltrona di sindaco, la prima volta per una donna, a Cassano.<\/p>\n<p style=\"text-align: justify;\">Dopo il congresso fondativo di Roma, nasce il PdL cassanese, con diversi esponenti di AN che lasciano Santorsola (2 aprile).<\/p>\n<p style=\"text-align: justify;\">Il 21 aprile le liste vengono \u201cufficializzate\u201d. Si voter\u00e0 il 6 e 7 giugno e gli elettori saranno chiamati a scegliere tra \u201cNuova Idea Domani\u201d con candidato sindaco Teodoro Santorsola; \u201cVivi Cassano\u201d (centrosinistra) con candidato sindaco Quirico Arganese; \u201cCassano per la libert\u00e0\u201d (centrodestra) con candidata sindaco Maria Pia Di Medio. Si sono \u201cperse per strada\u201d la lista civica di Tonino Giordano, \u201cInsieme per Cassano\u201d e le velleit\u00e0 di Saverio Viapiano a correre da solo con l\u2019Udc di Ciccio Antelmi.<\/p>\n<p style=\"text-align: justify;\">Si vota anche per le provinciali: CassanoWeb scrive che il sindaco uscente Giuseppe Gentile correr\u00e0 per l\u2019Italia dei Valori (23 febbraio). Nessuno ci crede ma poi non solo Gentile si candider\u00e0 con l\u2019IdV ma sar\u00e0 anche eletto.<\/p>\n<p style=\"text-align: justify;\">E\u2019 ufficiale: con 3.829 voti di preferenza (il 43,08%), Maria Pia Di Medio della lista &#8220;Cassano per la Libert\u00e0&#8221; \u00e8 il nuovo sindaco di Cassano delle Murge, la prima volta nella storia di Cassano che una donna conquista il gradino pi\u00f9 alto del Palazzo Comunale (8 giugno).<strong><\/strong><\/p>\n<p style=\"text-align: justify;\">Cassano ha il suo consigliere provinciale: \u00e8 Giuseppe Gentile (IdV) che nel collegio Santeramo-Cassano raccoglie<strong> <\/strong>2278 voti pari al&nbsp;28,3% delle preferenze. Cassano torna in Provincia con un rappresentante dopo trent\u2019anni.&nbsp;&nbsp;<\/p>\n<p style=\"text-align: justify;\">Nasce il Circolo Cassanese de \u201cL\u2019Italia dei Valori\u201d. Presidente \u00e8 Lucio Lanzolla. La sede: piazza Garibaldi n. 32 (14 luglio).<\/p>\n<p style=\"text-align: justify;\">Massimo Bongallino \u00e8 il nuovo segretario di Rifondazione Comunista di Cassano: prende ufficialmente il posto del segretario uscente Giuseppe Battista, dimissionario a causa di motivi di lavoro (14 novembre).<\/p>\n<p style=\"text-align: justify;\">&nbsp;<\/p>\n<p style=\"text-align: justify;\"><strong>Ambiente<\/strong><\/p>\n<p style=\"text-align: justify;\"><strong>&nbsp;<\/strong><\/p>\n<p style=\"text-align: justify;\">La raccolta differenziata, a fine 2008, si ferma al 9%, davvero un bassissimo risultato. Intanto la Guardia di Finanza sequestra tre discariche abusive nel corso dell\u2019anno: amianto, materiali di risulta, pneumatici.<\/p>\n<p style=\"text-align: justify;\">Le buone notizie vengono dalle energie rinnovabili: a gennaio viene connesso alla rete nazionale il primo impianto fotovoltaico realizzato in agro di Cassano dalla Murge Green Power S.r.l. Se ne aggiungeranno altri due, durante l\u2019anno per una potenza complessiva di 3MW.<\/p>\n<p style=\"text-align: justify;\">Forte nevicata a met\u00e0 febbraio: le scuole restano chiuse il 20 e 21.<\/p>\n<p style=\"text-align: justify;\">Si chiama Ophrys murgiana ed \u00e8 una nuova specie di orchidea selvatica scoperta nel Parco dell\u2019Alta Murgia (25 maggio).<\/p>\n<p>A Serra Laudati, la Polizia Municipale sequestra un cantiere abusivo in una zona sottoposta a vincoli paesaggistici e ambientali (12 giugno).<\/p>\n<p>&nbsp;<\/p>\n<p><strong>Cronaca nera<\/strong><\/p>\n<p style=\"text-align: justify;\">La Guardia di Finanza sequestra armi e munizioni in un casa di campagna: apparterrebbero ad un clan criminale di Bari (3 marzo).<\/p>\n<p style=\"text-align: justify;\">Viene arrestato dalla Polizia Salvatore Caramuscio, 40enne di Surbo, nome di spicco della Sacra Corona Unita: si nascondeva in una casa nel centro storico di Cassano (8 marzo).<\/p>\n<p style=\"text-align: justify;\">Un uomo di 35 anni, barese ma residente a Cassano, viene arrestato per violenza sessuale nei confronti della suocera (10 aprile).<\/p>\n<p style=\"text-align: justify;\">Con l\u2019accusa di porto illegale di arma, violazione degli obblighi della sorveglianza speciale e ricettazione, &nbsp;viene arrestato il 30enne<strong> <\/strong>Stefano Barbetta, detto &#8220;Stefanino\u201d (2 maggio). Il 5 dello stesso mese il 23enne Francesco De Lucia, viene arrestato dai Carabinieri con le accuse di detenzione illegale di arma da fuoco e lesioni personali per aver sparato alle gambe ad un cittadino rumeno.<\/p>\n<p style=\"text-align: justify;\">E\u2019 il 27 maggio quando il 22enne Mauro Cardinale, di Cassano delle Murge, gi\u00e0 noto alle forze dell\u2019ordine, viene arrestato dai Carabinieri di Cassano.<\/p>\n<p style=\"text-align: justify;\">Il 17 giugno i Carabinieri arrestano il cittadino albanese Paulin Ndrekaj, 31enne, residente a Cassano, con l\u2019accusa di evasione: sottoposto ai \u201cdomiciliari\u201d, si era invece allontanato dalla sua abitazione.<\/p>\n<p>Il 20 giugno si spara dinanzi ad una macelleria di Cassano, in via Gramsci: una banale lite provoca l\u2019ira di alcuni uomini che esplodono Due colpi di pistola, calibro 7.65. Due persone vengono denunciate per reticenza.<\/p>\n<p>Il 30 giugno finisce in manette il 28enne Giambattista Petrelli: nascosta nella sua lavatrice i Carabinieri trovano una busta in cellophane&nbsp; contenente 70 grammi di hashish.<\/p>\n<p style=\"text-align: justify;\">Un incendio, probabilmente doloso, distrugge otto ettari di Murge (\u00e8 il 20 luglio): la zona interessata \u00e8 a cavallo tra la cava Zippo Zippo e Borgo Riformati<strong>.<\/strong> Le sterpaglie, le erbacce e soprattutto i tanti rifiuti facilmente infiammabili abbandonati in porzioni del territorio come in una grossa discarica abusiva, sono stati gli interpreti principali di quanto accaduto, alimentando le fiamme in maniera importante.<\/p>\n<p style=\"text-align: justify;\">Un uomo residente a Cassano, di cui la Polizia Stradale non ha reso noto le generalit\u00e0, viene denunciato per omicidio colposo: con la sua auto Audi A3, ha provocato sulla Autostrada A14 direzione Bari Nord un incidente nel quale \u00e8 morto una ragazza di 23 anni e altre due persone sono rimaste ferite, tra cui una bambina di pochi mesi (7 agosto).<\/p>\n<p style=\"text-align: justify;\">Un cane, un bastardino bianco, viene seviziato e probabilmente ucciso da una banda di balordi (11 agosto).<\/p>\n<p style=\"text-align: justify;\">I Nas dei carabinieri sequestrano un carico di uva da tavola, pronta per la vinificazione. Denunciato il titolare di uno stabilimento vinicolo. Sempre i Nas operano sequestri di merce scaduta in un noto ristorante cassanese, in una pescheria, in un supermercato e in una azienda agrituristica in alcune distinte operazioni sul territorio.<\/p>\n<p style=\"text-align: justify;\">Viene chiuso il Diamond II\u201d che ad un controllo dei Carabinieri risulta sprovvisto di qualsiasi autorizzazione necessaria e privo di dichiarazione di agibilit\u00e0. Nel corso della perquisizione inoltre, sono stati sottoposti a sequestro 200 cd musicali e dvd contraffatti, privi del marchio S.I.A.E. (6 ottobre).<\/p>\n<p style=\"text-align: justify;\">Luca Petruzzellis, 19 anni, di Cassano, noto alle forze dell\u2019ordine per spaccio di droga e furto, viene arrestato per furto aggravato di auto, con la quale si \u00e8 schiantato dopo averla rubata (12 ottobre).<\/p>\n<p style=\"text-align: justify;\">Una 42enne colombiana, residente a Cassano, viene arrestata per possesso di 47 grammi di eroina (27 novembre)<\/p>\n<p style=\"text-align: justify;\">Nella operazione \u201cDomino\u201d della Direzione Distrettuale Antimafia di Bari, vengono coinvolti cinque cassanesi: tre finiscono in manette e due vengono denunciati (30 novembre).<\/p>\n<p style=\"text-align: justify;\">Un cassanese di 25 anni viene arrestato con l\u2019accusa di detenzione illegale di materiale esplosivo ad elevato potere dirompente. Dell\u2019uomo, i militari hanno diffuso solo le iniziali: V.L. (31 dicembre).<\/p>\n<p style=\"text-align: justify;\">&nbsp;<\/p>\n<p>&nbsp;<\/p>\n<p><strong>Cultura<\/strong><\/p>\n<p style=\"text-align: justify;\">Il Liceo Classico (3 aprile) viene dedicato a \u201cPlatone\u201d; si affianco allo scientifico \u201cLeonardo\u201d.<\/p>\n<p style=\"text-align: justify;\">Il Convento indice un concorso fotografico: vi partecipano numerosi fotografi con circa 200 foto; la foto pi\u00f9 bella \u00e8 quella di Vito Tragni di Altamura con l\u2019opera intitolata \u201c<em>Stillicidio di un stalattite nella grave di Pasciuddo\u201d.<\/em><\/p>\n<p style=\"text-align: justify;\">Joe Lansdale, scrittore statunitense, autore di romanzi e testi per la televisione, per i fumetti e per la fantascienza \u00e8 ospite del Liceo cassanese (29 aprile). Lo stesso giorno si svolge la seconda edizione di \u201cPoesie nel mondo\u201d, iniziativa internazionale a cui aderiscono le cassanesi U.T.E. e \u201cAmici della Biblioteca\u201d.<\/p>\n<p style=\"text-align: justify;\">Il 15 maggio al giornalista, storico e insegnante cassanese Antonio Giordano viene assegnata l\u2019edizione 2009 del prestigioso premio letterario \u201cIgnazio Ciaia\u201d per l\u2019opera \u201cLe Resistenze scomode \u2013 Via del Salviatino\u2026e oltre\u201d, pubblicato per la Levante Editori di Bari. Giordano aveva gi\u00e0 vinto nel 2005 il premio \u201cCiaia-Schena\u201d con il libro \u201cEbrei, processo alla storia\u201d. A fine luglio, sempre a Giordano viene assegnato il titolo di \u201cAccademico di classe\u201d da parte dell\u2019Accademia dei Micenei.<\/p>\n<p style=\"text-align: justify;\">Sei personaggi cassanesi tra i pi\u00f9 noti ed illustri, le cui biografie si intrecciano con la storia e la cultura di questo paese. Vengono raccontate nell\u2019opera \u201cAlbo d\u2019Onore\u201d curata del Rotary International Club di Gioia-Acquaviva (25 giugno).<strong><\/strong><\/p>\n<p style=\"text-align: justify;\">Anche Cassano ha contribuito a fare da scenario ad alcune scene del secondo film del regista sammichelino Alessandro Porzio &#8220;Non te ne andare&#8221;. Tutto si \u00e8 svolto nei giorni scorsi in vicolo Perotti, alle spalle del Municipio (5 agosto).<\/p>\n<p style=\"text-align: justify;\">Ha come titolo <em>\u201cPeonia Mascula\u201d<\/em>, pianta endemica del Mediterraneo e dunque simbolica del nostro territorio, la mostra che il fotografo cassanese Vito Stano ha allestito ad un anno dallo spaventoso incendio che nel ferragosto 2008 distrusse decine di ettari di murgia (14 agosto)<\/p>\n<p style=\"text-align: justify;\">Grossa donazione per la Biblioteca Comunale: la signora Miriana Gaddoni (originaria delle Marche ma residente a Cassano) regala 559 volumi.<\/p>\n<p style=\"text-align: justify;\">Prende il via il 17 agosto la settima edizione di \u201cNotti di Poesia \u2013 Festival della cultura poetica\u201d organizzato dalla Pro Loco cassanese. Cristanziano Serricchio fra i poeti di punta della manifestazione che segna anche l\u2019esordio cassanese dell\u2019attrice Rita Del Piano con un reading dedicato ad Alda Merini.<\/p>\n<p style=\"text-align: justify;\">Per i suoi rilevanti meriti culturali viene consegnata alla professoressa Bice Leddomade, la \u201cMedaglia d\u2019oro \u2013 Premio Testimonianza\u201d della Fondazione \u201cNuove Proposte Culturali\u201d (17 settembre).<\/p>\n<p style=\"text-align: justify;\">Al Palatour di Bitritto l\u2019associazione \u201cNova Vita\u201d organizza un concerto per la raccolta fondi con l\u2019intervento del coro cassanese <strong>\u201c<\/strong>The Joyful Chorus\u201d for Maria Grazia Baldassarre diretto dal Maestro Roberto Angiulo e dei \u201cNeri per caso\u201d (11 dicembre).<\/p>\n<p><strong>&nbsp;<\/strong><\/p>\n<p><strong>&nbsp;<\/strong><\/p>\n<p><strong>Cronaca<\/strong><\/p>\n<p style=\"text-align: justify;\">Il terremoto d\u2019Abruzzo smuove anche i cassanesi: la Pro Loco, la Fratres l\u2019Inter Club, Turisticamente, \u201cAl bosco sonoro\u201d e altre associazioni e cittadini organizzano raccolte di fondi e beni di prima necessit\u00e0, poi inviate alle popolazioni colpite. In estate, la parrocchia Santa Maria Assunta e il gruppo \u201cGiovanissimi\u201d organizzano un campo proprio a L\u2019Aquila per aiutare da vicino e di persona i pi\u00f9 bisognosi.<\/p>\n<p style=\"text-align: justify;\">A maggio e poi a novembre \u00e8 in visita pastorale alle due parrocchie l\u2019Arcivescovo di Bari, mons. Cacucci.<\/p>\n<p style=\"text-align: justify;\">La crisi di Natuzzi coinvolge anche il nostro paese visto che un centinaio di dipendenti provengono da Cassano: mobilitazioni, scioperi, cassa integrazione ma fino ad oggi non c\u2019\u00e8 una risoluzione definitiva al problema.<\/p>\n<p style=\"text-align: justify;\">Un\u2019ATI (Associazione Temporanea d\u2019Impresa) formata dalla Cooperativa \u201cUlixes\u201d di Bitonto, la Cooperativa \u201cCrea\u201d di Bari ed un\u2019associazione di Bitritto, \u201cI bambini di Truffaut\u201d, il 18 maggio, si aggiudica il Progetto \u201cBollenti Spiriti\u201d di Cassano e Acquaviva.<\/p>\n<p>E\u2019 una sentenza che fa il giro d\u2019Italia quella della Corte di Cassazione (3 luglio) che condanna ad una multa un agriturismo cassanese. La Corte ha evidenziato che se l&#8217;agriturismo organizza feste per il pubblico esterno e&#8217; tassativamente necessaria &#8220;l&#8217;autorizzazione del sindaco in relazione all&#8217;ordine pubblico e all&#8217;organizzazione&#8221; che ne consegue.<\/p>\n<p>Dopo quattro anni di permanenza alla Parrocchia \u201cSanta Maria Assunta\u201d, il viceparroco don Bruno viene trasferito alla Chiesa Madre di Modugno.<\/p>\n<p>La Regione Puglia revoca il finanziamento da 8 milioni di euro per la realizzazione del primo tratto della Circonvallazione di Cassano. Motivazione: ritardo nella progettazione. (21 settembre)<\/p>\n<p>Due sono le vittime cassanesi di altrettanti incidenti stradali che purtroppo falciano le vite di Angela Baccellieri (21 anni, sulla Cassano-Altamura) e Sara Diomede (26 anni, sulla Cassano-Santeramo).<\/p>\n<p><strong>&nbsp;<\/strong><\/p>\n<p><strong>&nbsp;<\/strong><\/p>\n<p style=\"text-align: justify;\"><strong>Sport<\/strong><\/p>\n<p style=\"text-align: justify;\">Il primo maggio si corre la Gran Fondo \u201cForesta Mercadante\u201d, gara di mountain-bike organizzata dall\u2019A.S.D. Biking Team Cassano. 260 i partecipanti: Francesco Nardelli della Ciclo Club Monopoli \u00e8 il primo classificato assoluto. Il cassanese Giovanni Gemmato, primo dei nostri compaesani<strong> <\/strong>che correva per dall\u2019Asd Biking Team Cassano,<strong> <\/strong>si \u00e8 classificato al nono posto.<\/p>\n<p style=\"text-align: justify;\">Mietono successi gli atleti del badminton cassanese, riuniti attorno alla squadra del Liceo Scientifico e si impongono in diversi tornei regionali e provinciali, sia singoli che a squadre. Le donne sono le pi\u00f9 forti.<\/p>\n<p style=\"text-align: justify;\">Successi lusinghieri anche per la societ\u00e0 \u201cArcieri della Murgia\u201d che con il santermano Claudio Martinelli inanella medaglie e trofei a livello nazionale.<\/p>\n<p style=\"text-align: justify;\">Con il nome di \u201cGrumese Europa\u201d ritorna in Promozione una squadra cassanese che ha rilevato il titolo da una compagine di Grumo. A fine dicembre si ritirer\u00e0 dal campionato, dopo aver inanellato solo sconfitte.<\/p>\n<p style=\"text-align: justify;\">Anche il calcio giovanile ha la sua squadra: la Giovent\u00f9 Calcio Cassano che esordisce con un 6-0 contro la Pellegrino di Altamura (25 ottobre).<\/p>\n","protected":false},"excerpt":{"rendered":"","protected":false},"author":1,"featured_media":765,"comment_status":"open","ping_status":"closed","sticky":false,"template":"","format":"standard","meta":{"colormag_page_container_layout":"default_layout","colormag_page_sidebar_layout":"default_layout","footnotes":""},"categories":[7],"tags":[],"class_list":["post-766","post","type-post","status-publish","format-standard","has-post-thumbnail","hentry","category-attualita"],"yoast_head":"<!-- This site is optimized with the Yoast SEO plugin v27.5 - https:\/\/yoast.com\/product\/yoast-seo-wordpress\/ -->\n<title>2009: UN ANNO CON CASSANOWEB - Archivio CassanoWeb<\/title>\n<meta name=\"robots\" content=\"index, follow, max-snippet:-1, max-image-preview:large, max-video-preview:-1\" \/>\n<link rel=\"canonical\" href=\"https:\/\/archiviocassano.lavocedelpaese.info\/index.php\/2010\/01\/03\/un-anno-con-cassanoweb\/\" \/>\n<meta property=\"og:locale\" content=\"it_IT\" \/>\n<meta property=\"og:type\" content=\"article\" \/>\n<meta property=\"og:title\" content=\"2009: UN ANNO CON CASSANOWEB - Archivio CassanoWeb\" \/>\n<meta property=\"og:url\" content=\"https:\/\/archiviocassano.lavocedelpaese.info\/index.php\/2010\/01\/03\/un-anno-con-cassanoweb\/\" \/>\n<meta property=\"og:site_name\" content=\"Archivio CassanoWeb\" \/>\n<meta property=\"article:publisher\" content=\"https:\/\/www.facebook.com\/redazione.cassanoweb\" \/>\n<meta property=\"article:published_time\" content=\"2010-01-03T18:01:19+00:00\" \/>\n<meta property=\"og:image\" content=\"https:\/\/archiviocassano.lavocedelpaese.info\/wp-content\/uploads\/2010\/01\/primo_compleanno.jpg\" \/>\n\t<meta property=\"og:image:width\" content=\"410\" \/>\n\t<meta property=\"og:image:height\" content=\"200\" \/>\n\t<meta property=\"og:image:type\" content=\"image\/jpeg\" \/>\n<meta name=\"author\" content=\"admin\" \/>\n<meta name=\"twitter:card\" content=\"summary_large_image\" \/>\n<meta name=\"twitter:label1\" content=\"Scritto da\" \/>\n\t<meta name=\"twitter:data1\" content=\"admin\" \/>\n\t<meta name=\"twitter:label2\" content=\"Tempo di lettura stimato\" \/>\n\t<meta name=\"twitter:data2\" content=\"10 minuti\" \/>\n<script type=\"application\/ld+json\" class=\"yoast-schema-graph\">{\"@context\":\"https:\\\/\\\/schema.org\",\"@graph\":[{\"@type\":\"Article\",\"@id\":\"https:\\\/\\\/archiviocassano.lavocedelpaese.info\\\/index.php\\\/2010\\\/01\\\/03\\\/un-anno-con-cassanoweb\\\/#article\",\"isPartOf\":{\"@id\":\"https:\\\/\\\/archiviocassano.lavocedelpaese.info\\\/index.php\\\/2010\\\/01\\\/03\\\/un-anno-con-cassanoweb\\\/\"},\"author\":{\"name\":\"admin\",\"@id\":\"https:\\\/\\\/archiviocassano.lavocedelpaese.info\\\/#\\\/schema\\\/person\\\/df195bc79a9b4c35127cf005f92e041b\"},\"headline\":\"2009: UN ANNO CON CASSANOWEB\",\"datePublished\":\"2010-01-03T18:01:19+00:00\",\"mainEntityOfPage\":{\"@id\":\"https:\\\/\\\/archiviocassano.lavocedelpaese.info\\\/index.php\\\/2010\\\/01\\\/03\\\/un-anno-con-cassanoweb\\\/\"},\"wordCount\":2087,\"commentCount\":0,\"publisher\":{\"@id\":\"https:\\\/\\\/archiviocassano.lavocedelpaese.info\\\/#organization\"},\"image\":{\"@id\":\"https:\\\/\\\/archiviocassano.lavocedelpaese.info\\\/index.php\\\/2010\\\/01\\\/03\\\/un-anno-con-cassanoweb\\\/#primaryimage\"},\"thumbnailUrl\":\"https:\\\/\\\/archiviocassano.lavocedelpaese.info\\\/wp-content\\\/uploads\\\/2010\\\/01\\\/primo_compleanno.jpg\",\"articleSection\":[\"Attualit\u00e0\"],\"inLanguage\":\"it-IT\",\"potentialAction\":[{\"@type\":\"CommentAction\",\"name\":\"Comment\",\"target\":[\"https:\\\/\\\/archiviocassano.lavocedelpaese.info\\\/index.php\\\/2010\\\/01\\\/03\\\/un-anno-con-cassanoweb\\\/#respond\"]}]},{\"@type\":\"WebPage\",\"@id\":\"https:\\\/\\\/archiviocassano.lavocedelpaese.info\\\/index.php\\\/2010\\\/01\\\/03\\\/un-anno-con-cassanoweb\\\/\",\"url\":\"https:\\\/\\\/archiviocassano.lavocedelpaese.info\\\/index.php\\\/2010\\\/01\\\/03\\\/un-anno-con-cassanoweb\\\/\",\"name\":\"2009: UN ANNO CON CASSANOWEB - Archivio CassanoWeb\",\"isPartOf\":{\"@id\":\"https:\\\/\\\/archiviocassano.lavocedelpaese.info\\\/#website\"},\"primaryImageOfPage\":{\"@id\":\"https:\\\/\\\/archiviocassano.lavocedelpaese.info\\\/index.php\\\/2010\\\/01\\\/03\\\/un-anno-con-cassanoweb\\\/#primaryimage\"},\"image\":{\"@id\":\"https:\\\/\\\/archiviocassano.lavocedelpaese.info\\\/index.php\\\/2010\\\/01\\\/03\\\/un-anno-con-cassanoweb\\\/#primaryimage\"},\"thumbnailUrl\":\"https:\\\/\\\/archiviocassano.lavocedelpaese.info\\\/wp-content\\\/uploads\\\/2010\\\/01\\\/primo_compleanno.jpg\",\"datePublished\":\"2010-01-03T18:01:19+00:00\",\"breadcrumb\":{\"@id\":\"https:\\\/\\\/archiviocassano.lavocedelpaese.info\\\/index.php\\\/2010\\\/01\\\/03\\\/un-anno-con-cassanoweb\\\/#breadcrumb\"},\"inLanguage\":\"it-IT\",\"potentialAction\":[{\"@type\":\"ReadAction\",\"target\":[\"https:\\\/\\\/archiviocassano.lavocedelpaese.info\\\/index.php\\\/2010\\\/01\\\/03\\\/un-anno-con-cassanoweb\\\/\"]}]},{\"@type\":\"ImageObject\",\"inLanguage\":\"it-IT\",\"@id\":\"https:\\\/\\\/archiviocassano.lavocedelpaese.info\\\/index.php\\\/2010\\\/01\\\/03\\\/un-anno-con-cassanoweb\\\/#primaryimage\",\"url\":\"https:\\\/\\\/archiviocassano.lavocedelpaese.info\\\/wp-content\\\/uploads\\\/2010\\\/01\\\/primo_compleanno.jpg\",\"contentUrl\":\"https:\\\/\\\/archiviocassano.lavocedelpaese.info\\\/wp-content\\\/uploads\\\/2010\\\/01\\\/primo_compleanno.jpg\",\"width\":410,\"height\":200,\"caption\":\"primo_compleanno\"},{\"@type\":\"BreadcrumbList\",\"@id\":\"https:\\\/\\\/archiviocassano.lavocedelpaese.info\\\/index.php\\\/2010\\\/01\\\/03\\\/un-anno-con-cassanoweb\\\/#breadcrumb\",\"itemListElement\":[{\"@type\":\"ListItem\",\"position\":1,\"name\":\"Home\",\"item\":\"https:\\\/\\\/archiviocassano.lavocedelpaese.info\\\/\"},{\"@type\":\"ListItem\",\"position\":2,\"name\":\"2009: UN ANNO CON CASSANOWEB\"}]},{\"@type\":\"WebSite\",\"@id\":\"https:\\\/\\\/archiviocassano.lavocedelpaese.info\\\/#website\",\"url\":\"https:\\\/\\\/archiviocassano.lavocedelpaese.info\\\/\",\"name\":\"Archivio CassanoWeb\",\"description\":\"La Voce del Paese - un network di idee\",\"publisher\":{\"@id\":\"https:\\\/\\\/archiviocassano.lavocedelpaese.info\\\/#organization\"},\"potentialAction\":[{\"@type\":\"SearchAction\",\"target\":{\"@type\":\"EntryPoint\",\"urlTemplate\":\"https:\\\/\\\/archiviocassano.lavocedelpaese.info\\\/?s={search_term_string}\"},\"query-input\":{\"@type\":\"PropertyValueSpecification\",\"valueRequired\":true,\"valueName\":\"search_term_string\"}}],\"inLanguage\":\"it-IT\"},{\"@type\":\"Organization\",\"@id\":\"https:\\\/\\\/archiviocassano.lavocedelpaese.info\\\/#organization\",\"name\":\"Archivio CassanoWeb\",\"url\":\"https:\\\/\\\/archiviocassano.lavocedelpaese.info\\\/\",\"logo\":{\"@type\":\"ImageObject\",\"inLanguage\":\"it-IT\",\"@id\":\"https:\\\/\\\/archiviocassano.lavocedelpaese.info\\\/#\\\/schema\\\/logo\\\/image\\\/\",\"url\":\"https:\\\/\\\/archiviocassano.lavocedelpaese.info\\\/wp-content\\\/uploads\\\/2024\\\/08\\\/logo-rosso-2.png\",\"contentUrl\":\"https:\\\/\\\/archiviocassano.lavocedelpaese.info\\\/wp-content\\\/uploads\\\/2024\\\/08\\\/logo-rosso-2.png\",\"width\":491,\"height\":432,\"caption\":\"Archivio CassanoWeb\"},\"image\":{\"@id\":\"https:\\\/\\\/archiviocassano.lavocedelpaese.info\\\/#\\\/schema\\\/logo\\\/image\\\/\"},\"sameAs\":[\"https:\\\/\\\/www.facebook.com\\\/redazione.cassanoweb\"]},{\"@type\":\"Person\",\"@id\":\"https:\\\/\\\/archiviocassano.lavocedelpaese.info\\\/#\\\/schema\\\/person\\\/df195bc79a9b4c35127cf005f92e041b\",\"name\":\"admin\",\"image\":{\"@type\":\"ImageObject\",\"inLanguage\":\"it-IT\",\"@id\":\"https:\\\/\\\/secure.gravatar.com\\\/avatar\\\/eabba89a432e8eaa1b0207cc55f7e5340b22712b1ed80677efcf63e02ff5b235?s=96&d=mm&r=g\",\"url\":\"https:\\\/\\\/secure.gravatar.com\\\/avatar\\\/eabba89a432e8eaa1b0207cc55f7e5340b22712b1ed80677efcf63e02ff5b235?s=96&d=mm&r=g\",\"contentUrl\":\"https:\\\/\\\/secure.gravatar.com\\\/avatar\\\/eabba89a432e8eaa1b0207cc55f7e5340b22712b1ed80677efcf63e02ff5b235?s=96&d=mm&r=g\",\"caption\":\"admin\"},\"sameAs\":[\"https:\\\/\\\/archiviocassano.lavocedelpaese.info\"],\"url\":\"https:\\\/\\\/archiviocassano.lavocedelpaese.info\\\/index.php\\\/author\\\/admin_0qgz1xdp\\\/\"}]}<\/script>\n<!-- \/ Yoast SEO plugin. -->","yoast_head_json":{"title":"2009: UN ANNO CON CASSANOWEB - Archivio CassanoWeb","robots":{"index":"index","follow":"follow","max-snippet":"max-snippet:-1","max-image-preview":"max-image-preview:large","max-video-preview":"max-video-preview:-1"},"canonical":"https:\/\/archiviocassano.lavocedelpaese.info\/index.php\/2010\/01\/03\/un-anno-con-cassanoweb\/","og_locale":"it_IT","og_type":"article","og_title":"2009: UN ANNO CON CASSANOWEB - Archivio CassanoWeb","og_url":"https:\/\/archiviocassano.lavocedelpaese.info\/index.php\/2010\/01\/03\/un-anno-con-cassanoweb\/","og_site_name":"Archivio CassanoWeb","article_publisher":"https:\/\/www.facebook.com\/redazione.cassanoweb","article_published_time":"2010-01-03T18:01:19+00:00","og_image":[{"width":410,"height":200,"url":"https:\/\/archiviocassano.lavocedelpaese.info\/wp-content\/uploads\/2010\/01\/primo_compleanno.jpg","type":"image\/jpeg"}],"author":"admin","twitter_card":"summary_large_image","twitter_misc":{"Scritto da":"admin","Tempo di lettura stimato":"10 minuti"},"schema":{"@context":"https:\/\/schema.org","@graph":[{"@type":"Article","@id":"https:\/\/archiviocassano.lavocedelpaese.info\/index.php\/2010\/01\/03\/un-anno-con-cassanoweb\/#article","isPartOf":{"@id":"https:\/\/archiviocassano.lavocedelpaese.info\/index.php\/2010\/01\/03\/un-anno-con-cassanoweb\/"},"author":{"name":"admin","@id":"https:\/\/archiviocassano.lavocedelpaese.info\/#\/schema\/person\/df195bc79a9b4c35127cf005f92e041b"},"headline":"2009: UN ANNO CON CASSANOWEB","datePublished":"2010-01-03T18:01:19+00:00","mainEntityOfPage":{"@id":"https:\/\/archiviocassano.lavocedelpaese.info\/index.php\/2010\/01\/03\/un-anno-con-cassanoweb\/"},"wordCount":2087,"commentCount":0,"publisher":{"@id":"https:\/\/archiviocassano.lavocedelpaese.info\/#organization"},"image":{"@id":"https:\/\/archiviocassano.lavocedelpaese.info\/index.php\/2010\/01\/03\/un-anno-con-cassanoweb\/#primaryimage"},"thumbnailUrl":"https:\/\/archiviocassano.lavocedelpaese.info\/wp-content\/uploads\/2010\/01\/primo_compleanno.jpg","articleSection":["Attualit\u00e0"],"inLanguage":"it-IT","potentialAction":[{"@type":"CommentAction","name":"Comment","target":["https:\/\/archiviocassano.lavocedelpaese.info\/index.php\/2010\/01\/03\/un-anno-con-cassanoweb\/#respond"]}]},{"@type":"WebPage","@id":"https:\/\/archiviocassano.lavocedelpaese.info\/index.php\/2010\/01\/03\/un-anno-con-cassanoweb\/","url":"https:\/\/archiviocassano.lavocedelpaese.info\/index.php\/2010\/01\/03\/un-anno-con-cassanoweb\/","name":"2009: UN ANNO CON CASSANOWEB - Archivio CassanoWeb","isPartOf":{"@id":"https:\/\/archiviocassano.lavocedelpaese.info\/#website"},"primaryImageOfPage":{"@id":"https:\/\/archiviocassano.lavocedelpaese.info\/index.php\/2010\/01\/03\/un-anno-con-cassanoweb\/#primaryimage"},"image":{"@id":"https:\/\/archiviocassano.lavocedelpaese.info\/index.php\/2010\/01\/03\/un-anno-con-cassanoweb\/#primaryimage"},"thumbnailUrl":"https:\/\/archiviocassano.lavocedelpaese.info\/wp-content\/uploads\/2010\/01\/primo_compleanno.jpg","datePublished":"2010-01-03T18:01:19+00:00","breadcrumb":{"@id":"https:\/\/archiviocassano.lavocedelpaese.info\/index.php\/2010\/01\/03\/un-anno-con-cassanoweb\/#breadcrumb"},"inLanguage":"it-IT","potentialAction":[{"@type":"ReadAction","target":["https:\/\/archiviocassano.lavocedelpaese.info\/index.php\/2010\/01\/03\/un-anno-con-cassanoweb\/"]}]},{"@type":"ImageObject","inLanguage":"it-IT","@id":"https:\/\/archiviocassano.lavocedelpaese.info\/index.php\/2010\/01\/03\/un-anno-con-cassanoweb\/#primaryimage","url":"https:\/\/archiviocassano.lavocedelpaese.info\/wp-content\/uploads\/2010\/01\/primo_compleanno.jpg","contentUrl":"https:\/\/archiviocassano.lavocedelpaese.info\/wp-content\/uploads\/2010\/01\/primo_compleanno.jpg","width":410,"height":200,"caption":"primo_compleanno"},{"@type":"BreadcrumbList","@id":"https:\/\/archiviocassano.lavocedelpaese.info\/index.php\/2010\/01\/03\/un-anno-con-cassanoweb\/#breadcrumb","itemListElement":[{"@type":"ListItem","position":1,"name":"Home","item":"https:\/\/archiviocassano.lavocedelpaese.info\/"},{"@type":"ListItem","position":2,"name":"2009: UN ANNO CON CASSANOWEB"}]},{"@type":"WebSite","@id":"https:\/\/archiviocassano.lavocedelpaese.info\/#website","url":"https:\/\/archiviocassano.lavocedelpaese.info\/","name":"Archivio CassanoWeb","description":"La Voce del Paese - un network di idee","publisher":{"@id":"https:\/\/archiviocassano.lavocedelpaese.info\/#organization"},"potentialAction":[{"@type":"SearchAction","target":{"@type":"EntryPoint","urlTemplate":"https:\/\/archiviocassano.lavocedelpaese.info\/?s={search_term_string}"},"query-input":{"@type":"PropertyValueSpecification","valueRequired":true,"valueName":"search_term_string"}}],"inLanguage":"it-IT"},{"@type":"Organization","@id":"https:\/\/archiviocassano.lavocedelpaese.info\/#organization","name":"Archivio CassanoWeb","url":"https:\/\/archiviocassano.lavocedelpaese.info\/","logo":{"@type":"ImageObject","inLanguage":"it-IT","@id":"https:\/\/archiviocassano.lavocedelpaese.info\/#\/schema\/logo\/image\/","url":"https:\/\/archiviocassano.lavocedelpaese.info\/wp-content\/uploads\/2024\/08\/logo-rosso-2.png","contentUrl":"https:\/\/archiviocassano.lavocedelpaese.info\/wp-content\/uploads\/2024\/08\/logo-rosso-2.png","width":491,"height":432,"caption":"Archivio CassanoWeb"},"image":{"@id":"https:\/\/archiviocassano.lavocedelpaese.info\/#\/schema\/logo\/image\/"},"sameAs":["https:\/\/www.facebook.com\/redazione.cassanoweb"]},{"@type":"Person","@id":"https:\/\/archiviocassano.lavocedelpaese.info\/#\/schema\/person\/df195bc79a9b4c35127cf005f92e041b","name":"admin","image":{"@type":"ImageObject","inLanguage":"it-IT","@id":"https:\/\/secure.gravatar.com\/avatar\/eabba89a432e8eaa1b0207cc55f7e5340b22712b1ed80677efcf63e02ff5b235?s=96&d=mm&r=g","url":"https:\/\/secure.gravatar.com\/avatar\/eabba89a432e8eaa1b0207cc55f7e5340b22712b1ed80677efcf63e02ff5b235?s=96&d=mm&r=g","contentUrl":"https:\/\/secure.gravatar.com\/avatar\/eabba89a432e8eaa1b0207cc55f7e5340b22712b1ed80677efcf63e02ff5b235?s=96&d=mm&r=g","caption":"admin"},"sameAs":["https:\/\/archiviocassano.lavocedelpaese.info"],"url":"https:\/\/archiviocassano.lavocedelpaese.info\/index.php\/author\/admin_0qgz1xdp\/"}]}},"_links":{"self":[{"href":"https:\/\/archiviocassano.lavocedelpaese.info\/index.php\/wp-json\/wp\/v2\/posts\/766","targetHints":{"allow":["GET"]}}],"collection":[{"href":"https:\/\/archiviocassano.lavocedelpaese.info\/index.php\/wp-json\/wp\/v2\/posts"}],"about":[{"href":"https:\/\/archiviocassano.lavocedelpaese.info\/index.php\/wp-json\/wp\/v2\/types\/post"}],"author":[{"embeddable":true,"href":"https:\/\/archiviocassano.lavocedelpaese.info\/index.php\/wp-json\/wp\/v2\/users\/1"}],"replies":[{"embeddable":true,"href":"https:\/\/archiviocassano.lavocedelpaese.info\/index.php\/wp-json\/wp\/v2\/comments?post=766"}],"version-history":[{"count":0,"href":"https:\/\/archiviocassano.lavocedelpaese.info\/index.php\/wp-json\/wp\/v2\/posts\/766\/revisions"}],"wp:featuredmedia":[{"embeddable":true,"href":"https:\/\/archiviocassano.lavocedelpaese.info\/index.php\/wp-json\/wp\/v2\/media\/765"}],"wp:attachment":[{"href":"https:\/\/archiviocassano.lavocedelpaese.info\/index.php\/wp-json\/wp\/v2\/media?parent=766"}],"wp:term":[{"taxonomy":"category","embeddable":true,"href":"https:\/\/archiviocassano.lavocedelpaese.info\/index.php\/wp-json\/wp\/v2\/categories?post=766"},{"taxonomy":"post_tag","embeddable":true,"href":"https:\/\/archiviocassano.lavocedelpaese.info\/index.php\/wp-json\/wp\/v2\/tags?post=766"}],"curies":[{"name":"wp","href":"https:\/\/api.w.org\/{rel}","templated":true}]}}