{"id":771,"date":"2010-01-04T08:29:21","date_gmt":"2010-01-04T08:29:21","guid":{"rendered":"https:\/\/archiviocassano.lavocedelpaese.info\/index.php\/2010\/01\/04\/comune-in-deficit-lassessore-antelmi-precisa\/"},"modified":"2010-01-04T08:29:21","modified_gmt":"2010-01-04T08:29:21","slug":"comune-in-deficit-lassessore-antelmi-precisa","status":"publish","type":"post","link":"https:\/\/archiviocassano.lavocedelpaese.info\/index.php\/2010\/01\/04\/comune-in-deficit-lassessore-antelmi-precisa\/","title":{"rendered":"DEFICIT, L\u2019ASSESSORE ANTELMI PRECISA"},"content":{"rendered":"<p><img loading=\"lazy\" decoding=\"async\" height=\"156\" width=\"320\" src=\"images\/stories\/archiviofoto\/assessore_antelmi.jpg\" alt=\"assessore_antelmi\" \/><\/p>\n<p>\u00a0<\/p>\n<p><!--more--><\/p>\n<p style=\"text-align: justify;\"><em>\u201cIl Comune\u00a0 di Cassano ha 1 milione di euro di deficit\u201d,<\/em> scrivevamo qualche giorno fa riportando una preoccupante analisi delle spese fatta dall\u2019Assessore al Bilancio, Franco Antelmi. Una notizia che ha lasciato pi\u00f9 d\u2019uno alquanto stupefatto, visto che solo qualche settimana fa si \u00e8 parlato in Consiglio Comunale di un avanzo di amministrazione per circa 300mila euro\u2026<\/p>\n<p style=\"text-align: justify;\">Insomma: i soldi ci sono o non ci sono?<\/p>\n<p style=\"text-align: justify;\">\u00a0<\/p>\n<p style=\"text-align: justify;\">L\u2019abbiamo chiesto direttamente all\u2019Assessore Antelmi che innanzitutto dice: \u201cVorrei precisare che le affermazioni riferite alle offese, postate in un commento all\u2019articolo su Cassanoweb, non erano certamente rivolta ad Amedeo Venezia, ma ad altri soggetti che, nascondendosi dietro l\u2019anonimato, si lasciano andare a frasi ed offese gratuite, sono cosciente che questo fa parte del gioco, soprattutto nei confronti di chi come me decide di fare politica, ed \u00e8 evidente che il mio voleva essere un semplice richiamo al reciproco rispetto\u201d.<\/p>\n<p style=\"text-align: justify;\"><em>Detto questo veniamo alla sostanza: come stanno messe le casse comunali?<\/em><\/p>\n<p style=\"text-align: justify;\">Cercher\u00f2, anche se molto difficile, di riassumere alcune situazioni con la speranza di non far sorgere ulteriori dubbi\u00a0 ai lettori-cittadini e di non essere definito noioso. Credo sia doveroso sottolineare che sin dalla mia prima uscita pubblica, ho affermato con estrema chiarezza che avrei aggiornato i cittadini sullo stato dei bilanci man mano che\u00a0 esaminavo gli atti ed \u00e8 quello sto facendo. Partiamo da una considerazione molto importante, ossia che le fasi di equilibrio e assestamento approvate in Consiglio Comunale non mettono in evidenza il quadro completo del bilancio. Infatti, gli adempimenti di settembre (equilibrio) e di novembre (assestamento) sono manovre disciplinate dal TUEL art. 193 e 175 che consentono all\u2019Ente di rivedere le previsioni di bilancio ed eventualmente apportare variazioni sia in entrata che in uscita al fine di mantenere il pareggio di bilancio.<\/p>\n<p style=\"text-align: justify;\"><em>Allora, qual \u00e8 la \u201clista della spesa\u201d?<\/em><\/p>\n<p style=\"text-align: justify;\">Contratti derivati (SWAP): allo stato, qualora si decidesse di esercitare il diritto di recesso (Mark to Market) e non pu\u00f2 essere diversamente, l\u2019operazione costerebbe alle casse Comunali <strong>circa 300.000 Euro<\/strong>;<\/p>\n<p style=\"text-align: justify;\">Una lunga serie di professionisti (Studi Legali) attendono di essere liquidati per compensi pari a <strong>circa 450.000 Euro accertati<\/strong> per il solo 2009, di questi purtroppo solo 205.000 Euro erano stanziati in bilancio;<\/p>\n<p style=\"text-align: justify;\">Altra vicenda molto preoccupante \u00e8 costituita dal mancato adeguamento dei canoni contrattuali per la raccolta dei rifiuti solidi urbani relativi agli anni 2007-2008-2009 per <strong>circa 300.000 Euro<\/strong>, ai quali vanno aggiunti <strong>88.000 Euro<\/strong> , questi ultimi in virt\u00f9 di un accordo sottoscritto a febbraio 2008 tra Comune e A.T.I. (Tradeco\/ Murgia Servizi Ecologici);<\/p>\n<p style=\"text-align: justify;\">Alcune richieste di rimborso ICI relative agli anni 2004-2008 <strong>pari a circa 100.000 Euro<\/strong>, una delle quali supportata da sentenze di Commissioni Tributarie per circa 66.649 Euro nel caso si dovesse giungere ad una conciliazione stragiudiziale, caso contrario la cifra aumenterebbe;<\/p>\n<p style=\"text-align: justify;\">L\u2019Acquedotto Pugliese ci ha formalmente messo in mora per fatture non pagate dal 2003 ad oggi per <strong>circa 71.000 Euro<\/strong>.<\/p>\n<p style=\"text-align: justify;\">Le situazioni appena elencate, sono quelle che richiedono un\u2019attenzione particolare, ma ce ne sono altre di dimensioni ridotte ma altrettanto preoccupanti. Detto questo, bisogna chiarire la vicenda \u201cruoli\u201d. A novembre, nella manovra di assestamento, sono stati iscritti in bilancio circa 460.000 Euro, a detta di qualcuno, frutto del lavoro dell\u2019Amministrazione precedente.<\/p>\n<p style=\"text-align: justify;\">Senza voler sminuire il lavoro di nessuno, v\u00e0 chiarito che si tratta di accertamenti per mancati pagamenti dal 2000 a tutto il 2008 riguardanti ICI e Tarsu che si sono trasformati in ruoli. Personalmente non vedo nessuna genialit\u00e0 in tutto questo, anzi, un ritardo abissale poich\u00e9, da verifiche eseguite\u00a0 la percentuale di riscossione dei ruoli, per quanto ci riguarda, \u00e8 inferiore al 50% e comunque sono cifre spendibili solo dopo l\u2019effettiva riscossione (se e quando avverr\u00e0). Oggi, grazie alla manovra di novembre l\u2019avanzo d\u2019amministrazioni \u00e8 tornato ad essere di 330.000 Euro, assolutamente insufficiente per far fronte a quanto ho appena elencato. Tengo a precisare che le cifre relative agli SWAP e agli adeguamenti dei canoni per la raccolta dei rifiuti\u00a0 possono subire variazioni in previsione di eventuali accordi transattivi.<\/p>\n<p style=\"text-align: justify;\"><em>Cosa si doveva fare e non si \u00e8 fatto? <\/em><\/p>\n<p style=\"text-align: justify;\">Sicuramente accantonare tutte le somme serventi (TUEL art. 183) per evitare di mettere in difficolt\u00e0 il funzionamento di una macchina molto complessa che \u00e8 quella pubblica; infatti, uno dei principi fondamentali \u00e8 quello di coprire in maniera preventiva tutte le spese, qualunque esse siano. In definitiva, vi chiedo: \u00e8 legittimo essere preoccupati e soprattutto \u00e8 corretto informare i cittadini sulla situazione economica finanziaria del nostro Comune anche in previsione dei futuri bilanci?? Oppure dobbiamo omettere queste informazioni per far piacere a qualcuno? Siccome ho gi\u00e0 detto che \u201cnessuno\u201d mi metter\u00e0 il bavaglio, \u00e8 evidente che non appena completer\u00f2 il quadro delle informazioni ed in concomitanza con le chiusure di fine anno, indir\u00f2 una conferenza stampa dove cercher\u00f2 di completare tutte le informazioni necessarie anche e soprattutto corredate da atti pubblici.<\/p>\n","protected":false},"excerpt":{"rendered":"<p>\u00a0<\/p>\n","protected":false},"author":1,"featured_media":0,"comment_status":"open","ping_status":"closed","sticky":false,"template":"","format":"standard","meta":{"colormag_page_container_layout":"default_layout","colormag_page_sidebar_layout":"default_layout","footnotes":""},"categories":[4],"tags":[],"class_list":["post-771","post","type-post","status-publish","format-standard","hentry","category-politica"],"yoast_head":"<!-- This site is optimized with the Yoast SEO plugin v27.5 - https:\/\/yoast.com\/product\/yoast-seo-wordpress\/ -->\n<title>DEFICIT, L\u2019ASSESSORE ANTELMI PRECISA - Archivio CassanoWeb<\/title>\n<meta name=\"robots\" content=\"index, follow, max-snippet:-1, max-image-preview:large, max-video-preview:-1\" \/>\n<link rel=\"canonical\" href=\"https:\/\/archiviocassano.lavocedelpaese.info\/index.php\/2010\/01\/04\/comune-in-deficit-lassessore-antelmi-precisa\/\" \/>\n<meta property=\"og:locale\" content=\"it_IT\" \/>\n<meta property=\"og:type\" content=\"article\" \/>\n<meta property=\"og:title\" content=\"DEFICIT, L\u2019ASSESSORE ANTELMI PRECISA - Archivio CassanoWeb\" \/>\n<meta property=\"og:description\" content=\"\u00a0\" \/>\n<meta property=\"og:url\" content=\"https:\/\/archiviocassano.lavocedelpaese.info\/index.php\/2010\/01\/04\/comune-in-deficit-lassessore-antelmi-precisa\/\" \/>\n<meta property=\"og:site_name\" content=\"Archivio CassanoWeb\" \/>\n<meta property=\"article:publisher\" content=\"https:\/\/www.facebook.com\/redazione.cassanoweb\" \/>\n<meta property=\"article:published_time\" content=\"2010-01-04T08:29:21+00:00\" \/>\n<meta name=\"author\" content=\"admin\" \/>\n<meta name=\"twitter:card\" content=\"summary_large_image\" \/>\n<meta name=\"twitter:label1\" content=\"Scritto da\" \/>\n\t<meta name=\"twitter:data1\" content=\"admin\" \/>\n\t<meta name=\"twitter:label2\" content=\"Tempo di lettura stimato\" \/>\n\t<meta name=\"twitter:data2\" content=\"4 minuti\" \/>\n<script type=\"application\/ld+json\" class=\"yoast-schema-graph\">{\"@context\":\"https:\\\/\\\/schema.org\",\"@graph\":[{\"@type\":\"Article\",\"@id\":\"https:\\\/\\\/archiviocassano.lavocedelpaese.info\\\/index.php\\\/2010\\\/01\\\/04\\\/comune-in-deficit-lassessore-antelmi-precisa\\\/#article\",\"isPartOf\":{\"@id\":\"https:\\\/\\\/archiviocassano.lavocedelpaese.info\\\/index.php\\\/2010\\\/01\\\/04\\\/comune-in-deficit-lassessore-antelmi-precisa\\\/\"},\"author\":{\"name\":\"admin\",\"@id\":\"https:\\\/\\\/archiviocassano.lavocedelpaese.info\\\/#\\\/schema\\\/person\\\/df195bc79a9b4c35127cf005f92e041b\"},\"headline\":\"DEFICIT, L\u2019ASSESSORE ANTELMI PRECISA\",\"datePublished\":\"2010-01-04T08:29:21+00:00\",\"mainEntityOfPage\":{\"@id\":\"https:\\\/\\\/archiviocassano.lavocedelpaese.info\\\/index.php\\\/2010\\\/01\\\/04\\\/comune-in-deficit-lassessore-antelmi-precisa\\\/\"},\"wordCount\":782,\"commentCount\":0,\"publisher\":{\"@id\":\"https:\\\/\\\/archiviocassano.lavocedelpaese.info\\\/#organization\"},\"articleSection\":[\"Politica\"],\"inLanguage\":\"it-IT\",\"potentialAction\":[{\"@type\":\"CommentAction\",\"name\":\"Comment\",\"target\":[\"https:\\\/\\\/archiviocassano.lavocedelpaese.info\\\/index.php\\\/2010\\\/01\\\/04\\\/comune-in-deficit-lassessore-antelmi-precisa\\\/#respond\"]}]},{\"@type\":\"WebPage\",\"@id\":\"https:\\\/\\\/archiviocassano.lavocedelpaese.info\\\/index.php\\\/2010\\\/01\\\/04\\\/comune-in-deficit-lassessore-antelmi-precisa\\\/\",\"url\":\"https:\\\/\\\/archiviocassano.lavocedelpaese.info\\\/index.php\\\/2010\\\/01\\\/04\\\/comune-in-deficit-lassessore-antelmi-precisa\\\/\",\"name\":\"DEFICIT, L\u2019ASSESSORE ANTELMI PRECISA - Archivio CassanoWeb\",\"isPartOf\":{\"@id\":\"https:\\\/\\\/archiviocassano.lavocedelpaese.info\\\/#website\"},\"datePublished\":\"2010-01-04T08:29:21+00:00\",\"breadcrumb\":{\"@id\":\"https:\\\/\\\/archiviocassano.lavocedelpaese.info\\\/index.php\\\/2010\\\/01\\\/04\\\/comune-in-deficit-lassessore-antelmi-precisa\\\/#breadcrumb\"},\"inLanguage\":\"it-IT\",\"potentialAction\":[{\"@type\":\"ReadAction\",\"target\":[\"https:\\\/\\\/archiviocassano.lavocedelpaese.info\\\/index.php\\\/2010\\\/01\\\/04\\\/comune-in-deficit-lassessore-antelmi-precisa\\\/\"]}]},{\"@type\":\"BreadcrumbList\",\"@id\":\"https:\\\/\\\/archiviocassano.lavocedelpaese.info\\\/index.php\\\/2010\\\/01\\\/04\\\/comune-in-deficit-lassessore-antelmi-precisa\\\/#breadcrumb\",\"itemListElement\":[{\"@type\":\"ListItem\",\"position\":1,\"name\":\"Home\",\"item\":\"https:\\\/\\\/archiviocassano.lavocedelpaese.info\\\/\"},{\"@type\":\"ListItem\",\"position\":2,\"name\":\"DEFICIT, L\u2019ASSESSORE ANTELMI PRECISA\"}]},{\"@type\":\"WebSite\",\"@id\":\"https:\\\/\\\/archiviocassano.lavocedelpaese.info\\\/#website\",\"url\":\"https:\\\/\\\/archiviocassano.lavocedelpaese.info\\\/\",\"name\":\"Archivio CassanoWeb\",\"description\":\"La Voce del Paese - un network di idee\",\"publisher\":{\"@id\":\"https:\\\/\\\/archiviocassano.lavocedelpaese.info\\\/#organization\"},\"potentialAction\":[{\"@type\":\"SearchAction\",\"target\":{\"@type\":\"EntryPoint\",\"urlTemplate\":\"https:\\\/\\\/archiviocassano.lavocedelpaese.info\\\/?s={search_term_string}\"},\"query-input\":{\"@type\":\"PropertyValueSpecification\",\"valueRequired\":true,\"valueName\":\"search_term_string\"}}],\"inLanguage\":\"it-IT\"},{\"@type\":\"Organization\",\"@id\":\"https:\\\/\\\/archiviocassano.lavocedelpaese.info\\\/#organization\",\"name\":\"Archivio CassanoWeb\",\"url\":\"https:\\\/\\\/archiviocassano.lavocedelpaese.info\\\/\",\"logo\":{\"@type\":\"ImageObject\",\"inLanguage\":\"it-IT\",\"@id\":\"https:\\\/\\\/archiviocassano.lavocedelpaese.info\\\/#\\\/schema\\\/logo\\\/image\\\/\",\"url\":\"https:\\\/\\\/archiviocassano.lavocedelpaese.info\\\/wp-content\\\/uploads\\\/2024\\\/08\\\/logo-rosso-2.png\",\"contentUrl\":\"https:\\\/\\\/archiviocassano.lavocedelpaese.info\\\/wp-content\\\/uploads\\\/2024\\\/08\\\/logo-rosso-2.png\",\"width\":491,\"height\":432,\"caption\":\"Archivio CassanoWeb\"},\"image\":{\"@id\":\"https:\\\/\\\/archiviocassano.lavocedelpaese.info\\\/#\\\/schema\\\/logo\\\/image\\\/\"},\"sameAs\":[\"https:\\\/\\\/www.facebook.com\\\/redazione.cassanoweb\"]},{\"@type\":\"Person\",\"@id\":\"https:\\\/\\\/archiviocassano.lavocedelpaese.info\\\/#\\\/schema\\\/person\\\/df195bc79a9b4c35127cf005f92e041b\",\"name\":\"admin\",\"image\":{\"@type\":\"ImageObject\",\"inLanguage\":\"it-IT\",\"@id\":\"https:\\\/\\\/secure.gravatar.com\\\/avatar\\\/eabba89a432e8eaa1b0207cc55f7e5340b22712b1ed80677efcf63e02ff5b235?s=96&d=mm&r=g\",\"url\":\"https:\\\/\\\/secure.gravatar.com\\\/avatar\\\/eabba89a432e8eaa1b0207cc55f7e5340b22712b1ed80677efcf63e02ff5b235?s=96&d=mm&r=g\",\"contentUrl\":\"https:\\\/\\\/secure.gravatar.com\\\/avatar\\\/eabba89a432e8eaa1b0207cc55f7e5340b22712b1ed80677efcf63e02ff5b235?s=96&d=mm&r=g\",\"caption\":\"admin\"},\"sameAs\":[\"https:\\\/\\\/archiviocassano.lavocedelpaese.info\"],\"url\":\"https:\\\/\\\/archiviocassano.lavocedelpaese.info\\\/index.php\\\/author\\\/admin_0qgz1xdp\\\/\"}]}<\/script>\n<!-- \/ Yoast SEO plugin. -->","yoast_head_json":{"title":"DEFICIT, L\u2019ASSESSORE ANTELMI PRECISA - Archivio CassanoWeb","robots":{"index":"index","follow":"follow","max-snippet":"max-snippet:-1","max-image-preview":"max-image-preview:large","max-video-preview":"max-video-preview:-1"},"canonical":"https:\/\/archiviocassano.lavocedelpaese.info\/index.php\/2010\/01\/04\/comune-in-deficit-lassessore-antelmi-precisa\/","og_locale":"it_IT","og_type":"article","og_title":"DEFICIT, L\u2019ASSESSORE ANTELMI PRECISA - Archivio CassanoWeb","og_description":"\u00a0","og_url":"https:\/\/archiviocassano.lavocedelpaese.info\/index.php\/2010\/01\/04\/comune-in-deficit-lassessore-antelmi-precisa\/","og_site_name":"Archivio CassanoWeb","article_publisher":"https:\/\/www.facebook.com\/redazione.cassanoweb","article_published_time":"2010-01-04T08:29:21+00:00","author":"admin","twitter_card":"summary_large_image","twitter_misc":{"Scritto da":"admin","Tempo di lettura stimato":"4 minuti"},"schema":{"@context":"https:\/\/schema.org","@graph":[{"@type":"Article","@id":"https:\/\/archiviocassano.lavocedelpaese.info\/index.php\/2010\/01\/04\/comune-in-deficit-lassessore-antelmi-precisa\/#article","isPartOf":{"@id":"https:\/\/archiviocassano.lavocedelpaese.info\/index.php\/2010\/01\/04\/comune-in-deficit-lassessore-antelmi-precisa\/"},"author":{"name":"admin","@id":"https:\/\/archiviocassano.lavocedelpaese.info\/#\/schema\/person\/df195bc79a9b4c35127cf005f92e041b"},"headline":"DEFICIT, L\u2019ASSESSORE ANTELMI PRECISA","datePublished":"2010-01-04T08:29:21+00:00","mainEntityOfPage":{"@id":"https:\/\/archiviocassano.lavocedelpaese.info\/index.php\/2010\/01\/04\/comune-in-deficit-lassessore-antelmi-precisa\/"},"wordCount":782,"commentCount":0,"publisher":{"@id":"https:\/\/archiviocassano.lavocedelpaese.info\/#organization"},"articleSection":["Politica"],"inLanguage":"it-IT","potentialAction":[{"@type":"CommentAction","name":"Comment","target":["https:\/\/archiviocassano.lavocedelpaese.info\/index.php\/2010\/01\/04\/comune-in-deficit-lassessore-antelmi-precisa\/#respond"]}]},{"@type":"WebPage","@id":"https:\/\/archiviocassano.lavocedelpaese.info\/index.php\/2010\/01\/04\/comune-in-deficit-lassessore-antelmi-precisa\/","url":"https:\/\/archiviocassano.lavocedelpaese.info\/index.php\/2010\/01\/04\/comune-in-deficit-lassessore-antelmi-precisa\/","name":"DEFICIT, L\u2019ASSESSORE ANTELMI PRECISA - Archivio CassanoWeb","isPartOf":{"@id":"https:\/\/archiviocassano.lavocedelpaese.info\/#website"},"datePublished":"2010-01-04T08:29:21+00:00","breadcrumb":{"@id":"https:\/\/archiviocassano.lavocedelpaese.info\/index.php\/2010\/01\/04\/comune-in-deficit-lassessore-antelmi-precisa\/#breadcrumb"},"inLanguage":"it-IT","potentialAction":[{"@type":"ReadAction","target":["https:\/\/archiviocassano.lavocedelpaese.info\/index.php\/2010\/01\/04\/comune-in-deficit-lassessore-antelmi-precisa\/"]}]},{"@type":"BreadcrumbList","@id":"https:\/\/archiviocassano.lavocedelpaese.info\/index.php\/2010\/01\/04\/comune-in-deficit-lassessore-antelmi-precisa\/#breadcrumb","itemListElement":[{"@type":"ListItem","position":1,"name":"Home","item":"https:\/\/archiviocassano.lavocedelpaese.info\/"},{"@type":"ListItem","position":2,"name":"DEFICIT, L\u2019ASSESSORE ANTELMI PRECISA"}]},{"@type":"WebSite","@id":"https:\/\/archiviocassano.lavocedelpaese.info\/#website","url":"https:\/\/archiviocassano.lavocedelpaese.info\/","name":"Archivio CassanoWeb","description":"La Voce del Paese - un network di idee","publisher":{"@id":"https:\/\/archiviocassano.lavocedelpaese.info\/#organization"},"potentialAction":[{"@type":"SearchAction","target":{"@type":"EntryPoint","urlTemplate":"https:\/\/archiviocassano.lavocedelpaese.info\/?s={search_term_string}"},"query-input":{"@type":"PropertyValueSpecification","valueRequired":true,"valueName":"search_term_string"}}],"inLanguage":"it-IT"},{"@type":"Organization","@id":"https:\/\/archiviocassano.lavocedelpaese.info\/#organization","name":"Archivio CassanoWeb","url":"https:\/\/archiviocassano.lavocedelpaese.info\/","logo":{"@type":"ImageObject","inLanguage":"it-IT","@id":"https:\/\/archiviocassano.lavocedelpaese.info\/#\/schema\/logo\/image\/","url":"https:\/\/archiviocassano.lavocedelpaese.info\/wp-content\/uploads\/2024\/08\/logo-rosso-2.png","contentUrl":"https:\/\/archiviocassano.lavocedelpaese.info\/wp-content\/uploads\/2024\/08\/logo-rosso-2.png","width":491,"height":432,"caption":"Archivio CassanoWeb"},"image":{"@id":"https:\/\/archiviocassano.lavocedelpaese.info\/#\/schema\/logo\/image\/"},"sameAs":["https:\/\/www.facebook.com\/redazione.cassanoweb"]},{"@type":"Person","@id":"https:\/\/archiviocassano.lavocedelpaese.info\/#\/schema\/person\/df195bc79a9b4c35127cf005f92e041b","name":"admin","image":{"@type":"ImageObject","inLanguage":"it-IT","@id":"https:\/\/secure.gravatar.com\/avatar\/eabba89a432e8eaa1b0207cc55f7e5340b22712b1ed80677efcf63e02ff5b235?s=96&d=mm&r=g","url":"https:\/\/secure.gravatar.com\/avatar\/eabba89a432e8eaa1b0207cc55f7e5340b22712b1ed80677efcf63e02ff5b235?s=96&d=mm&r=g","contentUrl":"https:\/\/secure.gravatar.com\/avatar\/eabba89a432e8eaa1b0207cc55f7e5340b22712b1ed80677efcf63e02ff5b235?s=96&d=mm&r=g","caption":"admin"},"sameAs":["https:\/\/archiviocassano.lavocedelpaese.info"],"url":"https:\/\/archiviocassano.lavocedelpaese.info\/index.php\/author\/admin_0qgz1xdp\/"}]}},"_links":{"self":[{"href":"https:\/\/archiviocassano.lavocedelpaese.info\/index.php\/wp-json\/wp\/v2\/posts\/771","targetHints":{"allow":["GET"]}}],"collection":[{"href":"https:\/\/archiviocassano.lavocedelpaese.info\/index.php\/wp-json\/wp\/v2\/posts"}],"about":[{"href":"https:\/\/archiviocassano.lavocedelpaese.info\/index.php\/wp-json\/wp\/v2\/types\/post"}],"author":[{"embeddable":true,"href":"https:\/\/archiviocassano.lavocedelpaese.info\/index.php\/wp-json\/wp\/v2\/users\/1"}],"replies":[{"embeddable":true,"href":"https:\/\/archiviocassano.lavocedelpaese.info\/index.php\/wp-json\/wp\/v2\/comments?post=771"}],"version-history":[{"count":0,"href":"https:\/\/archiviocassano.lavocedelpaese.info\/index.php\/wp-json\/wp\/v2\/posts\/771\/revisions"}],"wp:attachment":[{"href":"https:\/\/archiviocassano.lavocedelpaese.info\/index.php\/wp-json\/wp\/v2\/media?parent=771"}],"wp:term":[{"taxonomy":"category","embeddable":true,"href":"https:\/\/archiviocassano.lavocedelpaese.info\/index.php\/wp-json\/wp\/v2\/categories?post=771"},{"taxonomy":"post_tag","embeddable":true,"href":"https:\/\/archiviocassano.lavocedelpaese.info\/index.php\/wp-json\/wp\/v2\/tags?post=771"}],"curies":[{"name":"wp","href":"https:\/\/api.w.org\/{rel}","templated":true}]}}