{"id":7714,"date":"2013-06-04T14:45:58","date_gmt":"2013-06-04T14:45:58","guid":{"rendered":"https:\/\/archiviocassano.lavocedelpaese.info\/index.php\/2013\/06\/04\/rifiuti-e-costo-di-conferimento-interrogazione-di-zullo-alla-regione\/"},"modified":"2013-06-04T14:45:58","modified_gmt":"2013-06-04T14:45:58","slug":"rifiuti-e-costo-di-conferimento-interrogazione-di-zullo-alla-regione","status":"publish","type":"post","link":"https:\/\/archiviocassano.lavocedelpaese.info\/index.php\/2013\/06\/04\/rifiuti-e-costo-di-conferimento-interrogazione-di-zullo-alla-regione\/","title":{"rendered":"Rifiuti: interrogazione di Zullo alla Regione"},"content":{"rendered":"<p><img loading=\"lazy\" decoding=\"async\" class=\" size-full wp-image-1474\" style=\"margin-right: 2px; margin-left: 2px;\" alt=\"zullo\" src=\"https:\/\/archiviocassano.lavocedelpaese.info\/wp-content\/uploads\/2010\/05\/zullo.jpg\" height=\"150\" width=\"320\" srcset=\"https:\/\/archiviocassano.lavocedelpaese.info\/wp-content\/uploads\/2010\/05\/zullo.jpg 640w, https:\/\/archiviocassano.lavocedelpaese.info\/wp-content\/uploads\/2010\/05\/zullo-300x141.jpg 300w\" sizes=\"auto, (max-width: 320px) 100vw, 320px\" \/><\/p>\n<p><!--more--><\/p>\n<p>&nbsp;<\/p>\n<p style=\"text-align: justify;\">Il Presidente del Gruppo consiliare PdL alla Regione Puglia, <strong>Ignazio Zullo<\/strong> ha rivolto un\u2019interrogazione a risposta scritta al Presidente della Regione ed all\u2019Assessore all\u2019Ambiente, nella cui premessa evidenzia che \u201cNel Febbraio 2007, in una seduta consiliare, si avvi\u00f2 un confronto teso a superare la fase emergenziale in tema di rifiuti. In quella sede Vendola e la sua Giunta smantellavano il Piano Fitto che, puntando sul recupero energetico dai rifiuti ne chiudeva il ciclo con la termovalorizzazione per avviare una pianificazione che puntava sul recupero di materia attraverso la valorizzazione e il potenziamento della raccolta differenziata con obbiettivi da raggiungere nel triennio variabile dal 55% al 65%. Purtroppo la Regione Puglia, in questo campo, ha registrato solo una media di raccolta differenziata che si attesta intorno al 20% per carenze infrastrutturali che pure noi, in quella seduta consiliare, preannunciavamo da Cassandre come al solito rimaste inascoltate. Dal 30\/04\/2010 e sino a tutt\u2019ora si sono susseguite varie ordinanze del Presidente Vendola nella qualit\u00e0 di Commissario Delegato all\u2019Emergenza Ambientale in Puglia che hanno determinato un girovagare dei rifiuti in base ai siti di conferimento finali disponibili.<\/p>\n<p style=\"text-align: justify;\">Questa situazione ha comportato e comporta ulteriori e insopportabili costi per i Comuni obbligati a conferire in impianti a maggior costo rispetto a quelli utilizzati in precedenza con gravissime ripercussioni sui cittadini in termini di tassazione con conseguenti continue rielaborazioni dei bilanci che hanno vissuto il rischio di non tenuta dei conti pubblici e di mancato rispetto del Patto di Stabilit\u00e0\u201d.<\/p>\n<p style=\"text-align: justify;\">\u201cRilevato che viene reclamizzata una nuova sfida da parte di Vendola con il nuovo Piano Rifiuti che, ovviamente e come da consolidata prassi, dimentica di narrare i fallimenti e li copre con nuove sfide che altro non sono che la riproposizione di obbiettivi di raccolta differenziata che la Puglia avrebbe dovuto raggiungere entro il 2010 e che oggi vengono riproposti per gli anni futuri\u201d l\u2019interrogante considera che\u201d i livelli di raccolta differenziata possono elevarsi se questa interessa la frazione umida dei rifiuti da avviare al compostaggio e ci\u00f2 \u00e8 possibile se da una parte sono disponibili in prossimit\u00e0 della raccolta impianti autorizzati e se dall\u2019altra il costo del conferimento dell\u2019umido non sia superiore al costo del conferimento del tal quale. Molti Comuni stanno avviando la raccolta dell\u2019umido tramite servizi di raccolta porta a porta confidando sulla collaborazione del cittadino che si sente incentivato non solo per un\u2019accresciuta sensibilit\u00e0 ambientalistica ma anche perch\u00e9 intravede una riduzione dei costi del servizio e conseguentemente della tassazione o tariffa\u201d.<\/p>\n<p style=\"text-align: justify;\">\u201cAccade &#8211; prosegue Zullo &#8211; che, per quanto viene riferito, se si conferisce una tonnellata di rifiuto tal quale presso la Discarica di Trani il costo \u00e8 di circa 46,00+iva Euro Tonnellata (oggi non \u00e8 pi\u00f9 possibile conferire per esaurimento della discarica), se invece si portano i rifiuti presso la discarica DANECO di Giovinazzo dove viene effettuato un trattamento di trito-vagliatura il costo \u00e8 di Euro 61,00+iva a tonnellata, e se i rifiuti si portano all&#8217;AMIU di Bari dove gli stessi vengono sottoposti alla biostabilizzazioni il cui costo \u00e8 di circa 88,00 Euro + iva. Ancor pi\u00f9 paradossale \u00e8 che i Comuni che hanno avviato il servizio di raccolta differenziata porta a porta, per conferire una tonnellata di rifiuto (umido) presso l\u2019impianto TERSAN di Modugno devono pagare Euro 95,60+iva a tonnellata, costo di gran lunga superiore al costo di conferimento del tal quale e decisamente disincentivante per i comuni che hanno deciso di puntare sul recupero dei rifiuti.\u201d<\/p>\n<p style=\"text-align: justify;\">Tutto ci\u00f2 premesso e considerato, il Presidente del Gruppo Consiliare PDL&nbsp; interroga il Presidente della Giunta e l\u2019Assessore all\u2019Ambiente per sapere se non ritengano:<\/p>\n<p style=\"text-align: justify;\">\u201c1) urgente verificare la \u201ccompliance\u201d tra obbiettivi di raccolta differenziata concretamente raggiungibili e costi di conferimento della frazione umida dei rifiuti negli impianti;<\/p>\n<p style=\"text-align: justify;\">2) di dover intervenire per stabilire il costo standard di riferimento uniforme per tutti i Comuni senza che essi siano lasciati nell\u2019impotenza di essere assoggettati alla regola della domanda e dell\u2019offerta che regola il mercato libero;<\/p>\n<p style=\"text-align: justify;\">3) di dover assumere la responsabilit\u00e0 di comunicare ai pugliesi che gli aumenti di tassazione ai quali, ove non si ponga rimedio, si andr\u00e0 inevitabilmente incontro nonostante la raccolta differenziata \u00e8 da imputarsi a se stessi avendo la titolarit\u00e0 del governo della Puglia;<\/p>\n<p style=\"text-align: justify;\">4) che fin quando il costo del conferimento delle materie seconde sar\u00e0 superiore al costo di conferimento del tal quale, gli obbiettivi di racconta differenziata non si potranno mai raggiungere alla faccia di tutte le sfide che poeticamente vengono contrabbandate\u201d.<\/p>\n<p style=\"text-align: justify;\">Ieri, sullo stesso argomento, il coordinatore cittadino del PdL, <strong>Franco Antelmi<\/strong> si era espresso con una nota (<a target=\"_blank\" href=\"rubriche\/la-voce-del-paese\/23670-rifiuti-spese-in-discarica-la-regione-dorme.html\" rel=\"noopener\">leggi<\/a>).<\/p>\n","protected":false},"excerpt":{"rendered":"","protected":false},"author":1,"featured_media":1474,"comment_status":"open","ping_status":"closed","sticky":false,"template":"","format":"standard","meta":{"colormag_page_container_layout":"default_layout","colormag_page_sidebar_layout":"default_layout","footnotes":""},"categories":[4],"tags":[],"class_list":["post-7714","post","type-post","status-publish","format-standard","has-post-thumbnail","hentry","category-politica"],"yoast_head":"<!-- This site is optimized with the Yoast SEO plugin v27.5 - https:\/\/yoast.com\/product\/yoast-seo-wordpress\/ -->\n<title>Rifiuti: interrogazione di Zullo alla Regione - Archivio CassanoWeb<\/title>\n<meta name=\"robots\" content=\"index, follow, max-snippet:-1, max-image-preview:large, max-video-preview:-1\" \/>\n<link rel=\"canonical\" href=\"https:\/\/archiviocassano.lavocedelpaese.info\/index.php\/2013\/06\/04\/rifiuti-e-costo-di-conferimento-interrogazione-di-zullo-alla-regione\/\" \/>\n<meta property=\"og:locale\" content=\"it_IT\" \/>\n<meta property=\"og:type\" content=\"article\" \/>\n<meta property=\"og:title\" content=\"Rifiuti: interrogazione di Zullo alla Regione - Archivio CassanoWeb\" \/>\n<meta property=\"og:url\" content=\"https:\/\/archiviocassano.lavocedelpaese.info\/index.php\/2013\/06\/04\/rifiuti-e-costo-di-conferimento-interrogazione-di-zullo-alla-regione\/\" \/>\n<meta property=\"og:site_name\" content=\"Archivio CassanoWeb\" \/>\n<meta property=\"article:publisher\" content=\"https:\/\/www.facebook.com\/redazione.cassanoweb\" \/>\n<meta property=\"article:published_time\" content=\"2013-06-04T14:45:58+00:00\" \/>\n<meta property=\"og:image\" content=\"https:\/\/archiviocassano.lavocedelpaese.info\/wp-content\/uploads\/2010\/05\/zullo.jpg\" \/>\n\t<meta property=\"og:image:width\" content=\"640\" \/>\n\t<meta property=\"og:image:height\" content=\"300\" \/>\n\t<meta property=\"og:image:type\" content=\"image\/jpeg\" \/>\n<meta name=\"author\" content=\"admin\" \/>\n<meta name=\"twitter:card\" content=\"summary_large_image\" \/>\n<meta name=\"twitter:label1\" content=\"Scritto da\" \/>\n\t<meta name=\"twitter:data1\" content=\"admin\" \/>\n\t<meta name=\"twitter:label2\" content=\"Tempo di lettura stimato\" \/>\n\t<meta name=\"twitter:data2\" content=\"4 minuti\" \/>\n<script type=\"application\/ld+json\" class=\"yoast-schema-graph\">{\"@context\":\"https:\\\/\\\/schema.org\",\"@graph\":[{\"@type\":\"Article\",\"@id\":\"https:\\\/\\\/archiviocassano.lavocedelpaese.info\\\/index.php\\\/2013\\\/06\\\/04\\\/rifiuti-e-costo-di-conferimento-interrogazione-di-zullo-alla-regione\\\/#article\",\"isPartOf\":{\"@id\":\"https:\\\/\\\/archiviocassano.lavocedelpaese.info\\\/index.php\\\/2013\\\/06\\\/04\\\/rifiuti-e-costo-di-conferimento-interrogazione-di-zullo-alla-regione\\\/\"},\"author\":{\"name\":\"admin\",\"@id\":\"https:\\\/\\\/archiviocassano.lavocedelpaese.info\\\/#\\\/schema\\\/person\\\/df195bc79a9b4c35127cf005f92e041b\"},\"headline\":\"Rifiuti: interrogazione di Zullo alla Regione\",\"datePublished\":\"2013-06-04T14:45:58+00:00\",\"mainEntityOfPage\":{\"@id\":\"https:\\\/\\\/archiviocassano.lavocedelpaese.info\\\/index.php\\\/2013\\\/06\\\/04\\\/rifiuti-e-costo-di-conferimento-interrogazione-di-zullo-alla-regione\\\/\"},\"wordCount\":756,\"commentCount\":0,\"publisher\":{\"@id\":\"https:\\\/\\\/archiviocassano.lavocedelpaese.info\\\/#organization\"},\"image\":{\"@id\":\"https:\\\/\\\/archiviocassano.lavocedelpaese.info\\\/index.php\\\/2013\\\/06\\\/04\\\/rifiuti-e-costo-di-conferimento-interrogazione-di-zullo-alla-regione\\\/#primaryimage\"},\"thumbnailUrl\":\"https:\\\/\\\/archiviocassano.lavocedelpaese.info\\\/wp-content\\\/uploads\\\/2010\\\/05\\\/zullo.jpg\",\"articleSection\":[\"Politica\"],\"inLanguage\":\"it-IT\",\"potentialAction\":[{\"@type\":\"CommentAction\",\"name\":\"Comment\",\"target\":[\"https:\\\/\\\/archiviocassano.lavocedelpaese.info\\\/index.php\\\/2013\\\/06\\\/04\\\/rifiuti-e-costo-di-conferimento-interrogazione-di-zullo-alla-regione\\\/#respond\"]}]},{\"@type\":\"WebPage\",\"@id\":\"https:\\\/\\\/archiviocassano.lavocedelpaese.info\\\/index.php\\\/2013\\\/06\\\/04\\\/rifiuti-e-costo-di-conferimento-interrogazione-di-zullo-alla-regione\\\/\",\"url\":\"https:\\\/\\\/archiviocassano.lavocedelpaese.info\\\/index.php\\\/2013\\\/06\\\/04\\\/rifiuti-e-costo-di-conferimento-interrogazione-di-zullo-alla-regione\\\/\",\"name\":\"Rifiuti: interrogazione di Zullo alla Regione - Archivio CassanoWeb\",\"isPartOf\":{\"@id\":\"https:\\\/\\\/archiviocassano.lavocedelpaese.info\\\/#website\"},\"primaryImageOfPage\":{\"@id\":\"https:\\\/\\\/archiviocassano.lavocedelpaese.info\\\/index.php\\\/2013\\\/06\\\/04\\\/rifiuti-e-costo-di-conferimento-interrogazione-di-zullo-alla-regione\\\/#primaryimage\"},\"image\":{\"@id\":\"https:\\\/\\\/archiviocassano.lavocedelpaese.info\\\/index.php\\\/2013\\\/06\\\/04\\\/rifiuti-e-costo-di-conferimento-interrogazione-di-zullo-alla-regione\\\/#primaryimage\"},\"thumbnailUrl\":\"https:\\\/\\\/archiviocassano.lavocedelpaese.info\\\/wp-content\\\/uploads\\\/2010\\\/05\\\/zullo.jpg\",\"datePublished\":\"2013-06-04T14:45:58+00:00\",\"breadcrumb\":{\"@id\":\"https:\\\/\\\/archiviocassano.lavocedelpaese.info\\\/index.php\\\/2013\\\/06\\\/04\\\/rifiuti-e-costo-di-conferimento-interrogazione-di-zullo-alla-regione\\\/#breadcrumb\"},\"inLanguage\":\"it-IT\",\"potentialAction\":[{\"@type\":\"ReadAction\",\"target\":[\"https:\\\/\\\/archiviocassano.lavocedelpaese.info\\\/index.php\\\/2013\\\/06\\\/04\\\/rifiuti-e-costo-di-conferimento-interrogazione-di-zullo-alla-regione\\\/\"]}]},{\"@type\":\"ImageObject\",\"inLanguage\":\"it-IT\",\"@id\":\"https:\\\/\\\/archiviocassano.lavocedelpaese.info\\\/index.php\\\/2013\\\/06\\\/04\\\/rifiuti-e-costo-di-conferimento-interrogazione-di-zullo-alla-regione\\\/#primaryimage\",\"url\":\"https:\\\/\\\/archiviocassano.lavocedelpaese.info\\\/wp-content\\\/uploads\\\/2010\\\/05\\\/zullo.jpg\",\"contentUrl\":\"https:\\\/\\\/archiviocassano.lavocedelpaese.info\\\/wp-content\\\/uploads\\\/2010\\\/05\\\/zullo.jpg\",\"width\":640,\"height\":300,\"caption\":\"zullo\"},{\"@type\":\"BreadcrumbList\",\"@id\":\"https:\\\/\\\/archiviocassano.lavocedelpaese.info\\\/index.php\\\/2013\\\/06\\\/04\\\/rifiuti-e-costo-di-conferimento-interrogazione-di-zullo-alla-regione\\\/#breadcrumb\",\"itemListElement\":[{\"@type\":\"ListItem\",\"position\":1,\"name\":\"Home\",\"item\":\"https:\\\/\\\/archiviocassano.lavocedelpaese.info\\\/\"},{\"@type\":\"ListItem\",\"position\":2,\"name\":\"Rifiuti: interrogazione di Zullo alla Regione\"}]},{\"@type\":\"WebSite\",\"@id\":\"https:\\\/\\\/archiviocassano.lavocedelpaese.info\\\/#website\",\"url\":\"https:\\\/\\\/archiviocassano.lavocedelpaese.info\\\/\",\"name\":\"Archivio CassanoWeb\",\"description\":\"La Voce del Paese - un network di idee\",\"publisher\":{\"@id\":\"https:\\\/\\\/archiviocassano.lavocedelpaese.info\\\/#organization\"},\"potentialAction\":[{\"@type\":\"SearchAction\",\"target\":{\"@type\":\"EntryPoint\",\"urlTemplate\":\"https:\\\/\\\/archiviocassano.lavocedelpaese.info\\\/?s={search_term_string}\"},\"query-input\":{\"@type\":\"PropertyValueSpecification\",\"valueRequired\":true,\"valueName\":\"search_term_string\"}}],\"inLanguage\":\"it-IT\"},{\"@type\":\"Organization\",\"@id\":\"https:\\\/\\\/archiviocassano.lavocedelpaese.info\\\/#organization\",\"name\":\"Archivio CassanoWeb\",\"url\":\"https:\\\/\\\/archiviocassano.lavocedelpaese.info\\\/\",\"logo\":{\"@type\":\"ImageObject\",\"inLanguage\":\"it-IT\",\"@id\":\"https:\\\/\\\/archiviocassano.lavocedelpaese.info\\\/#\\\/schema\\\/logo\\\/image\\\/\",\"url\":\"https:\\\/\\\/archiviocassano.lavocedelpaese.info\\\/wp-content\\\/uploads\\\/2024\\\/08\\\/logo-rosso-2.png\",\"contentUrl\":\"https:\\\/\\\/archiviocassano.lavocedelpaese.info\\\/wp-content\\\/uploads\\\/2024\\\/08\\\/logo-rosso-2.png\",\"width\":491,\"height\":432,\"caption\":\"Archivio CassanoWeb\"},\"image\":{\"@id\":\"https:\\\/\\\/archiviocassano.lavocedelpaese.info\\\/#\\\/schema\\\/logo\\\/image\\\/\"},\"sameAs\":[\"https:\\\/\\\/www.facebook.com\\\/redazione.cassanoweb\"]},{\"@type\":\"Person\",\"@id\":\"https:\\\/\\\/archiviocassano.lavocedelpaese.info\\\/#\\\/schema\\\/person\\\/df195bc79a9b4c35127cf005f92e041b\",\"name\":\"admin\",\"image\":{\"@type\":\"ImageObject\",\"inLanguage\":\"it-IT\",\"@id\":\"https:\\\/\\\/secure.gravatar.com\\\/avatar\\\/eabba89a432e8eaa1b0207cc55f7e5340b22712b1ed80677efcf63e02ff5b235?s=96&d=mm&r=g\",\"url\":\"https:\\\/\\\/secure.gravatar.com\\\/avatar\\\/eabba89a432e8eaa1b0207cc55f7e5340b22712b1ed80677efcf63e02ff5b235?s=96&d=mm&r=g\",\"contentUrl\":\"https:\\\/\\\/secure.gravatar.com\\\/avatar\\\/eabba89a432e8eaa1b0207cc55f7e5340b22712b1ed80677efcf63e02ff5b235?s=96&d=mm&r=g\",\"caption\":\"admin\"},\"sameAs\":[\"https:\\\/\\\/archiviocassano.lavocedelpaese.info\"],\"url\":\"https:\\\/\\\/archiviocassano.lavocedelpaese.info\\\/index.php\\\/author\\\/admin_0qgz1xdp\\\/\"}]}<\/script>\n<!-- \/ Yoast SEO plugin. -->","yoast_head_json":{"title":"Rifiuti: interrogazione di Zullo alla Regione - Archivio CassanoWeb","robots":{"index":"index","follow":"follow","max-snippet":"max-snippet:-1","max-image-preview":"max-image-preview:large","max-video-preview":"max-video-preview:-1"},"canonical":"https:\/\/archiviocassano.lavocedelpaese.info\/index.php\/2013\/06\/04\/rifiuti-e-costo-di-conferimento-interrogazione-di-zullo-alla-regione\/","og_locale":"it_IT","og_type":"article","og_title":"Rifiuti: interrogazione di Zullo alla Regione - Archivio CassanoWeb","og_url":"https:\/\/archiviocassano.lavocedelpaese.info\/index.php\/2013\/06\/04\/rifiuti-e-costo-di-conferimento-interrogazione-di-zullo-alla-regione\/","og_site_name":"Archivio CassanoWeb","article_publisher":"https:\/\/www.facebook.com\/redazione.cassanoweb","article_published_time":"2013-06-04T14:45:58+00:00","og_image":[{"width":640,"height":300,"url":"https:\/\/archiviocassano.lavocedelpaese.info\/wp-content\/uploads\/2010\/05\/zullo.jpg","type":"image\/jpeg"}],"author":"admin","twitter_card":"summary_large_image","twitter_misc":{"Scritto da":"admin","Tempo di lettura stimato":"4 minuti"},"schema":{"@context":"https:\/\/schema.org","@graph":[{"@type":"Article","@id":"https:\/\/archiviocassano.lavocedelpaese.info\/index.php\/2013\/06\/04\/rifiuti-e-costo-di-conferimento-interrogazione-di-zullo-alla-regione\/#article","isPartOf":{"@id":"https:\/\/archiviocassano.lavocedelpaese.info\/index.php\/2013\/06\/04\/rifiuti-e-costo-di-conferimento-interrogazione-di-zullo-alla-regione\/"},"author":{"name":"admin","@id":"https:\/\/archiviocassano.lavocedelpaese.info\/#\/schema\/person\/df195bc79a9b4c35127cf005f92e041b"},"headline":"Rifiuti: interrogazione di Zullo alla Regione","datePublished":"2013-06-04T14:45:58+00:00","mainEntityOfPage":{"@id":"https:\/\/archiviocassano.lavocedelpaese.info\/index.php\/2013\/06\/04\/rifiuti-e-costo-di-conferimento-interrogazione-di-zullo-alla-regione\/"},"wordCount":756,"commentCount":0,"publisher":{"@id":"https:\/\/archiviocassano.lavocedelpaese.info\/#organization"},"image":{"@id":"https:\/\/archiviocassano.lavocedelpaese.info\/index.php\/2013\/06\/04\/rifiuti-e-costo-di-conferimento-interrogazione-di-zullo-alla-regione\/#primaryimage"},"thumbnailUrl":"https:\/\/archiviocassano.lavocedelpaese.info\/wp-content\/uploads\/2010\/05\/zullo.jpg","articleSection":["Politica"],"inLanguage":"it-IT","potentialAction":[{"@type":"CommentAction","name":"Comment","target":["https:\/\/archiviocassano.lavocedelpaese.info\/index.php\/2013\/06\/04\/rifiuti-e-costo-di-conferimento-interrogazione-di-zullo-alla-regione\/#respond"]}]},{"@type":"WebPage","@id":"https:\/\/archiviocassano.lavocedelpaese.info\/index.php\/2013\/06\/04\/rifiuti-e-costo-di-conferimento-interrogazione-di-zullo-alla-regione\/","url":"https:\/\/archiviocassano.lavocedelpaese.info\/index.php\/2013\/06\/04\/rifiuti-e-costo-di-conferimento-interrogazione-di-zullo-alla-regione\/","name":"Rifiuti: interrogazione di Zullo alla Regione - Archivio CassanoWeb","isPartOf":{"@id":"https:\/\/archiviocassano.lavocedelpaese.info\/#website"},"primaryImageOfPage":{"@id":"https:\/\/archiviocassano.lavocedelpaese.info\/index.php\/2013\/06\/04\/rifiuti-e-costo-di-conferimento-interrogazione-di-zullo-alla-regione\/#primaryimage"},"image":{"@id":"https:\/\/archiviocassano.lavocedelpaese.info\/index.php\/2013\/06\/04\/rifiuti-e-costo-di-conferimento-interrogazione-di-zullo-alla-regione\/#primaryimage"},"thumbnailUrl":"https:\/\/archiviocassano.lavocedelpaese.info\/wp-content\/uploads\/2010\/05\/zullo.jpg","datePublished":"2013-06-04T14:45:58+00:00","breadcrumb":{"@id":"https:\/\/archiviocassano.lavocedelpaese.info\/index.php\/2013\/06\/04\/rifiuti-e-costo-di-conferimento-interrogazione-di-zullo-alla-regione\/#breadcrumb"},"inLanguage":"it-IT","potentialAction":[{"@type":"ReadAction","target":["https:\/\/archiviocassano.lavocedelpaese.info\/index.php\/2013\/06\/04\/rifiuti-e-costo-di-conferimento-interrogazione-di-zullo-alla-regione\/"]}]},{"@type":"ImageObject","inLanguage":"it-IT","@id":"https:\/\/archiviocassano.lavocedelpaese.info\/index.php\/2013\/06\/04\/rifiuti-e-costo-di-conferimento-interrogazione-di-zullo-alla-regione\/#primaryimage","url":"https:\/\/archiviocassano.lavocedelpaese.info\/wp-content\/uploads\/2010\/05\/zullo.jpg","contentUrl":"https:\/\/archiviocassano.lavocedelpaese.info\/wp-content\/uploads\/2010\/05\/zullo.jpg","width":640,"height":300,"caption":"zullo"},{"@type":"BreadcrumbList","@id":"https:\/\/archiviocassano.lavocedelpaese.info\/index.php\/2013\/06\/04\/rifiuti-e-costo-di-conferimento-interrogazione-di-zullo-alla-regione\/#breadcrumb","itemListElement":[{"@type":"ListItem","position":1,"name":"Home","item":"https:\/\/archiviocassano.lavocedelpaese.info\/"},{"@type":"ListItem","position":2,"name":"Rifiuti: interrogazione di Zullo alla Regione"}]},{"@type":"WebSite","@id":"https:\/\/archiviocassano.lavocedelpaese.info\/#website","url":"https:\/\/archiviocassano.lavocedelpaese.info\/","name":"Archivio CassanoWeb","description":"La Voce del Paese - un network di idee","publisher":{"@id":"https:\/\/archiviocassano.lavocedelpaese.info\/#organization"},"potentialAction":[{"@type":"SearchAction","target":{"@type":"EntryPoint","urlTemplate":"https:\/\/archiviocassano.lavocedelpaese.info\/?s={search_term_string}"},"query-input":{"@type":"PropertyValueSpecification","valueRequired":true,"valueName":"search_term_string"}}],"inLanguage":"it-IT"},{"@type":"Organization","@id":"https:\/\/archiviocassano.lavocedelpaese.info\/#organization","name":"Archivio CassanoWeb","url":"https:\/\/archiviocassano.lavocedelpaese.info\/","logo":{"@type":"ImageObject","inLanguage":"it-IT","@id":"https:\/\/archiviocassano.lavocedelpaese.info\/#\/schema\/logo\/image\/","url":"https:\/\/archiviocassano.lavocedelpaese.info\/wp-content\/uploads\/2024\/08\/logo-rosso-2.png","contentUrl":"https:\/\/archiviocassano.lavocedelpaese.info\/wp-content\/uploads\/2024\/08\/logo-rosso-2.png","width":491,"height":432,"caption":"Archivio CassanoWeb"},"image":{"@id":"https:\/\/archiviocassano.lavocedelpaese.info\/#\/schema\/logo\/image\/"},"sameAs":["https:\/\/www.facebook.com\/redazione.cassanoweb"]},{"@type":"Person","@id":"https:\/\/archiviocassano.lavocedelpaese.info\/#\/schema\/person\/df195bc79a9b4c35127cf005f92e041b","name":"admin","image":{"@type":"ImageObject","inLanguage":"it-IT","@id":"https:\/\/secure.gravatar.com\/avatar\/eabba89a432e8eaa1b0207cc55f7e5340b22712b1ed80677efcf63e02ff5b235?s=96&d=mm&r=g","url":"https:\/\/secure.gravatar.com\/avatar\/eabba89a432e8eaa1b0207cc55f7e5340b22712b1ed80677efcf63e02ff5b235?s=96&d=mm&r=g","contentUrl":"https:\/\/secure.gravatar.com\/avatar\/eabba89a432e8eaa1b0207cc55f7e5340b22712b1ed80677efcf63e02ff5b235?s=96&d=mm&r=g","caption":"admin"},"sameAs":["https:\/\/archiviocassano.lavocedelpaese.info"],"url":"https:\/\/archiviocassano.lavocedelpaese.info\/index.php\/author\/admin_0qgz1xdp\/"}]}},"_links":{"self":[{"href":"https:\/\/archiviocassano.lavocedelpaese.info\/index.php\/wp-json\/wp\/v2\/posts\/7714","targetHints":{"allow":["GET"]}}],"collection":[{"href":"https:\/\/archiviocassano.lavocedelpaese.info\/index.php\/wp-json\/wp\/v2\/posts"}],"about":[{"href":"https:\/\/archiviocassano.lavocedelpaese.info\/index.php\/wp-json\/wp\/v2\/types\/post"}],"author":[{"embeddable":true,"href":"https:\/\/archiviocassano.lavocedelpaese.info\/index.php\/wp-json\/wp\/v2\/users\/1"}],"replies":[{"embeddable":true,"href":"https:\/\/archiviocassano.lavocedelpaese.info\/index.php\/wp-json\/wp\/v2\/comments?post=7714"}],"version-history":[{"count":0,"href":"https:\/\/archiviocassano.lavocedelpaese.info\/index.php\/wp-json\/wp\/v2\/posts\/7714\/revisions"}],"wp:featuredmedia":[{"embeddable":true,"href":"https:\/\/archiviocassano.lavocedelpaese.info\/index.php\/wp-json\/wp\/v2\/media\/1474"}],"wp:attachment":[{"href":"https:\/\/archiviocassano.lavocedelpaese.info\/index.php\/wp-json\/wp\/v2\/media?parent=7714"}],"wp:term":[{"taxonomy":"category","embeddable":true,"href":"https:\/\/archiviocassano.lavocedelpaese.info\/index.php\/wp-json\/wp\/v2\/categories?post=7714"},{"taxonomy":"post_tag","embeddable":true,"href":"https:\/\/archiviocassano.lavocedelpaese.info\/index.php\/wp-json\/wp\/v2\/tags?post=7714"}],"curies":[{"name":"wp","href":"https:\/\/api.w.org\/{rel}","templated":true}]}}