{"id":773,"date":"2010-01-04T08:56:24","date_gmt":"2010-01-04T08:56:24","guid":{"rendered":"https:\/\/archiviocassano.lavocedelpaese.info\/index.php\/2010\/01\/04\/mario-il-nome-e-di-fantasia\/"},"modified":"2010-01-04T08:56:24","modified_gmt":"2010-01-04T08:56:24","slug":"mario-il-nome-e-di-fantasia","status":"publish","type":"post","link":"https:\/\/archiviocassano.lavocedelpaese.info\/index.php\/2010\/01\/04\/mario-il-nome-e-di-fantasia\/","title":{"rendered":"MARIO, IL NOME E\u2019 DI FANTASIA"},"content":{"rendered":"<p><img loading=\"lazy\" decoding=\"async\" class=\" size-full wp-image-772\" height=\"156\" width=\"320\" src=\"https:\/\/archiviocassano.lavocedelpaese.info\/wp-content\/uploads\/2010\/01\/volontariatofotostile.jpg\" alt=\"volontariatofotostile\" srcset=\"https:\/\/archiviocassano.lavocedelpaese.info\/wp-content\/uploads\/2010\/01\/volontariatofotostile.jpg 410w, https:\/\/archiviocassano.lavocedelpaese.info\/wp-content\/uploads\/2010\/01\/volontariatofotostile-300x146.jpg 300w\" sizes=\"auto, (max-width: 320px) 100vw, 320px\" \/><\/p>\n<p>\u00a0<\/p>\n<p><!--more--><\/p>\n<p style=\"text-align: justify;\">Mario, <em>il nome \u00e8 di fantasia<\/em>, ha passato la cinquantina. Una moglie da cui sta divorziando che di certo non lo ama e due figli che si dimenticano facilmente di lui perch\u00e9 vive in una casa di 7mq. E\u2019 stato in carcere per un\u2019accusa infondata ed anche quando \u00e8 stato assolto con formula piena la sua vita \u00e8 rimasta un inferno. Per le feste non ricever\u00e0 la visita di nessuno. Per le feste non ricever\u00e0 la telefonata di nessuno neanche di chi ha sbagliato numero. Per le feste, rester\u00e0 nella soffitta dove vive nel suo letto a piangere.<\/p>\n<p style=\"text-align: justify;\">Mario\u2026 il nome \u00e8 di fantasia.<\/p>\n<p style=\"text-align: justify;\">Maria, <em>il nome \u00e8 di fantasia<\/em>, guarda suo marito Mario, <em>il nome \u00e8 di fantasia<\/em>, e poi guarda la bambina di 6 mesi. Lui sta giocando con lei, le sorride e lei ride con la sua bocca senza denti e gli occhi pieni di vita. Non capisce che il pap\u00e0 ha perso il lavoro il giorno dopo la sua nascita, che la mamma non ha mai lavorato e che se vive insieme ai nonni \u00e8 perch\u00e9 non ha una casa dove crescere per via di uno sfratto. Maria e Mario hanno dalla loro parte i genitori che li aiutano, un amore che li unisce ed una figlia bellissima. Di contro una situazione che spingerebbe una persona a buttarsi dalla finestra.<\/p>\n<p style=\"text-align: justify;\">Maria e Mario\u2026 i nomi sono di fantasia.<\/p>\n<p style=\"text-align: justify;\">Mario, <em>il nome \u00e8 di fantasia<\/em>, esce di casa. Passa davanti alle vetrine del centro, guarda l\u2019opulenza, guarda la gente che fa gli acquisti, guarda la macelleria piena di bella e sugosa carne, guarda la pescheria con i prodotti esposti e guarda chi compra per imbandire una bella tavola. Poi arriva alla sua meta: la mensa della diocesi. Avr\u00e0 un pasto caldo, un posto per sedersi qualche ora, l\u2019illusione di un compagno di convivio e magari una parola da qualche operatore volontario della croce rossa. Poi torner\u00e0 alla sua solitudine e forse sorrider\u00e0 per un secondo.<\/p>\n<p style=\"text-align: justify;\">Mario\u2026. Il nome \u00e8 di fantasia.<\/p>\n<p style=\"text-align: justify;\">Maria, il nome \u00e8 di fantasia, invita il ragazzo che le ha portato la spesa ad entrare e gli fa vedere la casa. Gli offre il caff\u00e9, lo lusinga con la cortesia della buona padrona di casa e della mamma premurosa ma \u00e8 solo una scusa per avere qualcuno che per qualche minuto riempie la sua casa sempre vuota. Il marito non c\u2019\u00e8 pi\u00f9 ed i figli non ci sono mai stati.<\/p>\n<p style=\"text-align: justify;\">Maria\u2026 il nome \u00e8 di fantasia.<\/p>\n<p style=\"text-align: justify;\">Queste storie che ho brevemente quanto indegnamente citato sono alcuni dei casi che in questo 2009 ho dovuto conoscere per via del mio lavoro di cameraman televisivo e giornalista. Uso la dicitura \u201cil nome \u00e8 di fantasia\u201d con disprezzo e poca convinzione pensando a quanto \u00e8 stato insensibile (stavo per usare la parola <em>stronzo<\/em>) chi l\u2019ha usata per la prima volta: un modo come un altro per raccontare una storia senza urtare la sensibilit\u00e0 delle persone che comprano un giornale.<\/p>\n<p style=\"text-align: justify;\">Spesso si dice che la dicitura <em>il nome \u00e8 di fantasia<\/em> serve per garantire la privacy dell\u2019oggetto del pezzo; ed allora mi domando il senso? Raccontare una storia sul giornale oppure in televisione con lo scopo di sensibilizzare qualche anima e poi magari gli utenti non sanno che si sta parlando del vicino di casa.<\/p>\n<p style=\"text-align: justify;\">Siamo purtroppo fatti in questo modo: la mattina ci svegliamo, prendiamo il caff\u00e9, facciamo la nostra toletta e poi ci buttiamo nella vita quotidiana con i paraocchi. Ci preoccupiamo del nostro orticello, della nostra vita privata, di essere generosi con il figlio che ci chiede gli euro per la ricarica del cellulare o con la moglie che si lamenta di questo o quello. Con il sorriso ascoltiamo i problemi del nostro collega di lavoro e ci informiamo con poca convinzione circa la salute del salumiere sotto casa. E mentre facciamo questo non cogliamo il pensiero di chi sta in fila con noi al supermercato o con chi \u00e8 nella macchina vicino a fare la coda. Guardiamo una donna che legge il giornale e la etichettiamo come una perditempo che potrebbe fare la buona donna di casa e magari non immaginiamo che potrebbe essere intenta a vedere gli annunci economici per trovarsi un\u2019occupazione ed aiutare il marito ad arrivare a fine mese. Oppure guardiamo con disgusto l\u2019anziano in attesa dal medico come colui che grava sulle casse del servizio sanitario nazionale; potrebbe essere che l\u2019anziano Mario, <em>il nome \u00e8 di fantasia<\/em>, \u00e8 l\u00ec perch\u00e9 da un\u2019altra parte si sentirebbe solo. Potrebbe essere che l\u2019anziano Mario, <em>il nome \u00e8 di fantasia<\/em>, \u00e8 l\u00ec perch\u00e9 vuole illudersi nei cinque minuti che durer\u00e0 la sua visita, che qualcuno realmente si interessi a lui.<\/p>\n<p style=\"text-align: justify;\">Di fronte al mio computer mio figlio Marco, il nome questa volta non \u00e8 di fantasia, mi guarda e ride girandosi il ciuccio in bocca. Potr\u00f2 insegnare a lui che il suo mondo non sar\u00e0 solamente composto da me, dalla Mamma, dai Nonni e\u00a0 di chi gli vuole bene? Il compito di insegnarli un giorno che a Natale, a Pasqua, a Ferragosto e nei restanti 362 giorni dell\u2019anno esistono tanti altri <em>nomi di fantasia<\/em> che lo circondano non sar\u00e0 un compito facile.<\/p>\n<p style=\"text-align: justify;\">Gandhi un giorno disse alla folla che prima di preoccuparsi dell\u2019armonia del mondo, bisognava arrivare a casa e pensare all\u2019armonia familiare. Solo in quel caso si poteva poi arrivare ad un mondo migliore. Ma se dopo aver stabilito una (traballante) armonia famiglia, il resto \u00e8 pura ipocrisia?<\/p>\n<p style=\"text-align: justify;\">Se Mario, Mario, Mario e Mario, <em>i nomi sono di fantasia<\/em>, si iscrivono al gruppo della parrocchia per raccogliere i vestiti da dare ai poveri con la Caritas e poi lasciano il padre a casa da solo perch\u00e9 \u00e8 anziano e forse rincoglionito,<em> <\/em>dove stanno sbagliando Mario, Mario, Mario e Mario? Oppure sta sbagliano la parrocchia che gli accoglie tra i suoi proseliti?<\/p>\n<p style=\"text-align: justify;\">Quanti \u201cMario\u201d esistono fuori dalla nostra porta che non siamo capaci a capire (ho il dubbio se usare il punto esclamativo o interrogativo). Quanti \u201cMario\u201d incontriamo ogni giorno per strada ed ignoriamo (stesso dubbio di prima). Ma quanti \u201cMario\u201d potremmo far entrare ogni giorno nella nostra vita se fossimo un po\u2019 meno ottusi? A quanti \u201cMario\u201d potremmo rendere speciale una giornata solo perch\u00e9 uscendo dal nostro impaurito guscio apriamo le braccia ad uno sconosciuto? Quanti \u201cMario\u201d possiamo amare (di nuovo il dubbio che sia una domanda o un\u2019affermazione).<\/p>\n<p style=\"text-align: justify;\">Alzo gli occhi dalla tastiera. Marco mi guarda. Si leva il ciuccio e con la sua manina lo punta verso di me: \u201cvuoi dare il ciuccio a pap\u00e0?\u201d faccio io con una voce da idiota. Il suo sorriso si illumina ancora di pi\u00f9. Lo prender\u00f2 in braccio tra poco, appena avr\u00f2 finito di scrivere queste righe. Andremo alla finestra a fare \u201cciao\u201d ai passanti. Magari \u201cMario\u201d, <em>il nome \u00e8 di fantasia<\/em>, alzer\u00e0 gli occhi e guarder\u00e0 un padre ed un figlio alla finestra e far\u00e0 un sorriso.<\/p>\n<p style=\"text-align: justify;\">E con quel sorriso magari, riuscir\u00e0 a scambiare due chiacchiere convinte con il benzinaio che non si chiamer\u00e0 pi\u00f9 \u201cMario\u201d ma Giovanni e questa volta il nome non sar\u00e0 di fantasia. E Giovanni andr\u00e0 a comprare un maglione e scherzer\u00e0 con la commessa che non sar\u00e0 pi\u00f9 \u201cMaria\u201d ma Donatella ed anche questa volta il nome non sar\u00e0 di fantasia ma sar\u00e0 reale. E Donatella andr\u00e0 a casa ed incontrer\u00e0 sulle scale la signora del quarto piano con le buste e si offrir\u00e0 di accompagnarla perch\u00e9 sono pesanti. E la signora del quarto piano non si chiamer\u00e0 pi\u00f9 \u201cMaria\u201d ma Lucrezia. E Lucrezia, da quella sera, andr\u00e0 a dormire felice perch\u00e9 \u00e8 convinta che con un po\u2019 di sforzo, (con tanto sforzo ma Lei \u00e8 fiduciosa) il prossimo anno sar\u00e0 diverso: <em>il nome \u00e8 di fantasia<\/em> diventer\u00e0 un <em>nome<\/em> e sar\u00e0 pronunciato non solo da un giornalista ma anche da qualcuno che realmente ha voglia di cambiare e levarsi la scorza di ipocrisia che lo riveste.<\/p>\n<p style=\"text-align: justify;\">Ed a Marco, <em>il nome non \u00e8 di fantasia<\/em>, magari un giorno potr\u00f2 dire che il Mondo non \u00e8 cos\u00ec pieno di solitudine come lo vedo io attraverso il mirino della mia telecamera. Magari anche io potr\u00f2 convincermi che con un po\u2019 di sforzo (ma anche io sono fiducioso) questo mondo potr\u00e0 cambiare.<\/p>\n<p style=\"text-align: justify;\">Ed in meglio. Forse.<\/p>\n","protected":false},"excerpt":{"rendered":"<p>\u00a0<\/p>\n","protected":false},"author":1,"featured_media":772,"comment_status":"open","ping_status":"closed","sticky":false,"template":"","format":"standard","meta":{"colormag_page_container_layout":"default_layout","colormag_page_sidebar_layout":"default_layout","footnotes":""},"categories":[9],"tags":[],"class_list":["post-773","post","type-post","status-publish","format-standard","has-post-thumbnail","hentry","category-la-voce-del-paese"],"yoast_head":"<!-- This site is optimized with the Yoast SEO plugin v27.5 - https:\/\/yoast.com\/product\/yoast-seo-wordpress\/ -->\n<title>MARIO, IL NOME E\u2019 DI FANTASIA - Archivio CassanoWeb<\/title>\n<meta name=\"robots\" content=\"index, follow, max-snippet:-1, max-image-preview:large, max-video-preview:-1\" \/>\n<link rel=\"canonical\" href=\"https:\/\/archiviocassano.lavocedelpaese.info\/index.php\/2010\/01\/04\/mario-il-nome-e-di-fantasia\/\" \/>\n<meta property=\"og:locale\" content=\"it_IT\" \/>\n<meta property=\"og:type\" content=\"article\" \/>\n<meta property=\"og:title\" content=\"MARIO, IL NOME E\u2019 DI FANTASIA - Archivio CassanoWeb\" \/>\n<meta property=\"og:description\" content=\"\u00a0\" \/>\n<meta property=\"og:url\" content=\"https:\/\/archiviocassano.lavocedelpaese.info\/index.php\/2010\/01\/04\/mario-il-nome-e-di-fantasia\/\" \/>\n<meta property=\"og:site_name\" content=\"Archivio CassanoWeb\" \/>\n<meta property=\"article:publisher\" content=\"https:\/\/www.facebook.com\/redazione.cassanoweb\" \/>\n<meta property=\"article:published_time\" content=\"2010-01-04T08:56:24+00:00\" \/>\n<meta property=\"og:image\" content=\"https:\/\/archiviocassano.lavocedelpaese.info\/wp-content\/uploads\/2010\/01\/volontariatofotostile.jpg\" \/>\n\t<meta property=\"og:image:width\" content=\"410\" \/>\n\t<meta property=\"og:image:height\" content=\"200\" \/>\n\t<meta property=\"og:image:type\" content=\"image\/jpeg\" \/>\n<meta name=\"author\" content=\"admin\" \/>\n<meta name=\"twitter:card\" content=\"summary_large_image\" \/>\n<meta name=\"twitter:label1\" content=\"Scritto da\" \/>\n\t<meta name=\"twitter:data1\" content=\"admin\" \/>\n\t<meta name=\"twitter:label2\" content=\"Tempo di lettura stimato\" \/>\n\t<meta name=\"twitter:data2\" content=\"7 minuti\" \/>\n<script type=\"application\/ld+json\" class=\"yoast-schema-graph\">{\"@context\":\"https:\\\/\\\/schema.org\",\"@graph\":[{\"@type\":\"Article\",\"@id\":\"https:\\\/\\\/archiviocassano.lavocedelpaese.info\\\/index.php\\\/2010\\\/01\\\/04\\\/mario-il-nome-e-di-fantasia\\\/#article\",\"isPartOf\":{\"@id\":\"https:\\\/\\\/archiviocassano.lavocedelpaese.info\\\/index.php\\\/2010\\\/01\\\/04\\\/mario-il-nome-e-di-fantasia\\\/\"},\"author\":{\"name\":\"admin\",\"@id\":\"https:\\\/\\\/archiviocassano.lavocedelpaese.info\\\/#\\\/schema\\\/person\\\/df195bc79a9b4c35127cf005f92e041b\"},\"headline\":\"MARIO, IL NOME E\u2019 DI FANTASIA\",\"datePublished\":\"2010-01-04T08:56:24+00:00\",\"mainEntityOfPage\":{\"@id\":\"https:\\\/\\\/archiviocassano.lavocedelpaese.info\\\/index.php\\\/2010\\\/01\\\/04\\\/mario-il-nome-e-di-fantasia\\\/\"},\"wordCount\":1354,\"commentCount\":0,\"publisher\":{\"@id\":\"https:\\\/\\\/archiviocassano.lavocedelpaese.info\\\/#organization\"},\"image\":{\"@id\":\"https:\\\/\\\/archiviocassano.lavocedelpaese.info\\\/index.php\\\/2010\\\/01\\\/04\\\/mario-il-nome-e-di-fantasia\\\/#primaryimage\"},\"thumbnailUrl\":\"https:\\\/\\\/archiviocassano.lavocedelpaese.info\\\/wp-content\\\/uploads\\\/2010\\\/01\\\/volontariatofotostile.jpg\",\"articleSection\":[\"La voce del paese\"],\"inLanguage\":\"it-IT\",\"potentialAction\":[{\"@type\":\"CommentAction\",\"name\":\"Comment\",\"target\":[\"https:\\\/\\\/archiviocassano.lavocedelpaese.info\\\/index.php\\\/2010\\\/01\\\/04\\\/mario-il-nome-e-di-fantasia\\\/#respond\"]}]},{\"@type\":\"WebPage\",\"@id\":\"https:\\\/\\\/archiviocassano.lavocedelpaese.info\\\/index.php\\\/2010\\\/01\\\/04\\\/mario-il-nome-e-di-fantasia\\\/\",\"url\":\"https:\\\/\\\/archiviocassano.lavocedelpaese.info\\\/index.php\\\/2010\\\/01\\\/04\\\/mario-il-nome-e-di-fantasia\\\/\",\"name\":\"MARIO, IL NOME E\u2019 DI FANTASIA - Archivio CassanoWeb\",\"isPartOf\":{\"@id\":\"https:\\\/\\\/archiviocassano.lavocedelpaese.info\\\/#website\"},\"primaryImageOfPage\":{\"@id\":\"https:\\\/\\\/archiviocassano.lavocedelpaese.info\\\/index.php\\\/2010\\\/01\\\/04\\\/mario-il-nome-e-di-fantasia\\\/#primaryimage\"},\"image\":{\"@id\":\"https:\\\/\\\/archiviocassano.lavocedelpaese.info\\\/index.php\\\/2010\\\/01\\\/04\\\/mario-il-nome-e-di-fantasia\\\/#primaryimage\"},\"thumbnailUrl\":\"https:\\\/\\\/archiviocassano.lavocedelpaese.info\\\/wp-content\\\/uploads\\\/2010\\\/01\\\/volontariatofotostile.jpg\",\"datePublished\":\"2010-01-04T08:56:24+00:00\",\"breadcrumb\":{\"@id\":\"https:\\\/\\\/archiviocassano.lavocedelpaese.info\\\/index.php\\\/2010\\\/01\\\/04\\\/mario-il-nome-e-di-fantasia\\\/#breadcrumb\"},\"inLanguage\":\"it-IT\",\"potentialAction\":[{\"@type\":\"ReadAction\",\"target\":[\"https:\\\/\\\/archiviocassano.lavocedelpaese.info\\\/index.php\\\/2010\\\/01\\\/04\\\/mario-il-nome-e-di-fantasia\\\/\"]}]},{\"@type\":\"ImageObject\",\"inLanguage\":\"it-IT\",\"@id\":\"https:\\\/\\\/archiviocassano.lavocedelpaese.info\\\/index.php\\\/2010\\\/01\\\/04\\\/mario-il-nome-e-di-fantasia\\\/#primaryimage\",\"url\":\"https:\\\/\\\/archiviocassano.lavocedelpaese.info\\\/wp-content\\\/uploads\\\/2010\\\/01\\\/volontariatofotostile.jpg\",\"contentUrl\":\"https:\\\/\\\/archiviocassano.lavocedelpaese.info\\\/wp-content\\\/uploads\\\/2010\\\/01\\\/volontariatofotostile.jpg\",\"width\":410,\"height\":200,\"caption\":\"volontariatofotostile\"},{\"@type\":\"BreadcrumbList\",\"@id\":\"https:\\\/\\\/archiviocassano.lavocedelpaese.info\\\/index.php\\\/2010\\\/01\\\/04\\\/mario-il-nome-e-di-fantasia\\\/#breadcrumb\",\"itemListElement\":[{\"@type\":\"ListItem\",\"position\":1,\"name\":\"Home\",\"item\":\"https:\\\/\\\/archiviocassano.lavocedelpaese.info\\\/\"},{\"@type\":\"ListItem\",\"position\":2,\"name\":\"MARIO, IL NOME E\u2019 DI FANTASIA\"}]},{\"@type\":\"WebSite\",\"@id\":\"https:\\\/\\\/archiviocassano.lavocedelpaese.info\\\/#website\",\"url\":\"https:\\\/\\\/archiviocassano.lavocedelpaese.info\\\/\",\"name\":\"Archivio CassanoWeb\",\"description\":\"La Voce del Paese - un network di idee\",\"publisher\":{\"@id\":\"https:\\\/\\\/archiviocassano.lavocedelpaese.info\\\/#organization\"},\"potentialAction\":[{\"@type\":\"SearchAction\",\"target\":{\"@type\":\"EntryPoint\",\"urlTemplate\":\"https:\\\/\\\/archiviocassano.lavocedelpaese.info\\\/?s={search_term_string}\"},\"query-input\":{\"@type\":\"PropertyValueSpecification\",\"valueRequired\":true,\"valueName\":\"search_term_string\"}}],\"inLanguage\":\"it-IT\"},{\"@type\":\"Organization\",\"@id\":\"https:\\\/\\\/archiviocassano.lavocedelpaese.info\\\/#organization\",\"name\":\"Archivio CassanoWeb\",\"url\":\"https:\\\/\\\/archiviocassano.lavocedelpaese.info\\\/\",\"logo\":{\"@type\":\"ImageObject\",\"inLanguage\":\"it-IT\",\"@id\":\"https:\\\/\\\/archiviocassano.lavocedelpaese.info\\\/#\\\/schema\\\/logo\\\/image\\\/\",\"url\":\"https:\\\/\\\/archiviocassano.lavocedelpaese.info\\\/wp-content\\\/uploads\\\/2024\\\/08\\\/logo-rosso-2.png\",\"contentUrl\":\"https:\\\/\\\/archiviocassano.lavocedelpaese.info\\\/wp-content\\\/uploads\\\/2024\\\/08\\\/logo-rosso-2.png\",\"width\":491,\"height\":432,\"caption\":\"Archivio CassanoWeb\"},\"image\":{\"@id\":\"https:\\\/\\\/archiviocassano.lavocedelpaese.info\\\/#\\\/schema\\\/logo\\\/image\\\/\"},\"sameAs\":[\"https:\\\/\\\/www.facebook.com\\\/redazione.cassanoweb\"]},{\"@type\":\"Person\",\"@id\":\"https:\\\/\\\/archiviocassano.lavocedelpaese.info\\\/#\\\/schema\\\/person\\\/df195bc79a9b4c35127cf005f92e041b\",\"name\":\"admin\",\"image\":{\"@type\":\"ImageObject\",\"inLanguage\":\"it-IT\",\"@id\":\"https:\\\/\\\/secure.gravatar.com\\\/avatar\\\/eabba89a432e8eaa1b0207cc55f7e5340b22712b1ed80677efcf63e02ff5b235?s=96&d=mm&r=g\",\"url\":\"https:\\\/\\\/secure.gravatar.com\\\/avatar\\\/eabba89a432e8eaa1b0207cc55f7e5340b22712b1ed80677efcf63e02ff5b235?s=96&d=mm&r=g\",\"contentUrl\":\"https:\\\/\\\/secure.gravatar.com\\\/avatar\\\/eabba89a432e8eaa1b0207cc55f7e5340b22712b1ed80677efcf63e02ff5b235?s=96&d=mm&r=g\",\"caption\":\"admin\"},\"sameAs\":[\"https:\\\/\\\/archiviocassano.lavocedelpaese.info\"],\"url\":\"https:\\\/\\\/archiviocassano.lavocedelpaese.info\\\/index.php\\\/author\\\/admin_0qgz1xdp\\\/\"}]}<\/script>\n<!-- \/ Yoast SEO plugin. -->","yoast_head_json":{"title":"MARIO, IL NOME E\u2019 DI FANTASIA - Archivio CassanoWeb","robots":{"index":"index","follow":"follow","max-snippet":"max-snippet:-1","max-image-preview":"max-image-preview:large","max-video-preview":"max-video-preview:-1"},"canonical":"https:\/\/archiviocassano.lavocedelpaese.info\/index.php\/2010\/01\/04\/mario-il-nome-e-di-fantasia\/","og_locale":"it_IT","og_type":"article","og_title":"MARIO, IL NOME E\u2019 DI FANTASIA - Archivio CassanoWeb","og_description":"\u00a0","og_url":"https:\/\/archiviocassano.lavocedelpaese.info\/index.php\/2010\/01\/04\/mario-il-nome-e-di-fantasia\/","og_site_name":"Archivio CassanoWeb","article_publisher":"https:\/\/www.facebook.com\/redazione.cassanoweb","article_published_time":"2010-01-04T08:56:24+00:00","og_image":[{"width":410,"height":200,"url":"https:\/\/archiviocassano.lavocedelpaese.info\/wp-content\/uploads\/2010\/01\/volontariatofotostile.jpg","type":"image\/jpeg"}],"author":"admin","twitter_card":"summary_large_image","twitter_misc":{"Scritto da":"admin","Tempo di lettura stimato":"7 minuti"},"schema":{"@context":"https:\/\/schema.org","@graph":[{"@type":"Article","@id":"https:\/\/archiviocassano.lavocedelpaese.info\/index.php\/2010\/01\/04\/mario-il-nome-e-di-fantasia\/#article","isPartOf":{"@id":"https:\/\/archiviocassano.lavocedelpaese.info\/index.php\/2010\/01\/04\/mario-il-nome-e-di-fantasia\/"},"author":{"name":"admin","@id":"https:\/\/archiviocassano.lavocedelpaese.info\/#\/schema\/person\/df195bc79a9b4c35127cf005f92e041b"},"headline":"MARIO, IL NOME E\u2019 DI FANTASIA","datePublished":"2010-01-04T08:56:24+00:00","mainEntityOfPage":{"@id":"https:\/\/archiviocassano.lavocedelpaese.info\/index.php\/2010\/01\/04\/mario-il-nome-e-di-fantasia\/"},"wordCount":1354,"commentCount":0,"publisher":{"@id":"https:\/\/archiviocassano.lavocedelpaese.info\/#organization"},"image":{"@id":"https:\/\/archiviocassano.lavocedelpaese.info\/index.php\/2010\/01\/04\/mario-il-nome-e-di-fantasia\/#primaryimage"},"thumbnailUrl":"https:\/\/archiviocassano.lavocedelpaese.info\/wp-content\/uploads\/2010\/01\/volontariatofotostile.jpg","articleSection":["La voce del paese"],"inLanguage":"it-IT","potentialAction":[{"@type":"CommentAction","name":"Comment","target":["https:\/\/archiviocassano.lavocedelpaese.info\/index.php\/2010\/01\/04\/mario-il-nome-e-di-fantasia\/#respond"]}]},{"@type":"WebPage","@id":"https:\/\/archiviocassano.lavocedelpaese.info\/index.php\/2010\/01\/04\/mario-il-nome-e-di-fantasia\/","url":"https:\/\/archiviocassano.lavocedelpaese.info\/index.php\/2010\/01\/04\/mario-il-nome-e-di-fantasia\/","name":"MARIO, IL NOME E\u2019 DI FANTASIA - Archivio CassanoWeb","isPartOf":{"@id":"https:\/\/archiviocassano.lavocedelpaese.info\/#website"},"primaryImageOfPage":{"@id":"https:\/\/archiviocassano.lavocedelpaese.info\/index.php\/2010\/01\/04\/mario-il-nome-e-di-fantasia\/#primaryimage"},"image":{"@id":"https:\/\/archiviocassano.lavocedelpaese.info\/index.php\/2010\/01\/04\/mario-il-nome-e-di-fantasia\/#primaryimage"},"thumbnailUrl":"https:\/\/archiviocassano.lavocedelpaese.info\/wp-content\/uploads\/2010\/01\/volontariatofotostile.jpg","datePublished":"2010-01-04T08:56:24+00:00","breadcrumb":{"@id":"https:\/\/archiviocassano.lavocedelpaese.info\/index.php\/2010\/01\/04\/mario-il-nome-e-di-fantasia\/#breadcrumb"},"inLanguage":"it-IT","potentialAction":[{"@type":"ReadAction","target":["https:\/\/archiviocassano.lavocedelpaese.info\/index.php\/2010\/01\/04\/mario-il-nome-e-di-fantasia\/"]}]},{"@type":"ImageObject","inLanguage":"it-IT","@id":"https:\/\/archiviocassano.lavocedelpaese.info\/index.php\/2010\/01\/04\/mario-il-nome-e-di-fantasia\/#primaryimage","url":"https:\/\/archiviocassano.lavocedelpaese.info\/wp-content\/uploads\/2010\/01\/volontariatofotostile.jpg","contentUrl":"https:\/\/archiviocassano.lavocedelpaese.info\/wp-content\/uploads\/2010\/01\/volontariatofotostile.jpg","width":410,"height":200,"caption":"volontariatofotostile"},{"@type":"BreadcrumbList","@id":"https:\/\/archiviocassano.lavocedelpaese.info\/index.php\/2010\/01\/04\/mario-il-nome-e-di-fantasia\/#breadcrumb","itemListElement":[{"@type":"ListItem","position":1,"name":"Home","item":"https:\/\/archiviocassano.lavocedelpaese.info\/"},{"@type":"ListItem","position":2,"name":"MARIO, IL NOME E\u2019 DI FANTASIA"}]},{"@type":"WebSite","@id":"https:\/\/archiviocassano.lavocedelpaese.info\/#website","url":"https:\/\/archiviocassano.lavocedelpaese.info\/","name":"Archivio CassanoWeb","description":"La Voce del Paese - un network di idee","publisher":{"@id":"https:\/\/archiviocassano.lavocedelpaese.info\/#organization"},"potentialAction":[{"@type":"SearchAction","target":{"@type":"EntryPoint","urlTemplate":"https:\/\/archiviocassano.lavocedelpaese.info\/?s={search_term_string}"},"query-input":{"@type":"PropertyValueSpecification","valueRequired":true,"valueName":"search_term_string"}}],"inLanguage":"it-IT"},{"@type":"Organization","@id":"https:\/\/archiviocassano.lavocedelpaese.info\/#organization","name":"Archivio CassanoWeb","url":"https:\/\/archiviocassano.lavocedelpaese.info\/","logo":{"@type":"ImageObject","inLanguage":"it-IT","@id":"https:\/\/archiviocassano.lavocedelpaese.info\/#\/schema\/logo\/image\/","url":"https:\/\/archiviocassano.lavocedelpaese.info\/wp-content\/uploads\/2024\/08\/logo-rosso-2.png","contentUrl":"https:\/\/archiviocassano.lavocedelpaese.info\/wp-content\/uploads\/2024\/08\/logo-rosso-2.png","width":491,"height":432,"caption":"Archivio CassanoWeb"},"image":{"@id":"https:\/\/archiviocassano.lavocedelpaese.info\/#\/schema\/logo\/image\/"},"sameAs":["https:\/\/www.facebook.com\/redazione.cassanoweb"]},{"@type":"Person","@id":"https:\/\/archiviocassano.lavocedelpaese.info\/#\/schema\/person\/df195bc79a9b4c35127cf005f92e041b","name":"admin","image":{"@type":"ImageObject","inLanguage":"it-IT","@id":"https:\/\/secure.gravatar.com\/avatar\/eabba89a432e8eaa1b0207cc55f7e5340b22712b1ed80677efcf63e02ff5b235?s=96&d=mm&r=g","url":"https:\/\/secure.gravatar.com\/avatar\/eabba89a432e8eaa1b0207cc55f7e5340b22712b1ed80677efcf63e02ff5b235?s=96&d=mm&r=g","contentUrl":"https:\/\/secure.gravatar.com\/avatar\/eabba89a432e8eaa1b0207cc55f7e5340b22712b1ed80677efcf63e02ff5b235?s=96&d=mm&r=g","caption":"admin"},"sameAs":["https:\/\/archiviocassano.lavocedelpaese.info"],"url":"https:\/\/archiviocassano.lavocedelpaese.info\/index.php\/author\/admin_0qgz1xdp\/"}]}},"_links":{"self":[{"href":"https:\/\/archiviocassano.lavocedelpaese.info\/index.php\/wp-json\/wp\/v2\/posts\/773","targetHints":{"allow":["GET"]}}],"collection":[{"href":"https:\/\/archiviocassano.lavocedelpaese.info\/index.php\/wp-json\/wp\/v2\/posts"}],"about":[{"href":"https:\/\/archiviocassano.lavocedelpaese.info\/index.php\/wp-json\/wp\/v2\/types\/post"}],"author":[{"embeddable":true,"href":"https:\/\/archiviocassano.lavocedelpaese.info\/index.php\/wp-json\/wp\/v2\/users\/1"}],"replies":[{"embeddable":true,"href":"https:\/\/archiviocassano.lavocedelpaese.info\/index.php\/wp-json\/wp\/v2\/comments?post=773"}],"version-history":[{"count":0,"href":"https:\/\/archiviocassano.lavocedelpaese.info\/index.php\/wp-json\/wp\/v2\/posts\/773\/revisions"}],"wp:featuredmedia":[{"embeddable":true,"href":"https:\/\/archiviocassano.lavocedelpaese.info\/index.php\/wp-json\/wp\/v2\/media\/772"}],"wp:attachment":[{"href":"https:\/\/archiviocassano.lavocedelpaese.info\/index.php\/wp-json\/wp\/v2\/media?parent=773"}],"wp:term":[{"taxonomy":"category","embeddable":true,"href":"https:\/\/archiviocassano.lavocedelpaese.info\/index.php\/wp-json\/wp\/v2\/categories?post=773"},{"taxonomy":"post_tag","embeddable":true,"href":"https:\/\/archiviocassano.lavocedelpaese.info\/index.php\/wp-json\/wp\/v2\/tags?post=773"}],"curies":[{"name":"wp","href":"https:\/\/api.w.org\/{rel}","templated":true}]}}