{"id":7827,"date":"2013-06-28T14:07:23","date_gmt":"2013-06-28T14:07:23","guid":{"rendered":"https:\/\/archiviocassano.lavocedelpaese.info\/index.php\/2013\/06\/28\/progetto-qlameq-e-se-imparassimo-dai-nostri-nonni\/"},"modified":"2013-06-28T14:07:23","modified_gmt":"2013-06-28T14:07:23","slug":"progetto-qlameq-e-se-imparassimo-dai-nostri-nonni","status":"publish","type":"post","link":"https:\/\/archiviocassano.lavocedelpaese.info\/index.php\/2013\/06\/28\/progetto-qlameq-e-se-imparassimo-dai-nostri-nonni\/","title":{"rendered":"Progetto &#8220;Lame&#8221;: e se imparassimo dai nostri nonni?"},"content":{"rendered":"<p style=\"text-align: justify;\"><img loading=\"lazy\" decoding=\"async\" class=\" size-full wp-image-7812\" alt=\"Le querce secolari a rischio\" src=\"https:\/\/archiviocassano.lavocedelpaese.info\/wp-content\/uploads\/2013\/06\/Le_querce_secolari_a_rischio.jpg\" height=\"150\" width=\"320\" \/><\/p>\n<p style=\"margin: 0cm 14.2pt 0.0001pt; text-align: justify; line-height: normal;\">\n<!--more-->\n<\/p>\n<p style=\"margin: 0cm 14.2pt 0.0001pt; text-align: justify; line-height: normal;\">&nbsp;<\/p>\n<p style=\"text-align: justify;\">Ci sono diverse maniere, per una comunit\u00e0, di fronteggiare un problema.In cima alla lista delle probabilit\u00e0 c\u2019\u00e8 la scelta migliore: quella che non soltanto lo risolve eliminandone le cause, ma che, in aggiunta, crea i presupposti perch\u00e9 da una situazione potenzialmente negativa, la comunit\u00e0 stessa si trovi a beneficiare delle conse<\/p>\n<p style=\"text-align: justify;\">guenze indirette di tale scelta.<\/p>\n<p style=\"text-align: justify;\">All\u2019estremo opposto, figurano quei provvedimenti che, non solo non eliminano il problema, ma ne creano potenzialmente un altro, dalle conseguenze -se possibile- peggiori del primo.<\/p>\n<p style=\"text-align: justify;\">Nel mezzo, tutta l\u2019infinita sequela di interventi scelti ed attuati secondo le mille possibilit\u00e0 che di volta in volta le necessit\u00e0, l\u2019opportunismo, la politica, il clientelismo, il malaffare o pi\u00f9 semplicemente l\u2019incompetenza, suggeriscono.<\/p>\n<p style=\"text-align: justify;\">Ad optare per l\u2019una o per l\u2019altra via sono sempre e comunque delle persone, ed ogni decisione ne rifletter\u00e0 inevitabilmente nel corso del tempo lo spessore, la sensibilit\u00e0, la lungimiranza; senza mai dimenticare che occuparsi della \u201ccosa pubblica\u201d non \u00e8 mai stato esercizio facile neanche in passato, quando ben altri ideali e ben altre menti erano chiamate a farlo.<\/p>\n<p style=\"text-align: justify;\">Tuttavia, l\u2019attuale discussione sul famoso \u201cProgetto Lame\u201d, mi induce a fare una riflessione su come, anche stavolta, il tempo non abbia giovato a nulla poich\u00e9, a dispetto dei grandi mezzi tecnologici a disposizione e delle aumentate conoscenze del territorio, il paragone con quanto i nostri avi furono capaci di fare risulti impietoso, per noi cassanesi del terzo millennio.<\/p>\n<p style=\"text-align: justify;\">Parecchi decenni fa, il problema del controllo e del convogliamento delle acque piovane dell\u2019area murgiana si pose in maniera pressante agli abitanti di queste nostre zone. Numerose e catastrofiche erano state, da sempre, le alluvioni; ed ultimamente, finanche la popolosa citt\u00e0 di Bari era stata vittima delle acque impetuose che, scendendo dalle Murge, devastavano ogni cosa, sia creata dalla natura stessa, sia costruita dall\u2019uomo.<\/p>\n<p style=\"text-align: justify;\">Ai nostri nonni, ai nostri padri, venne la felice idea di creare dal nulla quello che ancora oggi, pur tra mille difficolt\u00e0, possiamo considerare uno dei pochissimi fiori all\u2019occhiello della nostra Cassano, ovvero la Foresta Mercadante.<\/p>\n<p style=\"text-align: justify;\">Un progetto che \u201ccreava\u201d, che \u201caggiungeva\u201d, che modificava in maniera positiva un territorio, migliorandolo, rendendolo funzionale ad una necessit\u00e0, e al tempo stesso innescava un circolo virtuoso, i cui benefici sono ancora ben visibili e godibili dalla comunit\u00e0. Pu\u00f2 anche darsi che all\u2019epoca la cosa non fosse percepita in tutta la sua interezza, e che anche allora ci fossero state polemiche, sospetti e discussioni. Alla prova della storia per\u00f2, possiamo senza dubbio affermare che una tale decisione si colloca all\u2019apice di quella scala cui facevo cenno all\u2019inizio.<\/p>\n<p style=\"text-align: justify;\">Oggi siamo al cospetto di una decisione (non abbiamo ben capito se revocabile o irrevocabile) che prevede, per una necessit\u00e0 assai simile a quella di allora, la costruzione di vasconi in cemento armato (spero) nei quali convogliare le acque.<\/p>\n<p style=\"text-align: justify;\">Il termine \u201ccostruire\u201d non tragga in inganno: stavolta non si tratta di \u201ccreare\u201d n\u00e9 \u201caggiungere\u201d, bens\u00ec di scavare, di sottrarre, di deturpare. Il territorio non ne risulter\u00e0 affatto abbellito ma anzi: la collocazione di tali manufatti sopra il paese, potrebbe renderli potenzialmente pericolosi come ordigni programmati ad esplodere in maniera \u201crandom\u201d, secondo i capricci di Madre Natura.<\/p>\n<p style=\"text-align: justify;\">Da queste semplici considerazioni, parrebbe facile ipotizzare come ci si trovi al cospetto di una scelta catalogabile fra le peggiori, sempre secondo quella scala suddetta.<\/p>\n<p style=\"text-align: justify;\">La domanda che dovremmo porci \u00e8 dunque se quanto stiamo pensando di fare possa costituire per i nostri figli e nipoti una miglioria, un dono, un apporto al miglioramento della loro qualit\u00e0 di vita. Se, sottoposta al giudizio della storia, anche questa opera possa essere catalogata come un bene.<\/p>\n<p style=\"text-align: justify;\">Da quel che leggo non ce lo stiamo chiedendo, preferendo dare per scontata ed esatta la nostra personale interpretazione, a seconda che si abiti o meno nelle vicinanze, che si sia vicini o meno ideologicamente a quanti parteggiano per l\u2019uno o l\u2019altro partito.<\/p>\n<p style=\"text-align: justify;\">Non mi schierer\u00f2 n\u00e9 da una parte n\u00e9 dall\u2019altra, sia perch\u00e9 mi mancano le cognizioni necessarie ad esprimere un parere definitivo, sia perch\u00e9 \u2013come spesso accade- la contrapposizione ha finito per assumere i toni dello scontro politico.<\/p>\n<p style=\"text-align: justify;\">La mia vuole essere solo una (amara) constatazione di come, gente con pochi mezzi economici, tecnologici e culturali, sia stata in grado, in passato, di compiere scelte molto pi\u00f9 logiche di quelle che noi, coi nostri mezzi, siamo stati capaci di ipotizzare e (forse) realizzare, oggi.<\/p>\n<p style=\"text-align: justify;\">&nbsp;<\/p>\n","protected":false},"excerpt":{"rendered":"","protected":false},"author":1,"featured_media":7812,"comment_status":"open","ping_status":"closed","sticky":false,"template":"","format":"standard","meta":{"colormag_page_container_layout":"default_layout","colormag_page_sidebar_layout":"default_layout","footnotes":""},"categories":[9],"tags":[],"class_list":["post-7827","post","type-post","status-publish","format-standard","has-post-thumbnail","hentry","category-la-voce-del-paese"],"yoast_head":"<!-- This site is optimized with the Yoast SEO plugin v27.5 - https:\/\/yoast.com\/product\/yoast-seo-wordpress\/ -->\n<title>Progetto &quot;Lame&quot;: e se imparassimo dai nostri nonni? - Archivio CassanoWeb<\/title>\n<meta name=\"robots\" content=\"index, follow, max-snippet:-1, max-image-preview:large, max-video-preview:-1\" \/>\n<link rel=\"canonical\" href=\"https:\/\/archiviocassano.lavocedelpaese.info\/index.php\/2013\/06\/28\/progetto-qlameq-e-se-imparassimo-dai-nostri-nonni\/\" \/>\n<meta property=\"og:locale\" content=\"it_IT\" \/>\n<meta property=\"og:type\" content=\"article\" \/>\n<meta property=\"og:title\" content=\"Progetto &quot;Lame&quot;: e se imparassimo dai nostri nonni? - Archivio CassanoWeb\" \/>\n<meta property=\"og:url\" content=\"https:\/\/archiviocassano.lavocedelpaese.info\/index.php\/2013\/06\/28\/progetto-qlameq-e-se-imparassimo-dai-nostri-nonni\/\" \/>\n<meta property=\"og:site_name\" content=\"Archivio CassanoWeb\" \/>\n<meta property=\"article:publisher\" content=\"https:\/\/www.facebook.com\/redazione.cassanoweb\" \/>\n<meta property=\"article:published_time\" content=\"2013-06-28T14:07:23+00:00\" \/>\n<meta property=\"og:image\" content=\"https:\/\/archiviocassano.lavocedelpaese.info\/wp-content\/uploads\/2013\/06\/Le_querce_secolari_a_rischio.jpg\" \/>\n\t<meta property=\"og:image:width\" content=\"600\" \/>\n\t<meta property=\"og:image:height\" content=\"320\" \/>\n\t<meta property=\"og:image:type\" content=\"image\/jpeg\" \/>\n<meta name=\"author\" content=\"admin\" \/>\n<meta name=\"twitter:card\" content=\"summary_large_image\" \/>\n<meta name=\"twitter:label1\" content=\"Scritto da\" \/>\n\t<meta name=\"twitter:data1\" content=\"admin\" \/>\n\t<meta name=\"twitter:label2\" content=\"Tempo di lettura stimato\" \/>\n\t<meta name=\"twitter:data2\" content=\"4 minuti\" \/>\n<script type=\"application\/ld+json\" class=\"yoast-schema-graph\">{\"@context\":\"https:\\\/\\\/schema.org\",\"@graph\":[{\"@type\":\"Article\",\"@id\":\"https:\\\/\\\/archiviocassano.lavocedelpaese.info\\\/index.php\\\/2013\\\/06\\\/28\\\/progetto-qlameq-e-se-imparassimo-dai-nostri-nonni\\\/#article\",\"isPartOf\":{\"@id\":\"https:\\\/\\\/archiviocassano.lavocedelpaese.info\\\/index.php\\\/2013\\\/06\\\/28\\\/progetto-qlameq-e-se-imparassimo-dai-nostri-nonni\\\/\"},\"author\":{\"name\":\"admin\",\"@id\":\"https:\\\/\\\/archiviocassano.lavocedelpaese.info\\\/#\\\/schema\\\/person\\\/df195bc79a9b4c35127cf005f92e041b\"},\"headline\":\"Progetto &#8220;Lame&#8221;: e se imparassimo dai nostri nonni?\",\"datePublished\":\"2013-06-28T14:07:23+00:00\",\"mainEntityOfPage\":{\"@id\":\"https:\\\/\\\/archiviocassano.lavocedelpaese.info\\\/index.php\\\/2013\\\/06\\\/28\\\/progetto-qlameq-e-se-imparassimo-dai-nostri-nonni\\\/\"},\"wordCount\":739,\"commentCount\":0,\"publisher\":{\"@id\":\"https:\\\/\\\/archiviocassano.lavocedelpaese.info\\\/#organization\"},\"image\":{\"@id\":\"https:\\\/\\\/archiviocassano.lavocedelpaese.info\\\/index.php\\\/2013\\\/06\\\/28\\\/progetto-qlameq-e-se-imparassimo-dai-nostri-nonni\\\/#primaryimage\"},\"thumbnailUrl\":\"https:\\\/\\\/archiviocassano.lavocedelpaese.info\\\/wp-content\\\/uploads\\\/2013\\\/06\\\/Le_querce_secolari_a_rischio.jpg\",\"articleSection\":[\"La voce del paese\"],\"inLanguage\":\"it-IT\",\"potentialAction\":[{\"@type\":\"CommentAction\",\"name\":\"Comment\",\"target\":[\"https:\\\/\\\/archiviocassano.lavocedelpaese.info\\\/index.php\\\/2013\\\/06\\\/28\\\/progetto-qlameq-e-se-imparassimo-dai-nostri-nonni\\\/#respond\"]}]},{\"@type\":\"WebPage\",\"@id\":\"https:\\\/\\\/archiviocassano.lavocedelpaese.info\\\/index.php\\\/2013\\\/06\\\/28\\\/progetto-qlameq-e-se-imparassimo-dai-nostri-nonni\\\/\",\"url\":\"https:\\\/\\\/archiviocassano.lavocedelpaese.info\\\/index.php\\\/2013\\\/06\\\/28\\\/progetto-qlameq-e-se-imparassimo-dai-nostri-nonni\\\/\",\"name\":\"Progetto \\\"Lame\\\": e se imparassimo dai nostri nonni? - Archivio CassanoWeb\",\"isPartOf\":{\"@id\":\"https:\\\/\\\/archiviocassano.lavocedelpaese.info\\\/#website\"},\"primaryImageOfPage\":{\"@id\":\"https:\\\/\\\/archiviocassano.lavocedelpaese.info\\\/index.php\\\/2013\\\/06\\\/28\\\/progetto-qlameq-e-se-imparassimo-dai-nostri-nonni\\\/#primaryimage\"},\"image\":{\"@id\":\"https:\\\/\\\/archiviocassano.lavocedelpaese.info\\\/index.php\\\/2013\\\/06\\\/28\\\/progetto-qlameq-e-se-imparassimo-dai-nostri-nonni\\\/#primaryimage\"},\"thumbnailUrl\":\"https:\\\/\\\/archiviocassano.lavocedelpaese.info\\\/wp-content\\\/uploads\\\/2013\\\/06\\\/Le_querce_secolari_a_rischio.jpg\",\"datePublished\":\"2013-06-28T14:07:23+00:00\",\"breadcrumb\":{\"@id\":\"https:\\\/\\\/archiviocassano.lavocedelpaese.info\\\/index.php\\\/2013\\\/06\\\/28\\\/progetto-qlameq-e-se-imparassimo-dai-nostri-nonni\\\/#breadcrumb\"},\"inLanguage\":\"it-IT\",\"potentialAction\":[{\"@type\":\"ReadAction\",\"target\":[\"https:\\\/\\\/archiviocassano.lavocedelpaese.info\\\/index.php\\\/2013\\\/06\\\/28\\\/progetto-qlameq-e-se-imparassimo-dai-nostri-nonni\\\/\"]}]},{\"@type\":\"ImageObject\",\"inLanguage\":\"it-IT\",\"@id\":\"https:\\\/\\\/archiviocassano.lavocedelpaese.info\\\/index.php\\\/2013\\\/06\\\/28\\\/progetto-qlameq-e-se-imparassimo-dai-nostri-nonni\\\/#primaryimage\",\"url\":\"https:\\\/\\\/archiviocassano.lavocedelpaese.info\\\/wp-content\\\/uploads\\\/2013\\\/06\\\/Le_querce_secolari_a_rischio.jpg\",\"contentUrl\":\"https:\\\/\\\/archiviocassano.lavocedelpaese.info\\\/wp-content\\\/uploads\\\/2013\\\/06\\\/Le_querce_secolari_a_rischio.jpg\",\"width\":600,\"height\":320,\"caption\":\"Le querce secolari a rischio\"},{\"@type\":\"BreadcrumbList\",\"@id\":\"https:\\\/\\\/archiviocassano.lavocedelpaese.info\\\/index.php\\\/2013\\\/06\\\/28\\\/progetto-qlameq-e-se-imparassimo-dai-nostri-nonni\\\/#breadcrumb\",\"itemListElement\":[{\"@type\":\"ListItem\",\"position\":1,\"name\":\"Home\",\"item\":\"https:\\\/\\\/archiviocassano.lavocedelpaese.info\\\/\"},{\"@type\":\"ListItem\",\"position\":2,\"name\":\"Progetto &#8220;Lame&#8221;: e se imparassimo dai nostri nonni?\"}]},{\"@type\":\"WebSite\",\"@id\":\"https:\\\/\\\/archiviocassano.lavocedelpaese.info\\\/#website\",\"url\":\"https:\\\/\\\/archiviocassano.lavocedelpaese.info\\\/\",\"name\":\"Archivio CassanoWeb\",\"description\":\"La Voce del Paese - un network di idee\",\"publisher\":{\"@id\":\"https:\\\/\\\/archiviocassano.lavocedelpaese.info\\\/#organization\"},\"potentialAction\":[{\"@type\":\"SearchAction\",\"target\":{\"@type\":\"EntryPoint\",\"urlTemplate\":\"https:\\\/\\\/archiviocassano.lavocedelpaese.info\\\/?s={search_term_string}\"},\"query-input\":{\"@type\":\"PropertyValueSpecification\",\"valueRequired\":true,\"valueName\":\"search_term_string\"}}],\"inLanguage\":\"it-IT\"},{\"@type\":\"Organization\",\"@id\":\"https:\\\/\\\/archiviocassano.lavocedelpaese.info\\\/#organization\",\"name\":\"Archivio CassanoWeb\",\"url\":\"https:\\\/\\\/archiviocassano.lavocedelpaese.info\\\/\",\"logo\":{\"@type\":\"ImageObject\",\"inLanguage\":\"it-IT\",\"@id\":\"https:\\\/\\\/archiviocassano.lavocedelpaese.info\\\/#\\\/schema\\\/logo\\\/image\\\/\",\"url\":\"https:\\\/\\\/archiviocassano.lavocedelpaese.info\\\/wp-content\\\/uploads\\\/2024\\\/08\\\/logo-rosso-2.png\",\"contentUrl\":\"https:\\\/\\\/archiviocassano.lavocedelpaese.info\\\/wp-content\\\/uploads\\\/2024\\\/08\\\/logo-rosso-2.png\",\"width\":491,\"height\":432,\"caption\":\"Archivio CassanoWeb\"},\"image\":{\"@id\":\"https:\\\/\\\/archiviocassano.lavocedelpaese.info\\\/#\\\/schema\\\/logo\\\/image\\\/\"},\"sameAs\":[\"https:\\\/\\\/www.facebook.com\\\/redazione.cassanoweb\"]},{\"@type\":\"Person\",\"@id\":\"https:\\\/\\\/archiviocassano.lavocedelpaese.info\\\/#\\\/schema\\\/person\\\/df195bc79a9b4c35127cf005f92e041b\",\"name\":\"admin\",\"image\":{\"@type\":\"ImageObject\",\"inLanguage\":\"it-IT\",\"@id\":\"https:\\\/\\\/secure.gravatar.com\\\/avatar\\\/eabba89a432e8eaa1b0207cc55f7e5340b22712b1ed80677efcf63e02ff5b235?s=96&d=mm&r=g\",\"url\":\"https:\\\/\\\/secure.gravatar.com\\\/avatar\\\/eabba89a432e8eaa1b0207cc55f7e5340b22712b1ed80677efcf63e02ff5b235?s=96&d=mm&r=g\",\"contentUrl\":\"https:\\\/\\\/secure.gravatar.com\\\/avatar\\\/eabba89a432e8eaa1b0207cc55f7e5340b22712b1ed80677efcf63e02ff5b235?s=96&d=mm&r=g\",\"caption\":\"admin\"},\"sameAs\":[\"https:\\\/\\\/archiviocassano.lavocedelpaese.info\"],\"url\":\"https:\\\/\\\/archiviocassano.lavocedelpaese.info\\\/index.php\\\/author\\\/admin_0qgz1xdp\\\/\"}]}<\/script>\n<!-- \/ Yoast SEO plugin. -->","yoast_head_json":{"title":"Progetto \"Lame\": e se imparassimo dai nostri nonni? - Archivio CassanoWeb","robots":{"index":"index","follow":"follow","max-snippet":"max-snippet:-1","max-image-preview":"max-image-preview:large","max-video-preview":"max-video-preview:-1"},"canonical":"https:\/\/archiviocassano.lavocedelpaese.info\/index.php\/2013\/06\/28\/progetto-qlameq-e-se-imparassimo-dai-nostri-nonni\/","og_locale":"it_IT","og_type":"article","og_title":"Progetto \"Lame\": e se imparassimo dai nostri nonni? - Archivio CassanoWeb","og_url":"https:\/\/archiviocassano.lavocedelpaese.info\/index.php\/2013\/06\/28\/progetto-qlameq-e-se-imparassimo-dai-nostri-nonni\/","og_site_name":"Archivio CassanoWeb","article_publisher":"https:\/\/www.facebook.com\/redazione.cassanoweb","article_published_time":"2013-06-28T14:07:23+00:00","og_image":[{"width":600,"height":320,"url":"https:\/\/archiviocassano.lavocedelpaese.info\/wp-content\/uploads\/2013\/06\/Le_querce_secolari_a_rischio.jpg","type":"image\/jpeg"}],"author":"admin","twitter_card":"summary_large_image","twitter_misc":{"Scritto da":"admin","Tempo di lettura stimato":"4 minuti"},"schema":{"@context":"https:\/\/schema.org","@graph":[{"@type":"Article","@id":"https:\/\/archiviocassano.lavocedelpaese.info\/index.php\/2013\/06\/28\/progetto-qlameq-e-se-imparassimo-dai-nostri-nonni\/#article","isPartOf":{"@id":"https:\/\/archiviocassano.lavocedelpaese.info\/index.php\/2013\/06\/28\/progetto-qlameq-e-se-imparassimo-dai-nostri-nonni\/"},"author":{"name":"admin","@id":"https:\/\/archiviocassano.lavocedelpaese.info\/#\/schema\/person\/df195bc79a9b4c35127cf005f92e041b"},"headline":"Progetto &#8220;Lame&#8221;: e se imparassimo dai nostri nonni?","datePublished":"2013-06-28T14:07:23+00:00","mainEntityOfPage":{"@id":"https:\/\/archiviocassano.lavocedelpaese.info\/index.php\/2013\/06\/28\/progetto-qlameq-e-se-imparassimo-dai-nostri-nonni\/"},"wordCount":739,"commentCount":0,"publisher":{"@id":"https:\/\/archiviocassano.lavocedelpaese.info\/#organization"},"image":{"@id":"https:\/\/archiviocassano.lavocedelpaese.info\/index.php\/2013\/06\/28\/progetto-qlameq-e-se-imparassimo-dai-nostri-nonni\/#primaryimage"},"thumbnailUrl":"https:\/\/archiviocassano.lavocedelpaese.info\/wp-content\/uploads\/2013\/06\/Le_querce_secolari_a_rischio.jpg","articleSection":["La voce del paese"],"inLanguage":"it-IT","potentialAction":[{"@type":"CommentAction","name":"Comment","target":["https:\/\/archiviocassano.lavocedelpaese.info\/index.php\/2013\/06\/28\/progetto-qlameq-e-se-imparassimo-dai-nostri-nonni\/#respond"]}]},{"@type":"WebPage","@id":"https:\/\/archiviocassano.lavocedelpaese.info\/index.php\/2013\/06\/28\/progetto-qlameq-e-se-imparassimo-dai-nostri-nonni\/","url":"https:\/\/archiviocassano.lavocedelpaese.info\/index.php\/2013\/06\/28\/progetto-qlameq-e-se-imparassimo-dai-nostri-nonni\/","name":"Progetto \"Lame\": e se imparassimo dai nostri nonni? - Archivio CassanoWeb","isPartOf":{"@id":"https:\/\/archiviocassano.lavocedelpaese.info\/#website"},"primaryImageOfPage":{"@id":"https:\/\/archiviocassano.lavocedelpaese.info\/index.php\/2013\/06\/28\/progetto-qlameq-e-se-imparassimo-dai-nostri-nonni\/#primaryimage"},"image":{"@id":"https:\/\/archiviocassano.lavocedelpaese.info\/index.php\/2013\/06\/28\/progetto-qlameq-e-se-imparassimo-dai-nostri-nonni\/#primaryimage"},"thumbnailUrl":"https:\/\/archiviocassano.lavocedelpaese.info\/wp-content\/uploads\/2013\/06\/Le_querce_secolari_a_rischio.jpg","datePublished":"2013-06-28T14:07:23+00:00","breadcrumb":{"@id":"https:\/\/archiviocassano.lavocedelpaese.info\/index.php\/2013\/06\/28\/progetto-qlameq-e-se-imparassimo-dai-nostri-nonni\/#breadcrumb"},"inLanguage":"it-IT","potentialAction":[{"@type":"ReadAction","target":["https:\/\/archiviocassano.lavocedelpaese.info\/index.php\/2013\/06\/28\/progetto-qlameq-e-se-imparassimo-dai-nostri-nonni\/"]}]},{"@type":"ImageObject","inLanguage":"it-IT","@id":"https:\/\/archiviocassano.lavocedelpaese.info\/index.php\/2013\/06\/28\/progetto-qlameq-e-se-imparassimo-dai-nostri-nonni\/#primaryimage","url":"https:\/\/archiviocassano.lavocedelpaese.info\/wp-content\/uploads\/2013\/06\/Le_querce_secolari_a_rischio.jpg","contentUrl":"https:\/\/archiviocassano.lavocedelpaese.info\/wp-content\/uploads\/2013\/06\/Le_querce_secolari_a_rischio.jpg","width":600,"height":320,"caption":"Le querce secolari a rischio"},{"@type":"BreadcrumbList","@id":"https:\/\/archiviocassano.lavocedelpaese.info\/index.php\/2013\/06\/28\/progetto-qlameq-e-se-imparassimo-dai-nostri-nonni\/#breadcrumb","itemListElement":[{"@type":"ListItem","position":1,"name":"Home","item":"https:\/\/archiviocassano.lavocedelpaese.info\/"},{"@type":"ListItem","position":2,"name":"Progetto &#8220;Lame&#8221;: e se imparassimo dai nostri nonni?"}]},{"@type":"WebSite","@id":"https:\/\/archiviocassano.lavocedelpaese.info\/#website","url":"https:\/\/archiviocassano.lavocedelpaese.info\/","name":"Archivio CassanoWeb","description":"La Voce del Paese - un network di idee","publisher":{"@id":"https:\/\/archiviocassano.lavocedelpaese.info\/#organization"},"potentialAction":[{"@type":"SearchAction","target":{"@type":"EntryPoint","urlTemplate":"https:\/\/archiviocassano.lavocedelpaese.info\/?s={search_term_string}"},"query-input":{"@type":"PropertyValueSpecification","valueRequired":true,"valueName":"search_term_string"}}],"inLanguage":"it-IT"},{"@type":"Organization","@id":"https:\/\/archiviocassano.lavocedelpaese.info\/#organization","name":"Archivio CassanoWeb","url":"https:\/\/archiviocassano.lavocedelpaese.info\/","logo":{"@type":"ImageObject","inLanguage":"it-IT","@id":"https:\/\/archiviocassano.lavocedelpaese.info\/#\/schema\/logo\/image\/","url":"https:\/\/archiviocassano.lavocedelpaese.info\/wp-content\/uploads\/2024\/08\/logo-rosso-2.png","contentUrl":"https:\/\/archiviocassano.lavocedelpaese.info\/wp-content\/uploads\/2024\/08\/logo-rosso-2.png","width":491,"height":432,"caption":"Archivio CassanoWeb"},"image":{"@id":"https:\/\/archiviocassano.lavocedelpaese.info\/#\/schema\/logo\/image\/"},"sameAs":["https:\/\/www.facebook.com\/redazione.cassanoweb"]},{"@type":"Person","@id":"https:\/\/archiviocassano.lavocedelpaese.info\/#\/schema\/person\/df195bc79a9b4c35127cf005f92e041b","name":"admin","image":{"@type":"ImageObject","inLanguage":"it-IT","@id":"https:\/\/secure.gravatar.com\/avatar\/eabba89a432e8eaa1b0207cc55f7e5340b22712b1ed80677efcf63e02ff5b235?s=96&d=mm&r=g","url":"https:\/\/secure.gravatar.com\/avatar\/eabba89a432e8eaa1b0207cc55f7e5340b22712b1ed80677efcf63e02ff5b235?s=96&d=mm&r=g","contentUrl":"https:\/\/secure.gravatar.com\/avatar\/eabba89a432e8eaa1b0207cc55f7e5340b22712b1ed80677efcf63e02ff5b235?s=96&d=mm&r=g","caption":"admin"},"sameAs":["https:\/\/archiviocassano.lavocedelpaese.info"],"url":"https:\/\/archiviocassano.lavocedelpaese.info\/index.php\/author\/admin_0qgz1xdp\/"}]}},"_links":{"self":[{"href":"https:\/\/archiviocassano.lavocedelpaese.info\/index.php\/wp-json\/wp\/v2\/posts\/7827","targetHints":{"allow":["GET"]}}],"collection":[{"href":"https:\/\/archiviocassano.lavocedelpaese.info\/index.php\/wp-json\/wp\/v2\/posts"}],"about":[{"href":"https:\/\/archiviocassano.lavocedelpaese.info\/index.php\/wp-json\/wp\/v2\/types\/post"}],"author":[{"embeddable":true,"href":"https:\/\/archiviocassano.lavocedelpaese.info\/index.php\/wp-json\/wp\/v2\/users\/1"}],"replies":[{"embeddable":true,"href":"https:\/\/archiviocassano.lavocedelpaese.info\/index.php\/wp-json\/wp\/v2\/comments?post=7827"}],"version-history":[{"count":0,"href":"https:\/\/archiviocassano.lavocedelpaese.info\/index.php\/wp-json\/wp\/v2\/posts\/7827\/revisions"}],"wp:featuredmedia":[{"embeddable":true,"href":"https:\/\/archiviocassano.lavocedelpaese.info\/index.php\/wp-json\/wp\/v2\/media\/7812"}],"wp:attachment":[{"href":"https:\/\/archiviocassano.lavocedelpaese.info\/index.php\/wp-json\/wp\/v2\/media?parent=7827"}],"wp:term":[{"taxonomy":"category","embeddable":true,"href":"https:\/\/archiviocassano.lavocedelpaese.info\/index.php\/wp-json\/wp\/v2\/categories?post=7827"},{"taxonomy":"post_tag","embeddable":true,"href":"https:\/\/archiviocassano.lavocedelpaese.info\/index.php\/wp-json\/wp\/v2\/tags?post=7827"}],"curies":[{"name":"wp","href":"https:\/\/api.w.org\/{rel}","templated":true}]}}