{"id":7828,"date":"2013-06-29T06:07:17","date_gmt":"2013-06-29T06:07:17","guid":{"rendered":"https:\/\/archiviocassano.lavocedelpaese.info\/index.php\/2013\/06\/29\/progetto-qlameq-la-qadvencoq-non-convince-la-piazza-il-sindaco-qpronta-ad-accogliere-proposte-di-miglioramentoq\/"},"modified":"2013-06-29T06:07:17","modified_gmt":"2013-06-29T06:07:17","slug":"progetto-qlameq-la-qadvencoq-non-convince-la-piazza-il-sindaco-qpronta-ad-accogliere-proposte-di-miglioramentoq","status":"publish","type":"post","link":"https:\/\/archiviocassano.lavocedelpaese.info\/index.php\/2013\/06\/29\/progetto-qlameq-la-qadvencoq-non-convince-la-piazza-il-sindaco-qpronta-ad-accogliere-proposte-di-miglioramentoq\/","title":{"rendered":"Progetto &#8220;Lame&#8221;: la &#8220;Advenco&#8221; non convince la piazza"},"content":{"rendered":"<p style=\"text-align: justify;\"><img loading=\"lazy\" decoding=\"async\" class=\" size-full wp-image-5271\" alt=\"panorama di Cassano\" src=\"https:\/\/archiviocassano.lavocedelpaese.info\/wp-content\/uploads\/2012\/02\/panorama_di_Cassano.jpg\" height=\"150\" width=\"320\" srcset=\"https:\/\/archiviocassano.lavocedelpaese.info\/wp-content\/uploads\/2012\/02\/panorama_di_Cassano.jpg 640w, https:\/\/archiviocassano.lavocedelpaese.info\/wp-content\/uploads\/2012\/02\/panorama_di_Cassano-300x141.jpg 300w\" sizes=\"auto, (max-width: 320px) 100vw, 320px\" \/><\/p>\n<p><!--more--><\/p>\n<p style=\"text-align: justify;\">Nessuno dei dubbi, delle incongruenze, delle perplessit\u00e0 che il Progetto \u201cLame\u201d ha suscitato in gran parte della popolazione cassanese \u00e8 stato sciolto ieri sera, nel corso dell\u2019incontro voluto dall\u2019amministrazione comunale in piazza Moro con i tecnici della societ\u00e0 nocese <strong>\u201cAdvenco\u201d,<\/strong> progettista dell\u2019opera che prevede la realizzazione di due vasche di accumulo e l\u2019allargamento a valle del canale tombato.<\/p>\n<p style=\"text-align: justify;\">L\u2019amministratore della \u201cAdvenco\u201d,<strong> l\u2019ing. Conforti e suo fratello Paolo<\/strong> non hanno saputo affatto controbattere alle domande stringenti e puntuali del Comitato cittadino \u201cLamafutura\u201d e a quelle di altri cittadini:<\/p>\n<p style=\"text-align: justify;\">1)da dove nasce l&#8217;idea di realizzare i vasconi? quanta acqua intercetter\u00e0 il vascone che si vorrebbe costruire a monte, nei pressi del curvone di via Santeramo?<\/p>\n<p style=\"text-align: justify;\">2) Dove andrebbero a finire le acque provenienti dal bacino n. 4 e dal bacino delle cave, visto che il progetto non pe prende affatto in considerazione?<\/p>\n<p style=\"text-align: justify;\">3) \u00c8 vero o no che solo il 20% dell\u2019acqua piovana che scorrer\u00e0 dalle Murge di via Santeramo sar\u00e0 contenuta nel vascone?<\/p>\n<p style=\"text-align: justify;\">4) Come \u00e8 possibile che il progetto dica in una parte una cosa per affermare il contrario in altra parte tanto da configurare come \u201cfalso\u201d l\u2019intero progetto?<\/p>\n<p style=\"text-align: justify;\">5) L\u2019impresa che vincer\u00e0 l\u2019appalto, quale progetto eseguir\u00e0, dato che vi sono incongruenze fra gli elaborati?<\/p>\n<p style=\"text-align: justify;\">6) Dove finir\u00e0 l&#8217;acqua accumulata nei vasconi? Evaporer\u00e0? Finir\u00e0 in falda? E che succeder\u00e0 alla gi\u00e0 precaria situazione idrogeologica di gran parte dell&#8217;abitato: si innalzer\u00e0 il livello dell&#8217;acqua di falda finendo per far allagare case, piazze e strade del centro storico?<\/p>\n<p style=\"text-align: justify;\">7) di quanto diminuir\u00e0 il rischio idraulico nell&#8217;abitato?<\/p>\n<p style=\"text-align: justify;\">Queste e tante altre le obiezioni sollevate dalla piazza a cui l\u2019\u201dAdvenco\u201d <strong>ha balbettato risposte senza senso<\/strong> o del tutto scontate (<em>\u201cCassano si trova in una posizione per cui raccoglie l\u2019acqua dalle colline circostanti\u201d!<\/em>!!!!!): per una societ\u00e0 che ha vinto una gara pubblica di progettazione, pagata oltre 70mila euro e con il carattere \u201cinternazionale\u201d che vanta di avere, una davvero pessima figura.<\/p>\n<p style=\"text-align: justify;\">Ma d\u2019altra parte gi\u00e0 alle seplici sei domande del settimanale \u201cLa voce del paese\u201d (<a target=\"_blank\" href=\"attualita\/23732-progetto-qlameq-le-sei-domande-a-cui-la-qadvencoq-non-rispondein-edicola.html\" rel=\"noopener\">leggi l\u2019articolo)<\/a>, l\u2019Advenco aveva preferito non rispondere, segno di una debolezza che lancia molte ombre su un opera \u201c<strong>inutile, dannosa e pericolosa\u201d<\/strong> come il Comitato va affermando da oltre un mese.<\/p>\n<p style=\"text-align: justify;\">L&#8217;impressione che si \u00e8 avuta \u00e8 che i due amministratori nocesi e il loro staff di 50 professionisti abbiano realizzato un progetto sulla carta ma senza alcuna conoscenza del territorio cassanese, delle sue peculiarit\u00e0 e della sua storia.<\/p>\n<p style=\"text-align: justify;\">E\u2019 stato il sindaco <strong>Maria Pia Di Medio<\/strong> a calmare gli animi e ad aprire alle richieste della piazza: <em>\u201cfatemi avere entro brevissimo una qualche \u201ccarta\u201d che dimostri la validit\u00e0 delle obiezioni e io la porter\u00f2 prima all\u2019Autorit\u00e0 di Bacino <\/em>(ente principale per la concessione dei permessi, NdR)<em> quindi, in una conferenza di servizi a tutti gli altri enti, dopo aver prorogato la gara d\u2019appalto\u201d,<\/em> <strong>in scadenza il prossimo 15 luglio.<\/strong><\/p>\n<p style=\"text-align: justify;\">La Di Medio, che ha sempre tenuto aperta la porta del dialogo, ha tra l\u2019altro fatto precise promesse: <strong>nessuna quercia secolare sar\u00e0 abbattuta<\/strong> nella zona del \u201cCostone di Bruno\u201d; sar\u00e0 fatta una <strong>manutenzione straordinaria del \u201cCanalone\u201d<\/strong>, con i soldi risparmiati dal ribasso d\u2019asta; le opere saranno mitigate da piantumazione di alberi e piante e via di seguito.<\/p>\n<p style=\"text-align: justify;\">Il sindaco ha poi messo in allerta il Comitato: &#8220;<em>vi rendete conto che correte il rischio di essere manipolati da chi ha interessi politici?<\/em>&#8220;, facendo riferimento all&#8217;intervento dell&#8217;altra sera &#8211; nel corso della conferenza cittadina di &#8220;Lamafutura&#8221;- del capogruppo di &#8220;Nuova Ideadomani&#8221;, Teodoro Santorsola (<a target=\"_blank\" href=\"attualita\/23739-progetto-qlameq-in-piazza-il-comitato-spiega-i-motivi-della-protesta.html\" rel=\"noopener\">leggi l&#8217;articolo<\/a>). Ovvero chi ha la responsabilit\u00e0 politica di aver costruito un vero &#8220;ecomostro&#8221; sul curvone di via Santeramo, cambiando da una sera all&#8217;altra la zonizzazione dell&#8217;area rispetto al PRG.<\/p>\n<p style=\"text-align: justify;\">Non sono mancati, poi, momenti di tensione tra alcuni dei presenti, con scambi di accuse e volgarit\u00e0 gratuite di cui si sarebbe potuto fare a meno.<\/p>\n<p style=\"text-align: justify;\">L&#8217;importante, comunque, resta il fatto che l&#8217;Amministrazione Comunale ora attende le richieste del Comitato per migliorare il progetto e rivederlo nelle sue parti essenziali, cosa che gi\u00e0 nella prossima settimana potrebbe essere fatta e che dovrebbe procedere in parallelo con l&#8217;esposto-denuncia che &#8220;Lamafutura&#8221; ha predisposto per tutte le autorit\u00e0 competenti e con il ricorso al TAR Puglia perch\u00e8 conceda la sospensiva alla gara d&#8217;appalto.<\/p>\n","protected":false},"excerpt":{"rendered":"","protected":false},"author":1,"featured_media":5271,"comment_status":"open","ping_status":"closed","sticky":false,"template":"","format":"standard","meta":{"colormag_page_container_layout":"default_layout","colormag_page_sidebar_layout":"default_layout","footnotes":""},"categories":[7],"tags":[],"class_list":["post-7828","post","type-post","status-publish","format-standard","has-post-thumbnail","hentry","category-attualita"],"yoast_head":"<!-- This site is optimized with the Yoast SEO plugin v27.5 - https:\/\/yoast.com\/product\/yoast-seo-wordpress\/ -->\n<title>Progetto &quot;Lame&quot;: la &quot;Advenco&quot; non convince la piazza - Archivio CassanoWeb<\/title>\n<meta name=\"robots\" content=\"index, follow, max-snippet:-1, max-image-preview:large, max-video-preview:-1\" \/>\n<link rel=\"canonical\" href=\"https:\/\/archiviocassano.lavocedelpaese.info\/index.php\/2013\/06\/29\/progetto-qlameq-la-qadvencoq-non-convince-la-piazza-il-sindaco-qpronta-ad-accogliere-proposte-di-miglioramentoq\/\" \/>\n<meta property=\"og:locale\" content=\"it_IT\" \/>\n<meta property=\"og:type\" content=\"article\" \/>\n<meta property=\"og:title\" content=\"Progetto &quot;Lame&quot;: la &quot;Advenco&quot; non convince la piazza - Archivio CassanoWeb\" \/>\n<meta property=\"og:url\" content=\"https:\/\/archiviocassano.lavocedelpaese.info\/index.php\/2013\/06\/29\/progetto-qlameq-la-qadvencoq-non-convince-la-piazza-il-sindaco-qpronta-ad-accogliere-proposte-di-miglioramentoq\/\" \/>\n<meta property=\"og:site_name\" content=\"Archivio CassanoWeb\" \/>\n<meta property=\"article:publisher\" content=\"https:\/\/www.facebook.com\/redazione.cassanoweb\" \/>\n<meta property=\"article:published_time\" content=\"2013-06-29T06:07:17+00:00\" \/>\n<meta property=\"og:image\" content=\"https:\/\/archiviocassano.lavocedelpaese.info\/wp-content\/uploads\/2012\/02\/panorama_di_Cassano.jpg\" \/>\n\t<meta property=\"og:image:width\" content=\"640\" \/>\n\t<meta property=\"og:image:height\" content=\"300\" \/>\n\t<meta property=\"og:image:type\" content=\"image\/jpeg\" \/>\n<meta name=\"author\" content=\"admin\" \/>\n<meta name=\"twitter:card\" content=\"summary_large_image\" \/>\n<meta name=\"twitter:label1\" content=\"Scritto da\" \/>\n\t<meta name=\"twitter:data1\" content=\"admin\" \/>\n\t<meta name=\"twitter:label2\" content=\"Tempo di lettura stimato\" \/>\n\t<meta name=\"twitter:data2\" content=\"3 minuti\" \/>\n<script type=\"application\/ld+json\" class=\"yoast-schema-graph\">{\"@context\":\"https:\\\/\\\/schema.org\",\"@graph\":[{\"@type\":\"Article\",\"@id\":\"https:\\\/\\\/archiviocassano.lavocedelpaese.info\\\/index.php\\\/2013\\\/06\\\/29\\\/progetto-qlameq-la-qadvencoq-non-convince-la-piazza-il-sindaco-qpronta-ad-accogliere-proposte-di-miglioramentoq\\\/#article\",\"isPartOf\":{\"@id\":\"https:\\\/\\\/archiviocassano.lavocedelpaese.info\\\/index.php\\\/2013\\\/06\\\/29\\\/progetto-qlameq-la-qadvencoq-non-convince-la-piazza-il-sindaco-qpronta-ad-accogliere-proposte-di-miglioramentoq\\\/\"},\"author\":{\"name\":\"admin\",\"@id\":\"https:\\\/\\\/archiviocassano.lavocedelpaese.info\\\/#\\\/schema\\\/person\\\/df195bc79a9b4c35127cf005f92e041b\"},\"headline\":\"Progetto &#8220;Lame&#8221;: la &#8220;Advenco&#8221; non convince la piazza\",\"datePublished\":\"2013-06-29T06:07:17+00:00\",\"mainEntityOfPage\":{\"@id\":\"https:\\\/\\\/archiviocassano.lavocedelpaese.info\\\/index.php\\\/2013\\\/06\\\/29\\\/progetto-qlameq-la-qadvencoq-non-convince-la-piazza-il-sindaco-qpronta-ad-accogliere-proposte-di-miglioramentoq\\\/\"},\"wordCount\":719,\"commentCount\":0,\"publisher\":{\"@id\":\"https:\\\/\\\/archiviocassano.lavocedelpaese.info\\\/#organization\"},\"image\":{\"@id\":\"https:\\\/\\\/archiviocassano.lavocedelpaese.info\\\/index.php\\\/2013\\\/06\\\/29\\\/progetto-qlameq-la-qadvencoq-non-convince-la-piazza-il-sindaco-qpronta-ad-accogliere-proposte-di-miglioramentoq\\\/#primaryimage\"},\"thumbnailUrl\":\"https:\\\/\\\/archiviocassano.lavocedelpaese.info\\\/wp-content\\\/uploads\\\/2012\\\/02\\\/panorama_di_Cassano.jpg\",\"articleSection\":[\"Attualit\u00e0\"],\"inLanguage\":\"it-IT\",\"potentialAction\":[{\"@type\":\"CommentAction\",\"name\":\"Comment\",\"target\":[\"https:\\\/\\\/archiviocassano.lavocedelpaese.info\\\/index.php\\\/2013\\\/06\\\/29\\\/progetto-qlameq-la-qadvencoq-non-convince-la-piazza-il-sindaco-qpronta-ad-accogliere-proposte-di-miglioramentoq\\\/#respond\"]}]},{\"@type\":\"WebPage\",\"@id\":\"https:\\\/\\\/archiviocassano.lavocedelpaese.info\\\/index.php\\\/2013\\\/06\\\/29\\\/progetto-qlameq-la-qadvencoq-non-convince-la-piazza-il-sindaco-qpronta-ad-accogliere-proposte-di-miglioramentoq\\\/\",\"url\":\"https:\\\/\\\/archiviocassano.lavocedelpaese.info\\\/index.php\\\/2013\\\/06\\\/29\\\/progetto-qlameq-la-qadvencoq-non-convince-la-piazza-il-sindaco-qpronta-ad-accogliere-proposte-di-miglioramentoq\\\/\",\"name\":\"Progetto \\\"Lame\\\": la \\\"Advenco\\\" non convince la piazza - Archivio CassanoWeb\",\"isPartOf\":{\"@id\":\"https:\\\/\\\/archiviocassano.lavocedelpaese.info\\\/#website\"},\"primaryImageOfPage\":{\"@id\":\"https:\\\/\\\/archiviocassano.lavocedelpaese.info\\\/index.php\\\/2013\\\/06\\\/29\\\/progetto-qlameq-la-qadvencoq-non-convince-la-piazza-il-sindaco-qpronta-ad-accogliere-proposte-di-miglioramentoq\\\/#primaryimage\"},\"image\":{\"@id\":\"https:\\\/\\\/archiviocassano.lavocedelpaese.info\\\/index.php\\\/2013\\\/06\\\/29\\\/progetto-qlameq-la-qadvencoq-non-convince-la-piazza-il-sindaco-qpronta-ad-accogliere-proposte-di-miglioramentoq\\\/#primaryimage\"},\"thumbnailUrl\":\"https:\\\/\\\/archiviocassano.lavocedelpaese.info\\\/wp-content\\\/uploads\\\/2012\\\/02\\\/panorama_di_Cassano.jpg\",\"datePublished\":\"2013-06-29T06:07:17+00:00\",\"breadcrumb\":{\"@id\":\"https:\\\/\\\/archiviocassano.lavocedelpaese.info\\\/index.php\\\/2013\\\/06\\\/29\\\/progetto-qlameq-la-qadvencoq-non-convince-la-piazza-il-sindaco-qpronta-ad-accogliere-proposte-di-miglioramentoq\\\/#breadcrumb\"},\"inLanguage\":\"it-IT\",\"potentialAction\":[{\"@type\":\"ReadAction\",\"target\":[\"https:\\\/\\\/archiviocassano.lavocedelpaese.info\\\/index.php\\\/2013\\\/06\\\/29\\\/progetto-qlameq-la-qadvencoq-non-convince-la-piazza-il-sindaco-qpronta-ad-accogliere-proposte-di-miglioramentoq\\\/\"]}]},{\"@type\":\"ImageObject\",\"inLanguage\":\"it-IT\",\"@id\":\"https:\\\/\\\/archiviocassano.lavocedelpaese.info\\\/index.php\\\/2013\\\/06\\\/29\\\/progetto-qlameq-la-qadvencoq-non-convince-la-piazza-il-sindaco-qpronta-ad-accogliere-proposte-di-miglioramentoq\\\/#primaryimage\",\"url\":\"https:\\\/\\\/archiviocassano.lavocedelpaese.info\\\/wp-content\\\/uploads\\\/2012\\\/02\\\/panorama_di_Cassano.jpg\",\"contentUrl\":\"https:\\\/\\\/archiviocassano.lavocedelpaese.info\\\/wp-content\\\/uploads\\\/2012\\\/02\\\/panorama_di_Cassano.jpg\",\"width\":640,\"height\":300,\"caption\":\"panorama di Cassano\"},{\"@type\":\"BreadcrumbList\",\"@id\":\"https:\\\/\\\/archiviocassano.lavocedelpaese.info\\\/index.php\\\/2013\\\/06\\\/29\\\/progetto-qlameq-la-qadvencoq-non-convince-la-piazza-il-sindaco-qpronta-ad-accogliere-proposte-di-miglioramentoq\\\/#breadcrumb\",\"itemListElement\":[{\"@type\":\"ListItem\",\"position\":1,\"name\":\"Home\",\"item\":\"https:\\\/\\\/archiviocassano.lavocedelpaese.info\\\/\"},{\"@type\":\"ListItem\",\"position\":2,\"name\":\"Progetto &#8220;Lame&#8221;: la &#8220;Advenco&#8221; non convince la piazza\"}]},{\"@type\":\"WebSite\",\"@id\":\"https:\\\/\\\/archiviocassano.lavocedelpaese.info\\\/#website\",\"url\":\"https:\\\/\\\/archiviocassano.lavocedelpaese.info\\\/\",\"name\":\"Archivio CassanoWeb\",\"description\":\"La Voce del Paese - un network di idee\",\"publisher\":{\"@id\":\"https:\\\/\\\/archiviocassano.lavocedelpaese.info\\\/#organization\"},\"potentialAction\":[{\"@type\":\"SearchAction\",\"target\":{\"@type\":\"EntryPoint\",\"urlTemplate\":\"https:\\\/\\\/archiviocassano.lavocedelpaese.info\\\/?s={search_term_string}\"},\"query-input\":{\"@type\":\"PropertyValueSpecification\",\"valueRequired\":true,\"valueName\":\"search_term_string\"}}],\"inLanguage\":\"it-IT\"},{\"@type\":\"Organization\",\"@id\":\"https:\\\/\\\/archiviocassano.lavocedelpaese.info\\\/#organization\",\"name\":\"Archivio CassanoWeb\",\"url\":\"https:\\\/\\\/archiviocassano.lavocedelpaese.info\\\/\",\"logo\":{\"@type\":\"ImageObject\",\"inLanguage\":\"it-IT\",\"@id\":\"https:\\\/\\\/archiviocassano.lavocedelpaese.info\\\/#\\\/schema\\\/logo\\\/image\\\/\",\"url\":\"https:\\\/\\\/archiviocassano.lavocedelpaese.info\\\/wp-content\\\/uploads\\\/2024\\\/08\\\/logo-rosso-2.png\",\"contentUrl\":\"https:\\\/\\\/archiviocassano.lavocedelpaese.info\\\/wp-content\\\/uploads\\\/2024\\\/08\\\/logo-rosso-2.png\",\"width\":491,\"height\":432,\"caption\":\"Archivio CassanoWeb\"},\"image\":{\"@id\":\"https:\\\/\\\/archiviocassano.lavocedelpaese.info\\\/#\\\/schema\\\/logo\\\/image\\\/\"},\"sameAs\":[\"https:\\\/\\\/www.facebook.com\\\/redazione.cassanoweb\"]},{\"@type\":\"Person\",\"@id\":\"https:\\\/\\\/archiviocassano.lavocedelpaese.info\\\/#\\\/schema\\\/person\\\/df195bc79a9b4c35127cf005f92e041b\",\"name\":\"admin\",\"image\":{\"@type\":\"ImageObject\",\"inLanguage\":\"it-IT\",\"@id\":\"https:\\\/\\\/secure.gravatar.com\\\/avatar\\\/eabba89a432e8eaa1b0207cc55f7e5340b22712b1ed80677efcf63e02ff5b235?s=96&d=mm&r=g\",\"url\":\"https:\\\/\\\/secure.gravatar.com\\\/avatar\\\/eabba89a432e8eaa1b0207cc55f7e5340b22712b1ed80677efcf63e02ff5b235?s=96&d=mm&r=g\",\"contentUrl\":\"https:\\\/\\\/secure.gravatar.com\\\/avatar\\\/eabba89a432e8eaa1b0207cc55f7e5340b22712b1ed80677efcf63e02ff5b235?s=96&d=mm&r=g\",\"caption\":\"admin\"},\"sameAs\":[\"https:\\\/\\\/archiviocassano.lavocedelpaese.info\"],\"url\":\"https:\\\/\\\/archiviocassano.lavocedelpaese.info\\\/index.php\\\/author\\\/admin_0qgz1xdp\\\/\"}]}<\/script>\n<!-- \/ Yoast SEO plugin. -->","yoast_head_json":{"title":"Progetto \"Lame\": la \"Advenco\" non convince la piazza - Archivio CassanoWeb","robots":{"index":"index","follow":"follow","max-snippet":"max-snippet:-1","max-image-preview":"max-image-preview:large","max-video-preview":"max-video-preview:-1"},"canonical":"https:\/\/archiviocassano.lavocedelpaese.info\/index.php\/2013\/06\/29\/progetto-qlameq-la-qadvencoq-non-convince-la-piazza-il-sindaco-qpronta-ad-accogliere-proposte-di-miglioramentoq\/","og_locale":"it_IT","og_type":"article","og_title":"Progetto \"Lame\": la \"Advenco\" non convince la piazza - Archivio CassanoWeb","og_url":"https:\/\/archiviocassano.lavocedelpaese.info\/index.php\/2013\/06\/29\/progetto-qlameq-la-qadvencoq-non-convince-la-piazza-il-sindaco-qpronta-ad-accogliere-proposte-di-miglioramentoq\/","og_site_name":"Archivio CassanoWeb","article_publisher":"https:\/\/www.facebook.com\/redazione.cassanoweb","article_published_time":"2013-06-29T06:07:17+00:00","og_image":[{"width":640,"height":300,"url":"https:\/\/archiviocassano.lavocedelpaese.info\/wp-content\/uploads\/2012\/02\/panorama_di_Cassano.jpg","type":"image\/jpeg"}],"author":"admin","twitter_card":"summary_large_image","twitter_misc":{"Scritto da":"admin","Tempo di lettura stimato":"3 minuti"},"schema":{"@context":"https:\/\/schema.org","@graph":[{"@type":"Article","@id":"https:\/\/archiviocassano.lavocedelpaese.info\/index.php\/2013\/06\/29\/progetto-qlameq-la-qadvencoq-non-convince-la-piazza-il-sindaco-qpronta-ad-accogliere-proposte-di-miglioramentoq\/#article","isPartOf":{"@id":"https:\/\/archiviocassano.lavocedelpaese.info\/index.php\/2013\/06\/29\/progetto-qlameq-la-qadvencoq-non-convince-la-piazza-il-sindaco-qpronta-ad-accogliere-proposte-di-miglioramentoq\/"},"author":{"name":"admin","@id":"https:\/\/archiviocassano.lavocedelpaese.info\/#\/schema\/person\/df195bc79a9b4c35127cf005f92e041b"},"headline":"Progetto &#8220;Lame&#8221;: la &#8220;Advenco&#8221; non convince la piazza","datePublished":"2013-06-29T06:07:17+00:00","mainEntityOfPage":{"@id":"https:\/\/archiviocassano.lavocedelpaese.info\/index.php\/2013\/06\/29\/progetto-qlameq-la-qadvencoq-non-convince-la-piazza-il-sindaco-qpronta-ad-accogliere-proposte-di-miglioramentoq\/"},"wordCount":719,"commentCount":0,"publisher":{"@id":"https:\/\/archiviocassano.lavocedelpaese.info\/#organization"},"image":{"@id":"https:\/\/archiviocassano.lavocedelpaese.info\/index.php\/2013\/06\/29\/progetto-qlameq-la-qadvencoq-non-convince-la-piazza-il-sindaco-qpronta-ad-accogliere-proposte-di-miglioramentoq\/#primaryimage"},"thumbnailUrl":"https:\/\/archiviocassano.lavocedelpaese.info\/wp-content\/uploads\/2012\/02\/panorama_di_Cassano.jpg","articleSection":["Attualit\u00e0"],"inLanguage":"it-IT","potentialAction":[{"@type":"CommentAction","name":"Comment","target":["https:\/\/archiviocassano.lavocedelpaese.info\/index.php\/2013\/06\/29\/progetto-qlameq-la-qadvencoq-non-convince-la-piazza-il-sindaco-qpronta-ad-accogliere-proposte-di-miglioramentoq\/#respond"]}]},{"@type":"WebPage","@id":"https:\/\/archiviocassano.lavocedelpaese.info\/index.php\/2013\/06\/29\/progetto-qlameq-la-qadvencoq-non-convince-la-piazza-il-sindaco-qpronta-ad-accogliere-proposte-di-miglioramentoq\/","url":"https:\/\/archiviocassano.lavocedelpaese.info\/index.php\/2013\/06\/29\/progetto-qlameq-la-qadvencoq-non-convince-la-piazza-il-sindaco-qpronta-ad-accogliere-proposte-di-miglioramentoq\/","name":"Progetto \"Lame\": la \"Advenco\" non convince la piazza - Archivio CassanoWeb","isPartOf":{"@id":"https:\/\/archiviocassano.lavocedelpaese.info\/#website"},"primaryImageOfPage":{"@id":"https:\/\/archiviocassano.lavocedelpaese.info\/index.php\/2013\/06\/29\/progetto-qlameq-la-qadvencoq-non-convince-la-piazza-il-sindaco-qpronta-ad-accogliere-proposte-di-miglioramentoq\/#primaryimage"},"image":{"@id":"https:\/\/archiviocassano.lavocedelpaese.info\/index.php\/2013\/06\/29\/progetto-qlameq-la-qadvencoq-non-convince-la-piazza-il-sindaco-qpronta-ad-accogliere-proposte-di-miglioramentoq\/#primaryimage"},"thumbnailUrl":"https:\/\/archiviocassano.lavocedelpaese.info\/wp-content\/uploads\/2012\/02\/panorama_di_Cassano.jpg","datePublished":"2013-06-29T06:07:17+00:00","breadcrumb":{"@id":"https:\/\/archiviocassano.lavocedelpaese.info\/index.php\/2013\/06\/29\/progetto-qlameq-la-qadvencoq-non-convince-la-piazza-il-sindaco-qpronta-ad-accogliere-proposte-di-miglioramentoq\/#breadcrumb"},"inLanguage":"it-IT","potentialAction":[{"@type":"ReadAction","target":["https:\/\/archiviocassano.lavocedelpaese.info\/index.php\/2013\/06\/29\/progetto-qlameq-la-qadvencoq-non-convince-la-piazza-il-sindaco-qpronta-ad-accogliere-proposte-di-miglioramentoq\/"]}]},{"@type":"ImageObject","inLanguage":"it-IT","@id":"https:\/\/archiviocassano.lavocedelpaese.info\/index.php\/2013\/06\/29\/progetto-qlameq-la-qadvencoq-non-convince-la-piazza-il-sindaco-qpronta-ad-accogliere-proposte-di-miglioramentoq\/#primaryimage","url":"https:\/\/archiviocassano.lavocedelpaese.info\/wp-content\/uploads\/2012\/02\/panorama_di_Cassano.jpg","contentUrl":"https:\/\/archiviocassano.lavocedelpaese.info\/wp-content\/uploads\/2012\/02\/panorama_di_Cassano.jpg","width":640,"height":300,"caption":"panorama di Cassano"},{"@type":"BreadcrumbList","@id":"https:\/\/archiviocassano.lavocedelpaese.info\/index.php\/2013\/06\/29\/progetto-qlameq-la-qadvencoq-non-convince-la-piazza-il-sindaco-qpronta-ad-accogliere-proposte-di-miglioramentoq\/#breadcrumb","itemListElement":[{"@type":"ListItem","position":1,"name":"Home","item":"https:\/\/archiviocassano.lavocedelpaese.info\/"},{"@type":"ListItem","position":2,"name":"Progetto &#8220;Lame&#8221;: la &#8220;Advenco&#8221; non convince la piazza"}]},{"@type":"WebSite","@id":"https:\/\/archiviocassano.lavocedelpaese.info\/#website","url":"https:\/\/archiviocassano.lavocedelpaese.info\/","name":"Archivio CassanoWeb","description":"La Voce del Paese - un network di idee","publisher":{"@id":"https:\/\/archiviocassano.lavocedelpaese.info\/#organization"},"potentialAction":[{"@type":"SearchAction","target":{"@type":"EntryPoint","urlTemplate":"https:\/\/archiviocassano.lavocedelpaese.info\/?s={search_term_string}"},"query-input":{"@type":"PropertyValueSpecification","valueRequired":true,"valueName":"search_term_string"}}],"inLanguage":"it-IT"},{"@type":"Organization","@id":"https:\/\/archiviocassano.lavocedelpaese.info\/#organization","name":"Archivio CassanoWeb","url":"https:\/\/archiviocassano.lavocedelpaese.info\/","logo":{"@type":"ImageObject","inLanguage":"it-IT","@id":"https:\/\/archiviocassano.lavocedelpaese.info\/#\/schema\/logo\/image\/","url":"https:\/\/archiviocassano.lavocedelpaese.info\/wp-content\/uploads\/2024\/08\/logo-rosso-2.png","contentUrl":"https:\/\/archiviocassano.lavocedelpaese.info\/wp-content\/uploads\/2024\/08\/logo-rosso-2.png","width":491,"height":432,"caption":"Archivio CassanoWeb"},"image":{"@id":"https:\/\/archiviocassano.lavocedelpaese.info\/#\/schema\/logo\/image\/"},"sameAs":["https:\/\/www.facebook.com\/redazione.cassanoweb"]},{"@type":"Person","@id":"https:\/\/archiviocassano.lavocedelpaese.info\/#\/schema\/person\/df195bc79a9b4c35127cf005f92e041b","name":"admin","image":{"@type":"ImageObject","inLanguage":"it-IT","@id":"https:\/\/secure.gravatar.com\/avatar\/eabba89a432e8eaa1b0207cc55f7e5340b22712b1ed80677efcf63e02ff5b235?s=96&d=mm&r=g","url":"https:\/\/secure.gravatar.com\/avatar\/eabba89a432e8eaa1b0207cc55f7e5340b22712b1ed80677efcf63e02ff5b235?s=96&d=mm&r=g","contentUrl":"https:\/\/secure.gravatar.com\/avatar\/eabba89a432e8eaa1b0207cc55f7e5340b22712b1ed80677efcf63e02ff5b235?s=96&d=mm&r=g","caption":"admin"},"sameAs":["https:\/\/archiviocassano.lavocedelpaese.info"],"url":"https:\/\/archiviocassano.lavocedelpaese.info\/index.php\/author\/admin_0qgz1xdp\/"}]}},"_links":{"self":[{"href":"https:\/\/archiviocassano.lavocedelpaese.info\/index.php\/wp-json\/wp\/v2\/posts\/7828","targetHints":{"allow":["GET"]}}],"collection":[{"href":"https:\/\/archiviocassano.lavocedelpaese.info\/index.php\/wp-json\/wp\/v2\/posts"}],"about":[{"href":"https:\/\/archiviocassano.lavocedelpaese.info\/index.php\/wp-json\/wp\/v2\/types\/post"}],"author":[{"embeddable":true,"href":"https:\/\/archiviocassano.lavocedelpaese.info\/index.php\/wp-json\/wp\/v2\/users\/1"}],"replies":[{"embeddable":true,"href":"https:\/\/archiviocassano.lavocedelpaese.info\/index.php\/wp-json\/wp\/v2\/comments?post=7828"}],"version-history":[{"count":0,"href":"https:\/\/archiviocassano.lavocedelpaese.info\/index.php\/wp-json\/wp\/v2\/posts\/7828\/revisions"}],"wp:featuredmedia":[{"embeddable":true,"href":"https:\/\/archiviocassano.lavocedelpaese.info\/index.php\/wp-json\/wp\/v2\/media\/5271"}],"wp:attachment":[{"href":"https:\/\/archiviocassano.lavocedelpaese.info\/index.php\/wp-json\/wp\/v2\/media?parent=7828"}],"wp:term":[{"taxonomy":"category","embeddable":true,"href":"https:\/\/archiviocassano.lavocedelpaese.info\/index.php\/wp-json\/wp\/v2\/categories?post=7828"},{"taxonomy":"post_tag","embeddable":true,"href":"https:\/\/archiviocassano.lavocedelpaese.info\/index.php\/wp-json\/wp\/v2\/tags?post=7828"}],"curies":[{"name":"wp","href":"https:\/\/api.w.org\/{rel}","templated":true}]}}