{"id":7833,"date":"2013-07-03T11:41:03","date_gmt":"2013-07-03T11:41:03","guid":{"rendered":"https:\/\/archiviocassano.lavocedelpaese.info\/index.php\/2013\/07\/03\/progetto-qlameq-stasera-il-concerto-contro-il-rischio-delle-querce-da-abbattere\/"},"modified":"2013-07-03T11:41:03","modified_gmt":"2013-07-03T11:41:03","slug":"progetto-qlameq-stasera-il-concerto-contro-il-rischio-delle-querce-da-abbattere","status":"publish","type":"post","link":"https:\/\/archiviocassano.lavocedelpaese.info\/index.php\/2013\/07\/03\/progetto-qlameq-stasera-il-concerto-contro-il-rischio-delle-querce-da-abbattere\/","title":{"rendered":"Progetto &#8220;LAME&#8221;: stasera il concerto sotto le querce"},"content":{"rendered":"<p style=\"text-align: justify;\"><img loading=\"lazy\" decoding=\"async\" class=\" size-full wp-image-7812\" width=\"320\" height=\"150\" alt=\"Le querce secolari a rischio\" src=\"https:\/\/archiviocassano.lavocedelpaese.info\/wp-content\/uploads\/2013\/06\/Le_querce_secolari_a_rischio.jpg\" \/><\/p>\n<p><!--more--><\/p>\n<p style=\"text-align: justify;\"><em>Dal Comitato &#8220;Lamafutura&#8221;, riceviamo e pubblichiamo.<\/em><\/p>\n<p style=\"text-align: justify;\">Un grande \u201clive\u201d a difesa della natura e contro il progetto \u201cLame\u201d.<\/p>\n<p style=\"text-align: justify;\">E\u2019 l\u2019iniziativa di \u201cLamafutura\u201d, il comitato di cittadini cassanesi che si \u00e8 costituito per chiedere la sospensione e la revisione dell\u2019intervento di protezione idraulica di Cassano, voluto dall\u2019Amministrazione comunale in carica.<\/p>\n<p style=\"text-align: justify;\">Un\u2019opera da 4 milioni di euro \u2013 pensata con coscienza e professionalit\u00e0 nel 2008 ma successivamente modificata &#8211; che prevede la costruzione, grazie ad una serie di enormi sbancamenti, di due enormi vasconi per la raccolta delle acque sulle colline cassanesi, a pochi metri dall\u2019area del Parco Nazionale dell\u2019Alta Murgia.<\/p>\n<p style=\"text-align: justify;\">Un\u2019opera ritenuta dalla cittadinanza cassanese \u201cinutile, dannosa e pericolosa\u201d che, tra l\u2019altro, far\u00e0 scempio di una serie di bellissime querce secolari, destinate a diventare legna da ardere per fare spazio alle due opere di contenimento di cemento armato previste dal progetto, ribattezzate le \u201cdighe di Cassano\u201d e l\u2019\u201decomostro sulla Murgia\u201d.<\/p>\n<p style=\"text-align: justify;\">E proprio sotto queste querce centenarie \u2013 nel parcheggio del Pecora Nera Country Pub \u2013 <strong>mercoled\u00ec 3 luglio, a partire dalle ore 20<\/strong>, prender\u00e0 il via la grande \u201cjam session\u201d voluta da \u201cLamafutura\u201d, che vedr\u00e0 esibirsi una decina di band che gratuitamente hanno deciso di testimoniare con la musica il loro \u201cno\u201d ad un progetto che non solo non garantisce l\u2019abbassamento del rischio idrogeologico di Cassano (l\u2019ultima alluvione nel 2005 cost\u00f2 la vita ad una intera famiglia), ma espone la popolazione ad ulteriori rischi (ad esempio, una delle due vasche, potenzialmente, potr\u00e0 contenere fino a 8 milioni e mezzo di chili di fango, posizionati tutti sulla testa dei cassanesi ) e inoltre far\u00e0 scempio di quella che \u00e8 la risorsa pi\u00f9 preziosa del paese: il suo territorio, scrigno di straordinaria biodiversit\u00e0 e di bellezze paesaggistiche, frutto dell\u2019interazione secolare e rispettosa tra l\u2019uomo e la natura.<\/p>\n<p style=\"text-align: justify;\">THE FLEAKS, WRONG WAY, PASQUALE MAGLIONE, CREAMCRACKERS, UNCLE OF JUNGLE, RETRO\u2019GUSTO, CULTURAL BAND, FARAUALLA, questi sono i primi artisti che hanno dato la loro disponibilit\u00e0 a partecipare alla grande manifestazione musicale che si terr\u00e0 domani.<\/p>\n<p style=\"text-align: justify;\">Una iniziativa pensata anche per raccogliere i fondi necessari per fare ricorso al Tar e bloccare l\u2019opera.<\/p>\n<p style=\"text-align: justify;\">Il comitato \u201cLamafutura\u201d, infatti, parallelamente alle iniziative di sensibilizzazione della popolazione sta percorrendo la strada del ricorso alla Giustizia Amministrativa per far valere le ragioni dei cittadini, per \u201cSalvare Cassano\u201d, oltre che preparare un esposto che sar\u00e0 presentato a tutti gli attori istituzionali che hanno competenza sull\u2019opera, dalla Regione all\u2019Autorit\u00e0 di bacino, per finire alla Procura della Repubblica.<\/p>\n<p style=\"text-align: justify;\">E\u2019 in corso anche una petizione on line sul sito AVAAZ.ORG e il gruppo su Facebook ha raccolto in pochi giorni circa 1000 iscritti.<\/p>\n<p>&nbsp;<\/p>\n","protected":false},"excerpt":{"rendered":"","protected":false},"author":1,"featured_media":7812,"comment_status":"open","ping_status":"closed","sticky":false,"template":"","format":"standard","meta":{"colormag_page_container_layout":"default_layout","colormag_page_sidebar_layout":"default_layout","footnotes":""},"categories":[7],"tags":[],"class_list":["post-7833","post","type-post","status-publish","format-standard","has-post-thumbnail","hentry","category-attualita"],"yoast_head":"<!-- This site is optimized with the Yoast SEO plugin v27.5 - https:\/\/yoast.com\/product\/yoast-seo-wordpress\/ -->\n<title>Progetto &quot;LAME&quot;: stasera il concerto sotto le querce - Archivio CassanoWeb<\/title>\n<meta name=\"robots\" content=\"index, follow, max-snippet:-1, max-image-preview:large, max-video-preview:-1\" \/>\n<link rel=\"canonical\" href=\"https:\/\/archiviocassano.lavocedelpaese.info\/index.php\/2013\/07\/03\/progetto-qlameq-stasera-il-concerto-contro-il-rischio-delle-querce-da-abbattere\/\" \/>\n<meta property=\"og:locale\" content=\"it_IT\" \/>\n<meta property=\"og:type\" content=\"article\" \/>\n<meta property=\"og:title\" content=\"Progetto &quot;LAME&quot;: stasera il concerto sotto le querce - Archivio CassanoWeb\" \/>\n<meta property=\"og:url\" content=\"https:\/\/archiviocassano.lavocedelpaese.info\/index.php\/2013\/07\/03\/progetto-qlameq-stasera-il-concerto-contro-il-rischio-delle-querce-da-abbattere\/\" \/>\n<meta property=\"og:site_name\" content=\"Archivio CassanoWeb\" \/>\n<meta property=\"article:publisher\" content=\"https:\/\/www.facebook.com\/redazione.cassanoweb\" \/>\n<meta property=\"article:published_time\" content=\"2013-07-03T11:41:03+00:00\" \/>\n<meta property=\"og:image\" content=\"https:\/\/archiviocassano.lavocedelpaese.info\/wp-content\/uploads\/2013\/06\/Le_querce_secolari_a_rischio.jpg\" \/>\n\t<meta property=\"og:image:width\" content=\"600\" \/>\n\t<meta property=\"og:image:height\" content=\"320\" \/>\n\t<meta property=\"og:image:type\" content=\"image\/jpeg\" \/>\n<meta name=\"author\" content=\"admin\" \/>\n<meta name=\"twitter:card\" content=\"summary_large_image\" \/>\n<meta name=\"twitter:label1\" content=\"Scritto da\" \/>\n\t<meta name=\"twitter:data1\" content=\"admin\" \/>\n\t<meta name=\"twitter:label2\" content=\"Tempo di lettura stimato\" \/>\n\t<meta name=\"twitter:data2\" content=\"2 minuti\" \/>\n<script type=\"application\/ld+json\" class=\"yoast-schema-graph\">{\"@context\":\"https:\\\/\\\/schema.org\",\"@graph\":[{\"@type\":\"Article\",\"@id\":\"https:\\\/\\\/archiviocassano.lavocedelpaese.info\\\/index.php\\\/2013\\\/07\\\/03\\\/progetto-qlameq-stasera-il-concerto-contro-il-rischio-delle-querce-da-abbattere\\\/#article\",\"isPartOf\":{\"@id\":\"https:\\\/\\\/archiviocassano.lavocedelpaese.info\\\/index.php\\\/2013\\\/07\\\/03\\\/progetto-qlameq-stasera-il-concerto-contro-il-rischio-delle-querce-da-abbattere\\\/\"},\"author\":{\"name\":\"admin\",\"@id\":\"https:\\\/\\\/archiviocassano.lavocedelpaese.info\\\/#\\\/schema\\\/person\\\/df195bc79a9b4c35127cf005f92e041b\"},\"headline\":\"Progetto &#8220;LAME&#8221;: stasera il concerto sotto le querce\",\"datePublished\":\"2013-07-03T11:41:03+00:00\",\"mainEntityOfPage\":{\"@id\":\"https:\\\/\\\/archiviocassano.lavocedelpaese.info\\\/index.php\\\/2013\\\/07\\\/03\\\/progetto-qlameq-stasera-il-concerto-contro-il-rischio-delle-querce-da-abbattere\\\/\"},\"wordCount\":442,\"commentCount\":0,\"publisher\":{\"@id\":\"https:\\\/\\\/archiviocassano.lavocedelpaese.info\\\/#organization\"},\"image\":{\"@id\":\"https:\\\/\\\/archiviocassano.lavocedelpaese.info\\\/index.php\\\/2013\\\/07\\\/03\\\/progetto-qlameq-stasera-il-concerto-contro-il-rischio-delle-querce-da-abbattere\\\/#primaryimage\"},\"thumbnailUrl\":\"https:\\\/\\\/archiviocassano.lavocedelpaese.info\\\/wp-content\\\/uploads\\\/2013\\\/06\\\/Le_querce_secolari_a_rischio.jpg\",\"articleSection\":[\"Attualit\u00e0\"],\"inLanguage\":\"it-IT\",\"potentialAction\":[{\"@type\":\"CommentAction\",\"name\":\"Comment\",\"target\":[\"https:\\\/\\\/archiviocassano.lavocedelpaese.info\\\/index.php\\\/2013\\\/07\\\/03\\\/progetto-qlameq-stasera-il-concerto-contro-il-rischio-delle-querce-da-abbattere\\\/#respond\"]}]},{\"@type\":\"WebPage\",\"@id\":\"https:\\\/\\\/archiviocassano.lavocedelpaese.info\\\/index.php\\\/2013\\\/07\\\/03\\\/progetto-qlameq-stasera-il-concerto-contro-il-rischio-delle-querce-da-abbattere\\\/\",\"url\":\"https:\\\/\\\/archiviocassano.lavocedelpaese.info\\\/index.php\\\/2013\\\/07\\\/03\\\/progetto-qlameq-stasera-il-concerto-contro-il-rischio-delle-querce-da-abbattere\\\/\",\"name\":\"Progetto \\\"LAME\\\": stasera il concerto sotto le querce - Archivio CassanoWeb\",\"isPartOf\":{\"@id\":\"https:\\\/\\\/archiviocassano.lavocedelpaese.info\\\/#website\"},\"primaryImageOfPage\":{\"@id\":\"https:\\\/\\\/archiviocassano.lavocedelpaese.info\\\/index.php\\\/2013\\\/07\\\/03\\\/progetto-qlameq-stasera-il-concerto-contro-il-rischio-delle-querce-da-abbattere\\\/#primaryimage\"},\"image\":{\"@id\":\"https:\\\/\\\/archiviocassano.lavocedelpaese.info\\\/index.php\\\/2013\\\/07\\\/03\\\/progetto-qlameq-stasera-il-concerto-contro-il-rischio-delle-querce-da-abbattere\\\/#primaryimage\"},\"thumbnailUrl\":\"https:\\\/\\\/archiviocassano.lavocedelpaese.info\\\/wp-content\\\/uploads\\\/2013\\\/06\\\/Le_querce_secolari_a_rischio.jpg\",\"datePublished\":\"2013-07-03T11:41:03+00:00\",\"breadcrumb\":{\"@id\":\"https:\\\/\\\/archiviocassano.lavocedelpaese.info\\\/index.php\\\/2013\\\/07\\\/03\\\/progetto-qlameq-stasera-il-concerto-contro-il-rischio-delle-querce-da-abbattere\\\/#breadcrumb\"},\"inLanguage\":\"it-IT\",\"potentialAction\":[{\"@type\":\"ReadAction\",\"target\":[\"https:\\\/\\\/archiviocassano.lavocedelpaese.info\\\/index.php\\\/2013\\\/07\\\/03\\\/progetto-qlameq-stasera-il-concerto-contro-il-rischio-delle-querce-da-abbattere\\\/\"]}]},{\"@type\":\"ImageObject\",\"inLanguage\":\"it-IT\",\"@id\":\"https:\\\/\\\/archiviocassano.lavocedelpaese.info\\\/index.php\\\/2013\\\/07\\\/03\\\/progetto-qlameq-stasera-il-concerto-contro-il-rischio-delle-querce-da-abbattere\\\/#primaryimage\",\"url\":\"https:\\\/\\\/archiviocassano.lavocedelpaese.info\\\/wp-content\\\/uploads\\\/2013\\\/06\\\/Le_querce_secolari_a_rischio.jpg\",\"contentUrl\":\"https:\\\/\\\/archiviocassano.lavocedelpaese.info\\\/wp-content\\\/uploads\\\/2013\\\/06\\\/Le_querce_secolari_a_rischio.jpg\",\"width\":600,\"height\":320,\"caption\":\"Le querce secolari a rischio\"},{\"@type\":\"BreadcrumbList\",\"@id\":\"https:\\\/\\\/archiviocassano.lavocedelpaese.info\\\/index.php\\\/2013\\\/07\\\/03\\\/progetto-qlameq-stasera-il-concerto-contro-il-rischio-delle-querce-da-abbattere\\\/#breadcrumb\",\"itemListElement\":[{\"@type\":\"ListItem\",\"position\":1,\"name\":\"Home\",\"item\":\"https:\\\/\\\/archiviocassano.lavocedelpaese.info\\\/\"},{\"@type\":\"ListItem\",\"position\":2,\"name\":\"Progetto &#8220;LAME&#8221;: stasera il concerto sotto le querce\"}]},{\"@type\":\"WebSite\",\"@id\":\"https:\\\/\\\/archiviocassano.lavocedelpaese.info\\\/#website\",\"url\":\"https:\\\/\\\/archiviocassano.lavocedelpaese.info\\\/\",\"name\":\"Archivio CassanoWeb\",\"description\":\"La Voce del Paese - un network di idee\",\"publisher\":{\"@id\":\"https:\\\/\\\/archiviocassano.lavocedelpaese.info\\\/#organization\"},\"potentialAction\":[{\"@type\":\"SearchAction\",\"target\":{\"@type\":\"EntryPoint\",\"urlTemplate\":\"https:\\\/\\\/archiviocassano.lavocedelpaese.info\\\/?s={search_term_string}\"},\"query-input\":{\"@type\":\"PropertyValueSpecification\",\"valueRequired\":true,\"valueName\":\"search_term_string\"}}],\"inLanguage\":\"it-IT\"},{\"@type\":\"Organization\",\"@id\":\"https:\\\/\\\/archiviocassano.lavocedelpaese.info\\\/#organization\",\"name\":\"Archivio CassanoWeb\",\"url\":\"https:\\\/\\\/archiviocassano.lavocedelpaese.info\\\/\",\"logo\":{\"@type\":\"ImageObject\",\"inLanguage\":\"it-IT\",\"@id\":\"https:\\\/\\\/archiviocassano.lavocedelpaese.info\\\/#\\\/schema\\\/logo\\\/image\\\/\",\"url\":\"https:\\\/\\\/archiviocassano.lavocedelpaese.info\\\/wp-content\\\/uploads\\\/2024\\\/08\\\/logo-rosso-2.png\",\"contentUrl\":\"https:\\\/\\\/archiviocassano.lavocedelpaese.info\\\/wp-content\\\/uploads\\\/2024\\\/08\\\/logo-rosso-2.png\",\"width\":491,\"height\":432,\"caption\":\"Archivio CassanoWeb\"},\"image\":{\"@id\":\"https:\\\/\\\/archiviocassano.lavocedelpaese.info\\\/#\\\/schema\\\/logo\\\/image\\\/\"},\"sameAs\":[\"https:\\\/\\\/www.facebook.com\\\/redazione.cassanoweb\"]},{\"@type\":\"Person\",\"@id\":\"https:\\\/\\\/archiviocassano.lavocedelpaese.info\\\/#\\\/schema\\\/person\\\/df195bc79a9b4c35127cf005f92e041b\",\"name\":\"admin\",\"image\":{\"@type\":\"ImageObject\",\"inLanguage\":\"it-IT\",\"@id\":\"https:\\\/\\\/secure.gravatar.com\\\/avatar\\\/eabba89a432e8eaa1b0207cc55f7e5340b22712b1ed80677efcf63e02ff5b235?s=96&d=mm&r=g\",\"url\":\"https:\\\/\\\/secure.gravatar.com\\\/avatar\\\/eabba89a432e8eaa1b0207cc55f7e5340b22712b1ed80677efcf63e02ff5b235?s=96&d=mm&r=g\",\"contentUrl\":\"https:\\\/\\\/secure.gravatar.com\\\/avatar\\\/eabba89a432e8eaa1b0207cc55f7e5340b22712b1ed80677efcf63e02ff5b235?s=96&d=mm&r=g\",\"caption\":\"admin\"},\"sameAs\":[\"https:\\\/\\\/archiviocassano.lavocedelpaese.info\"],\"url\":\"https:\\\/\\\/archiviocassano.lavocedelpaese.info\\\/index.php\\\/author\\\/admin_0qgz1xdp\\\/\"}]}<\/script>\n<!-- \/ Yoast SEO plugin. -->","yoast_head_json":{"title":"Progetto \"LAME\": stasera il concerto sotto le querce - Archivio CassanoWeb","robots":{"index":"index","follow":"follow","max-snippet":"max-snippet:-1","max-image-preview":"max-image-preview:large","max-video-preview":"max-video-preview:-1"},"canonical":"https:\/\/archiviocassano.lavocedelpaese.info\/index.php\/2013\/07\/03\/progetto-qlameq-stasera-il-concerto-contro-il-rischio-delle-querce-da-abbattere\/","og_locale":"it_IT","og_type":"article","og_title":"Progetto \"LAME\": stasera il concerto sotto le querce - Archivio CassanoWeb","og_url":"https:\/\/archiviocassano.lavocedelpaese.info\/index.php\/2013\/07\/03\/progetto-qlameq-stasera-il-concerto-contro-il-rischio-delle-querce-da-abbattere\/","og_site_name":"Archivio CassanoWeb","article_publisher":"https:\/\/www.facebook.com\/redazione.cassanoweb","article_published_time":"2013-07-03T11:41:03+00:00","og_image":[{"width":600,"height":320,"url":"https:\/\/archiviocassano.lavocedelpaese.info\/wp-content\/uploads\/2013\/06\/Le_querce_secolari_a_rischio.jpg","type":"image\/jpeg"}],"author":"admin","twitter_card":"summary_large_image","twitter_misc":{"Scritto da":"admin","Tempo di lettura stimato":"2 minuti"},"schema":{"@context":"https:\/\/schema.org","@graph":[{"@type":"Article","@id":"https:\/\/archiviocassano.lavocedelpaese.info\/index.php\/2013\/07\/03\/progetto-qlameq-stasera-il-concerto-contro-il-rischio-delle-querce-da-abbattere\/#article","isPartOf":{"@id":"https:\/\/archiviocassano.lavocedelpaese.info\/index.php\/2013\/07\/03\/progetto-qlameq-stasera-il-concerto-contro-il-rischio-delle-querce-da-abbattere\/"},"author":{"name":"admin","@id":"https:\/\/archiviocassano.lavocedelpaese.info\/#\/schema\/person\/df195bc79a9b4c35127cf005f92e041b"},"headline":"Progetto &#8220;LAME&#8221;: stasera il concerto sotto le querce","datePublished":"2013-07-03T11:41:03+00:00","mainEntityOfPage":{"@id":"https:\/\/archiviocassano.lavocedelpaese.info\/index.php\/2013\/07\/03\/progetto-qlameq-stasera-il-concerto-contro-il-rischio-delle-querce-da-abbattere\/"},"wordCount":442,"commentCount":0,"publisher":{"@id":"https:\/\/archiviocassano.lavocedelpaese.info\/#organization"},"image":{"@id":"https:\/\/archiviocassano.lavocedelpaese.info\/index.php\/2013\/07\/03\/progetto-qlameq-stasera-il-concerto-contro-il-rischio-delle-querce-da-abbattere\/#primaryimage"},"thumbnailUrl":"https:\/\/archiviocassano.lavocedelpaese.info\/wp-content\/uploads\/2013\/06\/Le_querce_secolari_a_rischio.jpg","articleSection":["Attualit\u00e0"],"inLanguage":"it-IT","potentialAction":[{"@type":"CommentAction","name":"Comment","target":["https:\/\/archiviocassano.lavocedelpaese.info\/index.php\/2013\/07\/03\/progetto-qlameq-stasera-il-concerto-contro-il-rischio-delle-querce-da-abbattere\/#respond"]}]},{"@type":"WebPage","@id":"https:\/\/archiviocassano.lavocedelpaese.info\/index.php\/2013\/07\/03\/progetto-qlameq-stasera-il-concerto-contro-il-rischio-delle-querce-da-abbattere\/","url":"https:\/\/archiviocassano.lavocedelpaese.info\/index.php\/2013\/07\/03\/progetto-qlameq-stasera-il-concerto-contro-il-rischio-delle-querce-da-abbattere\/","name":"Progetto \"LAME\": stasera il concerto sotto le querce - Archivio CassanoWeb","isPartOf":{"@id":"https:\/\/archiviocassano.lavocedelpaese.info\/#website"},"primaryImageOfPage":{"@id":"https:\/\/archiviocassano.lavocedelpaese.info\/index.php\/2013\/07\/03\/progetto-qlameq-stasera-il-concerto-contro-il-rischio-delle-querce-da-abbattere\/#primaryimage"},"image":{"@id":"https:\/\/archiviocassano.lavocedelpaese.info\/index.php\/2013\/07\/03\/progetto-qlameq-stasera-il-concerto-contro-il-rischio-delle-querce-da-abbattere\/#primaryimage"},"thumbnailUrl":"https:\/\/archiviocassano.lavocedelpaese.info\/wp-content\/uploads\/2013\/06\/Le_querce_secolari_a_rischio.jpg","datePublished":"2013-07-03T11:41:03+00:00","breadcrumb":{"@id":"https:\/\/archiviocassano.lavocedelpaese.info\/index.php\/2013\/07\/03\/progetto-qlameq-stasera-il-concerto-contro-il-rischio-delle-querce-da-abbattere\/#breadcrumb"},"inLanguage":"it-IT","potentialAction":[{"@type":"ReadAction","target":["https:\/\/archiviocassano.lavocedelpaese.info\/index.php\/2013\/07\/03\/progetto-qlameq-stasera-il-concerto-contro-il-rischio-delle-querce-da-abbattere\/"]}]},{"@type":"ImageObject","inLanguage":"it-IT","@id":"https:\/\/archiviocassano.lavocedelpaese.info\/index.php\/2013\/07\/03\/progetto-qlameq-stasera-il-concerto-contro-il-rischio-delle-querce-da-abbattere\/#primaryimage","url":"https:\/\/archiviocassano.lavocedelpaese.info\/wp-content\/uploads\/2013\/06\/Le_querce_secolari_a_rischio.jpg","contentUrl":"https:\/\/archiviocassano.lavocedelpaese.info\/wp-content\/uploads\/2013\/06\/Le_querce_secolari_a_rischio.jpg","width":600,"height":320,"caption":"Le querce secolari a rischio"},{"@type":"BreadcrumbList","@id":"https:\/\/archiviocassano.lavocedelpaese.info\/index.php\/2013\/07\/03\/progetto-qlameq-stasera-il-concerto-contro-il-rischio-delle-querce-da-abbattere\/#breadcrumb","itemListElement":[{"@type":"ListItem","position":1,"name":"Home","item":"https:\/\/archiviocassano.lavocedelpaese.info\/"},{"@type":"ListItem","position":2,"name":"Progetto &#8220;LAME&#8221;: stasera il concerto sotto le querce"}]},{"@type":"WebSite","@id":"https:\/\/archiviocassano.lavocedelpaese.info\/#website","url":"https:\/\/archiviocassano.lavocedelpaese.info\/","name":"Archivio CassanoWeb","description":"La Voce del Paese - un network di idee","publisher":{"@id":"https:\/\/archiviocassano.lavocedelpaese.info\/#organization"},"potentialAction":[{"@type":"SearchAction","target":{"@type":"EntryPoint","urlTemplate":"https:\/\/archiviocassano.lavocedelpaese.info\/?s={search_term_string}"},"query-input":{"@type":"PropertyValueSpecification","valueRequired":true,"valueName":"search_term_string"}}],"inLanguage":"it-IT"},{"@type":"Organization","@id":"https:\/\/archiviocassano.lavocedelpaese.info\/#organization","name":"Archivio CassanoWeb","url":"https:\/\/archiviocassano.lavocedelpaese.info\/","logo":{"@type":"ImageObject","inLanguage":"it-IT","@id":"https:\/\/archiviocassano.lavocedelpaese.info\/#\/schema\/logo\/image\/","url":"https:\/\/archiviocassano.lavocedelpaese.info\/wp-content\/uploads\/2024\/08\/logo-rosso-2.png","contentUrl":"https:\/\/archiviocassano.lavocedelpaese.info\/wp-content\/uploads\/2024\/08\/logo-rosso-2.png","width":491,"height":432,"caption":"Archivio CassanoWeb"},"image":{"@id":"https:\/\/archiviocassano.lavocedelpaese.info\/#\/schema\/logo\/image\/"},"sameAs":["https:\/\/www.facebook.com\/redazione.cassanoweb"]},{"@type":"Person","@id":"https:\/\/archiviocassano.lavocedelpaese.info\/#\/schema\/person\/df195bc79a9b4c35127cf005f92e041b","name":"admin","image":{"@type":"ImageObject","inLanguage":"it-IT","@id":"https:\/\/secure.gravatar.com\/avatar\/eabba89a432e8eaa1b0207cc55f7e5340b22712b1ed80677efcf63e02ff5b235?s=96&d=mm&r=g","url":"https:\/\/secure.gravatar.com\/avatar\/eabba89a432e8eaa1b0207cc55f7e5340b22712b1ed80677efcf63e02ff5b235?s=96&d=mm&r=g","contentUrl":"https:\/\/secure.gravatar.com\/avatar\/eabba89a432e8eaa1b0207cc55f7e5340b22712b1ed80677efcf63e02ff5b235?s=96&d=mm&r=g","caption":"admin"},"sameAs":["https:\/\/archiviocassano.lavocedelpaese.info"],"url":"https:\/\/archiviocassano.lavocedelpaese.info\/index.php\/author\/admin_0qgz1xdp\/"}]}},"_links":{"self":[{"href":"https:\/\/archiviocassano.lavocedelpaese.info\/index.php\/wp-json\/wp\/v2\/posts\/7833","targetHints":{"allow":["GET"]}}],"collection":[{"href":"https:\/\/archiviocassano.lavocedelpaese.info\/index.php\/wp-json\/wp\/v2\/posts"}],"about":[{"href":"https:\/\/archiviocassano.lavocedelpaese.info\/index.php\/wp-json\/wp\/v2\/types\/post"}],"author":[{"embeddable":true,"href":"https:\/\/archiviocassano.lavocedelpaese.info\/index.php\/wp-json\/wp\/v2\/users\/1"}],"replies":[{"embeddable":true,"href":"https:\/\/archiviocassano.lavocedelpaese.info\/index.php\/wp-json\/wp\/v2\/comments?post=7833"}],"version-history":[{"count":0,"href":"https:\/\/archiviocassano.lavocedelpaese.info\/index.php\/wp-json\/wp\/v2\/posts\/7833\/revisions"}],"wp:featuredmedia":[{"embeddable":true,"href":"https:\/\/archiviocassano.lavocedelpaese.info\/index.php\/wp-json\/wp\/v2\/media\/7812"}],"wp:attachment":[{"href":"https:\/\/archiviocassano.lavocedelpaese.info\/index.php\/wp-json\/wp\/v2\/media?parent=7833"}],"wp:term":[{"taxonomy":"category","embeddable":true,"href":"https:\/\/archiviocassano.lavocedelpaese.info\/index.php\/wp-json\/wp\/v2\/categories?post=7833"},{"taxonomy":"post_tag","embeddable":true,"href":"https:\/\/archiviocassano.lavocedelpaese.info\/index.php\/wp-json\/wp\/v2\/tags?post=7833"}],"curies":[{"name":"wp","href":"https:\/\/api.w.org\/{rel}","templated":true}]}}