{"id":7921,"date":"2013-08-03T07:48:43","date_gmt":"2013-08-03T07:48:43","guid":{"rendered":"https:\/\/archiviocassano.lavocedelpaese.info\/index.php\/2013\/08\/03\/festa-patronale-terza-girnata-i-discorsi-di-ieri-le-autorita-presenti\/"},"modified":"2013-08-03T07:48:43","modified_gmt":"2013-08-03T07:48:43","slug":"festa-patronale-terza-girnata-i-discorsi-di-ieri-le-autorita-presenti","status":"publish","type":"post","link":"https:\/\/archiviocassano.lavocedelpaese.info\/index.php\/2013\/08\/03\/festa-patronale-terza-girnata-i-discorsi-di-ieri-le-autorita-presenti\/","title":{"rendered":"Festa Patronale: terza giornata. Un arresto durante la Processione"},"content":{"rendered":"<p style=\"text-align: justify;\"><img loading=\"lazy\" decoding=\"async\" alt=\"madonna degli angeli 2012\" src=\"images\/stories\/madonna_degli_angeli_2012.jpg\" height=\"150\" width=\"320\" \/><\/p>\n<p><!--more--><\/p>\n<p style=\"text-align: justify;\">Terza giornata di Festa patronale, quella in cui la Madonna degli Angeli sosta a Cassano per tutto il tempo, \u201candando ad incontrare\u201d la parte pi\u00f9 antica del paese, il centro storico (<a target=\"_blank\" href=\"attualita\/23792-da-domani-e-qfesta-grannq-ecco-il-programma.html\" rel=\"noopener\">leggi il programma<\/a>). Ad accogliere l&#8217;immagine di Maria gli abitanti di Cassano Vecchia e l&#8217;Associazione &#8220;Centro Storico di Cassano delle Murge&#8221; <a target=\"_blank\" href=\"attualita\/23789-torna-qbalcone-fioritoq-a-cura-dellassne-qcentro-storicoq.html\" rel=\"noopener\">con l&#8217;iniziativa, per il secondo anno consecutivo&#8221; del Balcone Fiorito.<\/a><\/p>\n<p style=\"text-align: justify;\"><b>La consegna delle chiavi alla Madonna<\/b><\/p>\n<p style=\"text-align: justify;\">Ieri sera, nel solito tripudio di folla, all\u2019imbocco di via Convento, c\u2019\u00e8 stata la tradizionale consegna delle chiavi della citt\u00e0 da parte del sindaco Maria Pia Di Medio alla Patrona: una consegna simbolica della citt\u00e0, dei suoi abitanti che chiedono la protezione della Santa Vergine.<\/p>\n<p style=\"text-align: justify;\">A salire sul Carro Trionfale per il gesto della consegna, oltre alla Di Medio, anche la Presidente Onoraria del Comitato Festa, Annamaria Centrulli; il Presidente delegato Damiano Baldassarre; il Priore del Convento, padre Ermanno che hanno rivolto alla cittadinanza alcuni brevi indirizzi di saluto e qualche riflessione.<\/p>\n<p style=\"text-align: justify;\"><b>I discorsi<\/b><\/p>\n<p style=\"text-align: justify;\">Il <strong>Presidente Baldassarre<\/strong> ha chiesto a Maria che protegga il suo popolo \u201c<em>e in particolare i giovani, chiamati a custodire le tradizioni e conservarne la memoria\u201d<\/em> affidandosi a Maria che <em>\u201ccon queste chiavi possa aprire le porte dei nostri cuori\u201d<\/em>. Emozionante e accompagnato da uno scrosciante applauso della folla il ricordo che <strong>Annamaria Centrulli<\/strong> ha fatto di suo marito <strong>Saverio Viapiano<\/strong>, gi\u00e0 Presidente del Comitato fino all\u2019anno scorso, prematuramente scomparso a maggio: <em>\u201cla mia nomina a Presidente onorario<\/em> &#8211; ha detto la Centrulli \u2013 <em>proposta da don Nunzio Marinelli e accettata dal Comitato \u2013 \u00e8 stata fatta nel ricordo di Saverio, la cui scomparsa \u00e8 un momento triste ma solo se la si guarda con occhi umani\u201d. \u201cQuesta aria di festa e di gioia<\/em> \u2013 ha aggiunto la Presidente onoraria \u2013 d<em>ivenga un fatto quotidiano, che vada al di l\u00e0 della Festa e ci faccia vivere con coerenza il messaggio di Maria\u201d,<\/em> di cui la Centrulli ha voluto sottolineare il ruolo di donna e madre, \u201cmoderatrice\u201d tra Ges\u00f9 e Giuseppe e dunque perno della famiglia.<\/p>\n<p style=\"text-align: justify;\">Da parte sua<strong> il sindaco Di Medio<\/strong> \u2013 alla sua ultima presenza sul Carro Trionfale poich\u00e9 il mandato scade il prossimo giugno \u2013 ha ringraziato tutti coloro che si sono adoperati per la riuscita della Festa, i rappresentanti istituzionali presenti e tutti i cassanesi e forestieri che ogni anno attendono questo momento con gioia: \u201c<em>nel ricordo di Saverio Viapiano che ha dato tanto al paese, sia questo un momento di pacificazione per tutto il paese\u201d<\/em> \u2013 ha detto il sindaco ricordando Maria madre della Pace e lanciando un appello a tutti: \u201c<em>non dimentichiamo queste tradizioni, punto di riferimento per una comunit\u00e0, qual \u00e8 Cassano, che sta crescendo; ogni popolazione ne ha bisogno e non bisogna disperdere questo patrimonio ma custodirlo e tramandarlo gelosamente\u201d<\/em>. <strong>Padre Ermanno<\/strong>, a cui l\u2019Arciprete don Nunzio Marinelli ha ceduto la parola essendo il \u201cnuovo\u201d Priore degli Agostiniani (l\u2019anno scorso sul Carro c\u2019era <strong>Padre Mario Sannino<\/strong>), ha chiesto al popolo di non stancarsi di venerare la Madonna, indicatrice della strada che porta a Ges\u00f9.<\/p>\n<p style=\"text-align: justify;\"><b>Le Autorit\u00e0 presenti<\/b><\/p>\n<p style=\"text-align: justify;\">Conclusi e discorsi e tra gli applausi di una folla enorme, il sindaco ha consegnato le chiavi di Cassano alla Madonna quindi la processione si \u00e8 nuovamente snodata lungo le strade principali del paese. Ad accompagnarla \u2013 oltre alle Confraternite ed ai fedeli \u2013 numerose Autorit\u00e0 e rappresentanti istituzionali: l\u2019Assessore al Bilancio della Provincia di Bari,<strong> Vito Giampetruzzi<\/strong> in rappresentanza della Amministrazione Provinciale di Bari; il sindaco di Santeramo in Colle,<strong> Michele D\u2019Ambrosio<\/strong>; di Acquaviva delle Fonti, <strong>Davide Carlucci<\/strong>; di Terlizzi, <strong>Nicola Gemmato<\/strong>; del vicesindaco di Bitritto, <strong>Angelo Natuzzi;<\/strong> del vicesindaco di Sannicandro di Bari, <strong>Cladis Morillo<\/strong> e della Presidente del Consiglio Comunale di Sannicandro, <strong>Maria Mossa<\/strong> nonch\u00e9 l\u2019Amministrazione Comunale cassanese quasi al completo.<\/p>\n<p style=\"text-align: justify;\">Presenti, inoltre, le massime autorit\u00e0 militari e delle forze dell&#8217;ordine sia di stanza a Cassano che originari del nostro paese.<\/p>\n<p style=\"text-align: justify;\"><b><br \/><\/b><\/p>\n<p style=\"text-align: justify;\"><b>Il ricordo di Saverio Viapiano<\/b><\/p>\n<p style=\"text-align: justify;\">Nuovo, significativo omaggio nei confronti del prematuramente scomparso dott. Viapiano. Dopo l\u2019uscita della Immagine della Vergine Maria dal Convento, la stessa non \u00e8 stata posizionata subito sul Carro Trionfale in sosta sul piazzale del Santuario \u2013 come avviene di solito \u2013 ma \u00e8 stata portata a spalle fino alla casa di Saverio Viapiano, a poche decine di metri dal Convento stesso.<\/p>\n<p style=\"text-align: justify;\">Quindi \u00e8 stata issata sul carro ed ha proseguito nella Processione.<\/p>\n<p style=\"text-align: justify;\"><b><br \/><\/b><\/p>\n<p style=\"text-align: justify;\"><b>Sorvegliato speciale arrestato mentre guardava la processione<\/b><\/p>\n<p style=\"text-align: justify;\">Agli occhi attenti del maresciallo <strong>Cosimo Maldarizzi,<\/strong> comandante della Stazione cassanese, \u00e8 sembrata subito una faccia conosciuta. E difatti si trattava di un sorvegliato speciale cassanese ma residente ad Acquaviva che tra la folla di fedeli era intento ad assistere alla processione della Madonna degli Angeli. Chiamata la pattuglia dei militari ed effettuato un controllo, \u00e8 risultato che l\u2019uomo, <strong>il 29enne Angelo Domenico De Sario<\/strong>, non doveva essere l\u00e0 ma agli arresti domiciliari, nella sua casa di Acquaviva, in quanto sorvegliato speciale per diversi reati commessi. La voglia di rivedere la Festa Patronale del suo paese d&#8217;origine gli \u00e8 dunque costata cara: l\u2019uomo \u00e8 stato arrestato e condotto nel carcere di Bari a disposizione del magistrato.<\/p>\n<p style=\"text-align: justify;\">&nbsp;<\/p>\n<p style=\"text-align: justify;\"><strong>Un malore in Villa<\/strong><\/p>\n<p style=\"text-align: justify;\">Era appena ripartita la processione da Piazza Garibaldi &#8211; dopo la sosta per la consegna dele chiavi &#8211; che la sirena di una ambulanza ha attirato l&#8217;attenzione di chi passeggiava in Villa: una signora ha avvertito un malore e il personale dell&#8217;ambulanza \u00e8 intervenuto per soccorrerla. Nulla di grave, per fortuna: un calo di pressione forse dovuto alla calca e al caldo della serata che hanno fatto sentire male la donna, accasciatasi a terra e poi portata al Pronto Soccorso dell&#8217;Ospedale &#8220;Miulli&#8221; per ulteriori controlli.<\/p>\n<p>&nbsp;<\/p>\n<p style=\"text-align: justify;\"><strong>Fuochi: ritardo record. E stasera si replica<\/strong><\/p>\n<p>Forse quello di ieri sera \u00e8 stato il record dei ritardi dell&#8217;inizio dei fuochi d&#8217;artificio: la &#8220;chiamata&#8221; \u00e8 stata sparata alle 2.15, oltre mezz&#8217;ora dopo la fine dell&#8217;ultimo pezzo che la Banda di Noci ha eseguito in piazza Moro sulla Cassarmonica. Tanto da far sospettare qualcuno che i fuochi non ci sarebbero pi\u00f9 stati.<\/p>\n<p style=\"text-align: justify;\">Da l\u00ec a poco, invece, <span style=\"font-size: 10pt; font-family: 'Arial','sans-serif';\">le ditte Padovano Giovanni di Genzano di Lucania (PZ) e Cav. Martino De Carlo di Gioia del Colle hanno dato fuoco alle micce con due spettacoli non proprio in linea con le aspettative (il primo in particolare), conclusisi alle ore 3.00.<\/span><\/p>\n<p style=\"text-align: justify;\">E stasera si replica a cura della ditta gioiese: pur non essendo in programma, infatti, a fine serata (si presume intorno alla mezzanotte e mezza) ci sar\u00e0 &#8220;lo sparo&#8221; dei fuochi d&#8217;artificio sempre nella zona &#8220;167&#8221;.<\/p>\n<p style=\"text-align: justify;\">&nbsp;<\/p>\n<p style=\"text-align: justify;\"><em>Foto d&#8217;archivio<\/em><\/p>\n","protected":false},"excerpt":{"rendered":"","protected":false},"author":1,"featured_media":0,"comment_status":"open","ping_status":"closed","sticky":false,"template":"","format":"standard","meta":{"colormag_page_container_layout":"default_layout","colormag_page_sidebar_layout":"default_layout","footnotes":""},"categories":[7],"tags":[],"class_list":["post-7921","post","type-post","status-publish","format-standard","hentry","category-attualita"],"yoast_head":"<!-- This site is optimized with the Yoast SEO plugin v27.5 - https:\/\/yoast.com\/product\/yoast-seo-wordpress\/ -->\n<title>Festa Patronale: terza giornata. Un arresto durante la Processione - Archivio CassanoWeb<\/title>\n<meta name=\"robots\" content=\"index, follow, max-snippet:-1, max-image-preview:large, max-video-preview:-1\" \/>\n<link rel=\"canonical\" href=\"https:\/\/archiviocassano.lavocedelpaese.info\/index.php\/2013\/08\/03\/festa-patronale-terza-girnata-i-discorsi-di-ieri-le-autorita-presenti\/\" \/>\n<meta property=\"og:locale\" content=\"it_IT\" \/>\n<meta property=\"og:type\" content=\"article\" \/>\n<meta property=\"og:title\" content=\"Festa Patronale: terza giornata. Un arresto durante la Processione - Archivio CassanoWeb\" \/>\n<meta property=\"og:url\" content=\"https:\/\/archiviocassano.lavocedelpaese.info\/index.php\/2013\/08\/03\/festa-patronale-terza-girnata-i-discorsi-di-ieri-le-autorita-presenti\/\" \/>\n<meta property=\"og:site_name\" content=\"Archivio CassanoWeb\" \/>\n<meta property=\"article:publisher\" content=\"https:\/\/www.facebook.com\/redazione.cassanoweb\" \/>\n<meta property=\"article:published_time\" content=\"2013-08-03T07:48:43+00:00\" \/>\n<meta name=\"author\" content=\"admin\" \/>\n<meta name=\"twitter:card\" content=\"summary_large_image\" \/>\n<meta name=\"twitter:label1\" content=\"Scritto da\" \/>\n\t<meta name=\"twitter:data1\" content=\"admin\" \/>\n\t<meta name=\"twitter:label2\" content=\"Tempo di lettura stimato\" \/>\n\t<meta name=\"twitter:data2\" content=\"5 minuti\" \/>\n<script type=\"application\/ld+json\" class=\"yoast-schema-graph\">{\"@context\":\"https:\\\/\\\/schema.org\",\"@graph\":[{\"@type\":\"Article\",\"@id\":\"https:\\\/\\\/archiviocassano.lavocedelpaese.info\\\/index.php\\\/2013\\\/08\\\/03\\\/festa-patronale-terza-girnata-i-discorsi-di-ieri-le-autorita-presenti\\\/#article\",\"isPartOf\":{\"@id\":\"https:\\\/\\\/archiviocassano.lavocedelpaese.info\\\/index.php\\\/2013\\\/08\\\/03\\\/festa-patronale-terza-girnata-i-discorsi-di-ieri-le-autorita-presenti\\\/\"},\"author\":{\"name\":\"admin\",\"@id\":\"https:\\\/\\\/archiviocassano.lavocedelpaese.info\\\/#\\\/schema\\\/person\\\/df195bc79a9b4c35127cf005f92e041b\"},\"headline\":\"Festa Patronale: terza giornata. Un arresto durante la Processione\",\"datePublished\":\"2013-08-03T07:48:43+00:00\",\"mainEntityOfPage\":{\"@id\":\"https:\\\/\\\/archiviocassano.lavocedelpaese.info\\\/index.php\\\/2013\\\/08\\\/03\\\/festa-patronale-terza-girnata-i-discorsi-di-ieri-le-autorita-presenti\\\/\"},\"wordCount\":1084,\"commentCount\":0,\"publisher\":{\"@id\":\"https:\\\/\\\/archiviocassano.lavocedelpaese.info\\\/#organization\"},\"articleSection\":[\"Attualit\u00e0\"],\"inLanguage\":\"it-IT\",\"potentialAction\":[{\"@type\":\"CommentAction\",\"name\":\"Comment\",\"target\":[\"https:\\\/\\\/archiviocassano.lavocedelpaese.info\\\/index.php\\\/2013\\\/08\\\/03\\\/festa-patronale-terza-girnata-i-discorsi-di-ieri-le-autorita-presenti\\\/#respond\"]}]},{\"@type\":\"WebPage\",\"@id\":\"https:\\\/\\\/archiviocassano.lavocedelpaese.info\\\/index.php\\\/2013\\\/08\\\/03\\\/festa-patronale-terza-girnata-i-discorsi-di-ieri-le-autorita-presenti\\\/\",\"url\":\"https:\\\/\\\/archiviocassano.lavocedelpaese.info\\\/index.php\\\/2013\\\/08\\\/03\\\/festa-patronale-terza-girnata-i-discorsi-di-ieri-le-autorita-presenti\\\/\",\"name\":\"Festa Patronale: terza giornata. Un arresto durante la Processione - Archivio CassanoWeb\",\"isPartOf\":{\"@id\":\"https:\\\/\\\/archiviocassano.lavocedelpaese.info\\\/#website\"},\"datePublished\":\"2013-08-03T07:48:43+00:00\",\"breadcrumb\":{\"@id\":\"https:\\\/\\\/archiviocassano.lavocedelpaese.info\\\/index.php\\\/2013\\\/08\\\/03\\\/festa-patronale-terza-girnata-i-discorsi-di-ieri-le-autorita-presenti\\\/#breadcrumb\"},\"inLanguage\":\"it-IT\",\"potentialAction\":[{\"@type\":\"ReadAction\",\"target\":[\"https:\\\/\\\/archiviocassano.lavocedelpaese.info\\\/index.php\\\/2013\\\/08\\\/03\\\/festa-patronale-terza-girnata-i-discorsi-di-ieri-le-autorita-presenti\\\/\"]}]},{\"@type\":\"BreadcrumbList\",\"@id\":\"https:\\\/\\\/archiviocassano.lavocedelpaese.info\\\/index.php\\\/2013\\\/08\\\/03\\\/festa-patronale-terza-girnata-i-discorsi-di-ieri-le-autorita-presenti\\\/#breadcrumb\",\"itemListElement\":[{\"@type\":\"ListItem\",\"position\":1,\"name\":\"Home\",\"item\":\"https:\\\/\\\/archiviocassano.lavocedelpaese.info\\\/\"},{\"@type\":\"ListItem\",\"position\":2,\"name\":\"Festa Patronale: terza giornata. Un arresto durante la Processione\"}]},{\"@type\":\"WebSite\",\"@id\":\"https:\\\/\\\/archiviocassano.lavocedelpaese.info\\\/#website\",\"url\":\"https:\\\/\\\/archiviocassano.lavocedelpaese.info\\\/\",\"name\":\"Archivio CassanoWeb\",\"description\":\"La Voce del Paese - un network di idee\",\"publisher\":{\"@id\":\"https:\\\/\\\/archiviocassano.lavocedelpaese.info\\\/#organization\"},\"potentialAction\":[{\"@type\":\"SearchAction\",\"target\":{\"@type\":\"EntryPoint\",\"urlTemplate\":\"https:\\\/\\\/archiviocassano.lavocedelpaese.info\\\/?s={search_term_string}\"},\"query-input\":{\"@type\":\"PropertyValueSpecification\",\"valueRequired\":true,\"valueName\":\"search_term_string\"}}],\"inLanguage\":\"it-IT\"},{\"@type\":\"Organization\",\"@id\":\"https:\\\/\\\/archiviocassano.lavocedelpaese.info\\\/#organization\",\"name\":\"Archivio CassanoWeb\",\"url\":\"https:\\\/\\\/archiviocassano.lavocedelpaese.info\\\/\",\"logo\":{\"@type\":\"ImageObject\",\"inLanguage\":\"it-IT\",\"@id\":\"https:\\\/\\\/archiviocassano.lavocedelpaese.info\\\/#\\\/schema\\\/logo\\\/image\\\/\",\"url\":\"https:\\\/\\\/archiviocassano.lavocedelpaese.info\\\/wp-content\\\/uploads\\\/2024\\\/08\\\/logo-rosso-2.png\",\"contentUrl\":\"https:\\\/\\\/archiviocassano.lavocedelpaese.info\\\/wp-content\\\/uploads\\\/2024\\\/08\\\/logo-rosso-2.png\",\"width\":491,\"height\":432,\"caption\":\"Archivio CassanoWeb\"},\"image\":{\"@id\":\"https:\\\/\\\/archiviocassano.lavocedelpaese.info\\\/#\\\/schema\\\/logo\\\/image\\\/\"},\"sameAs\":[\"https:\\\/\\\/www.facebook.com\\\/redazione.cassanoweb\"]},{\"@type\":\"Person\",\"@id\":\"https:\\\/\\\/archiviocassano.lavocedelpaese.info\\\/#\\\/schema\\\/person\\\/df195bc79a9b4c35127cf005f92e041b\",\"name\":\"admin\",\"image\":{\"@type\":\"ImageObject\",\"inLanguage\":\"it-IT\",\"@id\":\"https:\\\/\\\/secure.gravatar.com\\\/avatar\\\/eabba89a432e8eaa1b0207cc55f7e5340b22712b1ed80677efcf63e02ff5b235?s=96&d=mm&r=g\",\"url\":\"https:\\\/\\\/secure.gravatar.com\\\/avatar\\\/eabba89a432e8eaa1b0207cc55f7e5340b22712b1ed80677efcf63e02ff5b235?s=96&d=mm&r=g\",\"contentUrl\":\"https:\\\/\\\/secure.gravatar.com\\\/avatar\\\/eabba89a432e8eaa1b0207cc55f7e5340b22712b1ed80677efcf63e02ff5b235?s=96&d=mm&r=g\",\"caption\":\"admin\"},\"sameAs\":[\"https:\\\/\\\/archiviocassano.lavocedelpaese.info\"],\"url\":\"https:\\\/\\\/archiviocassano.lavocedelpaese.info\\\/index.php\\\/author\\\/admin_0qgz1xdp\\\/\"}]}<\/script>\n<!-- \/ Yoast SEO plugin. -->","yoast_head_json":{"title":"Festa Patronale: terza giornata. Un arresto durante la Processione - Archivio CassanoWeb","robots":{"index":"index","follow":"follow","max-snippet":"max-snippet:-1","max-image-preview":"max-image-preview:large","max-video-preview":"max-video-preview:-1"},"canonical":"https:\/\/archiviocassano.lavocedelpaese.info\/index.php\/2013\/08\/03\/festa-patronale-terza-girnata-i-discorsi-di-ieri-le-autorita-presenti\/","og_locale":"it_IT","og_type":"article","og_title":"Festa Patronale: terza giornata. Un arresto durante la Processione - Archivio CassanoWeb","og_url":"https:\/\/archiviocassano.lavocedelpaese.info\/index.php\/2013\/08\/03\/festa-patronale-terza-girnata-i-discorsi-di-ieri-le-autorita-presenti\/","og_site_name":"Archivio CassanoWeb","article_publisher":"https:\/\/www.facebook.com\/redazione.cassanoweb","article_published_time":"2013-08-03T07:48:43+00:00","author":"admin","twitter_card":"summary_large_image","twitter_misc":{"Scritto da":"admin","Tempo di lettura stimato":"5 minuti"},"schema":{"@context":"https:\/\/schema.org","@graph":[{"@type":"Article","@id":"https:\/\/archiviocassano.lavocedelpaese.info\/index.php\/2013\/08\/03\/festa-patronale-terza-girnata-i-discorsi-di-ieri-le-autorita-presenti\/#article","isPartOf":{"@id":"https:\/\/archiviocassano.lavocedelpaese.info\/index.php\/2013\/08\/03\/festa-patronale-terza-girnata-i-discorsi-di-ieri-le-autorita-presenti\/"},"author":{"name":"admin","@id":"https:\/\/archiviocassano.lavocedelpaese.info\/#\/schema\/person\/df195bc79a9b4c35127cf005f92e041b"},"headline":"Festa Patronale: terza giornata. Un arresto durante la Processione","datePublished":"2013-08-03T07:48:43+00:00","mainEntityOfPage":{"@id":"https:\/\/archiviocassano.lavocedelpaese.info\/index.php\/2013\/08\/03\/festa-patronale-terza-girnata-i-discorsi-di-ieri-le-autorita-presenti\/"},"wordCount":1084,"commentCount":0,"publisher":{"@id":"https:\/\/archiviocassano.lavocedelpaese.info\/#organization"},"articleSection":["Attualit\u00e0"],"inLanguage":"it-IT","potentialAction":[{"@type":"CommentAction","name":"Comment","target":["https:\/\/archiviocassano.lavocedelpaese.info\/index.php\/2013\/08\/03\/festa-patronale-terza-girnata-i-discorsi-di-ieri-le-autorita-presenti\/#respond"]}]},{"@type":"WebPage","@id":"https:\/\/archiviocassano.lavocedelpaese.info\/index.php\/2013\/08\/03\/festa-patronale-terza-girnata-i-discorsi-di-ieri-le-autorita-presenti\/","url":"https:\/\/archiviocassano.lavocedelpaese.info\/index.php\/2013\/08\/03\/festa-patronale-terza-girnata-i-discorsi-di-ieri-le-autorita-presenti\/","name":"Festa Patronale: terza giornata. Un arresto durante la Processione - Archivio CassanoWeb","isPartOf":{"@id":"https:\/\/archiviocassano.lavocedelpaese.info\/#website"},"datePublished":"2013-08-03T07:48:43+00:00","breadcrumb":{"@id":"https:\/\/archiviocassano.lavocedelpaese.info\/index.php\/2013\/08\/03\/festa-patronale-terza-girnata-i-discorsi-di-ieri-le-autorita-presenti\/#breadcrumb"},"inLanguage":"it-IT","potentialAction":[{"@type":"ReadAction","target":["https:\/\/archiviocassano.lavocedelpaese.info\/index.php\/2013\/08\/03\/festa-patronale-terza-girnata-i-discorsi-di-ieri-le-autorita-presenti\/"]}]},{"@type":"BreadcrumbList","@id":"https:\/\/archiviocassano.lavocedelpaese.info\/index.php\/2013\/08\/03\/festa-patronale-terza-girnata-i-discorsi-di-ieri-le-autorita-presenti\/#breadcrumb","itemListElement":[{"@type":"ListItem","position":1,"name":"Home","item":"https:\/\/archiviocassano.lavocedelpaese.info\/"},{"@type":"ListItem","position":2,"name":"Festa Patronale: terza giornata. Un arresto durante la Processione"}]},{"@type":"WebSite","@id":"https:\/\/archiviocassano.lavocedelpaese.info\/#website","url":"https:\/\/archiviocassano.lavocedelpaese.info\/","name":"Archivio CassanoWeb","description":"La Voce del Paese - un network di idee","publisher":{"@id":"https:\/\/archiviocassano.lavocedelpaese.info\/#organization"},"potentialAction":[{"@type":"SearchAction","target":{"@type":"EntryPoint","urlTemplate":"https:\/\/archiviocassano.lavocedelpaese.info\/?s={search_term_string}"},"query-input":{"@type":"PropertyValueSpecification","valueRequired":true,"valueName":"search_term_string"}}],"inLanguage":"it-IT"},{"@type":"Organization","@id":"https:\/\/archiviocassano.lavocedelpaese.info\/#organization","name":"Archivio CassanoWeb","url":"https:\/\/archiviocassano.lavocedelpaese.info\/","logo":{"@type":"ImageObject","inLanguage":"it-IT","@id":"https:\/\/archiviocassano.lavocedelpaese.info\/#\/schema\/logo\/image\/","url":"https:\/\/archiviocassano.lavocedelpaese.info\/wp-content\/uploads\/2024\/08\/logo-rosso-2.png","contentUrl":"https:\/\/archiviocassano.lavocedelpaese.info\/wp-content\/uploads\/2024\/08\/logo-rosso-2.png","width":491,"height":432,"caption":"Archivio CassanoWeb"},"image":{"@id":"https:\/\/archiviocassano.lavocedelpaese.info\/#\/schema\/logo\/image\/"},"sameAs":["https:\/\/www.facebook.com\/redazione.cassanoweb"]},{"@type":"Person","@id":"https:\/\/archiviocassano.lavocedelpaese.info\/#\/schema\/person\/df195bc79a9b4c35127cf005f92e041b","name":"admin","image":{"@type":"ImageObject","inLanguage":"it-IT","@id":"https:\/\/secure.gravatar.com\/avatar\/eabba89a432e8eaa1b0207cc55f7e5340b22712b1ed80677efcf63e02ff5b235?s=96&d=mm&r=g","url":"https:\/\/secure.gravatar.com\/avatar\/eabba89a432e8eaa1b0207cc55f7e5340b22712b1ed80677efcf63e02ff5b235?s=96&d=mm&r=g","contentUrl":"https:\/\/secure.gravatar.com\/avatar\/eabba89a432e8eaa1b0207cc55f7e5340b22712b1ed80677efcf63e02ff5b235?s=96&d=mm&r=g","caption":"admin"},"sameAs":["https:\/\/archiviocassano.lavocedelpaese.info"],"url":"https:\/\/archiviocassano.lavocedelpaese.info\/index.php\/author\/admin_0qgz1xdp\/"}]}},"_links":{"self":[{"href":"https:\/\/archiviocassano.lavocedelpaese.info\/index.php\/wp-json\/wp\/v2\/posts\/7921","targetHints":{"allow":["GET"]}}],"collection":[{"href":"https:\/\/archiviocassano.lavocedelpaese.info\/index.php\/wp-json\/wp\/v2\/posts"}],"about":[{"href":"https:\/\/archiviocassano.lavocedelpaese.info\/index.php\/wp-json\/wp\/v2\/types\/post"}],"author":[{"embeddable":true,"href":"https:\/\/archiviocassano.lavocedelpaese.info\/index.php\/wp-json\/wp\/v2\/users\/1"}],"replies":[{"embeddable":true,"href":"https:\/\/archiviocassano.lavocedelpaese.info\/index.php\/wp-json\/wp\/v2\/comments?post=7921"}],"version-history":[{"count":0,"href":"https:\/\/archiviocassano.lavocedelpaese.info\/index.php\/wp-json\/wp\/v2\/posts\/7921\/revisions"}],"wp:attachment":[{"href":"https:\/\/archiviocassano.lavocedelpaese.info\/index.php\/wp-json\/wp\/v2\/media?parent=7921"}],"wp:term":[{"taxonomy":"category","embeddable":true,"href":"https:\/\/archiviocassano.lavocedelpaese.info\/index.php\/wp-json\/wp\/v2\/categories?post=7921"},{"taxonomy":"post_tag","embeddable":true,"href":"https:\/\/archiviocassano.lavocedelpaese.info\/index.php\/wp-json\/wp\/v2\/tags?post=7921"}],"curies":[{"name":"wp","href":"https:\/\/api.w.org\/{rel}","templated":true}]}}