{"id":7939,"date":"2013-08-06T15:07:22","date_gmt":"2013-08-06T15:07:22","guid":{"rendered":"https:\/\/archiviocassano.lavocedelpaese.info\/index.php\/2013\/08\/06\/progetto-qlameq-la-regione\/"},"modified":"2013-08-06T15:07:22","modified_gmt":"2013-08-06T15:07:22","slug":"progetto-qlameq-la-regione","status":"publish","type":"post","link":"https:\/\/archiviocassano.lavocedelpaese.info\/index.php\/2013\/08\/06\/progetto-qlameq-la-regione\/","title":{"rendered":"Progetto &#8220;Lame&#8221;, la Regione al Comune: valutate se sospendere"},"content":{"rendered":"<p style=\"text-align: justify;\"><img loading=\"lazy\" decoding=\"async\" class=\" size-full wp-image-7812\" alt=\"Le querce secolari a rischio\" src=\"https:\/\/archiviocassano.lavocedelpaese.info\/wp-content\/uploads\/2013\/06\/Le_querce_secolari_a_rischio.jpg\" height=\"150\" width=\"320\" \/><\/p>\n<p><!--more--><\/p>\n<p style=\"text-align: justify;\">Nuovo capitolo del Progetto \u201cLame\u201d, opera di protezione idraulica di una parte dell\u2019abitato cassanese finanziata con fondi europei , che sta contrapponendo il Comune di Cassano delle Murge al Comitato Cittadino \u201cLamafutura\u201d, composto da residenti nella zona dell\u2019intervento (via Santeramo, via Colamonico e strade limitrofe) ma anche da altre decine di cittadini cassanesi contrari a questo tipo di intervento.<\/p>\n<p style=\"text-align: justify;\">Con una lettera protocollata lo scorso 30 luglio al Comune, la Regione Puglia (Servizio Assetto del Territorio) chiede all\u2019amministrazione comunale cassanese <i>\u201cdi valutare l\u2019opportunit\u00e0 di ritirare in autotutela la chiusura positiva della conferenza dei servizi e di conseguenza l\u2019Autorizzazione Paesaggistica implicitamente rilasciata in senso alla stessa\u201d.<\/i><\/p>\n<p style=\"text-align: justify;\">Per la Regione, cio\u00e8, il progetto, a questo punto, sarebbe carente di un importante documento qual \u00e8 appunto l\u2019Autorizzazione Paesaggistica poich\u00e9 la realizzazione dell\u2019opera va a modificare parti del territorio.<\/p>\n<p style=\"text-align: justify;\">La lettera della Regione prende in riferimento sia le denunce presentate sul caso dal gruppo consiliare \u201cNuova Ideadomani\u201d che quelle del Comitato \u201cLamafutura\u201d: entrambe evidenziano, spiegano gli uffici baresi, notevoli modificazioni del paesaggio, del territorio e dei luoghi che avrebbero richiesto specifici pareri che invece non sono stati richiesti poich\u00e9 ritenuti non vincolanti.<\/p>\n<p style=\"text-align: justify;\">La Regione gi\u00e0 nello scorso giugno si era interessata alla vicenda: a firma della Dirigente Maria Raffaella Lamacchia, un fax del 25\/06\/2013 dice che <em>\u201callo stato nessuna comunicazione ufficiale di chiarimento n\u00e9 trasmissione di elaborati progettuali \u00e8 pervenuta dall\u2019Amministrazione Comunale in merito ai rilievi evidenziati\u201d<\/em> e che <em>\u201csi rinnova la richiesta all\u2019Amministrazione Comunale di chiarire il procedimento relativo all\u2019Autorizzazione Paesaggistica dell\u2019opera in oggetto con specifico riferimento alla verifica della coerenza con le Norme Tecniche di Attuazione del PUTT\/p\u201d<\/em>.<\/p>\n<p style=\"text-align: justify;\">In pi\u00f9, gli uffici regionali affermano che \u201c<em>questo Servizio non risulta mai essere stato convocato alla Conferenza di Servizi\u201d<\/em> istituita presso il Comune cassanese.<\/p>\n<p style=\"text-align: justify;\">Insomma, dice la Regione: <strong>del progetto e delle valutazioni che a noi spettano non ne sappiamo niente<\/strong>. E invita il Comune di Cassano a fornire spiegazioni. Tanto \u00e8 bastato a Santorsola per fargli scrivere \u201cLame, scende in campo la Regione\u201d.<\/p>\n<p style=\"text-align: justify;\">Ma non era cos\u00ec.<\/p>\n<p style=\"text-align: justify;\">Dall\u2019Ufficio Tecnico Comunale, a stretto giro di posta (ovvero il giorno dopo la divulgazione della richiesta della Lamacchia), parte <strong>un plico che contiene la ricevuta della ricezione dei dati (inviati tramite posta certificata<\/strong>) che il Comune ha inviato alla regione riguardanti \u201cl\u2019Autorizzazione Paesaggistica\u201d del progetto e la ricevuta \u00e8 firmata proprio dalla Lamacchia. Questo foglio, cio\u00e8, conferma la ricezione dei dati della pratica, per quel che \u00e8 di sua competenza, del Progetto \u201cLame\u201d. In pi\u00f9 il capo dell\u2019Ufficio Tecnico cassanese, <strong>l\u2019ing. Mimmo Petruzzellis<\/strong> spiega alla Regione che la stessa non \u00e8 stata invitata alla Conferenza dei Servizi \u201c<em>in quanto per le zone interessate dal progetto e per il tipo di opera non si prevedeva necessaria alcuna variante al PUTT\/paesaggio\u201d.<\/em><\/p>\n<p style=\"text-align: justify;\">La Regione, dunque, non c\u2019era a quella Conferenza perch\u00e9 non aveva motivo di esserci, affermano in Comune.<\/p>\n<p style=\"text-align: justify;\">Uno dei tanti misteri-contraddizioni di questa intricata vicenda \u201cLame\u201d\u2026.<\/p>\n<p>Vedremo, adesso, quale sar\u00e0 la risposta del Comune di Cassano.<\/p>\n<p>Di seguito, il testo della lettera:<\/p>\n<p><img loading=\"lazy\" decoding=\"async\" class=\" size-full wp-image-7935\" style=\"margin-right: auto; margin-left: auto; display: block;\" alt=\"slide-1-1024\" src=\"https:\/\/archiviocassano.lavocedelpaese.info\/wp-content\/uploads\/2013\/08\/slide-1-1024.jpg\" height=\"848\" width=\"600\" srcset=\"https:\/\/archiviocassano.lavocedelpaese.info\/wp-content\/uploads\/2013\/08\/slide-1-1024.jpg 1024w, https:\/\/archiviocassano.lavocedelpaese.info\/wp-content\/uploads\/2013\/08\/slide-1-1024-212x300.jpg 212w, https:\/\/archiviocassano.lavocedelpaese.info\/wp-content\/uploads\/2013\/08\/slide-1-1024-724x1024.jpg 724w, https:\/\/archiviocassano.lavocedelpaese.info\/wp-content\/uploads\/2013\/08\/slide-1-1024-768x1086.jpg 768w\" sizes=\"auto, (max-width: 600px) 100vw, 600px\" \/><img loading=\"lazy\" decoding=\"async\" class=\" size-full wp-image-7936\" style=\"margin-right: auto; margin-left: auto; display: block;\" alt=\"slide-2-1024\" src=\"https:\/\/archiviocassano.lavocedelpaese.info\/wp-content\/uploads\/2013\/08\/slide-2-1024.jpg\" height=\"848\" width=\"600\" srcset=\"https:\/\/archiviocassano.lavocedelpaese.info\/wp-content\/uploads\/2013\/08\/slide-2-1024.jpg 1024w, https:\/\/archiviocassano.lavocedelpaese.info\/wp-content\/uploads\/2013\/08\/slide-2-1024-212x300.jpg 212w, https:\/\/archiviocassano.lavocedelpaese.info\/wp-content\/uploads\/2013\/08\/slide-2-1024-724x1024.jpg 724w, https:\/\/archiviocassano.lavocedelpaese.info\/wp-content\/uploads\/2013\/08\/slide-2-1024-768x1086.jpg 768w\" sizes=\"auto, (max-width: 600px) 100vw, 600px\" \/><img loading=\"lazy\" decoding=\"async\" class=\" size-full wp-image-7937\" style=\"margin-right: auto; margin-left: auto; display: block;\" alt=\"slide-3-1024\" src=\"https:\/\/archiviocassano.lavocedelpaese.info\/wp-content\/uploads\/2013\/08\/slide-3-1024.jpg\" height=\"848\" width=\"600\" srcset=\"https:\/\/archiviocassano.lavocedelpaese.info\/wp-content\/uploads\/2013\/08\/slide-3-1024.jpg 1024w, https:\/\/archiviocassano.lavocedelpaese.info\/wp-content\/uploads\/2013\/08\/slide-3-1024-212x300.jpg 212w, https:\/\/archiviocassano.lavocedelpaese.info\/wp-content\/uploads\/2013\/08\/slide-3-1024-724x1024.jpg 724w, https:\/\/archiviocassano.lavocedelpaese.info\/wp-content\/uploads\/2013\/08\/slide-3-1024-768x1086.jpg 768w\" sizes=\"auto, (max-width: 600px) 100vw, 600px\" \/><\/p>\n<p style=\"text-align: center;\"><img loading=\"lazy\" decoding=\"async\" class=\" size-full wp-image-7938\" style=\"margin-right: 2px; margin-left: 2px;\" alt=\"slide-4-1024\" src=\"https:\/\/archiviocassano.lavocedelpaese.info\/wp-content\/uploads\/2013\/08\/slide-4-1024.jpg\" height=\"848\" width=\"600\" srcset=\"https:\/\/archiviocassano.lavocedelpaese.info\/wp-content\/uploads\/2013\/08\/slide-4-1024.jpg 1024w, https:\/\/archiviocassano.lavocedelpaese.info\/wp-content\/uploads\/2013\/08\/slide-4-1024-212x300.jpg 212w, https:\/\/archiviocassano.lavocedelpaese.info\/wp-content\/uploads\/2013\/08\/slide-4-1024-724x1024.jpg 724w, https:\/\/archiviocassano.lavocedelpaese.info\/wp-content\/uploads\/2013\/08\/slide-4-1024-768x1086.jpg 768w\" sizes=\"auto, (max-width: 600px) 100vw, 600px\" \/><\/p>\n<p>&nbsp;<\/p>\n","protected":false},"excerpt":{"rendered":"","protected":false},"author":1,"featured_media":7812,"comment_status":"open","ping_status":"closed","sticky":false,"template":"","format":"standard","meta":{"colormag_page_container_layout":"default_layout","colormag_page_sidebar_layout":"default_layout","footnotes":""},"categories":[7],"tags":[],"class_list":["post-7939","post","type-post","status-publish","format-standard","has-post-thumbnail","hentry","category-attualita"],"yoast_head":"<!-- This site is optimized with the Yoast SEO plugin v27.5 - https:\/\/yoast.com\/product\/yoast-seo-wordpress\/ -->\n<title>Progetto &quot;Lame&quot;, la Regione al Comune: valutate se sospendere - Archivio CassanoWeb<\/title>\n<meta name=\"robots\" content=\"index, follow, max-snippet:-1, max-image-preview:large, max-video-preview:-1\" \/>\n<link rel=\"canonical\" href=\"https:\/\/archiviocassano.lavocedelpaese.info\/index.php\/2013\/08\/06\/progetto-qlameq-la-regione\/\" \/>\n<meta property=\"og:locale\" content=\"it_IT\" \/>\n<meta property=\"og:type\" content=\"article\" \/>\n<meta property=\"og:title\" content=\"Progetto &quot;Lame&quot;, la Regione al Comune: valutate se sospendere - Archivio CassanoWeb\" \/>\n<meta property=\"og:url\" content=\"https:\/\/archiviocassano.lavocedelpaese.info\/index.php\/2013\/08\/06\/progetto-qlameq-la-regione\/\" \/>\n<meta property=\"og:site_name\" content=\"Archivio CassanoWeb\" \/>\n<meta property=\"article:publisher\" content=\"https:\/\/www.facebook.com\/redazione.cassanoweb\" \/>\n<meta property=\"article:published_time\" content=\"2013-08-06T15:07:22+00:00\" \/>\n<meta property=\"og:image\" content=\"https:\/\/archiviocassano.lavocedelpaese.info\/wp-content\/uploads\/2013\/06\/Le_querce_secolari_a_rischio.jpg\" \/>\n\t<meta property=\"og:image:width\" content=\"600\" \/>\n\t<meta property=\"og:image:height\" content=\"320\" \/>\n\t<meta property=\"og:image:type\" content=\"image\/jpeg\" \/>\n<meta name=\"author\" content=\"admin\" \/>\n<meta name=\"twitter:card\" content=\"summary_large_image\" \/>\n<meta name=\"twitter:label1\" content=\"Scritto da\" \/>\n\t<meta name=\"twitter:data1\" content=\"admin\" \/>\n\t<meta name=\"twitter:label2\" content=\"Tempo di lettura stimato\" \/>\n\t<meta name=\"twitter:data2\" content=\"3 minuti\" \/>\n<script type=\"application\/ld+json\" class=\"yoast-schema-graph\">{\"@context\":\"https:\\\/\\\/schema.org\",\"@graph\":[{\"@type\":\"Article\",\"@id\":\"https:\\\/\\\/archiviocassano.lavocedelpaese.info\\\/index.php\\\/2013\\\/08\\\/06\\\/progetto-qlameq-la-regione\\\/#article\",\"isPartOf\":{\"@id\":\"https:\\\/\\\/archiviocassano.lavocedelpaese.info\\\/index.php\\\/2013\\\/08\\\/06\\\/progetto-qlameq-la-regione\\\/\"},\"author\":{\"name\":\"admin\",\"@id\":\"https:\\\/\\\/archiviocassano.lavocedelpaese.info\\\/#\\\/schema\\\/person\\\/df195bc79a9b4c35127cf005f92e041b\"},\"headline\":\"Progetto &#8220;Lame&#8221;, la Regione al Comune: valutate se sospendere\",\"datePublished\":\"2013-08-06T15:07:22+00:00\",\"mainEntityOfPage\":{\"@id\":\"https:\\\/\\\/archiviocassano.lavocedelpaese.info\\\/index.php\\\/2013\\\/08\\\/06\\\/progetto-qlameq-la-regione\\\/\"},\"wordCount\":514,\"commentCount\":0,\"publisher\":{\"@id\":\"https:\\\/\\\/archiviocassano.lavocedelpaese.info\\\/#organization\"},\"image\":{\"@id\":\"https:\\\/\\\/archiviocassano.lavocedelpaese.info\\\/index.php\\\/2013\\\/08\\\/06\\\/progetto-qlameq-la-regione\\\/#primaryimage\"},\"thumbnailUrl\":\"https:\\\/\\\/archiviocassano.lavocedelpaese.info\\\/wp-content\\\/uploads\\\/2013\\\/06\\\/Le_querce_secolari_a_rischio.jpg\",\"articleSection\":[\"Attualit\u00e0\"],\"inLanguage\":\"it-IT\",\"potentialAction\":[{\"@type\":\"CommentAction\",\"name\":\"Comment\",\"target\":[\"https:\\\/\\\/archiviocassano.lavocedelpaese.info\\\/index.php\\\/2013\\\/08\\\/06\\\/progetto-qlameq-la-regione\\\/#respond\"]}]},{\"@type\":\"WebPage\",\"@id\":\"https:\\\/\\\/archiviocassano.lavocedelpaese.info\\\/index.php\\\/2013\\\/08\\\/06\\\/progetto-qlameq-la-regione\\\/\",\"url\":\"https:\\\/\\\/archiviocassano.lavocedelpaese.info\\\/index.php\\\/2013\\\/08\\\/06\\\/progetto-qlameq-la-regione\\\/\",\"name\":\"Progetto \\\"Lame\\\", la Regione al Comune: valutate se sospendere - Archivio CassanoWeb\",\"isPartOf\":{\"@id\":\"https:\\\/\\\/archiviocassano.lavocedelpaese.info\\\/#website\"},\"primaryImageOfPage\":{\"@id\":\"https:\\\/\\\/archiviocassano.lavocedelpaese.info\\\/index.php\\\/2013\\\/08\\\/06\\\/progetto-qlameq-la-regione\\\/#primaryimage\"},\"image\":{\"@id\":\"https:\\\/\\\/archiviocassano.lavocedelpaese.info\\\/index.php\\\/2013\\\/08\\\/06\\\/progetto-qlameq-la-regione\\\/#primaryimage\"},\"thumbnailUrl\":\"https:\\\/\\\/archiviocassano.lavocedelpaese.info\\\/wp-content\\\/uploads\\\/2013\\\/06\\\/Le_querce_secolari_a_rischio.jpg\",\"datePublished\":\"2013-08-06T15:07:22+00:00\",\"breadcrumb\":{\"@id\":\"https:\\\/\\\/archiviocassano.lavocedelpaese.info\\\/index.php\\\/2013\\\/08\\\/06\\\/progetto-qlameq-la-regione\\\/#breadcrumb\"},\"inLanguage\":\"it-IT\",\"potentialAction\":[{\"@type\":\"ReadAction\",\"target\":[\"https:\\\/\\\/archiviocassano.lavocedelpaese.info\\\/index.php\\\/2013\\\/08\\\/06\\\/progetto-qlameq-la-regione\\\/\"]}]},{\"@type\":\"ImageObject\",\"inLanguage\":\"it-IT\",\"@id\":\"https:\\\/\\\/archiviocassano.lavocedelpaese.info\\\/index.php\\\/2013\\\/08\\\/06\\\/progetto-qlameq-la-regione\\\/#primaryimage\",\"url\":\"https:\\\/\\\/archiviocassano.lavocedelpaese.info\\\/wp-content\\\/uploads\\\/2013\\\/06\\\/Le_querce_secolari_a_rischio.jpg\",\"contentUrl\":\"https:\\\/\\\/archiviocassano.lavocedelpaese.info\\\/wp-content\\\/uploads\\\/2013\\\/06\\\/Le_querce_secolari_a_rischio.jpg\",\"width\":600,\"height\":320,\"caption\":\"Le querce secolari a rischio\"},{\"@type\":\"BreadcrumbList\",\"@id\":\"https:\\\/\\\/archiviocassano.lavocedelpaese.info\\\/index.php\\\/2013\\\/08\\\/06\\\/progetto-qlameq-la-regione\\\/#breadcrumb\",\"itemListElement\":[{\"@type\":\"ListItem\",\"position\":1,\"name\":\"Home\",\"item\":\"https:\\\/\\\/archiviocassano.lavocedelpaese.info\\\/\"},{\"@type\":\"ListItem\",\"position\":2,\"name\":\"Progetto &#8220;Lame&#8221;, la Regione al Comune: valutate se sospendere\"}]},{\"@type\":\"WebSite\",\"@id\":\"https:\\\/\\\/archiviocassano.lavocedelpaese.info\\\/#website\",\"url\":\"https:\\\/\\\/archiviocassano.lavocedelpaese.info\\\/\",\"name\":\"Archivio CassanoWeb\",\"description\":\"La Voce del Paese - un network di idee\",\"publisher\":{\"@id\":\"https:\\\/\\\/archiviocassano.lavocedelpaese.info\\\/#organization\"},\"potentialAction\":[{\"@type\":\"SearchAction\",\"target\":{\"@type\":\"EntryPoint\",\"urlTemplate\":\"https:\\\/\\\/archiviocassano.lavocedelpaese.info\\\/?s={search_term_string}\"},\"query-input\":{\"@type\":\"PropertyValueSpecification\",\"valueRequired\":true,\"valueName\":\"search_term_string\"}}],\"inLanguage\":\"it-IT\"},{\"@type\":\"Organization\",\"@id\":\"https:\\\/\\\/archiviocassano.lavocedelpaese.info\\\/#organization\",\"name\":\"Archivio CassanoWeb\",\"url\":\"https:\\\/\\\/archiviocassano.lavocedelpaese.info\\\/\",\"logo\":{\"@type\":\"ImageObject\",\"inLanguage\":\"it-IT\",\"@id\":\"https:\\\/\\\/archiviocassano.lavocedelpaese.info\\\/#\\\/schema\\\/logo\\\/image\\\/\",\"url\":\"https:\\\/\\\/archiviocassano.lavocedelpaese.info\\\/wp-content\\\/uploads\\\/2024\\\/08\\\/logo-rosso-2.png\",\"contentUrl\":\"https:\\\/\\\/archiviocassano.lavocedelpaese.info\\\/wp-content\\\/uploads\\\/2024\\\/08\\\/logo-rosso-2.png\",\"width\":491,\"height\":432,\"caption\":\"Archivio CassanoWeb\"},\"image\":{\"@id\":\"https:\\\/\\\/archiviocassano.lavocedelpaese.info\\\/#\\\/schema\\\/logo\\\/image\\\/\"},\"sameAs\":[\"https:\\\/\\\/www.facebook.com\\\/redazione.cassanoweb\"]},{\"@type\":\"Person\",\"@id\":\"https:\\\/\\\/archiviocassano.lavocedelpaese.info\\\/#\\\/schema\\\/person\\\/df195bc79a9b4c35127cf005f92e041b\",\"name\":\"admin\",\"image\":{\"@type\":\"ImageObject\",\"inLanguage\":\"it-IT\",\"@id\":\"https:\\\/\\\/secure.gravatar.com\\\/avatar\\\/eabba89a432e8eaa1b0207cc55f7e5340b22712b1ed80677efcf63e02ff5b235?s=96&d=mm&r=g\",\"url\":\"https:\\\/\\\/secure.gravatar.com\\\/avatar\\\/eabba89a432e8eaa1b0207cc55f7e5340b22712b1ed80677efcf63e02ff5b235?s=96&d=mm&r=g\",\"contentUrl\":\"https:\\\/\\\/secure.gravatar.com\\\/avatar\\\/eabba89a432e8eaa1b0207cc55f7e5340b22712b1ed80677efcf63e02ff5b235?s=96&d=mm&r=g\",\"caption\":\"admin\"},\"sameAs\":[\"https:\\\/\\\/archiviocassano.lavocedelpaese.info\"],\"url\":\"https:\\\/\\\/archiviocassano.lavocedelpaese.info\\\/index.php\\\/author\\\/admin_0qgz1xdp\\\/\"}]}<\/script>\n<!-- \/ Yoast SEO plugin. -->","yoast_head_json":{"title":"Progetto \"Lame\", la Regione al Comune: valutate se sospendere - Archivio CassanoWeb","robots":{"index":"index","follow":"follow","max-snippet":"max-snippet:-1","max-image-preview":"max-image-preview:large","max-video-preview":"max-video-preview:-1"},"canonical":"https:\/\/archiviocassano.lavocedelpaese.info\/index.php\/2013\/08\/06\/progetto-qlameq-la-regione\/","og_locale":"it_IT","og_type":"article","og_title":"Progetto \"Lame\", la Regione al Comune: valutate se sospendere - Archivio CassanoWeb","og_url":"https:\/\/archiviocassano.lavocedelpaese.info\/index.php\/2013\/08\/06\/progetto-qlameq-la-regione\/","og_site_name":"Archivio CassanoWeb","article_publisher":"https:\/\/www.facebook.com\/redazione.cassanoweb","article_published_time":"2013-08-06T15:07:22+00:00","og_image":[{"width":600,"height":320,"url":"https:\/\/archiviocassano.lavocedelpaese.info\/wp-content\/uploads\/2013\/06\/Le_querce_secolari_a_rischio.jpg","type":"image\/jpeg"}],"author":"admin","twitter_card":"summary_large_image","twitter_misc":{"Scritto da":"admin","Tempo di lettura stimato":"3 minuti"},"schema":{"@context":"https:\/\/schema.org","@graph":[{"@type":"Article","@id":"https:\/\/archiviocassano.lavocedelpaese.info\/index.php\/2013\/08\/06\/progetto-qlameq-la-regione\/#article","isPartOf":{"@id":"https:\/\/archiviocassano.lavocedelpaese.info\/index.php\/2013\/08\/06\/progetto-qlameq-la-regione\/"},"author":{"name":"admin","@id":"https:\/\/archiviocassano.lavocedelpaese.info\/#\/schema\/person\/df195bc79a9b4c35127cf005f92e041b"},"headline":"Progetto &#8220;Lame&#8221;, la Regione al Comune: valutate se sospendere","datePublished":"2013-08-06T15:07:22+00:00","mainEntityOfPage":{"@id":"https:\/\/archiviocassano.lavocedelpaese.info\/index.php\/2013\/08\/06\/progetto-qlameq-la-regione\/"},"wordCount":514,"commentCount":0,"publisher":{"@id":"https:\/\/archiviocassano.lavocedelpaese.info\/#organization"},"image":{"@id":"https:\/\/archiviocassano.lavocedelpaese.info\/index.php\/2013\/08\/06\/progetto-qlameq-la-regione\/#primaryimage"},"thumbnailUrl":"https:\/\/archiviocassano.lavocedelpaese.info\/wp-content\/uploads\/2013\/06\/Le_querce_secolari_a_rischio.jpg","articleSection":["Attualit\u00e0"],"inLanguage":"it-IT","potentialAction":[{"@type":"CommentAction","name":"Comment","target":["https:\/\/archiviocassano.lavocedelpaese.info\/index.php\/2013\/08\/06\/progetto-qlameq-la-regione\/#respond"]}]},{"@type":"WebPage","@id":"https:\/\/archiviocassano.lavocedelpaese.info\/index.php\/2013\/08\/06\/progetto-qlameq-la-regione\/","url":"https:\/\/archiviocassano.lavocedelpaese.info\/index.php\/2013\/08\/06\/progetto-qlameq-la-regione\/","name":"Progetto \"Lame\", la Regione al Comune: valutate se sospendere - Archivio CassanoWeb","isPartOf":{"@id":"https:\/\/archiviocassano.lavocedelpaese.info\/#website"},"primaryImageOfPage":{"@id":"https:\/\/archiviocassano.lavocedelpaese.info\/index.php\/2013\/08\/06\/progetto-qlameq-la-regione\/#primaryimage"},"image":{"@id":"https:\/\/archiviocassano.lavocedelpaese.info\/index.php\/2013\/08\/06\/progetto-qlameq-la-regione\/#primaryimage"},"thumbnailUrl":"https:\/\/archiviocassano.lavocedelpaese.info\/wp-content\/uploads\/2013\/06\/Le_querce_secolari_a_rischio.jpg","datePublished":"2013-08-06T15:07:22+00:00","breadcrumb":{"@id":"https:\/\/archiviocassano.lavocedelpaese.info\/index.php\/2013\/08\/06\/progetto-qlameq-la-regione\/#breadcrumb"},"inLanguage":"it-IT","potentialAction":[{"@type":"ReadAction","target":["https:\/\/archiviocassano.lavocedelpaese.info\/index.php\/2013\/08\/06\/progetto-qlameq-la-regione\/"]}]},{"@type":"ImageObject","inLanguage":"it-IT","@id":"https:\/\/archiviocassano.lavocedelpaese.info\/index.php\/2013\/08\/06\/progetto-qlameq-la-regione\/#primaryimage","url":"https:\/\/archiviocassano.lavocedelpaese.info\/wp-content\/uploads\/2013\/06\/Le_querce_secolari_a_rischio.jpg","contentUrl":"https:\/\/archiviocassano.lavocedelpaese.info\/wp-content\/uploads\/2013\/06\/Le_querce_secolari_a_rischio.jpg","width":600,"height":320,"caption":"Le querce secolari a rischio"},{"@type":"BreadcrumbList","@id":"https:\/\/archiviocassano.lavocedelpaese.info\/index.php\/2013\/08\/06\/progetto-qlameq-la-regione\/#breadcrumb","itemListElement":[{"@type":"ListItem","position":1,"name":"Home","item":"https:\/\/archiviocassano.lavocedelpaese.info\/"},{"@type":"ListItem","position":2,"name":"Progetto &#8220;Lame&#8221;, la Regione al Comune: valutate se sospendere"}]},{"@type":"WebSite","@id":"https:\/\/archiviocassano.lavocedelpaese.info\/#website","url":"https:\/\/archiviocassano.lavocedelpaese.info\/","name":"Archivio CassanoWeb","description":"La Voce del Paese - un network di idee","publisher":{"@id":"https:\/\/archiviocassano.lavocedelpaese.info\/#organization"},"potentialAction":[{"@type":"SearchAction","target":{"@type":"EntryPoint","urlTemplate":"https:\/\/archiviocassano.lavocedelpaese.info\/?s={search_term_string}"},"query-input":{"@type":"PropertyValueSpecification","valueRequired":true,"valueName":"search_term_string"}}],"inLanguage":"it-IT"},{"@type":"Organization","@id":"https:\/\/archiviocassano.lavocedelpaese.info\/#organization","name":"Archivio CassanoWeb","url":"https:\/\/archiviocassano.lavocedelpaese.info\/","logo":{"@type":"ImageObject","inLanguage":"it-IT","@id":"https:\/\/archiviocassano.lavocedelpaese.info\/#\/schema\/logo\/image\/","url":"https:\/\/archiviocassano.lavocedelpaese.info\/wp-content\/uploads\/2024\/08\/logo-rosso-2.png","contentUrl":"https:\/\/archiviocassano.lavocedelpaese.info\/wp-content\/uploads\/2024\/08\/logo-rosso-2.png","width":491,"height":432,"caption":"Archivio CassanoWeb"},"image":{"@id":"https:\/\/archiviocassano.lavocedelpaese.info\/#\/schema\/logo\/image\/"},"sameAs":["https:\/\/www.facebook.com\/redazione.cassanoweb"]},{"@type":"Person","@id":"https:\/\/archiviocassano.lavocedelpaese.info\/#\/schema\/person\/df195bc79a9b4c35127cf005f92e041b","name":"admin","image":{"@type":"ImageObject","inLanguage":"it-IT","@id":"https:\/\/secure.gravatar.com\/avatar\/eabba89a432e8eaa1b0207cc55f7e5340b22712b1ed80677efcf63e02ff5b235?s=96&d=mm&r=g","url":"https:\/\/secure.gravatar.com\/avatar\/eabba89a432e8eaa1b0207cc55f7e5340b22712b1ed80677efcf63e02ff5b235?s=96&d=mm&r=g","contentUrl":"https:\/\/secure.gravatar.com\/avatar\/eabba89a432e8eaa1b0207cc55f7e5340b22712b1ed80677efcf63e02ff5b235?s=96&d=mm&r=g","caption":"admin"},"sameAs":["https:\/\/archiviocassano.lavocedelpaese.info"],"url":"https:\/\/archiviocassano.lavocedelpaese.info\/index.php\/author\/admin_0qgz1xdp\/"}]}},"_links":{"self":[{"href":"https:\/\/archiviocassano.lavocedelpaese.info\/index.php\/wp-json\/wp\/v2\/posts\/7939","targetHints":{"allow":["GET"]}}],"collection":[{"href":"https:\/\/archiviocassano.lavocedelpaese.info\/index.php\/wp-json\/wp\/v2\/posts"}],"about":[{"href":"https:\/\/archiviocassano.lavocedelpaese.info\/index.php\/wp-json\/wp\/v2\/types\/post"}],"author":[{"embeddable":true,"href":"https:\/\/archiviocassano.lavocedelpaese.info\/index.php\/wp-json\/wp\/v2\/users\/1"}],"replies":[{"embeddable":true,"href":"https:\/\/archiviocassano.lavocedelpaese.info\/index.php\/wp-json\/wp\/v2\/comments?post=7939"}],"version-history":[{"count":0,"href":"https:\/\/archiviocassano.lavocedelpaese.info\/index.php\/wp-json\/wp\/v2\/posts\/7939\/revisions"}],"wp:featuredmedia":[{"embeddable":true,"href":"https:\/\/archiviocassano.lavocedelpaese.info\/index.php\/wp-json\/wp\/v2\/media\/7812"}],"wp:attachment":[{"href":"https:\/\/archiviocassano.lavocedelpaese.info\/index.php\/wp-json\/wp\/v2\/media?parent=7939"}],"wp:term":[{"taxonomy":"category","embeddable":true,"href":"https:\/\/archiviocassano.lavocedelpaese.info\/index.php\/wp-json\/wp\/v2\/categories?post=7939"},{"taxonomy":"post_tag","embeddable":true,"href":"https:\/\/archiviocassano.lavocedelpaese.info\/index.php\/wp-json\/wp\/v2\/tags?post=7939"}],"curies":[{"name":"wp","href":"https:\/\/api.w.org\/{rel}","templated":true}]}}