{"id":7988,"date":"2013-08-13T15:59:43","date_gmt":"2013-08-13T15:59:43","guid":{"rendered":"https:\/\/archiviocassano.lavocedelpaese.info\/index.php\/2013\/08\/13\/la-via-barigena-dei-rifiuti-ovvero-chi-non-vuole-fare-la-differenziata-se-ne-vada-da-cassano\/"},"modified":"2013-08-13T15:59:43","modified_gmt":"2013-08-13T15:59:43","slug":"la-via-barigena-dei-rifiuti-ovvero-chi-non-vuole-fare-la-differenziata-se-ne-vada-da-cassano","status":"publish","type":"post","link":"https:\/\/archiviocassano.lavocedelpaese.info\/index.php\/2013\/08\/13\/la-via-barigena-dei-rifiuti-ovvero-chi-non-vuole-fare-la-differenziata-se-ne-vada-da-cassano\/","title":{"rendered":"LA VIA BARIgena DEI RIFIUTI"},"content":{"rendered":"<p style=\"text-align: justify;\"><img loading=\"lazy\" decoding=\"async\" class=\" size-full wp-image-7983\" alt=\"rifiuti locorriere 1\" src=\"https:\/\/archiviocassano.lavocedelpaese.info\/wp-content\/uploads\/2013\/08\/rifiuti_locorriere_1.jpg\" height=\"150\" width=\"320\" srcset=\"https:\/\/archiviocassano.lavocedelpaese.info\/wp-content\/uploads\/2013\/08\/rifiuti_locorriere_1.jpg 640w, https:\/\/archiviocassano.lavocedelpaese.info\/wp-content\/uploads\/2013\/08\/rifiuti_locorriere_1-300x141.jpg 300w\" sizes=\"auto, (max-width: 320px) 100vw, 320px\" \/><\/p>\n<p><!--more--><\/p>\n<p style=\"text-align: justify; line-height: normal;\">Non \u00e8 un percorso religioso, n\u00e8 laico tantomeno naturalistico ; \u00e8 un percorso che appartiene ai tanti o pochi <b>sporcaccioni<\/b> che in questo periodo sono ospiti (francamente poco graditi) che bivaccano e stazionano sul territorio del nostro paese.<\/p>\n<p style=\"text-align: justify; line-height: normal;\">E\u2019 un percorso che parte dalla Foresta Mercadante in direzione Cassano, lungo i lati della strada, borgo dopo borgo arrivando a Cassano, continuando verso lo svincolo della zona artigianale in direzione di Bari .<\/p>\n<p style=\"text-align: justify; line-height: normal;\">Buste, bustoni di ogni tipo di rifiuto, bottiglie di plastica, vetro, avanzi di cibo, gusci di mitili, foglie secche, materassi , elettrodomestici\u2026ogni tipo di rifiuto che pu\u00f2 produrre ogni famiglia, che viene depositato ad ogni angolo, in ogni campo in modo sistematico e non episodico\u2026dir\u00f2 di pi\u00f9, addirittura tanto \u00e8 la sistematicit\u00e0 che gli sporcaccioni e incivili si sono creati delle vere e proprie \u201cisole ecologiche\u201da proprio uso e consumo dove ciclicamente oramai depositano sempre nello stesso punto i loro rifiuti.<\/p>\n<p style=\"text-align: justify; line-height: normal;\">&nbsp;<\/p>\n<p style=\"line-height: normal; text-align: center;\"><img loading=\"lazy\" decoding=\"async\" class=\" size-full wp-image-7984\" style=\"margin-right: 2px; margin-left: 2px;\" alt=\"rifiuti locorriere 2\" src=\"https:\/\/archiviocassano.lavocedelpaese.info\/wp-content\/uploads\/2013\/08\/rifiuti_locorriere_2.jpg\" height=\"281\" width=\"500\" srcset=\"https:\/\/archiviocassano.lavocedelpaese.info\/wp-content\/uploads\/2013\/08\/rifiuti_locorriere_2.jpg 500w, https:\/\/archiviocassano.lavocedelpaese.info\/wp-content\/uploads\/2013\/08\/rifiuti_locorriere_2-300x169.jpg 300w\" sizes=\"auto, (max-width: 500px) 100vw, 500px\" \/><\/p>\n<p style=\"text-align: justify; line-height: normal;\">CHI SONO?????<\/p>\n<p style=\"text-align: justify; line-height: normal;\">Il cittadino che ha <b>domicilio e che risiede<\/b> nella zona extraurbana come in quella urbana ha tutto l\u2019interesse e l\u2019impegno affinch\u00e9 &nbsp;la raccolta differenziata venga fatta e che tutto vada a buon fine ; peraltro si vedono i contenitori esposti all\u2019esterno delle abitazioni e residenze con regolarit\u00e0 e con altrettanta regolarit\u00e0 vengono ritirati dagli operatori ecologici secondo il programma stabilito; \u00e8 ovvio anche che ci saranno nel tempo da fare degli aggiustamenti e magari spingere ancora in avanti la differenziata, ma questo vale in tutte le attivit\u00e0 che coinvolgono pi\u00f9 soggetti e mostra un segno di civilt\u00e0 di una comunit\u00e0<\/p>\n<p style=\"text-align: justify; line-height: normal;\">sindaca, qui non c\u2019entra il boicottaggio da parte dei suoi avversari politici\u2026..lo sporcaccione \u00e8 trasversale\u2026 magari in percentuali diverse \u2026 come per chi evade!)<\/p>\n<p style=\"line-height: normal; text-align: center;\"><img loading=\"lazy\" decoding=\"async\" class=\" size-full wp-image-7985\" style=\"margin-right: 2px; margin-left: 2px;\" alt=\"rifiuti locorriere 3\" src=\"https:\/\/archiviocassano.lavocedelpaese.info\/wp-content\/uploads\/2013\/08\/rifiuti_locorriere_3.jpg\" height=\"285\" width=\"500\" srcset=\"https:\/\/archiviocassano.lavocedelpaese.info\/wp-content\/uploads\/2013\/08\/rifiuti_locorriere_3.jpg 500w, https:\/\/archiviocassano.lavocedelpaese.info\/wp-content\/uploads\/2013\/08\/rifiuti_locorriere_3-300x171.jpg 300w\" sizes=\"auto, (max-width: 500px) 100vw, 500px\" \/><\/p>\n<p style=\"text-align: justify; line-height: normal;\">CHI FA FINTA DI NON SAPERE CHE A CASSANO SIAMO IN REGIME DI RACCOLTA DIFFERENZIATA?????<\/p>\n<p style=\"text-align: justify; line-height: normal;\">Tutto o in parte quel popolo d\u2019incivili che siamo costretti a ospitare e che stazionano per periodi limitati o estivi , che hanno poco interesse e cura di questo territorio e che la raccolta differenziata \u00e8 un fastidio pi\u00f9 che un gesto di civilt\u00e0, dimostrando poco rispetto per questa comunit\u00e0, ammesso che ne abbia uno per la propria.<\/p>\n<p style=\"text-align: justify; line-height: normal;\"><span style=\"font-size: 14pt;\"><strong>Noi cittadini di Cassano vi chiediamo di ANDARE VIA DA QUESTO PAESE!!!<\/strong><\/span><\/p>\n<p style=\"text-align: justify; line-height: normal;\">Magari possono inventarsi degli alibi\u2026.. non lo sapevo?!<\/p>\n<p style=\"text-align: justify; line-height: normal;\">Magari si pu\u00f2 addossare la colpa ai randagi, ai cinghiali magari agli asini volanti\u2026..ma \u00e8 solo colpa delle bestie della razza umana.<\/p>\n<p style=\"text-align: justify; line-height: normal;\">Si \u00e8 vero che probabilmente \u00e8 venuta a mancare una pi\u00f9 incisiva e diffusa comunicazione, <b>dove era prevedibile una reazione negativa<\/b>, magari attraverso manifesti affissi direttamente in tutto il territorio extraurbano per meglio spiegare come e cosa significa raccolta differenziata,dove e come rivolgersi per ulteriori informazioni, e di questo magari l\u2019amministrazione comunale se ne poteva far carico\u2026\u2026.. ma non \u00e8 mai troppo tardi.<\/p>\n<p style=\"text-align: justify; line-height: normal;\">Si \u00e8 vero, avete proprio ragione nel comportarvi da <b>incivili e sporcaccioni,<\/b> perche alle prime e continuate segnalazioni, non \u00e8 seguito un attento e coordinato controllo del territorio da parte degli organi preposti \u2026<\/p>\n<p style=\"text-align: justify; line-height: normal;\"><span style=\"font-size: 14pt;\">Ma questo non pu\u00f2 essere l\u2019alibi per conservare e mantenere l\u2019abito di incivile e sporcaccione!<\/span><\/p>\n<p style=\"text-align: justify; line-height: normal;\"><span class=\"usercontent2\"><span style=\"color: #333333;\"><strong>Sindaco, assessore, polizia municipale, corpo forestale: la vostra inerzia sta permettendo tutto questo<\/strong>&#8230;.siamo stanchi di subire queste offese&#8230;.. tocca a voi intervenire perch\u00e9 \u00e8 vostro preciso dovere.<\/span><\/span><\/p>\n<p style=\"text-align: justify; line-height: normal;\"><span class=\"usercontent2\"><span style=\"color: #333333;\">Fino a quando questa gente rester\u00e0 impunita, continuer\u00e0 a sporcare la dignit\u00e0 di questo paese.<\/span><\/span><\/p>\n<p style=\"text-align: justify; line-height: normal;\"><span class=\"usercontent2\"><span style=\"color: #333333;\"><br \/><\/span><\/span><\/p>\n<p style=\"line-height: normal; text-align: center;\"><span class=\"usercontent2\"><span style=\"color: #333333;\"><img loading=\"lazy\" decoding=\"async\" class=\" size-full wp-image-7986\" style=\"margin-right: 2px; margin-left: 2px;\" alt=\"rifiuti locorriere 4\" src=\"https:\/\/archiviocassano.lavocedelpaese.info\/wp-content\/uploads\/2013\/08\/rifiuti_locorriere_4.jpg\" height=\"285\" width=\"500\" srcset=\"https:\/\/archiviocassano.lavocedelpaese.info\/wp-content\/uploads\/2013\/08\/rifiuti_locorriere_4.jpg 500w, https:\/\/archiviocassano.lavocedelpaese.info\/wp-content\/uploads\/2013\/08\/rifiuti_locorriere_4-300x171.jpg 300w\" sizes=\"auto, (max-width: 500px) 100vw, 500px\" \/><\/span><\/span><\/p>\n<p style=\"line-height: normal; text-align: center;\"><span class=\"usercontent2\"><span style=\"color: #333333;\"><br \/><\/span><\/span><\/p>\n<p style=\"line-height: normal; text-align: center;\"><span class=\"usercontent2\"><span style=\"color: #333333;\"><img loading=\"lazy\" decoding=\"async\" class=\" size-full wp-image-7987\" style=\"margin-right: 2px; margin-left: 2px;\" alt=\"rifiuti locorriere 5\" src=\"https:\/\/archiviocassano.lavocedelpaese.info\/wp-content\/uploads\/2013\/08\/rifiuti_locorriere_5.jpg\" height=\"500\" width=\"281\" srcset=\"https:\/\/archiviocassano.lavocedelpaese.info\/wp-content\/uploads\/2013\/08\/rifiuti_locorriere_5.jpg 281w, https:\/\/archiviocassano.lavocedelpaese.info\/wp-content\/uploads\/2013\/08\/rifiuti_locorriere_5-169x300.jpg 169w\" sizes=\"auto, (max-width: 281px) 100vw, 281px\" \/><\/span><\/span><\/p>\n<p>&nbsp;<\/p>\n","protected":false},"excerpt":{"rendered":"","protected":false},"author":1,"featured_media":7983,"comment_status":"open","ping_status":"closed","sticky":false,"template":"","format":"standard","meta":{"colormag_page_container_layout":"default_layout","colormag_page_sidebar_layout":"default_layout","footnotes":""},"categories":[9],"tags":[],"class_list":["post-7988","post","type-post","status-publish","format-standard","has-post-thumbnail","hentry","category-la-voce-del-paese"],"yoast_head":"<!-- This site is optimized with the Yoast SEO plugin v27.5 - https:\/\/yoast.com\/product\/yoast-seo-wordpress\/ -->\n<title>LA VIA BARIgena DEI RIFIUTI - Archivio CassanoWeb<\/title>\n<meta name=\"robots\" content=\"index, follow, max-snippet:-1, max-image-preview:large, max-video-preview:-1\" \/>\n<link rel=\"canonical\" href=\"https:\/\/archiviocassano.lavocedelpaese.info\/index.php\/2013\/08\/13\/la-via-barigena-dei-rifiuti-ovvero-chi-non-vuole-fare-la-differenziata-se-ne-vada-da-cassano\/\" \/>\n<meta property=\"og:locale\" content=\"it_IT\" \/>\n<meta property=\"og:type\" content=\"article\" \/>\n<meta property=\"og:title\" content=\"LA VIA BARIgena DEI RIFIUTI - Archivio CassanoWeb\" \/>\n<meta property=\"og:url\" content=\"https:\/\/archiviocassano.lavocedelpaese.info\/index.php\/2013\/08\/13\/la-via-barigena-dei-rifiuti-ovvero-chi-non-vuole-fare-la-differenziata-se-ne-vada-da-cassano\/\" \/>\n<meta property=\"og:site_name\" content=\"Archivio CassanoWeb\" \/>\n<meta property=\"article:publisher\" content=\"https:\/\/www.facebook.com\/redazione.cassanoweb\" \/>\n<meta property=\"article:published_time\" content=\"2013-08-13T15:59:43+00:00\" \/>\n<meta property=\"og:image\" content=\"https:\/\/archiviocassano.lavocedelpaese.info\/wp-content\/uploads\/2013\/08\/rifiuti_locorriere_1.jpg\" \/>\n\t<meta property=\"og:image:width\" content=\"640\" \/>\n\t<meta property=\"og:image:height\" content=\"300\" \/>\n\t<meta property=\"og:image:type\" content=\"image\/jpeg\" \/>\n<meta name=\"author\" content=\"admin\" \/>\n<meta name=\"twitter:card\" content=\"summary_large_image\" \/>\n<meta name=\"twitter:label1\" content=\"Scritto da\" \/>\n\t<meta name=\"twitter:data1\" content=\"admin\" \/>\n\t<meta name=\"twitter:label2\" content=\"Tempo di lettura stimato\" \/>\n\t<meta name=\"twitter:data2\" content=\"3 minuti\" \/>\n<script type=\"application\/ld+json\" class=\"yoast-schema-graph\">{\"@context\":\"https:\\\/\\\/schema.org\",\"@graph\":[{\"@type\":\"Article\",\"@id\":\"https:\\\/\\\/archiviocassano.lavocedelpaese.info\\\/index.php\\\/2013\\\/08\\\/13\\\/la-via-barigena-dei-rifiuti-ovvero-chi-non-vuole-fare-la-differenziata-se-ne-vada-da-cassano\\\/#article\",\"isPartOf\":{\"@id\":\"https:\\\/\\\/archiviocassano.lavocedelpaese.info\\\/index.php\\\/2013\\\/08\\\/13\\\/la-via-barigena-dei-rifiuti-ovvero-chi-non-vuole-fare-la-differenziata-se-ne-vada-da-cassano\\\/\"},\"author\":{\"name\":\"admin\",\"@id\":\"https:\\\/\\\/archiviocassano.lavocedelpaese.info\\\/#\\\/schema\\\/person\\\/df195bc79a9b4c35127cf005f92e041b\"},\"headline\":\"LA VIA BARIgena DEI RIFIUTI\",\"datePublished\":\"2013-08-13T15:59:43+00:00\",\"mainEntityOfPage\":{\"@id\":\"https:\\\/\\\/archiviocassano.lavocedelpaese.info\\\/index.php\\\/2013\\\/08\\\/13\\\/la-via-barigena-dei-rifiuti-ovvero-chi-non-vuole-fare-la-differenziata-se-ne-vada-da-cassano\\\/\"},\"wordCount\":551,\"commentCount\":0,\"publisher\":{\"@id\":\"https:\\\/\\\/archiviocassano.lavocedelpaese.info\\\/#organization\"},\"image\":{\"@id\":\"https:\\\/\\\/archiviocassano.lavocedelpaese.info\\\/index.php\\\/2013\\\/08\\\/13\\\/la-via-barigena-dei-rifiuti-ovvero-chi-non-vuole-fare-la-differenziata-se-ne-vada-da-cassano\\\/#primaryimage\"},\"thumbnailUrl\":\"https:\\\/\\\/archiviocassano.lavocedelpaese.info\\\/wp-content\\\/uploads\\\/2013\\\/08\\\/rifiuti_locorriere_1.jpg\",\"articleSection\":[\"La voce del paese\"],\"inLanguage\":\"it-IT\",\"potentialAction\":[{\"@type\":\"CommentAction\",\"name\":\"Comment\",\"target\":[\"https:\\\/\\\/archiviocassano.lavocedelpaese.info\\\/index.php\\\/2013\\\/08\\\/13\\\/la-via-barigena-dei-rifiuti-ovvero-chi-non-vuole-fare-la-differenziata-se-ne-vada-da-cassano\\\/#respond\"]}]},{\"@type\":\"WebPage\",\"@id\":\"https:\\\/\\\/archiviocassano.lavocedelpaese.info\\\/index.php\\\/2013\\\/08\\\/13\\\/la-via-barigena-dei-rifiuti-ovvero-chi-non-vuole-fare-la-differenziata-se-ne-vada-da-cassano\\\/\",\"url\":\"https:\\\/\\\/archiviocassano.lavocedelpaese.info\\\/index.php\\\/2013\\\/08\\\/13\\\/la-via-barigena-dei-rifiuti-ovvero-chi-non-vuole-fare-la-differenziata-se-ne-vada-da-cassano\\\/\",\"name\":\"LA VIA BARIgena DEI RIFIUTI - Archivio CassanoWeb\",\"isPartOf\":{\"@id\":\"https:\\\/\\\/archiviocassano.lavocedelpaese.info\\\/#website\"},\"primaryImageOfPage\":{\"@id\":\"https:\\\/\\\/archiviocassano.lavocedelpaese.info\\\/index.php\\\/2013\\\/08\\\/13\\\/la-via-barigena-dei-rifiuti-ovvero-chi-non-vuole-fare-la-differenziata-se-ne-vada-da-cassano\\\/#primaryimage\"},\"image\":{\"@id\":\"https:\\\/\\\/archiviocassano.lavocedelpaese.info\\\/index.php\\\/2013\\\/08\\\/13\\\/la-via-barigena-dei-rifiuti-ovvero-chi-non-vuole-fare-la-differenziata-se-ne-vada-da-cassano\\\/#primaryimage\"},\"thumbnailUrl\":\"https:\\\/\\\/archiviocassano.lavocedelpaese.info\\\/wp-content\\\/uploads\\\/2013\\\/08\\\/rifiuti_locorriere_1.jpg\",\"datePublished\":\"2013-08-13T15:59:43+00:00\",\"breadcrumb\":{\"@id\":\"https:\\\/\\\/archiviocassano.lavocedelpaese.info\\\/index.php\\\/2013\\\/08\\\/13\\\/la-via-barigena-dei-rifiuti-ovvero-chi-non-vuole-fare-la-differenziata-se-ne-vada-da-cassano\\\/#breadcrumb\"},\"inLanguage\":\"it-IT\",\"potentialAction\":[{\"@type\":\"ReadAction\",\"target\":[\"https:\\\/\\\/archiviocassano.lavocedelpaese.info\\\/index.php\\\/2013\\\/08\\\/13\\\/la-via-barigena-dei-rifiuti-ovvero-chi-non-vuole-fare-la-differenziata-se-ne-vada-da-cassano\\\/\"]}]},{\"@type\":\"ImageObject\",\"inLanguage\":\"it-IT\",\"@id\":\"https:\\\/\\\/archiviocassano.lavocedelpaese.info\\\/index.php\\\/2013\\\/08\\\/13\\\/la-via-barigena-dei-rifiuti-ovvero-chi-non-vuole-fare-la-differenziata-se-ne-vada-da-cassano\\\/#primaryimage\",\"url\":\"https:\\\/\\\/archiviocassano.lavocedelpaese.info\\\/wp-content\\\/uploads\\\/2013\\\/08\\\/rifiuti_locorriere_1.jpg\",\"contentUrl\":\"https:\\\/\\\/archiviocassano.lavocedelpaese.info\\\/wp-content\\\/uploads\\\/2013\\\/08\\\/rifiuti_locorriere_1.jpg\",\"width\":640,\"height\":300,\"caption\":\"rifiuti locorriere 1\"},{\"@type\":\"BreadcrumbList\",\"@id\":\"https:\\\/\\\/archiviocassano.lavocedelpaese.info\\\/index.php\\\/2013\\\/08\\\/13\\\/la-via-barigena-dei-rifiuti-ovvero-chi-non-vuole-fare-la-differenziata-se-ne-vada-da-cassano\\\/#breadcrumb\",\"itemListElement\":[{\"@type\":\"ListItem\",\"position\":1,\"name\":\"Home\",\"item\":\"https:\\\/\\\/archiviocassano.lavocedelpaese.info\\\/\"},{\"@type\":\"ListItem\",\"position\":2,\"name\":\"LA VIA BARIgena DEI RIFIUTI\"}]},{\"@type\":\"WebSite\",\"@id\":\"https:\\\/\\\/archiviocassano.lavocedelpaese.info\\\/#website\",\"url\":\"https:\\\/\\\/archiviocassano.lavocedelpaese.info\\\/\",\"name\":\"Archivio CassanoWeb\",\"description\":\"La Voce del Paese - un network di idee\",\"publisher\":{\"@id\":\"https:\\\/\\\/archiviocassano.lavocedelpaese.info\\\/#organization\"},\"potentialAction\":[{\"@type\":\"SearchAction\",\"target\":{\"@type\":\"EntryPoint\",\"urlTemplate\":\"https:\\\/\\\/archiviocassano.lavocedelpaese.info\\\/?s={search_term_string}\"},\"query-input\":{\"@type\":\"PropertyValueSpecification\",\"valueRequired\":true,\"valueName\":\"search_term_string\"}}],\"inLanguage\":\"it-IT\"},{\"@type\":\"Organization\",\"@id\":\"https:\\\/\\\/archiviocassano.lavocedelpaese.info\\\/#organization\",\"name\":\"Archivio CassanoWeb\",\"url\":\"https:\\\/\\\/archiviocassano.lavocedelpaese.info\\\/\",\"logo\":{\"@type\":\"ImageObject\",\"inLanguage\":\"it-IT\",\"@id\":\"https:\\\/\\\/archiviocassano.lavocedelpaese.info\\\/#\\\/schema\\\/logo\\\/image\\\/\",\"url\":\"https:\\\/\\\/archiviocassano.lavocedelpaese.info\\\/wp-content\\\/uploads\\\/2024\\\/08\\\/logo-rosso-2.png\",\"contentUrl\":\"https:\\\/\\\/archiviocassano.lavocedelpaese.info\\\/wp-content\\\/uploads\\\/2024\\\/08\\\/logo-rosso-2.png\",\"width\":491,\"height\":432,\"caption\":\"Archivio CassanoWeb\"},\"image\":{\"@id\":\"https:\\\/\\\/archiviocassano.lavocedelpaese.info\\\/#\\\/schema\\\/logo\\\/image\\\/\"},\"sameAs\":[\"https:\\\/\\\/www.facebook.com\\\/redazione.cassanoweb\"]},{\"@type\":\"Person\",\"@id\":\"https:\\\/\\\/archiviocassano.lavocedelpaese.info\\\/#\\\/schema\\\/person\\\/df195bc79a9b4c35127cf005f92e041b\",\"name\":\"admin\",\"image\":{\"@type\":\"ImageObject\",\"inLanguage\":\"it-IT\",\"@id\":\"https:\\\/\\\/secure.gravatar.com\\\/avatar\\\/eabba89a432e8eaa1b0207cc55f7e5340b22712b1ed80677efcf63e02ff5b235?s=96&d=mm&r=g\",\"url\":\"https:\\\/\\\/secure.gravatar.com\\\/avatar\\\/eabba89a432e8eaa1b0207cc55f7e5340b22712b1ed80677efcf63e02ff5b235?s=96&d=mm&r=g\",\"contentUrl\":\"https:\\\/\\\/secure.gravatar.com\\\/avatar\\\/eabba89a432e8eaa1b0207cc55f7e5340b22712b1ed80677efcf63e02ff5b235?s=96&d=mm&r=g\",\"caption\":\"admin\"},\"sameAs\":[\"https:\\\/\\\/archiviocassano.lavocedelpaese.info\"],\"url\":\"https:\\\/\\\/archiviocassano.lavocedelpaese.info\\\/index.php\\\/author\\\/admin_0qgz1xdp\\\/\"}]}<\/script>\n<!-- \/ Yoast SEO plugin. -->","yoast_head_json":{"title":"LA VIA BARIgena DEI RIFIUTI - Archivio CassanoWeb","robots":{"index":"index","follow":"follow","max-snippet":"max-snippet:-1","max-image-preview":"max-image-preview:large","max-video-preview":"max-video-preview:-1"},"canonical":"https:\/\/archiviocassano.lavocedelpaese.info\/index.php\/2013\/08\/13\/la-via-barigena-dei-rifiuti-ovvero-chi-non-vuole-fare-la-differenziata-se-ne-vada-da-cassano\/","og_locale":"it_IT","og_type":"article","og_title":"LA VIA BARIgena DEI RIFIUTI - Archivio CassanoWeb","og_url":"https:\/\/archiviocassano.lavocedelpaese.info\/index.php\/2013\/08\/13\/la-via-barigena-dei-rifiuti-ovvero-chi-non-vuole-fare-la-differenziata-se-ne-vada-da-cassano\/","og_site_name":"Archivio CassanoWeb","article_publisher":"https:\/\/www.facebook.com\/redazione.cassanoweb","article_published_time":"2013-08-13T15:59:43+00:00","og_image":[{"width":640,"height":300,"url":"https:\/\/archiviocassano.lavocedelpaese.info\/wp-content\/uploads\/2013\/08\/rifiuti_locorriere_1.jpg","type":"image\/jpeg"}],"author":"admin","twitter_card":"summary_large_image","twitter_misc":{"Scritto da":"admin","Tempo di lettura stimato":"3 minuti"},"schema":{"@context":"https:\/\/schema.org","@graph":[{"@type":"Article","@id":"https:\/\/archiviocassano.lavocedelpaese.info\/index.php\/2013\/08\/13\/la-via-barigena-dei-rifiuti-ovvero-chi-non-vuole-fare-la-differenziata-se-ne-vada-da-cassano\/#article","isPartOf":{"@id":"https:\/\/archiviocassano.lavocedelpaese.info\/index.php\/2013\/08\/13\/la-via-barigena-dei-rifiuti-ovvero-chi-non-vuole-fare-la-differenziata-se-ne-vada-da-cassano\/"},"author":{"name":"admin","@id":"https:\/\/archiviocassano.lavocedelpaese.info\/#\/schema\/person\/df195bc79a9b4c35127cf005f92e041b"},"headline":"LA VIA BARIgena DEI RIFIUTI","datePublished":"2013-08-13T15:59:43+00:00","mainEntityOfPage":{"@id":"https:\/\/archiviocassano.lavocedelpaese.info\/index.php\/2013\/08\/13\/la-via-barigena-dei-rifiuti-ovvero-chi-non-vuole-fare-la-differenziata-se-ne-vada-da-cassano\/"},"wordCount":551,"commentCount":0,"publisher":{"@id":"https:\/\/archiviocassano.lavocedelpaese.info\/#organization"},"image":{"@id":"https:\/\/archiviocassano.lavocedelpaese.info\/index.php\/2013\/08\/13\/la-via-barigena-dei-rifiuti-ovvero-chi-non-vuole-fare-la-differenziata-se-ne-vada-da-cassano\/#primaryimage"},"thumbnailUrl":"https:\/\/archiviocassano.lavocedelpaese.info\/wp-content\/uploads\/2013\/08\/rifiuti_locorriere_1.jpg","articleSection":["La voce del paese"],"inLanguage":"it-IT","potentialAction":[{"@type":"CommentAction","name":"Comment","target":["https:\/\/archiviocassano.lavocedelpaese.info\/index.php\/2013\/08\/13\/la-via-barigena-dei-rifiuti-ovvero-chi-non-vuole-fare-la-differenziata-se-ne-vada-da-cassano\/#respond"]}]},{"@type":"WebPage","@id":"https:\/\/archiviocassano.lavocedelpaese.info\/index.php\/2013\/08\/13\/la-via-barigena-dei-rifiuti-ovvero-chi-non-vuole-fare-la-differenziata-se-ne-vada-da-cassano\/","url":"https:\/\/archiviocassano.lavocedelpaese.info\/index.php\/2013\/08\/13\/la-via-barigena-dei-rifiuti-ovvero-chi-non-vuole-fare-la-differenziata-se-ne-vada-da-cassano\/","name":"LA VIA BARIgena DEI RIFIUTI - Archivio CassanoWeb","isPartOf":{"@id":"https:\/\/archiviocassano.lavocedelpaese.info\/#website"},"primaryImageOfPage":{"@id":"https:\/\/archiviocassano.lavocedelpaese.info\/index.php\/2013\/08\/13\/la-via-barigena-dei-rifiuti-ovvero-chi-non-vuole-fare-la-differenziata-se-ne-vada-da-cassano\/#primaryimage"},"image":{"@id":"https:\/\/archiviocassano.lavocedelpaese.info\/index.php\/2013\/08\/13\/la-via-barigena-dei-rifiuti-ovvero-chi-non-vuole-fare-la-differenziata-se-ne-vada-da-cassano\/#primaryimage"},"thumbnailUrl":"https:\/\/archiviocassano.lavocedelpaese.info\/wp-content\/uploads\/2013\/08\/rifiuti_locorriere_1.jpg","datePublished":"2013-08-13T15:59:43+00:00","breadcrumb":{"@id":"https:\/\/archiviocassano.lavocedelpaese.info\/index.php\/2013\/08\/13\/la-via-barigena-dei-rifiuti-ovvero-chi-non-vuole-fare-la-differenziata-se-ne-vada-da-cassano\/#breadcrumb"},"inLanguage":"it-IT","potentialAction":[{"@type":"ReadAction","target":["https:\/\/archiviocassano.lavocedelpaese.info\/index.php\/2013\/08\/13\/la-via-barigena-dei-rifiuti-ovvero-chi-non-vuole-fare-la-differenziata-se-ne-vada-da-cassano\/"]}]},{"@type":"ImageObject","inLanguage":"it-IT","@id":"https:\/\/archiviocassano.lavocedelpaese.info\/index.php\/2013\/08\/13\/la-via-barigena-dei-rifiuti-ovvero-chi-non-vuole-fare-la-differenziata-se-ne-vada-da-cassano\/#primaryimage","url":"https:\/\/archiviocassano.lavocedelpaese.info\/wp-content\/uploads\/2013\/08\/rifiuti_locorriere_1.jpg","contentUrl":"https:\/\/archiviocassano.lavocedelpaese.info\/wp-content\/uploads\/2013\/08\/rifiuti_locorriere_1.jpg","width":640,"height":300,"caption":"rifiuti locorriere 1"},{"@type":"BreadcrumbList","@id":"https:\/\/archiviocassano.lavocedelpaese.info\/index.php\/2013\/08\/13\/la-via-barigena-dei-rifiuti-ovvero-chi-non-vuole-fare-la-differenziata-se-ne-vada-da-cassano\/#breadcrumb","itemListElement":[{"@type":"ListItem","position":1,"name":"Home","item":"https:\/\/archiviocassano.lavocedelpaese.info\/"},{"@type":"ListItem","position":2,"name":"LA VIA BARIgena DEI RIFIUTI"}]},{"@type":"WebSite","@id":"https:\/\/archiviocassano.lavocedelpaese.info\/#website","url":"https:\/\/archiviocassano.lavocedelpaese.info\/","name":"Archivio CassanoWeb","description":"La Voce del Paese - un network di idee","publisher":{"@id":"https:\/\/archiviocassano.lavocedelpaese.info\/#organization"},"potentialAction":[{"@type":"SearchAction","target":{"@type":"EntryPoint","urlTemplate":"https:\/\/archiviocassano.lavocedelpaese.info\/?s={search_term_string}"},"query-input":{"@type":"PropertyValueSpecification","valueRequired":true,"valueName":"search_term_string"}}],"inLanguage":"it-IT"},{"@type":"Organization","@id":"https:\/\/archiviocassano.lavocedelpaese.info\/#organization","name":"Archivio CassanoWeb","url":"https:\/\/archiviocassano.lavocedelpaese.info\/","logo":{"@type":"ImageObject","inLanguage":"it-IT","@id":"https:\/\/archiviocassano.lavocedelpaese.info\/#\/schema\/logo\/image\/","url":"https:\/\/archiviocassano.lavocedelpaese.info\/wp-content\/uploads\/2024\/08\/logo-rosso-2.png","contentUrl":"https:\/\/archiviocassano.lavocedelpaese.info\/wp-content\/uploads\/2024\/08\/logo-rosso-2.png","width":491,"height":432,"caption":"Archivio CassanoWeb"},"image":{"@id":"https:\/\/archiviocassano.lavocedelpaese.info\/#\/schema\/logo\/image\/"},"sameAs":["https:\/\/www.facebook.com\/redazione.cassanoweb"]},{"@type":"Person","@id":"https:\/\/archiviocassano.lavocedelpaese.info\/#\/schema\/person\/df195bc79a9b4c35127cf005f92e041b","name":"admin","image":{"@type":"ImageObject","inLanguage":"it-IT","@id":"https:\/\/secure.gravatar.com\/avatar\/eabba89a432e8eaa1b0207cc55f7e5340b22712b1ed80677efcf63e02ff5b235?s=96&d=mm&r=g","url":"https:\/\/secure.gravatar.com\/avatar\/eabba89a432e8eaa1b0207cc55f7e5340b22712b1ed80677efcf63e02ff5b235?s=96&d=mm&r=g","contentUrl":"https:\/\/secure.gravatar.com\/avatar\/eabba89a432e8eaa1b0207cc55f7e5340b22712b1ed80677efcf63e02ff5b235?s=96&d=mm&r=g","caption":"admin"},"sameAs":["https:\/\/archiviocassano.lavocedelpaese.info"],"url":"https:\/\/archiviocassano.lavocedelpaese.info\/index.php\/author\/admin_0qgz1xdp\/"}]}},"_links":{"self":[{"href":"https:\/\/archiviocassano.lavocedelpaese.info\/index.php\/wp-json\/wp\/v2\/posts\/7988","targetHints":{"allow":["GET"]}}],"collection":[{"href":"https:\/\/archiviocassano.lavocedelpaese.info\/index.php\/wp-json\/wp\/v2\/posts"}],"about":[{"href":"https:\/\/archiviocassano.lavocedelpaese.info\/index.php\/wp-json\/wp\/v2\/types\/post"}],"author":[{"embeddable":true,"href":"https:\/\/archiviocassano.lavocedelpaese.info\/index.php\/wp-json\/wp\/v2\/users\/1"}],"replies":[{"embeddable":true,"href":"https:\/\/archiviocassano.lavocedelpaese.info\/index.php\/wp-json\/wp\/v2\/comments?post=7988"}],"version-history":[{"count":0,"href":"https:\/\/archiviocassano.lavocedelpaese.info\/index.php\/wp-json\/wp\/v2\/posts\/7988\/revisions"}],"wp:featuredmedia":[{"embeddable":true,"href":"https:\/\/archiviocassano.lavocedelpaese.info\/index.php\/wp-json\/wp\/v2\/media\/7983"}],"wp:attachment":[{"href":"https:\/\/archiviocassano.lavocedelpaese.info\/index.php\/wp-json\/wp\/v2\/media?parent=7988"}],"wp:term":[{"taxonomy":"category","embeddable":true,"href":"https:\/\/archiviocassano.lavocedelpaese.info\/index.php\/wp-json\/wp\/v2\/categories?post=7988"},{"taxonomy":"post_tag","embeddable":true,"href":"https:\/\/archiviocassano.lavocedelpaese.info\/index.php\/wp-json\/wp\/v2\/tags?post=7988"}],"curies":[{"name":"wp","href":"https:\/\/api.w.org\/{rel}","templated":true}]}}